{"id":1787189,"date":"2023-12-11T11:48:40","date_gmt":"2023-12-11T11:48:40","guid":{"rendered":"https:\/\/www.pressenza.com\/?p=1787189"},"modified":"2023-12-11T11:48:40","modified_gmt":"2023-12-11T11:48:40","slug":"en-defensa-de-todas-las-vidas","status":"publish","type":"post","link":"https:\/\/www.pressenza.com\/es\/2023\/12\/en-defensa-de-todas-las-vidas\/","title":{"rendered":"En defensa de todas las vidas"},"content":{"rendered":"<p>Habitantes y organizaciones sociales de R\u00edo Negro:<\/p>\n<p>Decimos NO fuerte a la aprobaci\u00f3n en tiempo r\u00e9cord del paquete de leyes impulsado por el actual gobierno de R\u00edo Negro.<\/p>\n<p>Declaramos que NO cuentan con licencia social para llevar adelante ning\u00fan proyecto, minero, hidroel\u00e9ctrico, inmobiliario, bajo el amparo de esta nueva ley que desconocemos, una ley que viola el art\u00edculo 75 de la constituci\u00f3n provincial.<\/p>\n<p>En la \u00faltima sesi\u00f3n de sus mandatos, los diputados de R\u00edo Negro aprobaron el paquete minero-extractivista y la Ley 712 que reemplaza a la hist\u00f3rica Ley de Tierras 279, que trataba en su texto el uso de la tierra por quien la trabaja. De esta forma se habilit\u00f3 la entrega de tierras fiscales (5.000.000 de has se desconoce con exactitud cuales) a inmobiliarias, megamineras, empresas energ\u00e9ticas y tecnol\u00f3gicas.<\/p>\n<p>La nueva ley desconoce la existencia de personas y comunidades habitando HOY esos territorios, y YA est\u00e1n sucediendo desalojos.<\/p>\n<p>Estas leyes tendr\u00e1n un impacto incompatible con la vida y la naturaleza en toda la regi\u00f3n.<\/p>\n<p>Adem\u00e1s, profundizan y \u00abblanquean\u00bb cosas que ya vienen ocurriendo: la extranjerizaci\u00f3n y la mercantilizaci\u00f3n de monta\u00f1as, bosques nativos, cuencas h\u00eddricas, acu\u00edferos, en superficie y debajo de ella.<\/p>\n<p>La megaminer\u00eda implica enfermedad y muerte para todas las formas de vida, por su uso descomunal de agua dulce e imposibilidad de tratamiento de sus desperdicios t\u00f3xicos, que terminan vertidos en r\u00edos y mares. Sin agua no hay producci\u00f3n de alimentos, no hay vida!!<\/p>\n<p>La falta de agua potable por escasez o contaminaci\u00f3n afectar\u00e1 al campo pero ser\u00e1 letal para pueblos y ciudades en un contexto de cambio clim\u00e1tico global.<\/p>\n<p>Desconocemos y decimos NO al acuerdo firmado por la gobernadora Arabela Carreras con la empresa Mekorot, (empresa denunciada por la ONU, por violaci\u00f3n a los derechos humanos) que compromete la vida de nuestras comunidades y la de generaciones futuras.<\/p>\n<p>Los \u00abemprendimientos\u00bb como el Fracking, los cultivos fumigados con agrot\u00f3xicos, los proyectos de producci\u00f3n de Hidr\u00f3geno Verde, Plantaciones de pino, megabasurales o represas hidroel\u00e9ctricas van en la misma l\u00ednea de saqueo territorial, desalojos, criminalizaci\u00f3n, represi\u00f3n, asesinatos y proliferaci\u00f3n de zonas de sacrificio. Tales acometidas a la vida que se enmarcan en el proyecto IIRSA, Infraestructura para la Integraci\u00f3n Regional Sud Americana<\/p>\n<p>Ni siquiera respetan su propio marco normativo al omitir la consulta libre, previa e informada a las comunidades originarias e incumplen adrede el relevamiento territorial que estipula la Ley 26160 para luego negar la existencia de las comunidades y pretender despojarles por segunda vez sus territorios.<\/p>\n<p>Reafirmamos una conclusi\u00f3n del Foro Trawn Aut\u00f3nomo celebrado en El Mait\u00e9n el 25 y 26\/11, \u00abhay una libertad que es inclaudicable, imprescriptible y que hay que defender: nuestra libertad de vivir de formas comunitarias y solidarias, en reciprocidad entre las personas y con la naturaleza. Esa libertad es la que nos compromete en la defensa de todas las vidas: el agua, la tierra, el aire\u00bb.<\/p>\n<p><strong>Hacemos un llamado<\/strong> a todas las personas que aman la vida a defender los Territorios, con todos los seres y fuerzas que contienen. A sumarse a las acciones que se realicen en sus comunidades.<\/p>\n<p>Informate, comunicalo.<\/p>\n<p>Llamamos a COORDINAR acciones locales, provinciales, nacionales y plurinacionales hasta lograr la derogaci\u00f3n de estas nefastas leyes como preludio a luchar por el Buen Vivir.<\/p>\n<p>Devuelvan la ley Anticianuro (N\u00b0 3981)<br \/>\nReconocimiento de la \u00faltima revisi\u00f3n de la ley de Bosques nativos por el consejo consultivo de Bosques.<\/p>\n<p><strong>Como en Mendoza, como en Chubut, NO PASAR\u00c1N!<\/strong><\/p>\n<p>Comarca de Pie &#8211; En Defensa del Agua, la Tierra y la Vida<\/p>\n<p>El Bols\u00f3n, Puel Mapu, lunes 11 de diciembre 2023<\/p>\n<hr \/>\n<p>#derogaci\u00f3nya \u00a0| #NoesNo | #NoPasar\u00e1n | #BastadeExtractivismo | #noala712RN | #noalnuevocodigomineroRN | #noalnuevoconcejoambientalmineroRN | #noqueremosregaliasRN | #aguaparaelpueblo | #aguaparalavida | #fueramekorot<\/p>\n","protected":false},"excerpt":{"rendered":"<p>Habitantes y organizaciones sociales de R\u00edo Negro: Decimos NO fuerte a la aprobaci\u00f3n en tiempo r\u00e9cord del paquete de leyes impulsado por el actual gobierno de R\u00edo Negro. Declaramos que NO cuentan con licencia social para llevar adelante ning\u00fan proyecto,&hellip;<\/p>\n","protected":false},"author":1254,"featured_media":1787190,"comment_status":"closed","ping_status":"closed","sticky":false,"template":"","format":"standard","meta":{"footnotes":""},"categories":[149,79,78,74,67],"tags":[26,1544,83882,18759,111305,30128],"class_list":["post-1787189","post","type-post","status-publish","format-standard","has-post-thumbnail","hentry","category-comunicados-de-prensa","category-derechos-humanos","category-medio-ambiente-ecologia","category-politica-es","category-sudamerica","tag-argentina","tag-extractivismo","tag-inconstitucional","tag-industrias-extractivas","tag-mekorot-es","tag-rio-negro"],"yoast_head":"<!-- This site is optimized with the Yoast SEO plugin v27.1.1 - https:\/\/yoast.com\/product\/yoast-seo-wordpress\/ -->\n<title>En defensa de todas las vidas<\/title>\n<meta name=\"description\" content=\"Habitantes y organizaciones sociales de R\u00edo Negro: Decimos NO fuerte a la aprobaci\u00f3n en tiempo r\u00e9cord del paquete de leyes impulsado por el actual\" \/>\n<meta name=\"robots\" content=\"index, follow, max-snippet:-1, max-image-preview:large, max-video-preview:-1\" \/>\n<link rel=\"canonical\" href=\"https:\/\/www.pressenza.com\/es\/2023\/12\/en-defensa-de-todas-las-vidas\/\" \/>\n<meta property=\"og:locale\" content=\"es_ES\" \/>\n<meta property=\"og:type\" content=\"article\" \/>\n<meta property=\"og:title\" content=\"En defensa de todas las vidas\" \/>\n<meta property=\"og:description\" content=\"Habitantes y organizaciones sociales de R\u00edo Negro: Decimos NO fuerte a la aprobaci\u00f3n en tiempo r\u00e9cord del paquete de leyes impulsado por el actual\" \/>\n<meta property=\"og:url\" content=\"https:\/\/www.pressenza.com\/es\/2023\/12\/en-defensa-de-todas-las-vidas\/\" \/>\n<meta property=\"og:site_name\" content=\"Pressenza\" \/>\n<meta property=\"article:publisher\" content=\"https:\/\/www.facebook.com\/PressenzaItalia\" \/>\n<meta property=\"article:author\" content=\"https:\/\/www.facebook.com\/pressenza\" \/>\n<meta property=\"article:published_time\" content=\"2023-12-11T11:48:40+00:00\" \/>\n<meta property=\"og:image\" content=\"https:\/\/www.pressenza.com\/wp-content\/uploads\/2023\/12\/comarca-andina.jpg\" \/>\n\t<meta property=\"og:image:width\" content=\"1024\" \/>\n\t<meta property=\"og:image:height\" content=\"577\" \/>\n\t<meta property=\"og:image:type\" content=\"image\/jpeg\" \/>\n<meta name=\"author\" content=\"Redacci\u00f3n Mar del Plata\" \/>\n<meta name=\"twitter:card\" content=\"summary_large_image\" \/>\n<meta name=\"twitter:creator\" content=\"@Pressenza\" \/>\n<meta name=\"twitter:site\" content=\"@PressenzaIPA\" \/>\n<meta name=\"twitter:label1\" content=\"Escrito por\" \/>\n\t<meta name=\"twitter:data1\" content=\"Redacci\u00f3n Mar del Plata\" \/>\n\t<meta name=\"twitter:label2\" content=\"Tiempo de lectura\" \/>\n\t<meta name=\"twitter:data2\" content=\"3 minutos\" \/>\n<script type=\"application\/ld+json\" class=\"yoast-schema-graph\">{\"@context\":\"https:\/\/schema.org\",\"@graph\":[{\"@type\":\"Article\",\"@id\":\"https:\/\/www.pressenza.com\/es\/2023\/12\/en-defensa-de-todas-las-vidas\/#article\",\"isPartOf\":{\"@id\":\"https:\/\/www.pressenza.com\/es\/2023\/12\/en-defensa-de-todas-las-vidas\/\"},\"author\":{\"name\":\"Redacci\u00f3n Mar del Plata\",\"@id\":\"https:\/\/www.pressenza.com\/es\/#\/schema\/person\/738658b5125ecea661a8a0b96dba8b69\"},\"headline\":\"En defensa de todas las vidas\",\"datePublished\":\"2023-12-11T11:48:40+00:00\",\"mainEntityOfPage\":{\"@id\":\"https:\/\/www.pressenza.com\/es\/2023\/12\/en-defensa-de-todas-las-vidas\/\"},\"wordCount\":643,\"publisher\":{\"@id\":\"https:\/\/www.pressenza.com\/es\/#organization\"},\"image\":{\"@id\":\"https:\/\/www.pressenza.com\/es\/2023\/12\/en-defensa-de-todas-las-vidas\/#primaryimage\"},\"thumbnailUrl\":\"https:\/\/www.pressenza.com\/wp-content\/uploads\/2023\/12\/comarca-andina.jpg\",\"keywords\":[\"Argentina\",\"extractivismo\",\"Inconstitucional\",\"industrias extractivas\",\"Mekorot\",\"R\u00edo Negro\"],\"articleSection\":[\"Comunicados de Prensa\",\"Derechos Humanos\",\"Ecolog\u00eda y Medio Ambiente\",\"Pol\u00edtica\",\"Sudam\u00e9rica\"],\"inLanguage\":\"es\"},{\"@type\":\"WebPage\",\"@id\":\"https:\/\/www.pressenza.com\/es\/2023\/12\/en-defensa-de-todas-las-vidas\/\",\"url\":\"https:\/\/www.pressenza.com\/es\/2023\/12\/en-defensa-de-todas-las-vidas\/\",\"name\":\"En defensa de todas las vidas\",\"isPartOf\":{\"@id\":\"https:\/\/www.pressenza.com\/es\/#website\"},\"primaryImageOfPage\":{\"@id\":\"https:\/\/www.pressenza.com\/es\/2023\/12\/en-defensa-de-todas-las-vidas\/#primaryimage\"},\"image\":{\"@id\":\"https:\/\/www.pressenza.com\/es\/2023\/12\/en-defensa-de-todas-las-vidas\/#primaryimage\"},\"thumbnailUrl\":\"https:\/\/www.pressenza.com\/wp-content\/uploads\/2023\/12\/comarca-andina.jpg\",\"datePublished\":\"2023-12-11T11:48:40+00:00\",\"description\":\"Habitantes y organizaciones sociales de R\u00edo Negro: Decimos NO fuerte a la aprobaci\u00f3n en tiempo r\u00e9cord del paquete de leyes impulsado por el actual\",\"breadcrumb\":{\"@id\":\"https:\/\/www.pressenza.com\/es\/2023\/12\/en-defensa-de-todas-las-vidas\/#breadcrumb\"},\"inLanguage\":\"es\",\"potentialAction\":[{\"@type\":\"ReadAction\",\"target\":[\"https:\/\/www.pressenza.com\/es\/2023\/12\/en-defensa-de-todas-las-vidas\/\"]}]},{\"@type\":\"ImageObject\",\"inLanguage\":\"es\",\"@id\":\"https:\/\/www.pressenza.com\/es\/2023\/12\/en-defensa-de-todas-las-vidas\/#primaryimage\",\"url\":\"https:\/\/www.pressenza.com\/wp-content\/uploads\/2023\/12\/comarca-andina.jpg\",\"contentUrl\":\"https:\/\/www.pressenza.com\/wp-content\/uploads\/2023\/12\/comarca-andina.jpg\",\"width\":1024,\"height\":577},{\"@type\":\"BreadcrumbList\",\"@id\":\"https:\/\/www.pressenza.com\/es\/2023\/12\/en-defensa-de-todas-las-vidas\/#breadcrumb\",\"itemListElement\":[{\"@type\":\"ListItem\",\"position\":1,\"name\":\"Accueil\",\"item\":\"https:\/\/www.pressenza.com\/es\/\"},{\"@type\":\"ListItem\",\"position\":2,\"name\":\"En defensa de todas las vidas\"}]},{\"@type\":\"WebSite\",\"@id\":\"https:\/\/www.pressenza.com\/es\/#website\",\"url\":\"https:\/\/www.pressenza.com\/es\/\",\"name\":\"Pressenza\",\"description\":\"International Press Agency\",\"publisher\":{\"@id\":\"https:\/\/www.pressenza.com\/es\/#organization\"},\"potentialAction\":[{\"@type\":\"SearchAction\",\"target\":{\"@type\":\"EntryPoint\",\"urlTemplate\":\"https:\/\/www.pressenza.com\/es\/?s={search_term_string}\"},\"query-input\":{\"@type\":\"PropertyValueSpecification\",\"valueRequired\":true,\"valueName\":\"search_term_string\"}}],\"inLanguage\":\"es\"},{\"@type\":\"Organization\",\"@id\":\"https:\/\/www.pressenza.com\/es\/#organization\",\"name\":\"Pressenza\",\"url\":\"https:\/\/www.pressenza.com\/es\/\",\"logo\":{\"@type\":\"ImageObject\",\"inLanguage\":\"es\",\"@id\":\"https:\/\/www.pressenza.com\/es\/#\/schema\/logo\/image\/\",\"url\":\"https:\/\/www.pressenza.com\/wp-content\/uploads\/2022\/10\/pressenza_logo_200x200.jpg\",\"contentUrl\":\"https:\/\/www.pressenza.com\/wp-content\/uploads\/2022\/10\/pressenza_logo_200x200.jpg\",\"width\":200,\"height\":200,\"caption\":\"Pressenza\"},\"image\":{\"@id\":\"https:\/\/www.pressenza.com\/es\/#\/schema\/logo\/image\/\"},\"sameAs\":[\"https:\/\/www.facebook.com\/PressenzaItalia\",\"https:\/\/x.com\/PressenzaIPA\"]},{\"@type\":\"Person\",\"@id\":\"https:\/\/www.pressenza.com\/es\/#\/schema\/person\/738658b5125ecea661a8a0b96dba8b69\",\"name\":\"Redacci\u00f3n Mar del Plata\",\"description\":\"News published by the Pressenza bureau in Mar Del Plata, Argentina\",\"sameAs\":[\"https:\/\/www.facebook.com\/pressenza\",\"https:\/\/x.com\/Pressenza\"],\"url\":\"https:\/\/www.pressenza.com\/es\/author\/redaccion-mar-del-plata\/\"}]}<\/script>\n<!-- \/ Yoast SEO plugin. -->","yoast_head_json":{"title":"En defensa de todas las vidas","description":"Habitantes y organizaciones sociales de R\u00edo Negro: Decimos NO fuerte a la aprobaci\u00f3n en tiempo r\u00e9cord del paquete de leyes impulsado por el actual","robots":{"index":"index","follow":"follow","max-snippet":"max-snippet:-1","max-image-preview":"max-image-preview:large","max-video-preview":"max-video-preview:-1"},"canonical":"https:\/\/www.pressenza.com\/es\/2023\/12\/en-defensa-de-todas-las-vidas\/","og_locale":"es_ES","og_type":"article","og_title":"En defensa de todas las vidas","og_description":"Habitantes y organizaciones sociales de R\u00edo Negro: Decimos NO fuerte a la aprobaci\u00f3n en tiempo r\u00e9cord del paquete de leyes impulsado por el actual","og_url":"https:\/\/www.pressenza.com\/es\/2023\/12\/en-defensa-de-todas-las-vidas\/","og_site_name":"Pressenza","article_publisher":"https:\/\/www.facebook.com\/PressenzaItalia","article_author":"https:\/\/www.facebook.com\/pressenza","article_published_time":"2023-12-11T11:48:40+00:00","og_image":[{"width":1024,"height":577,"url":"https:\/\/www.pressenza.com\/wp-content\/uploads\/2023\/12\/comarca-andina.jpg","type":"image\/jpeg"}],"author":"Redacci\u00f3n Mar del Plata","twitter_card":"summary_large_image","twitter_creator":"@Pressenza","twitter_site":"@PressenzaIPA","twitter_misc":{"Escrito por":"Redacci\u00f3n Mar del Plata","Tiempo de lectura":"3 minutos"},"schema":{"@context":"https:\/\/schema.org","@graph":[{"@type":"Article","@id":"https:\/\/www.pressenza.com\/es\/2023\/12\/en-defensa-de-todas-las-vidas\/#article","isPartOf":{"@id":"https:\/\/www.pressenza.com\/es\/2023\/12\/en-defensa-de-todas-las-vidas\/"},"author":{"name":"Redacci\u00f3n Mar del Plata","@id":"https:\/\/www.pressenza.com\/es\/#\/schema\/person\/738658b5125ecea661a8a0b96dba8b69"},"headline":"En defensa de todas las vidas","datePublished":"2023-12-11T11:48:40+00:00","mainEntityOfPage":{"@id":"https:\/\/www.pressenza.com\/es\/2023\/12\/en-defensa-de-todas-las-vidas\/"},"wordCount":643,"publisher":{"@id":"https:\/\/www.pressenza.com\/es\/#organization"},"image":{"@id":"https:\/\/www.pressenza.com\/es\/2023\/12\/en-defensa-de-todas-las-vidas\/#primaryimage"},"thumbnailUrl":"https:\/\/www.pressenza.com\/wp-content\/uploads\/2023\/12\/comarca-andina.jpg","keywords":["Argentina","extractivismo","Inconstitucional","industrias extractivas","Mekorot","R\u00edo Negro"],"articleSection":["Comunicados de Prensa","Derechos Humanos","Ecolog\u00eda y Medio Ambiente","Pol\u00edtica","Sudam\u00e9rica"],"inLanguage":"es"},{"@type":"WebPage","@id":"https:\/\/www.pressenza.com\/es\/2023\/12\/en-defensa-de-todas-las-vidas\/","url":"https:\/\/www.pressenza.com\/es\/2023\/12\/en-defensa-de-todas-las-vidas\/","name":"En defensa de todas las vidas","isPartOf":{"@id":"https:\/\/www.pressenza.com\/es\/#website"},"primaryImageOfPage":{"@id":"https:\/\/www.pressenza.com\/es\/2023\/12\/en-defensa-de-todas-las-vidas\/#primaryimage"},"image":{"@id":"https:\/\/www.pressenza.com\/es\/2023\/12\/en-defensa-de-todas-las-vidas\/#primaryimage"},"thumbnailUrl":"https:\/\/www.pressenza.com\/wp-content\/uploads\/2023\/12\/comarca-andina.jpg","datePublished":"2023-12-11T11:48:40+00:00","description":"Habitantes y organizaciones sociales de R\u00edo Negro: Decimos NO fuerte a la aprobaci\u00f3n en tiempo r\u00e9cord del paquete de leyes impulsado por el actual","breadcrumb":{"@id":"https:\/\/www.pressenza.com\/es\/2023\/12\/en-defensa-de-todas-las-vidas\/#breadcrumb"},"inLanguage":"es","potentialAction":[{"@type":"ReadAction","target":["https:\/\/www.pressenza.com\/es\/2023\/12\/en-defensa-de-todas-las-vidas\/"]}]},{"@type":"ImageObject","inLanguage":"es","@id":"https:\/\/www.pressenza.com\/es\/2023\/12\/en-defensa-de-todas-las-vidas\/#primaryimage","url":"https:\/\/www.pressenza.com\/wp-content\/uploads\/2023\/12\/comarca-andina.jpg","contentUrl":"https:\/\/www.pressenza.com\/wp-content\/uploads\/2023\/12\/comarca-andina.jpg","width":1024,"height":577},{"@type":"BreadcrumbList","@id":"https:\/\/www.pressenza.com\/es\/2023\/12\/en-defensa-de-todas-las-vidas\/#breadcrumb","itemListElement":[{"@type":"ListItem","position":1,"name":"Accueil","item":"https:\/\/www.pressenza.com\/es\/"},{"@type":"ListItem","position":2,"name":"En defensa de todas las vidas"}]},{"@type":"WebSite","@id":"https:\/\/www.pressenza.com\/es\/#website","url":"https:\/\/www.pressenza.com\/es\/","name":"Pressenza","description":"International Press Agency","publisher":{"@id":"https:\/\/www.pressenza.com\/es\/#organization"},"potentialAction":[{"@type":"SearchAction","target":{"@type":"EntryPoint","urlTemplate":"https:\/\/www.pressenza.com\/es\/?s={search_term_string}"},"query-input":{"@type":"PropertyValueSpecification","valueRequired":true,"valueName":"search_term_string"}}],"inLanguage":"es"},{"@type":"Organization","@id":"https:\/\/www.pressenza.com\/es\/#organization","name":"Pressenza","url":"https:\/\/www.pressenza.com\/es\/","logo":{"@type":"ImageObject","inLanguage":"es","@id":"https:\/\/www.pressenza.com\/es\/#\/schema\/logo\/image\/","url":"https:\/\/www.pressenza.com\/wp-content\/uploads\/2022\/10\/pressenza_logo_200x200.jpg","contentUrl":"https:\/\/www.pressenza.com\/wp-content\/uploads\/2022\/10\/pressenza_logo_200x200.jpg","width":200,"height":200,"caption":"Pressenza"},"image":{"@id":"https:\/\/www.pressenza.com\/es\/#\/schema\/logo\/image\/"},"sameAs":["https:\/\/www.facebook.com\/PressenzaItalia","https:\/\/x.com\/PressenzaIPA"]},{"@type":"Person","@id":"https:\/\/www.pressenza.com\/es\/#\/schema\/person\/738658b5125ecea661a8a0b96dba8b69","name":"Redacci\u00f3n Mar del Plata","description":"News published by the Pressenza bureau in Mar Del Plata, Argentina","sameAs":["https:\/\/www.facebook.com\/pressenza","https:\/\/x.com\/Pressenza"],"url":"https:\/\/www.pressenza.com\/es\/author\/redaccion-mar-del-plata\/"}]}},"place":"Argentina","original_article_url":"","_links":{"self":[{"href":"https:\/\/www.pressenza.com\/es\/wp-json\/wp\/v2\/posts\/1787189","targetHints":{"allow":["GET"]}}],"collection":[{"href":"https:\/\/www.pressenza.com\/es\/wp-json\/wp\/v2\/posts"}],"about":[{"href":"https:\/\/www.pressenza.com\/es\/wp-json\/wp\/v2\/types\/post"}],"author":[{"embeddable":true,"href":"https:\/\/www.pressenza.com\/es\/wp-json\/wp\/v2\/users\/1254"}],"replies":[{"embeddable":true,"href":"https:\/\/www.pressenza.com\/es\/wp-json\/wp\/v2\/comments?post=1787189"}],"version-history":[{"count":0,"href":"https:\/\/www.pressenza.com\/es\/wp-json\/wp\/v2\/posts\/1787189\/revisions"}],"wp:featuredmedia":[{"embeddable":true,"href":"https:\/\/www.pressenza.com\/es\/wp-json\/wp\/v2\/media\/1787190"}],"wp:attachment":[{"href":"https:\/\/www.pressenza.com\/es\/wp-json\/wp\/v2\/media?parent=1787189"}],"wp:term":[{"taxonomy":"category","embeddable":true,"href":"https:\/\/www.pressenza.com\/es\/wp-json\/wp\/v2\/categories?post=1787189"},{"taxonomy":"post_tag","embeddable":true,"href":"https:\/\/www.pressenza.com\/es\/wp-json\/wp\/v2\/tags?post=1787189"}],"curies":[{"name":"wp","href":"https:\/\/api.w.org\/{rel}","templated":true}]}}