{"id":1785927,"date":"2023-12-05T13:44:20","date_gmt":"2023-12-05T13:44:20","guid":{"rendered":"https:\/\/www.pressenza.com\/?p=1785927"},"modified":"2023-12-05T13:44:20","modified_gmt":"2023-12-05T13:44:20","slug":"discapacidad-un-mundo-por-adaptarse-y-no-al-reves","status":"publish","type":"post","link":"https:\/\/www.pressenza.com\/es\/2023\/12\/discapacidad-un-mundo-por-adaptarse-y-no-al-reves\/","title":{"rendered":"Discapacidad, un mundo por adaptarse y no al rev\u00e9s"},"content":{"rendered":"<p><strong>03 de Diciembre d\u00eda internacional de la Discapacidad<\/strong><br \/>\nLas Naciones Unidas en 1992 declararon el d\u00eda 03 de Diciembre como el d\u00eda internacional de la Discapacidad. El objetivo es promover los derechos y el bienestar de las personas con discapacidades en todos los \u00e1mbitos de la sociedad y el desarrollo, as\u00ed como concienciar sobre su situaci\u00f3n en todos los aspectos de la vida pol\u00edtica, social, econ\u00f3mica y cultural.<br \/>\nEn Chile la c\u00e1mara de diputadas y diputados, tras el advenimiento de la democracia y conforme a la evoluci\u00f3n del derecho internacional, en 1994 se aprob\u00f3 por el Congreso Nacional, la Ley N\u00b019.284, que regul\u00f3 por primera vez en nuestro pa\u00eds los derechos de las personas con discapacidad con un enfoque intersectorial.<br \/>\nSeg\u00fan datos de la ONU se estima que alrededor de 1.000 millones de personas viven en el mundo con discapacidad y un gran porcentaje de ellas vive en los pa\u00edses en v\u00edas de desarrollo.<\/p>\n<p><strong>Cifras de la discapacidad en Chile<\/strong><br \/>\nEl reciente estudio del Servicio Nacional de la Discapacidad (SENADIS) arroj\u00f3 cifras muy decidoras respecto de la discapacidad en Chile, alrededor de 2.703.893 un 17,6 % personas adultas (+18 a\u00f1os) viven con alg\u00fan nivel de discapacidad y alrededor de 587.000 mil ni\u00f1os, ni\u00f1as y adolescentes se suman al anterior siendo un total de 14,7 % de la poblaci\u00f3n infantojuvenil.<br \/>\nEl mismo estudio dio las siguientes cifras respecto de la discapacidad, el 21,9 % son de sexo femenino y el 13,1 % hombres, en la poblaci\u00f3n adulta. Las cifras de discriminaci\u00f3n son aberrantes, los a\u00f1os de escolaridad de una persona en situaci\u00f3n de discapacidad son de 10 a\u00f1os en promedio y en el tema de la inclusi\u00f3n laboral la brecha es a\u00fan mayor.<br \/>\nOtro factor que est\u00e1 influyendo el gran aumento de las personas con discapacidad, es el envejecimiento de la poblaci\u00f3n y, un estado que no actualiza las pol\u00edticas p\u00fablicas dirigidas hacia las personas en situaci\u00f3n de discapacidad; ni menos, permitir la plena participaci\u00f3n de estas en el desarrollo y elaboraci\u00f3n de dichas pol\u00edticas.<\/p>\n<p><strong>La l\u00f3gica asistencialista en nuestro pa\u00eds<\/strong><br \/>\nEn una reciente publicaci\u00f3n en el portal web de la Universidad de OHiggins (UOH), Juan Andr\u00e9s Pino, acad\u00e9mico del Instituto de Ciencias de la Salud de esta Universidad, se\u00f1ala que en Chile, se \u201cperpet\u00faa una l\u00f3gica asistencialista, basada en un modelo m\u00e9dico, que entiende que los requerimientos de las personas con discapacidad est\u00e1n netamente en la esfera de la salud y la rehabilitaci\u00f3n\u201d. Y agrega que, a esto se suma que \u201cse mantiene con mucha vehemencia y con mucha difusi\u00f3n la campa\u00f1a caritativa de la Telet\u00f3n, que hace que las representaciones sociales sobre la discapacidad se difuminen, en tanto, las personas con discapacidad son sujetos de derechos\u201d.<br \/>\nPara el acad\u00e9mico, el Estado se suma a esta mirada asistencialista y ha traspasado, a trav\u00e9s de los diferentes gobiernos, la decisi\u00f3n de seguir poniendo atenci\u00f3n, apoyo y visibilidad a la campa\u00f1a de la Telet\u00f3n, m\u00e1s que al propio desarrollo de las pol\u00edticas p\u00fablicas que debe dictaminar el Estado.<br \/>\nEsto lo podemos constatar cuando el Estado, a trav\u00e9s del Presidente de la Rep\u00fablica, se compromete con donaciones a institutos a trav\u00e9s de la campa\u00f1a Telet\u00f3n, televisada, en desmedro de potenciar su propio organismo, el Servicio Nacional de la Discapacidad, o los centros estatales de rehabilitaci\u00f3n que se est\u00e1n instalando en nuestro pa\u00eds\u201d.<\/p>\n<p><strong>La institucionalidad estatal chilena<\/strong><br \/>\nEl Servicio Nacional de la Discapacidad, SENADIS, fue creado por mandato de la Ley N\u00b0 20.422 (<a href=\"https:\/\/www.bcn.cl\/leychile\/navegar?idLey=20422\">https:\/\/www.bcn.cl\/leychile\/navegar?idLey=20422<\/a>) que establece normas sobre Igualdad de Oportunidades e Inclusi\u00f3n Social de Personas con Discapacidad.<\/p>\n<p>En su portal Web, SENADIS define como inclusi\u00f3n \u201cpromover el bienestar f\u00edsico, espiritual y social de las personas con discapacidad a trav\u00e9s de su participaci\u00f3n en actividades culturales, deportivas y recreativas tanto p\u00fablicas como privadas\u201d.<br \/>\nEste servicio p\u00fablico ha visto mermada su gesti\u00f3n, debido a impedimentos como la p\u00e9sima capacidad fiscalizadora, y presupuestos insuficientes para impulsar pol\u00edticas p\u00fablicas en beneficio de las y los discapacitados. Sumado a lo descrito, la casi nula participaci\u00f3n de la ciudadan\u00eda en el desarrollo y elaboraci\u00f3n de pol\u00edticas p\u00fablicas, desde las diferentes regiones y sus realidades.<br \/>\nDesde los organismos internacionales, y a partir de la Convenci\u00f3n de los Derechos de las Personas con Discapacidad, (<a href=\"https:\/\/www.un.org\/esa\/socdev\/enable\/documents\/tccconvs.pdf\">https:\/\/www.un.org\/esa\/socdev\/enable\/documents\/tccconvs.pdf<\/a>) se ha impulsado una fuerte campa\u00f1a, para que los Estados actualicen su legislaciones al respecto, ratificando el texto de esta convenci\u00f3n.<br \/>\nPero, m\u00e1s all\u00e1 de las legislaciones, que aseguran y son el soporte legal para la defensa y promoci\u00f3n de los derechos de las personas con discapacidad, lo que se necesita, es un cambio cultural que promueva que nuestra sociedad, deje de actuar desde la mirada asistencialista y cl\u00ednica (ayuda a la Telet\u00f3n \/ rehabilitaci\u00f3n) que hoy tiene, y nos mire, desde ahora hacia el futuro, como SUJETOS DE DERECHOS que somos, superando un Estado y sociedad que viene invisibiliz\u00e1ndonos.<\/p>\n<p><strong>Los objetivos de la organizaci\u00f3n de personas en situaci\u00f3n de discapacidad<\/strong><br \/>\nNecesitamos participar de la elaboraci\u00f3n, desarrollo e implementaci\u00f3n de las pol\u00edticas p\u00fablicas que nos beneficien verdaderamente, por ejemplo, cuotas en las listas y cargos de representaci\u00f3n popular; que se cumpla, mejore y aumente la escu\u00e1lida tasa del 1% obligatorio de personas con discapacidad en una empresa de 100 trabajadores, modificando las deplorables pr\u00e1cticas actuales, en donde las empresas y organismos, han preferido pagar las multas a dar trabajo a una persona en situaci\u00f3n de discapacidad.<br \/>\nNecesitamos estar presentes, como sujetos de derechos, en todos los \u00e1mbitos de la sociedad civil organizada y romper con esa invisibilizaci\u00f3n en la que nos quieren seguir manteniendo.<br \/>\nNi m\u00e1s que t\u00fa, ni menos que t\u00fa, igual que t\u00fa, en derechos, oportunidades y deberes.<\/p>\n<p>&nbsp;<\/p>\n<p>Redacci\u00f3n colaborativa de Ricardo Lisboa Henr\u00edquez y C\u00e9sar Anguita Sanhueza. Opini\u00f3n P\u00fablica de Coordinadora de discapacidad<\/p>\n","protected":false},"excerpt":{"rendered":"<p>03 de Diciembre d\u00eda internacional de la Discapacidad Las Naciones Unidas en 1992 declararon el d\u00eda 03 de Diciembre como el d\u00eda internacional de la Discapacidad. El objetivo es promover los derechos y el bienestar de las personas con discapacidades&hellip;<\/p>\n","protected":false},"author":386,"featured_media":1785929,"comment_status":"closed","ping_status":"closed","sticky":false,"template":"","format":"standard","meta":{"footnotes":""},"categories":[149,11389,1241,67],"tags":[16121],"class_list":["post-1785927","post","type-post","status-publish","format-standard","has-post-thumbnail","hentry","category-comunicados-de-prensa","category-contenido-original","category-diversidad","category-sudamerica","tag-discapacidad"],"yoast_head":"<!-- This site is optimized with the Yoast SEO plugin v27.1.1 - https:\/\/yoast.com\/product\/yoast-seo-wordpress\/ -->\n<title>Discapacidad, un mundo por adaptarse y no al rev\u00e9s<\/title>\n<meta name=\"description\" content=\"03 de Diciembre d\u00eda internacional de la Discapacidad Las Naciones Unidas en 1992 declararon el d\u00eda 03 de Diciembre como el d\u00eda internacional de la\" \/>\n<meta name=\"robots\" content=\"index, follow, max-snippet:-1, max-image-preview:large, max-video-preview:-1\" \/>\n<link rel=\"canonical\" href=\"https:\/\/www.pressenza.com\/es\/2023\/12\/discapacidad-un-mundo-por-adaptarse-y-no-al-reves\/\" \/>\n<meta property=\"og:locale\" content=\"es_ES\" \/>\n<meta property=\"og:type\" content=\"article\" \/>\n<meta property=\"og:title\" content=\"Discapacidad, un mundo por adaptarse y no al rev\u00e9s\" \/>\n<meta property=\"og:description\" content=\"03 de Diciembre d\u00eda internacional de la Discapacidad Las Naciones Unidas en 1992 declararon el d\u00eda 03 de Diciembre como el d\u00eda internacional de la\" \/>\n<meta property=\"og:url\" content=\"https:\/\/www.pressenza.com\/es\/2023\/12\/discapacidad-un-mundo-por-adaptarse-y-no-al-reves\/\" \/>\n<meta property=\"og:site_name\" content=\"Pressenza\" \/>\n<meta property=\"article:publisher\" content=\"https:\/\/www.facebook.com\/PressenzaItalia\" \/>\n<meta property=\"article:author\" content=\"https:\/\/www.facebook.com\/PartidoHumanistaChile?fref=ts\" \/>\n<meta property=\"article:published_time\" content=\"2023-12-05T13:44:20+00:00\" \/>\n<meta property=\"og:image\" content=\"https:\/\/www.pressenza.com\/wp-content\/uploads\/2023\/12\/nimas.png\" \/>\n\t<meta property=\"og:image:width\" content=\"2000\" \/>\n\t<meta property=\"og:image:height\" content=\"1545\" \/>\n\t<meta property=\"og:image:type\" content=\"image\/png\" \/>\n<meta name=\"author\" content=\"Partido Humanista de Chile\" \/>\n<meta name=\"twitter:card\" content=\"summary_large_image\" \/>\n<meta name=\"twitter:creator\" content=\"@phumanista\" \/>\n<meta name=\"twitter:site\" content=\"@PressenzaIPA\" \/>\n<meta name=\"twitter:label1\" content=\"Escrito por\" \/>\n\t<meta name=\"twitter:data1\" content=\"Partido Humanista de Chile\" \/>\n\t<meta name=\"twitter:label2\" content=\"Tiempo de lectura\" \/>\n\t<meta name=\"twitter:data2\" content=\"5 minutos\" \/>\n<script type=\"application\/ld+json\" class=\"yoast-schema-graph\">{\"@context\":\"https:\/\/schema.org\",\"@graph\":[{\"@type\":\"Article\",\"@id\":\"https:\/\/www.pressenza.com\/es\/2023\/12\/discapacidad-un-mundo-por-adaptarse-y-no-al-reves\/#article\",\"isPartOf\":{\"@id\":\"https:\/\/www.pressenza.com\/es\/2023\/12\/discapacidad-un-mundo-por-adaptarse-y-no-al-reves\/\"},\"author\":{\"name\":\"Partido Humanista de Chile\",\"@id\":\"https:\/\/www.pressenza.com\/es\/#\/schema\/person\/21472c42980bab786ff5a256b8239bf5\"},\"headline\":\"Discapacidad, un mundo por adaptarse y no al rev\u00e9s\",\"datePublished\":\"2023-12-05T13:44:20+00:00\",\"mainEntityOfPage\":{\"@id\":\"https:\/\/www.pressenza.com\/es\/2023\/12\/discapacidad-un-mundo-por-adaptarse-y-no-al-reves\/\"},\"wordCount\":1049,\"publisher\":{\"@id\":\"https:\/\/www.pressenza.com\/es\/#organization\"},\"image\":{\"@id\":\"https:\/\/www.pressenza.com\/es\/2023\/12\/discapacidad-un-mundo-por-adaptarse-y-no-al-reves\/#primaryimage\"},\"thumbnailUrl\":\"https:\/\/www.pressenza.com\/wp-content\/uploads\/2023\/12\/nimas.png\",\"keywords\":[\"discapacidad\"],\"articleSection\":[\"Comunicados de Prensa\",\"Contenido Original\",\"Diversidad\",\"Sudam\u00e9rica\"],\"inLanguage\":\"es\"},{\"@type\":\"WebPage\",\"@id\":\"https:\/\/www.pressenza.com\/es\/2023\/12\/discapacidad-un-mundo-por-adaptarse-y-no-al-reves\/\",\"url\":\"https:\/\/www.pressenza.com\/es\/2023\/12\/discapacidad-un-mundo-por-adaptarse-y-no-al-reves\/\",\"name\":\"Discapacidad, un mundo por adaptarse y no al rev\u00e9s\",\"isPartOf\":{\"@id\":\"https:\/\/www.pressenza.com\/es\/#website\"},\"primaryImageOfPage\":{\"@id\":\"https:\/\/www.pressenza.com\/es\/2023\/12\/discapacidad-un-mundo-por-adaptarse-y-no-al-reves\/#primaryimage\"},\"image\":{\"@id\":\"https:\/\/www.pressenza.com\/es\/2023\/12\/discapacidad-un-mundo-por-adaptarse-y-no-al-reves\/#primaryimage\"},\"thumbnailUrl\":\"https:\/\/www.pressenza.com\/wp-content\/uploads\/2023\/12\/nimas.png\",\"datePublished\":\"2023-12-05T13:44:20+00:00\",\"description\":\"03 de Diciembre d\u00eda internacional de la Discapacidad Las Naciones Unidas en 1992 declararon el d\u00eda 03 de Diciembre como el d\u00eda internacional de la\",\"breadcrumb\":{\"@id\":\"https:\/\/www.pressenza.com\/es\/2023\/12\/discapacidad-un-mundo-por-adaptarse-y-no-al-reves\/#breadcrumb\"},\"inLanguage\":\"es\",\"potentialAction\":[{\"@type\":\"ReadAction\",\"target\":[\"https:\/\/www.pressenza.com\/es\/2023\/12\/discapacidad-un-mundo-por-adaptarse-y-no-al-reves\/\"]}]},{\"@type\":\"ImageObject\",\"inLanguage\":\"es\",\"@id\":\"https:\/\/www.pressenza.com\/es\/2023\/12\/discapacidad-un-mundo-por-adaptarse-y-no-al-reves\/#primaryimage\",\"url\":\"https:\/\/www.pressenza.com\/wp-content\/uploads\/2023\/12\/nimas.png\",\"contentUrl\":\"https:\/\/www.pressenza.com\/wp-content\/uploads\/2023\/12\/nimas.png\",\"width\":2000,\"height\":1545},{\"@type\":\"BreadcrumbList\",\"@id\":\"https:\/\/www.pressenza.com\/es\/2023\/12\/discapacidad-un-mundo-por-adaptarse-y-no-al-reves\/#breadcrumb\",\"itemListElement\":[{\"@type\":\"ListItem\",\"position\":1,\"name\":\"Accueil\",\"item\":\"https:\/\/www.pressenza.com\/es\/\"},{\"@type\":\"ListItem\",\"position\":2,\"name\":\"Discapacidad, un mundo por adaptarse y no al rev\u00e9s\"}]},{\"@type\":\"WebSite\",\"@id\":\"https:\/\/www.pressenza.com\/es\/#website\",\"url\":\"https:\/\/www.pressenza.com\/es\/\",\"name\":\"Pressenza\",\"description\":\"International Press Agency\",\"publisher\":{\"@id\":\"https:\/\/www.pressenza.com\/es\/#organization\"},\"potentialAction\":[{\"@type\":\"SearchAction\",\"target\":{\"@type\":\"EntryPoint\",\"urlTemplate\":\"https:\/\/www.pressenza.com\/es\/?s={search_term_string}\"},\"query-input\":{\"@type\":\"PropertyValueSpecification\",\"valueRequired\":true,\"valueName\":\"search_term_string\"}}],\"inLanguage\":\"es\"},{\"@type\":\"Organization\",\"@id\":\"https:\/\/www.pressenza.com\/es\/#organization\",\"name\":\"Pressenza\",\"url\":\"https:\/\/www.pressenza.com\/es\/\",\"logo\":{\"@type\":\"ImageObject\",\"inLanguage\":\"es\",\"@id\":\"https:\/\/www.pressenza.com\/es\/#\/schema\/logo\/image\/\",\"url\":\"https:\/\/www.pressenza.com\/wp-content\/uploads\/2022\/10\/pressenza_logo_200x200.jpg\",\"contentUrl\":\"https:\/\/www.pressenza.com\/wp-content\/uploads\/2022\/10\/pressenza_logo_200x200.jpg\",\"width\":200,\"height\":200,\"caption\":\"Pressenza\"},\"image\":{\"@id\":\"https:\/\/www.pressenza.com\/es\/#\/schema\/logo\/image\/\"},\"sameAs\":[\"https:\/\/www.facebook.com\/PressenzaItalia\",\"https:\/\/x.com\/PressenzaIPA\"]},{\"@type\":\"Person\",\"@id\":\"https:\/\/www.pressenza.com\/es\/#\/schema\/person\/21472c42980bab786ff5a256b8239bf5\",\"name\":\"Partido Humanista de Chile\",\"description\":\"www.partidohumanista.cl\",\"sameAs\":[\"https:\/\/www.facebook.com\/PartidoHumanistaChile?fref=ts\",\"https:\/\/x.com\/phumanista\"],\"url\":\"https:\/\/www.pressenza.com\/es\/author\/partido-humanista-de-chile\/\"}]}<\/script>\n<!-- \/ Yoast SEO plugin. -->","yoast_head_json":{"title":"Discapacidad, un mundo por adaptarse y no al rev\u00e9s","description":"03 de Diciembre d\u00eda internacional de la Discapacidad Las Naciones Unidas en 1992 declararon el d\u00eda 03 de Diciembre como el d\u00eda internacional de la","robots":{"index":"index","follow":"follow","max-snippet":"max-snippet:-1","max-image-preview":"max-image-preview:large","max-video-preview":"max-video-preview:-1"},"canonical":"https:\/\/www.pressenza.com\/es\/2023\/12\/discapacidad-un-mundo-por-adaptarse-y-no-al-reves\/","og_locale":"es_ES","og_type":"article","og_title":"Discapacidad, un mundo por adaptarse y no al rev\u00e9s","og_description":"03 de Diciembre d\u00eda internacional de la Discapacidad Las Naciones Unidas en 1992 declararon el d\u00eda 03 de Diciembre como el d\u00eda internacional de la","og_url":"https:\/\/www.pressenza.com\/es\/2023\/12\/discapacidad-un-mundo-por-adaptarse-y-no-al-reves\/","og_site_name":"Pressenza","article_publisher":"https:\/\/www.facebook.com\/PressenzaItalia","article_author":"https:\/\/www.facebook.com\/PartidoHumanistaChile?fref=ts","article_published_time":"2023-12-05T13:44:20+00:00","og_image":[{"width":2000,"height":1545,"url":"https:\/\/www.pressenza.com\/wp-content\/uploads\/2023\/12\/nimas.png","type":"image\/png"}],"author":"Partido Humanista de Chile","twitter_card":"summary_large_image","twitter_creator":"@phumanista","twitter_site":"@PressenzaIPA","twitter_misc":{"Escrito por":"Partido Humanista de Chile","Tiempo de lectura":"5 minutos"},"schema":{"@context":"https:\/\/schema.org","@graph":[{"@type":"Article","@id":"https:\/\/www.pressenza.com\/es\/2023\/12\/discapacidad-un-mundo-por-adaptarse-y-no-al-reves\/#article","isPartOf":{"@id":"https:\/\/www.pressenza.com\/es\/2023\/12\/discapacidad-un-mundo-por-adaptarse-y-no-al-reves\/"},"author":{"name":"Partido Humanista de Chile","@id":"https:\/\/www.pressenza.com\/es\/#\/schema\/person\/21472c42980bab786ff5a256b8239bf5"},"headline":"Discapacidad, un mundo por adaptarse y no al rev\u00e9s","datePublished":"2023-12-05T13:44:20+00:00","mainEntityOfPage":{"@id":"https:\/\/www.pressenza.com\/es\/2023\/12\/discapacidad-un-mundo-por-adaptarse-y-no-al-reves\/"},"wordCount":1049,"publisher":{"@id":"https:\/\/www.pressenza.com\/es\/#organization"},"image":{"@id":"https:\/\/www.pressenza.com\/es\/2023\/12\/discapacidad-un-mundo-por-adaptarse-y-no-al-reves\/#primaryimage"},"thumbnailUrl":"https:\/\/www.pressenza.com\/wp-content\/uploads\/2023\/12\/nimas.png","keywords":["discapacidad"],"articleSection":["Comunicados de Prensa","Contenido Original","Diversidad","Sudam\u00e9rica"],"inLanguage":"es"},{"@type":"WebPage","@id":"https:\/\/www.pressenza.com\/es\/2023\/12\/discapacidad-un-mundo-por-adaptarse-y-no-al-reves\/","url":"https:\/\/www.pressenza.com\/es\/2023\/12\/discapacidad-un-mundo-por-adaptarse-y-no-al-reves\/","name":"Discapacidad, un mundo por adaptarse y no al rev\u00e9s","isPartOf":{"@id":"https:\/\/www.pressenza.com\/es\/#website"},"primaryImageOfPage":{"@id":"https:\/\/www.pressenza.com\/es\/2023\/12\/discapacidad-un-mundo-por-adaptarse-y-no-al-reves\/#primaryimage"},"image":{"@id":"https:\/\/www.pressenza.com\/es\/2023\/12\/discapacidad-un-mundo-por-adaptarse-y-no-al-reves\/#primaryimage"},"thumbnailUrl":"https:\/\/www.pressenza.com\/wp-content\/uploads\/2023\/12\/nimas.png","datePublished":"2023-12-05T13:44:20+00:00","description":"03 de Diciembre d\u00eda internacional de la Discapacidad Las Naciones Unidas en 1992 declararon el d\u00eda 03 de Diciembre como el d\u00eda internacional de la","breadcrumb":{"@id":"https:\/\/www.pressenza.com\/es\/2023\/12\/discapacidad-un-mundo-por-adaptarse-y-no-al-reves\/#breadcrumb"},"inLanguage":"es","potentialAction":[{"@type":"ReadAction","target":["https:\/\/www.pressenza.com\/es\/2023\/12\/discapacidad-un-mundo-por-adaptarse-y-no-al-reves\/"]}]},{"@type":"ImageObject","inLanguage":"es","@id":"https:\/\/www.pressenza.com\/es\/2023\/12\/discapacidad-un-mundo-por-adaptarse-y-no-al-reves\/#primaryimage","url":"https:\/\/www.pressenza.com\/wp-content\/uploads\/2023\/12\/nimas.png","contentUrl":"https:\/\/www.pressenza.com\/wp-content\/uploads\/2023\/12\/nimas.png","width":2000,"height":1545},{"@type":"BreadcrumbList","@id":"https:\/\/www.pressenza.com\/es\/2023\/12\/discapacidad-un-mundo-por-adaptarse-y-no-al-reves\/#breadcrumb","itemListElement":[{"@type":"ListItem","position":1,"name":"Accueil","item":"https:\/\/www.pressenza.com\/es\/"},{"@type":"ListItem","position":2,"name":"Discapacidad, un mundo por adaptarse y no al rev\u00e9s"}]},{"@type":"WebSite","@id":"https:\/\/www.pressenza.com\/es\/#website","url":"https:\/\/www.pressenza.com\/es\/","name":"Pressenza","description":"International Press Agency","publisher":{"@id":"https:\/\/www.pressenza.com\/es\/#organization"},"potentialAction":[{"@type":"SearchAction","target":{"@type":"EntryPoint","urlTemplate":"https:\/\/www.pressenza.com\/es\/?s={search_term_string}"},"query-input":{"@type":"PropertyValueSpecification","valueRequired":true,"valueName":"search_term_string"}}],"inLanguage":"es"},{"@type":"Organization","@id":"https:\/\/www.pressenza.com\/es\/#organization","name":"Pressenza","url":"https:\/\/www.pressenza.com\/es\/","logo":{"@type":"ImageObject","inLanguage":"es","@id":"https:\/\/www.pressenza.com\/es\/#\/schema\/logo\/image\/","url":"https:\/\/www.pressenza.com\/wp-content\/uploads\/2022\/10\/pressenza_logo_200x200.jpg","contentUrl":"https:\/\/www.pressenza.com\/wp-content\/uploads\/2022\/10\/pressenza_logo_200x200.jpg","width":200,"height":200,"caption":"Pressenza"},"image":{"@id":"https:\/\/www.pressenza.com\/es\/#\/schema\/logo\/image\/"},"sameAs":["https:\/\/www.facebook.com\/PressenzaItalia","https:\/\/x.com\/PressenzaIPA"]},{"@type":"Person","@id":"https:\/\/www.pressenza.com\/es\/#\/schema\/person\/21472c42980bab786ff5a256b8239bf5","name":"Partido Humanista de Chile","description":"www.partidohumanista.cl","sameAs":["https:\/\/www.facebook.com\/PartidoHumanistaChile?fref=ts","https:\/\/x.com\/phumanista"],"url":"https:\/\/www.pressenza.com\/es\/author\/partido-humanista-de-chile\/"}]}},"place":"Santiago de Chile","original_article_url":"","_links":{"self":[{"href":"https:\/\/www.pressenza.com\/es\/wp-json\/wp\/v2\/posts\/1785927","targetHints":{"allow":["GET"]}}],"collection":[{"href":"https:\/\/www.pressenza.com\/es\/wp-json\/wp\/v2\/posts"}],"about":[{"href":"https:\/\/www.pressenza.com\/es\/wp-json\/wp\/v2\/types\/post"}],"author":[{"embeddable":true,"href":"https:\/\/www.pressenza.com\/es\/wp-json\/wp\/v2\/users\/386"}],"replies":[{"embeddable":true,"href":"https:\/\/www.pressenza.com\/es\/wp-json\/wp\/v2\/comments?post=1785927"}],"version-history":[{"count":0,"href":"https:\/\/www.pressenza.com\/es\/wp-json\/wp\/v2\/posts\/1785927\/revisions"}],"wp:featuredmedia":[{"embeddable":true,"href":"https:\/\/www.pressenza.com\/es\/wp-json\/wp\/v2\/media\/1785929"}],"wp:attachment":[{"href":"https:\/\/www.pressenza.com\/es\/wp-json\/wp\/v2\/media?parent=1785927"}],"wp:term":[{"taxonomy":"category","embeddable":true,"href":"https:\/\/www.pressenza.com\/es\/wp-json\/wp\/v2\/categories?post=1785927"},{"taxonomy":"post_tag","embeddable":true,"href":"https:\/\/www.pressenza.com\/es\/wp-json\/wp\/v2\/tags?post=1785927"}],"curies":[{"name":"wp","href":"https:\/\/api.w.org\/{rel}","templated":true}]}}