{"id":1785740,"date":"2023-12-04T21:02:51","date_gmt":"2023-12-04T21:02:51","guid":{"rendered":"https:\/\/www.pressenza.com\/?p=1785740"},"modified":"2023-12-04T21:02:51","modified_gmt":"2023-12-04T21:02:51","slug":"la-alimentacion-entra-firmemente-en-la-agenda-climatica","status":"publish","type":"post","link":"https:\/\/www.pressenza.com\/es\/2023\/12\/la-alimentacion-entra-firmemente-en-la-agenda-climatica\/","title":{"rendered":"La alimentaci\u00f3n entra firmemente en la agenda clim\u00e1tica"},"content":{"rendered":"<p>Un total de 134 pa\u00edses, entre ellos Espa\u00f1a, respaldaron este viernes una declaraci\u00f3n en la 28\u00aa Cumbre del Clima (COP28), que se celebra en Dub\u00e1i (Emiratos \u00c1rabes Unidos), con la que se comprometen a adaptar y transformar sus sistemas agr\u00edcolas y alimentarios en el marco de sus planes clim\u00e1ticos nacionales.<br \/>\nLa \u2018Declaraci\u00f3n sobre agricultura sostenible, sistemas alimentarios resilientes y acci\u00f3n clim\u00e1tica\u2019 compromete a los gobiernos firmantes a influir formalmente por primera vez la alimentaci\u00f3n y la agricultura en sus compromisos clim\u00e1ticos nacionales, y a aumentar la financiaci\u00f3n en este sentido.<\/p>\n<p>La alimentaci\u00f3n ha sido durante mucho tiempo un tema secundario en las Cumbres del Clima, a pesar de representar un tercio de las emisiones mundiales y ser altamente vulnerable a los impactos clim\u00e1ticos.<\/p>\n<p>La Declaraci\u00f3n env\u00eda una se\u00f1al clara de que la alimentaci\u00f3n est\u00e1 ahora firmemente en la agenda clim\u00e1tica, pero, seg\u00fan algunas fuentes, la ret\u00f3rica tendr\u00e1 que convertirse en realidad con acciones claras, objetivos, calendarios y financiaci\u00f3n para los sistemas alimentarios en los nuevos planes clim\u00e1ticos nacionales antes de la COP30, que tendr\u00e1 lugar en 2025.<\/p>\n<p><strong>DERECHO A LA ALIMENTACI\u00d3N<\/strong><\/p>\n<p>El texto, recogido por Servimedia, indica que los jefes de Estado y de Gobierno firmantes reconocen que \u201cimpactos clim\u00e1ticos adversos sin precedentes amenazan cada vez m\u00e1s la resiliencia de la agricultura y los sistemas alimentarios, as\u00ed como la capacidad de muchos, especialmente los m\u00e1s vulnerables, de producir y acceder a alimentos frente al hambre, la malnutrici\u00f3n y las tensiones econ\u00f3micas crecientes\u201d.<\/p>\n<p>Adem\u00e1s, los l\u00edderes subrayan \u201cla necesidad de hacer realidad progresivamente el derecho a una alimentaci\u00f3n adecuada\u201d, as\u00ed como de garantizar \u201cel acceso a alimentos inocuos, suficientes, asequibles y nutritivos para todos\u201d.<\/p>\n<p>Tambi\u00e9n observan que la agricultura y los sistemas alimentarios son \u201cfundamentales para las vidas y los medios de subsistencia de miles de millones de personas, incluidos peque\u00f1os agricultores, agricultores familiares, pescadores y otros productores y trabajadores de la alimentaci\u00f3n\u201d.<\/p>\n<p>\u201cCualquier camino para lograr plenamente los objetivos a largo plazo del Acuerdo de Par\u00eds debe incluir la agricultura y los sistemas alimentarios. Afirmamos que la agricultura y los sistemas alimentarios deben adaptarse y transformarse urgentemente para responder a los imperativos del cambio clim\u00e1tico\u201d, indican.<\/p>\n<p>Por ello, se comprometen a reducir la vulnerabilidad de los agricultores, pescadores y otros productores de alimentos a los impactos del cambio clim\u00e1tico, incluso con apoyo financiero y t\u00e9cnico; aumentar los esfuerzos para apoyar a las personas vulnerables con sistemas de protecci\u00f3n social; apoyar a los trabajadores cuyos medios de vida se ven amenazados por el cambio clim\u00e1tico; fortalecer la gesti\u00f3n integrada del agua en la agricultura y los sistemas alimentarios en todos los niveles, y maximizar los beneficios clim\u00e1ticos y ambientales asociados con la agricultura y los sistemas alimentarios.<\/p>\n<p><strong>MACROGRANJAS<\/strong><\/p>\n<p>Tras el lanzamiento de esa Declaraci\u00f3n, Sophie Nodzenski, estratega de la Campa\u00f1a de Alimentaci\u00f3n y Agricultura de Greenpeace Internacional, apunt\u00f3 que abordar las emisiones de los sistemas alimentarios \u201cno es opcional\u201d.<\/p>\n<p>\u201cAcabar con el uso de combustibles f\u00f3siles es esencial para cumplir los objetivos clim\u00e1ticos mundiales, pero la transformaci\u00f3n del sistema alimentario mundial es una pieza necesaria y complementaria del rompecabezas. Acogemos con satisfacci\u00f3n el impulso pol\u00edtico de esta Declaraci\u00f3n\u201d.<\/p>\n<p>No en vano, Greenpeace subray\u00f3 que esa Declaraci\u00f3n es \u201csolo un punto de partida\u201d y que el trabajo dif\u00edcil ser\u00e1 en cada pa\u00eds, ya que algunos con importantes emisiones de sus sistemas alimentarios tendr\u00e1n que reducirlas.<\/p>\n<p>Adem\u00e1s, Greenpeace abog\u00f3 por establecer objetivos e hitos claros para la transici\u00f3n de la agricultura, como la reducci\u00f3n de las emisiones absolutas de gases de efecto invernadero como el metano y el \u00f3xido nitroso; un menor consumo de prote\u00ednas animales y el apoyo a un aumento de la producci\u00f3n y el consumo de alimentos vegetales, y una transici\u00f3n justa de las macrogranjas y los monocultivos a la agroecolog\u00eda.<\/p>\n<p>Elizabeth Nsimadala, presidenta de la Federaci\u00f3n de Agricultores de \u00c1frica Oriental, que representa a 25 millones de peque\u00f1os productores, indic\u00f3 que esa Declaraci\u00f3n supone \u201cel pistoletazo de salida\u201d a la transformaci\u00f3n de los sistemas alimentarios.<\/p>\n<p>\u201cLos 439 millones de peque\u00f1os agricultores familiares del mundo son la clave para lograr los cambios necesarios. Para garantizar que podemos desempe\u00f1ar nuestro papel, necesitamos una voz real en las decisiones sobre alimentaci\u00f3n y clima y un acceso m\u00e1s directo a la financiaci\u00f3n clim\u00e1tica: producimos un tercio de los alimentos del mundo, pero recibimos solo un 0,3% de la financiaci\u00f3n clim\u00e1tica internacional\u201d, advirti\u00f3 Nsimadala.<\/p>\n<p><strong>\u201cMEN\u00da PRINCIPAL\u201d<\/strong><\/p>\n<p>Hilal Elver, ex relatora especial de las Naciones Unidas sobre el derecho a la alimentaci\u00f3n y miembro del Comit\u00e9 Directivo del Panel de Alto Nivel de Expertos sobre Seguridad Alimentaria y Nutrici\u00f3n, coment\u00f3 que los sistemas alimentarios causan un tercio de las emisiones mundiales de gases que calientan el planeta y son \u201cuno de los principales impulsores de la p\u00e9rdida de visa silvestre\u201d.<\/p>\n<p>\u201cYa es hora de que la COP los ponga en el men\u00fa principal. La alimentaci\u00f3n y la agricultura deben estar en el centro de los nuevos planes clim\u00e1ticos y de la financiaci\u00f3n si queremos cumplir el acuerdo de Par\u00eds y tener suficientes alimentos nutritivos para todos\u00bb, a\u00f1adi\u00f3.<\/p>\n<p>Esther Penunia, secretaria general de la Asociaci\u00f3n de Agricultores Asi\u00e1ticos para el Desarrollo Sostenible, una alianza regional de organizaciones nacionales de agricultores que representan a 13 millones de agricultores familiares, recalc\u00f3 que la Declaraci\u00f3n supone \u201cun hito importante en el camino hacia un sistema alimentario m\u00e1s resistente y sostenible\u201d.<\/p>\n<p>\u201cEl verdadero trabajo comienza ahora. Los Gobiernos tienen que trabajar con las redes de agricultores familiares para garantizar que las promesas hechas en Dub\u00e1i se traducen en pol\u00edticas concretas y financiaci\u00f3n para apoyar a los peque\u00f1os productores -que producen un tercio de los alimentos del mundo- y promover un cambio hacia una agricultura m\u00e1s diversificada y respetuosa con la naturaleza\u201d, concluy\u00f3.<\/p>\n","protected":false},"excerpt":{"rendered":"<p>Un total de 134 pa\u00edses, entre ellos Espa\u00f1a, respaldaron este viernes una declaraci\u00f3n en la 28\u00aa Cumbre del Clima (COP28), que se celebra en Dub\u00e1i (Emiratos \u00c1rabes Unidos), con la que se comprometen a adaptar y transformar sus sistemas agr\u00edcolas&hellip;<\/p>\n","protected":false},"author":869,"featured_media":1785742,"comment_status":"closed","ping_status":"closed","sticky":false,"template":"","format":"standard","meta":{"footnotes":""},"categories":[78,39,106739],"tags":[3055,1265,118086,69376],"class_list":["post-1785740","post","type-post","status-publish","format-standard","has-post-thumbnail","hentry","category-medio-ambiente-ecologia","category-internacional","category-noticia","tag-alimentacion","tag-cambio-climatico","tag-cop28-es","tag-dubai-es"],"yoast_head":"<!-- This site is optimized with the Yoast SEO plugin v27.1.1 - https:\/\/yoast.com\/product\/yoast-seo-wordpress\/ -->\n<title>La alimentaci\u00f3n entra firmemente en la agenda clim\u00e1tica<\/title>\n<meta name=\"description\" content=\"Un total de 134 pa\u00edses, entre ellos Espa\u00f1a, respaldaron este viernes una declaraci\u00f3n en la 28\u00aa Cumbre del Clima (COP28), que se celebra en Dub\u00e1i (Emiratos\" \/>\n<meta name=\"robots\" content=\"index, follow, max-snippet:-1, max-image-preview:large, max-video-preview:-1\" \/>\n<link rel=\"canonical\" href=\"https:\/\/www.pressenza.com\/es\/2023\/12\/la-alimentacion-entra-firmemente-en-la-agenda-climatica\/\" \/>\n<meta property=\"og:locale\" content=\"es_ES\" \/>\n<meta property=\"og:type\" content=\"article\" \/>\n<meta property=\"og:title\" content=\"La alimentaci\u00f3n entra firmemente en la agenda clim\u00e1tica\" \/>\n<meta property=\"og:description\" content=\"Un total de 134 pa\u00edses, entre ellos Espa\u00f1a, respaldaron este viernes una declaraci\u00f3n en la 28\u00aa Cumbre del Clima (COP28), que se celebra en Dub\u00e1i (Emiratos\" \/>\n<meta property=\"og:url\" content=\"https:\/\/www.pressenza.com\/es\/2023\/12\/la-alimentacion-entra-firmemente-en-la-agenda-climatica\/\" \/>\n<meta property=\"og:site_name\" content=\"Pressenza\" \/>\n<meta property=\"article:publisher\" content=\"https:\/\/www.facebook.com\/PressenzaItalia\" \/>\n<meta property=\"article:published_time\" content=\"2023-12-04T21:02:51+00:00\" \/>\n<meta property=\"og:image\" content=\"https:\/\/www.pressenza.com\/wp-content\/uploads\/2023\/12\/cumbre-696x464-1.jpeg\" \/>\n\t<meta property=\"og:image:width\" content=\"696\" \/>\n\t<meta property=\"og:image:height\" content=\"464\" \/>\n\t<meta property=\"og:image:type\" content=\"image\/jpeg\" \/>\n<meta name=\"author\" content=\"#AcampadaSol\" \/>\n<meta name=\"twitter:card\" content=\"summary_large_image\" \/>\n<meta name=\"twitter:creator\" content=\"@PressenzaIPA\" \/>\n<meta name=\"twitter:site\" content=\"@PressenzaIPA\" \/>\n<meta name=\"twitter:label1\" content=\"Escrito por\" \/>\n\t<meta name=\"twitter:data1\" content=\"#AcampadaSol\" \/>\n\t<meta name=\"twitter:label2\" content=\"Tiempo de lectura\" \/>\n\t<meta name=\"twitter:data2\" content=\"5 minutos\" \/>\n<script type=\"application\/ld+json\" class=\"yoast-schema-graph\">{\"@context\":\"https:\/\/schema.org\",\"@graph\":[{\"@type\":\"Article\",\"@id\":\"https:\/\/www.pressenza.com\/es\/2023\/12\/la-alimentacion-entra-firmemente-en-la-agenda-climatica\/#article\",\"isPartOf\":{\"@id\":\"https:\/\/www.pressenza.com\/es\/2023\/12\/la-alimentacion-entra-firmemente-en-la-agenda-climatica\/\"},\"author\":{\"name\":\"#AcampadaSol\",\"@id\":\"https:\/\/www.pressenza.com\/es\/#\/schema\/person\/1afb61d0042de183376c0afa1e87f7e1\"},\"headline\":\"La alimentaci\u00f3n entra firmemente en la agenda clim\u00e1tica\",\"datePublished\":\"2023-12-04T21:02:51+00:00\",\"mainEntityOfPage\":{\"@id\":\"https:\/\/www.pressenza.com\/es\/2023\/12\/la-alimentacion-entra-firmemente-en-la-agenda-climatica\/\"},\"wordCount\":1037,\"publisher\":{\"@id\":\"https:\/\/www.pressenza.com\/es\/#organization\"},\"image\":{\"@id\":\"https:\/\/www.pressenza.com\/es\/2023\/12\/la-alimentacion-entra-firmemente-en-la-agenda-climatica\/#primaryimage\"},\"thumbnailUrl\":\"https:\/\/www.pressenza.com\/wp-content\/uploads\/2023\/12\/cumbre-696x464-1.jpeg\",\"keywords\":[\"alimentaci\u00f3n\",\"cambio clim\u00e1tico\",\"COP28\",\"Dubai\"],\"articleSection\":[\"Ecolog\u00eda y Medio Ambiente\",\"Internacional\",\"Noticia\"],\"inLanguage\":\"es\"},{\"@type\":\"WebPage\",\"@id\":\"https:\/\/www.pressenza.com\/es\/2023\/12\/la-alimentacion-entra-firmemente-en-la-agenda-climatica\/\",\"url\":\"https:\/\/www.pressenza.com\/es\/2023\/12\/la-alimentacion-entra-firmemente-en-la-agenda-climatica\/\",\"name\":\"La alimentaci\u00f3n entra firmemente en la agenda clim\u00e1tica\",\"isPartOf\":{\"@id\":\"https:\/\/www.pressenza.com\/es\/#website\"},\"primaryImageOfPage\":{\"@id\":\"https:\/\/www.pressenza.com\/es\/2023\/12\/la-alimentacion-entra-firmemente-en-la-agenda-climatica\/#primaryimage\"},\"image\":{\"@id\":\"https:\/\/www.pressenza.com\/es\/2023\/12\/la-alimentacion-entra-firmemente-en-la-agenda-climatica\/#primaryimage\"},\"thumbnailUrl\":\"https:\/\/www.pressenza.com\/wp-content\/uploads\/2023\/12\/cumbre-696x464-1.jpeg\",\"datePublished\":\"2023-12-04T21:02:51+00:00\",\"description\":\"Un total de 134 pa\u00edses, entre ellos Espa\u00f1a, respaldaron este viernes una declaraci\u00f3n en la 28\u00aa Cumbre del Clima (COP28), que se celebra en Dub\u00e1i (Emiratos\",\"breadcrumb\":{\"@id\":\"https:\/\/www.pressenza.com\/es\/2023\/12\/la-alimentacion-entra-firmemente-en-la-agenda-climatica\/#breadcrumb\"},\"inLanguage\":\"es\",\"potentialAction\":[{\"@type\":\"ReadAction\",\"target\":[\"https:\/\/www.pressenza.com\/es\/2023\/12\/la-alimentacion-entra-firmemente-en-la-agenda-climatica\/\"]}]},{\"@type\":\"ImageObject\",\"inLanguage\":\"es\",\"@id\":\"https:\/\/www.pressenza.com\/es\/2023\/12\/la-alimentacion-entra-firmemente-en-la-agenda-climatica\/#primaryimage\",\"url\":\"https:\/\/www.pressenza.com\/wp-content\/uploads\/2023\/12\/cumbre-696x464-1.jpeg\",\"contentUrl\":\"https:\/\/www.pressenza.com\/wp-content\/uploads\/2023\/12\/cumbre-696x464-1.jpeg\",\"width\":696,\"height\":464},{\"@type\":\"BreadcrumbList\",\"@id\":\"https:\/\/www.pressenza.com\/es\/2023\/12\/la-alimentacion-entra-firmemente-en-la-agenda-climatica\/#breadcrumb\",\"itemListElement\":[{\"@type\":\"ListItem\",\"position\":1,\"name\":\"Accueil\",\"item\":\"https:\/\/www.pressenza.com\/es\/\"},{\"@type\":\"ListItem\",\"position\":2,\"name\":\"La alimentaci\u00f3n entra firmemente en la agenda clim\u00e1tica\"}]},{\"@type\":\"WebSite\",\"@id\":\"https:\/\/www.pressenza.com\/es\/#website\",\"url\":\"https:\/\/www.pressenza.com\/es\/\",\"name\":\"Pressenza\",\"description\":\"International Press Agency\",\"publisher\":{\"@id\":\"https:\/\/www.pressenza.com\/es\/#organization\"},\"potentialAction\":[{\"@type\":\"SearchAction\",\"target\":{\"@type\":\"EntryPoint\",\"urlTemplate\":\"https:\/\/www.pressenza.com\/es\/?s={search_term_string}\"},\"query-input\":{\"@type\":\"PropertyValueSpecification\",\"valueRequired\":true,\"valueName\":\"search_term_string\"}}],\"inLanguage\":\"es\"},{\"@type\":\"Organization\",\"@id\":\"https:\/\/www.pressenza.com\/es\/#organization\",\"name\":\"Pressenza\",\"url\":\"https:\/\/www.pressenza.com\/es\/\",\"logo\":{\"@type\":\"ImageObject\",\"inLanguage\":\"es\",\"@id\":\"https:\/\/www.pressenza.com\/es\/#\/schema\/logo\/image\/\",\"url\":\"https:\/\/www.pressenza.com\/wp-content\/uploads\/2022\/10\/pressenza_logo_200x200.jpg\",\"contentUrl\":\"https:\/\/www.pressenza.com\/wp-content\/uploads\/2022\/10\/pressenza_logo_200x200.jpg\",\"width\":200,\"height\":200,\"caption\":\"Pressenza\"},\"image\":{\"@id\":\"https:\/\/www.pressenza.com\/es\/#\/schema\/logo\/image\/\"},\"sameAs\":[\"https:\/\/www.facebook.com\/PressenzaItalia\",\"https:\/\/x.com\/PressenzaIPA\"]},{\"@type\":\"Person\",\"@id\":\"https:\/\/www.pressenza.com\/es\/#\/schema\/person\/1afb61d0042de183376c0afa1e87f7e1\",\"name\":\"#AcampadaSol\",\"url\":\"https:\/\/www.pressenza.com\/es\/author\/acampadasol\/\"}]}<\/script>\n<!-- \/ Yoast SEO plugin. -->","yoast_head_json":{"title":"La alimentaci\u00f3n entra firmemente en la agenda clim\u00e1tica","description":"Un total de 134 pa\u00edses, entre ellos Espa\u00f1a, respaldaron este viernes una declaraci\u00f3n en la 28\u00aa Cumbre del Clima (COP28), que se celebra en Dub\u00e1i (Emiratos","robots":{"index":"index","follow":"follow","max-snippet":"max-snippet:-1","max-image-preview":"max-image-preview:large","max-video-preview":"max-video-preview:-1"},"canonical":"https:\/\/www.pressenza.com\/es\/2023\/12\/la-alimentacion-entra-firmemente-en-la-agenda-climatica\/","og_locale":"es_ES","og_type":"article","og_title":"La alimentaci\u00f3n entra firmemente en la agenda clim\u00e1tica","og_description":"Un total de 134 pa\u00edses, entre ellos Espa\u00f1a, respaldaron este viernes una declaraci\u00f3n en la 28\u00aa Cumbre del Clima (COP28), que se celebra en Dub\u00e1i (Emiratos","og_url":"https:\/\/www.pressenza.com\/es\/2023\/12\/la-alimentacion-entra-firmemente-en-la-agenda-climatica\/","og_site_name":"Pressenza","article_publisher":"https:\/\/www.facebook.com\/PressenzaItalia","article_published_time":"2023-12-04T21:02:51+00:00","og_image":[{"width":696,"height":464,"url":"https:\/\/www.pressenza.com\/wp-content\/uploads\/2023\/12\/cumbre-696x464-1.jpeg","type":"image\/jpeg"}],"author":"#AcampadaSol","twitter_card":"summary_large_image","twitter_creator":"@PressenzaIPA","twitter_site":"@PressenzaIPA","twitter_misc":{"Escrito por":"#AcampadaSol","Tiempo de lectura":"5 minutos"},"schema":{"@context":"https:\/\/schema.org","@graph":[{"@type":"Article","@id":"https:\/\/www.pressenza.com\/es\/2023\/12\/la-alimentacion-entra-firmemente-en-la-agenda-climatica\/#article","isPartOf":{"@id":"https:\/\/www.pressenza.com\/es\/2023\/12\/la-alimentacion-entra-firmemente-en-la-agenda-climatica\/"},"author":{"name":"#AcampadaSol","@id":"https:\/\/www.pressenza.com\/es\/#\/schema\/person\/1afb61d0042de183376c0afa1e87f7e1"},"headline":"La alimentaci\u00f3n entra firmemente en la agenda clim\u00e1tica","datePublished":"2023-12-04T21:02:51+00:00","mainEntityOfPage":{"@id":"https:\/\/www.pressenza.com\/es\/2023\/12\/la-alimentacion-entra-firmemente-en-la-agenda-climatica\/"},"wordCount":1037,"publisher":{"@id":"https:\/\/www.pressenza.com\/es\/#organization"},"image":{"@id":"https:\/\/www.pressenza.com\/es\/2023\/12\/la-alimentacion-entra-firmemente-en-la-agenda-climatica\/#primaryimage"},"thumbnailUrl":"https:\/\/www.pressenza.com\/wp-content\/uploads\/2023\/12\/cumbre-696x464-1.jpeg","keywords":["alimentaci\u00f3n","cambio clim\u00e1tico","COP28","Dubai"],"articleSection":["Ecolog\u00eda y Medio Ambiente","Internacional","Noticia"],"inLanguage":"es"},{"@type":"WebPage","@id":"https:\/\/www.pressenza.com\/es\/2023\/12\/la-alimentacion-entra-firmemente-en-la-agenda-climatica\/","url":"https:\/\/www.pressenza.com\/es\/2023\/12\/la-alimentacion-entra-firmemente-en-la-agenda-climatica\/","name":"La alimentaci\u00f3n entra firmemente en la agenda clim\u00e1tica","isPartOf":{"@id":"https:\/\/www.pressenza.com\/es\/#website"},"primaryImageOfPage":{"@id":"https:\/\/www.pressenza.com\/es\/2023\/12\/la-alimentacion-entra-firmemente-en-la-agenda-climatica\/#primaryimage"},"image":{"@id":"https:\/\/www.pressenza.com\/es\/2023\/12\/la-alimentacion-entra-firmemente-en-la-agenda-climatica\/#primaryimage"},"thumbnailUrl":"https:\/\/www.pressenza.com\/wp-content\/uploads\/2023\/12\/cumbre-696x464-1.jpeg","datePublished":"2023-12-04T21:02:51+00:00","description":"Un total de 134 pa\u00edses, entre ellos Espa\u00f1a, respaldaron este viernes una declaraci\u00f3n en la 28\u00aa Cumbre del Clima (COP28), que se celebra en Dub\u00e1i (Emiratos","breadcrumb":{"@id":"https:\/\/www.pressenza.com\/es\/2023\/12\/la-alimentacion-entra-firmemente-en-la-agenda-climatica\/#breadcrumb"},"inLanguage":"es","potentialAction":[{"@type":"ReadAction","target":["https:\/\/www.pressenza.com\/es\/2023\/12\/la-alimentacion-entra-firmemente-en-la-agenda-climatica\/"]}]},{"@type":"ImageObject","inLanguage":"es","@id":"https:\/\/www.pressenza.com\/es\/2023\/12\/la-alimentacion-entra-firmemente-en-la-agenda-climatica\/#primaryimage","url":"https:\/\/www.pressenza.com\/wp-content\/uploads\/2023\/12\/cumbre-696x464-1.jpeg","contentUrl":"https:\/\/www.pressenza.com\/wp-content\/uploads\/2023\/12\/cumbre-696x464-1.jpeg","width":696,"height":464},{"@type":"BreadcrumbList","@id":"https:\/\/www.pressenza.com\/es\/2023\/12\/la-alimentacion-entra-firmemente-en-la-agenda-climatica\/#breadcrumb","itemListElement":[{"@type":"ListItem","position":1,"name":"Accueil","item":"https:\/\/www.pressenza.com\/es\/"},{"@type":"ListItem","position":2,"name":"La alimentaci\u00f3n entra firmemente en la agenda clim\u00e1tica"}]},{"@type":"WebSite","@id":"https:\/\/www.pressenza.com\/es\/#website","url":"https:\/\/www.pressenza.com\/es\/","name":"Pressenza","description":"International Press Agency","publisher":{"@id":"https:\/\/www.pressenza.com\/es\/#organization"},"potentialAction":[{"@type":"SearchAction","target":{"@type":"EntryPoint","urlTemplate":"https:\/\/www.pressenza.com\/es\/?s={search_term_string}"},"query-input":{"@type":"PropertyValueSpecification","valueRequired":true,"valueName":"search_term_string"}}],"inLanguage":"es"},{"@type":"Organization","@id":"https:\/\/www.pressenza.com\/es\/#organization","name":"Pressenza","url":"https:\/\/www.pressenza.com\/es\/","logo":{"@type":"ImageObject","inLanguage":"es","@id":"https:\/\/www.pressenza.com\/es\/#\/schema\/logo\/image\/","url":"https:\/\/www.pressenza.com\/wp-content\/uploads\/2022\/10\/pressenza_logo_200x200.jpg","contentUrl":"https:\/\/www.pressenza.com\/wp-content\/uploads\/2022\/10\/pressenza_logo_200x200.jpg","width":200,"height":200,"caption":"Pressenza"},"image":{"@id":"https:\/\/www.pressenza.com\/es\/#\/schema\/logo\/image\/"},"sameAs":["https:\/\/www.facebook.com\/PressenzaItalia","https:\/\/x.com\/PressenzaIPA"]},{"@type":"Person","@id":"https:\/\/www.pressenza.com\/es\/#\/schema\/person\/1afb61d0042de183376c0afa1e87f7e1","name":"#AcampadaSol","url":"https:\/\/www.pressenza.com\/es\/author\/acampadasol\/"}]}},"place":"Dub\u00e1i","original_article_url":"https:\/\/www.globatium.com\/la-alimentacion-entra-firmemente-en-la-agenda-climatica\/","_links":{"self":[{"href":"https:\/\/www.pressenza.com\/es\/wp-json\/wp\/v2\/posts\/1785740","targetHints":{"allow":["GET"]}}],"collection":[{"href":"https:\/\/www.pressenza.com\/es\/wp-json\/wp\/v2\/posts"}],"about":[{"href":"https:\/\/www.pressenza.com\/es\/wp-json\/wp\/v2\/types\/post"}],"author":[{"embeddable":true,"href":"https:\/\/www.pressenza.com\/es\/wp-json\/wp\/v2\/users\/869"}],"replies":[{"embeddable":true,"href":"https:\/\/www.pressenza.com\/es\/wp-json\/wp\/v2\/comments?post=1785740"}],"version-history":[{"count":0,"href":"https:\/\/www.pressenza.com\/es\/wp-json\/wp\/v2\/posts\/1785740\/revisions"}],"wp:featuredmedia":[{"embeddable":true,"href":"https:\/\/www.pressenza.com\/es\/wp-json\/wp\/v2\/media\/1785742"}],"wp:attachment":[{"href":"https:\/\/www.pressenza.com\/es\/wp-json\/wp\/v2\/media?parent=1785740"}],"wp:term":[{"taxonomy":"category","embeddable":true,"href":"https:\/\/www.pressenza.com\/es\/wp-json\/wp\/v2\/categories?post=1785740"},{"taxonomy":"post_tag","embeddable":true,"href":"https:\/\/www.pressenza.com\/es\/wp-json\/wp\/v2\/tags?post=1785740"}],"curies":[{"name":"wp","href":"https:\/\/api.w.org\/{rel}","templated":true}]}}