{"id":1785355,"date":"2023-12-03T04:05:58","date_gmt":"2023-12-03T04:05:58","guid":{"rendered":"https:\/\/www.pressenza.com\/?p=1785355"},"modified":"2023-12-03T04:11:01","modified_gmt":"2023-12-03T04:11:01","slug":"continentes-y-contenidos-30-11-2023-victoria-de-wilders-en-paises-bajos-y-feminismos-latinoamericanos","status":"publish","type":"post","link":"https:\/\/www.pressenza.com\/es\/2023\/12\/continentes-y-contenidos-30-11-2023-victoria-de-wilders-en-paises-bajos-y-feminismos-latinoamericanos\/","title":{"rendered":"Continentes y Contenidos 30\/11\/2023 Victoria de Wilders en Pa\u00edses Bajos y feminismos latinoamericanos"},"content":{"rendered":"<p>Hans van Heijningen, fue secretario del partido socialista de los Pa\u00edses Bajos entre 2005 y 2018. Lleva d\u00e9cadas en la solidaridad con la izquierda latinoamericana, y est\u00e1 en la organizaci\u00f3n de las protestas antiguerra, las de Afganist\u00e1n, Iraq y Ucrania. Con \u00e9l hablamos sobre la actualidad neerlandesa tras los resultados que proclaman al populista Wilders como ganador.<\/p>\n<p>Ana Felicia Torres, coordinadora regional de la REPEM-. Red de Educaci\u00f3n Popular entre Mujeres nos cont\u00f3 sobre el encuentro feminista que tuvo lugar en Costa Rica.<br \/>\n<!--[if lt IE 9]><script>document.createElement('audio');<\/script><![endif]-->\n<audio class=\"wp-audio-shortcode\" id=\"audio-1785355-1\" preload=\"none\" style=\"width: 100%;\" controls=\"controls\"><source type=\"audio\/mpeg\" src=\"https:\/\/www.ivoox.com\/continentes-contenidos-30-11-2023-victoria-wilders-en_md_120442267_wp_1.mp3?_=1\" \/><a href=\"https:\/\/www.ivoox.com\/continentes-contenidos-30-11-2023-victoria-wilders-en_md_120442267_wp_1.mp3\">https:\/\/www.ivoox.com\/continentes-contenidos-30-11-2023-victoria-wilders-en_md_120442267_wp_1.mp3<\/a><\/audio> <a href=\"https:\/\/go.ivoox.com\/rf\/120442267\" title=\"Continentes y Contenidos 30\/11\/2023 Victoria de Wilders en Pa\u00edses Bajos y feminismos latinoamericanos\">Ir a descargar<\/a><\/p>\n","protected":false},"excerpt":{"rendered":"<p>Hans van Heijningen, fue secretario del partido socialista de los Pa\u00edses Bajos entre 2005 y 2018. Lleva d\u00e9cadas en la solidaridad con la izquierda latinoamericana, y est\u00e1 en la organizaci\u00f3n de las protestas antiguerra, las de Afganist\u00e1n, Iraq y Ucrania.&hellip;<\/p>\n","protected":false},"author":1011,"featured_media":1785358,"comment_status":"closed","ping_status":"closed","sticky":false,"template":"","format":"standard","meta":{"footnotes":""},"categories":[11389,75,54515,39,74,22754],"tags":[9049,30213,403,44232,2886,2885,11247,40752,54738,35360,118294],"class_list":["post-1785355","post","type-post","status-publish","format-standard","has-post-thumbnail","hentry","category-contenido-original","category-cultura-es","category-genero-y-feminismos","category-internacional","category-politica-es","category-radio-es","tag-continentes-y-contenidos","tag-corape","tag-elecciones","tag-feminismos","tag-holanda","tag-paises-bajos","tag-populismo","tag-pressenza-internacional","tag-radio-es","tag-repem","tag-wilders-es"],"yoast_head":"<!-- This site is optimized with the Yoast SEO plugin v27.1.1 - https:\/\/yoast.com\/product\/yoast-seo-wordpress\/ -->\n<title>Continentes y Contenidos 30\/11\/2023 Victoria de Wilders en Pa\u00edses Bajos y feminismos latinoamericanos<\/title>\n<meta name=\"description\" content=\"Hans van Heijningen, fue secretario del partido socialista de los Pa\u00edses Bajos entre 2005 y 2018. Lleva d\u00e9cadas en la solidaridad con la izquierda\" \/>\n<meta name=\"robots\" content=\"index, follow, max-snippet:-1, max-image-preview:large, max-video-preview:-1\" \/>\n<link rel=\"canonical\" href=\"https:\/\/www.pressenza.com\/es\/2023\/12\/continentes-y-contenidos-30-11-2023-victoria-de-wilders-en-paises-bajos-y-feminismos-latinoamericanos\/\" \/>\n<meta property=\"og:locale\" content=\"es_ES\" \/>\n<meta property=\"og:type\" content=\"article\" \/>\n<meta property=\"og:title\" content=\"Continentes y Contenidos 30\/11\/2023 Victoria de Wilders en Pa\u00edses Bajos y feminismos latinoamericanos\" \/>\n<meta property=\"og:description\" content=\"Hans van Heijningen, fue secretario del partido socialista de los Pa\u00edses Bajos entre 2005 y 2018. Lleva d\u00e9cadas en la solidaridad con la izquierda\" \/>\n<meta property=\"og:url\" content=\"https:\/\/www.pressenza.com\/es\/2023\/12\/continentes-y-contenidos-30-11-2023-victoria-de-wilders-en-paises-bajos-y-feminismos-latinoamericanos\/\" \/>\n<meta property=\"og:site_name\" content=\"Pressenza\" \/>\n<meta property=\"article:publisher\" content=\"https:\/\/www.facebook.com\/PressenzaItalia\" \/>\n<meta property=\"article:published_time\" content=\"2023-12-03T04:05:58+00:00\" \/>\n<meta property=\"article:modified_time\" content=\"2023-12-03T04:11:01+00:00\" \/>\n<meta property=\"og:image\" content=\"https:\/\/www.pressenza.com\/wp-content\/uploads\/2023\/12\/Programas-CyC202220.jpg\" \/>\n\t<meta property=\"og:image:width\" content=\"1920\" \/>\n\t<meta property=\"og:image:height\" content=\"1536\" \/>\n\t<meta property=\"og:image:type\" content=\"image\/jpeg\" \/>\n<meta name=\"author\" content=\"Redacci\u00f3n Ecuador\" \/>\n<meta name=\"twitter:card\" content=\"summary_large_image\" \/>\n<meta name=\"twitter:creator\" content=\"@PressenzaIPA\" \/>\n<meta name=\"twitter:site\" content=\"@PressenzaIPA\" \/>\n<meta name=\"twitter:label1\" content=\"Escrito por\" \/>\n\t<meta name=\"twitter:data1\" content=\"Redacci\u00f3n Ecuador\" \/>\n\t<meta name=\"twitter:label2\" content=\"Tiempo de lectura\" \/>\n\t<meta name=\"twitter:data2\" content=\"1 minuto\" \/>\n<script type=\"application\/ld+json\" class=\"yoast-schema-graph\">{\"@context\":\"https:\/\/schema.org\",\"@graph\":[{\"@type\":\"Article\",\"@id\":\"https:\/\/www.pressenza.com\/es\/2023\/12\/continentes-y-contenidos-30-11-2023-victoria-de-wilders-en-paises-bajos-y-feminismos-latinoamericanos\/#article\",\"isPartOf\":{\"@id\":\"https:\/\/www.pressenza.com\/es\/2023\/12\/continentes-y-contenidos-30-11-2023-victoria-de-wilders-en-paises-bajos-y-feminismos-latinoamericanos\/\"},\"author\":{\"name\":\"Redacci\u00f3n Ecuador\",\"@id\":\"https:\/\/www.pressenza.com\/es\/#\/schema\/person\/883a735c40665759bcc6fe0c26bcb46f\"},\"headline\":\"Continentes y Contenidos 30\/11\/2023 Victoria de Wilders en Pa\u00edses Bajos y feminismos latinoamericanos\",\"datePublished\":\"2023-12-03T04:05:58+00:00\",\"dateModified\":\"2023-12-03T04:11:01+00:00\",\"mainEntityOfPage\":{\"@id\":\"https:\/\/www.pressenza.com\/es\/2023\/12\/continentes-y-contenidos-30-11-2023-victoria-de-wilders-en-paises-bajos-y-feminismos-latinoamericanos\/\"},\"wordCount\":115,\"publisher\":{\"@id\":\"https:\/\/www.pressenza.com\/es\/#organization\"},\"image\":{\"@id\":\"https:\/\/www.pressenza.com\/es\/2023\/12\/continentes-y-contenidos-30-11-2023-victoria-de-wilders-en-paises-bajos-y-feminismos-latinoamericanos\/#primaryimage\"},\"thumbnailUrl\":\"https:\/\/www.pressenza.com\/wp-content\/uploads\/2023\/12\/Programas-CyC202220.jpg\",\"keywords\":[\"Continentes y Contenidos\",\"Corape\",\"elecciones\",\"feminismos\",\"Holanda\",\"Pa\u00edses Bajos\",\"Populismo\",\"Pressenza Internacional\",\"radio\",\"REPEM\",\"wilders\"],\"articleSection\":[\"Contenido Original\",\"Cultura y Medios\",\"G\u00e9nero y Feminismos\",\"Internacional\",\"Pol\u00edtica\",\"Radio\"],\"inLanguage\":\"es\"},{\"@type\":\"WebPage\",\"@id\":\"https:\/\/www.pressenza.com\/es\/2023\/12\/continentes-y-contenidos-30-11-2023-victoria-de-wilders-en-paises-bajos-y-feminismos-latinoamericanos\/\",\"url\":\"https:\/\/www.pressenza.com\/es\/2023\/12\/continentes-y-contenidos-30-11-2023-victoria-de-wilders-en-paises-bajos-y-feminismos-latinoamericanos\/\",\"name\":\"Continentes y Contenidos 30\/11\/2023 Victoria de Wilders en Pa\u00edses Bajos y feminismos latinoamericanos\",\"isPartOf\":{\"@id\":\"https:\/\/www.pressenza.com\/es\/#website\"},\"primaryImageOfPage\":{\"@id\":\"https:\/\/www.pressenza.com\/es\/2023\/12\/continentes-y-contenidos-30-11-2023-victoria-de-wilders-en-paises-bajos-y-feminismos-latinoamericanos\/#primaryimage\"},\"image\":{\"@id\":\"https:\/\/www.pressenza.com\/es\/2023\/12\/continentes-y-contenidos-30-11-2023-victoria-de-wilders-en-paises-bajos-y-feminismos-latinoamericanos\/#primaryimage\"},\"thumbnailUrl\":\"https:\/\/www.pressenza.com\/wp-content\/uploads\/2023\/12\/Programas-CyC202220.jpg\",\"datePublished\":\"2023-12-03T04:05:58+00:00\",\"dateModified\":\"2023-12-03T04:11:01+00:00\",\"description\":\"Hans van Heijningen, fue secretario del partido socialista de los Pa\u00edses Bajos entre 2005 y 2018. Lleva d\u00e9cadas en la solidaridad con la izquierda\",\"breadcrumb\":{\"@id\":\"https:\/\/www.pressenza.com\/es\/2023\/12\/continentes-y-contenidos-30-11-2023-victoria-de-wilders-en-paises-bajos-y-feminismos-latinoamericanos\/#breadcrumb\"},\"inLanguage\":\"es\",\"potentialAction\":[{\"@type\":\"ReadAction\",\"target\":[\"https:\/\/www.pressenza.com\/es\/2023\/12\/continentes-y-contenidos-30-11-2023-victoria-de-wilders-en-paises-bajos-y-feminismos-latinoamericanos\/\"]}]},{\"@type\":\"ImageObject\",\"inLanguage\":\"es\",\"@id\":\"https:\/\/www.pressenza.com\/es\/2023\/12\/continentes-y-contenidos-30-11-2023-victoria-de-wilders-en-paises-bajos-y-feminismos-latinoamericanos\/#primaryimage\",\"url\":\"https:\/\/www.pressenza.com\/wp-content\/uploads\/2023\/12\/Programas-CyC202220.jpg\",\"contentUrl\":\"https:\/\/www.pressenza.com\/wp-content\/uploads\/2023\/12\/Programas-CyC202220.jpg\",\"width\":1920,\"height\":1536},{\"@type\":\"BreadcrumbList\",\"@id\":\"https:\/\/www.pressenza.com\/es\/2023\/12\/continentes-y-contenidos-30-11-2023-victoria-de-wilders-en-paises-bajos-y-feminismos-latinoamericanos\/#breadcrumb\",\"itemListElement\":[{\"@type\":\"ListItem\",\"position\":1,\"name\":\"Accueil\",\"item\":\"https:\/\/www.pressenza.com\/es\/\"},{\"@type\":\"ListItem\",\"position\":2,\"name\":\"Continentes y Contenidos 30\/11\/2023 Victoria de Wilders en Pa\u00edses Bajos y feminismos latinoamericanos\"}]},{\"@type\":\"WebSite\",\"@id\":\"https:\/\/www.pressenza.com\/es\/#website\",\"url\":\"https:\/\/www.pressenza.com\/es\/\",\"name\":\"Pressenza\",\"description\":\"International Press Agency\",\"publisher\":{\"@id\":\"https:\/\/www.pressenza.com\/es\/#organization\"},\"potentialAction\":[{\"@type\":\"SearchAction\",\"target\":{\"@type\":\"EntryPoint\",\"urlTemplate\":\"https:\/\/www.pressenza.com\/es\/?s={search_term_string}\"},\"query-input\":{\"@type\":\"PropertyValueSpecification\",\"valueRequired\":true,\"valueName\":\"search_term_string\"}}],\"inLanguage\":\"es\"},{\"@type\":\"Organization\",\"@id\":\"https:\/\/www.pressenza.com\/es\/#organization\",\"name\":\"Pressenza\",\"url\":\"https:\/\/www.pressenza.com\/es\/\",\"logo\":{\"@type\":\"ImageObject\",\"inLanguage\":\"es\",\"@id\":\"https:\/\/www.pressenza.com\/es\/#\/schema\/logo\/image\/\",\"url\":\"https:\/\/www.pressenza.com\/wp-content\/uploads\/2022\/10\/pressenza_logo_200x200.jpg\",\"contentUrl\":\"https:\/\/www.pressenza.com\/wp-content\/uploads\/2022\/10\/pressenza_logo_200x200.jpg\",\"width\":200,\"height\":200,\"caption\":\"Pressenza\"},\"image\":{\"@id\":\"https:\/\/www.pressenza.com\/es\/#\/schema\/logo\/image\/\"},\"sameAs\":[\"https:\/\/www.facebook.com\/PressenzaItalia\",\"https:\/\/x.com\/PressenzaIPA\"]},{\"@type\":\"Person\",\"@id\":\"https:\/\/www.pressenza.com\/es\/#\/schema\/person\/883a735c40665759bcc6fe0c26bcb46f\",\"name\":\"Redacci\u00f3n Ecuador\",\"description\":\"News published by the Pressenza bureau in Quito, Ecuador\",\"url\":\"https:\/\/www.pressenza.com\/es\/author\/redaccion-ecuador\/\"}]}<\/script>\n<!-- \/ Yoast SEO plugin. -->","yoast_head_json":{"title":"Continentes y Contenidos 30\/11\/2023 Victoria de Wilders en Pa\u00edses Bajos y feminismos latinoamericanos","description":"Hans van Heijningen, fue secretario del partido socialista de los Pa\u00edses Bajos entre 2005 y 2018. Lleva d\u00e9cadas en la solidaridad con la izquierda","robots":{"index":"index","follow":"follow","max-snippet":"max-snippet:-1","max-image-preview":"max-image-preview:large","max-video-preview":"max-video-preview:-1"},"canonical":"https:\/\/www.pressenza.com\/es\/2023\/12\/continentes-y-contenidos-30-11-2023-victoria-de-wilders-en-paises-bajos-y-feminismos-latinoamericanos\/","og_locale":"es_ES","og_type":"article","og_title":"Continentes y Contenidos 30\/11\/2023 Victoria de Wilders en Pa\u00edses Bajos y feminismos latinoamericanos","og_description":"Hans van Heijningen, fue secretario del partido socialista de los Pa\u00edses Bajos entre 2005 y 2018. Lleva d\u00e9cadas en la solidaridad con la izquierda","og_url":"https:\/\/www.pressenza.com\/es\/2023\/12\/continentes-y-contenidos-30-11-2023-victoria-de-wilders-en-paises-bajos-y-feminismos-latinoamericanos\/","og_site_name":"Pressenza","article_publisher":"https:\/\/www.facebook.com\/PressenzaItalia","article_published_time":"2023-12-03T04:05:58+00:00","article_modified_time":"2023-12-03T04:11:01+00:00","og_image":[{"width":1920,"height":1536,"url":"https:\/\/www.pressenza.com\/wp-content\/uploads\/2023\/12\/Programas-CyC202220.jpg","type":"image\/jpeg"}],"author":"Redacci\u00f3n Ecuador","twitter_card":"summary_large_image","twitter_creator":"@PressenzaIPA","twitter_site":"@PressenzaIPA","twitter_misc":{"Escrito por":"Redacci\u00f3n Ecuador","Tiempo de lectura":"1 minuto"},"schema":{"@context":"https:\/\/schema.org","@graph":[{"@type":"Article","@id":"https:\/\/www.pressenza.com\/es\/2023\/12\/continentes-y-contenidos-30-11-2023-victoria-de-wilders-en-paises-bajos-y-feminismos-latinoamericanos\/#article","isPartOf":{"@id":"https:\/\/www.pressenza.com\/es\/2023\/12\/continentes-y-contenidos-30-11-2023-victoria-de-wilders-en-paises-bajos-y-feminismos-latinoamericanos\/"},"author":{"name":"Redacci\u00f3n Ecuador","@id":"https:\/\/www.pressenza.com\/es\/#\/schema\/person\/883a735c40665759bcc6fe0c26bcb46f"},"headline":"Continentes y Contenidos 30\/11\/2023 Victoria de Wilders en Pa\u00edses Bajos y feminismos latinoamericanos","datePublished":"2023-12-03T04:05:58+00:00","dateModified":"2023-12-03T04:11:01+00:00","mainEntityOfPage":{"@id":"https:\/\/www.pressenza.com\/es\/2023\/12\/continentes-y-contenidos-30-11-2023-victoria-de-wilders-en-paises-bajos-y-feminismos-latinoamericanos\/"},"wordCount":115,"publisher":{"@id":"https:\/\/www.pressenza.com\/es\/#organization"},"image":{"@id":"https:\/\/www.pressenza.com\/es\/2023\/12\/continentes-y-contenidos-30-11-2023-victoria-de-wilders-en-paises-bajos-y-feminismos-latinoamericanos\/#primaryimage"},"thumbnailUrl":"https:\/\/www.pressenza.com\/wp-content\/uploads\/2023\/12\/Programas-CyC202220.jpg","keywords":["Continentes y Contenidos","Corape","elecciones","feminismos","Holanda","Pa\u00edses Bajos","Populismo","Pressenza Internacional","radio","REPEM","wilders"],"articleSection":["Contenido Original","Cultura y Medios","G\u00e9nero y Feminismos","Internacional","Pol\u00edtica","Radio"],"inLanguage":"es"},{"@type":"WebPage","@id":"https:\/\/www.pressenza.com\/es\/2023\/12\/continentes-y-contenidos-30-11-2023-victoria-de-wilders-en-paises-bajos-y-feminismos-latinoamericanos\/","url":"https:\/\/www.pressenza.com\/es\/2023\/12\/continentes-y-contenidos-30-11-2023-victoria-de-wilders-en-paises-bajos-y-feminismos-latinoamericanos\/","name":"Continentes y Contenidos 30\/11\/2023 Victoria de Wilders en Pa\u00edses Bajos y feminismos latinoamericanos","isPartOf":{"@id":"https:\/\/www.pressenza.com\/es\/#website"},"primaryImageOfPage":{"@id":"https:\/\/www.pressenza.com\/es\/2023\/12\/continentes-y-contenidos-30-11-2023-victoria-de-wilders-en-paises-bajos-y-feminismos-latinoamericanos\/#primaryimage"},"image":{"@id":"https:\/\/www.pressenza.com\/es\/2023\/12\/continentes-y-contenidos-30-11-2023-victoria-de-wilders-en-paises-bajos-y-feminismos-latinoamericanos\/#primaryimage"},"thumbnailUrl":"https:\/\/www.pressenza.com\/wp-content\/uploads\/2023\/12\/Programas-CyC202220.jpg","datePublished":"2023-12-03T04:05:58+00:00","dateModified":"2023-12-03T04:11:01+00:00","description":"Hans van Heijningen, fue secretario del partido socialista de los Pa\u00edses Bajos entre 2005 y 2018. Lleva d\u00e9cadas en la solidaridad con la izquierda","breadcrumb":{"@id":"https:\/\/www.pressenza.com\/es\/2023\/12\/continentes-y-contenidos-30-11-2023-victoria-de-wilders-en-paises-bajos-y-feminismos-latinoamericanos\/#breadcrumb"},"inLanguage":"es","potentialAction":[{"@type":"ReadAction","target":["https:\/\/www.pressenza.com\/es\/2023\/12\/continentes-y-contenidos-30-11-2023-victoria-de-wilders-en-paises-bajos-y-feminismos-latinoamericanos\/"]}]},{"@type":"ImageObject","inLanguage":"es","@id":"https:\/\/www.pressenza.com\/es\/2023\/12\/continentes-y-contenidos-30-11-2023-victoria-de-wilders-en-paises-bajos-y-feminismos-latinoamericanos\/#primaryimage","url":"https:\/\/www.pressenza.com\/wp-content\/uploads\/2023\/12\/Programas-CyC202220.jpg","contentUrl":"https:\/\/www.pressenza.com\/wp-content\/uploads\/2023\/12\/Programas-CyC202220.jpg","width":1920,"height":1536},{"@type":"BreadcrumbList","@id":"https:\/\/www.pressenza.com\/es\/2023\/12\/continentes-y-contenidos-30-11-2023-victoria-de-wilders-en-paises-bajos-y-feminismos-latinoamericanos\/#breadcrumb","itemListElement":[{"@type":"ListItem","position":1,"name":"Accueil","item":"https:\/\/www.pressenza.com\/es\/"},{"@type":"ListItem","position":2,"name":"Continentes y Contenidos 30\/11\/2023 Victoria de Wilders en Pa\u00edses Bajos y feminismos latinoamericanos"}]},{"@type":"WebSite","@id":"https:\/\/www.pressenza.com\/es\/#website","url":"https:\/\/www.pressenza.com\/es\/","name":"Pressenza","description":"International Press Agency","publisher":{"@id":"https:\/\/www.pressenza.com\/es\/#organization"},"potentialAction":[{"@type":"SearchAction","target":{"@type":"EntryPoint","urlTemplate":"https:\/\/www.pressenza.com\/es\/?s={search_term_string}"},"query-input":{"@type":"PropertyValueSpecification","valueRequired":true,"valueName":"search_term_string"}}],"inLanguage":"es"},{"@type":"Organization","@id":"https:\/\/www.pressenza.com\/es\/#organization","name":"Pressenza","url":"https:\/\/www.pressenza.com\/es\/","logo":{"@type":"ImageObject","inLanguage":"es","@id":"https:\/\/www.pressenza.com\/es\/#\/schema\/logo\/image\/","url":"https:\/\/www.pressenza.com\/wp-content\/uploads\/2022\/10\/pressenza_logo_200x200.jpg","contentUrl":"https:\/\/www.pressenza.com\/wp-content\/uploads\/2022\/10\/pressenza_logo_200x200.jpg","width":200,"height":200,"caption":"Pressenza"},"image":{"@id":"https:\/\/www.pressenza.com\/es\/#\/schema\/logo\/image\/"},"sameAs":["https:\/\/www.facebook.com\/PressenzaItalia","https:\/\/x.com\/PressenzaIPA"]},{"@type":"Person","@id":"https:\/\/www.pressenza.com\/es\/#\/schema\/person\/883a735c40665759bcc6fe0c26bcb46f","name":"Redacci\u00f3n Ecuador","description":"News published by the Pressenza bureau in Quito, Ecuador","url":"https:\/\/www.pressenza.com\/es\/author\/redaccion-ecuador\/"}]}},"place":"Quito - Buenos Aires - Ginebra - Santander - Amsterdam - San Jos\u00e9 de Costa Rica","original_article_url":"","_links":{"self":[{"href":"https:\/\/www.pressenza.com\/es\/wp-json\/wp\/v2\/posts\/1785355","targetHints":{"allow":["GET"]}}],"collection":[{"href":"https:\/\/www.pressenza.com\/es\/wp-json\/wp\/v2\/posts"}],"about":[{"href":"https:\/\/www.pressenza.com\/es\/wp-json\/wp\/v2\/types\/post"}],"author":[{"embeddable":true,"href":"https:\/\/www.pressenza.com\/es\/wp-json\/wp\/v2\/users\/1011"}],"replies":[{"embeddable":true,"href":"https:\/\/www.pressenza.com\/es\/wp-json\/wp\/v2\/comments?post=1785355"}],"version-history":[{"count":0,"href":"https:\/\/www.pressenza.com\/es\/wp-json\/wp\/v2\/posts\/1785355\/revisions"}],"wp:featuredmedia":[{"embeddable":true,"href":"https:\/\/www.pressenza.com\/es\/wp-json\/wp\/v2\/media\/1785358"}],"wp:attachment":[{"href":"https:\/\/www.pressenza.com\/es\/wp-json\/wp\/v2\/media?parent=1785355"}],"wp:term":[{"taxonomy":"category","embeddable":true,"href":"https:\/\/www.pressenza.com\/es\/wp-json\/wp\/v2\/categories?post=1785355"},{"taxonomy":"post_tag","embeddable":true,"href":"https:\/\/www.pressenza.com\/es\/wp-json\/wp\/v2\/tags?post=1785355"}],"curies":[{"name":"wp","href":"https:\/\/api.w.org\/{rel}","templated":true}]}}