{"id":1784995,"date":"2023-12-01T12:18:44","date_gmt":"2023-12-01T12:18:44","guid":{"rendered":"https:\/\/www.pressenza.com\/?p=1784995"},"modified":"2023-12-01T12:20:44","modified_gmt":"2023-12-01T12:20:44","slug":"fundacion-diversa-y-coro-queer-de-chile-conmemoran-el-dia-internacional-del-sida","status":"publish","type":"post","link":"https:\/\/www.pressenza.com\/es\/2023\/12\/fundacion-diversa-y-coro-queer-de-chile-conmemoran-el-dia-internacional-del-sida\/","title":{"rendered":"Fundaci\u00f3n Diversa y Coro Queer de Chile conmemoran el D\u00eda Internacional del SIDA"},"content":{"rendered":"<p>Con motivo de la conmemoraci\u00f3n del D\u00eda Mundial del SIDA (1 de diciembre), la Fundaci\u00f3n Diversa y el Coro Queer de Chile te invitan a un evento en su sede (Compa\u00f1\u00eda 3067, casi esquina con Maip\u00fa), ubicada en el barrio Yungay, hoy desde las 18.30 hrs.<\/p>\n<p>A pasos del metro Quinta Normal.<\/p>\n<p>Contaremos con un vino de honor, la actuaci\u00f3n del Coro Queer, informaci\u00f3n sobre el VIH y otras ITS, y m\u00e1s.<\/p>\n<p>M\u00e1s info sobre la Fundaci\u00f3n Diversa, <a href=\"https:\/\/fundacion-diversa.cl\/\">aqu\u00ed<\/a> o al +56 9 935636835.<\/p>\n<p>\u00a1Te esperamos!<\/p>\n<p><a href=\"https:\/\/www.pressenza.com\/es\/?attachment_id=1784996\" rel=\"attachment wp-att-1784996\"><img loading=\"lazy\" decoding=\"async\" class=\" wp-image-1784996 aligncenter\" src=\"https:\/\/www.pressenza.com\/wp-content\/uploads\/2023\/12\/1-de-diciembre-Diversa.jpg\" alt=\"\" width=\"265\" height=\"470\" \/><\/a><\/p>\n","protected":false},"excerpt":{"rendered":"<p>Con motivo de la conmemoraci\u00f3n del D\u00eda Mundial del SIDA (1 de diciembre), la Fundaci\u00f3n Diversa y el Coro Queer de Chile te invitan a un evento en su sede (Compa\u00f1\u00eda 3067, casi esquina con Maip\u00fa), ubicada en el barrio&hellip;<\/p>\n","protected":false},"author":1657,"featured_media":1784997,"comment_status":"closed","ping_status":"closed","sticky":false,"template":"","format":"standard","meta":{"footnotes":""},"categories":[11389,1241,54515,1239,67],"tags":[118248,118249,118250],"class_list":["post-1784995","post","type-post","status-publish","format-standard","has-post-thumbnail","hentry","category-contenido-original","category-diversidad","category-genero-y-feminismos","category-salud","category-sudamerica","tag-dia-internacional-del-vih-sida-coro-queer-de-chile","tag-fundacion-diversa","tag-vih-e-its"],"yoast_head":"<!-- This site is optimized with the Yoast SEO plugin v27.1.1 - https:\/\/yoast.com\/product\/yoast-seo-wordpress\/ -->\n<title>Fundaci\u00f3n Diversa y Coro Queer de Chile conmemoran el D\u00eda Internacional del SIDA<\/title>\n<meta name=\"description\" content=\"Con motivo de la conmemoraci\u00f3n del D\u00eda Mundial del SIDA (1 de diciembre), la Fundaci\u00f3n Diversa y el Coro Queer de Chile te invitan a un evento en su sede\" \/>\n<meta name=\"robots\" content=\"index, follow, max-snippet:-1, max-image-preview:large, max-video-preview:-1\" \/>\n<link rel=\"canonical\" href=\"https:\/\/www.pressenza.com\/es\/2023\/12\/fundacion-diversa-y-coro-queer-de-chile-conmemoran-el-dia-internacional-del-sida\/\" \/>\n<meta property=\"og:locale\" content=\"es_ES\" \/>\n<meta property=\"og:type\" content=\"article\" \/>\n<meta property=\"og:title\" content=\"Fundaci\u00f3n Diversa y Coro Queer de Chile conmemoran el D\u00eda Internacional del SIDA\" \/>\n<meta property=\"og:description\" content=\"Con motivo de la conmemoraci\u00f3n del D\u00eda Mundial del SIDA (1 de diciembre), la Fundaci\u00f3n Diversa y el Coro Queer de Chile te invitan a un evento en su sede\" \/>\n<meta property=\"og:url\" content=\"https:\/\/www.pressenza.com\/es\/2023\/12\/fundacion-diversa-y-coro-queer-de-chile-conmemoran-el-dia-internacional-del-sida\/\" \/>\n<meta property=\"og:site_name\" content=\"Pressenza\" \/>\n<meta property=\"article:publisher\" content=\"https:\/\/www.facebook.com\/PressenzaItalia\" \/>\n<meta property=\"article:published_time\" content=\"2023-12-01T12:18:44+00:00\" \/>\n<meta property=\"article:modified_time\" content=\"2023-12-01T12:20:44+00:00\" \/>\n<meta property=\"og:image\" content=\"https:\/\/www.pressenza.com\/wp-content\/uploads\/2023\/12\/Fundacion-Diversa-historico.jpg\" \/>\n\t<meta property=\"og:image:width\" content=\"1898\" \/>\n\t<meta property=\"og:image:height\" content=\"798\" \/>\n\t<meta property=\"og:image:type\" content=\"image\/jpeg\" \/>\n<meta name=\"author\" content=\"David Mel\u00e9ndez Tormen\" \/>\n<meta name=\"twitter:card\" content=\"summary_large_image\" \/>\n<meta name=\"twitter:creator\" content=\"@PressenzaIPA\" \/>\n<meta name=\"twitter:site\" content=\"@PressenzaIPA\" \/>\n<meta name=\"twitter:label1\" content=\"Escrito por\" \/>\n\t<meta name=\"twitter:data1\" content=\"David Mel\u00e9ndez Tormen\" \/>\n\t<meta name=\"twitter:label2\" content=\"Tiempo de lectura\" \/>\n\t<meta name=\"twitter:data2\" content=\"1 minuto\" \/>\n<script type=\"application\/ld+json\" class=\"yoast-schema-graph\">{\"@context\":\"https:\/\/schema.org\",\"@graph\":[{\"@type\":\"Article\",\"@id\":\"https:\/\/www.pressenza.com\/es\/2023\/12\/fundacion-diversa-y-coro-queer-de-chile-conmemoran-el-dia-internacional-del-sida\/#article\",\"isPartOf\":{\"@id\":\"https:\/\/www.pressenza.com\/es\/2023\/12\/fundacion-diversa-y-coro-queer-de-chile-conmemoran-el-dia-internacional-del-sida\/\"},\"author\":{\"name\":\"David Mel\u00e9ndez Tormen\",\"@id\":\"https:\/\/www.pressenza.com\/es\/#\/schema\/person\/70f60c9c4fac1fd1dfead42691972065\"},\"headline\":\"Fundaci\u00f3n Diversa y Coro Queer de Chile conmemoran el D\u00eda Internacional del SIDA\",\"datePublished\":\"2023-12-01T12:18:44+00:00\",\"dateModified\":\"2023-12-01T12:20:44+00:00\",\"mainEntityOfPage\":{\"@id\":\"https:\/\/www.pressenza.com\/es\/2023\/12\/fundacion-diversa-y-coro-queer-de-chile-conmemoran-el-dia-internacional-del-sida\/\"},\"wordCount\":104,\"publisher\":{\"@id\":\"https:\/\/www.pressenza.com\/es\/#organization\"},\"image\":{\"@id\":\"https:\/\/www.pressenza.com\/es\/2023\/12\/fundacion-diversa-y-coro-queer-de-chile-conmemoran-el-dia-internacional-del-sida\/#primaryimage\"},\"thumbnailUrl\":\"https:\/\/www.pressenza.com\/wp-content\/uploads\/2023\/12\/Fundacion-Diversa-historico.jpg\",\"keywords\":[\"D\u00eda Internacional del VIH\/SIDA. Coro Queer de Chile\",\"Fundaci\u00f3n Diversa\",\"VIH e ITS\"],\"articleSection\":[\"Contenido Original\",\"Diversidad\",\"G\u00e9nero y Feminismos\",\"Salud\",\"Sudam\u00e9rica\"],\"inLanguage\":\"es\"},{\"@type\":\"WebPage\",\"@id\":\"https:\/\/www.pressenza.com\/es\/2023\/12\/fundacion-diversa-y-coro-queer-de-chile-conmemoran-el-dia-internacional-del-sida\/\",\"url\":\"https:\/\/www.pressenza.com\/es\/2023\/12\/fundacion-diversa-y-coro-queer-de-chile-conmemoran-el-dia-internacional-del-sida\/\",\"name\":\"Fundaci\u00f3n Diversa y Coro Queer de Chile conmemoran el D\u00eda Internacional del SIDA\",\"isPartOf\":{\"@id\":\"https:\/\/www.pressenza.com\/es\/#website\"},\"primaryImageOfPage\":{\"@id\":\"https:\/\/www.pressenza.com\/es\/2023\/12\/fundacion-diversa-y-coro-queer-de-chile-conmemoran-el-dia-internacional-del-sida\/#primaryimage\"},\"image\":{\"@id\":\"https:\/\/www.pressenza.com\/es\/2023\/12\/fundacion-diversa-y-coro-queer-de-chile-conmemoran-el-dia-internacional-del-sida\/#primaryimage\"},\"thumbnailUrl\":\"https:\/\/www.pressenza.com\/wp-content\/uploads\/2023\/12\/Fundacion-Diversa-historico.jpg\",\"datePublished\":\"2023-12-01T12:18:44+00:00\",\"dateModified\":\"2023-12-01T12:20:44+00:00\",\"description\":\"Con motivo de la conmemoraci\u00f3n del D\u00eda Mundial del SIDA (1 de diciembre), la Fundaci\u00f3n Diversa y el Coro Queer de Chile te invitan a un evento en su sede\",\"breadcrumb\":{\"@id\":\"https:\/\/www.pressenza.com\/es\/2023\/12\/fundacion-diversa-y-coro-queer-de-chile-conmemoran-el-dia-internacional-del-sida\/#breadcrumb\"},\"inLanguage\":\"es\",\"potentialAction\":[{\"@type\":\"ReadAction\",\"target\":[\"https:\/\/www.pressenza.com\/es\/2023\/12\/fundacion-diversa-y-coro-queer-de-chile-conmemoran-el-dia-internacional-del-sida\/\"]}]},{\"@type\":\"ImageObject\",\"inLanguage\":\"es\",\"@id\":\"https:\/\/www.pressenza.com\/es\/2023\/12\/fundacion-diversa-y-coro-queer-de-chile-conmemoran-el-dia-internacional-del-sida\/#primaryimage\",\"url\":\"https:\/\/www.pressenza.com\/wp-content\/uploads\/2023\/12\/Fundacion-Diversa-historico.jpg\",\"contentUrl\":\"https:\/\/www.pressenza.com\/wp-content\/uploads\/2023\/12\/Fundacion-Diversa-historico.jpg\",\"width\":1898,\"height\":798},{\"@type\":\"BreadcrumbList\",\"@id\":\"https:\/\/www.pressenza.com\/es\/2023\/12\/fundacion-diversa-y-coro-queer-de-chile-conmemoran-el-dia-internacional-del-sida\/#breadcrumb\",\"itemListElement\":[{\"@type\":\"ListItem\",\"position\":1,\"name\":\"Accueil\",\"item\":\"https:\/\/www.pressenza.com\/es\/\"},{\"@type\":\"ListItem\",\"position\":2,\"name\":\"Fundaci\u00f3n Diversa y Coro Queer de Chile conmemoran el D\u00eda Internacional del SIDA\"}]},{\"@type\":\"WebSite\",\"@id\":\"https:\/\/www.pressenza.com\/es\/#website\",\"url\":\"https:\/\/www.pressenza.com\/es\/\",\"name\":\"Pressenza\",\"description\":\"International Press Agency\",\"publisher\":{\"@id\":\"https:\/\/www.pressenza.com\/es\/#organization\"},\"potentialAction\":[{\"@type\":\"SearchAction\",\"target\":{\"@type\":\"EntryPoint\",\"urlTemplate\":\"https:\/\/www.pressenza.com\/es\/?s={search_term_string}\"},\"query-input\":{\"@type\":\"PropertyValueSpecification\",\"valueRequired\":true,\"valueName\":\"search_term_string\"}}],\"inLanguage\":\"es\"},{\"@type\":\"Organization\",\"@id\":\"https:\/\/www.pressenza.com\/es\/#organization\",\"name\":\"Pressenza\",\"url\":\"https:\/\/www.pressenza.com\/es\/\",\"logo\":{\"@type\":\"ImageObject\",\"inLanguage\":\"es\",\"@id\":\"https:\/\/www.pressenza.com\/es\/#\/schema\/logo\/image\/\",\"url\":\"https:\/\/www.pressenza.com\/wp-content\/uploads\/2022\/10\/pressenza_logo_200x200.jpg\",\"contentUrl\":\"https:\/\/www.pressenza.com\/wp-content\/uploads\/2022\/10\/pressenza_logo_200x200.jpg\",\"width\":200,\"height\":200,\"caption\":\"Pressenza\"},\"image\":{\"@id\":\"https:\/\/www.pressenza.com\/es\/#\/schema\/logo\/image\/\"},\"sameAs\":[\"https:\/\/www.facebook.com\/PressenzaItalia\",\"https:\/\/x.com\/PressenzaIPA\"]},{\"@type\":\"Person\",\"@id\":\"https:\/\/www.pressenza.com\/es\/#\/schema\/person\/70f60c9c4fac1fd1dfead42691972065\",\"name\":\"David Mel\u00e9ndez Tormen\",\"description\":\"Humanist and diversity activist. Born in 1972 in Santiago de Chile. Bachelor\u2019s Degree in Humanities and German-English to Spanish Translator, with studies in journalism. Currently doing a M.A. on Social Transformations. Collaborator in Pressenza since 2018. Co-author, with Riccardo Marinai, of the book Mjuros que Hablan, a compilation of graffitis from the Chilean \\\"estallido social\\\" of 2019.\",\"url\":\"https:\/\/www.pressenza.com\/es\/author\/david-melendez\/\"}]}<\/script>\n<!-- \/ Yoast SEO plugin. -->","yoast_head_json":{"title":"Fundaci\u00f3n Diversa y Coro Queer de Chile conmemoran el D\u00eda Internacional del SIDA","description":"Con motivo de la conmemoraci\u00f3n del D\u00eda Mundial del SIDA (1 de diciembre), la Fundaci\u00f3n Diversa y el Coro Queer de Chile te invitan a un evento en su sede","robots":{"index":"index","follow":"follow","max-snippet":"max-snippet:-1","max-image-preview":"max-image-preview:large","max-video-preview":"max-video-preview:-1"},"canonical":"https:\/\/www.pressenza.com\/es\/2023\/12\/fundacion-diversa-y-coro-queer-de-chile-conmemoran-el-dia-internacional-del-sida\/","og_locale":"es_ES","og_type":"article","og_title":"Fundaci\u00f3n Diversa y Coro Queer de Chile conmemoran el D\u00eda Internacional del SIDA","og_description":"Con motivo de la conmemoraci\u00f3n del D\u00eda Mundial del SIDA (1 de diciembre), la Fundaci\u00f3n Diversa y el Coro Queer de Chile te invitan a un evento en su sede","og_url":"https:\/\/www.pressenza.com\/es\/2023\/12\/fundacion-diversa-y-coro-queer-de-chile-conmemoran-el-dia-internacional-del-sida\/","og_site_name":"Pressenza","article_publisher":"https:\/\/www.facebook.com\/PressenzaItalia","article_published_time":"2023-12-01T12:18:44+00:00","article_modified_time":"2023-12-01T12:20:44+00:00","og_image":[{"width":1898,"height":798,"url":"https:\/\/www.pressenza.com\/wp-content\/uploads\/2023\/12\/Fundacion-Diversa-historico.jpg","type":"image\/jpeg"}],"author":"David Mel\u00e9ndez Tormen","twitter_card":"summary_large_image","twitter_creator":"@PressenzaIPA","twitter_site":"@PressenzaIPA","twitter_misc":{"Escrito por":"David Mel\u00e9ndez Tormen","Tiempo de lectura":"1 minuto"},"schema":{"@context":"https:\/\/schema.org","@graph":[{"@type":"Article","@id":"https:\/\/www.pressenza.com\/es\/2023\/12\/fundacion-diversa-y-coro-queer-de-chile-conmemoran-el-dia-internacional-del-sida\/#article","isPartOf":{"@id":"https:\/\/www.pressenza.com\/es\/2023\/12\/fundacion-diversa-y-coro-queer-de-chile-conmemoran-el-dia-internacional-del-sida\/"},"author":{"name":"David Mel\u00e9ndez Tormen","@id":"https:\/\/www.pressenza.com\/es\/#\/schema\/person\/70f60c9c4fac1fd1dfead42691972065"},"headline":"Fundaci\u00f3n Diversa y Coro Queer de Chile conmemoran el D\u00eda Internacional del SIDA","datePublished":"2023-12-01T12:18:44+00:00","dateModified":"2023-12-01T12:20:44+00:00","mainEntityOfPage":{"@id":"https:\/\/www.pressenza.com\/es\/2023\/12\/fundacion-diversa-y-coro-queer-de-chile-conmemoran-el-dia-internacional-del-sida\/"},"wordCount":104,"publisher":{"@id":"https:\/\/www.pressenza.com\/es\/#organization"},"image":{"@id":"https:\/\/www.pressenza.com\/es\/2023\/12\/fundacion-diversa-y-coro-queer-de-chile-conmemoran-el-dia-internacional-del-sida\/#primaryimage"},"thumbnailUrl":"https:\/\/www.pressenza.com\/wp-content\/uploads\/2023\/12\/Fundacion-Diversa-historico.jpg","keywords":["D\u00eda Internacional del VIH\/SIDA. Coro Queer de Chile","Fundaci\u00f3n Diversa","VIH e ITS"],"articleSection":["Contenido Original","Diversidad","G\u00e9nero y Feminismos","Salud","Sudam\u00e9rica"],"inLanguage":"es"},{"@type":"WebPage","@id":"https:\/\/www.pressenza.com\/es\/2023\/12\/fundacion-diversa-y-coro-queer-de-chile-conmemoran-el-dia-internacional-del-sida\/","url":"https:\/\/www.pressenza.com\/es\/2023\/12\/fundacion-diversa-y-coro-queer-de-chile-conmemoran-el-dia-internacional-del-sida\/","name":"Fundaci\u00f3n Diversa y Coro Queer de Chile conmemoran el D\u00eda Internacional del SIDA","isPartOf":{"@id":"https:\/\/www.pressenza.com\/es\/#website"},"primaryImageOfPage":{"@id":"https:\/\/www.pressenza.com\/es\/2023\/12\/fundacion-diversa-y-coro-queer-de-chile-conmemoran-el-dia-internacional-del-sida\/#primaryimage"},"image":{"@id":"https:\/\/www.pressenza.com\/es\/2023\/12\/fundacion-diversa-y-coro-queer-de-chile-conmemoran-el-dia-internacional-del-sida\/#primaryimage"},"thumbnailUrl":"https:\/\/www.pressenza.com\/wp-content\/uploads\/2023\/12\/Fundacion-Diversa-historico.jpg","datePublished":"2023-12-01T12:18:44+00:00","dateModified":"2023-12-01T12:20:44+00:00","description":"Con motivo de la conmemoraci\u00f3n del D\u00eda Mundial del SIDA (1 de diciembre), la Fundaci\u00f3n Diversa y el Coro Queer de Chile te invitan a un evento en su sede","breadcrumb":{"@id":"https:\/\/www.pressenza.com\/es\/2023\/12\/fundacion-diversa-y-coro-queer-de-chile-conmemoran-el-dia-internacional-del-sida\/#breadcrumb"},"inLanguage":"es","potentialAction":[{"@type":"ReadAction","target":["https:\/\/www.pressenza.com\/es\/2023\/12\/fundacion-diversa-y-coro-queer-de-chile-conmemoran-el-dia-internacional-del-sida\/"]}]},{"@type":"ImageObject","inLanguage":"es","@id":"https:\/\/www.pressenza.com\/es\/2023\/12\/fundacion-diversa-y-coro-queer-de-chile-conmemoran-el-dia-internacional-del-sida\/#primaryimage","url":"https:\/\/www.pressenza.com\/wp-content\/uploads\/2023\/12\/Fundacion-Diversa-historico.jpg","contentUrl":"https:\/\/www.pressenza.com\/wp-content\/uploads\/2023\/12\/Fundacion-Diversa-historico.jpg","width":1898,"height":798},{"@type":"BreadcrumbList","@id":"https:\/\/www.pressenza.com\/es\/2023\/12\/fundacion-diversa-y-coro-queer-de-chile-conmemoran-el-dia-internacional-del-sida\/#breadcrumb","itemListElement":[{"@type":"ListItem","position":1,"name":"Accueil","item":"https:\/\/www.pressenza.com\/es\/"},{"@type":"ListItem","position":2,"name":"Fundaci\u00f3n Diversa y Coro Queer de Chile conmemoran el D\u00eda Internacional del SIDA"}]},{"@type":"WebSite","@id":"https:\/\/www.pressenza.com\/es\/#website","url":"https:\/\/www.pressenza.com\/es\/","name":"Pressenza","description":"International Press Agency","publisher":{"@id":"https:\/\/www.pressenza.com\/es\/#organization"},"potentialAction":[{"@type":"SearchAction","target":{"@type":"EntryPoint","urlTemplate":"https:\/\/www.pressenza.com\/es\/?s={search_term_string}"},"query-input":{"@type":"PropertyValueSpecification","valueRequired":true,"valueName":"search_term_string"}}],"inLanguage":"es"},{"@type":"Organization","@id":"https:\/\/www.pressenza.com\/es\/#organization","name":"Pressenza","url":"https:\/\/www.pressenza.com\/es\/","logo":{"@type":"ImageObject","inLanguage":"es","@id":"https:\/\/www.pressenza.com\/es\/#\/schema\/logo\/image\/","url":"https:\/\/www.pressenza.com\/wp-content\/uploads\/2022\/10\/pressenza_logo_200x200.jpg","contentUrl":"https:\/\/www.pressenza.com\/wp-content\/uploads\/2022\/10\/pressenza_logo_200x200.jpg","width":200,"height":200,"caption":"Pressenza"},"image":{"@id":"https:\/\/www.pressenza.com\/es\/#\/schema\/logo\/image\/"},"sameAs":["https:\/\/www.facebook.com\/PressenzaItalia","https:\/\/x.com\/PressenzaIPA"]},{"@type":"Person","@id":"https:\/\/www.pressenza.com\/es\/#\/schema\/person\/70f60c9c4fac1fd1dfead42691972065","name":"David Mel\u00e9ndez Tormen","description":"Humanist and diversity activist. Born in 1972 in Santiago de Chile. Bachelor\u2019s Degree in Humanities and German-English to Spanish Translator, with studies in journalism. Currently doing a M.A. on Social Transformations. Collaborator in Pressenza since 2018. Co-author, with Riccardo Marinai, of the book Mjuros que Hablan, a compilation of graffitis from the Chilean \"estallido social\" of 2019.","url":"https:\/\/www.pressenza.com\/es\/author\/david-melendez\/"}]}},"place":"Santiago de Chile","original_article_url":"","_links":{"self":[{"href":"https:\/\/www.pressenza.com\/es\/wp-json\/wp\/v2\/posts\/1784995","targetHints":{"allow":["GET"]}}],"collection":[{"href":"https:\/\/www.pressenza.com\/es\/wp-json\/wp\/v2\/posts"}],"about":[{"href":"https:\/\/www.pressenza.com\/es\/wp-json\/wp\/v2\/types\/post"}],"author":[{"embeddable":true,"href":"https:\/\/www.pressenza.com\/es\/wp-json\/wp\/v2\/users\/1657"}],"replies":[{"embeddable":true,"href":"https:\/\/www.pressenza.com\/es\/wp-json\/wp\/v2\/comments?post=1784995"}],"version-history":[{"count":0,"href":"https:\/\/www.pressenza.com\/es\/wp-json\/wp\/v2\/posts\/1784995\/revisions"}],"wp:featuredmedia":[{"embeddable":true,"href":"https:\/\/www.pressenza.com\/es\/wp-json\/wp\/v2\/media\/1784997"}],"wp:attachment":[{"href":"https:\/\/www.pressenza.com\/es\/wp-json\/wp\/v2\/media?parent=1784995"}],"wp:term":[{"taxonomy":"category","embeddable":true,"href":"https:\/\/www.pressenza.com\/es\/wp-json\/wp\/v2\/categories?post=1784995"},{"taxonomy":"post_tag","embeddable":true,"href":"https:\/\/www.pressenza.com\/es\/wp-json\/wp\/v2\/tags?post=1784995"}],"curies":[{"name":"wp","href":"https:\/\/api.w.org\/{rel}","templated":true}]}}