{"id":1784930,"date":"2023-12-01T00:56:49","date_gmt":"2023-12-01T00:56:49","guid":{"rendered":"https:\/\/www.pressenza.com\/?p=1784930"},"modified":"2023-12-01T00:56:49","modified_gmt":"2023-12-01T00:56:49","slug":"condenas-con-gusto-injusto-penas-menores-para-los-prefectos-que-asesinaron-a-rafael-nahuel","status":"publish","type":"post","link":"https:\/\/www.pressenza.com\/es\/2023\/12\/condenas-con-gusto-injusto-penas-menores-para-los-prefectos-que-asesinaron-a-rafael-nahuel\/","title":{"rendered":"Condenas con gusto injusto: Penas menores para los prefectos que asesinaron a Rafael Nahuel"},"content":{"rendered":"<p style=\"padding-left: 40px;\">Por Santiago Rey\/<a href=\"https:\/\/www.elextremosur.com\/\" target=\"_blank\" rel=\"noopener\">El Extremo Sur<\/a><\/p>\n<p>El Tribunal Oral Federal (TOF) de General Roca conden\u00f3 al prefecto Sergio Cavia a cinco a\u00f1os de prisi\u00f3n por el delito de \u00abhomicidio agravado cometido en exceso de leg\u00edtima defensa\u00bb, en perjuicio del joven mapuche Rafael Nahuel, en tanto que otros cuatro prefectos -Francisco Javier Pintos, Juan Ram\u00f3n Obreg\u00f3n, Carlos Valent\u00edn Sosa y Sergio Garc\u00eda- fueron condenados a 4 a\u00f1os y medio como \u00abpart\u00edcipes necesarios\u00bb por el mismo delito.<\/p>\n<p>As\u00ed lo inform\u00f3 el tribunal rionegrino al leer esta ma\u00f1ana el veredicto en el juicio por el asesinato del joven mapuche, cometido el 25 de noviembre de 2017 durante un operativo del Grupo Albatros en un predio en disputa entre la comunidad mapuche Lafken Winkul Mapu y la Direcci\u00f3n de Parques Nacionales en Villa Mascardi, Bariloche.<\/p>\n<p><strong>Luego de m\u00e1s de tres meses de audiencias en la instancia oral y p\u00fablica del juicio, el tribunal integrado por Alejandro Silva (presidente), Sim\u00f3n Bracco y Pablo D\u00edaz Lacava di\u00f3 su veredicto<\/strong>\u00a0en una audiencia que comenz\u00f3 a las 9 con las palabras finales de los procesados. Los jueces dar\u00e1n a conocer los fundamentos de su sentencia en los pr\u00f3ximos d\u00edas.<\/p>\n<p><strong>Los condenados no ser\u00e1n detenidos hasta que el fallo quede firme, luego de las previsibles apelaciones de las defensas y tambi\u00e9n de las querellas.<\/strong><\/p>\n<h3 class=\"background-main-color-box\">El cuestionamiento de los familiares por las penas<\/h3>\n<p>El fallo fue cuestionado por la familia del joven asesinado y por las tres querellas que en sus alegatos hab\u00edan solicitado prisi\u00f3n perpetua para los implicados. Seg\u00fan los abogados de la familia, de la Secretar\u00eda de Derechos Humanos de la Naci\u00f3n y de la APDH Bariloche, no existi\u00f3 un enfrentamiento con armas de fuego que justifique el atenuante del exceso en leg\u00edtima defensa.<\/p>\n<p>Seg\u00fan hab\u00edan planteado oportunamente, los Albatros persiguieron y dispararon en m\u00e1s de 150 oportunidades contra los integrantes de la comunidad, quienes se defendieron arrojando piedras.<\/p>\n<p>Pero el tribunal dio por cierto el relato del enfrentamiento, sostenido por las dos defensas de los uniformados. Los jueces tampoco adhirieron al pedido de las querellas de condenas por coautor\u00eda funcional de los cinco implicados, y en cambio conden\u00f3 por el homicidio a Cavia y como part\u00edcipes necesarios a los otros cuatro Albatros.<\/p>\n<p>Participaron de la audiencia el secretario de Derechos Humanos, Horacio Pietragalla Corti, cuya cartera es querellante en la causa, y familiares de v\u00edctimas de violencia institucional, como Alberto Santill\u00e1n, papa de Dar\u00edo, uno de los militantes sociales asesinados en el 2002 en las inmediaciones del Puente Pueyrred\u00f3n junto a Maximiliano Kosteki.<\/p>\n<p>Pietragalla Corti dijo a T\u00e9lam que el fallo \u00abno es lo que esperaba\u00bb, ya que durante el proceso \u00abqued\u00f3 clara la persecuci\u00f3n y cacer\u00eda\u00bb por parte de los uniformados contra la comunidad.<\/p>\n<p>Por su parte, Santill\u00e1n asegur\u00f3 a esta agencia:<strong>\u00a0\u00abMe nace acompa\u00f1ar a la familia de Rafael Nahuel porque hoy, sin lugar a dudas, mi hijo Dar\u00edo estar\u00eda ac\u00e1. Me parece que es el lugar correcto, donde hay que estar. Qu\u00e9 mejor que caminar en la misma vereda que caminaron nuestros hijos y sus compa\u00f1eros que fueron asesinados por las balas del Estado\u00bb<\/strong>.<\/p>\n<p>En las inmediaciones de los tribunales, que presentaron un refuerzo de su seguridad con un vallado levantado a 40 metros del ingreso a Tribunales, se manifestaron militantes de agrupaciones de izquierda, movimientos sociales y de comunidades mapuches.<\/p>\n<p>Al t\u00e9rmino de la lectura del fallo, los familiares se dirigieron a los presentes y mostraron su indignaci\u00f3n por las condenas.<\/p>\n<p><strong>\u00abEs una burla\u00bb<\/strong>, dijo Graciela Salvo, mam\u00e1 de Rafael, y explic\u00f3 que esperaban \u00abprisi\u00f3n perpetua y que vayan ya a la c\u00e1rcel\u00bb. Alejandro Nahuel, padre de Rafael, se\u00f1al\u00f3 que la familia \u00abse siente desilusionada\u00bb porque \u00ablos asesinos de nuestro hijo siguen en libertad\u00bb.<\/p>\n<p>Por su parte, el abogado querellante Rub\u00e9n Marigo anticip\u00f3 que apelar\u00e1 la resoluci\u00f3n y llevar\u00e1 el caso a los organismos internacionales de derechos humanos. Calific\u00f3 el fallo como \u00ablamentable\u00bb y dijo que \u00abalienta la violencia institucional\u00bb.<\/p>\n<p><strong>\u00abHa sido insuficiente la respuesta de la Justicia y lo lamentamos\u00bb<\/strong>, agreg\u00f3 Marigo a T\u00e9lam, y consider\u00f3 que \u00abdurante todo este proceso qued\u00f3 demostrado que hubo una persecuci\u00f3n, que los Albatros dispararon m\u00e1s de 150 veces y que adem\u00e1s de matar a Rafita, hirieron por la espalda a otras dos personas\u00bb.<\/p>\n<p>Sobre este \u00faltimo punto, el Tribunal tampoco hizo lugar al pedido de condena por homicidio agravado en grado de tentativa, en perjuicio de Johana Colhuan y Gonzalo Co\u00f1a, los dos j\u00f3venes heridos durante el operativo del 25 de noviembre de 2017.<\/p>\n<p>Finalmente, habl\u00f3 a los manifestantes Orlando Carriqueo, vocero de la Coordinadora del Parlamento Mapuche Tehuelche de R\u00edo Negro, y calific\u00f3 el fallo como \u00abuna verg\u00fcenza\u00bb. \u00ab<strong>El pueblo mapuche va a seguir luchando por su territorio como desde hace 140 a\u00f1os\u00bb<\/strong>, dijo, y carg\u00f3 contra el \u00abEstado opresor\u00bb que \u00abniega sus derechos a los pueblos originarios\u00bb.<\/p>\n<p>Al t\u00e9rmino del acto de cierre de la movilizaci\u00f3n, un grupo derrib\u00f3 las vallas colocadas sobre calle Espa\u00f1a y arroj\u00f3 piedras contra el cord\u00f3n de efectivos de Gendarmer\u00eda. La situaci\u00f3n no pas\u00f3 a mayores y los manifestantes se retiraron por las calles c\u00e9ntricas de la ciudad cantando consignas contra la polic\u00eda y el Estado.<\/p>\n<h3 class=\"background-main-color-box\">El proceso judicial<\/h3>\n<p>Durante el proceso judicial, las tres querellas participantes del juicio hab\u00edan solicitado una condena de prisi\u00f3n perpetua para los cinco integrantes de la Agrupaci\u00f3n Albatros de la Prefectura Naval Argentina, por considerarlos coautores funcionales del delito de homicidio doblemente calificado en concurso ideal con homicidio agravado en grado de tentativa.<\/p>\n<p>En tanto, la Fiscal\u00eda hab\u00eda requerido cinco a\u00f1os de prisi\u00f3n para cada uno de ellos, por la aplicaci\u00f3n del atenuante de \u00abexceso en leg\u00edtima defensa\u00bb, ya que dio por acreditado que en el hecho existi\u00f3 un enfrentamiento con armas de fuego, y que los uniformados, en ese contexto, accionaron protegi\u00e9ndose aunque m\u00e1s all\u00e1 de lo que establecen los protocolos de actuaci\u00f3n.<\/p>\n<p>Finalmente, las dos defensas que representan a los Albatros pidieron al Tribunal la absoluci\u00f3n de los cinco procesados por considerar que actuaron en leg\u00edtima defensa, sin excesos en su comportamiento y bajo una agresi\u00f3n desmedida y armada.<\/p>\n<p>La lectura del fallo se conoci\u00f3 pocos d\u00edas despu\u00e9s de que se cumplieran seis a\u00f1os del homicidio y de que desde el espacio del presidente electo Javier Milei se confirmara que su ministra de Seguridad ser\u00e1 Patricia Bullrich, la misma funcionaria que ejerc\u00eda ese cargo en el momento de la represi\u00f3n de Prefectura que termin\u00f3 con el asesinato de Nahuel.<\/p>\n<h3 class=\"background-main-color-box\">El inicio del juicio<\/h3>\n<p>El juicio comenz\u00f3 el pasado 15 de agosto, y durante m\u00e1s de 20 audiencias declararon 63 testigos, se incorpor\u00f3 prueba, analizaron pericias y se realiz\u00f3 una inspecci\u00f3n ocular en el lugar del hecho.<\/p>\n<p>El pasado 7 de noviembre, la querella de la Secretar\u00eda de Derechos Humanos de la Naci\u00f3n, encabezada por el abogado Mariano Przybylski, solicit\u00f3 prisi\u00f3n perpetua para los cinco prefectos.<\/p>\n<p>Durante un alegato que dur\u00f3 dos horas y cuarenta y cinco minutos, el abogado plante\u00f3 que qued\u00f3 acreditado que no existi\u00f3 un enfrentamiento armado, sino una persecuci\u00f3n m\u00e1s all\u00e1 del predio de la comunidad y que los efectivos dispararon en 151 oportunidades con munici\u00f3n de plomo.<\/p>\n<p>Para el abogado, el c\u00famulo de pruebas y testimonios demuestran que los procesados\u00a0<strong>\u00abdesobedecieron las \u00f3rdenes de esperar refuerzos y subieron con armas letales a la monta\u00f1a\u00bb<\/strong>, a la \u00abb\u00fasqueda de los mapuches\u00bb.<\/p>\n<p>Las otras dos querellas, en representaci\u00f3n de la familia de Nahuel y de la APDH Bariloche, adhirieron al pedido de pena realizado por la Secretar\u00eda de Derechos Humanos de la Naci\u00f3n, e incorporaron en sus alegatos el agravante de odio racial.<\/p>\n<p>En tanto, el fiscal Rafael Vehils Ruiz pidi\u00f3 cinco a\u00f1os de prisi\u00f3n para cada uno de los Albatros, ya que los considera coautores funcionales del hecho, aunque incorpor\u00f3 el atenuante de \u00abexceso en leg\u00edtima defensa\u00bb.<\/p>\n<p>Finalmente, el 15 de noviembre, las dos defensas reclamaron al Tribunal la absoluci\u00f3n de los prefectos.<\/p>\n<p>Seg\u00fan el relato del abogado Marcelo Hugo Rocchetti -defensor de Cavia, Pintos y Sosa, y exjefe de Gabinete de Cristian Ritondo en el Ministerio de Seguridad de la provincia de Buenos Aires durante la gesti\u00f3n de Mar\u00eda Eugenia Vidal-, los Albatros fueron emboscados y agredidos con armas de fuego, y siempre actuaron de acuerdo a los protocolos para situaci\u00f3n de este tipo: lo hicieron \u00abracional y proporcionalmente\u00bb, dijo. (T\u00e9lam)<\/p>\n","protected":false},"excerpt":{"rendered":"<p>Por Santiago Rey\/El Extremo Sur El Tribunal Oral Federal (TOF) de General Roca conden\u00f3 al prefecto Sergio Cavia a cinco a\u00f1os de prisi\u00f3n por el delito de \u00abhomicidio agravado cometido en exceso de leg\u00edtima defensa\u00bb, en perjuicio del joven mapuche&hellip;<\/p>\n","protected":false},"author":1254,"featured_media":1784931,"comment_status":"closed","ping_status":"closed","sticky":false,"template":"","format":"standard","meta":{"footnotes":""},"categories":[74,80,106740,67],"tags":[54082,26584,936,22210,42025,48221,18507],"class_list":["post-1784930","post","type-post","status-publish","format-standard","has-post-thumbnail","hentry","category-politica-es","category-pueblos-originarios","category-reportaje","category-sudamerica","tag-indigenas-es","tag-mapuce","tag-mapuche-es","tag-pueblos-originarios","tag-rafael-nahuel","tag-rafita","tag-territorios"],"yoast_head":"<!-- This site is optimized with the Yoast SEO plugin v27.1.1 - https:\/\/yoast.com\/product\/yoast-seo-wordpress\/ -->\n<title>Condenas con gusto injusto: Penas menores para los prefectos que asesinaron a Rafael Nahuel<\/title>\n<meta name=\"description\" content=\"Por Santiago Rey\/El Extremo Sur El Tribunal Oral Federal (TOF) de General Roca conden\u00f3 al prefecto Sergio Cavia a cinco a\u00f1os de prisi\u00f3n por el delito de\" \/>\n<meta name=\"robots\" content=\"index, follow, max-snippet:-1, max-image-preview:large, max-video-preview:-1\" \/>\n<link rel=\"canonical\" href=\"https:\/\/www.pressenza.com\/es\/2023\/12\/condenas-con-gusto-injusto-penas-menores-para-los-prefectos-que-asesinaron-a-rafael-nahuel\/\" \/>\n<meta property=\"og:locale\" content=\"es_ES\" \/>\n<meta property=\"og:type\" content=\"article\" \/>\n<meta property=\"og:title\" content=\"Condenas con gusto injusto: Penas menores para los prefectos que asesinaron a Rafael Nahuel\" \/>\n<meta property=\"og:description\" content=\"Por Santiago Rey\/El Extremo Sur El Tribunal Oral Federal (TOF) de General Roca conden\u00f3 al prefecto Sergio Cavia a cinco a\u00f1os de prisi\u00f3n por el delito de\" \/>\n<meta property=\"og:url\" content=\"https:\/\/www.pressenza.com\/es\/2023\/12\/condenas-con-gusto-injusto-penas-menores-para-los-prefectos-que-asesinaron-a-rafael-nahuel\/\" \/>\n<meta property=\"og:site_name\" content=\"Pressenza\" \/>\n<meta property=\"article:publisher\" content=\"https:\/\/www.facebook.com\/PressenzaItalia\" \/>\n<meta property=\"article:author\" content=\"https:\/\/www.facebook.com\/pressenza\" \/>\n<meta property=\"article:published_time\" content=\"2023-12-01T00:56:49+00:00\" \/>\n<meta property=\"og:image\" content=\"https:\/\/www.pressenza.com\/wp-content\/uploads\/2023\/12\/Rafita-David-Sanchez-Extremo-Sur.jpeg\" \/>\n\t<meta property=\"og:image:width\" content=\"1024\" \/>\n\t<meta property=\"og:image:height\" content=\"576\" \/>\n\t<meta property=\"og:image:type\" content=\"image\/jpeg\" \/>\n<meta name=\"author\" content=\"Redacci\u00f3n Mar del Plata\" \/>\n<meta name=\"twitter:card\" content=\"summary_large_image\" \/>\n<meta name=\"twitter:creator\" content=\"@Pressenza\" \/>\n<meta name=\"twitter:site\" content=\"@PressenzaIPA\" \/>\n<meta name=\"twitter:label1\" content=\"Escrito por\" \/>\n\t<meta name=\"twitter:data1\" content=\"Redacci\u00f3n Mar del Plata\" \/>\n\t<meta name=\"twitter:label2\" content=\"Tiempo de lectura\" \/>\n\t<meta name=\"twitter:data2\" content=\"7 minutos\" \/>\n<script type=\"application\/ld+json\" class=\"yoast-schema-graph\">{\"@context\":\"https:\/\/schema.org\",\"@graph\":[{\"@type\":\"Article\",\"@id\":\"https:\/\/www.pressenza.com\/es\/2023\/12\/condenas-con-gusto-injusto-penas-menores-para-los-prefectos-que-asesinaron-a-rafael-nahuel\/#article\",\"isPartOf\":{\"@id\":\"https:\/\/www.pressenza.com\/es\/2023\/12\/condenas-con-gusto-injusto-penas-menores-para-los-prefectos-que-asesinaron-a-rafael-nahuel\/\"},\"author\":{\"name\":\"Redacci\u00f3n Mar del Plata\",\"@id\":\"https:\/\/www.pressenza.com\/es\/#\/schema\/person\/738658b5125ecea661a8a0b96dba8b69\"},\"headline\":\"Condenas con gusto injusto: Penas menores para los prefectos que asesinaron a Rafael Nahuel\",\"datePublished\":\"2023-12-01T00:56:49+00:00\",\"mainEntityOfPage\":{\"@id\":\"https:\/\/www.pressenza.com\/es\/2023\/12\/condenas-con-gusto-injusto-penas-menores-para-los-prefectos-que-asesinaron-a-rafael-nahuel\/\"},\"wordCount\":1473,\"publisher\":{\"@id\":\"https:\/\/www.pressenza.com\/es\/#organization\"},\"image\":{\"@id\":\"https:\/\/www.pressenza.com\/es\/2023\/12\/condenas-con-gusto-injusto-penas-menores-para-los-prefectos-que-asesinaron-a-rafael-nahuel\/#primaryimage\"},\"thumbnailUrl\":\"https:\/\/www.pressenza.com\/wp-content\/uploads\/2023\/12\/Rafita-David-Sanchez-Extremo-Sur.jpeg\",\"keywords\":[\"indigenas\",\"mapuce\",\"mapuche\",\"Pueblos Originarios\",\"Rafael Nahuel\",\"Rafita\",\"territorios\"],\"articleSection\":[\"Pol\u00edtica\",\"Pueblos Originarios\",\"Reportaje\",\"Sudam\u00e9rica\"],\"inLanguage\":\"es\"},{\"@type\":\"WebPage\",\"@id\":\"https:\/\/www.pressenza.com\/es\/2023\/12\/condenas-con-gusto-injusto-penas-menores-para-los-prefectos-que-asesinaron-a-rafael-nahuel\/\",\"url\":\"https:\/\/www.pressenza.com\/es\/2023\/12\/condenas-con-gusto-injusto-penas-menores-para-los-prefectos-que-asesinaron-a-rafael-nahuel\/\",\"name\":\"Condenas con gusto injusto: Penas menores para los prefectos que asesinaron a Rafael Nahuel\",\"isPartOf\":{\"@id\":\"https:\/\/www.pressenza.com\/es\/#website\"},\"primaryImageOfPage\":{\"@id\":\"https:\/\/www.pressenza.com\/es\/2023\/12\/condenas-con-gusto-injusto-penas-menores-para-los-prefectos-que-asesinaron-a-rafael-nahuel\/#primaryimage\"},\"image\":{\"@id\":\"https:\/\/www.pressenza.com\/es\/2023\/12\/condenas-con-gusto-injusto-penas-menores-para-los-prefectos-que-asesinaron-a-rafael-nahuel\/#primaryimage\"},\"thumbnailUrl\":\"https:\/\/www.pressenza.com\/wp-content\/uploads\/2023\/12\/Rafita-David-Sanchez-Extremo-Sur.jpeg\",\"datePublished\":\"2023-12-01T00:56:49+00:00\",\"description\":\"Por Santiago Rey\/El Extremo Sur El Tribunal Oral Federal (TOF) de General Roca conden\u00f3 al prefecto Sergio Cavia a cinco a\u00f1os de prisi\u00f3n por el delito de\",\"breadcrumb\":{\"@id\":\"https:\/\/www.pressenza.com\/es\/2023\/12\/condenas-con-gusto-injusto-penas-menores-para-los-prefectos-que-asesinaron-a-rafael-nahuel\/#breadcrumb\"},\"inLanguage\":\"es\",\"potentialAction\":[{\"@type\":\"ReadAction\",\"target\":[\"https:\/\/www.pressenza.com\/es\/2023\/12\/condenas-con-gusto-injusto-penas-menores-para-los-prefectos-que-asesinaron-a-rafael-nahuel\/\"]}]},{\"@type\":\"ImageObject\",\"inLanguage\":\"es\",\"@id\":\"https:\/\/www.pressenza.com\/es\/2023\/12\/condenas-con-gusto-injusto-penas-menores-para-los-prefectos-que-asesinaron-a-rafael-nahuel\/#primaryimage\",\"url\":\"https:\/\/www.pressenza.com\/wp-content\/uploads\/2023\/12\/Rafita-David-Sanchez-Extremo-Sur.jpeg\",\"contentUrl\":\"https:\/\/www.pressenza.com\/wp-content\/uploads\/2023\/12\/Rafita-David-Sanchez-Extremo-Sur.jpeg\",\"width\":1024,\"height\":576},{\"@type\":\"BreadcrumbList\",\"@id\":\"https:\/\/www.pressenza.com\/es\/2023\/12\/condenas-con-gusto-injusto-penas-menores-para-los-prefectos-que-asesinaron-a-rafael-nahuel\/#breadcrumb\",\"itemListElement\":[{\"@type\":\"ListItem\",\"position\":1,\"name\":\"Accueil\",\"item\":\"https:\/\/www.pressenza.com\/es\/\"},{\"@type\":\"ListItem\",\"position\":2,\"name\":\"Condenas con gusto injusto: Penas menores para los prefectos que asesinaron a Rafael Nahuel\"}]},{\"@type\":\"WebSite\",\"@id\":\"https:\/\/www.pressenza.com\/es\/#website\",\"url\":\"https:\/\/www.pressenza.com\/es\/\",\"name\":\"Pressenza\",\"description\":\"International Press Agency\",\"publisher\":{\"@id\":\"https:\/\/www.pressenza.com\/es\/#organization\"},\"potentialAction\":[{\"@type\":\"SearchAction\",\"target\":{\"@type\":\"EntryPoint\",\"urlTemplate\":\"https:\/\/www.pressenza.com\/es\/?s={search_term_string}\"},\"query-input\":{\"@type\":\"PropertyValueSpecification\",\"valueRequired\":true,\"valueName\":\"search_term_string\"}}],\"inLanguage\":\"es\"},{\"@type\":\"Organization\",\"@id\":\"https:\/\/www.pressenza.com\/es\/#organization\",\"name\":\"Pressenza\",\"url\":\"https:\/\/www.pressenza.com\/es\/\",\"logo\":{\"@type\":\"ImageObject\",\"inLanguage\":\"es\",\"@id\":\"https:\/\/www.pressenza.com\/es\/#\/schema\/logo\/image\/\",\"url\":\"https:\/\/www.pressenza.com\/wp-content\/uploads\/2022\/10\/pressenza_logo_200x200.jpg\",\"contentUrl\":\"https:\/\/www.pressenza.com\/wp-content\/uploads\/2022\/10\/pressenza_logo_200x200.jpg\",\"width\":200,\"height\":200,\"caption\":\"Pressenza\"},\"image\":{\"@id\":\"https:\/\/www.pressenza.com\/es\/#\/schema\/logo\/image\/\"},\"sameAs\":[\"https:\/\/www.facebook.com\/PressenzaItalia\",\"https:\/\/x.com\/PressenzaIPA\"]},{\"@type\":\"Person\",\"@id\":\"https:\/\/www.pressenza.com\/es\/#\/schema\/person\/738658b5125ecea661a8a0b96dba8b69\",\"name\":\"Redacci\u00f3n Mar del Plata\",\"description\":\"News published by the Pressenza bureau in Mar Del Plata, Argentina\",\"sameAs\":[\"https:\/\/www.facebook.com\/pressenza\",\"https:\/\/x.com\/Pressenza\"],\"url\":\"https:\/\/www.pressenza.com\/es\/author\/redaccion-mar-del-plata\/\"}]}<\/script>\n<!-- \/ Yoast SEO plugin. -->","yoast_head_json":{"title":"Condenas con gusto injusto: Penas menores para los prefectos que asesinaron a Rafael Nahuel","description":"Por Santiago Rey\/El Extremo Sur El Tribunal Oral Federal (TOF) de General Roca conden\u00f3 al prefecto Sergio Cavia a cinco a\u00f1os de prisi\u00f3n por el delito de","robots":{"index":"index","follow":"follow","max-snippet":"max-snippet:-1","max-image-preview":"max-image-preview:large","max-video-preview":"max-video-preview:-1"},"canonical":"https:\/\/www.pressenza.com\/es\/2023\/12\/condenas-con-gusto-injusto-penas-menores-para-los-prefectos-que-asesinaron-a-rafael-nahuel\/","og_locale":"es_ES","og_type":"article","og_title":"Condenas con gusto injusto: Penas menores para los prefectos que asesinaron a Rafael Nahuel","og_description":"Por Santiago Rey\/El Extremo Sur El Tribunal Oral Federal (TOF) de General Roca conden\u00f3 al prefecto Sergio Cavia a cinco a\u00f1os de prisi\u00f3n por el delito de","og_url":"https:\/\/www.pressenza.com\/es\/2023\/12\/condenas-con-gusto-injusto-penas-menores-para-los-prefectos-que-asesinaron-a-rafael-nahuel\/","og_site_name":"Pressenza","article_publisher":"https:\/\/www.facebook.com\/PressenzaItalia","article_author":"https:\/\/www.facebook.com\/pressenza","article_published_time":"2023-12-01T00:56:49+00:00","og_image":[{"width":1024,"height":576,"url":"https:\/\/www.pressenza.com\/wp-content\/uploads\/2023\/12\/Rafita-David-Sanchez-Extremo-Sur.jpeg","type":"image\/jpeg"}],"author":"Redacci\u00f3n Mar del Plata","twitter_card":"summary_large_image","twitter_creator":"@Pressenza","twitter_site":"@PressenzaIPA","twitter_misc":{"Escrito por":"Redacci\u00f3n Mar del Plata","Tiempo de lectura":"7 minutos"},"schema":{"@context":"https:\/\/schema.org","@graph":[{"@type":"Article","@id":"https:\/\/www.pressenza.com\/es\/2023\/12\/condenas-con-gusto-injusto-penas-menores-para-los-prefectos-que-asesinaron-a-rafael-nahuel\/#article","isPartOf":{"@id":"https:\/\/www.pressenza.com\/es\/2023\/12\/condenas-con-gusto-injusto-penas-menores-para-los-prefectos-que-asesinaron-a-rafael-nahuel\/"},"author":{"name":"Redacci\u00f3n Mar del Plata","@id":"https:\/\/www.pressenza.com\/es\/#\/schema\/person\/738658b5125ecea661a8a0b96dba8b69"},"headline":"Condenas con gusto injusto: Penas menores para los prefectos que asesinaron a Rafael Nahuel","datePublished":"2023-12-01T00:56:49+00:00","mainEntityOfPage":{"@id":"https:\/\/www.pressenza.com\/es\/2023\/12\/condenas-con-gusto-injusto-penas-menores-para-los-prefectos-que-asesinaron-a-rafael-nahuel\/"},"wordCount":1473,"publisher":{"@id":"https:\/\/www.pressenza.com\/es\/#organization"},"image":{"@id":"https:\/\/www.pressenza.com\/es\/2023\/12\/condenas-con-gusto-injusto-penas-menores-para-los-prefectos-que-asesinaron-a-rafael-nahuel\/#primaryimage"},"thumbnailUrl":"https:\/\/www.pressenza.com\/wp-content\/uploads\/2023\/12\/Rafita-David-Sanchez-Extremo-Sur.jpeg","keywords":["indigenas","mapuce","mapuche","Pueblos Originarios","Rafael Nahuel","Rafita","territorios"],"articleSection":["Pol\u00edtica","Pueblos Originarios","Reportaje","Sudam\u00e9rica"],"inLanguage":"es"},{"@type":"WebPage","@id":"https:\/\/www.pressenza.com\/es\/2023\/12\/condenas-con-gusto-injusto-penas-menores-para-los-prefectos-que-asesinaron-a-rafael-nahuel\/","url":"https:\/\/www.pressenza.com\/es\/2023\/12\/condenas-con-gusto-injusto-penas-menores-para-los-prefectos-que-asesinaron-a-rafael-nahuel\/","name":"Condenas con gusto injusto: Penas menores para los prefectos que asesinaron a Rafael Nahuel","isPartOf":{"@id":"https:\/\/www.pressenza.com\/es\/#website"},"primaryImageOfPage":{"@id":"https:\/\/www.pressenza.com\/es\/2023\/12\/condenas-con-gusto-injusto-penas-menores-para-los-prefectos-que-asesinaron-a-rafael-nahuel\/#primaryimage"},"image":{"@id":"https:\/\/www.pressenza.com\/es\/2023\/12\/condenas-con-gusto-injusto-penas-menores-para-los-prefectos-que-asesinaron-a-rafael-nahuel\/#primaryimage"},"thumbnailUrl":"https:\/\/www.pressenza.com\/wp-content\/uploads\/2023\/12\/Rafita-David-Sanchez-Extremo-Sur.jpeg","datePublished":"2023-12-01T00:56:49+00:00","description":"Por Santiago Rey\/El Extremo Sur El Tribunal Oral Federal (TOF) de General Roca conden\u00f3 al prefecto Sergio Cavia a cinco a\u00f1os de prisi\u00f3n por el delito de","breadcrumb":{"@id":"https:\/\/www.pressenza.com\/es\/2023\/12\/condenas-con-gusto-injusto-penas-menores-para-los-prefectos-que-asesinaron-a-rafael-nahuel\/#breadcrumb"},"inLanguage":"es","potentialAction":[{"@type":"ReadAction","target":["https:\/\/www.pressenza.com\/es\/2023\/12\/condenas-con-gusto-injusto-penas-menores-para-los-prefectos-que-asesinaron-a-rafael-nahuel\/"]}]},{"@type":"ImageObject","inLanguage":"es","@id":"https:\/\/www.pressenza.com\/es\/2023\/12\/condenas-con-gusto-injusto-penas-menores-para-los-prefectos-que-asesinaron-a-rafael-nahuel\/#primaryimage","url":"https:\/\/www.pressenza.com\/wp-content\/uploads\/2023\/12\/Rafita-David-Sanchez-Extremo-Sur.jpeg","contentUrl":"https:\/\/www.pressenza.com\/wp-content\/uploads\/2023\/12\/Rafita-David-Sanchez-Extremo-Sur.jpeg","width":1024,"height":576},{"@type":"BreadcrumbList","@id":"https:\/\/www.pressenza.com\/es\/2023\/12\/condenas-con-gusto-injusto-penas-menores-para-los-prefectos-que-asesinaron-a-rafael-nahuel\/#breadcrumb","itemListElement":[{"@type":"ListItem","position":1,"name":"Accueil","item":"https:\/\/www.pressenza.com\/es\/"},{"@type":"ListItem","position":2,"name":"Condenas con gusto injusto: Penas menores para los prefectos que asesinaron a Rafael Nahuel"}]},{"@type":"WebSite","@id":"https:\/\/www.pressenza.com\/es\/#website","url":"https:\/\/www.pressenza.com\/es\/","name":"Pressenza","description":"International Press Agency","publisher":{"@id":"https:\/\/www.pressenza.com\/es\/#organization"},"potentialAction":[{"@type":"SearchAction","target":{"@type":"EntryPoint","urlTemplate":"https:\/\/www.pressenza.com\/es\/?s={search_term_string}"},"query-input":{"@type":"PropertyValueSpecification","valueRequired":true,"valueName":"search_term_string"}}],"inLanguage":"es"},{"@type":"Organization","@id":"https:\/\/www.pressenza.com\/es\/#organization","name":"Pressenza","url":"https:\/\/www.pressenza.com\/es\/","logo":{"@type":"ImageObject","inLanguage":"es","@id":"https:\/\/www.pressenza.com\/es\/#\/schema\/logo\/image\/","url":"https:\/\/www.pressenza.com\/wp-content\/uploads\/2022\/10\/pressenza_logo_200x200.jpg","contentUrl":"https:\/\/www.pressenza.com\/wp-content\/uploads\/2022\/10\/pressenza_logo_200x200.jpg","width":200,"height":200,"caption":"Pressenza"},"image":{"@id":"https:\/\/www.pressenza.com\/es\/#\/schema\/logo\/image\/"},"sameAs":["https:\/\/www.facebook.com\/PressenzaItalia","https:\/\/x.com\/PressenzaIPA"]},{"@type":"Person","@id":"https:\/\/www.pressenza.com\/es\/#\/schema\/person\/738658b5125ecea661a8a0b96dba8b69","name":"Redacci\u00f3n Mar del Plata","description":"News published by the Pressenza bureau in Mar Del Plata, Argentina","sameAs":["https:\/\/www.facebook.com\/pressenza","https:\/\/x.com\/Pressenza"],"url":"https:\/\/www.pressenza.com\/es\/author\/redaccion-mar-del-plata\/"}]}},"place":"El Extremo Sur, Argentina","original_article_url":"https:\/\/www.elextremosur.com\/nota\/46469-condenas-con-gusto-injusto-penas-menores-para-los-prefectos-que-asesinaron-a-rafael-nahuel\/","_links":{"self":[{"href":"https:\/\/www.pressenza.com\/es\/wp-json\/wp\/v2\/posts\/1784930","targetHints":{"allow":["GET"]}}],"collection":[{"href":"https:\/\/www.pressenza.com\/es\/wp-json\/wp\/v2\/posts"}],"about":[{"href":"https:\/\/www.pressenza.com\/es\/wp-json\/wp\/v2\/types\/post"}],"author":[{"embeddable":true,"href":"https:\/\/www.pressenza.com\/es\/wp-json\/wp\/v2\/users\/1254"}],"replies":[{"embeddable":true,"href":"https:\/\/www.pressenza.com\/es\/wp-json\/wp\/v2\/comments?post=1784930"}],"version-history":[{"count":0,"href":"https:\/\/www.pressenza.com\/es\/wp-json\/wp\/v2\/posts\/1784930\/revisions"}],"wp:featuredmedia":[{"embeddable":true,"href":"https:\/\/www.pressenza.com\/es\/wp-json\/wp\/v2\/media\/1784931"}],"wp:attachment":[{"href":"https:\/\/www.pressenza.com\/es\/wp-json\/wp\/v2\/media?parent=1784930"}],"wp:term":[{"taxonomy":"category","embeddable":true,"href":"https:\/\/www.pressenza.com\/es\/wp-json\/wp\/v2\/categories?post=1784930"},{"taxonomy":"post_tag","embeddable":true,"href":"https:\/\/www.pressenza.com\/es\/wp-json\/wp\/v2\/tags?post=1784930"}],"curies":[{"name":"wp","href":"https:\/\/api.w.org\/{rel}","templated":true}]}}