{"id":1784249,"date":"2023-11-28T04:27:56","date_gmt":"2023-11-28T04:27:56","guid":{"rendered":"https:\/\/www.pressenza.com\/?p=1784249"},"modified":"2023-11-28T04:32:31","modified_gmt":"2023-11-28T04:32:31","slug":"ex-ministro-maravi-todo-fue-una-conspiracion-contra-el-pdte-castillo","status":"publish","type":"post","link":"https:\/\/www.pressenza.com\/es\/2023\/11\/ex-ministro-maravi-todo-fue-una-conspiracion-contra-el-pdte-castillo\/","title":{"rendered":"Ex Ministro Marav\u00ed: Todo fue una conspiraci\u00f3n contra el Pdte. Castillo"},"content":{"rendered":"<p>En medio de una nueva crisis pol\u00edtica que vive el pa\u00eds, el ex ministro de Trabajo, Iber Marav\u00ed y representantes legales de la defensa del ex presidente Pedro Castillo se dieron cita en una conferencia de prensa para denunciar que la detenci\u00f3n del ex mandatario es producto de una conspiraci\u00f3n.<\/p>\n<p>\u00abPara que Castillo diera el golpe de Estado ten\u00eda que estar respaldado por las fuerzas del orden, no ha habido eso, no se ha demostrado que el presidente Pedro Castillo se ha alzado en armas; tampoco que hubiera rebeli\u00f3n como lo tipifica nuestro C\u00f3digo Penal. El profesor Castillo afectaba los intereses de los grupos econ\u00f3micos&#8230; Mucho antes que se le diera el golpe de Estado, el ya estaba siendo investigado por este Ministerio P\u00fablico infectado. \u00bfQui\u00e9n ha perseguido al presidente Castillo? una se\u00f1ora que hoy es se\u00f1alada por el mismo Ministerio P\u00fablico como una presunta cabecilla de una organizaci\u00f3n criminal\u00bb, se\u00f1al\u00f3 Marav\u00ed en declaraciones a Despernado Per\u00fa.<\/p>\n<p><a href=\"https:\/\/fb.watch\/oACYPe_KgI\/?mibextid=Nif5oz\">https:\/\/fb.watch\/oACYPe_KgI\/?mibextid=Nif5oz<\/a><\/p>\n<p>&nbsp;<\/p>\n<p>La conferencia de prensa, que cont\u00f3 con los abogados del ex presidente, Wilfredo Robles y Eduardo Pachas, se dio en el marco de una nueva crisis del Ministerio P\u00fablico, ya que en horas de la ma\u00f1ana la fiscal de la Naci\u00f3n, Patricia Benavides, destituy\u00f3 a la fiscal Marita Barreto Rivera, coordinadora del Equipo Especial de Fiscales contra la Corrupci\u00f3n en el Poder (Epiccop).<\/p>\n<p>Horas m\u00e1s tarde, una investigaci\u00f3n de dicho equipo y la Diviac se\u00f1alaban a la Fiscal de la Naci\u00f3n, Patricia Benavides, como l\u00edder de una presunta organizaci\u00f3n criminal que habr\u00eda cometido tr\u00e1fico de influencias. Su asesor Jaime Villanueva Barreto, fue detenido preliminarmente por la Polic\u00eda Nacional del Per\u00fa.<\/p>\n<p>El hecho ha conmocionado al pa\u00eds y diversas organizaciones se han pronunciando instando a la renuncia de la fiscal Patricia Benavides. La Junta de Fiscales Supremos cit\u00f3 a Benavides a una reuni\u00f3n de urgencia, la Coordinadora Nacional de Derechos Humanos exigi\u00f3 su salida, la Asociaci\u00f3n de Jueces para la Justicia y Democracia invoc\u00f3 a la\u00a0<strong>Junta Nacional de Justicia\u00a0<\/strong>(<strong>JNJ<\/strong>) a intervenir para sacar de la crisis al Ministerio P\u00fablico.<\/p>\n<p>Video: Despernado Per\u00fa.<\/p>\n","protected":false},"excerpt":{"rendered":"<p>En medio de una nueva crisis pol\u00edtica que vive el pa\u00eds, el ex ministro de Trabajo, Iber Marav\u00ed y representantes legales de la defensa del ex presidente Pedro Castillo se dieron cita en una conferencia de prensa para denunciar que&hellip;<\/p>\n","protected":false},"author":831,"featured_media":1784258,"comment_status":"closed","ping_status":"closed","sticky":false,"template":"","format":"standard","meta":{"footnotes":""},"categories":[11389,106739,74,67],"tags":[773,49693,92746,118143,50165],"class_list":["post-1784249","post","type-post","status-publish","format-standard","has-post-thumbnail","hentry","category-contenido-original","category-noticia","category-politica-es","category-sudamerica","tag-corrupcion","tag-lucha-anticorrupcion","tag-ministerio-publico-es","tag-organizacion-criminal","tag-trafico-de-influencias"],"yoast_head":"<!-- This site is optimized with the Yoast SEO plugin v27.1.1 - https:\/\/yoast.com\/product\/yoast-seo-wordpress\/ -->\n<title>Ex Ministro Marav\u00ed: Todo fue una conspiraci\u00f3n contra el Pdte. Castillo<\/title>\n<meta name=\"description\" content=\"En medio de una nueva crisis pol\u00edtica que vive el pa\u00eds, el ex ministro de Trabajo, Iber Marav\u00ed y representantes legales de la defensa del ex presidente\" \/>\n<meta name=\"robots\" content=\"index, follow, max-snippet:-1, max-image-preview:large, max-video-preview:-1\" \/>\n<link rel=\"canonical\" href=\"https:\/\/www.pressenza.com\/es\/2023\/11\/ex-ministro-maravi-todo-fue-una-conspiracion-contra-el-pdte-castillo\/\" \/>\n<meta property=\"og:locale\" content=\"es_ES\" \/>\n<meta property=\"og:type\" content=\"article\" \/>\n<meta property=\"og:title\" content=\"Ex Ministro Marav\u00ed: Todo fue una conspiraci\u00f3n contra el Pdte. Castillo\" \/>\n<meta property=\"og:description\" content=\"En medio de una nueva crisis pol\u00edtica que vive el pa\u00eds, el ex ministro de Trabajo, Iber Marav\u00ed y representantes legales de la defensa del ex presidente\" \/>\n<meta property=\"og:url\" content=\"https:\/\/www.pressenza.com\/es\/2023\/11\/ex-ministro-maravi-todo-fue-una-conspiracion-contra-el-pdte-castillo\/\" \/>\n<meta property=\"og:site_name\" content=\"Pressenza\" \/>\n<meta property=\"article:publisher\" content=\"https:\/\/www.facebook.com\/PressenzaItalia\" \/>\n<meta property=\"article:published_time\" content=\"2023-11-28T04:27:56+00:00\" \/>\n<meta property=\"article:modified_time\" content=\"2023-11-28T04:32:31+00:00\" \/>\n<meta property=\"og:image\" content=\"https:\/\/www.pressenza.com\/wp-content\/uploads\/2023\/11\/maravi.jpeg\" \/>\n\t<meta property=\"og:image:width\" content=\"1314\" \/>\n\t<meta property=\"og:image:height\" content=\"819\" \/>\n\t<meta property=\"og:image:type\" content=\"image\/jpeg\" \/>\n<meta name=\"author\" content=\"Redacci\u00f3n Per\u00fa\" \/>\n<meta name=\"twitter:card\" content=\"summary_large_image\" \/>\n<meta name=\"twitter:creator\" content=\"@PressenzaIPA\" \/>\n<meta name=\"twitter:site\" content=\"@PressenzaIPA\" \/>\n<meta name=\"twitter:label1\" content=\"Escrito por\" \/>\n\t<meta name=\"twitter:data1\" content=\"Redacci\u00f3n Per\u00fa\" \/>\n\t<meta name=\"twitter:label2\" content=\"Tiempo de lectura\" \/>\n\t<meta name=\"twitter:data2\" content=\"2 minutos\" \/>\n<script type=\"application\/ld+json\" class=\"yoast-schema-graph\">{\"@context\":\"https:\/\/schema.org\",\"@graph\":[{\"@type\":\"Article\",\"@id\":\"https:\/\/www.pressenza.com\/es\/2023\/11\/ex-ministro-maravi-todo-fue-una-conspiracion-contra-el-pdte-castillo\/#article\",\"isPartOf\":{\"@id\":\"https:\/\/www.pressenza.com\/es\/2023\/11\/ex-ministro-maravi-todo-fue-una-conspiracion-contra-el-pdte-castillo\/\"},\"author\":{\"name\":\"Redacci\u00f3n Per\u00fa\",\"@id\":\"https:\/\/www.pressenza.com\/es\/#\/schema\/person\/e86c29a41185b85084a478822f5de81b\"},\"headline\":\"Ex Ministro Marav\u00ed: Todo fue una conspiraci\u00f3n contra el Pdte. Castillo\",\"datePublished\":\"2023-11-28T04:27:56+00:00\",\"dateModified\":\"2023-11-28T04:32:31+00:00\",\"mainEntityOfPage\":{\"@id\":\"https:\/\/www.pressenza.com\/es\/2023\/11\/ex-ministro-maravi-todo-fue-una-conspiracion-contra-el-pdte-castillo\/\"},\"wordCount\":393,\"publisher\":{\"@id\":\"https:\/\/www.pressenza.com\/es\/#organization\"},\"image\":{\"@id\":\"https:\/\/www.pressenza.com\/es\/2023\/11\/ex-ministro-maravi-todo-fue-una-conspiracion-contra-el-pdte-castillo\/#primaryimage\"},\"thumbnailUrl\":\"https:\/\/www.pressenza.com\/wp-content\/uploads\/2023\/11\/maravi.jpeg\",\"keywords\":[\"corrupci\u00f3n\",\"Lucha anticorrupci\u00f3n\",\"ministerio publico\",\"organizaci\u00f3n criminal\",\"tr\u00e1fico de influencias\"],\"articleSection\":[\"Contenido Original\",\"Noticia\",\"Pol\u00edtica\",\"Sudam\u00e9rica\"],\"inLanguage\":\"es\"},{\"@type\":\"WebPage\",\"@id\":\"https:\/\/www.pressenza.com\/es\/2023\/11\/ex-ministro-maravi-todo-fue-una-conspiracion-contra-el-pdte-castillo\/\",\"url\":\"https:\/\/www.pressenza.com\/es\/2023\/11\/ex-ministro-maravi-todo-fue-una-conspiracion-contra-el-pdte-castillo\/\",\"name\":\"Ex Ministro Marav\u00ed: Todo fue una conspiraci\u00f3n contra el Pdte. Castillo\",\"isPartOf\":{\"@id\":\"https:\/\/www.pressenza.com\/es\/#website\"},\"primaryImageOfPage\":{\"@id\":\"https:\/\/www.pressenza.com\/es\/2023\/11\/ex-ministro-maravi-todo-fue-una-conspiracion-contra-el-pdte-castillo\/#primaryimage\"},\"image\":{\"@id\":\"https:\/\/www.pressenza.com\/es\/2023\/11\/ex-ministro-maravi-todo-fue-una-conspiracion-contra-el-pdte-castillo\/#primaryimage\"},\"thumbnailUrl\":\"https:\/\/www.pressenza.com\/wp-content\/uploads\/2023\/11\/maravi.jpeg\",\"datePublished\":\"2023-11-28T04:27:56+00:00\",\"dateModified\":\"2023-11-28T04:32:31+00:00\",\"description\":\"En medio de una nueva crisis pol\u00edtica que vive el pa\u00eds, el ex ministro de Trabajo, Iber Marav\u00ed y representantes legales de la defensa del ex presidente\",\"breadcrumb\":{\"@id\":\"https:\/\/www.pressenza.com\/es\/2023\/11\/ex-ministro-maravi-todo-fue-una-conspiracion-contra-el-pdte-castillo\/#breadcrumb\"},\"inLanguage\":\"es\",\"potentialAction\":[{\"@type\":\"ReadAction\",\"target\":[\"https:\/\/www.pressenza.com\/es\/2023\/11\/ex-ministro-maravi-todo-fue-una-conspiracion-contra-el-pdte-castillo\/\"]}]},{\"@type\":\"ImageObject\",\"inLanguage\":\"es\",\"@id\":\"https:\/\/www.pressenza.com\/es\/2023\/11\/ex-ministro-maravi-todo-fue-una-conspiracion-contra-el-pdte-castillo\/#primaryimage\",\"url\":\"https:\/\/www.pressenza.com\/wp-content\/uploads\/2023\/11\/maravi.jpeg\",\"contentUrl\":\"https:\/\/www.pressenza.com\/wp-content\/uploads\/2023\/11\/maravi.jpeg\",\"width\":1314,\"height\":819},{\"@type\":\"BreadcrumbList\",\"@id\":\"https:\/\/www.pressenza.com\/es\/2023\/11\/ex-ministro-maravi-todo-fue-una-conspiracion-contra-el-pdte-castillo\/#breadcrumb\",\"itemListElement\":[{\"@type\":\"ListItem\",\"position\":1,\"name\":\"Accueil\",\"item\":\"https:\/\/www.pressenza.com\/es\/\"},{\"@type\":\"ListItem\",\"position\":2,\"name\":\"Ex Ministro Marav\u00ed: Todo fue una conspiraci\u00f3n contra el Pdte. Castillo\"}]},{\"@type\":\"WebSite\",\"@id\":\"https:\/\/www.pressenza.com\/es\/#website\",\"url\":\"https:\/\/www.pressenza.com\/es\/\",\"name\":\"Pressenza\",\"description\":\"International Press Agency\",\"publisher\":{\"@id\":\"https:\/\/www.pressenza.com\/es\/#organization\"},\"potentialAction\":[{\"@type\":\"SearchAction\",\"target\":{\"@type\":\"EntryPoint\",\"urlTemplate\":\"https:\/\/www.pressenza.com\/es\/?s={search_term_string}\"},\"query-input\":{\"@type\":\"PropertyValueSpecification\",\"valueRequired\":true,\"valueName\":\"search_term_string\"}}],\"inLanguage\":\"es\"},{\"@type\":\"Organization\",\"@id\":\"https:\/\/www.pressenza.com\/es\/#organization\",\"name\":\"Pressenza\",\"url\":\"https:\/\/www.pressenza.com\/es\/\",\"logo\":{\"@type\":\"ImageObject\",\"inLanguage\":\"es\",\"@id\":\"https:\/\/www.pressenza.com\/es\/#\/schema\/logo\/image\/\",\"url\":\"https:\/\/www.pressenza.com\/wp-content\/uploads\/2022\/10\/pressenza_logo_200x200.jpg\",\"contentUrl\":\"https:\/\/www.pressenza.com\/wp-content\/uploads\/2022\/10\/pressenza_logo_200x200.jpg\",\"width\":200,\"height\":200,\"caption\":\"Pressenza\"},\"image\":{\"@id\":\"https:\/\/www.pressenza.com\/es\/#\/schema\/logo\/image\/\"},\"sameAs\":[\"https:\/\/www.facebook.com\/PressenzaItalia\",\"https:\/\/x.com\/PressenzaIPA\"]},{\"@type\":\"Person\",\"@id\":\"https:\/\/www.pressenza.com\/es\/#\/schema\/person\/e86c29a41185b85084a478822f5de81b\",\"name\":\"Redacci\u00f3n Per\u00fa\",\"description\":\"News published by the Pressenza bureau in Peru\",\"url\":\"https:\/\/www.pressenza.com\/es\/author\/redaccion-peru\/\"}]}<\/script>\n<!-- \/ Yoast SEO plugin. -->","yoast_head_json":{"title":"Ex Ministro Marav\u00ed: Todo fue una conspiraci\u00f3n contra el Pdte. Castillo","description":"En medio de una nueva crisis pol\u00edtica que vive el pa\u00eds, el ex ministro de Trabajo, Iber Marav\u00ed y representantes legales de la defensa del ex presidente","robots":{"index":"index","follow":"follow","max-snippet":"max-snippet:-1","max-image-preview":"max-image-preview:large","max-video-preview":"max-video-preview:-1"},"canonical":"https:\/\/www.pressenza.com\/es\/2023\/11\/ex-ministro-maravi-todo-fue-una-conspiracion-contra-el-pdte-castillo\/","og_locale":"es_ES","og_type":"article","og_title":"Ex Ministro Marav\u00ed: Todo fue una conspiraci\u00f3n contra el Pdte. Castillo","og_description":"En medio de una nueva crisis pol\u00edtica que vive el pa\u00eds, el ex ministro de Trabajo, Iber Marav\u00ed y representantes legales de la defensa del ex presidente","og_url":"https:\/\/www.pressenza.com\/es\/2023\/11\/ex-ministro-maravi-todo-fue-una-conspiracion-contra-el-pdte-castillo\/","og_site_name":"Pressenza","article_publisher":"https:\/\/www.facebook.com\/PressenzaItalia","article_published_time":"2023-11-28T04:27:56+00:00","article_modified_time":"2023-11-28T04:32:31+00:00","og_image":[{"width":1314,"height":819,"url":"https:\/\/www.pressenza.com\/wp-content\/uploads\/2023\/11\/maravi.jpeg","type":"image\/jpeg"}],"author":"Redacci\u00f3n Per\u00fa","twitter_card":"summary_large_image","twitter_creator":"@PressenzaIPA","twitter_site":"@PressenzaIPA","twitter_misc":{"Escrito por":"Redacci\u00f3n Per\u00fa","Tiempo de lectura":"2 minutos"},"schema":{"@context":"https:\/\/schema.org","@graph":[{"@type":"Article","@id":"https:\/\/www.pressenza.com\/es\/2023\/11\/ex-ministro-maravi-todo-fue-una-conspiracion-contra-el-pdte-castillo\/#article","isPartOf":{"@id":"https:\/\/www.pressenza.com\/es\/2023\/11\/ex-ministro-maravi-todo-fue-una-conspiracion-contra-el-pdte-castillo\/"},"author":{"name":"Redacci\u00f3n Per\u00fa","@id":"https:\/\/www.pressenza.com\/es\/#\/schema\/person\/e86c29a41185b85084a478822f5de81b"},"headline":"Ex Ministro Marav\u00ed: Todo fue una conspiraci\u00f3n contra el Pdte. Castillo","datePublished":"2023-11-28T04:27:56+00:00","dateModified":"2023-11-28T04:32:31+00:00","mainEntityOfPage":{"@id":"https:\/\/www.pressenza.com\/es\/2023\/11\/ex-ministro-maravi-todo-fue-una-conspiracion-contra-el-pdte-castillo\/"},"wordCount":393,"publisher":{"@id":"https:\/\/www.pressenza.com\/es\/#organization"},"image":{"@id":"https:\/\/www.pressenza.com\/es\/2023\/11\/ex-ministro-maravi-todo-fue-una-conspiracion-contra-el-pdte-castillo\/#primaryimage"},"thumbnailUrl":"https:\/\/www.pressenza.com\/wp-content\/uploads\/2023\/11\/maravi.jpeg","keywords":["corrupci\u00f3n","Lucha anticorrupci\u00f3n","ministerio publico","organizaci\u00f3n criminal","tr\u00e1fico de influencias"],"articleSection":["Contenido Original","Noticia","Pol\u00edtica","Sudam\u00e9rica"],"inLanguage":"es"},{"@type":"WebPage","@id":"https:\/\/www.pressenza.com\/es\/2023\/11\/ex-ministro-maravi-todo-fue-una-conspiracion-contra-el-pdte-castillo\/","url":"https:\/\/www.pressenza.com\/es\/2023\/11\/ex-ministro-maravi-todo-fue-una-conspiracion-contra-el-pdte-castillo\/","name":"Ex Ministro Marav\u00ed: Todo fue una conspiraci\u00f3n contra el Pdte. Castillo","isPartOf":{"@id":"https:\/\/www.pressenza.com\/es\/#website"},"primaryImageOfPage":{"@id":"https:\/\/www.pressenza.com\/es\/2023\/11\/ex-ministro-maravi-todo-fue-una-conspiracion-contra-el-pdte-castillo\/#primaryimage"},"image":{"@id":"https:\/\/www.pressenza.com\/es\/2023\/11\/ex-ministro-maravi-todo-fue-una-conspiracion-contra-el-pdte-castillo\/#primaryimage"},"thumbnailUrl":"https:\/\/www.pressenza.com\/wp-content\/uploads\/2023\/11\/maravi.jpeg","datePublished":"2023-11-28T04:27:56+00:00","dateModified":"2023-11-28T04:32:31+00:00","description":"En medio de una nueva crisis pol\u00edtica que vive el pa\u00eds, el ex ministro de Trabajo, Iber Marav\u00ed y representantes legales de la defensa del ex presidente","breadcrumb":{"@id":"https:\/\/www.pressenza.com\/es\/2023\/11\/ex-ministro-maravi-todo-fue-una-conspiracion-contra-el-pdte-castillo\/#breadcrumb"},"inLanguage":"es","potentialAction":[{"@type":"ReadAction","target":["https:\/\/www.pressenza.com\/es\/2023\/11\/ex-ministro-maravi-todo-fue-una-conspiracion-contra-el-pdte-castillo\/"]}]},{"@type":"ImageObject","inLanguage":"es","@id":"https:\/\/www.pressenza.com\/es\/2023\/11\/ex-ministro-maravi-todo-fue-una-conspiracion-contra-el-pdte-castillo\/#primaryimage","url":"https:\/\/www.pressenza.com\/wp-content\/uploads\/2023\/11\/maravi.jpeg","contentUrl":"https:\/\/www.pressenza.com\/wp-content\/uploads\/2023\/11\/maravi.jpeg","width":1314,"height":819},{"@type":"BreadcrumbList","@id":"https:\/\/www.pressenza.com\/es\/2023\/11\/ex-ministro-maravi-todo-fue-una-conspiracion-contra-el-pdte-castillo\/#breadcrumb","itemListElement":[{"@type":"ListItem","position":1,"name":"Accueil","item":"https:\/\/www.pressenza.com\/es\/"},{"@type":"ListItem","position":2,"name":"Ex Ministro Marav\u00ed: Todo fue una conspiraci\u00f3n contra el Pdte. Castillo"}]},{"@type":"WebSite","@id":"https:\/\/www.pressenza.com\/es\/#website","url":"https:\/\/www.pressenza.com\/es\/","name":"Pressenza","description":"International Press Agency","publisher":{"@id":"https:\/\/www.pressenza.com\/es\/#organization"},"potentialAction":[{"@type":"SearchAction","target":{"@type":"EntryPoint","urlTemplate":"https:\/\/www.pressenza.com\/es\/?s={search_term_string}"},"query-input":{"@type":"PropertyValueSpecification","valueRequired":true,"valueName":"search_term_string"}}],"inLanguage":"es"},{"@type":"Organization","@id":"https:\/\/www.pressenza.com\/es\/#organization","name":"Pressenza","url":"https:\/\/www.pressenza.com\/es\/","logo":{"@type":"ImageObject","inLanguage":"es","@id":"https:\/\/www.pressenza.com\/es\/#\/schema\/logo\/image\/","url":"https:\/\/www.pressenza.com\/wp-content\/uploads\/2022\/10\/pressenza_logo_200x200.jpg","contentUrl":"https:\/\/www.pressenza.com\/wp-content\/uploads\/2022\/10\/pressenza_logo_200x200.jpg","width":200,"height":200,"caption":"Pressenza"},"image":{"@id":"https:\/\/www.pressenza.com\/es\/#\/schema\/logo\/image\/"},"sameAs":["https:\/\/www.facebook.com\/PressenzaItalia","https:\/\/x.com\/PressenzaIPA"]},{"@type":"Person","@id":"https:\/\/www.pressenza.com\/es\/#\/schema\/person\/e86c29a41185b85084a478822f5de81b","name":"Redacci\u00f3n Per\u00fa","description":"News published by the Pressenza bureau in Peru","url":"https:\/\/www.pressenza.com\/es\/author\/redaccion-peru\/"}]}},"place":"","original_article_url":"","_links":{"self":[{"href":"https:\/\/www.pressenza.com\/es\/wp-json\/wp\/v2\/posts\/1784249","targetHints":{"allow":["GET"]}}],"collection":[{"href":"https:\/\/www.pressenza.com\/es\/wp-json\/wp\/v2\/posts"}],"about":[{"href":"https:\/\/www.pressenza.com\/es\/wp-json\/wp\/v2\/types\/post"}],"author":[{"embeddable":true,"href":"https:\/\/www.pressenza.com\/es\/wp-json\/wp\/v2\/users\/831"}],"replies":[{"embeddable":true,"href":"https:\/\/www.pressenza.com\/es\/wp-json\/wp\/v2\/comments?post=1784249"}],"version-history":[{"count":0,"href":"https:\/\/www.pressenza.com\/es\/wp-json\/wp\/v2\/posts\/1784249\/revisions"}],"wp:featuredmedia":[{"embeddable":true,"href":"https:\/\/www.pressenza.com\/es\/wp-json\/wp\/v2\/media\/1784258"}],"wp:attachment":[{"href":"https:\/\/www.pressenza.com\/es\/wp-json\/wp\/v2\/media?parent=1784249"}],"wp:term":[{"taxonomy":"category","embeddable":true,"href":"https:\/\/www.pressenza.com\/es\/wp-json\/wp\/v2\/categories?post=1784249"},{"taxonomy":"post_tag","embeddable":true,"href":"https:\/\/www.pressenza.com\/es\/wp-json\/wp\/v2\/tags?post=1784249"}],"curies":[{"name":"wp","href":"https:\/\/api.w.org\/{rel}","templated":true}]}}