{"id":1782272,"date":"2023-11-18T20:20:45","date_gmt":"2023-11-18T20:20:45","guid":{"rendered":"https:\/\/www.pressenza.com\/?p=1782272"},"modified":"2023-11-18T20:20:45","modified_gmt":"2023-11-18T20:20:45","slug":"tu-latido","status":"publish","type":"post","link":"https:\/\/www.pressenza.com\/es\/2023\/11\/tu-latido\/","title":{"rendered":"Tu latido"},"content":{"rendered":"<p>Escucho el latido intenso de tu coraz\u00f3n. La suave brisa de tu suspiro y el lamento de las olas al terminar su camino y besar suavemente la arena. De ella venimos y hacia ella nos hundimos en el misterio profundo de la savia marina.<\/p>\n<p>En silencio, perdiendo mi mirada en la intensidad de la mar, busco la esencia de la felicidad perdida, de la vida que un d\u00eda surgi\u00f3 entre sus aguas.<\/p>\n<p>Perdido en los pensamientos de mi conciencia, cierro los ojos y busco las palabras escondidas en lo m\u00e1s profundo de mi coraz\u00f3n. Y ah\u00ed est\u00e1s, d\u00e1ndome la mano y tendiendo la esperanza perdida de un ayer.<\/p>\n<p>El sol, c\u00f3mplice\u00a0 de este letargo, alumbra el camino de mis pasos, levanta espinas en cada rayo y abre anhelos en cada movimiento marino que la luna le lanza desde lo alto, como un gui\u00f1o enamorado en la distancia.<\/p>\n<p>La mar me atrae. Me susurra al o\u00eddo y me canta melod\u00edas de aventuras escondidas en la profundidad de sus aguas. Y en ella me deslizo, buscando ese anillo perdido de mi amada, esas l\u00e1grimas que cayeron por la p\u00e9rdida de un recuerdo atado a la vida y que al perderse en tu inmensidad, vio tambi\u00e9n la llegada de un viaje inesperado. Y busco tesoros escondidos, ciudades perdidas y cuevas que ocultan inmensas maravillas.<\/p>\n<p>Sentado frente a ella, el mundo se disipa, se paraliza. No existe un antes o un despu\u00e9s. S\u00f3lo ella y yo. El color azul, reflejo del cielo, embriaga mi sed y mi piel se eriza buscando una pasi\u00f3n, una caricia que no llega y un amor que vol\u00f3 al universo desbocado del m\u00e1s all\u00e1.<\/p>\n<p>Miro el horizonte surcando con la imaginaci\u00f3n o tal vez con mi otro yo navegando sus aguas y juego con los delfines y ballenas que danzan junto a m\u00ed intentando que mi sonrisa se mezcle con las suyas al paso de mi aventura. Surco sus aguas profundas y como un Nemo, me a\u00edslo del maravilloso mundo\u00a0 de las profundidades del oc\u00e9ano. Un mundo desconocido y por descubrir.<\/p>\n<p>La mar me alumbra tambi\u00e9n mis versos que navegan velozmente por mis neuronas buscando una salida para as\u00ed dejar huella de mi sentir.<\/p>\n<div id=\"attachment_1782274\" class=\"wp-caption alignnone\"><img loading=\"lazy\" decoding=\"async\" aria-describedby=\"caption-attachment-1782274\" class=\"wp-image-1782274\" src=\"https:\/\/www.pressenza.com\/wp-content\/uploads\/2023\/11\/Sara-Pozas-300x260.jpg\" alt=\"\" width=\"768\" height=\"665\" srcset=\"https:\/\/www.pressenza.com\/wp-content\/uploads\/2023\/11\/Sara-Pozas-300x260.jpg 300w, https:\/\/www.pressenza.com\/wp-content\/uploads\/2023\/11\/Sara-Pozas-820x711.jpg 820w, https:\/\/www.pressenza.com\/wp-content\/uploads\/2023\/11\/Sara-Pozas.jpg 1535w\" sizes=\"auto, (max-width: 768px) 100vw, 768px\" \/><p id=\"caption-attachment-1782274\" class=\"wp-caption-text\">Imagen: Sara Pozas Garc\u00eda<\/p><\/div>\n<p style=\"text-align: center;\">Te veo, me miras,<\/p>\n<p style=\"text-align: center;\">me das tranquilidad,<\/p>\n<p style=\"text-align: center;\">siento tus caricias<\/p>\n<p style=\"text-align: center;\">y tu luz de felicidad.<\/p>\n<p style=\"text-align: center;\">\n<p>&nbsp;<\/p>\n<p style=\"text-align: center;\">Tu horizonte me habla.<\/p>\n<p style=\"text-align: center;\">Tus gotas de agua<\/p>\n<p style=\"text-align: center;\">recorren mi piel<\/p>\n<p style=\"text-align: center;\">seca y arrugada.<\/p>\n<p style=\"text-align: center;\">\n<p>&nbsp;<\/p>\n<p style=\"text-align: center;\">El tiempo pasa.<\/p>\n<p style=\"text-align: center;\">Pero en ti,<\/p>\n<p style=\"text-align: center;\">la belleza es m\u00e1s clara,<\/p>\n<p style=\"text-align: center;\">m\u00e1s dulce y suave<\/p>\n<p style=\"text-align: center;\">en el latir de tu alma,<\/p>\n<p style=\"text-align: center;\">en el aroma<\/p>\n<p style=\"text-align: center;\">de tu espuma blanca.<\/p>\n<div id=\"attachment_1782275\" class=\"wp-caption alignnone\"><img loading=\"lazy\" decoding=\"async\" aria-describedby=\"caption-attachment-1782275\" class=\"wp-image-1782275\" src=\"https:\/\/www.pressenza.com\/wp-content\/uploads\/2023\/11\/ppt-5-300x134.jpg\" alt=\"\" width=\"789\" height=\"352\" srcset=\"https:\/\/www.pressenza.com\/wp-content\/uploads\/2023\/11\/ppt-5-300x134.jpg 300w, https:\/\/www.pressenza.com\/wp-content\/uploads\/2023\/11\/ppt-5-820x367.jpg 820w, https:\/\/www.pressenza.com\/wp-content\/uploads\/2023\/11\/ppt-5.jpg 1920w\" sizes=\"auto, (max-width: 789px) 100vw, 789px\" \/><p id=\"caption-attachment-1782275\" class=\"wp-caption-text\">Imagen: Pedro Pozas Terrados<\/p><\/div>\n<p>&nbsp;<\/p>\n<p style=\"text-align: center;\">S\u00f3lo con verte<\/p>\n<p style=\"text-align: center;\">mis ojos se relajan.<\/p>\n<p style=\"text-align: center;\">Escucharte<\/p>\n<p style=\"text-align: center;\">y mi voz tiembla<\/p>\n<p style=\"text-align: center;\">en cada mirada.<\/p>\n<p style=\"text-align: center;\">Sentirte,<\/p>\n<p style=\"text-align: center;\">y es como volver<\/p>\n<p style=\"text-align: center;\">a la nada.<\/p>\n<p style=\"text-align: center;\">\n<p>&nbsp;<\/p>\n<p style=\"text-align: center;\">La mar<\/p>\n<p style=\"text-align: center;\">es la madre<\/p>\n<p style=\"text-align: center;\">de nuestro amar.<\/p>\n","protected":false},"excerpt":{"rendered":"<p>Escucho el latido intenso de tu coraz\u00f3n. La suave brisa de tu suspiro y el lamento de las olas al terminar su camino y besar suavemente la arena. De ella venimos y hacia ella nos hundimos en el misterio profundo&hellip;<\/p>\n","protected":false},"author":2023,"featured_media":1782273,"comment_status":"closed","ping_status":"closed","sticky":false,"template":"","format":"standard","meta":{"footnotes":""},"categories":[75],"tags":[58442,117910,117909,117911],"class_list":["post-1782272","post","type-post","status-publish","format-standard","has-post-thumbnail","hentry","category-cultura-es","tag-el-sol","tag-la-luna","tag-la-mar","tag-lagrimas"],"yoast_head":"<!-- This site is optimized with the Yoast SEO plugin v27.1.1 - https:\/\/yoast.com\/product\/yoast-seo-wordpress\/ -->\n<title>Tu latido<\/title>\n<meta name=\"description\" content=\"Escucho el latido intenso de tu coraz\u00f3n. La suave brisa de tu suspiro y el lamento de las olas al terminar su camino y besar suavemente la arena. De ella\" \/>\n<meta name=\"robots\" content=\"index, follow, max-snippet:-1, max-image-preview:large, max-video-preview:-1\" \/>\n<link rel=\"canonical\" href=\"https:\/\/www.pressenza.com\/es\/2023\/11\/tu-latido\/\" \/>\n<meta property=\"og:locale\" content=\"es_ES\" \/>\n<meta property=\"og:type\" content=\"article\" \/>\n<meta property=\"og:title\" content=\"Tu latido\" \/>\n<meta property=\"og:description\" content=\"Escucho el latido intenso de tu coraz\u00f3n. La suave brisa de tu suspiro y el lamento de las olas al terminar su camino y besar suavemente la arena. De ella\" \/>\n<meta property=\"og:url\" content=\"https:\/\/www.pressenza.com\/es\/2023\/11\/tu-latido\/\" \/>\n<meta property=\"og:site_name\" content=\"Pressenza\" \/>\n<meta property=\"article:publisher\" content=\"https:\/\/www.facebook.com\/PressenzaItalia\" \/>\n<meta property=\"article:published_time\" content=\"2023-11-18T20:20:45+00:00\" \/>\n<meta property=\"og:image\" content=\"https:\/\/www.pressenza.com\/wp-content\/uploads\/2023\/11\/ppt-2.jpg\" \/>\n\t<meta property=\"og:image:width\" content=\"1920\" \/>\n\t<meta property=\"og:image:height\" content=\"841\" \/>\n\t<meta property=\"og:image:type\" content=\"image\/jpeg\" \/>\n<meta name=\"author\" content=\"Pedro Pozas Terrados\" \/>\n<meta name=\"twitter:card\" content=\"summary_large_image\" \/>\n<meta name=\"twitter:creator\" content=\"@PressenzaIPA\" \/>\n<meta name=\"twitter:site\" content=\"@PressenzaIPA\" \/>\n<meta name=\"twitter:label1\" content=\"Escrito por\" \/>\n\t<meta name=\"twitter:data1\" content=\"Pedro Pozas Terrados\" \/>\n\t<meta name=\"twitter:label2\" content=\"Tiempo de lectura\" \/>\n\t<meta name=\"twitter:data2\" content=\"3 minutos\" \/>\n<script type=\"application\/ld+json\" class=\"yoast-schema-graph\">{\"@context\":\"https:\/\/schema.org\",\"@graph\":[{\"@type\":\"Article\",\"@id\":\"https:\/\/www.pressenza.com\/es\/2023\/11\/tu-latido\/#article\",\"isPartOf\":{\"@id\":\"https:\/\/www.pressenza.com\/es\/2023\/11\/tu-latido\/\"},\"author\":{\"name\":\"Pedro Pozas Terrados\",\"@id\":\"https:\/\/www.pressenza.com\/es\/#\/schema\/person\/3e3dc7faa4424387772733d19e115974\"},\"headline\":\"Tu latido\",\"datePublished\":\"2023-11-18T20:20:45+00:00\",\"mainEntityOfPage\":{\"@id\":\"https:\/\/www.pressenza.com\/es\/2023\/11\/tu-latido\/\"},\"wordCount\":506,\"publisher\":{\"@id\":\"https:\/\/www.pressenza.com\/es\/#organization\"},\"image\":{\"@id\":\"https:\/\/www.pressenza.com\/es\/2023\/11\/tu-latido\/#primaryimage\"},\"thumbnailUrl\":\"https:\/\/www.pressenza.com\/wp-content\/uploads\/2023\/11\/ppt-2.jpg\",\"keywords\":[\"El Sol\",\"la luna\",\"La mar\",\"l\u00e1grimas\"],\"articleSection\":[\"Cultura y Medios\"],\"inLanguage\":\"es\"},{\"@type\":\"WebPage\",\"@id\":\"https:\/\/www.pressenza.com\/es\/2023\/11\/tu-latido\/\",\"url\":\"https:\/\/www.pressenza.com\/es\/2023\/11\/tu-latido\/\",\"name\":\"Tu latido\",\"isPartOf\":{\"@id\":\"https:\/\/www.pressenza.com\/es\/#website\"},\"primaryImageOfPage\":{\"@id\":\"https:\/\/www.pressenza.com\/es\/2023\/11\/tu-latido\/#primaryimage\"},\"image\":{\"@id\":\"https:\/\/www.pressenza.com\/es\/2023\/11\/tu-latido\/#primaryimage\"},\"thumbnailUrl\":\"https:\/\/www.pressenza.com\/wp-content\/uploads\/2023\/11\/ppt-2.jpg\",\"datePublished\":\"2023-11-18T20:20:45+00:00\",\"description\":\"Escucho el latido intenso de tu coraz\u00f3n. La suave brisa de tu suspiro y el lamento de las olas al terminar su camino y besar suavemente la arena. De ella\",\"breadcrumb\":{\"@id\":\"https:\/\/www.pressenza.com\/es\/2023\/11\/tu-latido\/#breadcrumb\"},\"inLanguage\":\"es\",\"potentialAction\":[{\"@type\":\"ReadAction\",\"target\":[\"https:\/\/www.pressenza.com\/es\/2023\/11\/tu-latido\/\"]}]},{\"@type\":\"ImageObject\",\"inLanguage\":\"es\",\"@id\":\"https:\/\/www.pressenza.com\/es\/2023\/11\/tu-latido\/#primaryimage\",\"url\":\"https:\/\/www.pressenza.com\/wp-content\/uploads\/2023\/11\/ppt-2.jpg\",\"contentUrl\":\"https:\/\/www.pressenza.com\/wp-content\/uploads\/2023\/11\/ppt-2.jpg\",\"width\":1920,\"height\":841},{\"@type\":\"BreadcrumbList\",\"@id\":\"https:\/\/www.pressenza.com\/es\/2023\/11\/tu-latido\/#breadcrumb\",\"itemListElement\":[{\"@type\":\"ListItem\",\"position\":1,\"name\":\"Accueil\",\"item\":\"https:\/\/www.pressenza.com\/es\/\"},{\"@type\":\"ListItem\",\"position\":2,\"name\":\"Tu latido\"}]},{\"@type\":\"WebSite\",\"@id\":\"https:\/\/www.pressenza.com\/es\/#website\",\"url\":\"https:\/\/www.pressenza.com\/es\/\",\"name\":\"Pressenza\",\"description\":\"International Press Agency\",\"publisher\":{\"@id\":\"https:\/\/www.pressenza.com\/es\/#organization\"},\"potentialAction\":[{\"@type\":\"SearchAction\",\"target\":{\"@type\":\"EntryPoint\",\"urlTemplate\":\"https:\/\/www.pressenza.com\/es\/?s={search_term_string}\"},\"query-input\":{\"@type\":\"PropertyValueSpecification\",\"valueRequired\":true,\"valueName\":\"search_term_string\"}}],\"inLanguage\":\"es\"},{\"@type\":\"Organization\",\"@id\":\"https:\/\/www.pressenza.com\/es\/#organization\",\"name\":\"Pressenza\",\"url\":\"https:\/\/www.pressenza.com\/es\/\",\"logo\":{\"@type\":\"ImageObject\",\"inLanguage\":\"es\",\"@id\":\"https:\/\/www.pressenza.com\/es\/#\/schema\/logo\/image\/\",\"url\":\"https:\/\/www.pressenza.com\/wp-content\/uploads\/2022\/10\/pressenza_logo_200x200.jpg\",\"contentUrl\":\"https:\/\/www.pressenza.com\/wp-content\/uploads\/2022\/10\/pressenza_logo_200x200.jpg\",\"width\":200,\"height\":200,\"caption\":\"Pressenza\"},\"image\":{\"@id\":\"https:\/\/www.pressenza.com\/es\/#\/schema\/logo\/image\/\"},\"sameAs\":[\"https:\/\/www.facebook.com\/PressenzaItalia\",\"https:\/\/x.com\/PressenzaIPA\"]},{\"@type\":\"Person\",\"@id\":\"https:\/\/www.pressenza.com\/es\/#\/schema\/person\/3e3dc7faa4424387772733d19e115974\",\"name\":\"Pedro Pozas Terrados\",\"description\":\"Escritor, naturalista, poeta, amante de la vida y defensor de la madre Tierra, investigador, cr\u00edtico y aventurero Profesionalmente ha trabajado 37 a\u00f1os en la defensa del medio ambiente como funcionario del Ministerio del Interior. De forma altruista es el Director Ejecutivo del Proyecto Gran Simio, una Organizaci\u00f3n que desde hace m\u00e1s de dos d\u00e9cadas lucha por los derechos b\u00e1sicos de los grandes simios, la conservaci\u00f3n de su h\u00e1bitat y la protecci\u00f3n de los pueblos ind\u00edgenas, verdaderos guardianes de nuestro planeta. Dibujante a l\u00e1piz y acuarela, con m\u00e1s de 300 l\u00e1minas de temas naturalistas y 12 cuadernos de campo. Es autor de 13 libros y coautor de ocho m\u00e1s. Descubridor de varias cuevas, una de ellas catalogada por la Comunidad de Castilla La Mancha de inter\u00e9s hist\u00f3rico y etnogr\u00e1fico con hallazgo en la misma de inscripciones de cronolog\u00eda antigua medieval.\",\"url\":\"https:\/\/www.pressenza.com\/es\/author\/pedro-pozas-terrado\/\"}]}<\/script>\n<!-- \/ Yoast SEO plugin. -->","yoast_head_json":{"title":"Tu latido","description":"Escucho el latido intenso de tu coraz\u00f3n. La suave brisa de tu suspiro y el lamento de las olas al terminar su camino y besar suavemente la arena. De ella","robots":{"index":"index","follow":"follow","max-snippet":"max-snippet:-1","max-image-preview":"max-image-preview:large","max-video-preview":"max-video-preview:-1"},"canonical":"https:\/\/www.pressenza.com\/es\/2023\/11\/tu-latido\/","og_locale":"es_ES","og_type":"article","og_title":"Tu latido","og_description":"Escucho el latido intenso de tu coraz\u00f3n. La suave brisa de tu suspiro y el lamento de las olas al terminar su camino y besar suavemente la arena. De ella","og_url":"https:\/\/www.pressenza.com\/es\/2023\/11\/tu-latido\/","og_site_name":"Pressenza","article_publisher":"https:\/\/www.facebook.com\/PressenzaItalia","article_published_time":"2023-11-18T20:20:45+00:00","og_image":[{"width":1920,"height":841,"url":"https:\/\/www.pressenza.com\/wp-content\/uploads\/2023\/11\/ppt-2.jpg","type":"image\/jpeg"}],"author":"Pedro Pozas Terrados","twitter_card":"summary_large_image","twitter_creator":"@PressenzaIPA","twitter_site":"@PressenzaIPA","twitter_misc":{"Escrito por":"Pedro Pozas Terrados","Tiempo de lectura":"3 minutos"},"schema":{"@context":"https:\/\/schema.org","@graph":[{"@type":"Article","@id":"https:\/\/www.pressenza.com\/es\/2023\/11\/tu-latido\/#article","isPartOf":{"@id":"https:\/\/www.pressenza.com\/es\/2023\/11\/tu-latido\/"},"author":{"name":"Pedro Pozas Terrados","@id":"https:\/\/www.pressenza.com\/es\/#\/schema\/person\/3e3dc7faa4424387772733d19e115974"},"headline":"Tu latido","datePublished":"2023-11-18T20:20:45+00:00","mainEntityOfPage":{"@id":"https:\/\/www.pressenza.com\/es\/2023\/11\/tu-latido\/"},"wordCount":506,"publisher":{"@id":"https:\/\/www.pressenza.com\/es\/#organization"},"image":{"@id":"https:\/\/www.pressenza.com\/es\/2023\/11\/tu-latido\/#primaryimage"},"thumbnailUrl":"https:\/\/www.pressenza.com\/wp-content\/uploads\/2023\/11\/ppt-2.jpg","keywords":["El Sol","la luna","La mar","l\u00e1grimas"],"articleSection":["Cultura y Medios"],"inLanguage":"es"},{"@type":"WebPage","@id":"https:\/\/www.pressenza.com\/es\/2023\/11\/tu-latido\/","url":"https:\/\/www.pressenza.com\/es\/2023\/11\/tu-latido\/","name":"Tu latido","isPartOf":{"@id":"https:\/\/www.pressenza.com\/es\/#website"},"primaryImageOfPage":{"@id":"https:\/\/www.pressenza.com\/es\/2023\/11\/tu-latido\/#primaryimage"},"image":{"@id":"https:\/\/www.pressenza.com\/es\/2023\/11\/tu-latido\/#primaryimage"},"thumbnailUrl":"https:\/\/www.pressenza.com\/wp-content\/uploads\/2023\/11\/ppt-2.jpg","datePublished":"2023-11-18T20:20:45+00:00","description":"Escucho el latido intenso de tu coraz\u00f3n. La suave brisa de tu suspiro y el lamento de las olas al terminar su camino y besar suavemente la arena. De ella","breadcrumb":{"@id":"https:\/\/www.pressenza.com\/es\/2023\/11\/tu-latido\/#breadcrumb"},"inLanguage":"es","potentialAction":[{"@type":"ReadAction","target":["https:\/\/www.pressenza.com\/es\/2023\/11\/tu-latido\/"]}]},{"@type":"ImageObject","inLanguage":"es","@id":"https:\/\/www.pressenza.com\/es\/2023\/11\/tu-latido\/#primaryimage","url":"https:\/\/www.pressenza.com\/wp-content\/uploads\/2023\/11\/ppt-2.jpg","contentUrl":"https:\/\/www.pressenza.com\/wp-content\/uploads\/2023\/11\/ppt-2.jpg","width":1920,"height":841},{"@type":"BreadcrumbList","@id":"https:\/\/www.pressenza.com\/es\/2023\/11\/tu-latido\/#breadcrumb","itemListElement":[{"@type":"ListItem","position":1,"name":"Accueil","item":"https:\/\/www.pressenza.com\/es\/"},{"@type":"ListItem","position":2,"name":"Tu latido"}]},{"@type":"WebSite","@id":"https:\/\/www.pressenza.com\/es\/#website","url":"https:\/\/www.pressenza.com\/es\/","name":"Pressenza","description":"International Press Agency","publisher":{"@id":"https:\/\/www.pressenza.com\/es\/#organization"},"potentialAction":[{"@type":"SearchAction","target":{"@type":"EntryPoint","urlTemplate":"https:\/\/www.pressenza.com\/es\/?s={search_term_string}"},"query-input":{"@type":"PropertyValueSpecification","valueRequired":true,"valueName":"search_term_string"}}],"inLanguage":"es"},{"@type":"Organization","@id":"https:\/\/www.pressenza.com\/es\/#organization","name":"Pressenza","url":"https:\/\/www.pressenza.com\/es\/","logo":{"@type":"ImageObject","inLanguage":"es","@id":"https:\/\/www.pressenza.com\/es\/#\/schema\/logo\/image\/","url":"https:\/\/www.pressenza.com\/wp-content\/uploads\/2022\/10\/pressenza_logo_200x200.jpg","contentUrl":"https:\/\/www.pressenza.com\/wp-content\/uploads\/2022\/10\/pressenza_logo_200x200.jpg","width":200,"height":200,"caption":"Pressenza"},"image":{"@id":"https:\/\/www.pressenza.com\/es\/#\/schema\/logo\/image\/"},"sameAs":["https:\/\/www.facebook.com\/PressenzaItalia","https:\/\/x.com\/PressenzaIPA"]},{"@type":"Person","@id":"https:\/\/www.pressenza.com\/es\/#\/schema\/person\/3e3dc7faa4424387772733d19e115974","name":"Pedro Pozas Terrados","description":"Escritor, naturalista, poeta, amante de la vida y defensor de la madre Tierra, investigador, cr\u00edtico y aventurero Profesionalmente ha trabajado 37 a\u00f1os en la defensa del medio ambiente como funcionario del Ministerio del Interior. De forma altruista es el Director Ejecutivo del Proyecto Gran Simio, una Organizaci\u00f3n que desde hace m\u00e1s de dos d\u00e9cadas lucha por los derechos b\u00e1sicos de los grandes simios, la conservaci\u00f3n de su h\u00e1bitat y la protecci\u00f3n de los pueblos ind\u00edgenas, verdaderos guardianes de nuestro planeta. Dibujante a l\u00e1piz y acuarela, con m\u00e1s de 300 l\u00e1minas de temas naturalistas y 12 cuadernos de campo. Es autor de 13 libros y coautor de ocho m\u00e1s. Descubridor de varias cuevas, una de ellas catalogada por la Comunidad de Castilla La Mancha de inter\u00e9s hist\u00f3rico y etnogr\u00e1fico con hallazgo en la misma de inscripciones de cronolog\u00eda antigua medieval.","url":"https:\/\/www.pressenza.com\/es\/author\/pedro-pozas-terrado\/"}]}},"place":"Madrid- Espa\u00f1a","original_article_url":"","_links":{"self":[{"href":"https:\/\/www.pressenza.com\/es\/wp-json\/wp\/v2\/posts\/1782272","targetHints":{"allow":["GET"]}}],"collection":[{"href":"https:\/\/www.pressenza.com\/es\/wp-json\/wp\/v2\/posts"}],"about":[{"href":"https:\/\/www.pressenza.com\/es\/wp-json\/wp\/v2\/types\/post"}],"author":[{"embeddable":true,"href":"https:\/\/www.pressenza.com\/es\/wp-json\/wp\/v2\/users\/2023"}],"replies":[{"embeddable":true,"href":"https:\/\/www.pressenza.com\/es\/wp-json\/wp\/v2\/comments?post=1782272"}],"version-history":[{"count":0,"href":"https:\/\/www.pressenza.com\/es\/wp-json\/wp\/v2\/posts\/1782272\/revisions"}],"wp:featuredmedia":[{"embeddable":true,"href":"https:\/\/www.pressenza.com\/es\/wp-json\/wp\/v2\/media\/1782273"}],"wp:attachment":[{"href":"https:\/\/www.pressenza.com\/es\/wp-json\/wp\/v2\/media?parent=1782272"}],"wp:term":[{"taxonomy":"category","embeddable":true,"href":"https:\/\/www.pressenza.com\/es\/wp-json\/wp\/v2\/categories?post=1782272"},{"taxonomy":"post_tag","embeddable":true,"href":"https:\/\/www.pressenza.com\/es\/wp-json\/wp\/v2\/tags?post=1782272"}],"curies":[{"name":"wp","href":"https:\/\/api.w.org\/{rel}","templated":true}]}}