{"id":1781852,"date":"2023-11-16T22:45:58","date_gmt":"2023-11-16T22:45:58","guid":{"rendered":"https:\/\/www.pressenza.com\/?p=1781852"},"modified":"2023-11-16T22:45:58","modified_gmt":"2023-11-16T22:45:58","slug":"el-senado-brasilero-aprobo-politica-que-garantiza-derechos-a-personas-afectadas-por-represas","status":"publish","type":"post","link":"https:\/\/www.pressenza.com\/es\/2023\/11\/el-senado-brasilero-aprobo-politica-que-garantiza-derechos-a-personas-afectadas-por-represas\/","title":{"rendered":"El Senado brasilero aprob\u00f3 pol\u00edtica que garantiza derechos a personas afectadas por represas"},"content":{"rendered":"<p style=\"padding-left: 40px;\"><strong>El proyecto hab\u00eda sido aprobado por la C\u00e1mara de Diputados y ahora pasa a Lula para su sanci\u00f3n<\/strong><br \/>\nPor Isabela Gaia (redacci\u00f3n y traducci\u00f3n)\/ Brasil de Fato<\/p>\n<p>Fue una victoria hist\u00f3rica. El Senado brasilero aprob\u00f3 en la tarde de este martes 14, el proyecto de ley (PL) 2788\/2019, que crea la <a href=\"https:\/\/www.brasildefato.com.br\/2023\/11\/07\/comissao-do-senado-aprova-politica-para-pessoas-atingidas-por-barragens-mab-cobra-votacao-no-plenario\" target=\"_blank\" rel=\"noopener\">Pol\u00edtica Nacional de Derechos de las Poblaciones Afectadas por Represas<\/a>\u00a0(PNAB). El texto, que tambi\u00e9n fue aprobado por la C\u00e1mara de Diputados, pasa ahora a la sanci\u00f3n presidencial.<\/p>\n<p>La aprobaci\u00f3n se produce despu\u00e9s de muchas luchas por parte de los afectados en todo Brasil. Muchos de ellos, provenientes de distintos puntos del pa\u00eds, se encuentran en la capital federal desde la semana pasada, cuando se realiz\u00f3 la Jornada de Luchas organizada por el\u00a0<a href=\"https:\/\/www.brasildefato.com.br\/2023\/11\/06\/mab-protesta-junto-a-embaixada-do-reino-unido-para-pressionar-por-condenacao-da-bhp-por-crime-de-mariana\" target=\"_blank\" rel=\"noopener\">Movimiento de Afectados por Represas<\/a>\u00a0(MAB), y mantienen su movilizaci\u00f3n a la espera de la votaci\u00f3n.<\/p>\n<p>\u00abEl pr\u00f3ximo paso es la sanci\u00f3n del presidente Lula. Esperamos que pueda firmarlo lo antes posible y definitivamente tendremos una ley que garantice los derechos de las poblaciones afectadas por las represas. Que no haya m\u00e1s cr\u00edmenes como los que ocurrieron en Brumadinho y Mariana, y en muchos otros lugares de este pa\u00eds. Ahora tenemos un par\u00e1metro en la ley\u00bb, dijo a\u00a0Brasil de Fato\u00a0Joceli Andrioli, de la coordinaci\u00f3n nacional del MAB.<\/p>\n<blockquote><p>Luego de acuerdos hechos entre senadores oficialistas y opositores, la votaci\u00f3n se desarroll\u00f3 de forma simb\u00f3lica, sin votos en contra. La coordinaci\u00f3n de los afectados con los parlamentarios garantiz\u00f3 que se aprobara la ley en la Comisi\u00f3n de Servicios e Infraestructura del Senado la semana pasada, \u00faltima etapa antes de que el texto llegara al plenario.<\/p>\n<p>\u00abNos comprometemos, como afectados, a seguir organiz\u00e1ndonos cada vez m\u00e1s, para que esta ley realmente salga del papel y llegue a la vida concreta de nuestro pueblo, para que se garantice la justicia y que no se produzcan nuevos delitos de rotura de represas en nuestro pa\u00eds\u00bb, a\u00f1adi\u00f3 Andrioli.<\/p><\/blockquote>\n<h3 class=\"ckeditor-subtitle\">El proyecto<\/h3>\n<p>El PL 2788 cubre los derechos de las familias y las responsabilidades de las empresas responsables de proyectos de producci\u00f3n industrial y minera y de plantas hidroel\u00e9ctricas. Ha sido aprobado por la C\u00e1mara de Diputados, pero se estanc\u00f3 en la\u00a0<a href=\"https:\/\/www.brasildefato.com.br\/2023\/11\/07\/comissao-do-senado-aprova-politica-para-pessoas-atingidas-por-barragens-mab-cobra-votacao-no-plenario\" target=\"_blank\" rel=\"noopener\">Comisi\u00f3n de Servicios e Infraestructura del Senado<\/a>\u00a0desde abril del a\u00f1o pasado y volvi\u00f3 a la agenda luego de una articulaci\u00f3n de los movimientos populares y el di\u00e1logo con el Ministerio de Minas y Energ\u00eda.<\/p>\n<p>El texto fue aprobado por la comisi\u00f3n sin cambios en las garant\u00edas y deberes previstos. Solo se hicieron enmiendas de redacci\u00f3n para desmembrar algunas disposiciones.\u00a0<a href=\"https:\/\/www.brasildefato.com.br\/2023\/11\/07\/nove-ministerios-reagem-a-reivindicacoes-do-mab-e-governo-lula-apresenta-carta-compromisso\" target=\"_blank\" rel=\"noopener\">Las aprobaciones del proyecto<\/a>\u00a0representaron un avance para las v\u00edctimas de accidentes en represas de relave en todo Brasil, quienes hasta el d\u00eda de hoy no cuentan con ning\u00fan tipo de legislaci\u00f3n espec\u00edfica sobre el tema.<\/p>\n<p>Actualmente, la ley brasile\u00f1a ni siquiera define el concepto de personas afectadas por represas. No existen lineamientos para determinar los derechos en casos de roturas u otros desastres ni reglas para prevenir abusos. Seg\u00fan el PNAB, las empresas responsables de los proyectos deber\u00e1n financiar un programa de derechos humanos de las poblaciones que viven en los territorios impactados por las represas.<\/p>\n<p>El proyecto de ley menciona los da\u00f1os que deben tomarse en consideraci\u00f3n para que personas y comunidades se incluyan en esta pol\u00edtica. Entre ellos, la p\u00e9rdida de propiedad o posesi\u00f3n de bienes, la devaluaci\u00f3n de bienes inmuebles, da\u00f1os a la capacidad productiva de la tierra, interrupci\u00f3n prolongada o cambio en la calidad del agua que perjudique el suministro y p\u00e9rdida de fuentes de ingresos y trabajo.<\/p>\n<p>Tambi\u00e9n se prev\u00e9n compensaciones espec\u00edficas por desplazamientos forzados y p\u00e9rdidas intangibles para quienes viven en reg\u00edmenes de econom\u00eda familiar. Seg\u00fan el texto del PL, el mecanismo debe tener en cuenta \u00abla diversidad de situaciones, experiencias, vocaciones y preferencias, culturas y especificidades de grupos, comunidades, familias e individuos\u00bb.<\/p>\n<p>Las empresas tambi\u00e9n tendr\u00e1n obligaciones relacionadas con el financiamiento de acciones espec\u00edficas para grupos m\u00e1s vulnerables como mujeres, ancianos, ni\u00f1os, personas con discapacidad, poblaciones ind\u00edgenas y comunidades tradicionales, as\u00ed como para los trabajadores y trabajadoras de las propias empresas.<\/p>\n","protected":false},"excerpt":{"rendered":"<p>El proyecto hab\u00eda sido aprobado por la C\u00e1mara de Diputados y ahora pasa a Lula para su sanci\u00f3n Por Isabela Gaia (redacci\u00f3n y traducci\u00f3n)\/ Brasil de Fato Fue una victoria hist\u00f3rica. El Senado brasilero aprob\u00f3 en la tarde de este&hellip;<\/p>\n","protected":false},"author":1685,"featured_media":1781858,"comment_status":"closed","ping_status":"closed","sticky":false,"template":"","format":"standard","meta":{"footnotes":""},"categories":[79,106739,74,67],"tags":[2749,54869,1544,21548,20348,27105],"class_list":["post-1781852","post","type-post","status-publish","format-standard","has-post-thumbnail","hentry","category-derechos-humanos","category-noticia","category-politica-es","category-sudamerica","tag-brasil-es","tag-brumadinho-es","tag-extractivismo","tag-mariana","tag-megamineria","tag-represas"],"yoast_head":"<!-- This site is optimized with the Yoast SEO plugin v27.1.1 - https:\/\/yoast.com\/product\/yoast-seo-wordpress\/ -->\n<title>El Senado brasilero aprob\u00f3 pol\u00edtica que garantiza derechos a personas afectadas por represas<\/title>\n<meta name=\"description\" content=\"El proyecto hab\u00eda sido aprobado por la C\u00e1mara de Diputados y ahora pasa a Lula para su sanci\u00f3n Por Isabela Gaia (redacci\u00f3n y traducci\u00f3n)\/ Brasil de Fato\" \/>\n<meta name=\"robots\" content=\"index, follow, max-snippet:-1, max-image-preview:large, max-video-preview:-1\" \/>\n<link rel=\"canonical\" href=\"https:\/\/www.pressenza.com\/es\/2023\/11\/el-senado-brasilero-aprobo-politica-que-garantiza-derechos-a-personas-afectadas-por-represas\/\" \/>\n<meta property=\"og:locale\" content=\"es_ES\" \/>\n<meta property=\"og:type\" content=\"article\" \/>\n<meta property=\"og:title\" content=\"El Senado brasilero aprob\u00f3 pol\u00edtica que garantiza derechos a personas afectadas por represas\" \/>\n<meta property=\"og:description\" content=\"El proyecto hab\u00eda sido aprobado por la C\u00e1mara de Diputados y ahora pasa a Lula para su sanci\u00f3n Por Isabela Gaia (redacci\u00f3n y traducci\u00f3n)\/ Brasil de Fato\" \/>\n<meta property=\"og:url\" content=\"https:\/\/www.pressenza.com\/es\/2023\/11\/el-senado-brasilero-aprobo-politica-que-garantiza-derechos-a-personas-afectadas-por-represas\/\" \/>\n<meta property=\"og:site_name\" content=\"Pressenza\" \/>\n<meta property=\"article:publisher\" content=\"https:\/\/www.facebook.com\/PressenzaItalia\" \/>\n<meta property=\"article:published_time\" content=\"2023-11-16T22:45:58+00:00\" \/>\n<meta property=\"og:image\" content=\"https:\/\/www.pressenza.com\/wp-content\/uploads\/2023\/11\/Antonio-Cruz-Agencia-Brasil.jpeg\" \/>\n\t<meta property=\"og:image:width\" content=\"1024\" \/>\n\t<meta property=\"og:image:height\" content=\"686\" \/>\n\t<meta property=\"og:image:type\" content=\"image\/jpeg\" \/>\n<meta name=\"author\" content=\"Reda\u00e7\u00e3o Rio de Janeiro\" \/>\n<meta name=\"twitter:card\" content=\"summary_large_image\" \/>\n<meta name=\"twitter:creator\" content=\"@PressenzaIPA\" \/>\n<meta name=\"twitter:site\" content=\"@PressenzaIPA\" \/>\n<meta name=\"twitter:label1\" content=\"Escrito por\" \/>\n\t<meta name=\"twitter:data1\" content=\"Reda\u00e7\u00e3o Rio de Janeiro\" \/>\n\t<meta name=\"twitter:label2\" content=\"Tiempo de lectura\" \/>\n\t<meta name=\"twitter:data2\" content=\"4 minutos\" \/>\n<script type=\"application\/ld+json\" class=\"yoast-schema-graph\">{\"@context\":\"https:\/\/schema.org\",\"@graph\":[{\"@type\":\"Article\",\"@id\":\"https:\/\/www.pressenza.com\/es\/2023\/11\/el-senado-brasilero-aprobo-politica-que-garantiza-derechos-a-personas-afectadas-por-represas\/#article\",\"isPartOf\":{\"@id\":\"https:\/\/www.pressenza.com\/es\/2023\/11\/el-senado-brasilero-aprobo-politica-que-garantiza-derechos-a-personas-afectadas-por-represas\/\"},\"author\":{\"name\":\"Reda\u00e7\u00e3o Rio de Janeiro\",\"@id\":\"https:\/\/www.pressenza.com\/es\/#\/schema\/person\/6925e927f8ff3a0cdb838320c5d12259\"},\"headline\":\"El Senado brasilero aprob\u00f3 pol\u00edtica que garantiza derechos a personas afectadas por represas\",\"datePublished\":\"2023-11-16T22:45:58+00:00\",\"mainEntityOfPage\":{\"@id\":\"https:\/\/www.pressenza.com\/es\/2023\/11\/el-senado-brasilero-aprobo-politica-que-garantiza-derechos-a-personas-afectadas-por-represas\/\"},\"wordCount\":751,\"publisher\":{\"@id\":\"https:\/\/www.pressenza.com\/es\/#organization\"},\"image\":{\"@id\":\"https:\/\/www.pressenza.com\/es\/2023\/11\/el-senado-brasilero-aprobo-politica-que-garantiza-derechos-a-personas-afectadas-por-represas\/#primaryimage\"},\"thumbnailUrl\":\"https:\/\/www.pressenza.com\/wp-content\/uploads\/2023\/11\/Antonio-Cruz-Agencia-Brasil.jpeg\",\"keywords\":[\"Brasil\",\"Brumadinho\",\"extractivismo\",\"Mariana\",\"megaminer\u00eda\",\"represas\"],\"articleSection\":[\"Derechos Humanos\",\"Noticia\",\"Pol\u00edtica\",\"Sudam\u00e9rica\"],\"inLanguage\":\"es\"},{\"@type\":\"WebPage\",\"@id\":\"https:\/\/www.pressenza.com\/es\/2023\/11\/el-senado-brasilero-aprobo-politica-que-garantiza-derechos-a-personas-afectadas-por-represas\/\",\"url\":\"https:\/\/www.pressenza.com\/es\/2023\/11\/el-senado-brasilero-aprobo-politica-que-garantiza-derechos-a-personas-afectadas-por-represas\/\",\"name\":\"El Senado brasilero aprob\u00f3 pol\u00edtica que garantiza derechos a personas afectadas por represas\",\"isPartOf\":{\"@id\":\"https:\/\/www.pressenza.com\/es\/#website\"},\"primaryImageOfPage\":{\"@id\":\"https:\/\/www.pressenza.com\/es\/2023\/11\/el-senado-brasilero-aprobo-politica-que-garantiza-derechos-a-personas-afectadas-por-represas\/#primaryimage\"},\"image\":{\"@id\":\"https:\/\/www.pressenza.com\/es\/2023\/11\/el-senado-brasilero-aprobo-politica-que-garantiza-derechos-a-personas-afectadas-por-represas\/#primaryimage\"},\"thumbnailUrl\":\"https:\/\/www.pressenza.com\/wp-content\/uploads\/2023\/11\/Antonio-Cruz-Agencia-Brasil.jpeg\",\"datePublished\":\"2023-11-16T22:45:58+00:00\",\"description\":\"El proyecto hab\u00eda sido aprobado por la C\u00e1mara de Diputados y ahora pasa a Lula para su sanci\u00f3n Por Isabela Gaia (redacci\u00f3n y traducci\u00f3n)\/ Brasil de Fato\",\"breadcrumb\":{\"@id\":\"https:\/\/www.pressenza.com\/es\/2023\/11\/el-senado-brasilero-aprobo-politica-que-garantiza-derechos-a-personas-afectadas-por-represas\/#breadcrumb\"},\"inLanguage\":\"es\",\"potentialAction\":[{\"@type\":\"ReadAction\",\"target\":[\"https:\/\/www.pressenza.com\/es\/2023\/11\/el-senado-brasilero-aprobo-politica-que-garantiza-derechos-a-personas-afectadas-por-represas\/\"]}]},{\"@type\":\"ImageObject\",\"inLanguage\":\"es\",\"@id\":\"https:\/\/www.pressenza.com\/es\/2023\/11\/el-senado-brasilero-aprobo-politica-que-garantiza-derechos-a-personas-afectadas-por-represas\/#primaryimage\",\"url\":\"https:\/\/www.pressenza.com\/wp-content\/uploads\/2023\/11\/Antonio-Cruz-Agencia-Brasil.jpeg\",\"contentUrl\":\"https:\/\/www.pressenza.com\/wp-content\/uploads\/2023\/11\/Antonio-Cruz-Agencia-Brasil.jpeg\",\"width\":1024,\"height\":686,\"caption\":\"Distrito de Bento Rodrigues, en Mariana, Minas Gerais, alcanzado por la ruptura de dos represas de desechos de la empresa minera Samarco\"},{\"@type\":\"BreadcrumbList\",\"@id\":\"https:\/\/www.pressenza.com\/es\/2023\/11\/el-senado-brasilero-aprobo-politica-que-garantiza-derechos-a-personas-afectadas-por-represas\/#breadcrumb\",\"itemListElement\":[{\"@type\":\"ListItem\",\"position\":1,\"name\":\"Accueil\",\"item\":\"https:\/\/www.pressenza.com\/es\/\"},{\"@type\":\"ListItem\",\"position\":2,\"name\":\"El Senado brasilero aprob\u00f3 pol\u00edtica que garantiza derechos a personas afectadas por represas\"}]},{\"@type\":\"WebSite\",\"@id\":\"https:\/\/www.pressenza.com\/es\/#website\",\"url\":\"https:\/\/www.pressenza.com\/es\/\",\"name\":\"Pressenza\",\"description\":\"International Press Agency\",\"publisher\":{\"@id\":\"https:\/\/www.pressenza.com\/es\/#organization\"},\"potentialAction\":[{\"@type\":\"SearchAction\",\"target\":{\"@type\":\"EntryPoint\",\"urlTemplate\":\"https:\/\/www.pressenza.com\/es\/?s={search_term_string}\"},\"query-input\":{\"@type\":\"PropertyValueSpecification\",\"valueRequired\":true,\"valueName\":\"search_term_string\"}}],\"inLanguage\":\"es\"},{\"@type\":\"Organization\",\"@id\":\"https:\/\/www.pressenza.com\/es\/#organization\",\"name\":\"Pressenza\",\"url\":\"https:\/\/www.pressenza.com\/es\/\",\"logo\":{\"@type\":\"ImageObject\",\"inLanguage\":\"es\",\"@id\":\"https:\/\/www.pressenza.com\/es\/#\/schema\/logo\/image\/\",\"url\":\"https:\/\/www.pressenza.com\/wp-content\/uploads\/2022\/10\/pressenza_logo_200x200.jpg\",\"contentUrl\":\"https:\/\/www.pressenza.com\/wp-content\/uploads\/2022\/10\/pressenza_logo_200x200.jpg\",\"width\":200,\"height\":200,\"caption\":\"Pressenza\"},\"image\":{\"@id\":\"https:\/\/www.pressenza.com\/es\/#\/schema\/logo\/image\/\"},\"sameAs\":[\"https:\/\/www.facebook.com\/PressenzaItalia\",\"https:\/\/x.com\/PressenzaIPA\"]},{\"@type\":\"Person\",\"@id\":\"https:\/\/www.pressenza.com\/es\/#\/schema\/person\/6925e927f8ff3a0cdb838320c5d12259\",\"name\":\"Reda\u00e7\u00e3o Rio de Janeiro\",\"description\":\"News published by the Pressenza bureau in Rio de Janeiro, Brazil\",\"url\":\"https:\/\/www.pressenza.com\/es\/author\/redacao-rio-de-janeiro\/\"}]}<\/script>\n<!-- \/ Yoast SEO plugin. -->","yoast_head_json":{"title":"El Senado brasilero aprob\u00f3 pol\u00edtica que garantiza derechos a personas afectadas por represas","description":"El proyecto hab\u00eda sido aprobado por la C\u00e1mara de Diputados y ahora pasa a Lula para su sanci\u00f3n Por Isabela Gaia (redacci\u00f3n y traducci\u00f3n)\/ Brasil de Fato","robots":{"index":"index","follow":"follow","max-snippet":"max-snippet:-1","max-image-preview":"max-image-preview:large","max-video-preview":"max-video-preview:-1"},"canonical":"https:\/\/www.pressenza.com\/es\/2023\/11\/el-senado-brasilero-aprobo-politica-que-garantiza-derechos-a-personas-afectadas-por-represas\/","og_locale":"es_ES","og_type":"article","og_title":"El Senado brasilero aprob\u00f3 pol\u00edtica que garantiza derechos a personas afectadas por represas","og_description":"El proyecto hab\u00eda sido aprobado por la C\u00e1mara de Diputados y ahora pasa a Lula para su sanci\u00f3n Por Isabela Gaia (redacci\u00f3n y traducci\u00f3n)\/ Brasil de Fato","og_url":"https:\/\/www.pressenza.com\/es\/2023\/11\/el-senado-brasilero-aprobo-politica-que-garantiza-derechos-a-personas-afectadas-por-represas\/","og_site_name":"Pressenza","article_publisher":"https:\/\/www.facebook.com\/PressenzaItalia","article_published_time":"2023-11-16T22:45:58+00:00","og_image":[{"width":1024,"height":686,"url":"https:\/\/www.pressenza.com\/wp-content\/uploads\/2023\/11\/Antonio-Cruz-Agencia-Brasil.jpeg","type":"image\/jpeg"}],"author":"Reda\u00e7\u00e3o Rio de Janeiro","twitter_card":"summary_large_image","twitter_creator":"@PressenzaIPA","twitter_site":"@PressenzaIPA","twitter_misc":{"Escrito por":"Reda\u00e7\u00e3o Rio de Janeiro","Tiempo de lectura":"4 minutos"},"schema":{"@context":"https:\/\/schema.org","@graph":[{"@type":"Article","@id":"https:\/\/www.pressenza.com\/es\/2023\/11\/el-senado-brasilero-aprobo-politica-que-garantiza-derechos-a-personas-afectadas-por-represas\/#article","isPartOf":{"@id":"https:\/\/www.pressenza.com\/es\/2023\/11\/el-senado-brasilero-aprobo-politica-que-garantiza-derechos-a-personas-afectadas-por-represas\/"},"author":{"name":"Reda\u00e7\u00e3o Rio de Janeiro","@id":"https:\/\/www.pressenza.com\/es\/#\/schema\/person\/6925e927f8ff3a0cdb838320c5d12259"},"headline":"El Senado brasilero aprob\u00f3 pol\u00edtica que garantiza derechos a personas afectadas por represas","datePublished":"2023-11-16T22:45:58+00:00","mainEntityOfPage":{"@id":"https:\/\/www.pressenza.com\/es\/2023\/11\/el-senado-brasilero-aprobo-politica-que-garantiza-derechos-a-personas-afectadas-por-represas\/"},"wordCount":751,"publisher":{"@id":"https:\/\/www.pressenza.com\/es\/#organization"},"image":{"@id":"https:\/\/www.pressenza.com\/es\/2023\/11\/el-senado-brasilero-aprobo-politica-que-garantiza-derechos-a-personas-afectadas-por-represas\/#primaryimage"},"thumbnailUrl":"https:\/\/www.pressenza.com\/wp-content\/uploads\/2023\/11\/Antonio-Cruz-Agencia-Brasil.jpeg","keywords":["Brasil","Brumadinho","extractivismo","Mariana","megaminer\u00eda","represas"],"articleSection":["Derechos Humanos","Noticia","Pol\u00edtica","Sudam\u00e9rica"],"inLanguage":"es"},{"@type":"WebPage","@id":"https:\/\/www.pressenza.com\/es\/2023\/11\/el-senado-brasilero-aprobo-politica-que-garantiza-derechos-a-personas-afectadas-por-represas\/","url":"https:\/\/www.pressenza.com\/es\/2023\/11\/el-senado-brasilero-aprobo-politica-que-garantiza-derechos-a-personas-afectadas-por-represas\/","name":"El Senado brasilero aprob\u00f3 pol\u00edtica que garantiza derechos a personas afectadas por represas","isPartOf":{"@id":"https:\/\/www.pressenza.com\/es\/#website"},"primaryImageOfPage":{"@id":"https:\/\/www.pressenza.com\/es\/2023\/11\/el-senado-brasilero-aprobo-politica-que-garantiza-derechos-a-personas-afectadas-por-represas\/#primaryimage"},"image":{"@id":"https:\/\/www.pressenza.com\/es\/2023\/11\/el-senado-brasilero-aprobo-politica-que-garantiza-derechos-a-personas-afectadas-por-represas\/#primaryimage"},"thumbnailUrl":"https:\/\/www.pressenza.com\/wp-content\/uploads\/2023\/11\/Antonio-Cruz-Agencia-Brasil.jpeg","datePublished":"2023-11-16T22:45:58+00:00","description":"El proyecto hab\u00eda sido aprobado por la C\u00e1mara de Diputados y ahora pasa a Lula para su sanci\u00f3n Por Isabela Gaia (redacci\u00f3n y traducci\u00f3n)\/ Brasil de Fato","breadcrumb":{"@id":"https:\/\/www.pressenza.com\/es\/2023\/11\/el-senado-brasilero-aprobo-politica-que-garantiza-derechos-a-personas-afectadas-por-represas\/#breadcrumb"},"inLanguage":"es","potentialAction":[{"@type":"ReadAction","target":["https:\/\/www.pressenza.com\/es\/2023\/11\/el-senado-brasilero-aprobo-politica-que-garantiza-derechos-a-personas-afectadas-por-represas\/"]}]},{"@type":"ImageObject","inLanguage":"es","@id":"https:\/\/www.pressenza.com\/es\/2023\/11\/el-senado-brasilero-aprobo-politica-que-garantiza-derechos-a-personas-afectadas-por-represas\/#primaryimage","url":"https:\/\/www.pressenza.com\/wp-content\/uploads\/2023\/11\/Antonio-Cruz-Agencia-Brasil.jpeg","contentUrl":"https:\/\/www.pressenza.com\/wp-content\/uploads\/2023\/11\/Antonio-Cruz-Agencia-Brasil.jpeg","width":1024,"height":686,"caption":"Distrito de Bento Rodrigues, en Mariana, Minas Gerais, alcanzado por la ruptura de dos represas de desechos de la empresa minera Samarco"},{"@type":"BreadcrumbList","@id":"https:\/\/www.pressenza.com\/es\/2023\/11\/el-senado-brasilero-aprobo-politica-que-garantiza-derechos-a-personas-afectadas-por-represas\/#breadcrumb","itemListElement":[{"@type":"ListItem","position":1,"name":"Accueil","item":"https:\/\/www.pressenza.com\/es\/"},{"@type":"ListItem","position":2,"name":"El Senado brasilero aprob\u00f3 pol\u00edtica que garantiza derechos a personas afectadas por represas"}]},{"@type":"WebSite","@id":"https:\/\/www.pressenza.com\/es\/#website","url":"https:\/\/www.pressenza.com\/es\/","name":"Pressenza","description":"International Press Agency","publisher":{"@id":"https:\/\/www.pressenza.com\/es\/#organization"},"potentialAction":[{"@type":"SearchAction","target":{"@type":"EntryPoint","urlTemplate":"https:\/\/www.pressenza.com\/es\/?s={search_term_string}"},"query-input":{"@type":"PropertyValueSpecification","valueRequired":true,"valueName":"search_term_string"}}],"inLanguage":"es"},{"@type":"Organization","@id":"https:\/\/www.pressenza.com\/es\/#organization","name":"Pressenza","url":"https:\/\/www.pressenza.com\/es\/","logo":{"@type":"ImageObject","inLanguage":"es","@id":"https:\/\/www.pressenza.com\/es\/#\/schema\/logo\/image\/","url":"https:\/\/www.pressenza.com\/wp-content\/uploads\/2022\/10\/pressenza_logo_200x200.jpg","contentUrl":"https:\/\/www.pressenza.com\/wp-content\/uploads\/2022\/10\/pressenza_logo_200x200.jpg","width":200,"height":200,"caption":"Pressenza"},"image":{"@id":"https:\/\/www.pressenza.com\/es\/#\/schema\/logo\/image\/"},"sameAs":["https:\/\/www.facebook.com\/PressenzaItalia","https:\/\/x.com\/PressenzaIPA"]},{"@type":"Person","@id":"https:\/\/www.pressenza.com\/es\/#\/schema\/person\/6925e927f8ff3a0cdb838320c5d12259","name":"Reda\u00e7\u00e3o Rio de Janeiro","description":"News published by the Pressenza bureau in Rio de Janeiro, Brazil","url":"https:\/\/www.pressenza.com\/es\/author\/redacao-rio-de-janeiro\/"}]}},"place":"Brasil","original_article_url":"https:\/\/www.brasildefato.com.br\/2023\/11\/16\/el-senado-brasileno-aprobo-una-politica-que-garantiza-derechos-a-personas-afectadas-por-represas","_links":{"self":[{"href":"https:\/\/www.pressenza.com\/es\/wp-json\/wp\/v2\/posts\/1781852","targetHints":{"allow":["GET"]}}],"collection":[{"href":"https:\/\/www.pressenza.com\/es\/wp-json\/wp\/v2\/posts"}],"about":[{"href":"https:\/\/www.pressenza.com\/es\/wp-json\/wp\/v2\/types\/post"}],"author":[{"embeddable":true,"href":"https:\/\/www.pressenza.com\/es\/wp-json\/wp\/v2\/users\/1685"}],"replies":[{"embeddable":true,"href":"https:\/\/www.pressenza.com\/es\/wp-json\/wp\/v2\/comments?post=1781852"}],"version-history":[{"count":0,"href":"https:\/\/www.pressenza.com\/es\/wp-json\/wp\/v2\/posts\/1781852\/revisions"}],"wp:featuredmedia":[{"embeddable":true,"href":"https:\/\/www.pressenza.com\/es\/wp-json\/wp\/v2\/media\/1781858"}],"wp:attachment":[{"href":"https:\/\/www.pressenza.com\/es\/wp-json\/wp\/v2\/media?parent=1781852"}],"wp:term":[{"taxonomy":"category","embeddable":true,"href":"https:\/\/www.pressenza.com\/es\/wp-json\/wp\/v2\/categories?post=1781852"},{"taxonomy":"post_tag","embeddable":true,"href":"https:\/\/www.pressenza.com\/es\/wp-json\/wp\/v2\/tags?post=1781852"}],"curies":[{"name":"wp","href":"https:\/\/api.w.org\/{rel}","templated":true}]}}