{"id":1781680,"date":"2023-11-16T00:24:52","date_gmt":"2023-11-16T00:24:52","guid":{"rendered":"https:\/\/www.pressenza.com\/?p=1781680"},"modified":"2023-11-16T00:24:52","modified_gmt":"2023-11-16T00:24:52","slug":"feminismos-diversos-en-tiempos-de-crisis-es-posible-conectar-para-accionar","status":"publish","type":"post","link":"https:\/\/www.pressenza.com\/es\/2023\/11\/feminismos-diversos-en-tiempos-de-crisis-es-posible-conectar-para-accionar\/","title":{"rendered":"Feminismos diversos en tiempos de crisis: \u00bfes posible conectar para accionar?"},"content":{"rendered":"<p><strong>Por:\u00a0<\/strong>\u00c1ngela Erpel\u00a0<strong>|<\/strong><\/p>\n<p>Encontrar los m\u00ednimos comunes hoy en d\u00eda es urgente, para construir desde los acuerdos aunque estos sean dif\u00edciles de encontrar. En definitiva, perder el miedo de nuestros conocimientos y saberes y usar nuestro poder, ese poder que no es monol\u00edtico, ni est\u00e1 anquilosado en una instituci\u00f3n, sino que es voluble, din\u00e1mico y sobre todo, nos pertenece, desde nuestra conciencia feminista y desde la potencialidad pol\u00edtica que nos constituye.<\/p>\n<p>En un contexto en que las fuerzas ideol\u00f3gicas conservadoras han permeado el escenario pol\u00edtico, responder con propuestas basadas en lo identitario\u00a0<strong>parece no ser la mejor reacci\u00f3n<\/strong>. Ya lo demostr\u00f3 el fracaso de la propuesta de\u00a0<strong>Nueva Constituci\u00f3n<\/strong>, no tanto por su contenido en s\u00ed, sino por la manera de presentarlo, que dej\u00f3 en confusi\u00f3n a un importante sector del electorado, que vio en esta iniciativa solamente un factor m\u00e1s para\u00a0<strong>polarizar el ambiente pol\u00edtico<\/strong>\u00a0y en contextos de crisis, la polarizaci\u00f3n nunca es el mejor escenario.<\/p>\n<p>Y si hablamos de polarizaciones,<strong>\u00a0el espacio feminista tampoco ha sido el mejor ejemplo<\/strong>: desde las eternas pugnas entre \u201cinstitucionales\u201d versus \u201caut\u00f3nomas\u201d, que nos han tomado d\u00e9cadas de desencuentros, hasta la contingencia de los tiempos donde la virtualidad es una realidad. Las acusaciones cruzadas de \u201cbanalizar el feminismo\u201d, mientras otras se\u00f1alan un \u201cfeminismo sectario y excluyente\u201d,<strong>\u00a0no contribuyen a avanzar en materias urgentes<\/strong>\u00a0para las mujeres y las diversidades, las que no pueden esperar mientras nos ponemos de acuerdo.<\/p>\n<p>Entonces, recordemos estas palabras que proponen algunas claves feministas\u00a0<strong>para funcionar pol\u00edticamente en momentos de polarizaciones<\/strong>\u00a0y transiciones: \u201cLos procesos de consolidaci\u00f3n de equipos tambi\u00e9n est\u00e1n marcados por diferencias pol\u00edticas. S\u00f3lo partiendo de un m\u00ednimo com\u00fan es posible construir una instituci\u00f3n que tenga un mapa de navegaci\u00f3n. Si estos m\u00ednimos comunes pol\u00edticos no son compartidos existen diferentes caminos: jugarse en base a propuestas y reflexi\u00f3n para que la mirada propia modifique los m\u00ednimos comunes de la instituci\u00f3n y por lo tanto tenga otro sentido, o bien formar otra instituci\u00f3n en la que se parta con m\u00ednimos comunes que permitan funcionar. Esto est\u00e1 dentro de las pol\u00edticas del feminismo, al explicitar las diferencias y constituirnos en corrientes pol\u00edticas dentro del movimiento feminista y finalmente multiplicar los espacios. Todo proyecto tiene encrucijadas y m\u00e1s de una vez debe decidir sus opciones.\u201d1<\/p>\n<p>Esta idea que dio forma en gran parte al\u00a0<strong>pensamiento feminista del Chile<\/strong>\u00a0de la transici\u00f3n democr\u00e1tica, corresponde al texto \u201cUn cierto desparpajo\u201d, de\u00a0<strong>Margarita Pisano<\/strong>\u00a0(1996) y nos plantea el desaf\u00edo de articular estrategias entre diversas miradas del feminismo, a veces complementarias, a veces opuestas, siempre v\u00e1lidas,\u00a0<strong>para hacer frente a las tempestades<\/strong>\u00a0que nos sacuden cuando soplan vientos divergentes.<\/p>\n<p>Hoy nos enfrentamos a fuertes cambios que pueden significar\u00a0<strong>una amenaza a los avances logrados desde los feminismos<\/strong>: el aborto en tres causales, el reconocimiento pol\u00edtico de los cuidados, la tipificaci\u00f3n del femicidio, el reconocimiento de las diversidades sexo afectivas y tantos avances que han contribuido a acortar las brechas de g\u00e9nero. Faltan a\u00fan muchos avances y es por eso que es\u00a0<strong>hoy mas que necesario no soltar las iniciativas<\/strong>\u00a0en marcha y las que est\u00e1n por venir.<\/p>\n<p>Sabemos que los feminismos est\u00e1n muy lejos de ser un gran grupo homog\u00e9neo, es m\u00e1s,\u00a0<strong>hemos siempre abogado por la defensa a estas diversidades<\/strong>\u00a0y es por eso que buscaremos ahora, en tiempos de crisis, no entramparnos en lo que nos divide, sino mas bien en<strong>\u00a0lo que podemos hacer por salir del pantano de la disyuntiva<\/strong>, reconociendo y defendiendo justamente estas diferencias que tambi\u00e9n enriquecen el debate.<\/p>\n<p><strong>Encontrar los m\u00ednimos comunes hoy en d\u00eda es urgente<\/strong>, para construir desde los acuerdos aunque estos sean dif\u00edciles de encontrar. En definitiva, perder el miedo de nuestros conocimientos y saberes y usar nuestro poder, ese poder que no es monol\u00edtico, ni est\u00e1 anquilosado en una instituci\u00f3n, sino\u00a0<strong>que es voluble, din\u00e1mico y sobre todo, nos pertenece<\/strong>, desde nuestra conciencia feminista y desde la potencialidad pol\u00edtica que nos constituye.<\/p>\n<p>1\u00a0<em>Pisano, M. (1996).\u00a0Un cierto desparpajo. Ediciones N\u00famero Cr\u00edtico.<\/em><\/p>\n<p>&nbsp;<\/p>\n","protected":false},"excerpt":{"rendered":"<p>Por:\u00a0\u00c1ngela Erpel\u00a0| Encontrar los m\u00ednimos comunes hoy en d\u00eda es urgente, para construir desde los acuerdos aunque estos sean dif\u00edciles de encontrar. En definitiva, perder el miedo de nuestros conocimientos y saberes y usar nuestro poder, ese poder que no&hellip;<\/p>\n","protected":false},"author":1470,"featured_media":1781681,"comment_status":"closed","ping_status":"closed","sticky":false,"template":"","format":"standard","meta":{"footnotes":""},"categories":[54515,161,67],"tags":[],"class_list":["post-1781680","post","type-post","status-publish","format-standard","has-post-thumbnail","hentry","category-genero-y-feminismos","category-opiniones","category-sudamerica"],"yoast_head":"<!-- This site is optimized with the Yoast SEO plugin v27.1.1 - https:\/\/yoast.com\/product\/yoast-seo-wordpress\/ -->\n<title>Feminismos diversos en tiempos de crisis: \u00bfes posible conectar para accionar?<\/title>\n<meta name=\"description\" content=\"Por:\u00a0\u00c1ngela Erpel\u00a0| Encontrar los m\u00ednimos comunes hoy en d\u00eda es urgente, para construir desde los acuerdos aunque estos sean dif\u00edciles de encontrar. En\" \/>\n<meta name=\"robots\" content=\"index, follow, max-snippet:-1, max-image-preview:large, max-video-preview:-1\" \/>\n<link rel=\"canonical\" href=\"https:\/\/www.pressenza.com\/es\/2023\/11\/feminismos-diversos-en-tiempos-de-crisis-es-posible-conectar-para-accionar\/\" \/>\n<meta property=\"og:locale\" content=\"es_ES\" \/>\n<meta property=\"og:type\" content=\"article\" \/>\n<meta property=\"og:title\" content=\"Feminismos diversos en tiempos de crisis: \u00bfes posible conectar para accionar?\" \/>\n<meta property=\"og:description\" content=\"Por:\u00a0\u00c1ngela Erpel\u00a0| Encontrar los m\u00ednimos comunes hoy en d\u00eda es urgente, para construir desde los acuerdos aunque estos sean dif\u00edciles de encontrar. En\" \/>\n<meta property=\"og:url\" content=\"https:\/\/www.pressenza.com\/es\/2023\/11\/feminismos-diversos-en-tiempos-de-crisis-es-posible-conectar-para-accionar\/\" \/>\n<meta property=\"og:site_name\" content=\"Pressenza\" \/>\n<meta property=\"article:publisher\" content=\"https:\/\/www.facebook.com\/PressenzaItalia\" \/>\n<meta property=\"article:published_time\" content=\"2023-11-16T00:24:52+00:00\" \/>\n<meta property=\"og:image\" content=\"https:\/\/www.pressenza.com\/wp-content\/uploads\/2023\/11\/FestivalMilTambores-Valparaiso-01-Oct-2023-Marcela-Contardo-Berrios-14.jpg\" \/>\n\t<meta property=\"og:image:width\" content=\"1600\" \/>\n\t<meta property=\"og:image:height\" content=\"1200\" \/>\n\t<meta property=\"og:image:type\" content=\"image\/jpeg\" \/>\n<meta name=\"author\" content=\"El Desconcierto\" \/>\n<meta name=\"twitter:card\" content=\"summary_large_image\" \/>\n<meta name=\"twitter:creator\" content=\"@PressenzaIPA\" \/>\n<meta name=\"twitter:site\" content=\"@PressenzaIPA\" \/>\n<meta name=\"twitter:label1\" content=\"Escrito por\" \/>\n\t<meta name=\"twitter:data1\" content=\"El Desconcierto\" \/>\n\t<meta name=\"twitter:label2\" content=\"Tiempo de lectura\" \/>\n\t<meta name=\"twitter:data2\" content=\"4 minutos\" \/>\n<script type=\"application\/ld+json\" class=\"yoast-schema-graph\">{\"@context\":\"https:\/\/schema.org\",\"@graph\":[{\"@type\":\"Article\",\"@id\":\"https:\/\/www.pressenza.com\/es\/2023\/11\/feminismos-diversos-en-tiempos-de-crisis-es-posible-conectar-para-accionar\/#article\",\"isPartOf\":{\"@id\":\"https:\/\/www.pressenza.com\/es\/2023\/11\/feminismos-diversos-en-tiempos-de-crisis-es-posible-conectar-para-accionar\/\"},\"author\":{\"name\":\"El Desconcierto\",\"@id\":\"https:\/\/www.pressenza.com\/es\/#\/schema\/person\/d5cdd4d29826f1ed6d2d96525259c965\"},\"headline\":\"Feminismos diversos en tiempos de crisis: \u00bfes posible conectar para accionar?\",\"datePublished\":\"2023-11-16T00:24:52+00:00\",\"mainEntityOfPage\":{\"@id\":\"https:\/\/www.pressenza.com\/es\/2023\/11\/feminismos-diversos-en-tiempos-de-crisis-es-posible-conectar-para-accionar\/\"},\"wordCount\":730,\"publisher\":{\"@id\":\"https:\/\/www.pressenza.com\/es\/#organization\"},\"image\":{\"@id\":\"https:\/\/www.pressenza.com\/es\/2023\/11\/feminismos-diversos-en-tiempos-de-crisis-es-posible-conectar-para-accionar\/#primaryimage\"},\"thumbnailUrl\":\"https:\/\/www.pressenza.com\/wp-content\/uploads\/2023\/11\/FestivalMilTambores-Valparaiso-01-Oct-2023-Marcela-Contardo-Berrios-14.jpg\",\"articleSection\":[\"G\u00e9nero y Feminismos\",\"Opiniones\",\"Sudam\u00e9rica\"],\"inLanguage\":\"es\"},{\"@type\":\"WebPage\",\"@id\":\"https:\/\/www.pressenza.com\/es\/2023\/11\/feminismos-diversos-en-tiempos-de-crisis-es-posible-conectar-para-accionar\/\",\"url\":\"https:\/\/www.pressenza.com\/es\/2023\/11\/feminismos-diversos-en-tiempos-de-crisis-es-posible-conectar-para-accionar\/\",\"name\":\"Feminismos diversos en tiempos de crisis: \u00bfes posible conectar para accionar?\",\"isPartOf\":{\"@id\":\"https:\/\/www.pressenza.com\/es\/#website\"},\"primaryImageOfPage\":{\"@id\":\"https:\/\/www.pressenza.com\/es\/2023\/11\/feminismos-diversos-en-tiempos-de-crisis-es-posible-conectar-para-accionar\/#primaryimage\"},\"image\":{\"@id\":\"https:\/\/www.pressenza.com\/es\/2023\/11\/feminismos-diversos-en-tiempos-de-crisis-es-posible-conectar-para-accionar\/#primaryimage\"},\"thumbnailUrl\":\"https:\/\/www.pressenza.com\/wp-content\/uploads\/2023\/11\/FestivalMilTambores-Valparaiso-01-Oct-2023-Marcela-Contardo-Berrios-14.jpg\",\"datePublished\":\"2023-11-16T00:24:52+00:00\",\"description\":\"Por:\u00a0\u00c1ngela Erpel\u00a0| Encontrar los m\u00ednimos comunes hoy en d\u00eda es urgente, para construir desde los acuerdos aunque estos sean dif\u00edciles de encontrar. En\",\"breadcrumb\":{\"@id\":\"https:\/\/www.pressenza.com\/es\/2023\/11\/feminismos-diversos-en-tiempos-de-crisis-es-posible-conectar-para-accionar\/#breadcrumb\"},\"inLanguage\":\"es\",\"potentialAction\":[{\"@type\":\"ReadAction\",\"target\":[\"https:\/\/www.pressenza.com\/es\/2023\/11\/feminismos-diversos-en-tiempos-de-crisis-es-posible-conectar-para-accionar\/\"]}]},{\"@type\":\"ImageObject\",\"inLanguage\":\"es\",\"@id\":\"https:\/\/www.pressenza.com\/es\/2023\/11\/feminismos-diversos-en-tiempos-de-crisis-es-posible-conectar-para-accionar\/#primaryimage\",\"url\":\"https:\/\/www.pressenza.com\/wp-content\/uploads\/2023\/11\/FestivalMilTambores-Valparaiso-01-Oct-2023-Marcela-Contardo-Berrios-14.jpg\",\"contentUrl\":\"https:\/\/www.pressenza.com\/wp-content\/uploads\/2023\/11\/FestivalMilTambores-Valparaiso-01-Oct-2023-Marcela-Contardo-Berrios-14.jpg\",\"width\":1600,\"height\":1200},{\"@type\":\"BreadcrumbList\",\"@id\":\"https:\/\/www.pressenza.com\/es\/2023\/11\/feminismos-diversos-en-tiempos-de-crisis-es-posible-conectar-para-accionar\/#breadcrumb\",\"itemListElement\":[{\"@type\":\"ListItem\",\"position\":1,\"name\":\"Accueil\",\"item\":\"https:\/\/www.pressenza.com\/es\/\"},{\"@type\":\"ListItem\",\"position\":2,\"name\":\"Feminismos diversos en tiempos de crisis: \u00bfes posible conectar para accionar?\"}]},{\"@type\":\"WebSite\",\"@id\":\"https:\/\/www.pressenza.com\/es\/#website\",\"url\":\"https:\/\/www.pressenza.com\/es\/\",\"name\":\"Pressenza\",\"description\":\"International Press Agency\",\"publisher\":{\"@id\":\"https:\/\/www.pressenza.com\/es\/#organization\"},\"potentialAction\":[{\"@type\":\"SearchAction\",\"target\":{\"@type\":\"EntryPoint\",\"urlTemplate\":\"https:\/\/www.pressenza.com\/es\/?s={search_term_string}\"},\"query-input\":{\"@type\":\"PropertyValueSpecification\",\"valueRequired\":true,\"valueName\":\"search_term_string\"}}],\"inLanguage\":\"es\"},{\"@type\":\"Organization\",\"@id\":\"https:\/\/www.pressenza.com\/es\/#organization\",\"name\":\"Pressenza\",\"url\":\"https:\/\/www.pressenza.com\/es\/\",\"logo\":{\"@type\":\"ImageObject\",\"inLanguage\":\"es\",\"@id\":\"https:\/\/www.pressenza.com\/es\/#\/schema\/logo\/image\/\",\"url\":\"https:\/\/www.pressenza.com\/wp-content\/uploads\/2022\/10\/pressenza_logo_200x200.jpg\",\"contentUrl\":\"https:\/\/www.pressenza.com\/wp-content\/uploads\/2022\/10\/pressenza_logo_200x200.jpg\",\"width\":200,\"height\":200,\"caption\":\"Pressenza\"},\"image\":{\"@id\":\"https:\/\/www.pressenza.com\/es\/#\/schema\/logo\/image\/\"},\"sameAs\":[\"https:\/\/www.facebook.com\/PressenzaItalia\",\"https:\/\/x.com\/PressenzaIPA\"]},{\"@type\":\"Person\",\"@id\":\"https:\/\/www.pressenza.com\/es\/#\/schema\/person\/d5cdd4d29826f1ed6d2d96525259c965\",\"name\":\"El Desconcierto\",\"description\":\"Somos un grupo de profesionales del \u00e1mbito de las ciencias sociales y la industria editorial, que nos reunimos a fines del 2011 con el objetivo de levantar un medio de comunicaci\u00f3n digital conectado con las principales tendencias transformadoras de la sociedad del siglo 21. Nuestros principales focos son las noticias sobre derechos sociales y medio ambiente; los debates de pol\u00edtica, educaci\u00f3n, g\u00e9nero y diversidad sexual; los temas de cultura, transparencia y pueblos originarios. Desarrollamos un periodismo riguroso orientado a personas que valoran contenidos que les permitan reflexionar y descubrir nuevos horizontes de pensamiento, vinculados al fortalecimiento de la democracia participativa, la sustentabilidad y el buen vivir en el planeta. Para hacer sostenible este medio de comunicaci\u00f3n pluralista e independiente hemos lanzado la campa\u00f1a \u2018Hazte Socio\u2019 cuya finalidad es co-crear una comunidad de lectores\/as m\u00e1s cr\u00edtica y propositiva que desea participar colaborativamente en la construcci\u00f3n de un mundo mejor. El periodismo independiente y sin censura en Chile es necesario para todas y todos.\",\"sameAs\":[\"http:\/\/www.eldesconcierto.cl\/\"],\"url\":\"https:\/\/www.pressenza.com\/es\/author\/el-desconcierto\/\"}]}<\/script>\n<!-- \/ Yoast SEO plugin. -->","yoast_head_json":{"title":"Feminismos diversos en tiempos de crisis: \u00bfes posible conectar para accionar?","description":"Por:\u00a0\u00c1ngela Erpel\u00a0| Encontrar los m\u00ednimos comunes hoy en d\u00eda es urgente, para construir desde los acuerdos aunque estos sean dif\u00edciles de encontrar. En","robots":{"index":"index","follow":"follow","max-snippet":"max-snippet:-1","max-image-preview":"max-image-preview:large","max-video-preview":"max-video-preview:-1"},"canonical":"https:\/\/www.pressenza.com\/es\/2023\/11\/feminismos-diversos-en-tiempos-de-crisis-es-posible-conectar-para-accionar\/","og_locale":"es_ES","og_type":"article","og_title":"Feminismos diversos en tiempos de crisis: \u00bfes posible conectar para accionar?","og_description":"Por:\u00a0\u00c1ngela Erpel\u00a0| Encontrar los m\u00ednimos comunes hoy en d\u00eda es urgente, para construir desde los acuerdos aunque estos sean dif\u00edciles de encontrar. En","og_url":"https:\/\/www.pressenza.com\/es\/2023\/11\/feminismos-diversos-en-tiempos-de-crisis-es-posible-conectar-para-accionar\/","og_site_name":"Pressenza","article_publisher":"https:\/\/www.facebook.com\/PressenzaItalia","article_published_time":"2023-11-16T00:24:52+00:00","og_image":[{"width":1600,"height":1200,"url":"https:\/\/www.pressenza.com\/wp-content\/uploads\/2023\/11\/FestivalMilTambores-Valparaiso-01-Oct-2023-Marcela-Contardo-Berrios-14.jpg","type":"image\/jpeg"}],"author":"El Desconcierto","twitter_card":"summary_large_image","twitter_creator":"@PressenzaIPA","twitter_site":"@PressenzaIPA","twitter_misc":{"Escrito por":"El Desconcierto","Tiempo de lectura":"4 minutos"},"schema":{"@context":"https:\/\/schema.org","@graph":[{"@type":"Article","@id":"https:\/\/www.pressenza.com\/es\/2023\/11\/feminismos-diversos-en-tiempos-de-crisis-es-posible-conectar-para-accionar\/#article","isPartOf":{"@id":"https:\/\/www.pressenza.com\/es\/2023\/11\/feminismos-diversos-en-tiempos-de-crisis-es-posible-conectar-para-accionar\/"},"author":{"name":"El Desconcierto","@id":"https:\/\/www.pressenza.com\/es\/#\/schema\/person\/d5cdd4d29826f1ed6d2d96525259c965"},"headline":"Feminismos diversos en tiempos de crisis: \u00bfes posible conectar para accionar?","datePublished":"2023-11-16T00:24:52+00:00","mainEntityOfPage":{"@id":"https:\/\/www.pressenza.com\/es\/2023\/11\/feminismos-diversos-en-tiempos-de-crisis-es-posible-conectar-para-accionar\/"},"wordCount":730,"publisher":{"@id":"https:\/\/www.pressenza.com\/es\/#organization"},"image":{"@id":"https:\/\/www.pressenza.com\/es\/2023\/11\/feminismos-diversos-en-tiempos-de-crisis-es-posible-conectar-para-accionar\/#primaryimage"},"thumbnailUrl":"https:\/\/www.pressenza.com\/wp-content\/uploads\/2023\/11\/FestivalMilTambores-Valparaiso-01-Oct-2023-Marcela-Contardo-Berrios-14.jpg","articleSection":["G\u00e9nero y Feminismos","Opiniones","Sudam\u00e9rica"],"inLanguage":"es"},{"@type":"WebPage","@id":"https:\/\/www.pressenza.com\/es\/2023\/11\/feminismos-diversos-en-tiempos-de-crisis-es-posible-conectar-para-accionar\/","url":"https:\/\/www.pressenza.com\/es\/2023\/11\/feminismos-diversos-en-tiempos-de-crisis-es-posible-conectar-para-accionar\/","name":"Feminismos diversos en tiempos de crisis: \u00bfes posible conectar para accionar?","isPartOf":{"@id":"https:\/\/www.pressenza.com\/es\/#website"},"primaryImageOfPage":{"@id":"https:\/\/www.pressenza.com\/es\/2023\/11\/feminismos-diversos-en-tiempos-de-crisis-es-posible-conectar-para-accionar\/#primaryimage"},"image":{"@id":"https:\/\/www.pressenza.com\/es\/2023\/11\/feminismos-diversos-en-tiempos-de-crisis-es-posible-conectar-para-accionar\/#primaryimage"},"thumbnailUrl":"https:\/\/www.pressenza.com\/wp-content\/uploads\/2023\/11\/FestivalMilTambores-Valparaiso-01-Oct-2023-Marcela-Contardo-Berrios-14.jpg","datePublished":"2023-11-16T00:24:52+00:00","description":"Por:\u00a0\u00c1ngela Erpel\u00a0| Encontrar los m\u00ednimos comunes hoy en d\u00eda es urgente, para construir desde los acuerdos aunque estos sean dif\u00edciles de encontrar. En","breadcrumb":{"@id":"https:\/\/www.pressenza.com\/es\/2023\/11\/feminismos-diversos-en-tiempos-de-crisis-es-posible-conectar-para-accionar\/#breadcrumb"},"inLanguage":"es","potentialAction":[{"@type":"ReadAction","target":["https:\/\/www.pressenza.com\/es\/2023\/11\/feminismos-diversos-en-tiempos-de-crisis-es-posible-conectar-para-accionar\/"]}]},{"@type":"ImageObject","inLanguage":"es","@id":"https:\/\/www.pressenza.com\/es\/2023\/11\/feminismos-diversos-en-tiempos-de-crisis-es-posible-conectar-para-accionar\/#primaryimage","url":"https:\/\/www.pressenza.com\/wp-content\/uploads\/2023\/11\/FestivalMilTambores-Valparaiso-01-Oct-2023-Marcela-Contardo-Berrios-14.jpg","contentUrl":"https:\/\/www.pressenza.com\/wp-content\/uploads\/2023\/11\/FestivalMilTambores-Valparaiso-01-Oct-2023-Marcela-Contardo-Berrios-14.jpg","width":1600,"height":1200},{"@type":"BreadcrumbList","@id":"https:\/\/www.pressenza.com\/es\/2023\/11\/feminismos-diversos-en-tiempos-de-crisis-es-posible-conectar-para-accionar\/#breadcrumb","itemListElement":[{"@type":"ListItem","position":1,"name":"Accueil","item":"https:\/\/www.pressenza.com\/es\/"},{"@type":"ListItem","position":2,"name":"Feminismos diversos en tiempos de crisis: \u00bfes posible conectar para accionar?"}]},{"@type":"WebSite","@id":"https:\/\/www.pressenza.com\/es\/#website","url":"https:\/\/www.pressenza.com\/es\/","name":"Pressenza","description":"International Press Agency","publisher":{"@id":"https:\/\/www.pressenza.com\/es\/#organization"},"potentialAction":[{"@type":"SearchAction","target":{"@type":"EntryPoint","urlTemplate":"https:\/\/www.pressenza.com\/es\/?s={search_term_string}"},"query-input":{"@type":"PropertyValueSpecification","valueRequired":true,"valueName":"search_term_string"}}],"inLanguage":"es"},{"@type":"Organization","@id":"https:\/\/www.pressenza.com\/es\/#organization","name":"Pressenza","url":"https:\/\/www.pressenza.com\/es\/","logo":{"@type":"ImageObject","inLanguage":"es","@id":"https:\/\/www.pressenza.com\/es\/#\/schema\/logo\/image\/","url":"https:\/\/www.pressenza.com\/wp-content\/uploads\/2022\/10\/pressenza_logo_200x200.jpg","contentUrl":"https:\/\/www.pressenza.com\/wp-content\/uploads\/2022\/10\/pressenza_logo_200x200.jpg","width":200,"height":200,"caption":"Pressenza"},"image":{"@id":"https:\/\/www.pressenza.com\/es\/#\/schema\/logo\/image\/"},"sameAs":["https:\/\/www.facebook.com\/PressenzaItalia","https:\/\/x.com\/PressenzaIPA"]},{"@type":"Person","@id":"https:\/\/www.pressenza.com\/es\/#\/schema\/person\/d5cdd4d29826f1ed6d2d96525259c965","name":"El Desconcierto","description":"Somos un grupo de profesionales del \u00e1mbito de las ciencias sociales y la industria editorial, que nos reunimos a fines del 2011 con el objetivo de levantar un medio de comunicaci\u00f3n digital conectado con las principales tendencias transformadoras de la sociedad del siglo 21. Nuestros principales focos son las noticias sobre derechos sociales y medio ambiente; los debates de pol\u00edtica, educaci\u00f3n, g\u00e9nero y diversidad sexual; los temas de cultura, transparencia y pueblos originarios. Desarrollamos un periodismo riguroso orientado a personas que valoran contenidos que les permitan reflexionar y descubrir nuevos horizontes de pensamiento, vinculados al fortalecimiento de la democracia participativa, la sustentabilidad y el buen vivir en el planeta. Para hacer sostenible este medio de comunicaci\u00f3n pluralista e independiente hemos lanzado la campa\u00f1a \u2018Hazte Socio\u2019 cuya finalidad es co-crear una comunidad de lectores\/as m\u00e1s cr\u00edtica y propositiva que desea participar colaborativamente en la construcci\u00f3n de un mundo mejor. El periodismo independiente y sin censura en Chile es necesario para todas y todos.","sameAs":["http:\/\/www.eldesconcierto.cl\/"],"url":"https:\/\/www.pressenza.com\/es\/author\/el-desconcierto\/"}]}},"place":"","original_article_url":"","_links":{"self":[{"href":"https:\/\/www.pressenza.com\/es\/wp-json\/wp\/v2\/posts\/1781680","targetHints":{"allow":["GET"]}}],"collection":[{"href":"https:\/\/www.pressenza.com\/es\/wp-json\/wp\/v2\/posts"}],"about":[{"href":"https:\/\/www.pressenza.com\/es\/wp-json\/wp\/v2\/types\/post"}],"author":[{"embeddable":true,"href":"https:\/\/www.pressenza.com\/es\/wp-json\/wp\/v2\/users\/1470"}],"replies":[{"embeddable":true,"href":"https:\/\/www.pressenza.com\/es\/wp-json\/wp\/v2\/comments?post=1781680"}],"version-history":[{"count":0,"href":"https:\/\/www.pressenza.com\/es\/wp-json\/wp\/v2\/posts\/1781680\/revisions"}],"wp:featuredmedia":[{"embeddable":true,"href":"https:\/\/www.pressenza.com\/es\/wp-json\/wp\/v2\/media\/1781681"}],"wp:attachment":[{"href":"https:\/\/www.pressenza.com\/es\/wp-json\/wp\/v2\/media?parent=1781680"}],"wp:term":[{"taxonomy":"category","embeddable":true,"href":"https:\/\/www.pressenza.com\/es\/wp-json\/wp\/v2\/categories?post=1781680"},{"taxonomy":"post_tag","embeddable":true,"href":"https:\/\/www.pressenza.com\/es\/wp-json\/wp\/v2\/tags?post=1781680"}],"curies":[{"name":"wp","href":"https:\/\/api.w.org\/{rel}","templated":true}]}}