{"id":1781518,"date":"2023-11-15T03:15:28","date_gmt":"2023-11-15T03:15:28","guid":{"rendered":"https:\/\/www.pressenza.com\/?p=1781518"},"modified":"2023-11-15T03:15:28","modified_gmt":"2023-11-15T03:15:28","slug":"cuando-la-perversion-del-verdugo-se-troca-en-virtud-de-la-victima","status":"publish","type":"post","link":"https:\/\/www.pressenza.com\/es\/2023\/11\/cuando-la-perversion-del-verdugo-se-troca-en-virtud-de-la-victima\/","title":{"rendered":"Cuando la perversi\u00f3n del verdugo se troca en virtud de la v\u00edctima"},"content":{"rendered":"<p><strong>SINDROMES Y ACTITUDES INCOMPRENSIBLES<\/strong><\/p>\n<p>As\u00ed como no es extra\u00f1o que una persona secuestrada pueda desarrollar una relaci\u00f3n de afectiva de colaboraci\u00f3n e, incluso, de complicidad con su secuestrador (\u2018s\u00edndrome de Estocolmo\u2019), tambi\u00e9n aquellos que han sufrido a manos de otras personas, o han visto sufrir a sus familiares, desarrollan, a menudo, tendencias tan agresivas que resulta dif\u00edcil saber si, en verdad, fueron v\u00edctimas de otros seres humanos o si son la edici\u00f3n corregida y aumentada de sus verdugos. Porque el aprendizaje no tiene fronteras. Son los llamados \u2018victimistas\u2019, personas que se autocompadecen, se realizan en esa calidad y, cuando no alcanzan sus objetivos, les acomete la desesperaci\u00f3n; tienden a acumular ira, e, incluso, resentimientos o agudos deseos de venganza hacia otras personas. Alfonso Aguil\u00f3 Pastrana, vicepresidente Instituto Europeo de Estudios de la Educaci\u00f3n, que estudiara el llamado \u2018s\u00edndrome del victimista\u2019, ha elaborado una tesis acerca de lo que llama \u2018victimismo agresivo\u2019 o, como lo define, la actitud de algunas personas para quienes<\/p>\n<p>&nbsp;<\/p>\n<p>\u201c[\u2026] invocar el recuerdo de las desgracias pasadas es como una inmensa caja de caudales sin fondo de donde extraen un flujo inagotable de resentimientos, o incluso de ira, odio y deseo de venganza\u201d<a href=\"#_edn1\" name=\"_ednref1\">[1]<\/a>.<\/p>\n<p>&nbsp;<\/p>\n<p>Las afirmaciones precedentes constituyen, apenas, una simple reflexi\u00f3n que nos introduce en el espantoso escenario actual de la pol\u00edtica mundial.<\/p>\n<p>&nbsp;<\/p>\n<p><strong>KRAGUJEVAC COMO ANTESALA DE LIDICE<\/strong><\/p>\n<p>Serbia, 1941. Durante la Segunda Guerra Mundial, cuando el movimiento liberador de Serbia (y de otras naciones circundantes) amenazaba desestabilizar la dominaci\u00f3n nazi en la regi\u00f3n,<\/p>\n<p>&nbsp;<\/p>\n<p>\u201c[\u2026] Hitler impuso un r\u00e9gimen de terror. Decret\u00f3 que por cada soldado alem\u00e1n muerto, ser\u00edan fusilados cien civiles serbios. Y que por cada soldado alem\u00e1n herido, ser\u00edan fusilados cincuenta civiles serbios, sin que importara sexo, condici\u00f3n social, edad ni religi\u00f3n\u201d<a href=\"#_edn2\" name=\"_ednref2\">[2]<\/a>.<\/p>\n<p>&nbsp;<\/p>\n<p>Pero la poblaci\u00f3n, libertaria como era, hizo caso omiso de esa advertencia. El sentimiento de independencia fue mayor. Por eso, cuando el 15 de octubre de 1941 las fuerzas rebeldes serbias se tomaron la ciudad de Kragujevac, la reacci\u00f3n del F\u00fchrer no se hizo esperar. Los patriotas hab\u00edan muerto a 10 soldados alemanes y herido a 26. Tal hecho merec\u00eda castigo. Las fuerzas alemanas rodearon la ciudad y comenzaron a apresar a los civiles. Ese d\u00eda, y en los que se sucedieron, fueron ejecutadas 2.778 personas entre hombres, mujeres y ni\u00f1os. Seria el preludio de lo que suceder\u00eda en otras latitudes. Como en la rep\u00fablica checa.<\/p>\n<p>&nbsp;<\/p>\n<p><strong>EL HORROR DE LIDICE<\/strong><\/p>\n<p>En la calle San Antonio, de la ciudad de Santiago, se abre un pasaje entre las calles Esmeralda y Santo Domingo, que lleva por nombre \u2018L\u00eddice\u2019, en recuerdo de aquel pueblito checo, arrasado hasta sus cimientos por el ej\u00e9rcito alem\u00e1n. No conocemos que en Chile se haya hecho un homenaje similar a Kragujevac.<\/p>\n<p>L\u00eddice, sin embargo, no fue uno de los lugares que m\u00e1s experiment\u00f3 la crueldad del r\u00e9gimen nazi, como lo veremos de inmediato. Su importancia radica en que se le quiso borrar del mapa, arrasar, dar a entender que en ese lugar nunca hubo personas. Como si se hubiere querido hacer, con esa poblaci\u00f3n, lo que el ej\u00e9rcito romano hizo de Cartago, sobre cuyas murallas y edificios destruidos el ej\u00e9rcito pas\u00f3 el arado y sembr\u00f3 sal, para que no volviese a crecer all\u00ed ni siquiera pasto, tanto era el odio acumulado en contra de su poblaci\u00f3n.<\/p>\n<p>En 1942, las fuerzas de ocupaci\u00f3n alemanas manten\u00edan en la capital de la Rep\u00fablica Checa (Praha) al general Reinhard Heydrich quien, con el nombre de \u2018protector de Praga\u2019, controlaba la vida de la ciudad. Dos guerrilleros de la resistencia checa, Josef Gab\u010dik y Jan Kubi\u0161, tendieron una emboscada al dictador caus\u00e1ndole heridas que, d\u00edas despu\u00e9s, le provocaron la muerte en uno de los hospitales de esa ciudad.<\/p>\n<p>La noticia enfureci\u00f3 al F\u00fchrer, que orden\u00f3 al nuevo regente hacer todo lo posible por encontrar a los responsables. Pero eso no ir\u00eda a terminar all\u00ed.<\/p>\n<p>El d\u00eda 10 de junio de 1942, seis d\u00edas exactos despu\u00e9s de la muerte del \u2018protector de Praga\u2019 (ocurrida el 04 de junio de 1942) las fuerzas alemanas rodearon L\u00eddice, pueblo campesino de apenas 340 habitantes, considerado centro del cual proven\u00edan los elementos checos hostiles al nazismo. Pudo ser as\u00ed, aunque pudo, tambi\u00e9n, no serlo; la fama determina la suerte de quien la detenta. Los invasores separaron a la poblaci\u00f3n entre los que eran mayores de 15 a\u00f1os y quienes no cumpl\u00edan esa edad. A los primeros se les encerr\u00f3 en un granero donde todos, sin excepci\u00f3n, fueron fusilados. A los ni\u00f1os (menores de 15 a\u00f1os) se les separ\u00f3, tambi\u00e9n; algunos de ellos fueron enviados a campos de concentraci\u00f3n, otros fueron muertos. Quienes hoy visitan esa ciudad pueden ver la estatua levantada en recuerdo de los 88 ni\u00f1os de L\u00eddice, ejecutados por los nazis. El pueblo fue exterminado: fueron, en total, 192 muertos, de entre los cuales 60 eran mujeres y 88 ni\u00f1os. Se orden\u00f3 quemar las casas y arrasar sus edificaciones.<\/p>\n<p>&nbsp;<\/p>\n<p><strong>GAZA EN EL CORAZ\u00d3N<\/strong><\/p>\n<p>Sabemos que la historia no se repite, pero s\u00ed las acciones de crueldad, el desprecio por la vida ajena. Es lo que nos parece sucede con las fuerzas de ocupaci\u00f3n israel\u00ed que, sobrepasadas por la acci\u00f3n de algunos presuntos \u2018terroristas\u2019 se dedican a ultimar a personas inocentes que nada tienen que ver con los hechos que dieron origen (aparentemente, por cierto) a la respuesta armada. Porque as\u00ed funciona la l\u00f3gica militar. Matando a civiles se logra, a menudo, volver a la poblaci\u00f3n en contra de sus gobernantes. O, en su defecto, amansarlos, lograr la sumisi\u00f3n del rebelde. Cuando ello no sucede, la paz se logra con el exterminio del enemigo. Pinochet lo dijo, c\u00ednicamente, el mismo 11 de septiembre, refiri\u00e9ndose a la muerte del presidente Allende:<\/p>\n<p>&nbsp;<\/p>\n<p>\u201cSe muere la perra, se acaba la leva, viejo\u201d<a href=\"#_edn3\" name=\"_ednref3\">[3]<\/a>.<\/p>\n<p>&nbsp;<\/p>\n<p>Es una l\u00f3gica. Y una pr\u00e1ctica. Una acci\u00f3n que, al reproducirse en las academias de guerra, adquiere el car\u00e1cter de cultura. Las perversas acciones, que ciertos sujetos depravados ejecutaron una vez, pasan a erigirse como formas de vida o, si se quiere, de ense\u00f1anzas \u2014o, tambi\u00e9n de an\u00f3malo legado cultural\u2014, en otras personas. Hasta Elon Musk lo reconoce:<\/p>\n<p>&nbsp;<\/p>\n<p>\u00abSi no vas a cometer directamente un genocidio contra todo un pueblo, lo que obviamente no ser\u00eda aceptable para nadie, entonces vas a dejar b\u00e1sicamente a\u00a0<strong>mucha gente viva\u00a0<\/strong>que\u00a0<strong>posteriormente odiar\u00e1 a Israel<\/strong>, as\u00ed que la cuesti\u00f3n es c\u00f3mo por cada miembro de Ham\u00e1s que matas, cu\u00e1ntos creas\u00bb<a href=\"#_edn4\" name=\"_ednref4\">[4]<\/a><\/p>\n<p>&nbsp;<\/p>\n<p><strong>\u00bf\u2019TERRORISTAS\u2019?<\/strong><\/p>\n<p>El \u2018terrorismo\u2019 no es un concepto; tampoco una \u2018categor\u00eda\u2019 sino, m\u00e1s bien, una denominaci\u00f3n. Como lo indica la RAE es la acci\u00f3n de mantener en estado de terror a una poblaci\u00f3n. Aterrorizar. O aterrar. Y es importante tener presente esa diferencia, pues existen \u00e9pocas en que tal expresi\u00f3n es usada como si tratara de una clasificaci\u00f3n que las ciencias nos han entregado para su conveniente uso. En verdad, ello no es as\u00ed. Los hechos que vamos a exponer nos hacen concluir que es, m\u00e1s bien, una expresi\u00f3n que busca denostar a quienes emplean m\u00e9todos de acceso al gobierno de una naci\u00f3n basados en el ejercicio de la violencia, m\u00e9todos que son terminantemente rechazados por los sectores dominantes de una formaci\u00f3n social en determinados per\u00edodos hist\u00f3ricos. Por consiguiente, se trata de palabras cuyo significado lo determina el uso que le da la comunidad en donde se emplea. No es un t\u00e9rmino universal sino local. Y temporal, como lo veremos. Porque los \u2018terroristas\u2019 de ayer, pueden hoy no serlo; tampoco ma\u00f1ana.<\/p>\n<p>&nbsp;<\/p>\n<p><strong>EL ATENTADO EN CONTRA DEL HOTEL \u2018REY DAVID\u2019<\/strong><\/p>\n<p>Desde hac\u00eda ya varios a\u00f1os, la llamada \u2018Palestina\u2019 (por los romanos), era un protectorado que dirig\u00edan, en forma conjunta, Gran Breta\u00f1a y Francia. Durante ese per\u00edodo, y por razones de persecuci\u00f3n pol\u00edtica, hab\u00edan llegado a ese lugar oleadas de refugiados jud\u00edos que se instalaron en diversas zonas en calidad de colonos. Por eso, terminada la Segunda Guerra Mundial, se hizo urgente delimitar los territorios que abarcar\u00edan los dos nuevos estados que se crear\u00edan (Israel y Palestina), soluci\u00f3n que no era del agrado, en absoluto, del sector m\u00e1s radical de esos colonos, la mayor\u00eda de ellos, de mentalidad \u2018sionista\u2019.<\/p>\n<p>En esos afanes, finalizada la Segunda Guerra Mundial, en 1946, los ingleses habilitaron una parte del Hotel \u2018Rey David\u2019, en Jerusal\u00e9n, para que, en ese lugar, funcionasen las dependencias de la administraci\u00f3n brit\u00e1nica de Palestina ya que, por razones de conveniencia, en el mismo hotel tambi\u00e9n lo hac\u00eda la \u00fanica oficina de las Naciones Unidas.<\/p>\n<p>El movimiento sionista, viendo que sus esfuerzos por recuperar la \u2018tierra prometida\u2019 se malograban y que deber\u00edan compartir esa porci\u00f3n territorial con los habitantes de la misma, hab\u00edan organizado, en los a\u00f1os anteriores, una secta denominada \u2018Irg\u00fan\u2019, uno de cuyos m\u00e1ximos dirigentes era Menaghem Begu\u00edn. Los jud\u00edos estaban decididos a apoderarse \u00a0por la fuerza de ese enclave que consideraban propio.<\/p>\n<p>Cuando, en julio de 1946, advirtieron los colonos que la divisi\u00f3n de la regi\u00f3n era inminente, los dirigentes de esa organizaci\u00f3n determinaron colocar cargas de dinamita en las dependencias del hotel y hacerlas explotar sin importarles que hubiere personas all\u00ed presentes. El atentado tuvo lugar el 22 de julio de ese a\u00f1o; las v\u00edctimas fueron 91 funcionarios, la mayor\u00eda de ellos de nacionalidad brit\u00e1nica. Posteriormente, se se\u00f1al\u00f3 que el objetivo del atentado hab\u00eda sido, al parecer, destruir toda la documentaci\u00f3n acumulada en poder de la administraci\u00f3n inglesa acerca de las actividades del grupo de Begu\u00edn.<\/p>\n<p>Y, como sucede en estos casos en donde el autor va a ser eximido de responsabilidad, Winston Churchill, al informarse del atentado, se limit\u00f3, tan s\u00f3lo, a decir que fue<\/p>\n<p>&nbsp;<\/p>\n<p>\u00ab[\u2026] uno de lo m\u00e1s devastadores y cobardes cr\u00edmenes [\u2026] reportado en la historia\u00bb.<\/p>\n<p><strong>\u00a0<\/strong><\/p>\n<p><strong>EL ASESINATO DE FOLKE BERNARDOTTE<\/strong><\/p>\n<p>El establecimiento de dos Estados en la regi\u00f3n era el objetivo de las Naciones Unidas para lo cual dicho organismo internacional nombr\u00f3, en el car\u00e1cter de mediador, al Conde Folke Bernardotte, un diplom\u00e1tico sueco que se hab\u00eda destacado, en el plano internacional, por conseguir la liberaci\u00f3n de varios miles de jud\u00edos, de diversas nacionalidades, y evitar su env\u00edo a los campos de exterminio (se habla hasta de 31.000).<\/p>\n<p>Como se ha dicho, gran parte de los jud\u00edos que se hab\u00edan establecido en el lugar ten\u00edan la convicci\u00f3n de ser due\u00f1os leg\u00edtimos del lugar por mandato divino. Algunos de ellos militaban en \u2018Irg\u00fan\u2019; otros hab\u00edan preferido hacerlo en una organizaci\u00f3n que les diera mayor confianza y participaban activamente en una secta denominada \u2018Lehi\u2019, en la que militaban, adem\u00e1s, en calidad de jefes, personajes como Yitzhak Shamir, Natan Yellin-Mor y Yizrael Eldad.<\/p>\n<p>La presencia de Bernardotte resultaba tremendamente molesta para esa organizaci\u00f3n, pues, de aceptarse su gesti\u00f3n, estaban ciertos que hab\u00edan de ceder territorios considerados como propios. En esa situaci\u00f3n, \u2018Lehi\u2019 resolvi\u00f3 matar al diplom\u00e1tico.\u00a0 A cargo de la preparaci\u00f3n del atentado qued\u00f3 otro colono llamado Yehoshua Settler.<\/p>\n<p>El 17 de septiembre de 1948, Bernardotte, acompa\u00f1ado del observador de la ONU, el coronel franc\u00e9s Andr\u00e9 Serot, se dirigi\u00f3 en un veh\u00edculo al hotel donde ambos se hospedaban. En el camino, los detuvo un jeep del ej\u00e9rcito israel\u00ed del cual bajaron tres hombres que los abatieron a tiros. Investigaciones posteriores se\u00f1alan que Yitzhak Shamir fue uno de los que dispar\u00f3 contra el conde y su acompa\u00f1ante. Quien organiz\u00f3 el atentado fue otro militante de \u2018Lehi\u2019 llamado \u00a0Reuven Shiloah, personaje de confianza de David Ben Guri\u00f3n y que, tiempo despu\u00e9s, organizar\u00eda nada menos que el servicio secreto israel\u00ed, la MOSSAD<a href=\"#_edn5\" name=\"_ednref5\">[5]<\/a>.<\/p>\n<p>&nbsp;<\/p>\n<p><strong>LA MASACRE DE DEIR YASSIN<\/strong><\/p>\n<p>Dos a\u00f1os m\u00e1s tarde, los grupos \u2018Irg\u00fan\u2019 (de Menhagen Beg\u00edn) y \u2018Lehi\u2019 (de Ytzhak Shamir) estaban trabajando juntos. Fruto de esa cooperaci\u00f3n fue el atentado realizado en contra de la aldea de Deir Yassin, poblado que se levantaba aproximadamente a cinco kil\u00f3metros de Jersusal\u00e9n.<\/p>\n<p>Un grupo formado por 132 paramilitares jud\u00edos, militantes de la organizaci\u00f3n \u2018Irg\u00fan\u2019, atac\u00f3 esa localidad matando a 120 aldeanos palestinos indefensos. A esas alturas, ambas organizaciones fueron catalogadas internacionalmente en el car\u00e1cter de \u2018terroristas\u2019; sin embargo, a\u00f1os m\u00e1s tarde, todo estaba olvidado y los dirigentes de esas organizaciones se presentaban como candidatos en las elecciones a las que citaba el Estado israel\u00ec.<\/p>\n<p>&nbsp;<\/p>\n<p><strong>LOS \u2018TERRORISTAS\u2019 DE ANTES QUE YA NO LO SON<\/strong><\/p>\n<p>As\u00ed, pues, los \u2018terroristas\u2019 que, luego de la Segunda Guerra Mundial, perpetraron los atentados, diez a\u00f1os m\u00e1s tarde ya no lo eran. Beguin y Shamir fueron elegidos por sus compatriotas y desempe\u00f1aron el cargo de Primer Ministro de Israel y han estrechado las manos de todos los l\u00edderes europeos y estadounidenses. Suecos e ingleses los han apoyado sin importarles, mayormente, los asesinatos de sus propios conciudadanos. Sus cr\u00edmenes, conocidos por toda la prensa mundial, han quedado en la impunidad. Porque la moral tambi\u00e9n la impone el vencedor: los \u00fanicos \u2018terroristas\u2019 son los palestinos. No. Incluso poseen una denominaci\u00f3n a\u00fan mayor: son \u2018animales humanos\u2019.<\/p>\n<p>&nbsp;<\/p>\n<p><strong>\u00bfQUI\u00c9N MAT\u00d3 A YTZHAK RABIN?<\/strong><\/p>\n<p>No existen hoy el \u2018Irg\u00fan\u2019 y el Lehi\u2019, pero existe el partido Likud, que es la organizaci\u00f3n pol\u00edtica a la que ingresaron en calidad de militantes los miembros de esos grupos. Tanto Menaghem Beguin como Ytzhak Shamir fueron militantes del partido \u2018Likud\u2019, una estructura pol\u00edtica abiertamente sionista. El mismo en donde milita el actual primer ministro de Israel, Benjamin Netanyahu, cuyos discursos, cargados de odio hacia quien fuera Primer Ministro de Israel, el socialdem\u00f3crata YIzhak Rabin pavimentaron el camino hacia un desenlace tremendo. Rabin hab\u00eda llegado a un acuerdo con Yasser Arafat para poner fin a la animadversi\u00f3n entre jud\u00edos y palestinos y se aprestaba a celebrar los llamados \u2018Acuerdos de Oslo\u2019.<\/p>\n<p>El 4 de noviembre de 1995, sin embargo, al t\u00e9rmino de una concentraci\u00f3n en apoyo a los referidos \u2018Acuerdos de Oslo\u2019, el estudiante Yigal Amir, ultranacionalista, contrario a cualquier acuerdo con los palestinos, vaci\u00f3 su Beretta en el cuerpo de Rabin, que acostumbraba ir a todas las manifestaciones pol\u00edticas sin protecci\u00f3n policial alguna, ocasion\u00e1ndole la muerte.<\/p>\n<p>Netanyahu hab\u00eda pronunciado encendidos discursos en contra del Primer Ministro Ytzhak Rabin, denunciando que el dirigente israel\u00ed quer\u00eda entregar a los palestinos \u2018tierra jud\u00eda\u2019 (sic!) lo que era una herej\u00eda, y que estaba llevando a Israel por un camino<\/p>\n<p>&nbsp;<\/p>\n<p>\u00ab[\u2026] alejado de la tradici\u00f3n jud\u00eda y de los valores jud\u00edos\u00bb<a href=\"#_edn6\" name=\"_ednref6\">[6]<\/a>.<\/p>\n<p>&nbsp;<\/p>\n<p>Una raz\u00f3n m\u00e1s que suficiente para atentar contra su vida.<\/p>\n<p>De si result\u00f3 tremendamente conveniente a Netanyahu la muerte de Rab\u00edn es una circunstancia de la cual no parece hoy existir la menor duda.<\/p>\n<p>&nbsp;<\/p>\n<p><strong>PALABRAS FINALES<\/strong><\/p>\n<p>Si confiamos en las versiones que la prensa nos ha entregado, el detonante del espantoso ataque de las fuerzas armadas israelitas a la regi\u00f3n de Gaza parece haber sido la acci\u00f3n de Ham\u00e1s en territorio jud\u00edo el 7 de octubre pasado que, de ser como se relata, deber\u00eda hacerse merecedora del m\u00e1s en\u00e9rgico repudio. Sin embargo, ello no parece haber sucedido de esa manera. Versiones que reci\u00e9n comienzan a darse a conocer \u2014y, en forma sesgada\u2014, nos llevan en una direcci\u00f3n por completo diferente<a href=\"#_edn7\" name=\"_ednref7\">[7]<\/a>. Y parecen confirmar que el inter\u00e9s por aplicar tan desproporcionado castigo al pueblo palestino no es solamente una respuesta a ese luctuoso suceso sino, m\u00e1s bien, al deseo descontrolado de tomar la posesi\u00f3n del \u00e1rea de 83 mil kil\u00f3metros cuadrados de mar territorial que se extiende al oeste de la franja de Gaza, de las costas de Israel y de El L\u00edbano, en donde, en 2010 (y m\u00e1s tarde, en 2013) la British Gas Oil Company descubri\u00f3 dep\u00f3sitos gigantescos de gas natural que podr\u00edan resolver la crisis energ\u00e9tica de Europa y de otras varias localidades. El yacimiento, que se conoce bajo el nombre de \u2018Leviat\u00e1n\u2019, contiene cerca de un bill\u00f3n de pies c\u00fabicos de gas natural<a href=\"#_edn8\" name=\"_ednref8\">[8]<\/a>.<\/p>\n<p>Jam\u00e1s Israel respet\u00f3 los acuerdos de las Naciones Unidas; tampoco lo hace hoy con el respaldo de Estados Unidos. In\u00fatil ser\u00eda exigirle que lo hiciera o que respetara las normas de una guerra que no es tal sino una masacre que la humanidad presencia hoy impotente. No lo hizo ayer bajo gobernantes afiliados al HaAvod\u00e1 (laboristas), que podr\u00edan presumirse pol\u00edticos con mayor empat\u00eda, menos lo har\u00eda hoy bajo gobernantes afiliados al Likud (conservadores), conocidos por su abierto racismo.<\/p>\n<p>Para quienes, para desgracia nuestra, acostumbramos hacer asociaciones hist\u00f3ricas, no deja de sernos tr\u00e1gico constatar que esta reproducci\u00f3n de verdugos en sujetos que antes fueron v\u00edctimas nos recuerda la triste historia de los pueblos originarios de Am\u00e9rica, a manos de los europeos, y el Chile, de nuestros hermanos mapuches. Tal vez las sangrantes manos amputadas de Kallf\u00fcr\u00fcngi (Galvarino) o la siniestra pica horadando las entra\u00f1as de Kallf\u00fclikan (Caupolic\u00e1n), puedan hacer crecer nuestra empat\u00eda y hacernos entender <em>in situ<\/em> el drama que hoy se vive en el Gualmapu y, consecuentemente, la espantosa masacre de ni\u00f1os, ancianos y mujeres que, con mano ajena, est\u00e1n perpetrando los sectores dominantes de la sociedad mundial sobre el pobre pueblo palestino en Gaza.<\/p>\n<p>Digamos, finalmente, que los medios informativos cifran en 12.000 los muertos palestinos por los ataques israel\u00edes. Si consideramos que los muertos israel\u00edes son 1.200 por los ataques de Ham\u00e1s, y los palestinos muertos por Israel casi 12.000 \u00bfno estamos, acaso, descubriendo en Netanyahu una voluntad expl\u00edcita de matar diez palestinos por cada israelita muerto? \u00bfO van a ser los 100 que recomendaba Hitler? Perm\u00edtasenos tener dudas, porque no sabemos el alcance de las perversiones que aprendieron las v\u00edctimas de sus verdugos\u2026<\/p>\n<p>&nbsp;<\/p>\n<p>Santiago, noviembre de 2023<\/p>\n<p><a href=\"#_ednref1\" name=\"_edn1\">[1]<\/a> Aguil\u00f3 Pastrana, Alfonso: \u201cLa ret\u00f3rica victimista\u201d, documento disponible en INTERNET, www.interrogantes.net<\/p>\n<p><a href=\"#_ednref2\" name=\"_edn2\">[2]<\/a> Amato, Alberto \u201cLa \u2018Operaci\u00f3n Castigo\u2019, la masacre de los nazis en la que ejecutaban a cien personas por cada soldado alem\u00e1n muerto\u201d. INFOBAE, 20 de octubre de 2023.<\/p>\n<p><a href=\"#_ednref3\" name=\"_edn3\">[3]<\/a> Castillo, Roberto: \u201c\u2019Se muere la perra, se acaba la leva\u2026\u2019: Palabra de comandante en jefe\u201d, \u2018El Mostrador\u2019, 12 de diciembre de 2006.<\/p>\n<p><a href=\"#_ednref4\" name=\"_edn4\">[4]<\/a> Redacci\u00f3n: \u201cMusk: \u2018Si matas al ni\u00f1o de alguien en Gaza, habr\u00e1s creado al menos unos cu\u00e1ntos miembros de Ham\u00e1s\u201d, RT, 11 de noviembre de 2023. Con negrita en el original.<\/p>\n<p><a href=\"#_ednref5\" name=\"_edn5\">[5]<\/a> Su\u00e1rez, Thomas: \u201c\u00bfIsrael, y no Lehi, asesin\u00f3 al mediador de la ONU, Folke Bernardotte, en 1948?\u201d, \u2018Monitor de Oriente\u2019, 19 de octubre de 2022.<\/p>\n<p><a href=\"#_ednref6\" name=\"_edn6\">[6]<\/a> \u00ab<a href=\"http:\/\/www.mfa.gov.il\/MFA\/MFAArchive\/1990_1999\/1995\/11\/World%20Leaders%20at%20PM%20Rabin-s%20\">World Leaders in Attendance at the Funeral of the Late Prime Minister Yitzhak Rabin<\/a>\u00ab, 6 noviembre 1995. Ministerio de Relaciones Exteriores.<\/p>\n<p><a href=\"#_ednref7\" name=\"_edn7\">[7]<\/a> Inlakesh, Robert y Narwani, Sharmine: \u201c\u00bfQu\u00e9 pas\u00f3 realmente el 7 de octubre?\u201d, \u2018El Ciudadano\u2019, 13 de noviembre de 2023.<\/p>\n<p><a href=\"#_ednref8\" name=\"_edn8\">[8]<\/a> Arbuthnot, Felicity: \u201cEl gas\u00f3leo israel\u00ed y los problemas en Levante\u201d, Global Research, 13 de diciembre de 2013<\/p>\n<p>____________________________________________________________________________________<\/p>\n<p>&nbsp;<\/p>\n","protected":false},"excerpt":{"rendered":"<p>SINDROMES Y ACTITUDES INCOMPRENSIBLES As\u00ed como no es extra\u00f1o que una persona secuestrada pueda desarrollar una relaci\u00f3n de afectiva de colaboraci\u00f3n e, incluso, de complicidad con su secuestrador (\u2018s\u00edndrome de Estocolmo\u2019), tambi\u00e9n aquellos que han sufrido a manos de otras&hellip;<\/p>\n","protected":false},"author":1904,"featured_media":1781519,"comment_status":"closed","ping_status":"closed","sticky":false,"template":"","format":"standard","meta":{"footnotes":""},"categories":[79,161,67],"tags":[],"class_list":["post-1781518","post","type-post","status-publish","format-standard","has-post-thumbnail","hentry","category-derechos-humanos","category-opiniones","category-sudamerica"],"yoast_head":"<!-- This site is optimized with the Yoast SEO plugin v27.1.1 - https:\/\/yoast.com\/product\/yoast-seo-wordpress\/ -->\n<title>Cuando la perversi\u00f3n del verdugo se troca en virtud de la v\u00edctima<\/title>\n<meta name=\"description\" content=\"SINDROMES Y ACTITUDES INCOMPRENSIBLES As\u00ed como no es extra\u00f1o que una persona secuestrada pueda desarrollar una relaci\u00f3n de afectiva de colaboraci\u00f3n e,\" \/>\n<meta name=\"robots\" content=\"index, follow, max-snippet:-1, max-image-preview:large, max-video-preview:-1\" \/>\n<link rel=\"canonical\" href=\"https:\/\/www.pressenza.com\/es\/2023\/11\/cuando-la-perversion-del-verdugo-se-troca-en-virtud-de-la-victima\/\" \/>\n<meta property=\"og:locale\" content=\"es_ES\" \/>\n<meta property=\"og:type\" content=\"article\" \/>\n<meta property=\"og:title\" content=\"Cuando la perversi\u00f3n del verdugo se troca en virtud de la v\u00edctima\" \/>\n<meta property=\"og:description\" content=\"SINDROMES Y ACTITUDES INCOMPRENSIBLES As\u00ed como no es extra\u00f1o que una persona secuestrada pueda desarrollar una relaci\u00f3n de afectiva de colaboraci\u00f3n e,\" \/>\n<meta property=\"og:url\" content=\"https:\/\/www.pressenza.com\/es\/2023\/11\/cuando-la-perversion-del-verdugo-se-troca-en-virtud-de-la-victima\/\" \/>\n<meta property=\"og:site_name\" content=\"Pressenza\" \/>\n<meta property=\"article:publisher\" content=\"https:\/\/www.facebook.com\/PressenzaItalia\" \/>\n<meta property=\"article:published_time\" content=\"2023-11-15T03:15:28+00:00\" \/>\n<meta property=\"og:image\" content=\"https:\/\/www.pressenza.com\/wp-content\/uploads\/2023\/11\/tunnel_silhouette_mysterious_fantasy_white_dream_male_bright-863174.jpg\" \/>\n\t<meta property=\"og:image:width\" content=\"1200\" \/>\n\t<meta property=\"og:image:height\" content=\"800\" \/>\n\t<meta property=\"og:image:type\" content=\"image\/jpeg\" \/>\n<meta name=\"author\" content=\"Manuel Acu\u00f1a Asenjo\" \/>\n<meta name=\"twitter:card\" content=\"summary_large_image\" \/>\n<meta name=\"twitter:creator\" content=\"@PressenzaIPA\" \/>\n<meta name=\"twitter:site\" content=\"@PressenzaIPA\" \/>\n<meta name=\"twitter:label1\" content=\"Escrito por\" \/>\n\t<meta name=\"twitter:data1\" content=\"Manuel Acu\u00f1a Asenjo\" \/>\n\t<meta name=\"twitter:label2\" content=\"Tiempo de lectura\" \/>\n\t<meta name=\"twitter:data2\" content=\"14 minutos\" \/>\n<script type=\"application\/ld+json\" class=\"yoast-schema-graph\">{\"@context\":\"https:\/\/schema.org\",\"@graph\":[{\"@type\":\"Article\",\"@id\":\"https:\/\/www.pressenza.com\/es\/2023\/11\/cuando-la-perversion-del-verdugo-se-troca-en-virtud-de-la-victima\/#article\",\"isPartOf\":{\"@id\":\"https:\/\/www.pressenza.com\/es\/2023\/11\/cuando-la-perversion-del-verdugo-se-troca-en-virtud-de-la-victima\/\"},\"author\":{\"name\":\"Manuel Acu\u00f1a Asenjo\",\"@id\":\"https:\/\/www.pressenza.com\/es\/#\/schema\/person\/cb5ebf16d846b32510b4c9ea46a85147\"},\"headline\":\"Cuando la perversi\u00f3n del verdugo se troca en virtud de la v\u00edctima\",\"datePublished\":\"2023-11-15T03:15:28+00:00\",\"mainEntityOfPage\":{\"@id\":\"https:\/\/www.pressenza.com\/es\/2023\/11\/cuando-la-perversion-del-verdugo-se-troca-en-virtud-de-la-victima\/\"},\"wordCount\":3269,\"publisher\":{\"@id\":\"https:\/\/www.pressenza.com\/es\/#organization\"},\"image\":{\"@id\":\"https:\/\/www.pressenza.com\/es\/2023\/11\/cuando-la-perversion-del-verdugo-se-troca-en-virtud-de-la-victima\/#primaryimage\"},\"thumbnailUrl\":\"https:\/\/www.pressenza.com\/wp-content\/uploads\/2023\/11\/tunnel_silhouette_mysterious_fantasy_white_dream_male_bright-863174.jpg\",\"articleSection\":[\"Derechos Humanos\",\"Opiniones\",\"Sudam\u00e9rica\"],\"inLanguage\":\"es\"},{\"@type\":\"WebPage\",\"@id\":\"https:\/\/www.pressenza.com\/es\/2023\/11\/cuando-la-perversion-del-verdugo-se-troca-en-virtud-de-la-victima\/\",\"url\":\"https:\/\/www.pressenza.com\/es\/2023\/11\/cuando-la-perversion-del-verdugo-se-troca-en-virtud-de-la-victima\/\",\"name\":\"Cuando la perversi\u00f3n del verdugo se troca en virtud de la v\u00edctima\",\"isPartOf\":{\"@id\":\"https:\/\/www.pressenza.com\/es\/#website\"},\"primaryImageOfPage\":{\"@id\":\"https:\/\/www.pressenza.com\/es\/2023\/11\/cuando-la-perversion-del-verdugo-se-troca-en-virtud-de-la-victima\/#primaryimage\"},\"image\":{\"@id\":\"https:\/\/www.pressenza.com\/es\/2023\/11\/cuando-la-perversion-del-verdugo-se-troca-en-virtud-de-la-victima\/#primaryimage\"},\"thumbnailUrl\":\"https:\/\/www.pressenza.com\/wp-content\/uploads\/2023\/11\/tunnel_silhouette_mysterious_fantasy_white_dream_male_bright-863174.jpg\",\"datePublished\":\"2023-11-15T03:15:28+00:00\",\"description\":\"SINDROMES Y ACTITUDES INCOMPRENSIBLES As\u00ed como no es extra\u00f1o que una persona secuestrada pueda desarrollar una relaci\u00f3n de afectiva de colaboraci\u00f3n e,\",\"breadcrumb\":{\"@id\":\"https:\/\/www.pressenza.com\/es\/2023\/11\/cuando-la-perversion-del-verdugo-se-troca-en-virtud-de-la-victima\/#breadcrumb\"},\"inLanguage\":\"es\",\"potentialAction\":[{\"@type\":\"ReadAction\",\"target\":[\"https:\/\/www.pressenza.com\/es\/2023\/11\/cuando-la-perversion-del-verdugo-se-troca-en-virtud-de-la-victima\/\"]}]},{\"@type\":\"ImageObject\",\"inLanguage\":\"es\",\"@id\":\"https:\/\/www.pressenza.com\/es\/2023\/11\/cuando-la-perversion-del-verdugo-se-troca-en-virtud-de-la-victima\/#primaryimage\",\"url\":\"https:\/\/www.pressenza.com\/wp-content\/uploads\/2023\/11\/tunnel_silhouette_mysterious_fantasy_white_dream_male_bright-863174.jpg\",\"contentUrl\":\"https:\/\/www.pressenza.com\/wp-content\/uploads\/2023\/11\/tunnel_silhouette_mysterious_fantasy_white_dream_male_bright-863174.jpg\",\"width\":1200,\"height\":800},{\"@type\":\"BreadcrumbList\",\"@id\":\"https:\/\/www.pressenza.com\/es\/2023\/11\/cuando-la-perversion-del-verdugo-se-troca-en-virtud-de-la-victima\/#breadcrumb\",\"itemListElement\":[{\"@type\":\"ListItem\",\"position\":1,\"name\":\"Accueil\",\"item\":\"https:\/\/www.pressenza.com\/es\/\"},{\"@type\":\"ListItem\",\"position\":2,\"name\":\"Cuando la perversi\u00f3n del verdugo se troca en virtud de la v\u00edctima\"}]},{\"@type\":\"WebSite\",\"@id\":\"https:\/\/www.pressenza.com\/es\/#website\",\"url\":\"https:\/\/www.pressenza.com\/es\/\",\"name\":\"Pressenza\",\"description\":\"International Press Agency\",\"publisher\":{\"@id\":\"https:\/\/www.pressenza.com\/es\/#organization\"},\"potentialAction\":[{\"@type\":\"SearchAction\",\"target\":{\"@type\":\"EntryPoint\",\"urlTemplate\":\"https:\/\/www.pressenza.com\/es\/?s={search_term_string}\"},\"query-input\":{\"@type\":\"PropertyValueSpecification\",\"valueRequired\":true,\"valueName\":\"search_term_string\"}}],\"inLanguage\":\"es\"},{\"@type\":\"Organization\",\"@id\":\"https:\/\/www.pressenza.com\/es\/#organization\",\"name\":\"Pressenza\",\"url\":\"https:\/\/www.pressenza.com\/es\/\",\"logo\":{\"@type\":\"ImageObject\",\"inLanguage\":\"es\",\"@id\":\"https:\/\/www.pressenza.com\/es\/#\/schema\/logo\/image\/\",\"url\":\"https:\/\/www.pressenza.com\/wp-content\/uploads\/2022\/10\/pressenza_logo_200x200.jpg\",\"contentUrl\":\"https:\/\/www.pressenza.com\/wp-content\/uploads\/2022\/10\/pressenza_logo_200x200.jpg\",\"width\":200,\"height\":200,\"caption\":\"Pressenza\"},\"image\":{\"@id\":\"https:\/\/www.pressenza.com\/es\/#\/schema\/logo\/image\/\"},\"sameAs\":[\"https:\/\/www.facebook.com\/PressenzaItalia\",\"https:\/\/x.com\/PressenzaIPA\"]},{\"@type\":\"Person\",\"@id\":\"https:\/\/www.pressenza.com\/es\/#\/schema\/person\/cb5ebf16d846b32510b4c9ea46a85147\",\"name\":\"Manuel Acu\u00f1a Asenjo\",\"url\":\"https:\/\/www.pressenza.com\/es\/author\/manuel-acuna-asenjo\/\"}]}<\/script>\n<!-- \/ Yoast SEO plugin. -->","yoast_head_json":{"title":"Cuando la perversi\u00f3n del verdugo se troca en virtud de la v\u00edctima","description":"SINDROMES Y ACTITUDES INCOMPRENSIBLES As\u00ed como no es extra\u00f1o que una persona secuestrada pueda desarrollar una relaci\u00f3n de afectiva de colaboraci\u00f3n e,","robots":{"index":"index","follow":"follow","max-snippet":"max-snippet:-1","max-image-preview":"max-image-preview:large","max-video-preview":"max-video-preview:-1"},"canonical":"https:\/\/www.pressenza.com\/es\/2023\/11\/cuando-la-perversion-del-verdugo-se-troca-en-virtud-de-la-victima\/","og_locale":"es_ES","og_type":"article","og_title":"Cuando la perversi\u00f3n del verdugo se troca en virtud de la v\u00edctima","og_description":"SINDROMES Y ACTITUDES INCOMPRENSIBLES As\u00ed como no es extra\u00f1o que una persona secuestrada pueda desarrollar una relaci\u00f3n de afectiva de colaboraci\u00f3n e,","og_url":"https:\/\/www.pressenza.com\/es\/2023\/11\/cuando-la-perversion-del-verdugo-se-troca-en-virtud-de-la-victima\/","og_site_name":"Pressenza","article_publisher":"https:\/\/www.facebook.com\/PressenzaItalia","article_published_time":"2023-11-15T03:15:28+00:00","og_image":[{"width":1200,"height":800,"url":"https:\/\/www.pressenza.com\/wp-content\/uploads\/2023\/11\/tunnel_silhouette_mysterious_fantasy_white_dream_male_bright-863174.jpg","type":"image\/jpeg"}],"author":"Manuel Acu\u00f1a Asenjo","twitter_card":"summary_large_image","twitter_creator":"@PressenzaIPA","twitter_site":"@PressenzaIPA","twitter_misc":{"Escrito por":"Manuel Acu\u00f1a Asenjo","Tiempo de lectura":"14 minutos"},"schema":{"@context":"https:\/\/schema.org","@graph":[{"@type":"Article","@id":"https:\/\/www.pressenza.com\/es\/2023\/11\/cuando-la-perversion-del-verdugo-se-troca-en-virtud-de-la-victima\/#article","isPartOf":{"@id":"https:\/\/www.pressenza.com\/es\/2023\/11\/cuando-la-perversion-del-verdugo-se-troca-en-virtud-de-la-victima\/"},"author":{"name":"Manuel Acu\u00f1a Asenjo","@id":"https:\/\/www.pressenza.com\/es\/#\/schema\/person\/cb5ebf16d846b32510b4c9ea46a85147"},"headline":"Cuando la perversi\u00f3n del verdugo se troca en virtud de la v\u00edctima","datePublished":"2023-11-15T03:15:28+00:00","mainEntityOfPage":{"@id":"https:\/\/www.pressenza.com\/es\/2023\/11\/cuando-la-perversion-del-verdugo-se-troca-en-virtud-de-la-victima\/"},"wordCount":3269,"publisher":{"@id":"https:\/\/www.pressenza.com\/es\/#organization"},"image":{"@id":"https:\/\/www.pressenza.com\/es\/2023\/11\/cuando-la-perversion-del-verdugo-se-troca-en-virtud-de-la-victima\/#primaryimage"},"thumbnailUrl":"https:\/\/www.pressenza.com\/wp-content\/uploads\/2023\/11\/tunnel_silhouette_mysterious_fantasy_white_dream_male_bright-863174.jpg","articleSection":["Derechos Humanos","Opiniones","Sudam\u00e9rica"],"inLanguage":"es"},{"@type":"WebPage","@id":"https:\/\/www.pressenza.com\/es\/2023\/11\/cuando-la-perversion-del-verdugo-se-troca-en-virtud-de-la-victima\/","url":"https:\/\/www.pressenza.com\/es\/2023\/11\/cuando-la-perversion-del-verdugo-se-troca-en-virtud-de-la-victima\/","name":"Cuando la perversi\u00f3n del verdugo se troca en virtud de la v\u00edctima","isPartOf":{"@id":"https:\/\/www.pressenza.com\/es\/#website"},"primaryImageOfPage":{"@id":"https:\/\/www.pressenza.com\/es\/2023\/11\/cuando-la-perversion-del-verdugo-se-troca-en-virtud-de-la-victima\/#primaryimage"},"image":{"@id":"https:\/\/www.pressenza.com\/es\/2023\/11\/cuando-la-perversion-del-verdugo-se-troca-en-virtud-de-la-victima\/#primaryimage"},"thumbnailUrl":"https:\/\/www.pressenza.com\/wp-content\/uploads\/2023\/11\/tunnel_silhouette_mysterious_fantasy_white_dream_male_bright-863174.jpg","datePublished":"2023-11-15T03:15:28+00:00","description":"SINDROMES Y ACTITUDES INCOMPRENSIBLES As\u00ed como no es extra\u00f1o que una persona secuestrada pueda desarrollar una relaci\u00f3n de afectiva de colaboraci\u00f3n e,","breadcrumb":{"@id":"https:\/\/www.pressenza.com\/es\/2023\/11\/cuando-la-perversion-del-verdugo-se-troca-en-virtud-de-la-victima\/#breadcrumb"},"inLanguage":"es","potentialAction":[{"@type":"ReadAction","target":["https:\/\/www.pressenza.com\/es\/2023\/11\/cuando-la-perversion-del-verdugo-se-troca-en-virtud-de-la-victima\/"]}]},{"@type":"ImageObject","inLanguage":"es","@id":"https:\/\/www.pressenza.com\/es\/2023\/11\/cuando-la-perversion-del-verdugo-se-troca-en-virtud-de-la-victima\/#primaryimage","url":"https:\/\/www.pressenza.com\/wp-content\/uploads\/2023\/11\/tunnel_silhouette_mysterious_fantasy_white_dream_male_bright-863174.jpg","contentUrl":"https:\/\/www.pressenza.com\/wp-content\/uploads\/2023\/11\/tunnel_silhouette_mysterious_fantasy_white_dream_male_bright-863174.jpg","width":1200,"height":800},{"@type":"BreadcrumbList","@id":"https:\/\/www.pressenza.com\/es\/2023\/11\/cuando-la-perversion-del-verdugo-se-troca-en-virtud-de-la-victima\/#breadcrumb","itemListElement":[{"@type":"ListItem","position":1,"name":"Accueil","item":"https:\/\/www.pressenza.com\/es\/"},{"@type":"ListItem","position":2,"name":"Cuando la perversi\u00f3n del verdugo se troca en virtud de la v\u00edctima"}]},{"@type":"WebSite","@id":"https:\/\/www.pressenza.com\/es\/#website","url":"https:\/\/www.pressenza.com\/es\/","name":"Pressenza","description":"International Press Agency","publisher":{"@id":"https:\/\/www.pressenza.com\/es\/#organization"},"potentialAction":[{"@type":"SearchAction","target":{"@type":"EntryPoint","urlTemplate":"https:\/\/www.pressenza.com\/es\/?s={search_term_string}"},"query-input":{"@type":"PropertyValueSpecification","valueRequired":true,"valueName":"search_term_string"}}],"inLanguage":"es"},{"@type":"Organization","@id":"https:\/\/www.pressenza.com\/es\/#organization","name":"Pressenza","url":"https:\/\/www.pressenza.com\/es\/","logo":{"@type":"ImageObject","inLanguage":"es","@id":"https:\/\/www.pressenza.com\/es\/#\/schema\/logo\/image\/","url":"https:\/\/www.pressenza.com\/wp-content\/uploads\/2022\/10\/pressenza_logo_200x200.jpg","contentUrl":"https:\/\/www.pressenza.com\/wp-content\/uploads\/2022\/10\/pressenza_logo_200x200.jpg","width":200,"height":200,"caption":"Pressenza"},"image":{"@id":"https:\/\/www.pressenza.com\/es\/#\/schema\/logo\/image\/"},"sameAs":["https:\/\/www.facebook.com\/PressenzaItalia","https:\/\/x.com\/PressenzaIPA"]},{"@type":"Person","@id":"https:\/\/www.pressenza.com\/es\/#\/schema\/person\/cb5ebf16d846b32510b4c9ea46a85147","name":"Manuel Acu\u00f1a Asenjo","url":"https:\/\/www.pressenza.com\/es\/author\/manuel-acuna-asenjo\/"}]}},"place":"","original_article_url":"","_links":{"self":[{"href":"https:\/\/www.pressenza.com\/es\/wp-json\/wp\/v2\/posts\/1781518","targetHints":{"allow":["GET"]}}],"collection":[{"href":"https:\/\/www.pressenza.com\/es\/wp-json\/wp\/v2\/posts"}],"about":[{"href":"https:\/\/www.pressenza.com\/es\/wp-json\/wp\/v2\/types\/post"}],"author":[{"embeddable":true,"href":"https:\/\/www.pressenza.com\/es\/wp-json\/wp\/v2\/users\/1904"}],"replies":[{"embeddable":true,"href":"https:\/\/www.pressenza.com\/es\/wp-json\/wp\/v2\/comments?post=1781518"}],"version-history":[{"count":0,"href":"https:\/\/www.pressenza.com\/es\/wp-json\/wp\/v2\/posts\/1781518\/revisions"}],"wp:featuredmedia":[{"embeddable":true,"href":"https:\/\/www.pressenza.com\/es\/wp-json\/wp\/v2\/media\/1781519"}],"wp:attachment":[{"href":"https:\/\/www.pressenza.com\/es\/wp-json\/wp\/v2\/media?parent=1781518"}],"wp:term":[{"taxonomy":"category","embeddable":true,"href":"https:\/\/www.pressenza.com\/es\/wp-json\/wp\/v2\/categories?post=1781518"},{"taxonomy":"post_tag","embeddable":true,"href":"https:\/\/www.pressenza.com\/es\/wp-json\/wp\/v2\/tags?post=1781518"}],"curies":[{"name":"wp","href":"https:\/\/api.w.org\/{rel}","templated":true}]}}