{"id":1781294,"date":"2023-11-14T00:40:32","date_gmt":"2023-11-14T00:40:32","guid":{"rendered":"https:\/\/www.pressenza.com\/?p=1781294"},"modified":"2023-11-14T00:40:32","modified_gmt":"2023-11-14T00:40:32","slug":"chile-una-constitucion-anti-ecologica","status":"publish","type":"post","link":"https:\/\/www.pressenza.com\/es\/2023\/11\/chile-una-constitucion-anti-ecologica\/","title":{"rendered":"Chile: Una Constituci\u00f3n anti-ecol\u00f3gica"},"content":{"rendered":"<p><strong>Por:\u00a0<\/strong>Fernando Salinas<\/p>\n<p>Con la nueva propuesta constitucional la situaci\u00f3n ecol\u00f3gica en Chile podr\u00eda ser a\u00fan peor, ya que asocia la protecci\u00f3n de la Naturaleza al concepto de \u00abdesarrollo\u00bb y se olvida que la mayor\u00eda de los cr\u00edmenes ambientales se han llevado a cabo, justamente, en aras del desarrollo; basta ver c\u00f3mo la acci\u00f3n depredadora de las industrias forestal, minera, agroindustria, salmonicultura e inmobiliaria han superado con creces los umbrales ecol\u00f3gicos aceptables para innumerables ecosistemas.<\/p>\n<p>El\u00a0<strong>Secretario General de las Naciones Unidas<\/strong>,\u00a0<strong>Ant\u00f3nio Guterres<\/strong>, dijo hace algunas semanas que \u00abel colapso clim\u00e1tico ya comenz\u00f3\u00bb. No lo dijo cualquier persona, lo dijo la m\u00e1xima autoridad de la\u00a0<strong>ONU<\/strong>, quien adem\u00e1s a\u00f1adi\u00f3 que \u00abel clima est\u00e1 implosionando m\u00e1s r\u00e1pido de lo que podemos hacer frente, con fen\u00f3menos meteorol\u00f3gicos extremos que afectan a todos los rincones del planeta\u00bb.<\/p>\n<p>Para muchos chilenos con sensibilidad ecol\u00f3gica es decepcionante que el\u00a0<strong>Consejo Constitucional<\/strong>\u00a0haya propuesto una Constituci\u00f3n que no solo ha deso\u00eddo los cambios sociales que el pueblo chileno hizo visibles desde el estallido social y posterior revuelta, en 2019, sino que ha demostrado su total apat\u00eda con la nueva realidad ecol\u00f3gica que estamos viviendo. Con\u00a0<strong>una visi\u00f3n m\u00e1s consciente<\/strong>\u00a0se hubiera aprovechado esta oportunidad constitucional para incluir normas que permitieran a Chile enfrentar de mejor forma el oscuro escenario que deviene y del cual ya estamos viviendo sus primeros signos. Existe total ausencia de normas sobre los\u00a0<strong>derechos de la Naturaleza<\/strong>.<\/p>\n<p>La propuesta del Consejo Constitucional solo incluye deberes generales respecto de la Naturaleza, evidenciando que subyace la idea de que la Naturaleza es un \u201cobjeto de protecci\u00f3n\u201d. Sin embargo, esta visi\u00f3n -causa primordial de la crisis ecol\u00f3gica planetaria- no considera que el humano es parte integrante de la naturaleza y no podemos existir sin ella.<strong>\u00a0Somos Naturaleza<\/strong>. Establecer un deber sin un derecho de aquello que se quiere proteger es solo una imposici\u00f3n externa, y no hay incentivos para cumplirla, m\u00e1s bien\u00a0<strong>hay incentivos para burlarla<\/strong>, sobre todo bajo el lobby e influencia de las grandes corporaciones extractivistas que rentan con los bienes naturales. Por el contrario, un deber que emerge de un derecho se llena de sentido y legitimidad. La Naturaleza, en la actual situaci\u00f3n planetaria, debe ser considerada como un \u201csujeto de derechos\u201d.<\/p>\n<p>Sin derechos de la Naturaleza, los impactos ambientales que considera el sistema jur\u00eddico se valoran de manera antropoc\u00e9ntrica, y solo en la medida que se afecten par\u00e1metros\u00a0<strong>conmensurables monetariamente<\/strong>, sin considerar el impacto mismo en la Naturaleza, que es cualitativo, multidimensional e interdependiente. Con derechos de la Naturaleza se puede exigir su restauraci\u00f3n cuando sus ecosistemas han sido da\u00f1ados sin necesidad de demostrar el da\u00f1o ambiental ocasionado a los humanos, que corre de manera paralela, ya que el derecho a un ambiente sano es un derecho humano que<strong>\u00a0debe ser tambi\u00e9n exigido<\/strong>.<\/p>\n<p>Con la nueva propuesta constitucional la situaci\u00f3n ecol\u00f3gica\u00a0<strong>podr\u00eda ser a\u00fan peor<\/strong>, ya que asocia la protecci\u00f3n de la Naturaleza al concepto de \u00abdesarrollo\u00bb y se olvida que la mayor\u00eda de los cr\u00edmenes ambientales (ecocidios) se han llevado a cabo, justamente, en aras del desarrollo. El\u00a0<strong>cap\u00edtulo XV<\/strong>\u00a0de la propuesta constitucional tiene como t\u00edtulo: Protecci\u00f3n del medio ambiente, sustentabilidad y desarrollo. \u00bfDe qu\u00e9 desarrollo estamos hablando? En Chile ya sabemos cu\u00e1les son las consecuencias de ese \u201cmaldesarrollo\u201d, concepto acu\u00f1ado por el economista espa\u00f1ol\u00a0<strong>Jos\u00e9 Mar\u00eda Tortosa<\/strong>.<\/p>\n<p>Basta ver los efectos provocados por este maldesarrollo en las\u00a0<strong>zonas de rezago o sacrificio<\/strong>\u00a0(como Quintero-Puchuncav\u00ed, Coronel, Huasco, etc.) debido a las industrias contaminantes; por otro lado, nuestros ecosistemas est\u00e1n\u00a0<strong>al borde del colapso<\/strong>\u00a0como consecuencia de la acci\u00f3n depredadora de las industrias forestal, minera, agroindustria, salmonicultura e inmobiliaria, entre otras. Han<strong>\u00a0superado con creces<\/strong>\u00a0los umbrales ecol\u00f3gicos aceptables para los ecosistemas. En estos d\u00edas, incre\u00edblemente, las corporaciones extractivistas est\u00e1n desplegando una nueva campa\u00f1a en Chile aludiendo a la palabra \u00abpermisolog\u00eda\u00bb, como si el problema fuera de car\u00e1cter administrativo<strong>\u00a0y no debido al impacto socioambiental de sus proyectos<\/strong>.<\/p>\n<p>En el \u00abmundo desarrollado\u00bb, al cual tanto admiramos, se est\u00e1 comenzando a tener consciencia de que el desastre ecol\u00f3gico que estamos viviendo<strong>\u00a0es consecuencia del concepto de desarrollo<\/strong>\u00a0que ellos mismos han impuesto, basado \u00fanicamente en el crecimiento econ\u00f3mico, sin considerar los l\u00edmites f\u00edsicos del planeta y las leyes de la termodin\u00e1mica. Adem\u00e1s, ese crecimiento econ\u00f3mico<strong>\u00a0se mide solo de manera agregada<\/strong>, donde la pobreza se oculta en el crecimiento sostenido de las grandes corporaciones.<\/p>\n<p>Debo mencionar tambi\u00e9n otros temas ecol\u00f3gicos que no est\u00e1n considerados en la propuesta constitucional, como\u00a0<strong>el<\/strong>\u00a0<strong>reconocimiento de los bienes comunes naturales<\/strong>\u00a0(el agua seguir\u00e1 privatizada),<strong>\u00a0los derechos de los animales<\/strong>\u00a0y la\u00a0<strong>valorizaci\u00f3n de la ruralidad<\/strong>. Tambi\u00e9n cabe mencionar la\u00a0<strong>carencia de descentralizaci\u00f3n efectiva<\/strong>\u00a0del Estado, la cual, si bien no es ecol\u00f3gica propiamente tal, es considerada un requerimiento b\u00e1sico para desarrollar\u00a0<strong>econom\u00edas locales<\/strong>\u00a0que tienen mucho menos huella ecol\u00f3gica que las grandes corporaciones transnacionales.<\/p>\n<p>El\u00a0<strong>colapso ecol\u00f3gico ya se inici\u00f3<\/strong>\u00a0y la adaptaci\u00f3n a este nuevo escenario requiere del cuidado de nuestros ecosistemas, evitar que se sigan destruyendo y, en lo posible, reparar aquellos que est\u00e1n deteriorados. Y para lograr lo anterior se requieren nuevas pol\u00edticas,<strong>\u00a0las cuales ser\u00e1n imposibles con esta propuesta constitucional<\/strong>. Es anti-ecol\u00f3gica.<\/p>\n<p><a href=\"https:\/\/www.eldesconcierto.cl\/fernando-salinas\"><strong>Fernando Salinas<\/strong><\/a><br \/>\nEx convencional constituyente, independiente.<\/p>\n","protected":false},"excerpt":{"rendered":"<p>Por:\u00a0Fernando Salinas Con la nueva propuesta constitucional la situaci\u00f3n ecol\u00f3gica en Chile podr\u00eda ser a\u00fan peor, ya que asocia la protecci\u00f3n de la Naturaleza al concepto de \u00abdesarrollo\u00bb y se olvida que la mayor\u00eda de los cr\u00edmenes ambientales se han&hellip;<\/p>\n","protected":false},"author":1470,"featured_media":1781295,"comment_status":"closed","ping_status":"closed","sticky":false,"template":"","format":"standard","meta":{"footnotes":""},"categories":[78,161,67],"tags":[],"class_list":["post-1781294","post","type-post","status-publish","format-standard","has-post-thumbnail","hentry","category-medio-ambiente-ecologia","category-opiniones","category-sudamerica"],"yoast_head":"<!-- This site is optimized with the Yoast SEO plugin v27.1.1 - https:\/\/yoast.com\/product\/yoast-seo-wordpress\/ -->\n<title>Chile: Una Constituci\u00f3n anti-ecol\u00f3gica<\/title>\n<meta name=\"description\" content=\"Por:\u00a0Fernando Salinas Con la nueva propuesta constitucional la situaci\u00f3n ecol\u00f3gica en Chile podr\u00eda ser a\u00fan peor, ya que asocia la protecci\u00f3n de la\" \/>\n<meta name=\"robots\" content=\"index, follow, max-snippet:-1, max-image-preview:large, max-video-preview:-1\" \/>\n<link rel=\"canonical\" href=\"https:\/\/www.pressenza.com\/es\/2023\/11\/chile-una-constitucion-anti-ecologica\/\" \/>\n<meta property=\"og:locale\" content=\"es_ES\" \/>\n<meta property=\"og:type\" content=\"article\" \/>\n<meta property=\"og:title\" content=\"Chile: Una Constituci\u00f3n anti-ecol\u00f3gica\" \/>\n<meta property=\"og:description\" content=\"Por:\u00a0Fernando Salinas Con la nueva propuesta constitucional la situaci\u00f3n ecol\u00f3gica en Chile podr\u00eda ser a\u00fan peor, ya que asocia la protecci\u00f3n de la\" \/>\n<meta property=\"og:url\" content=\"https:\/\/www.pressenza.com\/es\/2023\/11\/chile-una-constitucion-anti-ecologica\/\" \/>\n<meta property=\"og:site_name\" content=\"Pressenza\" \/>\n<meta property=\"article:publisher\" content=\"https:\/\/www.facebook.com\/PressenzaItalia\" \/>\n<meta property=\"article:published_time\" content=\"2023-11-14T00:40:32+00:00\" \/>\n<meta property=\"og:image\" content=\"https:\/\/www.pressenza.com\/wp-content\/uploads\/2023\/11\/earth_globe_recycling_world_environment_ecology_symbol_environmentally_friendly_energy_protection-1144553.jpg\" \/>\n\t<meta property=\"og:image:width\" content=\"1200\" \/>\n\t<meta property=\"og:image:height\" content=\"663\" \/>\n\t<meta property=\"og:image:type\" content=\"image\/jpeg\" \/>\n<meta name=\"author\" content=\"El Desconcierto\" \/>\n<meta name=\"twitter:card\" content=\"summary_large_image\" \/>\n<meta name=\"twitter:creator\" content=\"@PressenzaIPA\" \/>\n<meta name=\"twitter:site\" content=\"@PressenzaIPA\" \/>\n<meta name=\"twitter:label1\" content=\"Escrito por\" \/>\n\t<meta name=\"twitter:data1\" content=\"El Desconcierto\" \/>\n\t<meta name=\"twitter:label2\" content=\"Tiempo de lectura\" \/>\n\t<meta name=\"twitter:data2\" content=\"4 minutos\" \/>\n<script type=\"application\/ld+json\" class=\"yoast-schema-graph\">{\"@context\":\"https:\/\/schema.org\",\"@graph\":[{\"@type\":\"Article\",\"@id\":\"https:\/\/www.pressenza.com\/es\/2023\/11\/chile-una-constitucion-anti-ecologica\/#article\",\"isPartOf\":{\"@id\":\"https:\/\/www.pressenza.com\/es\/2023\/11\/chile-una-constitucion-anti-ecologica\/\"},\"author\":{\"name\":\"El Desconcierto\",\"@id\":\"https:\/\/www.pressenza.com\/es\/#\/schema\/person\/d5cdd4d29826f1ed6d2d96525259c965\"},\"headline\":\"Chile: Una Constituci\u00f3n anti-ecol\u00f3gica\",\"datePublished\":\"2023-11-14T00:40:32+00:00\",\"mainEntityOfPage\":{\"@id\":\"https:\/\/www.pressenza.com\/es\/2023\/11\/chile-una-constitucion-anti-ecologica\/\"},\"wordCount\":948,\"publisher\":{\"@id\":\"https:\/\/www.pressenza.com\/es\/#organization\"},\"image\":{\"@id\":\"https:\/\/www.pressenza.com\/es\/2023\/11\/chile-una-constitucion-anti-ecologica\/#primaryimage\"},\"thumbnailUrl\":\"https:\/\/www.pressenza.com\/wp-content\/uploads\/2023\/11\/earth_globe_recycling_world_environment_ecology_symbol_environmentally_friendly_energy_protection-1144553.jpg\",\"articleSection\":[\"Ecolog\u00eda y Medio Ambiente\",\"Opiniones\",\"Sudam\u00e9rica\"],\"inLanguage\":\"es\"},{\"@type\":\"WebPage\",\"@id\":\"https:\/\/www.pressenza.com\/es\/2023\/11\/chile-una-constitucion-anti-ecologica\/\",\"url\":\"https:\/\/www.pressenza.com\/es\/2023\/11\/chile-una-constitucion-anti-ecologica\/\",\"name\":\"Chile: Una Constituci\u00f3n anti-ecol\u00f3gica\",\"isPartOf\":{\"@id\":\"https:\/\/www.pressenza.com\/es\/#website\"},\"primaryImageOfPage\":{\"@id\":\"https:\/\/www.pressenza.com\/es\/2023\/11\/chile-una-constitucion-anti-ecologica\/#primaryimage\"},\"image\":{\"@id\":\"https:\/\/www.pressenza.com\/es\/2023\/11\/chile-una-constitucion-anti-ecologica\/#primaryimage\"},\"thumbnailUrl\":\"https:\/\/www.pressenza.com\/wp-content\/uploads\/2023\/11\/earth_globe_recycling_world_environment_ecology_symbol_environmentally_friendly_energy_protection-1144553.jpg\",\"datePublished\":\"2023-11-14T00:40:32+00:00\",\"description\":\"Por:\u00a0Fernando Salinas Con la nueva propuesta constitucional la situaci\u00f3n ecol\u00f3gica en Chile podr\u00eda ser a\u00fan peor, ya que asocia la protecci\u00f3n de la\",\"breadcrumb\":{\"@id\":\"https:\/\/www.pressenza.com\/es\/2023\/11\/chile-una-constitucion-anti-ecologica\/#breadcrumb\"},\"inLanguage\":\"es\",\"potentialAction\":[{\"@type\":\"ReadAction\",\"target\":[\"https:\/\/www.pressenza.com\/es\/2023\/11\/chile-una-constitucion-anti-ecologica\/\"]}]},{\"@type\":\"ImageObject\",\"inLanguage\":\"es\",\"@id\":\"https:\/\/www.pressenza.com\/es\/2023\/11\/chile-una-constitucion-anti-ecologica\/#primaryimage\",\"url\":\"https:\/\/www.pressenza.com\/wp-content\/uploads\/2023\/11\/earth_globe_recycling_world_environment_ecology_symbol_environmentally_friendly_energy_protection-1144553.jpg\",\"contentUrl\":\"https:\/\/www.pressenza.com\/wp-content\/uploads\/2023\/11\/earth_globe_recycling_world_environment_ecology_symbol_environmentally_friendly_energy_protection-1144553.jpg\",\"width\":1200,\"height\":663},{\"@type\":\"BreadcrumbList\",\"@id\":\"https:\/\/www.pressenza.com\/es\/2023\/11\/chile-una-constitucion-anti-ecologica\/#breadcrumb\",\"itemListElement\":[{\"@type\":\"ListItem\",\"position\":1,\"name\":\"Accueil\",\"item\":\"https:\/\/www.pressenza.com\/es\/\"},{\"@type\":\"ListItem\",\"position\":2,\"name\":\"Chile: Una Constituci\u00f3n anti-ecol\u00f3gica\"}]},{\"@type\":\"WebSite\",\"@id\":\"https:\/\/www.pressenza.com\/es\/#website\",\"url\":\"https:\/\/www.pressenza.com\/es\/\",\"name\":\"Pressenza\",\"description\":\"International Press Agency\",\"publisher\":{\"@id\":\"https:\/\/www.pressenza.com\/es\/#organization\"},\"potentialAction\":[{\"@type\":\"SearchAction\",\"target\":{\"@type\":\"EntryPoint\",\"urlTemplate\":\"https:\/\/www.pressenza.com\/es\/?s={search_term_string}\"},\"query-input\":{\"@type\":\"PropertyValueSpecification\",\"valueRequired\":true,\"valueName\":\"search_term_string\"}}],\"inLanguage\":\"es\"},{\"@type\":\"Organization\",\"@id\":\"https:\/\/www.pressenza.com\/es\/#organization\",\"name\":\"Pressenza\",\"url\":\"https:\/\/www.pressenza.com\/es\/\",\"logo\":{\"@type\":\"ImageObject\",\"inLanguage\":\"es\",\"@id\":\"https:\/\/www.pressenza.com\/es\/#\/schema\/logo\/image\/\",\"url\":\"https:\/\/www.pressenza.com\/wp-content\/uploads\/2022\/10\/pressenza_logo_200x200.jpg\",\"contentUrl\":\"https:\/\/www.pressenza.com\/wp-content\/uploads\/2022\/10\/pressenza_logo_200x200.jpg\",\"width\":200,\"height\":200,\"caption\":\"Pressenza\"},\"image\":{\"@id\":\"https:\/\/www.pressenza.com\/es\/#\/schema\/logo\/image\/\"},\"sameAs\":[\"https:\/\/www.facebook.com\/PressenzaItalia\",\"https:\/\/x.com\/PressenzaIPA\"]},{\"@type\":\"Person\",\"@id\":\"https:\/\/www.pressenza.com\/es\/#\/schema\/person\/d5cdd4d29826f1ed6d2d96525259c965\",\"name\":\"El Desconcierto\",\"description\":\"Somos un grupo de profesionales del \u00e1mbito de las ciencias sociales y la industria editorial, que nos reunimos a fines del 2011 con el objetivo de levantar un medio de comunicaci\u00f3n digital conectado con las principales tendencias transformadoras de la sociedad del siglo 21. Nuestros principales focos son las noticias sobre derechos sociales y medio ambiente; los debates de pol\u00edtica, educaci\u00f3n, g\u00e9nero y diversidad sexual; los temas de cultura, transparencia y pueblos originarios. Desarrollamos un periodismo riguroso orientado a personas que valoran contenidos que les permitan reflexionar y descubrir nuevos horizontes de pensamiento, vinculados al fortalecimiento de la democracia participativa, la sustentabilidad y el buen vivir en el planeta. Para hacer sostenible este medio de comunicaci\u00f3n pluralista e independiente hemos lanzado la campa\u00f1a \u2018Hazte Socio\u2019 cuya finalidad es co-crear una comunidad de lectores\/as m\u00e1s cr\u00edtica y propositiva que desea participar colaborativamente en la construcci\u00f3n de un mundo mejor. El periodismo independiente y sin censura en Chile es necesario para todas y todos.\",\"sameAs\":[\"http:\/\/www.eldesconcierto.cl\/\"],\"url\":\"https:\/\/www.pressenza.com\/es\/author\/el-desconcierto\/\"}]}<\/script>\n<!-- \/ Yoast SEO plugin. -->","yoast_head_json":{"title":"Chile: Una Constituci\u00f3n anti-ecol\u00f3gica","description":"Por:\u00a0Fernando Salinas Con la nueva propuesta constitucional la situaci\u00f3n ecol\u00f3gica en Chile podr\u00eda ser a\u00fan peor, ya que asocia la protecci\u00f3n de la","robots":{"index":"index","follow":"follow","max-snippet":"max-snippet:-1","max-image-preview":"max-image-preview:large","max-video-preview":"max-video-preview:-1"},"canonical":"https:\/\/www.pressenza.com\/es\/2023\/11\/chile-una-constitucion-anti-ecologica\/","og_locale":"es_ES","og_type":"article","og_title":"Chile: Una Constituci\u00f3n anti-ecol\u00f3gica","og_description":"Por:\u00a0Fernando Salinas Con la nueva propuesta constitucional la situaci\u00f3n ecol\u00f3gica en Chile podr\u00eda ser a\u00fan peor, ya que asocia la protecci\u00f3n de la","og_url":"https:\/\/www.pressenza.com\/es\/2023\/11\/chile-una-constitucion-anti-ecologica\/","og_site_name":"Pressenza","article_publisher":"https:\/\/www.facebook.com\/PressenzaItalia","article_published_time":"2023-11-14T00:40:32+00:00","og_image":[{"width":1200,"height":663,"url":"https:\/\/www.pressenza.com\/wp-content\/uploads\/2023\/11\/earth_globe_recycling_world_environment_ecology_symbol_environmentally_friendly_energy_protection-1144553.jpg","type":"image\/jpeg"}],"author":"El Desconcierto","twitter_card":"summary_large_image","twitter_creator":"@PressenzaIPA","twitter_site":"@PressenzaIPA","twitter_misc":{"Escrito por":"El Desconcierto","Tiempo de lectura":"4 minutos"},"schema":{"@context":"https:\/\/schema.org","@graph":[{"@type":"Article","@id":"https:\/\/www.pressenza.com\/es\/2023\/11\/chile-una-constitucion-anti-ecologica\/#article","isPartOf":{"@id":"https:\/\/www.pressenza.com\/es\/2023\/11\/chile-una-constitucion-anti-ecologica\/"},"author":{"name":"El Desconcierto","@id":"https:\/\/www.pressenza.com\/es\/#\/schema\/person\/d5cdd4d29826f1ed6d2d96525259c965"},"headline":"Chile: Una Constituci\u00f3n anti-ecol\u00f3gica","datePublished":"2023-11-14T00:40:32+00:00","mainEntityOfPage":{"@id":"https:\/\/www.pressenza.com\/es\/2023\/11\/chile-una-constitucion-anti-ecologica\/"},"wordCount":948,"publisher":{"@id":"https:\/\/www.pressenza.com\/es\/#organization"},"image":{"@id":"https:\/\/www.pressenza.com\/es\/2023\/11\/chile-una-constitucion-anti-ecologica\/#primaryimage"},"thumbnailUrl":"https:\/\/www.pressenza.com\/wp-content\/uploads\/2023\/11\/earth_globe_recycling_world_environment_ecology_symbol_environmentally_friendly_energy_protection-1144553.jpg","articleSection":["Ecolog\u00eda y Medio Ambiente","Opiniones","Sudam\u00e9rica"],"inLanguage":"es"},{"@type":"WebPage","@id":"https:\/\/www.pressenza.com\/es\/2023\/11\/chile-una-constitucion-anti-ecologica\/","url":"https:\/\/www.pressenza.com\/es\/2023\/11\/chile-una-constitucion-anti-ecologica\/","name":"Chile: Una Constituci\u00f3n anti-ecol\u00f3gica","isPartOf":{"@id":"https:\/\/www.pressenza.com\/es\/#website"},"primaryImageOfPage":{"@id":"https:\/\/www.pressenza.com\/es\/2023\/11\/chile-una-constitucion-anti-ecologica\/#primaryimage"},"image":{"@id":"https:\/\/www.pressenza.com\/es\/2023\/11\/chile-una-constitucion-anti-ecologica\/#primaryimage"},"thumbnailUrl":"https:\/\/www.pressenza.com\/wp-content\/uploads\/2023\/11\/earth_globe_recycling_world_environment_ecology_symbol_environmentally_friendly_energy_protection-1144553.jpg","datePublished":"2023-11-14T00:40:32+00:00","description":"Por:\u00a0Fernando Salinas Con la nueva propuesta constitucional la situaci\u00f3n ecol\u00f3gica en Chile podr\u00eda ser a\u00fan peor, ya que asocia la protecci\u00f3n de la","breadcrumb":{"@id":"https:\/\/www.pressenza.com\/es\/2023\/11\/chile-una-constitucion-anti-ecologica\/#breadcrumb"},"inLanguage":"es","potentialAction":[{"@type":"ReadAction","target":["https:\/\/www.pressenza.com\/es\/2023\/11\/chile-una-constitucion-anti-ecologica\/"]}]},{"@type":"ImageObject","inLanguage":"es","@id":"https:\/\/www.pressenza.com\/es\/2023\/11\/chile-una-constitucion-anti-ecologica\/#primaryimage","url":"https:\/\/www.pressenza.com\/wp-content\/uploads\/2023\/11\/earth_globe_recycling_world_environment_ecology_symbol_environmentally_friendly_energy_protection-1144553.jpg","contentUrl":"https:\/\/www.pressenza.com\/wp-content\/uploads\/2023\/11\/earth_globe_recycling_world_environment_ecology_symbol_environmentally_friendly_energy_protection-1144553.jpg","width":1200,"height":663},{"@type":"BreadcrumbList","@id":"https:\/\/www.pressenza.com\/es\/2023\/11\/chile-una-constitucion-anti-ecologica\/#breadcrumb","itemListElement":[{"@type":"ListItem","position":1,"name":"Accueil","item":"https:\/\/www.pressenza.com\/es\/"},{"@type":"ListItem","position":2,"name":"Chile: Una Constituci\u00f3n anti-ecol\u00f3gica"}]},{"@type":"WebSite","@id":"https:\/\/www.pressenza.com\/es\/#website","url":"https:\/\/www.pressenza.com\/es\/","name":"Pressenza","description":"International Press Agency","publisher":{"@id":"https:\/\/www.pressenza.com\/es\/#organization"},"potentialAction":[{"@type":"SearchAction","target":{"@type":"EntryPoint","urlTemplate":"https:\/\/www.pressenza.com\/es\/?s={search_term_string}"},"query-input":{"@type":"PropertyValueSpecification","valueRequired":true,"valueName":"search_term_string"}}],"inLanguage":"es"},{"@type":"Organization","@id":"https:\/\/www.pressenza.com\/es\/#organization","name":"Pressenza","url":"https:\/\/www.pressenza.com\/es\/","logo":{"@type":"ImageObject","inLanguage":"es","@id":"https:\/\/www.pressenza.com\/es\/#\/schema\/logo\/image\/","url":"https:\/\/www.pressenza.com\/wp-content\/uploads\/2022\/10\/pressenza_logo_200x200.jpg","contentUrl":"https:\/\/www.pressenza.com\/wp-content\/uploads\/2022\/10\/pressenza_logo_200x200.jpg","width":200,"height":200,"caption":"Pressenza"},"image":{"@id":"https:\/\/www.pressenza.com\/es\/#\/schema\/logo\/image\/"},"sameAs":["https:\/\/www.facebook.com\/PressenzaItalia","https:\/\/x.com\/PressenzaIPA"]},{"@type":"Person","@id":"https:\/\/www.pressenza.com\/es\/#\/schema\/person\/d5cdd4d29826f1ed6d2d96525259c965","name":"El Desconcierto","description":"Somos un grupo de profesionales del \u00e1mbito de las ciencias sociales y la industria editorial, que nos reunimos a fines del 2011 con el objetivo de levantar un medio de comunicaci\u00f3n digital conectado con las principales tendencias transformadoras de la sociedad del siglo 21. Nuestros principales focos son las noticias sobre derechos sociales y medio ambiente; los debates de pol\u00edtica, educaci\u00f3n, g\u00e9nero y diversidad sexual; los temas de cultura, transparencia y pueblos originarios. Desarrollamos un periodismo riguroso orientado a personas que valoran contenidos que les permitan reflexionar y descubrir nuevos horizontes de pensamiento, vinculados al fortalecimiento de la democracia participativa, la sustentabilidad y el buen vivir en el planeta. Para hacer sostenible este medio de comunicaci\u00f3n pluralista e independiente hemos lanzado la campa\u00f1a \u2018Hazte Socio\u2019 cuya finalidad es co-crear una comunidad de lectores\/as m\u00e1s cr\u00edtica y propositiva que desea participar colaborativamente en la construcci\u00f3n de un mundo mejor. El periodismo independiente y sin censura en Chile es necesario para todas y todos.","sameAs":["http:\/\/www.eldesconcierto.cl\/"],"url":"https:\/\/www.pressenza.com\/es\/author\/el-desconcierto\/"}]}},"place":"","original_article_url":"","_links":{"self":[{"href":"https:\/\/www.pressenza.com\/es\/wp-json\/wp\/v2\/posts\/1781294","targetHints":{"allow":["GET"]}}],"collection":[{"href":"https:\/\/www.pressenza.com\/es\/wp-json\/wp\/v2\/posts"}],"about":[{"href":"https:\/\/www.pressenza.com\/es\/wp-json\/wp\/v2\/types\/post"}],"author":[{"embeddable":true,"href":"https:\/\/www.pressenza.com\/es\/wp-json\/wp\/v2\/users\/1470"}],"replies":[{"embeddable":true,"href":"https:\/\/www.pressenza.com\/es\/wp-json\/wp\/v2\/comments?post=1781294"}],"version-history":[{"count":0,"href":"https:\/\/www.pressenza.com\/es\/wp-json\/wp\/v2\/posts\/1781294\/revisions"}],"wp:featuredmedia":[{"embeddable":true,"href":"https:\/\/www.pressenza.com\/es\/wp-json\/wp\/v2\/media\/1781295"}],"wp:attachment":[{"href":"https:\/\/www.pressenza.com\/es\/wp-json\/wp\/v2\/media?parent=1781294"}],"wp:term":[{"taxonomy":"category","embeddable":true,"href":"https:\/\/www.pressenza.com\/es\/wp-json\/wp\/v2\/categories?post=1781294"},{"taxonomy":"post_tag","embeddable":true,"href":"https:\/\/www.pressenza.com\/es\/wp-json\/wp\/v2\/tags?post=1781294"}],"curies":[{"name":"wp","href":"https:\/\/api.w.org\/{rel}","templated":true}]}}