{"id":1780909,"date":"2023-11-12T10:40:54","date_gmt":"2023-11-12T10:40:54","guid":{"rendered":"https:\/\/www.pressenza.com\/?p=1780909"},"modified":"2023-11-11T23:47:40","modified_gmt":"2023-11-11T23:47:40","slug":"peru-teatro-esperanza-un-retrato-revelador-de-la-familia-peruana-en-un-pais-de-suenos-quebrados","status":"publish","type":"post","link":"https:\/\/www.pressenza.com\/es\/2023\/11\/peru-teatro-esperanza-un-retrato-revelador-de-la-familia-peruana-en-un-pais-de-suenos-quebrados\/","title":{"rendered":"[Per\u00fa] Teatro: \u00abEsperanza\u00bb &#8211; un retrato revelador de la familia peruana en un pa\u00eds de sue\u00f1os quebrados"},"content":{"rendered":"<p style=\"font-weight: 400;\"><strong><em>Esperanza,<\/em><\/strong> la obra de teatro dirigida y escrita por <strong>Marisol Palacios<\/strong> en coautor\u00eda con <strong>Aldo Miyashiro<\/strong>, se despide de la cartelera con sus \u00faltimas 10 funciones, hasta el lunes 20 de noviembre, de jueves a lunes en el Teatro del Centro Cultural PUCP. Presentada por el Centro Cultural de la Pontificia Universidad Cat\u00f3lica del Per\u00fa, con el apoyo de la Fundaci\u00f3n BBVA, en el marco de su 50 aniversario en el Per\u00fa, esta nueva pieza de dramaturgia nacional, destaca entre los mejores estrenos teatrales del a\u00f1o.\u00a0 Protagonizada por Lucho C\u00e1ceres, Julia Thays, Diego P\u00e9rez y Brigitte Jouannet, ha conmovido al p\u00fablico con el retrato vivo de una familia lime\u00f1a que se aferra a lo que cree que es su \u00fanica oportunidad de surgir en la vida, en un pa\u00eds de sue\u00f1os truncados, marcado por la incertidumbre.<\/p>\n<p style=\"font-weight: 400;\">La obra est\u00e1 ambientada en Lima a inicios de los a\u00f1os ochenta, en un d\u00eda en la vida de una familia que espera la visita del candidato a las elecciones municipales. Para el padre, esta ser\u00e1 la gran oportunidad para obtener el trabajo que les dar\u00e1 la so\u00f1ada prosperidad. Todos se concentran en los preparativos para recibir al visitante, perdiendo de vista lo verdaderamente importante \u2013 la desaparici\u00f3n del m\u00e1s peque\u00f1o del clan &#8211; haci\u00e9ndonos testigos del caos y deterioro de una familia de clase media lime\u00f1a.<\/p>\n<p style=\"font-weight: 400;\"><strong><em>ESPERANZA <\/em><\/strong>toma como met\u00e1fora una familia peruana de hace 40 a\u00f1os, para plantear una reflexi\u00f3n sobre el Per\u00fa y la situaci\u00f3n social de nuestra ciudadan\u00eda; donde los padres representan a las autoridades que ignoran las necesidades m\u00e1s b\u00e1sicas de su comunidad e ignoran al ni\u00f1o perdido que, en este caso, representa a nuestro pa\u00eds. Se trata de un drama con toques de comedia y m\u00fasica de la \u00e9poca que despierta nostalgia, provoca risas pero tambi\u00e9n la cr\u00edtica y la reflexi\u00f3n.<\/p>\n<p style=\"font-weight: 400;\">En palabras de Marisol Palacios, \u201ces la historia de una larga espera, la de un pa\u00eds roto que hasta el d\u00eda de hoy no ha podido unir sus pedazos y salir adelante. Es el testimonio de lo que viv\u00ed y sent\u00ed esos a\u00f1os y de esa esperanza que, como pa\u00eds, arrastramos a\u00fan hasta hoy. Y en esa espera se nos va la vida\u201d.<\/p>\n<div class=\"post-gallery\">\n\t\t\t<figure class=\"post-gallery-item\">\n\t\t\t\t<img decoding=\"async\" src=\"https:\/\/www.pressenza.com\/wp-content\/uploads\/2023\/11\/039-820x547.jpg\" loading=\"lazy\">\n\t\t\t\t<figcaption>\n\t\t\t\t\t\n\t\t\t\t<\/figcaption>\n\t\t\t<\/figure>\n\t\t\t<figure class=\"post-gallery-item\">\n\t\t\t\t<img decoding=\"async\" src=\"https:\/\/www.pressenza.com\/wp-content\/uploads\/2023\/11\/E026-820x547.jpg\" loading=\"lazy\">\n\t\t\t\t<figcaption>\n\t\t\t\t\t\n\t\t\t\t<\/figcaption>\n\t\t\t<\/figure><\/div>\n<p style=\"font-weight: 400;\">Marisol Palacios, eligi\u00f3 \u201cEsperanza\u201d, como t\u00edtulo de la obra, porque en esa palabra se condensa el esp\u00edritu de la misma. \u201cTodos nosotros, sin confesarlo, llevamos una escondida, ya sea en el futuro, el trabajo, la pareja, el dinero, el viaje, el premio, la belleza, el \u00e9xito. No importa lo que elijamos, cualquiera que sea es solo una v\u00eda para escapar del momento o lugar donde estamos, una v\u00eda para la insatisfacci\u00f3n. Aquello que deseamos siempre est\u00e1 por venir\u2026pero nunca llega. Esa eterna espera nos ciega y no nos deja valorar lo que tenemos ni nos permite distinguir lo que es verdaderamente importante. Esa esperanza que compartimos todos los peruanos\u201d, puntualiza la directora.<\/p>\n<p style=\"font-weight: 400;\">Por su lado, el tambi\u00e9n dramaturgo, <strong>Aldo Miyashiro,<\/strong> comenta que este es un testimonio teatral que \u201chabla, grita, canta, llora sobre la familia, sobre los padres ausentes, los hijos perdidos, los sue\u00f1os colectivos rotos, la tristeza de no pertenecer, de haber nacido por obligaci\u00f3n en territorio hostil\u201d y destaca la necesidad de entender a un pa\u00eds que es siempre dif\u00edcil de leer y que a veces anula todo tipo de esperanza.<\/p>\n<p style=\"font-weight: 400;\">El montaje cuenta con el dise\u00f1o sonoro de Wicho Garc\u00eda y Manolo Barrios, con adaptaci\u00f3n de temas de la \u00e9poca de los a\u00f1os ochenta. <strong><em>Esperanza<\/em><\/strong> va hasta el lunes 20 de noviembre en el Teatro del Centro Cultural PUCP, ubicado en avenida Camino Real 1075 en San Isidro. Las entradas est\u00e1n a la venta de manera presencial en la boleter\u00eda del teatro o a trav\u00e9s de ccpucpencasa.com.<\/p>\n<hr \/>\n<p><strong>TEATRO<\/strong><\/p>\n<p><strong><em>ESPERANZA<\/em><\/strong><\/p>\n<p>De Marisol Palacios y Aldo Miyashiro<\/p>\n<p>Dirigida por Marisol Palacios<\/p>\n<p>&nbsp;<\/p>\n<p><strong>Elenco: <\/strong><\/p>\n<p>Lucho C\u00e1ceres<\/p>\n<p>Julia Thays<\/p>\n<p>Diego P\u00e9rez<br \/>\nBrigitte Jouannet<\/p>\n<p><strong>Temporada: <\/strong>Hasta el lunes 20 de noviembre<\/p>\n<p><strong>Funciones:<\/strong> De jueves a lunes a las 8:00 p.m., domingos a las 7:00 p.m.<\/p>\n<p><strong>Lugar: <\/strong>Teatro Centro Cultural PUCP (Av. Camino Real 1075. San Isidro)<\/p>\n<p><strong>\u00a0<\/strong><\/p>\n<p><strong>ENTRADAS<\/strong><\/p>\n<p>A la venta en ccpucpencasa.com o en boleter\u00eda del teatro<\/p>\n<p>General S\/ 50.00<\/p>\n<p>Lunes Popular S\/ 30.00<\/p>\n<p>Adulto mayor S\/ 30.00<\/p>\n<p>Estudiantes S\/ 25.00<\/p>\n<p>CONADIS S\/ 25.00<\/p>\n<p>Especial PUCP S\/ 30.00<\/p>\n<p>Estudiante PUCP S\/ 15.00<\/p>\n<hr \/>\n<p style=\"font-weight: 400;\"><strong>CONTACTO DE PRENSA<\/strong><\/p>\n<p style=\"font-weight: 400;\">Pilar Ramos\/ Diva Producciones<\/p>\n<p style=\"font-weight: 400;\"><a href=\"mailto:pilarramos@diva.pe\">pilarramos@diva.pe <\/a>\/ Cel. 971137656<\/p>\n","protected":false},"excerpt":{"rendered":"<p>Esperanza, la obra de teatro dirigida y escrita por Marisol Palacios en coautor\u00eda con Aldo Miyashiro, se despide de la cartelera con sus \u00faltimas 10 funciones, hasta el lunes 20 de noviembre, de jueves a lunes en el Teatro del&hellip;<\/p>\n","protected":false},"author":831,"featured_media":1780917,"comment_status":"closed","ping_status":"closed","sticky":false,"template":"","format":"standard","meta":{"footnotes":""},"categories":[149,75,67],"tags":[117757,17659,117756,36621,8568],"class_list":["post-1780909","post","type-post","status-publish","format-standard","has-post-thumbnail","hentry","category-comunicados-de-prensa","category-cultura-es","category-sudamerica","tag-aldo-miyashiro","tag-esperanza","tag-marisol-palacios","tag-pucp","tag-teatro-es"],"yoast_head":"<!-- This site is optimized with the Yoast SEO plugin v27.1.1 - https:\/\/yoast.com\/product\/yoast-seo-wordpress\/ -->\n<title>[Per\u00fa] Teatro: &quot;Esperanza&quot; - un retrato revelador de la familia peruana en un pa\u00eds de sue\u00f1os quebrados<\/title>\n<meta name=\"description\" content=\"Esperanza, la obra de teatro dirigida y escrita por Marisol Palacios en coautor\u00eda con Aldo Miyashiro, se despide de la cartelera con sus \u00faltimas 10\" \/>\n<meta name=\"robots\" content=\"index, follow, max-snippet:-1, max-image-preview:large, max-video-preview:-1\" \/>\n<link rel=\"canonical\" href=\"https:\/\/www.pressenza.com\/es\/2023\/11\/peru-teatro-esperanza-un-retrato-revelador-de-la-familia-peruana-en-un-pais-de-suenos-quebrados\/\" \/>\n<meta property=\"og:locale\" content=\"es_ES\" \/>\n<meta property=\"og:type\" content=\"article\" \/>\n<meta property=\"og:title\" content=\"[Per\u00fa] Teatro: &quot;Esperanza&quot; - un retrato revelador de la familia peruana en un pa\u00eds de sue\u00f1os quebrados\" \/>\n<meta property=\"og:description\" content=\"Esperanza, la obra de teatro dirigida y escrita por Marisol Palacios en coautor\u00eda con Aldo Miyashiro, se despide de la cartelera con sus \u00faltimas 10\" \/>\n<meta property=\"og:url\" content=\"https:\/\/www.pressenza.com\/es\/2023\/11\/peru-teatro-esperanza-un-retrato-revelador-de-la-familia-peruana-en-un-pais-de-suenos-quebrados\/\" \/>\n<meta property=\"og:site_name\" content=\"Pressenza\" \/>\n<meta property=\"article:publisher\" content=\"https:\/\/www.facebook.com\/PressenzaItalia\" \/>\n<meta property=\"article:published_time\" content=\"2023-11-12T10:40:54+00:00\" \/>\n<meta property=\"og:image\" content=\"https:\/\/www.pressenza.com\/wp-content\/uploads\/2023\/11\/Esperanza-escena-elenco-completo-ok.jpg\" \/>\n\t<meta property=\"og:image:width\" content=\"950\" \/>\n\t<meta property=\"og:image:height\" content=\"634\" \/>\n\t<meta property=\"og:image:type\" content=\"image\/jpeg\" \/>\n<meta name=\"author\" content=\"Redacci\u00f3n Per\u00fa\" \/>\n<meta name=\"twitter:card\" content=\"summary_large_image\" \/>\n<meta name=\"twitter:creator\" content=\"@PressenzaIPA\" \/>\n<meta name=\"twitter:site\" content=\"@PressenzaIPA\" \/>\n<meta name=\"twitter:label1\" content=\"Escrito por\" \/>\n\t<meta name=\"twitter:data1\" content=\"Redacci\u00f3n Per\u00fa\" \/>\n\t<meta name=\"twitter:label2\" content=\"Tiempo de lectura\" \/>\n\t<meta name=\"twitter:data2\" content=\"4 minutos\" \/>\n<script type=\"application\/ld+json\" class=\"yoast-schema-graph\">{\"@context\":\"https:\/\/schema.org\",\"@graph\":[{\"@type\":\"Article\",\"@id\":\"https:\/\/www.pressenza.com\/es\/2023\/11\/peru-teatro-esperanza-un-retrato-revelador-de-la-familia-peruana-en-un-pais-de-suenos-quebrados\/#article\",\"isPartOf\":{\"@id\":\"https:\/\/www.pressenza.com\/es\/2023\/11\/peru-teatro-esperanza-un-retrato-revelador-de-la-familia-peruana-en-un-pais-de-suenos-quebrados\/\"},\"author\":{\"name\":\"Redacci\u00f3n Per\u00fa\",\"@id\":\"https:\/\/www.pressenza.com\/es\/#\/schema\/person\/e86c29a41185b85084a478822f5de81b\"},\"headline\":\"[Per\u00fa] Teatro: \u00abEsperanza\u00bb &#8211; un retrato revelador de la familia peruana en un pa\u00eds de sue\u00f1os quebrados\",\"datePublished\":\"2023-11-12T10:40:54+00:00\",\"mainEntityOfPage\":{\"@id\":\"https:\/\/www.pressenza.com\/es\/2023\/11\/peru-teatro-esperanza-un-retrato-revelador-de-la-familia-peruana-en-un-pais-de-suenos-quebrados\/\"},\"wordCount\":786,\"publisher\":{\"@id\":\"https:\/\/www.pressenza.com\/es\/#organization\"},\"image\":{\"@id\":\"https:\/\/www.pressenza.com\/es\/2023\/11\/peru-teatro-esperanza-un-retrato-revelador-de-la-familia-peruana-en-un-pais-de-suenos-quebrados\/#primaryimage\"},\"thumbnailUrl\":\"https:\/\/www.pressenza.com\/wp-content\/uploads\/2023\/11\/Esperanza-escena-elenco-completo-ok.jpg\",\"keywords\":[\"Aldo miyashiro\",\"esperanza\",\"Marisol palacios\",\"PUCP\",\"Teatro\"],\"articleSection\":[\"Comunicados de Prensa\",\"Cultura y Medios\",\"Sudam\u00e9rica\"],\"inLanguage\":\"es\"},{\"@type\":\"WebPage\",\"@id\":\"https:\/\/www.pressenza.com\/es\/2023\/11\/peru-teatro-esperanza-un-retrato-revelador-de-la-familia-peruana-en-un-pais-de-suenos-quebrados\/\",\"url\":\"https:\/\/www.pressenza.com\/es\/2023\/11\/peru-teatro-esperanza-un-retrato-revelador-de-la-familia-peruana-en-un-pais-de-suenos-quebrados\/\",\"name\":\"[Per\u00fa] Teatro: \\\"Esperanza\\\" - un retrato revelador de la familia peruana en un pa\u00eds de sue\u00f1os quebrados\",\"isPartOf\":{\"@id\":\"https:\/\/www.pressenza.com\/es\/#website\"},\"primaryImageOfPage\":{\"@id\":\"https:\/\/www.pressenza.com\/es\/2023\/11\/peru-teatro-esperanza-un-retrato-revelador-de-la-familia-peruana-en-un-pais-de-suenos-quebrados\/#primaryimage\"},\"image\":{\"@id\":\"https:\/\/www.pressenza.com\/es\/2023\/11\/peru-teatro-esperanza-un-retrato-revelador-de-la-familia-peruana-en-un-pais-de-suenos-quebrados\/#primaryimage\"},\"thumbnailUrl\":\"https:\/\/www.pressenza.com\/wp-content\/uploads\/2023\/11\/Esperanza-escena-elenco-completo-ok.jpg\",\"datePublished\":\"2023-11-12T10:40:54+00:00\",\"description\":\"Esperanza, la obra de teatro dirigida y escrita por Marisol Palacios en coautor\u00eda con Aldo Miyashiro, se despide de la cartelera con sus \u00faltimas 10\",\"breadcrumb\":{\"@id\":\"https:\/\/www.pressenza.com\/es\/2023\/11\/peru-teatro-esperanza-un-retrato-revelador-de-la-familia-peruana-en-un-pais-de-suenos-quebrados\/#breadcrumb\"},\"inLanguage\":\"es\",\"potentialAction\":[{\"@type\":\"ReadAction\",\"target\":[\"https:\/\/www.pressenza.com\/es\/2023\/11\/peru-teatro-esperanza-un-retrato-revelador-de-la-familia-peruana-en-un-pais-de-suenos-quebrados\/\"]}]},{\"@type\":\"ImageObject\",\"inLanguage\":\"es\",\"@id\":\"https:\/\/www.pressenza.com\/es\/2023\/11\/peru-teatro-esperanza-un-retrato-revelador-de-la-familia-peruana-en-un-pais-de-suenos-quebrados\/#primaryimage\",\"url\":\"https:\/\/www.pressenza.com\/wp-content\/uploads\/2023\/11\/Esperanza-escena-elenco-completo-ok.jpg\",\"contentUrl\":\"https:\/\/www.pressenza.com\/wp-content\/uploads\/2023\/11\/Esperanza-escena-elenco-completo-ok.jpg\",\"width\":950,\"height\":634},{\"@type\":\"BreadcrumbList\",\"@id\":\"https:\/\/www.pressenza.com\/es\/2023\/11\/peru-teatro-esperanza-un-retrato-revelador-de-la-familia-peruana-en-un-pais-de-suenos-quebrados\/#breadcrumb\",\"itemListElement\":[{\"@type\":\"ListItem\",\"position\":1,\"name\":\"Accueil\",\"item\":\"https:\/\/www.pressenza.com\/es\/\"},{\"@type\":\"ListItem\",\"position\":2,\"name\":\"[Per\u00fa] Teatro: \u00abEsperanza\u00bb &#8211; un retrato revelador de la familia peruana en un pa\u00eds de sue\u00f1os quebrados\"}]},{\"@type\":\"WebSite\",\"@id\":\"https:\/\/www.pressenza.com\/es\/#website\",\"url\":\"https:\/\/www.pressenza.com\/es\/\",\"name\":\"Pressenza\",\"description\":\"International Press Agency\",\"publisher\":{\"@id\":\"https:\/\/www.pressenza.com\/es\/#organization\"},\"potentialAction\":[{\"@type\":\"SearchAction\",\"target\":{\"@type\":\"EntryPoint\",\"urlTemplate\":\"https:\/\/www.pressenza.com\/es\/?s={search_term_string}\"},\"query-input\":{\"@type\":\"PropertyValueSpecification\",\"valueRequired\":true,\"valueName\":\"search_term_string\"}}],\"inLanguage\":\"es\"},{\"@type\":\"Organization\",\"@id\":\"https:\/\/www.pressenza.com\/es\/#organization\",\"name\":\"Pressenza\",\"url\":\"https:\/\/www.pressenza.com\/es\/\",\"logo\":{\"@type\":\"ImageObject\",\"inLanguage\":\"es\",\"@id\":\"https:\/\/www.pressenza.com\/es\/#\/schema\/logo\/image\/\",\"url\":\"https:\/\/www.pressenza.com\/wp-content\/uploads\/2022\/10\/pressenza_logo_200x200.jpg\",\"contentUrl\":\"https:\/\/www.pressenza.com\/wp-content\/uploads\/2022\/10\/pressenza_logo_200x200.jpg\",\"width\":200,\"height\":200,\"caption\":\"Pressenza\"},\"image\":{\"@id\":\"https:\/\/www.pressenza.com\/es\/#\/schema\/logo\/image\/\"},\"sameAs\":[\"https:\/\/www.facebook.com\/PressenzaItalia\",\"https:\/\/x.com\/PressenzaIPA\"]},{\"@type\":\"Person\",\"@id\":\"https:\/\/www.pressenza.com\/es\/#\/schema\/person\/e86c29a41185b85084a478822f5de81b\",\"name\":\"Redacci\u00f3n Per\u00fa\",\"description\":\"News published by the Pressenza bureau in Peru\",\"url\":\"https:\/\/www.pressenza.com\/es\/author\/redaccion-peru\/\"}]}<\/script>\n<!-- \/ Yoast SEO plugin. -->","yoast_head_json":{"title":"[Per\u00fa] Teatro: \"Esperanza\" - un retrato revelador de la familia peruana en un pa\u00eds de sue\u00f1os quebrados","description":"Esperanza, la obra de teatro dirigida y escrita por Marisol Palacios en coautor\u00eda con Aldo Miyashiro, se despide de la cartelera con sus \u00faltimas 10","robots":{"index":"index","follow":"follow","max-snippet":"max-snippet:-1","max-image-preview":"max-image-preview:large","max-video-preview":"max-video-preview:-1"},"canonical":"https:\/\/www.pressenza.com\/es\/2023\/11\/peru-teatro-esperanza-un-retrato-revelador-de-la-familia-peruana-en-un-pais-de-suenos-quebrados\/","og_locale":"es_ES","og_type":"article","og_title":"[Per\u00fa] Teatro: \"Esperanza\" - un retrato revelador de la familia peruana en un pa\u00eds de sue\u00f1os quebrados","og_description":"Esperanza, la obra de teatro dirigida y escrita por Marisol Palacios en coautor\u00eda con Aldo Miyashiro, se despide de la cartelera con sus \u00faltimas 10","og_url":"https:\/\/www.pressenza.com\/es\/2023\/11\/peru-teatro-esperanza-un-retrato-revelador-de-la-familia-peruana-en-un-pais-de-suenos-quebrados\/","og_site_name":"Pressenza","article_publisher":"https:\/\/www.facebook.com\/PressenzaItalia","article_published_time":"2023-11-12T10:40:54+00:00","og_image":[{"width":950,"height":634,"url":"https:\/\/www.pressenza.com\/wp-content\/uploads\/2023\/11\/Esperanza-escena-elenco-completo-ok.jpg","type":"image\/jpeg"}],"author":"Redacci\u00f3n Per\u00fa","twitter_card":"summary_large_image","twitter_creator":"@PressenzaIPA","twitter_site":"@PressenzaIPA","twitter_misc":{"Escrito por":"Redacci\u00f3n Per\u00fa","Tiempo de lectura":"4 minutos"},"schema":{"@context":"https:\/\/schema.org","@graph":[{"@type":"Article","@id":"https:\/\/www.pressenza.com\/es\/2023\/11\/peru-teatro-esperanza-un-retrato-revelador-de-la-familia-peruana-en-un-pais-de-suenos-quebrados\/#article","isPartOf":{"@id":"https:\/\/www.pressenza.com\/es\/2023\/11\/peru-teatro-esperanza-un-retrato-revelador-de-la-familia-peruana-en-un-pais-de-suenos-quebrados\/"},"author":{"name":"Redacci\u00f3n Per\u00fa","@id":"https:\/\/www.pressenza.com\/es\/#\/schema\/person\/e86c29a41185b85084a478822f5de81b"},"headline":"[Per\u00fa] Teatro: \u00abEsperanza\u00bb &#8211; un retrato revelador de la familia peruana en un pa\u00eds de sue\u00f1os quebrados","datePublished":"2023-11-12T10:40:54+00:00","mainEntityOfPage":{"@id":"https:\/\/www.pressenza.com\/es\/2023\/11\/peru-teatro-esperanza-un-retrato-revelador-de-la-familia-peruana-en-un-pais-de-suenos-quebrados\/"},"wordCount":786,"publisher":{"@id":"https:\/\/www.pressenza.com\/es\/#organization"},"image":{"@id":"https:\/\/www.pressenza.com\/es\/2023\/11\/peru-teatro-esperanza-un-retrato-revelador-de-la-familia-peruana-en-un-pais-de-suenos-quebrados\/#primaryimage"},"thumbnailUrl":"https:\/\/www.pressenza.com\/wp-content\/uploads\/2023\/11\/Esperanza-escena-elenco-completo-ok.jpg","keywords":["Aldo miyashiro","esperanza","Marisol palacios","PUCP","Teatro"],"articleSection":["Comunicados de Prensa","Cultura y Medios","Sudam\u00e9rica"],"inLanguage":"es"},{"@type":"WebPage","@id":"https:\/\/www.pressenza.com\/es\/2023\/11\/peru-teatro-esperanza-un-retrato-revelador-de-la-familia-peruana-en-un-pais-de-suenos-quebrados\/","url":"https:\/\/www.pressenza.com\/es\/2023\/11\/peru-teatro-esperanza-un-retrato-revelador-de-la-familia-peruana-en-un-pais-de-suenos-quebrados\/","name":"[Per\u00fa] Teatro: \"Esperanza\" - un retrato revelador de la familia peruana en un pa\u00eds de sue\u00f1os quebrados","isPartOf":{"@id":"https:\/\/www.pressenza.com\/es\/#website"},"primaryImageOfPage":{"@id":"https:\/\/www.pressenza.com\/es\/2023\/11\/peru-teatro-esperanza-un-retrato-revelador-de-la-familia-peruana-en-un-pais-de-suenos-quebrados\/#primaryimage"},"image":{"@id":"https:\/\/www.pressenza.com\/es\/2023\/11\/peru-teatro-esperanza-un-retrato-revelador-de-la-familia-peruana-en-un-pais-de-suenos-quebrados\/#primaryimage"},"thumbnailUrl":"https:\/\/www.pressenza.com\/wp-content\/uploads\/2023\/11\/Esperanza-escena-elenco-completo-ok.jpg","datePublished":"2023-11-12T10:40:54+00:00","description":"Esperanza, la obra de teatro dirigida y escrita por Marisol Palacios en coautor\u00eda con Aldo Miyashiro, se despide de la cartelera con sus \u00faltimas 10","breadcrumb":{"@id":"https:\/\/www.pressenza.com\/es\/2023\/11\/peru-teatro-esperanza-un-retrato-revelador-de-la-familia-peruana-en-un-pais-de-suenos-quebrados\/#breadcrumb"},"inLanguage":"es","potentialAction":[{"@type":"ReadAction","target":["https:\/\/www.pressenza.com\/es\/2023\/11\/peru-teatro-esperanza-un-retrato-revelador-de-la-familia-peruana-en-un-pais-de-suenos-quebrados\/"]}]},{"@type":"ImageObject","inLanguage":"es","@id":"https:\/\/www.pressenza.com\/es\/2023\/11\/peru-teatro-esperanza-un-retrato-revelador-de-la-familia-peruana-en-un-pais-de-suenos-quebrados\/#primaryimage","url":"https:\/\/www.pressenza.com\/wp-content\/uploads\/2023\/11\/Esperanza-escena-elenco-completo-ok.jpg","contentUrl":"https:\/\/www.pressenza.com\/wp-content\/uploads\/2023\/11\/Esperanza-escena-elenco-completo-ok.jpg","width":950,"height":634},{"@type":"BreadcrumbList","@id":"https:\/\/www.pressenza.com\/es\/2023\/11\/peru-teatro-esperanza-un-retrato-revelador-de-la-familia-peruana-en-un-pais-de-suenos-quebrados\/#breadcrumb","itemListElement":[{"@type":"ListItem","position":1,"name":"Accueil","item":"https:\/\/www.pressenza.com\/es\/"},{"@type":"ListItem","position":2,"name":"[Per\u00fa] Teatro: \u00abEsperanza\u00bb &#8211; un retrato revelador de la familia peruana en un pa\u00eds de sue\u00f1os quebrados"}]},{"@type":"WebSite","@id":"https:\/\/www.pressenza.com\/es\/#website","url":"https:\/\/www.pressenza.com\/es\/","name":"Pressenza","description":"International Press Agency","publisher":{"@id":"https:\/\/www.pressenza.com\/es\/#organization"},"potentialAction":[{"@type":"SearchAction","target":{"@type":"EntryPoint","urlTemplate":"https:\/\/www.pressenza.com\/es\/?s={search_term_string}"},"query-input":{"@type":"PropertyValueSpecification","valueRequired":true,"valueName":"search_term_string"}}],"inLanguage":"es"},{"@type":"Organization","@id":"https:\/\/www.pressenza.com\/es\/#organization","name":"Pressenza","url":"https:\/\/www.pressenza.com\/es\/","logo":{"@type":"ImageObject","inLanguage":"es","@id":"https:\/\/www.pressenza.com\/es\/#\/schema\/logo\/image\/","url":"https:\/\/www.pressenza.com\/wp-content\/uploads\/2022\/10\/pressenza_logo_200x200.jpg","contentUrl":"https:\/\/www.pressenza.com\/wp-content\/uploads\/2022\/10\/pressenza_logo_200x200.jpg","width":200,"height":200,"caption":"Pressenza"},"image":{"@id":"https:\/\/www.pressenza.com\/es\/#\/schema\/logo\/image\/"},"sameAs":["https:\/\/www.facebook.com\/PressenzaItalia","https:\/\/x.com\/PressenzaIPA"]},{"@type":"Person","@id":"https:\/\/www.pressenza.com\/es\/#\/schema\/person\/e86c29a41185b85084a478822f5de81b","name":"Redacci\u00f3n Per\u00fa","description":"News published by the Pressenza bureau in Peru","url":"https:\/\/www.pressenza.com\/es\/author\/redaccion-peru\/"}]}},"place":"Lima, Per\u00fa","original_article_url":"","_links":{"self":[{"href":"https:\/\/www.pressenza.com\/es\/wp-json\/wp\/v2\/posts\/1780909","targetHints":{"allow":["GET"]}}],"collection":[{"href":"https:\/\/www.pressenza.com\/es\/wp-json\/wp\/v2\/posts"}],"about":[{"href":"https:\/\/www.pressenza.com\/es\/wp-json\/wp\/v2\/types\/post"}],"author":[{"embeddable":true,"href":"https:\/\/www.pressenza.com\/es\/wp-json\/wp\/v2\/users\/831"}],"replies":[{"embeddable":true,"href":"https:\/\/www.pressenza.com\/es\/wp-json\/wp\/v2\/comments?post=1780909"}],"version-history":[{"count":0,"href":"https:\/\/www.pressenza.com\/es\/wp-json\/wp\/v2\/posts\/1780909\/revisions"}],"wp:featuredmedia":[{"embeddable":true,"href":"https:\/\/www.pressenza.com\/es\/wp-json\/wp\/v2\/media\/1780917"}],"wp:attachment":[{"href":"https:\/\/www.pressenza.com\/es\/wp-json\/wp\/v2\/media?parent=1780909"}],"wp:term":[{"taxonomy":"category","embeddable":true,"href":"https:\/\/www.pressenza.com\/es\/wp-json\/wp\/v2\/categories?post=1780909"},{"taxonomy":"post_tag","embeddable":true,"href":"https:\/\/www.pressenza.com\/es\/wp-json\/wp\/v2\/tags?post=1780909"}],"curies":[{"name":"wp","href":"https:\/\/api.w.org\/{rel}","templated":true}]}}