{"id":178066,"date":"2015-04-17T12:22:49","date_gmt":"2015-04-17T11:22:49","guid":{"rendered":"http:\/\/www.pressenza.com\/?p=178066"},"modified":"2015-04-17T12:22:49","modified_gmt":"2015-04-17T11:22:49","slug":"ministerio-publico-de-guatemala-crea-fiscalia-anticorrupcion-interna","status":"publish","type":"post","link":"https:\/\/www.pressenza.com\/es\/2015\/04\/ministerio-publico-de-guatemala-crea-fiscalia-anticorrupcion-interna\/","title":{"rendered":"Ministerio P\u00fablico de Guatemala crea Fiscal\u00eda Anticorrupci\u00f3n interna"},"content":{"rendered":"<p class=\"introtext\"><em>El Ministerio P\u00fablico de Guatemala anunci\u00f3 la creaci\u00f3n de una fiscal\u00eda especial para combatir la corrupci\u00f3n interna en esa instituci\u00f3n. Ello ha generado opiniones divididas por la situaci\u00f3n presupuestaria y coyuntural que atraviesan las instituciones de Justicia en ese pa\u00eds.<\/em><\/p>\n<p>Las intenciones de crear la Fiscal\u00eda contra la corrupci\u00f3n es darle persecuci\u00f3n a posibles estructuras que se confabulan con el crimen organizado para facilitar procesos o ejercer chantajes y extorsiones desde lo interno del Ministerio P\u00fablico.<\/p>\n<p>Entre los delitos en los que m\u00e1s incurren los fiscales y empleados del Ministerio P\u00fablico se encuentra el soborno, incumplimiento de deberes, y extorsi\u00f3n.<\/p>\n<p>Hasta ahora se han conocido 400 denuncias contra fiscales y empleados corruptos, no obstante solo el 10 por ciento se ha judicializado y los resultados de esos procesos se ver\u00e1n reflejados en los pr\u00f3ximos meses.<\/p>\n<p>A pesar de las opiniones encontradas, el Ministerio Publico subraya que cuenta con los recursos y la voluntad para combatir la corrupci\u00f3n a lo interno de esa instituci\u00f3n.<\/p>\n<p>Miguel Salay, Ciudad de Guatemala.<\/p>\n<p>&nbsp;<\/p>\n","protected":false},"excerpt":{"rendered":"<p>El Ministerio P\u00fablico de Guatemala anunci\u00f3 la creaci\u00f3n de una fiscal\u00eda especial para combatir la corrupci\u00f3n interna en esa instituci\u00f3n. Ello ha generado opiniones divididas por la situaci\u00f3n presupuestaria y coyuntural que atraviesan las instituciones de Justicia en ese pa\u00eds.&hellip;<\/p>\n","protected":false},"author":954,"featured_media":178144,"comment_status":"closed","ping_status":"open","sticky":false,"template":"","format":"standard","meta":{"footnotes":""},"categories":[69,74],"tags":[17000,696,1826,398,11378],"class_list":["post-178066","post","type-post","status-publish","format-standard","has-post-thumbnail","hentry","category-america-central","category-politica-es","tag-anticorrupcion","tag-democracia","tag-guatemala","tag-justicia","tag-ley"],"yoast_head":"<!-- This site is optimized with the Yoast SEO plugin v27.1.1 - https:\/\/yoast.com\/product\/yoast-seo-wordpress\/ -->\n<title>Ministerio P\u00fablico de Guatemala crea Fiscal\u00eda Anticorrupci\u00f3n interna<\/title>\n<meta name=\"description\" content=\"El Ministerio P\u00fablico de Guatemala anunci\u00f3 la creaci\u00f3n de una fiscal\u00eda especial para combatir la corrupci\u00f3n interna en esa instituci\u00f3n. Ello ha generado\" \/>\n<meta name=\"robots\" content=\"index, follow, max-snippet:-1, max-image-preview:large, max-video-preview:-1\" \/>\n<link rel=\"canonical\" href=\"https:\/\/www.pressenza.com\/es\/2015\/04\/ministerio-publico-de-guatemala-crea-fiscalia-anticorrupcion-interna\/\" \/>\n<meta property=\"og:locale\" content=\"es_ES\" \/>\n<meta property=\"og:type\" content=\"article\" \/>\n<meta property=\"og:title\" content=\"Ministerio P\u00fablico de Guatemala crea Fiscal\u00eda Anticorrupci\u00f3n interna\" \/>\n<meta property=\"og:description\" content=\"El Ministerio P\u00fablico de Guatemala anunci\u00f3 la creaci\u00f3n de una fiscal\u00eda especial para combatir la corrupci\u00f3n interna en esa instituci\u00f3n. Ello ha generado\" \/>\n<meta property=\"og:url\" content=\"https:\/\/www.pressenza.com\/es\/2015\/04\/ministerio-publico-de-guatemala-crea-fiscalia-anticorrupcion-interna\/\" \/>\n<meta property=\"og:site_name\" content=\"Pressenza\" \/>\n<meta property=\"article:publisher\" content=\"https:\/\/www.facebook.com\/PressenzaItalia\" \/>\n<meta property=\"article:author\" content=\"https:\/\/www.facebook.com\/Hispantv\" \/>\n<meta property=\"article:published_time\" content=\"2015-04-17T11:22:49+00:00\" \/>\n<meta property=\"og:image\" content=\"https:\/\/www.pressenza.com\/wp-content\/uploads\/2015\/04\/Guatemala.jpg\" \/>\n\t<meta property=\"og:image:width\" content=\"689\" \/>\n\t<meta property=\"og:image:height\" content=\"411\" \/>\n\t<meta property=\"og:image:type\" content=\"image\/jpeg\" \/>\n<meta name=\"author\" content=\"HispanTV\" \/>\n<meta name=\"twitter:card\" content=\"summary_large_image\" \/>\n<meta name=\"twitter:creator\" content=\"@Hispantv\" \/>\n<meta name=\"twitter:site\" content=\"@PressenzaIPA\" \/>\n<meta name=\"twitter:label1\" content=\"Escrito por\" \/>\n\t<meta name=\"twitter:data1\" content=\"HispanTV\" \/>\n\t<meta name=\"twitter:label2\" content=\"Tiempo de lectura\" \/>\n\t<meta name=\"twitter:data2\" content=\"1 minuto\" \/>\n<script type=\"application\/ld+json\" class=\"yoast-schema-graph\">{\"@context\":\"https:\/\/schema.org\",\"@graph\":[{\"@type\":\"Article\",\"@id\":\"https:\/\/www.pressenza.com\/es\/2015\/04\/ministerio-publico-de-guatemala-crea-fiscalia-anticorrupcion-interna\/#article\",\"isPartOf\":{\"@id\":\"https:\/\/www.pressenza.com\/es\/2015\/04\/ministerio-publico-de-guatemala-crea-fiscalia-anticorrupcion-interna\/\"},\"author\":{\"name\":\"HispanTV\",\"@id\":\"https:\/\/www.pressenza.com\/es\/#\/schema\/person\/2e5ffdf0e238fbba512bcf5c97959187\"},\"headline\":\"Ministerio P\u00fablico de Guatemala crea Fiscal\u00eda Anticorrupci\u00f3n interna\",\"datePublished\":\"2015-04-17T11:22:49+00:00\",\"mainEntityOfPage\":{\"@id\":\"https:\/\/www.pressenza.com\/es\/2015\/04\/ministerio-publico-de-guatemala-crea-fiscalia-anticorrupcion-interna\/\"},\"wordCount\":196,\"publisher\":{\"@id\":\"https:\/\/www.pressenza.com\/es\/#organization\"},\"image\":{\"@id\":\"https:\/\/www.pressenza.com\/es\/2015\/04\/ministerio-publico-de-guatemala-crea-fiscalia-anticorrupcion-interna\/#primaryimage\"},\"thumbnailUrl\":\"https:\/\/www.pressenza.com\/wp-content\/uploads\/2015\/04\/Guatemala.jpg\",\"keywords\":[\"Anticorrupci\u00f3n\",\"Democracia\",\"Guatemala\",\"justicia\",\"Ley\"],\"articleSection\":[\"Am\u00e9rica Central\",\"Pol\u00edtica\"],\"inLanguage\":\"es\"},{\"@type\":\"WebPage\",\"@id\":\"https:\/\/www.pressenza.com\/es\/2015\/04\/ministerio-publico-de-guatemala-crea-fiscalia-anticorrupcion-interna\/\",\"url\":\"https:\/\/www.pressenza.com\/es\/2015\/04\/ministerio-publico-de-guatemala-crea-fiscalia-anticorrupcion-interna\/\",\"name\":\"Ministerio P\u00fablico de Guatemala crea Fiscal\u00eda Anticorrupci\u00f3n interna\",\"isPartOf\":{\"@id\":\"https:\/\/www.pressenza.com\/es\/#website\"},\"primaryImageOfPage\":{\"@id\":\"https:\/\/www.pressenza.com\/es\/2015\/04\/ministerio-publico-de-guatemala-crea-fiscalia-anticorrupcion-interna\/#primaryimage\"},\"image\":{\"@id\":\"https:\/\/www.pressenza.com\/es\/2015\/04\/ministerio-publico-de-guatemala-crea-fiscalia-anticorrupcion-interna\/#primaryimage\"},\"thumbnailUrl\":\"https:\/\/www.pressenza.com\/wp-content\/uploads\/2015\/04\/Guatemala.jpg\",\"datePublished\":\"2015-04-17T11:22:49+00:00\",\"description\":\"El Ministerio P\u00fablico de Guatemala anunci\u00f3 la creaci\u00f3n de una fiscal\u00eda especial para combatir la corrupci\u00f3n interna en esa instituci\u00f3n. Ello ha generado\",\"breadcrumb\":{\"@id\":\"https:\/\/www.pressenza.com\/es\/2015\/04\/ministerio-publico-de-guatemala-crea-fiscalia-anticorrupcion-interna\/#breadcrumb\"},\"inLanguage\":\"es\",\"potentialAction\":[{\"@type\":\"ReadAction\",\"target\":[\"https:\/\/www.pressenza.com\/es\/2015\/04\/ministerio-publico-de-guatemala-crea-fiscalia-anticorrupcion-interna\/\"]}]},{\"@type\":\"ImageObject\",\"inLanguage\":\"es\",\"@id\":\"https:\/\/www.pressenza.com\/es\/2015\/04\/ministerio-publico-de-guatemala-crea-fiscalia-anticorrupcion-interna\/#primaryimage\",\"url\":\"https:\/\/www.pressenza.com\/wp-content\/uploads\/2015\/04\/Guatemala.jpg\",\"contentUrl\":\"https:\/\/www.pressenza.com\/wp-content\/uploads\/2015\/04\/Guatemala.jpg\",\"width\":689,\"height\":411},{\"@type\":\"BreadcrumbList\",\"@id\":\"https:\/\/www.pressenza.com\/es\/2015\/04\/ministerio-publico-de-guatemala-crea-fiscalia-anticorrupcion-interna\/#breadcrumb\",\"itemListElement\":[{\"@type\":\"ListItem\",\"position\":1,\"name\":\"Accueil\",\"item\":\"https:\/\/www.pressenza.com\/es\/\"},{\"@type\":\"ListItem\",\"position\":2,\"name\":\"Ministerio P\u00fablico de Guatemala crea Fiscal\u00eda Anticorrupci\u00f3n interna\"}]},{\"@type\":\"WebSite\",\"@id\":\"https:\/\/www.pressenza.com\/es\/#website\",\"url\":\"https:\/\/www.pressenza.com\/es\/\",\"name\":\"Pressenza\",\"description\":\"International Press Agency\",\"publisher\":{\"@id\":\"https:\/\/www.pressenza.com\/es\/#organization\"},\"potentialAction\":[{\"@type\":\"SearchAction\",\"target\":{\"@type\":\"EntryPoint\",\"urlTemplate\":\"https:\/\/www.pressenza.com\/es\/?s={search_term_string}\"},\"query-input\":{\"@type\":\"PropertyValueSpecification\",\"valueRequired\":true,\"valueName\":\"search_term_string\"}}],\"inLanguage\":\"es\"},{\"@type\":\"Organization\",\"@id\":\"https:\/\/www.pressenza.com\/es\/#organization\",\"name\":\"Pressenza\",\"url\":\"https:\/\/www.pressenza.com\/es\/\",\"logo\":{\"@type\":\"ImageObject\",\"inLanguage\":\"es\",\"@id\":\"https:\/\/www.pressenza.com\/es\/#\/schema\/logo\/image\/\",\"url\":\"https:\/\/www.pressenza.com\/wp-content\/uploads\/2022\/10\/pressenza_logo_200x200.jpg\",\"contentUrl\":\"https:\/\/www.pressenza.com\/wp-content\/uploads\/2022\/10\/pressenza_logo_200x200.jpg\",\"width\":200,\"height\":200,\"caption\":\"Pressenza\"},\"image\":{\"@id\":\"https:\/\/www.pressenza.com\/es\/#\/schema\/logo\/image\/\"},\"sameAs\":[\"https:\/\/www.facebook.com\/PressenzaItalia\",\"https:\/\/x.com\/PressenzaIPA\"]},{\"@type\":\"Person\",\"@id\":\"https:\/\/www.pressenza.com\/es\/#\/schema\/person\/2e5ffdf0e238fbba512bcf5c97959187\",\"name\":\"HispanTV\",\"description\":\"Trabajar bajo el f\u00e9rreo compromiso como medio de comunicaci\u00f3n para fomentar el acercamiento entre los pueblos de Ir\u00e1n, el Hispanoamericano y los de Medio Oriente, considerando adem\u00e1s la necesidad de crear una mayor cercan\u00eda entre todos los pueblos de Am\u00e9rica Latina. http:\/\/www.hispantv.com\/\",\"sameAs\":[\"http:\/\/www.hispantv.ir\",\"https:\/\/www.facebook.com\/Hispantv\",\"https:\/\/x.com\/Hispantv\"],\"url\":\"https:\/\/www.pressenza.com\/es\/author\/hispantv\/\"}]}<\/script>\n<!-- \/ Yoast SEO plugin. -->","yoast_head_json":{"title":"Ministerio P\u00fablico de Guatemala crea Fiscal\u00eda Anticorrupci\u00f3n interna","description":"El Ministerio P\u00fablico de Guatemala anunci\u00f3 la creaci\u00f3n de una fiscal\u00eda especial para combatir la corrupci\u00f3n interna en esa instituci\u00f3n. Ello ha generado","robots":{"index":"index","follow":"follow","max-snippet":"max-snippet:-1","max-image-preview":"max-image-preview:large","max-video-preview":"max-video-preview:-1"},"canonical":"https:\/\/www.pressenza.com\/es\/2015\/04\/ministerio-publico-de-guatemala-crea-fiscalia-anticorrupcion-interna\/","og_locale":"es_ES","og_type":"article","og_title":"Ministerio P\u00fablico de Guatemala crea Fiscal\u00eda Anticorrupci\u00f3n interna","og_description":"El Ministerio P\u00fablico de Guatemala anunci\u00f3 la creaci\u00f3n de una fiscal\u00eda especial para combatir la corrupci\u00f3n interna en esa instituci\u00f3n. Ello ha generado","og_url":"https:\/\/www.pressenza.com\/es\/2015\/04\/ministerio-publico-de-guatemala-crea-fiscalia-anticorrupcion-interna\/","og_site_name":"Pressenza","article_publisher":"https:\/\/www.facebook.com\/PressenzaItalia","article_author":"https:\/\/www.facebook.com\/Hispantv","article_published_time":"2015-04-17T11:22:49+00:00","og_image":[{"width":689,"height":411,"url":"https:\/\/www.pressenza.com\/wp-content\/uploads\/2015\/04\/Guatemala.jpg","type":"image\/jpeg"}],"author":"HispanTV","twitter_card":"summary_large_image","twitter_creator":"@Hispantv","twitter_site":"@PressenzaIPA","twitter_misc":{"Escrito por":"HispanTV","Tiempo de lectura":"1 minuto"},"schema":{"@context":"https:\/\/schema.org","@graph":[{"@type":"Article","@id":"https:\/\/www.pressenza.com\/es\/2015\/04\/ministerio-publico-de-guatemala-crea-fiscalia-anticorrupcion-interna\/#article","isPartOf":{"@id":"https:\/\/www.pressenza.com\/es\/2015\/04\/ministerio-publico-de-guatemala-crea-fiscalia-anticorrupcion-interna\/"},"author":{"name":"HispanTV","@id":"https:\/\/www.pressenza.com\/es\/#\/schema\/person\/2e5ffdf0e238fbba512bcf5c97959187"},"headline":"Ministerio P\u00fablico de Guatemala crea Fiscal\u00eda Anticorrupci\u00f3n interna","datePublished":"2015-04-17T11:22:49+00:00","mainEntityOfPage":{"@id":"https:\/\/www.pressenza.com\/es\/2015\/04\/ministerio-publico-de-guatemala-crea-fiscalia-anticorrupcion-interna\/"},"wordCount":196,"publisher":{"@id":"https:\/\/www.pressenza.com\/es\/#organization"},"image":{"@id":"https:\/\/www.pressenza.com\/es\/2015\/04\/ministerio-publico-de-guatemala-crea-fiscalia-anticorrupcion-interna\/#primaryimage"},"thumbnailUrl":"https:\/\/www.pressenza.com\/wp-content\/uploads\/2015\/04\/Guatemala.jpg","keywords":["Anticorrupci\u00f3n","Democracia","Guatemala","justicia","Ley"],"articleSection":["Am\u00e9rica Central","Pol\u00edtica"],"inLanguage":"es"},{"@type":"WebPage","@id":"https:\/\/www.pressenza.com\/es\/2015\/04\/ministerio-publico-de-guatemala-crea-fiscalia-anticorrupcion-interna\/","url":"https:\/\/www.pressenza.com\/es\/2015\/04\/ministerio-publico-de-guatemala-crea-fiscalia-anticorrupcion-interna\/","name":"Ministerio P\u00fablico de Guatemala crea Fiscal\u00eda Anticorrupci\u00f3n interna","isPartOf":{"@id":"https:\/\/www.pressenza.com\/es\/#website"},"primaryImageOfPage":{"@id":"https:\/\/www.pressenza.com\/es\/2015\/04\/ministerio-publico-de-guatemala-crea-fiscalia-anticorrupcion-interna\/#primaryimage"},"image":{"@id":"https:\/\/www.pressenza.com\/es\/2015\/04\/ministerio-publico-de-guatemala-crea-fiscalia-anticorrupcion-interna\/#primaryimage"},"thumbnailUrl":"https:\/\/www.pressenza.com\/wp-content\/uploads\/2015\/04\/Guatemala.jpg","datePublished":"2015-04-17T11:22:49+00:00","description":"El Ministerio P\u00fablico de Guatemala anunci\u00f3 la creaci\u00f3n de una fiscal\u00eda especial para combatir la corrupci\u00f3n interna en esa instituci\u00f3n. Ello ha generado","breadcrumb":{"@id":"https:\/\/www.pressenza.com\/es\/2015\/04\/ministerio-publico-de-guatemala-crea-fiscalia-anticorrupcion-interna\/#breadcrumb"},"inLanguage":"es","potentialAction":[{"@type":"ReadAction","target":["https:\/\/www.pressenza.com\/es\/2015\/04\/ministerio-publico-de-guatemala-crea-fiscalia-anticorrupcion-interna\/"]}]},{"@type":"ImageObject","inLanguage":"es","@id":"https:\/\/www.pressenza.com\/es\/2015\/04\/ministerio-publico-de-guatemala-crea-fiscalia-anticorrupcion-interna\/#primaryimage","url":"https:\/\/www.pressenza.com\/wp-content\/uploads\/2015\/04\/Guatemala.jpg","contentUrl":"https:\/\/www.pressenza.com\/wp-content\/uploads\/2015\/04\/Guatemala.jpg","width":689,"height":411},{"@type":"BreadcrumbList","@id":"https:\/\/www.pressenza.com\/es\/2015\/04\/ministerio-publico-de-guatemala-crea-fiscalia-anticorrupcion-interna\/#breadcrumb","itemListElement":[{"@type":"ListItem","position":1,"name":"Accueil","item":"https:\/\/www.pressenza.com\/es\/"},{"@type":"ListItem","position":2,"name":"Ministerio P\u00fablico de Guatemala crea Fiscal\u00eda Anticorrupci\u00f3n interna"}]},{"@type":"WebSite","@id":"https:\/\/www.pressenza.com\/es\/#website","url":"https:\/\/www.pressenza.com\/es\/","name":"Pressenza","description":"International Press Agency","publisher":{"@id":"https:\/\/www.pressenza.com\/es\/#organization"},"potentialAction":[{"@type":"SearchAction","target":{"@type":"EntryPoint","urlTemplate":"https:\/\/www.pressenza.com\/es\/?s={search_term_string}"},"query-input":{"@type":"PropertyValueSpecification","valueRequired":true,"valueName":"search_term_string"}}],"inLanguage":"es"},{"@type":"Organization","@id":"https:\/\/www.pressenza.com\/es\/#organization","name":"Pressenza","url":"https:\/\/www.pressenza.com\/es\/","logo":{"@type":"ImageObject","inLanguage":"es","@id":"https:\/\/www.pressenza.com\/es\/#\/schema\/logo\/image\/","url":"https:\/\/www.pressenza.com\/wp-content\/uploads\/2022\/10\/pressenza_logo_200x200.jpg","contentUrl":"https:\/\/www.pressenza.com\/wp-content\/uploads\/2022\/10\/pressenza_logo_200x200.jpg","width":200,"height":200,"caption":"Pressenza"},"image":{"@id":"https:\/\/www.pressenza.com\/es\/#\/schema\/logo\/image\/"},"sameAs":["https:\/\/www.facebook.com\/PressenzaItalia","https:\/\/x.com\/PressenzaIPA"]},{"@type":"Person","@id":"https:\/\/www.pressenza.com\/es\/#\/schema\/person\/2e5ffdf0e238fbba512bcf5c97959187","name":"HispanTV","description":"Trabajar bajo el f\u00e9rreo compromiso como medio de comunicaci\u00f3n para fomentar el acercamiento entre los pueblos de Ir\u00e1n, el Hispanoamericano y los de Medio Oriente, considerando adem\u00e1s la necesidad de crear una mayor cercan\u00eda entre todos los pueblos de Am\u00e9rica Latina. http:\/\/www.hispantv.com\/","sameAs":["http:\/\/www.hispantv.ir","https:\/\/www.facebook.com\/Hispantv","https:\/\/x.com\/Hispantv"],"url":"https:\/\/www.pressenza.com\/es\/author\/hispantv\/"}]}},"place":"","original_article_url":"http:\/\/hispantv.com\/newsdetail\/Reportajes\/28129\/Ministerio-Publico-de-Guatemala-crea-Fiscalia-Anticorrupcion-interna","_links":{"self":[{"href":"https:\/\/www.pressenza.com\/es\/wp-json\/wp\/v2\/posts\/178066","targetHints":{"allow":["GET"]}}],"collection":[{"href":"https:\/\/www.pressenza.com\/es\/wp-json\/wp\/v2\/posts"}],"about":[{"href":"https:\/\/www.pressenza.com\/es\/wp-json\/wp\/v2\/types\/post"}],"author":[{"embeddable":true,"href":"https:\/\/www.pressenza.com\/es\/wp-json\/wp\/v2\/users\/954"}],"replies":[{"embeddable":true,"href":"https:\/\/www.pressenza.com\/es\/wp-json\/wp\/v2\/comments?post=178066"}],"version-history":[{"count":0,"href":"https:\/\/www.pressenza.com\/es\/wp-json\/wp\/v2\/posts\/178066\/revisions"}],"wp:featuredmedia":[{"embeddable":true,"href":"https:\/\/www.pressenza.com\/es\/wp-json\/wp\/v2\/media\/178144"}],"wp:attachment":[{"href":"https:\/\/www.pressenza.com\/es\/wp-json\/wp\/v2\/media?parent=178066"}],"wp:term":[{"taxonomy":"category","embeddable":true,"href":"https:\/\/www.pressenza.com\/es\/wp-json\/wp\/v2\/categories?post=178066"},{"taxonomy":"post_tag","embeddable":true,"href":"https:\/\/www.pressenza.com\/es\/wp-json\/wp\/v2\/tags?post=178066"}],"curies":[{"name":"wp","href":"https:\/\/api.w.org\/{rel}","templated":true}]}}