{"id":1780263,"date":"2023-11-08T22:09:44","date_gmt":"2023-11-08T22:09:44","guid":{"rendered":"https:\/\/www.pressenza.com\/?p=1780263"},"modified":"2023-11-08T22:14:00","modified_gmt":"2023-11-08T22:14:00","slug":"rosa-maria-montecinos-47-de-los-profesores-chilenos-declara-haber-sido-insultados","status":"publish","type":"post","link":"https:\/\/www.pressenza.com\/es\/2023\/11\/rosa-maria-montecinos-47-de-los-profesores-chilenos-declara-haber-sido-insultados\/","title":{"rendered":"Rosa Mar\u00eda Montecinos: \u00ab47% de los profesores chilenos declara haber sido insultados\u00bb"},"content":{"rendered":"<p>Rosa Mar\u00eda Montecinos,\u00a0 coordinadora de la Red de Educaci\u00f3n No Sexista y candidata por la Lista D a las pr\u00f3ximas elecciones del Colegio de Profesores de Chile, plantea esta inquietante cifra en una interesante entrevista en el programa de TV \u00abNot News\u00bb:<\/p>\n<p><iframe loading=\"lazy\" title=\"43% de los profesores declara haber sido insultados | Not News\" width=\"500\" height=\"281\" src=\"https:\/\/www.youtube.com\/embed\/iyYYCsPuce8?feature=oembed\" frameborder=\"0\" allow=\"accelerometer; autoplay; clipboard-write; encrypted-media; gyroscope; picture-in-picture; web-share\" referrerpolicy=\"strict-origin-when-cross-origin\" allowfullscreen><\/iframe><\/p>\n<p>&nbsp;<\/p>\n","protected":false},"excerpt":{"rendered":"<p>Rosa Mar\u00eda Montecinos,\u00a0 coordinadora de la Red de Educaci\u00f3n No Sexista y candidata por la Lista D a las pr\u00f3ximas elecciones del Colegio de Profesores de Chile, plantea esta inquietante cifra en una interesante entrevista en el programa de TV&hellip;<\/p>\n","protected":false},"author":43,"featured_media":0,"comment_status":"closed","ping_status":"closed","sticky":false,"template":"","format":"standard","meta":{"footnotes":""},"categories":[11389,1230,155,54515,1242,67],"tags":[117670,117669,115779,6796],"class_list":["post-1780263","post","type-post","status-publish","format-standard","hentry","category-contenido-original","category-educacion-tema","category-entrevistas","category-genero-y-feminismos","category-noviolencia-tema","category-sudamerica","tag-elecciones-del-colegio-de-profesores-de-chile","tag-lista-d","tag-rosa-maria-montecinos","tag-violencia-escolar"],"yoast_head":"<!-- This site is optimized with the Yoast SEO plugin v27.1.1 - https:\/\/yoast.com\/product\/yoast-seo-wordpress\/ -->\n<title>Rosa Mar\u00eda Montecinos: &quot;47% de los profesores chilenos declara haber sido insultados&quot;<\/title>\n<meta name=\"description\" content=\"Rosa Mar\u00eda Montecinos,\u00a0 coordinadora de la Red de Educaci\u00f3n No Sexista y candidata por la Lista D a las pr\u00f3ximas elecciones del Colegio de Profesores de\" \/>\n<meta name=\"robots\" content=\"index, follow, max-snippet:-1, max-image-preview:large, max-video-preview:-1\" \/>\n<link rel=\"canonical\" href=\"https:\/\/www.pressenza.com\/es\/2023\/11\/rosa-maria-montecinos-47-de-los-profesores-chilenos-declara-haber-sido-insultados\/\" \/>\n<meta property=\"og:locale\" content=\"es_ES\" \/>\n<meta property=\"og:type\" content=\"article\" \/>\n<meta property=\"og:title\" content=\"Rosa Mar\u00eda Montecinos: &quot;47% de los profesores chilenos declara haber sido insultados&quot;\" \/>\n<meta property=\"og:description\" content=\"Rosa Mar\u00eda Montecinos,\u00a0 coordinadora de la Red de Educaci\u00f3n No Sexista y candidata por la Lista D a las pr\u00f3ximas elecciones del Colegio de Profesores de\" \/>\n<meta property=\"og:url\" content=\"https:\/\/www.pressenza.com\/es\/2023\/11\/rosa-maria-montecinos-47-de-los-profesores-chilenos-declara-haber-sido-insultados\/\" \/>\n<meta property=\"og:site_name\" content=\"Pressenza\" \/>\n<meta property=\"article:publisher\" content=\"https:\/\/www.facebook.com\/PressenzaItalia\" \/>\n<meta property=\"article:author\" content=\"https:\/\/www.facebook.com\/pressenza\" \/>\n<meta property=\"article:published_time\" content=\"2023-11-08T22:09:44+00:00\" \/>\n<meta property=\"article:modified_time\" content=\"2023-11-08T22:14:00+00:00\" \/>\n<meta name=\"author\" content=\"Redacci\u00f3n Chile\" \/>\n<meta name=\"twitter:card\" content=\"summary_large_image\" \/>\n<meta name=\"twitter:creator\" content=\"@pressenza\" \/>\n<meta name=\"twitter:site\" content=\"@PressenzaIPA\" \/>\n<meta name=\"twitter:label1\" content=\"Escrito por\" \/>\n\t<meta name=\"twitter:data1\" content=\"Redacci\u00f3n Chile\" \/>\n\t<meta name=\"twitter:label2\" content=\"Tiempo de lectura\" \/>\n\t<meta name=\"twitter:data2\" content=\"1 minuto\" \/>\n<script type=\"application\/ld+json\" class=\"yoast-schema-graph\">{\"@context\":\"https:\/\/schema.org\",\"@graph\":[{\"@type\":\"Article\",\"@id\":\"https:\/\/www.pressenza.com\/es\/2023\/11\/rosa-maria-montecinos-47-de-los-profesores-chilenos-declara-haber-sido-insultados\/#article\",\"isPartOf\":{\"@id\":\"https:\/\/www.pressenza.com\/es\/2023\/11\/rosa-maria-montecinos-47-de-los-profesores-chilenos-declara-haber-sido-insultados\/\"},\"author\":{\"name\":\"Redacci\u00f3n Chile\",\"@id\":\"https:\/\/www.pressenza.com\/es\/#\/schema\/person\/d7db40df35d6698ba69ba9ee260944ed\"},\"headline\":\"Rosa Mar\u00eda Montecinos: \u00ab47% de los profesores chilenos declara haber sido insultados\u00bb\",\"datePublished\":\"2023-11-08T22:09:44+00:00\",\"dateModified\":\"2023-11-08T22:14:00+00:00\",\"mainEntityOfPage\":{\"@id\":\"https:\/\/www.pressenza.com\/es\/2023\/11\/rosa-maria-montecinos-47-de-los-profesores-chilenos-declara-haber-sido-insultados\/\"},\"wordCount\":67,\"publisher\":{\"@id\":\"https:\/\/www.pressenza.com\/es\/#organization\"},\"keywords\":[\"elecciones del Colegio de Profesores de Chile\",\"lista D\",\"Rosa Mar\u00eda Montecinos\",\"Violencia escolar\"],\"articleSection\":[\"Contenido Original\",\"Educaci\u00f3n\",\"Entrevistas\",\"G\u00e9nero y Feminismos\",\"Noviolencia\",\"Sudam\u00e9rica\"],\"inLanguage\":\"es\"},{\"@type\":\"WebPage\",\"@id\":\"https:\/\/www.pressenza.com\/es\/2023\/11\/rosa-maria-montecinos-47-de-los-profesores-chilenos-declara-haber-sido-insultados\/\",\"url\":\"https:\/\/www.pressenza.com\/es\/2023\/11\/rosa-maria-montecinos-47-de-los-profesores-chilenos-declara-haber-sido-insultados\/\",\"name\":\"Rosa Mar\u00eda Montecinos: \\\"47% de los profesores chilenos declara haber sido insultados\\\"\",\"isPartOf\":{\"@id\":\"https:\/\/www.pressenza.com\/es\/#website\"},\"datePublished\":\"2023-11-08T22:09:44+00:00\",\"dateModified\":\"2023-11-08T22:14:00+00:00\",\"description\":\"Rosa Mar\u00eda Montecinos,\u00a0 coordinadora de la Red de Educaci\u00f3n No Sexista y candidata por la Lista D a las pr\u00f3ximas elecciones del Colegio de Profesores de\",\"breadcrumb\":{\"@id\":\"https:\/\/www.pressenza.com\/es\/2023\/11\/rosa-maria-montecinos-47-de-los-profesores-chilenos-declara-haber-sido-insultados\/#breadcrumb\"},\"inLanguage\":\"es\",\"potentialAction\":[{\"@type\":\"ReadAction\",\"target\":[\"https:\/\/www.pressenza.com\/es\/2023\/11\/rosa-maria-montecinos-47-de-los-profesores-chilenos-declara-haber-sido-insultados\/\"]}]},{\"@type\":\"BreadcrumbList\",\"@id\":\"https:\/\/www.pressenza.com\/es\/2023\/11\/rosa-maria-montecinos-47-de-los-profesores-chilenos-declara-haber-sido-insultados\/#breadcrumb\",\"itemListElement\":[{\"@type\":\"ListItem\",\"position\":1,\"name\":\"Accueil\",\"item\":\"https:\/\/www.pressenza.com\/es\/\"},{\"@type\":\"ListItem\",\"position\":2,\"name\":\"Rosa Mar\u00eda Montecinos: \u00ab47% de los profesores chilenos declara haber sido insultados\u00bb\"}]},{\"@type\":\"WebSite\",\"@id\":\"https:\/\/www.pressenza.com\/es\/#website\",\"url\":\"https:\/\/www.pressenza.com\/es\/\",\"name\":\"Pressenza\",\"description\":\"International Press Agency\",\"publisher\":{\"@id\":\"https:\/\/www.pressenza.com\/es\/#organization\"},\"potentialAction\":[{\"@type\":\"SearchAction\",\"target\":{\"@type\":\"EntryPoint\",\"urlTemplate\":\"https:\/\/www.pressenza.com\/es\/?s={search_term_string}\"},\"query-input\":{\"@type\":\"PropertyValueSpecification\",\"valueRequired\":true,\"valueName\":\"search_term_string\"}}],\"inLanguage\":\"es\"},{\"@type\":\"Organization\",\"@id\":\"https:\/\/www.pressenza.com\/es\/#organization\",\"name\":\"Pressenza\",\"url\":\"https:\/\/www.pressenza.com\/es\/\",\"logo\":{\"@type\":\"ImageObject\",\"inLanguage\":\"es\",\"@id\":\"https:\/\/www.pressenza.com\/es\/#\/schema\/logo\/image\/\",\"url\":\"https:\/\/www.pressenza.com\/wp-content\/uploads\/2022\/10\/pressenza_logo_200x200.jpg\",\"contentUrl\":\"https:\/\/www.pressenza.com\/wp-content\/uploads\/2022\/10\/pressenza_logo_200x200.jpg\",\"width\":200,\"height\":200,\"caption\":\"Pressenza\"},\"image\":{\"@id\":\"https:\/\/www.pressenza.com\/es\/#\/schema\/logo\/image\/\"},\"sameAs\":[\"https:\/\/www.facebook.com\/PressenzaItalia\",\"https:\/\/x.com\/PressenzaIPA\"]},{\"@type\":\"Person\",\"@id\":\"https:\/\/www.pressenza.com\/es\/#\/schema\/person\/d7db40df35d6698ba69ba9ee260944ed\",\"name\":\"Redacci\u00f3n Chile\",\"description\":\"News from the Pressenza Bureau in Chile\",\"sameAs\":[\"https:\/\/www.facebook.com\/pressenza\",\"https:\/\/x.com\/pressenza\"],\"url\":\"https:\/\/www.pressenza.com\/es\/author\/redaccion-chile\/\"}]}<\/script>\n<!-- \/ Yoast SEO plugin. -->","yoast_head_json":{"title":"Rosa Mar\u00eda Montecinos: \"47% de los profesores chilenos declara haber sido insultados\"","description":"Rosa Mar\u00eda Montecinos,\u00a0 coordinadora de la Red de Educaci\u00f3n No Sexista y candidata por la Lista D a las pr\u00f3ximas elecciones del Colegio de Profesores de","robots":{"index":"index","follow":"follow","max-snippet":"max-snippet:-1","max-image-preview":"max-image-preview:large","max-video-preview":"max-video-preview:-1"},"canonical":"https:\/\/www.pressenza.com\/es\/2023\/11\/rosa-maria-montecinos-47-de-los-profesores-chilenos-declara-haber-sido-insultados\/","og_locale":"es_ES","og_type":"article","og_title":"Rosa Mar\u00eda Montecinos: \"47% de los profesores chilenos declara haber sido insultados\"","og_description":"Rosa Mar\u00eda Montecinos,\u00a0 coordinadora de la Red de Educaci\u00f3n No Sexista y candidata por la Lista D a las pr\u00f3ximas elecciones del Colegio de Profesores de","og_url":"https:\/\/www.pressenza.com\/es\/2023\/11\/rosa-maria-montecinos-47-de-los-profesores-chilenos-declara-haber-sido-insultados\/","og_site_name":"Pressenza","article_publisher":"https:\/\/www.facebook.com\/PressenzaItalia","article_author":"https:\/\/www.facebook.com\/pressenza","article_published_time":"2023-11-08T22:09:44+00:00","article_modified_time":"2023-11-08T22:14:00+00:00","author":"Redacci\u00f3n Chile","twitter_card":"summary_large_image","twitter_creator":"@pressenza","twitter_site":"@PressenzaIPA","twitter_misc":{"Escrito por":"Redacci\u00f3n Chile","Tiempo de lectura":"1 minuto"},"schema":{"@context":"https:\/\/schema.org","@graph":[{"@type":"Article","@id":"https:\/\/www.pressenza.com\/es\/2023\/11\/rosa-maria-montecinos-47-de-los-profesores-chilenos-declara-haber-sido-insultados\/#article","isPartOf":{"@id":"https:\/\/www.pressenza.com\/es\/2023\/11\/rosa-maria-montecinos-47-de-los-profesores-chilenos-declara-haber-sido-insultados\/"},"author":{"name":"Redacci\u00f3n Chile","@id":"https:\/\/www.pressenza.com\/es\/#\/schema\/person\/d7db40df35d6698ba69ba9ee260944ed"},"headline":"Rosa Mar\u00eda Montecinos: \u00ab47% de los profesores chilenos declara haber sido insultados\u00bb","datePublished":"2023-11-08T22:09:44+00:00","dateModified":"2023-11-08T22:14:00+00:00","mainEntityOfPage":{"@id":"https:\/\/www.pressenza.com\/es\/2023\/11\/rosa-maria-montecinos-47-de-los-profesores-chilenos-declara-haber-sido-insultados\/"},"wordCount":67,"publisher":{"@id":"https:\/\/www.pressenza.com\/es\/#organization"},"keywords":["elecciones del Colegio de Profesores de Chile","lista D","Rosa Mar\u00eda Montecinos","Violencia escolar"],"articleSection":["Contenido Original","Educaci\u00f3n","Entrevistas","G\u00e9nero y Feminismos","Noviolencia","Sudam\u00e9rica"],"inLanguage":"es"},{"@type":"WebPage","@id":"https:\/\/www.pressenza.com\/es\/2023\/11\/rosa-maria-montecinos-47-de-los-profesores-chilenos-declara-haber-sido-insultados\/","url":"https:\/\/www.pressenza.com\/es\/2023\/11\/rosa-maria-montecinos-47-de-los-profesores-chilenos-declara-haber-sido-insultados\/","name":"Rosa Mar\u00eda Montecinos: \"47% de los profesores chilenos declara haber sido insultados\"","isPartOf":{"@id":"https:\/\/www.pressenza.com\/es\/#website"},"datePublished":"2023-11-08T22:09:44+00:00","dateModified":"2023-11-08T22:14:00+00:00","description":"Rosa Mar\u00eda Montecinos,\u00a0 coordinadora de la Red de Educaci\u00f3n No Sexista y candidata por la Lista D a las pr\u00f3ximas elecciones del Colegio de Profesores de","breadcrumb":{"@id":"https:\/\/www.pressenza.com\/es\/2023\/11\/rosa-maria-montecinos-47-de-los-profesores-chilenos-declara-haber-sido-insultados\/#breadcrumb"},"inLanguage":"es","potentialAction":[{"@type":"ReadAction","target":["https:\/\/www.pressenza.com\/es\/2023\/11\/rosa-maria-montecinos-47-de-los-profesores-chilenos-declara-haber-sido-insultados\/"]}]},{"@type":"BreadcrumbList","@id":"https:\/\/www.pressenza.com\/es\/2023\/11\/rosa-maria-montecinos-47-de-los-profesores-chilenos-declara-haber-sido-insultados\/#breadcrumb","itemListElement":[{"@type":"ListItem","position":1,"name":"Accueil","item":"https:\/\/www.pressenza.com\/es\/"},{"@type":"ListItem","position":2,"name":"Rosa Mar\u00eda Montecinos: \u00ab47% de los profesores chilenos declara haber sido insultados\u00bb"}]},{"@type":"WebSite","@id":"https:\/\/www.pressenza.com\/es\/#website","url":"https:\/\/www.pressenza.com\/es\/","name":"Pressenza","description":"International Press Agency","publisher":{"@id":"https:\/\/www.pressenza.com\/es\/#organization"},"potentialAction":[{"@type":"SearchAction","target":{"@type":"EntryPoint","urlTemplate":"https:\/\/www.pressenza.com\/es\/?s={search_term_string}"},"query-input":{"@type":"PropertyValueSpecification","valueRequired":true,"valueName":"search_term_string"}}],"inLanguage":"es"},{"@type":"Organization","@id":"https:\/\/www.pressenza.com\/es\/#organization","name":"Pressenza","url":"https:\/\/www.pressenza.com\/es\/","logo":{"@type":"ImageObject","inLanguage":"es","@id":"https:\/\/www.pressenza.com\/es\/#\/schema\/logo\/image\/","url":"https:\/\/www.pressenza.com\/wp-content\/uploads\/2022\/10\/pressenza_logo_200x200.jpg","contentUrl":"https:\/\/www.pressenza.com\/wp-content\/uploads\/2022\/10\/pressenza_logo_200x200.jpg","width":200,"height":200,"caption":"Pressenza"},"image":{"@id":"https:\/\/www.pressenza.com\/es\/#\/schema\/logo\/image\/"},"sameAs":["https:\/\/www.facebook.com\/PressenzaItalia","https:\/\/x.com\/PressenzaIPA"]},{"@type":"Person","@id":"https:\/\/www.pressenza.com\/es\/#\/schema\/person\/d7db40df35d6698ba69ba9ee260944ed","name":"Redacci\u00f3n Chile","description":"News from the Pressenza Bureau in Chile","sameAs":["https:\/\/www.facebook.com\/pressenza","https:\/\/x.com\/pressenza"],"url":"https:\/\/www.pressenza.com\/es\/author\/redaccion-chile\/"}]}},"place":"Chile","original_article_url":"","_links":{"self":[{"href":"https:\/\/www.pressenza.com\/es\/wp-json\/wp\/v2\/posts\/1780263","targetHints":{"allow":["GET"]}}],"collection":[{"href":"https:\/\/www.pressenza.com\/es\/wp-json\/wp\/v2\/posts"}],"about":[{"href":"https:\/\/www.pressenza.com\/es\/wp-json\/wp\/v2\/types\/post"}],"author":[{"embeddable":true,"href":"https:\/\/www.pressenza.com\/es\/wp-json\/wp\/v2\/users\/43"}],"replies":[{"embeddable":true,"href":"https:\/\/www.pressenza.com\/es\/wp-json\/wp\/v2\/comments?post=1780263"}],"version-history":[{"count":0,"href":"https:\/\/www.pressenza.com\/es\/wp-json\/wp\/v2\/posts\/1780263\/revisions"}],"wp:attachment":[{"href":"https:\/\/www.pressenza.com\/es\/wp-json\/wp\/v2\/media?parent=1780263"}],"wp:term":[{"taxonomy":"category","embeddable":true,"href":"https:\/\/www.pressenza.com\/es\/wp-json\/wp\/v2\/categories?post=1780263"},{"taxonomy":"post_tag","embeddable":true,"href":"https:\/\/www.pressenza.com\/es\/wp-json\/wp\/v2\/tags?post=1780263"}],"curies":[{"name":"wp","href":"https:\/\/api.w.org\/{rel}","templated":true}]}}