{"id":1780157,"date":"2023-11-10T03:09:31","date_gmt":"2023-11-10T03:09:31","guid":{"rendered":"https:\/\/www.pressenza.com\/?p=1780157"},"modified":"2023-11-08T13:56:04","modified_gmt":"2023-11-08T13:56:04","slug":"en-clave-de-gratitud","status":"publish","type":"post","link":"https:\/\/www.pressenza.com\/es\/2023\/11\/en-clave-de-gratitud\/","title":{"rendered":"En clave de gratitud"},"content":{"rendered":"<p>7 de noviembre 2023, El Espectador<\/p>\n<p>El s\u00e1bado 11 de noviembre el Teatro Mayor Julio Mario Santo Domingo y la Orquesta Filarm\u00f3nica de Bogot\u00e1, ofrecen un concierto en clave de gratitud. El b\u00falgaro Emil Tabakov \u2014uno de los tres mejores directores de Europa\u2014 estrena en Am\u00e9rica su 8\u00aa sinfon\u00eda y dirigir\u00e1 a la Filarm\u00f3nica en la interpretaci\u00f3n de <em>Linz<\/em>, de Mozart.<\/p>\n<p>Hoy \u2014cuando otra vez y como casi siempre nos debatimos entre la esperanza y el abismo\u2014 hago \u201cun alto en el camino\u201d para agradecerles a Ramiro Osorio, director del Teatro Mayor, y a David Garc\u00eda, director de la Filarm\u00f3nica de Bogot\u00e1, su profunda generosidad al ofrecer este concierto por el centenario de un hombre que hizo de la democratizaci\u00f3n de la cultura y de la construcci\u00f3n de dignidad y equidad, su consigna de vida.<\/p>\n<p>El concierto del s\u00e1bado ser\u00e1 el homenaje que Ramiro y David \u2014dos esp\u00edritus llenos de luz, de arte y de obras hechas y pensadas para que seamos mejores personas\u2014 le rinden a Roberto Arias P\u00e9rez, en los 100 a\u00f1os de su nacimiento. Los une a los tres el hilo conductor del trabajo por la cultura y la solidaridad. Su comprensi\u00f3n an\u00edmica del mundo y su respeto por el lenguaje de las cosas bellas. Los tres \u2014cada uno en su estilo, en su momento y con sus herramientas\u2014 nos han ense\u00f1ado que el arte libera y nos ayuda a comprender que habitamos un escenario que puede ser tan fuerte o tan d\u00e9bil, tan miserable o tan asombroso, como nuestra convicci\u00f3n y nuestras acciones lo permitan. Roberto Arias fue el creador en nuestro pa\u00eds de un modelo de seguridad social que hace 66 a\u00f1os represent\u00f3 una revoluci\u00f3n pac\u00edfica, por el bienestar de las y los ciudadanos. \u00c9l no proclam\u00f3 un mundo igualitario, pero s\u00ed una sociedad equitativa. Un pa\u00eds en el que todos y todas tuvi\u00e9ramos acceso a educaci\u00f3n y salud de \u00f3ptima calidad, cultura y vivienda digna. Crey\u00f3 en el trabajo, y en el bienestar de la gente como objetivo y motor del desarrollo; prioriz\u00f3 los derechos de la infancia, y la igualdad de oportunidades acad\u00e9micas y laborales para las mujeres. Defendi\u00f3 como pilares de su vida la rectitud, la independencia y la persistencia.<\/p>\n<p>Roberto Arias hizo de la declaraci\u00f3n de los Derechos Humanos su carta de navegaci\u00f3n. Nos la inculc\u00f3 a quienes estuvimos cerca, y la trabaj\u00f3 cuanto pudo para hacerla realidad. Quiso romper \u2014creando opciones reales de equidad\u2014 los c\u00edrculos viciosos que se forman entre la injusticia social y la violencia, entre la marginaci\u00f3n y el miedo, entre la ignorancia y la pobreza. Nos ense\u00f1\u00f3 a no dejarnos derrotar por el escepticismo, a vencer esquemas in\u00fatiles y a ejercer la honestidad como principio no negociable; y, cuando fuera necesario para salvar una vida o un prop\u00f3sito, hacerlo sin caer en trampas insensibles, y pedir perd\u00f3n en vez de pedir permiso.<\/p>\n<p>Nunca olvidar\u00e9 su primera lecci\u00f3n de valor y democracia: llegamos a Colombia en plena dictadura. Yo ten\u00eda 3 a\u00f1os y en el edificio donde viv\u00edamos sacaron banderas negras, en se\u00f1al de duelo por la violencia cometida contra unos estudiantes. Pasaron varios camiones llenos de soldados dando \u00f3rdenes: quitar las banderas de inmediato, so pena de prisi\u00f3n. \u00c9l se neg\u00f3 a hacerlo, se lo llevaron detenido y, por alguna raz\u00f3n, no sent\u00ed miedo sino orgullo. Creo que esa noche comenc\u00e9 a entender lo que significa una convicci\u00f3n.<\/p>\n<p>Por m\u00e1s de 60 a\u00f1os lo vi trabajar 25 horas diarias. No lo frenaron amenazas ni burocracias. Todo en \u00e9l parec\u00eda inagotable\u2026 la capacidad de trabajo, el amor por los suyos, la solidaridad con quien fuera, y esa extra\u00f1a mezcla de rebeld\u00eda y se\u00f1or\u00edo.<\/p>\n<p>Infinitas gracias, Ramiro Osorio y David Garc\u00eda por este reconocimiento a Roberto Arias P\u00e9rez, mi pap\u00e1.<\/p>\n","protected":false},"excerpt":{"rendered":"<p>7 de noviembre 2023, El Espectador El s\u00e1bado 11 de noviembre el Teatro Mayor Julio Mario Santo Domingo y la Orquesta Filarm\u00f3nica de Bogot\u00e1, ofrecen un concierto en clave de gratitud. El b\u00falgaro Emil Tabakov \u2014uno de los tres mejores&hellip;<\/p>\n","protected":false},"author":1897,"featured_media":1780166,"comment_status":"closed","ping_status":"closed","sticky":false,"template":"","format":"standard","meta":{"footnotes":""},"categories":[75,79,161,67],"tags":[78568,30949,30,336,696,419],"class_list":["post-1780157","post","type-post","status-publish","format-standard","has-post-thumbnail","hentry","category-cultura-es","category-derechos-humanos","category-opiniones","category-sudamerica","tag-lahuelladeloslideres","tag-acuerdos-de-paz","tag-colombia","tag-cultura-2","tag-democracia","tag-paz"],"yoast_head":"<!-- This site is optimized with the Yoast SEO plugin v27.1.1 - https:\/\/yoast.com\/product\/yoast-seo-wordpress\/ -->\n<title>En clave de gratitud<\/title>\n<meta name=\"description\" content=\"7 de noviembre 2023, El Espectador El s\u00e1bado 11 de noviembre el Teatro Mayor Julio Mario Santo Domingo y la Orquesta Filarm\u00f3nica de Bogot\u00e1, ofrecen un\" \/>\n<meta name=\"robots\" content=\"index, follow, max-snippet:-1, max-image-preview:large, max-video-preview:-1\" \/>\n<link rel=\"canonical\" href=\"https:\/\/www.pressenza.com\/es\/2023\/11\/en-clave-de-gratitud\/\" \/>\n<meta property=\"og:locale\" content=\"es_ES\" \/>\n<meta property=\"og:type\" content=\"article\" \/>\n<meta property=\"og:title\" content=\"En clave de gratitud\" \/>\n<meta property=\"og:description\" content=\"7 de noviembre 2023, El Espectador El s\u00e1bado 11 de noviembre el Teatro Mayor Julio Mario Santo Domingo y la Orquesta Filarm\u00f3nica de Bogot\u00e1, ofrecen un\" \/>\n<meta property=\"og:url\" content=\"https:\/\/www.pressenza.com\/es\/2023\/11\/en-clave-de-gratitud\/\" \/>\n<meta property=\"og:site_name\" content=\"Pressenza\" \/>\n<meta property=\"article:publisher\" content=\"https:\/\/www.facebook.com\/PressenzaItalia\" \/>\n<meta property=\"article:published_time\" content=\"2023-11-10T03:09:31+00:00\" \/>\n<meta property=\"og:image\" content=\"https:\/\/www.pressenza.com\/wp-content\/uploads\/2023\/11\/homenaje-arias-perez.jpg\" \/>\n\t<meta property=\"og:image:width\" content=\"820\" \/>\n\t<meta property=\"og:image:height\" content=\"724\" \/>\n\t<meta property=\"og:image:type\" content=\"image\/jpeg\" \/>\n<meta name=\"author\" content=\"Gloria Arias Nieto\" \/>\n<meta name=\"twitter:card\" content=\"summary_large_image\" \/>\n<meta name=\"twitter:creator\" content=\"@gloriariasnieto\" \/>\n<meta name=\"twitter:site\" content=\"@PressenzaIPA\" \/>\n<meta name=\"twitter:label1\" content=\"Escrito por\" \/>\n\t<meta name=\"twitter:data1\" content=\"Gloria Arias Nieto\" \/>\n\t<meta name=\"twitter:label2\" content=\"Tiempo de lectura\" \/>\n\t<meta name=\"twitter:data2\" content=\"3 minutos\" \/>\n<script type=\"application\/ld+json\" class=\"yoast-schema-graph\">{\"@context\":\"https:\/\/schema.org\",\"@graph\":[{\"@type\":\"Article\",\"@id\":\"https:\/\/www.pressenza.com\/es\/2023\/11\/en-clave-de-gratitud\/#article\",\"isPartOf\":{\"@id\":\"https:\/\/www.pressenza.com\/es\/2023\/11\/en-clave-de-gratitud\/\"},\"author\":{\"name\":\"Gloria Arias Nieto\",\"@id\":\"https:\/\/www.pressenza.com\/es\/#\/schema\/person\/476779c5c0c262f919761226ef961a29\"},\"headline\":\"En clave de gratitud\",\"datePublished\":\"2023-11-10T03:09:31+00:00\",\"mainEntityOfPage\":{\"@id\":\"https:\/\/www.pressenza.com\/es\/2023\/11\/en-clave-de-gratitud\/\"},\"wordCount\":669,\"publisher\":{\"@id\":\"https:\/\/www.pressenza.com\/es\/#organization\"},\"image\":{\"@id\":\"https:\/\/www.pressenza.com\/es\/2023\/11\/en-clave-de-gratitud\/#primaryimage\"},\"thumbnailUrl\":\"https:\/\/www.pressenza.com\/wp-content\/uploads\/2023\/11\/homenaje-arias-perez.jpg\",\"keywords\":[\"#LaHuellaDeLosLideres\",\"Acuerdos de Paz\",\"Colombia\",\"cultura\",\"Democracia\",\"Paz\"],\"articleSection\":[\"Cultura y Medios\",\"Derechos Humanos\",\"Opiniones\",\"Sudam\u00e9rica\"],\"inLanguage\":\"es\"},{\"@type\":\"WebPage\",\"@id\":\"https:\/\/www.pressenza.com\/es\/2023\/11\/en-clave-de-gratitud\/\",\"url\":\"https:\/\/www.pressenza.com\/es\/2023\/11\/en-clave-de-gratitud\/\",\"name\":\"En clave de gratitud\",\"isPartOf\":{\"@id\":\"https:\/\/www.pressenza.com\/es\/#website\"},\"primaryImageOfPage\":{\"@id\":\"https:\/\/www.pressenza.com\/es\/2023\/11\/en-clave-de-gratitud\/#primaryimage\"},\"image\":{\"@id\":\"https:\/\/www.pressenza.com\/es\/2023\/11\/en-clave-de-gratitud\/#primaryimage\"},\"thumbnailUrl\":\"https:\/\/www.pressenza.com\/wp-content\/uploads\/2023\/11\/homenaje-arias-perez.jpg\",\"datePublished\":\"2023-11-10T03:09:31+00:00\",\"description\":\"7 de noviembre 2023, El Espectador El s\u00e1bado 11 de noviembre el Teatro Mayor Julio Mario Santo Domingo y la Orquesta Filarm\u00f3nica de Bogot\u00e1, ofrecen un\",\"breadcrumb\":{\"@id\":\"https:\/\/www.pressenza.com\/es\/2023\/11\/en-clave-de-gratitud\/#breadcrumb\"},\"inLanguage\":\"es\",\"potentialAction\":[{\"@type\":\"ReadAction\",\"target\":[\"https:\/\/www.pressenza.com\/es\/2023\/11\/en-clave-de-gratitud\/\"]}]},{\"@type\":\"ImageObject\",\"inLanguage\":\"es\",\"@id\":\"https:\/\/www.pressenza.com\/es\/2023\/11\/en-clave-de-gratitud\/#primaryimage\",\"url\":\"https:\/\/www.pressenza.com\/wp-content\/uploads\/2023\/11\/homenaje-arias-perez.jpg\",\"contentUrl\":\"https:\/\/www.pressenza.com\/wp-content\/uploads\/2023\/11\/homenaje-arias-perez.jpg\",\"width\":820,\"height\":724},{\"@type\":\"BreadcrumbList\",\"@id\":\"https:\/\/www.pressenza.com\/es\/2023\/11\/en-clave-de-gratitud\/#breadcrumb\",\"itemListElement\":[{\"@type\":\"ListItem\",\"position\":1,\"name\":\"Accueil\",\"item\":\"https:\/\/www.pressenza.com\/es\/\"},{\"@type\":\"ListItem\",\"position\":2,\"name\":\"En clave de gratitud\"}]},{\"@type\":\"WebSite\",\"@id\":\"https:\/\/www.pressenza.com\/es\/#website\",\"url\":\"https:\/\/www.pressenza.com\/es\/\",\"name\":\"Pressenza\",\"description\":\"International Press Agency\",\"publisher\":{\"@id\":\"https:\/\/www.pressenza.com\/es\/#organization\"},\"potentialAction\":[{\"@type\":\"SearchAction\",\"target\":{\"@type\":\"EntryPoint\",\"urlTemplate\":\"https:\/\/www.pressenza.com\/es\/?s={search_term_string}\"},\"query-input\":{\"@type\":\"PropertyValueSpecification\",\"valueRequired\":true,\"valueName\":\"search_term_string\"}}],\"inLanguage\":\"es\"},{\"@type\":\"Organization\",\"@id\":\"https:\/\/www.pressenza.com\/es\/#organization\",\"name\":\"Pressenza\",\"url\":\"https:\/\/www.pressenza.com\/es\/\",\"logo\":{\"@type\":\"ImageObject\",\"inLanguage\":\"es\",\"@id\":\"https:\/\/www.pressenza.com\/es\/#\/schema\/logo\/image\/\",\"url\":\"https:\/\/www.pressenza.com\/wp-content\/uploads\/2022\/10\/pressenza_logo_200x200.jpg\",\"contentUrl\":\"https:\/\/www.pressenza.com\/wp-content\/uploads\/2022\/10\/pressenza_logo_200x200.jpg\",\"width\":200,\"height\":200,\"caption\":\"Pressenza\"},\"image\":{\"@id\":\"https:\/\/www.pressenza.com\/es\/#\/schema\/logo\/image\/\"},\"sameAs\":[\"https:\/\/www.facebook.com\/PressenzaItalia\",\"https:\/\/x.com\/PressenzaIPA\"]},{\"@type\":\"Person\",\"@id\":\"https:\/\/www.pressenza.com\/es\/#\/schema\/person\/476779c5c0c262f919761226ef961a29\",\"name\":\"Gloria Arias Nieto\",\"description\":\"M\u00e9dica y periodista, columnista de El Espectador. Promotora de procesos de paz y reconciliaci\u00f3n. Miembro del movimiento Defendamos la Paz (DLP) @gloriariasnieto\",\"sameAs\":[\"https:\/\/x.com\/gloriariasnieto\"],\"url\":\"https:\/\/www.pressenza.com\/es\/author\/gloria-arias-nieto\/\"}]}<\/script>\n<!-- \/ Yoast SEO plugin. -->","yoast_head_json":{"title":"En clave de gratitud","description":"7 de noviembre 2023, El Espectador El s\u00e1bado 11 de noviembre el Teatro Mayor Julio Mario Santo Domingo y la Orquesta Filarm\u00f3nica de Bogot\u00e1, ofrecen un","robots":{"index":"index","follow":"follow","max-snippet":"max-snippet:-1","max-image-preview":"max-image-preview:large","max-video-preview":"max-video-preview:-1"},"canonical":"https:\/\/www.pressenza.com\/es\/2023\/11\/en-clave-de-gratitud\/","og_locale":"es_ES","og_type":"article","og_title":"En clave de gratitud","og_description":"7 de noviembre 2023, El Espectador El s\u00e1bado 11 de noviembre el Teatro Mayor Julio Mario Santo Domingo y la Orquesta Filarm\u00f3nica de Bogot\u00e1, ofrecen un","og_url":"https:\/\/www.pressenza.com\/es\/2023\/11\/en-clave-de-gratitud\/","og_site_name":"Pressenza","article_publisher":"https:\/\/www.facebook.com\/PressenzaItalia","article_published_time":"2023-11-10T03:09:31+00:00","og_image":[{"width":820,"height":724,"url":"https:\/\/www.pressenza.com\/wp-content\/uploads\/2023\/11\/homenaje-arias-perez.jpg","type":"image\/jpeg"}],"author":"Gloria Arias Nieto","twitter_card":"summary_large_image","twitter_creator":"@gloriariasnieto","twitter_site":"@PressenzaIPA","twitter_misc":{"Escrito por":"Gloria Arias Nieto","Tiempo de lectura":"3 minutos"},"schema":{"@context":"https:\/\/schema.org","@graph":[{"@type":"Article","@id":"https:\/\/www.pressenza.com\/es\/2023\/11\/en-clave-de-gratitud\/#article","isPartOf":{"@id":"https:\/\/www.pressenza.com\/es\/2023\/11\/en-clave-de-gratitud\/"},"author":{"name":"Gloria Arias Nieto","@id":"https:\/\/www.pressenza.com\/es\/#\/schema\/person\/476779c5c0c262f919761226ef961a29"},"headline":"En clave de gratitud","datePublished":"2023-11-10T03:09:31+00:00","mainEntityOfPage":{"@id":"https:\/\/www.pressenza.com\/es\/2023\/11\/en-clave-de-gratitud\/"},"wordCount":669,"publisher":{"@id":"https:\/\/www.pressenza.com\/es\/#organization"},"image":{"@id":"https:\/\/www.pressenza.com\/es\/2023\/11\/en-clave-de-gratitud\/#primaryimage"},"thumbnailUrl":"https:\/\/www.pressenza.com\/wp-content\/uploads\/2023\/11\/homenaje-arias-perez.jpg","keywords":["#LaHuellaDeLosLideres","Acuerdos de Paz","Colombia","cultura","Democracia","Paz"],"articleSection":["Cultura y Medios","Derechos Humanos","Opiniones","Sudam\u00e9rica"],"inLanguage":"es"},{"@type":"WebPage","@id":"https:\/\/www.pressenza.com\/es\/2023\/11\/en-clave-de-gratitud\/","url":"https:\/\/www.pressenza.com\/es\/2023\/11\/en-clave-de-gratitud\/","name":"En clave de gratitud","isPartOf":{"@id":"https:\/\/www.pressenza.com\/es\/#website"},"primaryImageOfPage":{"@id":"https:\/\/www.pressenza.com\/es\/2023\/11\/en-clave-de-gratitud\/#primaryimage"},"image":{"@id":"https:\/\/www.pressenza.com\/es\/2023\/11\/en-clave-de-gratitud\/#primaryimage"},"thumbnailUrl":"https:\/\/www.pressenza.com\/wp-content\/uploads\/2023\/11\/homenaje-arias-perez.jpg","datePublished":"2023-11-10T03:09:31+00:00","description":"7 de noviembre 2023, El Espectador El s\u00e1bado 11 de noviembre el Teatro Mayor Julio Mario Santo Domingo y la Orquesta Filarm\u00f3nica de Bogot\u00e1, ofrecen un","breadcrumb":{"@id":"https:\/\/www.pressenza.com\/es\/2023\/11\/en-clave-de-gratitud\/#breadcrumb"},"inLanguage":"es","potentialAction":[{"@type":"ReadAction","target":["https:\/\/www.pressenza.com\/es\/2023\/11\/en-clave-de-gratitud\/"]}]},{"@type":"ImageObject","inLanguage":"es","@id":"https:\/\/www.pressenza.com\/es\/2023\/11\/en-clave-de-gratitud\/#primaryimage","url":"https:\/\/www.pressenza.com\/wp-content\/uploads\/2023\/11\/homenaje-arias-perez.jpg","contentUrl":"https:\/\/www.pressenza.com\/wp-content\/uploads\/2023\/11\/homenaje-arias-perez.jpg","width":820,"height":724},{"@type":"BreadcrumbList","@id":"https:\/\/www.pressenza.com\/es\/2023\/11\/en-clave-de-gratitud\/#breadcrumb","itemListElement":[{"@type":"ListItem","position":1,"name":"Accueil","item":"https:\/\/www.pressenza.com\/es\/"},{"@type":"ListItem","position":2,"name":"En clave de gratitud"}]},{"@type":"WebSite","@id":"https:\/\/www.pressenza.com\/es\/#website","url":"https:\/\/www.pressenza.com\/es\/","name":"Pressenza","description":"International Press Agency","publisher":{"@id":"https:\/\/www.pressenza.com\/es\/#organization"},"potentialAction":[{"@type":"SearchAction","target":{"@type":"EntryPoint","urlTemplate":"https:\/\/www.pressenza.com\/es\/?s={search_term_string}"},"query-input":{"@type":"PropertyValueSpecification","valueRequired":true,"valueName":"search_term_string"}}],"inLanguage":"es"},{"@type":"Organization","@id":"https:\/\/www.pressenza.com\/es\/#organization","name":"Pressenza","url":"https:\/\/www.pressenza.com\/es\/","logo":{"@type":"ImageObject","inLanguage":"es","@id":"https:\/\/www.pressenza.com\/es\/#\/schema\/logo\/image\/","url":"https:\/\/www.pressenza.com\/wp-content\/uploads\/2022\/10\/pressenza_logo_200x200.jpg","contentUrl":"https:\/\/www.pressenza.com\/wp-content\/uploads\/2022\/10\/pressenza_logo_200x200.jpg","width":200,"height":200,"caption":"Pressenza"},"image":{"@id":"https:\/\/www.pressenza.com\/es\/#\/schema\/logo\/image\/"},"sameAs":["https:\/\/www.facebook.com\/PressenzaItalia","https:\/\/x.com\/PressenzaIPA"]},{"@type":"Person","@id":"https:\/\/www.pressenza.com\/es\/#\/schema\/person\/476779c5c0c262f919761226ef961a29","name":"Gloria Arias Nieto","description":"M\u00e9dica y periodista, columnista de El Espectador. Promotora de procesos de paz y reconciliaci\u00f3n. Miembro del movimiento Defendamos la Paz (DLP) @gloriariasnieto","sameAs":["https:\/\/x.com\/gloriariasnieto"],"url":"https:\/\/www.pressenza.com\/es\/author\/gloria-arias-nieto\/"}]}},"place":"Bogot\u00e1, Colombia","original_article_url":"https:\/\/www.elespectador.com\/opinion\/columnistas\/gloria-arias-nieto\/en-clave -de-gratitud\/","_links":{"self":[{"href":"https:\/\/www.pressenza.com\/es\/wp-json\/wp\/v2\/posts\/1780157","targetHints":{"allow":["GET"]}}],"collection":[{"href":"https:\/\/www.pressenza.com\/es\/wp-json\/wp\/v2\/posts"}],"about":[{"href":"https:\/\/www.pressenza.com\/es\/wp-json\/wp\/v2\/types\/post"}],"author":[{"embeddable":true,"href":"https:\/\/www.pressenza.com\/es\/wp-json\/wp\/v2\/users\/1897"}],"replies":[{"embeddable":true,"href":"https:\/\/www.pressenza.com\/es\/wp-json\/wp\/v2\/comments?post=1780157"}],"version-history":[{"count":0,"href":"https:\/\/www.pressenza.com\/es\/wp-json\/wp\/v2\/posts\/1780157\/revisions"}],"wp:featuredmedia":[{"embeddable":true,"href":"https:\/\/www.pressenza.com\/es\/wp-json\/wp\/v2\/media\/1780166"}],"wp:attachment":[{"href":"https:\/\/www.pressenza.com\/es\/wp-json\/wp\/v2\/media?parent=1780157"}],"wp:term":[{"taxonomy":"category","embeddable":true,"href":"https:\/\/www.pressenza.com\/es\/wp-json\/wp\/v2\/categories?post=1780157"},{"taxonomy":"post_tag","embeddable":true,"href":"https:\/\/www.pressenza.com\/es\/wp-json\/wp\/v2\/tags?post=1780157"}],"curies":[{"name":"wp","href":"https:\/\/api.w.org\/{rel}","templated":true}]}}