{"id":1779391,"date":"2023-11-05T16:23:39","date_gmt":"2023-11-05T16:23:39","guid":{"rendered":"https:\/\/www.pressenza.com\/?p=1779391"},"modified":"2023-11-05T16:23:39","modified_gmt":"2023-11-05T16:23:39","slug":"peru-los-freaks-tenemos-algo-que-decir","status":"publish","type":"post","link":"https:\/\/www.pressenza.com\/es\/2023\/11\/peru-los-freaks-tenemos-algo-que-decir\/","title":{"rendered":"Per\u00fa: \u00abLos freaks tenemos algo que decir\u00bb"},"content":{"rendered":"<p style=\"font-weight: 400;\"><em>Por Sol Pozzi-Escot <\/em><\/p>\n<p style=\"font-weight: 400;\"><em>Conversamos con Jos\u00e9 Carlos Yrigoyen y Carlos Torres Rotondo, autores de \u201cCrimen, sicodelia y minifaldas\u201d, que repasa los m\u00e1s inimaginables ejemplos de cine de serie B realizado en el Per\u00fa. El cine malo es m\u00e1s humano. Descubramos por qu\u00e9. <\/em><\/p>\n<p style=\"font-weight: 400;\"><strong>-\u00bfC\u00f3mo definir la serie B en el contexto nacional?<\/strong><\/p>\n<p style=\"font-weight: 400;\">-JCY: En nuestro contexto, la serie B no es algo que se pueda nombrar como tal, porque es un cine que nace en los m\u00e1rgenes, en la periferia de una industria, y nosotros nunca hemos tenido una industria. No es un t\u00e9rmino preciso. Por eso, nosotros hemos optado por el t\u00e9rmino psicotr\u00f3nico, que se refiere a la exageraci\u00f3n, lo extremo, el morbo, lo grotesco. Las pel\u00edculas que est\u00e1n en este libro calzan perfectamente con esta definici\u00f3n.<\/p>\n<p style=\"font-weight: 400;\"><strong>-\u00bfQu\u00e9 los motiv\u00f3 a publicar este libro? <\/strong><\/p>\n<p style=\"font-weight: 400;\">-CTR: Nos interes\u00f3 hacer un libro sobre la serie B en el Per\u00fa porque nos gusta el cine psicotr\u00f3nico y porque nadie imaginaba que iba a haber cine psicotr\u00f3nico en el Per\u00fa. Muchas personas, incluso las que estudian el cine peruano, desconocen la existencia de esta \u201ctradici\u00f3n\u201d.<\/p>\n<p style=\"font-weight: 400;\">-JCY: A\u00f1adir\u00eda que muchas de las pel\u00edculas que se trataron en el libro son de los 60 y 70 y mucha de la gente que trabaj\u00f3 en estas pel\u00edculas, que son nuestros testigos, han ido muriendo. La investigaci\u00f3n no termina nunca, tenemos que aprovechar todo antes de que se pierdan las pel\u00edculas y se vayan las personas.<\/p>\n<p style=\"font-weight: 400;\"><strong>-\u00bfCu\u00e1les fueron sus primeros acercamientos con el cine de serie B o psicotr\u00f3nico?<\/strong><\/p>\n<p style=\"font-weight: 400;\">-CTR: Mi aproximaci\u00f3n a la serie B se da por mi aproximaci\u00f3n a los g\u00e9neros, sobre todo al policial, horror y ciencia ficci\u00f3n. Uno de mis primeros recuerdos es ver las pel\u00edculas de Jacques Tourneur, en especial \u201cCat People\u201d y \u201cLeopard Man\u201d. Es como si este libro lo hubiese estado escribiendo desde ese entonces.<\/p>\n<p style=\"font-weight: 400;\">-JCY: Desde muy chico, he tenido fascinaci\u00f3n por lo extra\u00f1o y lo dif\u00edcil de hallar. Recuerdo que cuando era adolescente, ve\u00eda en el canal 13 un ciclo de pel\u00edculas de los 70 y 80, de baj\u00edsima calidad, cada una peor que la otra y ah\u00ed comenc\u00e9 a adquirir el gusto por la exageraci\u00f3n, por lo radical.<\/p>\n<p style=\"font-weight: 400;\"><strong>-\u00bfQu\u00e9 diferencias han encontrado entre la producci\u00f3n de cine psicotr\u00f3nico nacional en comparaci\u00f3n a otros pa\u00edses de la regi\u00f3n?<\/strong><\/p>\n<p style=\"font-weight: 400;\">-CTR: En Latinoam\u00e9rica hay solamente tres industrias: la mexicana, que tiene sus propios g\u00e9neros de cine psicotr\u00f3nico, como el cine de cachascanistas, la argentina y la brasile\u00f1a. En comparaci\u00f3n a esas industrias, lo que tenemos nosotros es una serie de interrupciones. La pel\u00edcula con la que comenzamos el libro es \u201cLa muerte llega al segundo show\u201d, una de las dos pel\u00edculas peruanas hechas en los a\u00f1os 50. La historia de nuestro cine es una historia de par\u00e9ntesis, de chispazos y dentro de eso, escondidas, est\u00e1n estas pel\u00edculas, que parad\u00f3jicamente son invisibles: muchas ya se han perdido o no se pueden ver, como \u201cBoda Diab\u00f3lica\u201d, que es la primera pel\u00edcula de terror peruana del a\u00f1o 1968.<\/p>\n<p style=\"font-weight: 400;\">-JCY: A diferencia del cine de las industrias de la regi\u00f3n, el cine psicotr\u00f3nico peruano es un cine ya no artesanal, sino primitivo. Es el caso, por ejemplo, de \u201cInterpol llamando a Lima\u201d, una pel\u00edcula hecha por una persona que ten\u00eda una camioneta Westfalia y una moviola de madera, cosas dignas de Bangladesh o de Camboya\u2026 Con la excepci\u00f3n de Robles Godoy, todo el cine de esta \u00e9poca podr\u00eda entrar en esta categor\u00eda de cine psicotr\u00f3nico.<\/p>\n<div class=\"post-gallery\">\n\t\t\t<figure class=\"post-gallery-item\">\n\t\t\t\t<img decoding=\"async\" src=\"https:\/\/www.pressenza.com\/wp-content\/uploads\/2023\/11\/YRIGOYEN-TORRES-5-683x1024.jpg\" loading=\"lazy\">\n\t\t\t\t<figcaption>\n\t\t\t\t\t\n\t\t\t\t<\/figcaption>\n\t\t\t<\/figure>\n\t\t\t<figure class=\"post-gallery-item\">\n\t\t\t\t<img decoding=\"async\" src=\"https:\/\/www.pressenza.com\/wp-content\/uploads\/2023\/11\/YRIGOYEN-TORRES-6-691x1024.jpg\" loading=\"lazy\">\n\t\t\t\t<figcaption>\n\t\t\t\t\t\n\t\t\t\t<\/figcaption>\n\t\t\t<\/figure>\n\t\t\t<figure class=\"post-gallery-item\">\n\t\t\t\t<img decoding=\"async\" src=\"https:\/\/www.pressenza.com\/wp-content\/uploads\/2023\/11\/YRIGOYEN-TORRES-731x1024.jpg\" loading=\"lazy\">\n\t\t\t\t<figcaption>\n\t\t\t\t\t\n\t\t\t\t<\/figcaption>\n\t\t\t<\/figure><\/div>\n<p style=\"font-weight: 400;\"><strong>-Sabemos que Leonidas Zegarra es tal vez el autor de cine psicotr\u00f3nico m\u00e1s conocido al d\u00eda de hoy. \u00bfC\u00f3mo fue la experiencia de conocerlo?<\/strong><\/p>\n<p style=\"font-weight: 400;\">-JCY: Me pareci\u00f3 una persona sumamente amable, que nunca tuvo problemas en responder a nuestras preguntas, aunque yo siento que muchas de las cosas que nos contaba estaban re\u00f1idas con la verdad.\u00a0 Por ejemplo, \u00e9l hablaba de su pel\u00edcula \u201cCantinflas no ha muerto\u201d, que claramente es un bulo, no existe. Sin embargo, Leonidas fue una persona con una vocaci\u00f3n indestructible, que viv\u00eda para el cine.<\/p>\n<p style=\"font-weight: 400;\">-CTR: La primera vez que lo vi fue en el contexto de un ciclo sobre su obra. A las funciones \u00edbamos 4 personas, todas las cuales nos conoc\u00edamos. Sin embargo, pude tratar m\u00e1s con \u00e9l en Arequipa y me pareci\u00f3 un hombre sumamente extra\u00f1o, herm\u00e9tico, que siempre te mandaba al desv\u00edo. Un detalle que dice mucho sobre \u00e9l es que cuando se proyectaban sus pel\u00edculas, \u00e9l se met\u00eda a la cabina y siempre estaba junto al DVD para que no le copiaran su pel\u00edcula.<\/p>\n<p style=\"font-weight: 400;\"><strong>-\u00bfEn qu\u00e9 radica el valor del cine psicotr\u00f3nico y de serie B?<\/strong><\/p>\n<p style=\"font-weight: 400;\">-CTR: En la originalidad de su mirada. El cine psicotr\u00f3nico es una apuesta en contra de lo pol\u00edticamente correcto, del gusto establecido. Desde ese mal gusto puedes esconder una cr\u00edtica a lo \u201cnormal\u201d. Los <em>freaks<\/em> tenemos algo que decir.<\/p>\n<p style=\"font-weight: 400;\">-JCY: Es un cine donde no hay ninguna coartada, que se ofrece tal como es. Es un cine liberador. Si bien ahora se han vuelto parte de un nicho, en su tiempo sirvi\u00f3 para saciar un morbo, que finalmente es inherente a la condici\u00f3n humana.<\/p>\n","protected":false},"excerpt":{"rendered":"<p>Por Sol Pozzi-Escot Conversamos con Jos\u00e9 Carlos Yrigoyen y Carlos Torres Rotondo, autores de \u201cCrimen, sicodelia y minifaldas\u201d, que repasa los m\u00e1s inimaginables ejemplos de cine de serie B realizado en el Per\u00fa. El cine malo es m\u00e1s humano. Descubramos&hellip;<\/p>\n","protected":false},"author":831,"featured_media":1779393,"comment_status":"closed","ping_status":"closed","sticky":false,"template":"","format":"standard","meta":{"footnotes":""},"categories":[11389,75,155,67],"tags":[117571,117573,117572,1042,18833],"class_list":["post-1779391","post","type-post","status-publish","format-standard","has-post-thumbnail","hentry","category-contenido-original","category-cultura-es","category-entrevistas","category-sudamerica","tag-carlos-torres","tag-freaks","tag-jose-carlos-yrigoyen","tag-libros","tag-literatura"],"yoast_head":"<!-- This site is optimized with the Yoast SEO plugin v27.1.1 - https:\/\/yoast.com\/product\/yoast-seo-wordpress\/ -->\n<title>Per\u00fa: &quot;Los freaks tenemos algo que decir&quot;<\/title>\n<meta name=\"description\" content=\"Por Sol Pozzi-Escot Conversamos con Jos\u00e9 Carlos Yrigoyen y Carlos Torres Rotondo, autores de \u201cCrimen, sicodelia y minifaldas\u201d, que repasa los m\u00e1s\" \/>\n<meta name=\"robots\" content=\"index, follow, max-snippet:-1, max-image-preview:large, max-video-preview:-1\" \/>\n<link rel=\"canonical\" href=\"https:\/\/www.pressenza.com\/es\/2023\/11\/peru-los-freaks-tenemos-algo-que-decir\/\" \/>\n<meta property=\"og:locale\" content=\"es_ES\" \/>\n<meta property=\"og:type\" content=\"article\" \/>\n<meta property=\"og:title\" content=\"Per\u00fa: &quot;Los freaks tenemos algo que decir&quot;\" \/>\n<meta property=\"og:description\" content=\"Por Sol Pozzi-Escot Conversamos con Jos\u00e9 Carlos Yrigoyen y Carlos Torres Rotondo, autores de \u201cCrimen, sicodelia y minifaldas\u201d, que repasa los m\u00e1s\" \/>\n<meta property=\"og:url\" content=\"https:\/\/www.pressenza.com\/es\/2023\/11\/peru-los-freaks-tenemos-algo-que-decir\/\" \/>\n<meta property=\"og:site_name\" content=\"Pressenza\" \/>\n<meta property=\"article:publisher\" content=\"https:\/\/www.facebook.com\/PressenzaItalia\" \/>\n<meta property=\"article:published_time\" content=\"2023-11-05T16:23:39+00:00\" \/>\n<meta property=\"og:image\" content=\"https:\/\/www.pressenza.com\/wp-content\/uploads\/2023\/11\/YRIGOYEN-TORRES-2.jpg\" \/>\n\t<meta property=\"og:image:width\" content=\"950\" \/>\n\t<meta property=\"og:image:height\" content=\"713\" \/>\n\t<meta property=\"og:image:type\" content=\"image\/jpeg\" \/>\n<meta name=\"author\" content=\"Redacci\u00f3n Per\u00fa\" \/>\n<meta name=\"twitter:card\" content=\"summary_large_image\" \/>\n<meta name=\"twitter:creator\" content=\"@PressenzaIPA\" \/>\n<meta name=\"twitter:site\" content=\"@PressenzaIPA\" \/>\n<meta name=\"twitter:label1\" content=\"Escrito por\" \/>\n\t<meta name=\"twitter:data1\" content=\"Redacci\u00f3n Per\u00fa\" \/>\n\t<meta name=\"twitter:label2\" content=\"Tiempo de lectura\" \/>\n\t<meta name=\"twitter:data2\" content=\"4 minutos\" \/>\n<script type=\"application\/ld+json\" class=\"yoast-schema-graph\">{\"@context\":\"https:\/\/schema.org\",\"@graph\":[{\"@type\":\"Article\",\"@id\":\"https:\/\/www.pressenza.com\/es\/2023\/11\/peru-los-freaks-tenemos-algo-que-decir\/#article\",\"isPartOf\":{\"@id\":\"https:\/\/www.pressenza.com\/es\/2023\/11\/peru-los-freaks-tenemos-algo-que-decir\/\"},\"author\":{\"name\":\"Redacci\u00f3n Per\u00fa\",\"@id\":\"https:\/\/www.pressenza.com\/es\/#\/schema\/person\/e86c29a41185b85084a478822f5de81b\"},\"headline\":\"Per\u00fa: \u00abLos freaks tenemos algo que decir\u00bb\",\"datePublished\":\"2023-11-05T16:23:39+00:00\",\"mainEntityOfPage\":{\"@id\":\"https:\/\/www.pressenza.com\/es\/2023\/11\/peru-los-freaks-tenemos-algo-que-decir\/\"},\"wordCount\":934,\"publisher\":{\"@id\":\"https:\/\/www.pressenza.com\/es\/#organization\"},\"image\":{\"@id\":\"https:\/\/www.pressenza.com\/es\/2023\/11\/peru-los-freaks-tenemos-algo-que-decir\/#primaryimage\"},\"thumbnailUrl\":\"https:\/\/www.pressenza.com\/wp-content\/uploads\/2023\/11\/YRIGOYEN-TORRES-2.jpg\",\"keywords\":[\"Carlos Torres\",\"freaks\",\"Jos\u00e9 Carlos Yrigoyen\",\"libros\",\"Literatura\"],\"articleSection\":[\"Contenido Original\",\"Cultura y Medios\",\"Entrevistas\",\"Sudam\u00e9rica\"],\"inLanguage\":\"es\"},{\"@type\":\"WebPage\",\"@id\":\"https:\/\/www.pressenza.com\/es\/2023\/11\/peru-los-freaks-tenemos-algo-que-decir\/\",\"url\":\"https:\/\/www.pressenza.com\/es\/2023\/11\/peru-los-freaks-tenemos-algo-que-decir\/\",\"name\":\"Per\u00fa: \\\"Los freaks tenemos algo que decir\\\"\",\"isPartOf\":{\"@id\":\"https:\/\/www.pressenza.com\/es\/#website\"},\"primaryImageOfPage\":{\"@id\":\"https:\/\/www.pressenza.com\/es\/2023\/11\/peru-los-freaks-tenemos-algo-que-decir\/#primaryimage\"},\"image\":{\"@id\":\"https:\/\/www.pressenza.com\/es\/2023\/11\/peru-los-freaks-tenemos-algo-que-decir\/#primaryimage\"},\"thumbnailUrl\":\"https:\/\/www.pressenza.com\/wp-content\/uploads\/2023\/11\/YRIGOYEN-TORRES-2.jpg\",\"datePublished\":\"2023-11-05T16:23:39+00:00\",\"description\":\"Por Sol Pozzi-Escot Conversamos con Jos\u00e9 Carlos Yrigoyen y Carlos Torres Rotondo, autores de \u201cCrimen, sicodelia y minifaldas\u201d, que repasa los m\u00e1s\",\"breadcrumb\":{\"@id\":\"https:\/\/www.pressenza.com\/es\/2023\/11\/peru-los-freaks-tenemos-algo-que-decir\/#breadcrumb\"},\"inLanguage\":\"es\",\"potentialAction\":[{\"@type\":\"ReadAction\",\"target\":[\"https:\/\/www.pressenza.com\/es\/2023\/11\/peru-los-freaks-tenemos-algo-que-decir\/\"]}]},{\"@type\":\"ImageObject\",\"inLanguage\":\"es\",\"@id\":\"https:\/\/www.pressenza.com\/es\/2023\/11\/peru-los-freaks-tenemos-algo-que-decir\/#primaryimage\",\"url\":\"https:\/\/www.pressenza.com\/wp-content\/uploads\/2023\/11\/YRIGOYEN-TORRES-2.jpg\",\"contentUrl\":\"https:\/\/www.pressenza.com\/wp-content\/uploads\/2023\/11\/YRIGOYEN-TORRES-2.jpg\",\"width\":950,\"height\":713},{\"@type\":\"BreadcrumbList\",\"@id\":\"https:\/\/www.pressenza.com\/es\/2023\/11\/peru-los-freaks-tenemos-algo-que-decir\/#breadcrumb\",\"itemListElement\":[{\"@type\":\"ListItem\",\"position\":1,\"name\":\"Accueil\",\"item\":\"https:\/\/www.pressenza.com\/es\/\"},{\"@type\":\"ListItem\",\"position\":2,\"name\":\"Per\u00fa: \u00abLos freaks tenemos algo que decir\u00bb\"}]},{\"@type\":\"WebSite\",\"@id\":\"https:\/\/www.pressenza.com\/es\/#website\",\"url\":\"https:\/\/www.pressenza.com\/es\/\",\"name\":\"Pressenza\",\"description\":\"International Press Agency\",\"publisher\":{\"@id\":\"https:\/\/www.pressenza.com\/es\/#organization\"},\"potentialAction\":[{\"@type\":\"SearchAction\",\"target\":{\"@type\":\"EntryPoint\",\"urlTemplate\":\"https:\/\/www.pressenza.com\/es\/?s={search_term_string}\"},\"query-input\":{\"@type\":\"PropertyValueSpecification\",\"valueRequired\":true,\"valueName\":\"search_term_string\"}}],\"inLanguage\":\"es\"},{\"@type\":\"Organization\",\"@id\":\"https:\/\/www.pressenza.com\/es\/#organization\",\"name\":\"Pressenza\",\"url\":\"https:\/\/www.pressenza.com\/es\/\",\"logo\":{\"@type\":\"ImageObject\",\"inLanguage\":\"es\",\"@id\":\"https:\/\/www.pressenza.com\/es\/#\/schema\/logo\/image\/\",\"url\":\"https:\/\/www.pressenza.com\/wp-content\/uploads\/2022\/10\/pressenza_logo_200x200.jpg\",\"contentUrl\":\"https:\/\/www.pressenza.com\/wp-content\/uploads\/2022\/10\/pressenza_logo_200x200.jpg\",\"width\":200,\"height\":200,\"caption\":\"Pressenza\"},\"image\":{\"@id\":\"https:\/\/www.pressenza.com\/es\/#\/schema\/logo\/image\/\"},\"sameAs\":[\"https:\/\/www.facebook.com\/PressenzaItalia\",\"https:\/\/x.com\/PressenzaIPA\"]},{\"@type\":\"Person\",\"@id\":\"https:\/\/www.pressenza.com\/es\/#\/schema\/person\/e86c29a41185b85084a478822f5de81b\",\"name\":\"Redacci\u00f3n Per\u00fa\",\"description\":\"News published by the Pressenza bureau in Peru\",\"url\":\"https:\/\/www.pressenza.com\/es\/author\/redaccion-peru\/\"}]}<\/script>\n<!-- \/ Yoast SEO plugin. -->","yoast_head_json":{"title":"Per\u00fa: \"Los freaks tenemos algo que decir\"","description":"Por Sol Pozzi-Escot Conversamos con Jos\u00e9 Carlos Yrigoyen y Carlos Torres Rotondo, autores de \u201cCrimen, sicodelia y minifaldas\u201d, que repasa los m\u00e1s","robots":{"index":"index","follow":"follow","max-snippet":"max-snippet:-1","max-image-preview":"max-image-preview:large","max-video-preview":"max-video-preview:-1"},"canonical":"https:\/\/www.pressenza.com\/es\/2023\/11\/peru-los-freaks-tenemos-algo-que-decir\/","og_locale":"es_ES","og_type":"article","og_title":"Per\u00fa: \"Los freaks tenemos algo que decir\"","og_description":"Por Sol Pozzi-Escot Conversamos con Jos\u00e9 Carlos Yrigoyen y Carlos Torres Rotondo, autores de \u201cCrimen, sicodelia y minifaldas\u201d, que repasa los m\u00e1s","og_url":"https:\/\/www.pressenza.com\/es\/2023\/11\/peru-los-freaks-tenemos-algo-que-decir\/","og_site_name":"Pressenza","article_publisher":"https:\/\/www.facebook.com\/PressenzaItalia","article_published_time":"2023-11-05T16:23:39+00:00","og_image":[{"width":950,"height":713,"url":"https:\/\/www.pressenza.com\/wp-content\/uploads\/2023\/11\/YRIGOYEN-TORRES-2.jpg","type":"image\/jpeg"}],"author":"Redacci\u00f3n Per\u00fa","twitter_card":"summary_large_image","twitter_creator":"@PressenzaIPA","twitter_site":"@PressenzaIPA","twitter_misc":{"Escrito por":"Redacci\u00f3n Per\u00fa","Tiempo de lectura":"4 minutos"},"schema":{"@context":"https:\/\/schema.org","@graph":[{"@type":"Article","@id":"https:\/\/www.pressenza.com\/es\/2023\/11\/peru-los-freaks-tenemos-algo-que-decir\/#article","isPartOf":{"@id":"https:\/\/www.pressenza.com\/es\/2023\/11\/peru-los-freaks-tenemos-algo-que-decir\/"},"author":{"name":"Redacci\u00f3n Per\u00fa","@id":"https:\/\/www.pressenza.com\/es\/#\/schema\/person\/e86c29a41185b85084a478822f5de81b"},"headline":"Per\u00fa: \u00abLos freaks tenemos algo que decir\u00bb","datePublished":"2023-11-05T16:23:39+00:00","mainEntityOfPage":{"@id":"https:\/\/www.pressenza.com\/es\/2023\/11\/peru-los-freaks-tenemos-algo-que-decir\/"},"wordCount":934,"publisher":{"@id":"https:\/\/www.pressenza.com\/es\/#organization"},"image":{"@id":"https:\/\/www.pressenza.com\/es\/2023\/11\/peru-los-freaks-tenemos-algo-que-decir\/#primaryimage"},"thumbnailUrl":"https:\/\/www.pressenza.com\/wp-content\/uploads\/2023\/11\/YRIGOYEN-TORRES-2.jpg","keywords":["Carlos Torres","freaks","Jos\u00e9 Carlos Yrigoyen","libros","Literatura"],"articleSection":["Contenido Original","Cultura y Medios","Entrevistas","Sudam\u00e9rica"],"inLanguage":"es"},{"@type":"WebPage","@id":"https:\/\/www.pressenza.com\/es\/2023\/11\/peru-los-freaks-tenemos-algo-que-decir\/","url":"https:\/\/www.pressenza.com\/es\/2023\/11\/peru-los-freaks-tenemos-algo-que-decir\/","name":"Per\u00fa: \"Los freaks tenemos algo que decir\"","isPartOf":{"@id":"https:\/\/www.pressenza.com\/es\/#website"},"primaryImageOfPage":{"@id":"https:\/\/www.pressenza.com\/es\/2023\/11\/peru-los-freaks-tenemos-algo-que-decir\/#primaryimage"},"image":{"@id":"https:\/\/www.pressenza.com\/es\/2023\/11\/peru-los-freaks-tenemos-algo-que-decir\/#primaryimage"},"thumbnailUrl":"https:\/\/www.pressenza.com\/wp-content\/uploads\/2023\/11\/YRIGOYEN-TORRES-2.jpg","datePublished":"2023-11-05T16:23:39+00:00","description":"Por Sol Pozzi-Escot Conversamos con Jos\u00e9 Carlos Yrigoyen y Carlos Torres Rotondo, autores de \u201cCrimen, sicodelia y minifaldas\u201d, que repasa los m\u00e1s","breadcrumb":{"@id":"https:\/\/www.pressenza.com\/es\/2023\/11\/peru-los-freaks-tenemos-algo-que-decir\/#breadcrumb"},"inLanguage":"es","potentialAction":[{"@type":"ReadAction","target":["https:\/\/www.pressenza.com\/es\/2023\/11\/peru-los-freaks-tenemos-algo-que-decir\/"]}]},{"@type":"ImageObject","inLanguage":"es","@id":"https:\/\/www.pressenza.com\/es\/2023\/11\/peru-los-freaks-tenemos-algo-que-decir\/#primaryimage","url":"https:\/\/www.pressenza.com\/wp-content\/uploads\/2023\/11\/YRIGOYEN-TORRES-2.jpg","contentUrl":"https:\/\/www.pressenza.com\/wp-content\/uploads\/2023\/11\/YRIGOYEN-TORRES-2.jpg","width":950,"height":713},{"@type":"BreadcrumbList","@id":"https:\/\/www.pressenza.com\/es\/2023\/11\/peru-los-freaks-tenemos-algo-que-decir\/#breadcrumb","itemListElement":[{"@type":"ListItem","position":1,"name":"Accueil","item":"https:\/\/www.pressenza.com\/es\/"},{"@type":"ListItem","position":2,"name":"Per\u00fa: \u00abLos freaks tenemos algo que decir\u00bb"}]},{"@type":"WebSite","@id":"https:\/\/www.pressenza.com\/es\/#website","url":"https:\/\/www.pressenza.com\/es\/","name":"Pressenza","description":"International Press Agency","publisher":{"@id":"https:\/\/www.pressenza.com\/es\/#organization"},"potentialAction":[{"@type":"SearchAction","target":{"@type":"EntryPoint","urlTemplate":"https:\/\/www.pressenza.com\/es\/?s={search_term_string}"},"query-input":{"@type":"PropertyValueSpecification","valueRequired":true,"valueName":"search_term_string"}}],"inLanguage":"es"},{"@type":"Organization","@id":"https:\/\/www.pressenza.com\/es\/#organization","name":"Pressenza","url":"https:\/\/www.pressenza.com\/es\/","logo":{"@type":"ImageObject","inLanguage":"es","@id":"https:\/\/www.pressenza.com\/es\/#\/schema\/logo\/image\/","url":"https:\/\/www.pressenza.com\/wp-content\/uploads\/2022\/10\/pressenza_logo_200x200.jpg","contentUrl":"https:\/\/www.pressenza.com\/wp-content\/uploads\/2022\/10\/pressenza_logo_200x200.jpg","width":200,"height":200,"caption":"Pressenza"},"image":{"@id":"https:\/\/www.pressenza.com\/es\/#\/schema\/logo\/image\/"},"sameAs":["https:\/\/www.facebook.com\/PressenzaItalia","https:\/\/x.com\/PressenzaIPA"]},{"@type":"Person","@id":"https:\/\/www.pressenza.com\/es\/#\/schema\/person\/e86c29a41185b85084a478822f5de81b","name":"Redacci\u00f3n Per\u00fa","description":"News published by the Pressenza bureau in Peru","url":"https:\/\/www.pressenza.com\/es\/author\/redaccion-peru\/"}]}},"place":"Lima, Per\u00fa","original_article_url":"","_links":{"self":[{"href":"https:\/\/www.pressenza.com\/es\/wp-json\/wp\/v2\/posts\/1779391","targetHints":{"allow":["GET"]}}],"collection":[{"href":"https:\/\/www.pressenza.com\/es\/wp-json\/wp\/v2\/posts"}],"about":[{"href":"https:\/\/www.pressenza.com\/es\/wp-json\/wp\/v2\/types\/post"}],"author":[{"embeddable":true,"href":"https:\/\/www.pressenza.com\/es\/wp-json\/wp\/v2\/users\/831"}],"replies":[{"embeddable":true,"href":"https:\/\/www.pressenza.com\/es\/wp-json\/wp\/v2\/comments?post=1779391"}],"version-history":[{"count":0,"href":"https:\/\/www.pressenza.com\/es\/wp-json\/wp\/v2\/posts\/1779391\/revisions"}],"wp:featuredmedia":[{"embeddable":true,"href":"https:\/\/www.pressenza.com\/es\/wp-json\/wp\/v2\/media\/1779393"}],"wp:attachment":[{"href":"https:\/\/www.pressenza.com\/es\/wp-json\/wp\/v2\/media?parent=1779391"}],"wp:term":[{"taxonomy":"category","embeddable":true,"href":"https:\/\/www.pressenza.com\/es\/wp-json\/wp\/v2\/categories?post=1779391"},{"taxonomy":"post_tag","embeddable":true,"href":"https:\/\/www.pressenza.com\/es\/wp-json\/wp\/v2\/tags?post=1779391"}],"curies":[{"name":"wp","href":"https:\/\/api.w.org\/{rel}","templated":true}]}}