{"id":1778826,"date":"2023-11-03T14:49:47","date_gmt":"2023-11-03T14:49:47","guid":{"rendered":"https:\/\/www.pressenza.com\/?p=1778826"},"modified":"2023-11-03T14:53:18","modified_gmt":"2023-11-03T14:53:18","slug":"chile-reflexiones-sobre-sondeo-de-violencia-escolar-realizado-por-el-magisterio","status":"publish","type":"post","link":"https:\/\/www.pressenza.com\/es\/2023\/11\/chile-reflexiones-sobre-sondeo-de-violencia-escolar-realizado-por-el-magisterio\/","title":{"rendered":"Chile: Reflexiones sobre sondeo de violencia escolar realizado por el magisterio"},"content":{"rendered":"<p><strong>Por Marcelo Castillo<\/strong><\/p>\n<p>El pasado 23 de octubre el Departamento de Educaci\u00f3n y Perfeccionamiento (DEP) del Colegio de Profesoras y Profesores de Chile, a cargo del Dirigente Nacional, Carlos Ojeda Murillo, entreg\u00f3 los resultados del Sondeo Nacional sobre Violencia Escolar realizado el \u00faltimo trimestre del a\u00f1o 2022, en el que participaron de manera voluntaria m\u00e1s de 4 mil docentes del pa\u00eds.<\/p>\n<p><a href=\"https:\/\/www.colegiodeprofesores.cl\/2023\/10\/23\/magisterio-entrega-resultados-de-sondeo-de-violencias-en-las-escuelas\/\">VER ADEM\u00c1S: [MAGISTERIO ENTREGA RESULTADOS DE SONDEOR DE VIOLENCIAS EN LAS ESCUELAS]<\/a><\/p>\n<p>Respecto a la Consulta, articulada con profesionales del Programa Transversal de Educaci\u00f3n (PET), de la Universidad de Chile, el profesor Marcelo Castillo Duvauchelle, Coordinador del DEP, realiza una serie de reflexiones contenidas en la siguiente columna de opini\u00f3n:<\/p>\n<p><a href=\"https:\/\/www.colegiodeprofesores.cl\/2023\/11\/02\/reflexiones-sobre-sondeo-de-violencia-escolar-realizado-por-el-magisterio\/\">REFLEXIONES SOBRE SONDEO DE VIOLENCIA ESCOLAR REALIZADO POR EL MAGISTERIO \u2013 Portal del Colegio de Profesoras y Profesores de Chile (colegiodeprofesores.cl)<\/a><\/p>\n","protected":false},"excerpt":{"rendered":"<p>Por Marcelo Castillo El pasado 23 de octubre el Departamento de Educaci\u00f3n y Perfeccionamiento (DEP) del Colegio de Profesoras y Profesores de Chile, a cargo del Dirigente Nacional, Carlos Ojeda Murillo, entreg\u00f3 los resultados del Sondeo Nacional sobre Violencia Escolar&hellip;<\/p>\n","protected":false},"author":43,"featured_media":1778832,"comment_status":"closed","ping_status":"closed","sticky":false,"template":"","format":"standard","meta":{"footnotes":""},"categories":[11389,1230,106739,67],"tags":[],"class_list":["post-1778826","post","type-post","status-publish","format-standard","has-post-thumbnail","hentry","category-contenido-original","category-educacion-tema","category-noticia","category-sudamerica"],"yoast_head":"<!-- This site is optimized with the Yoast SEO plugin v27.1.1 - https:\/\/yoast.com\/product\/yoast-seo-wordpress\/ -->\n<title>Chile: Reflexiones sobre sondeo de violencia escolar realizado por el magisterio<\/title>\n<meta name=\"description\" content=\"Por Marcelo Castillo El pasado 23 de octubre el Departamento de Educaci\u00f3n y Perfeccionamiento (DEP) del Colegio de Profesoras y Profesores de Chile, a\" \/>\n<meta name=\"robots\" content=\"index, follow, max-snippet:-1, max-image-preview:large, max-video-preview:-1\" \/>\n<link rel=\"canonical\" href=\"https:\/\/www.pressenza.com\/es\/2023\/11\/chile-reflexiones-sobre-sondeo-de-violencia-escolar-realizado-por-el-magisterio\/\" \/>\n<meta property=\"og:locale\" content=\"es_ES\" \/>\n<meta property=\"og:type\" content=\"article\" \/>\n<meta property=\"og:title\" content=\"Chile: Reflexiones sobre sondeo de violencia escolar realizado por el magisterio\" \/>\n<meta property=\"og:description\" content=\"Por Marcelo Castillo El pasado 23 de octubre el Departamento de Educaci\u00f3n y Perfeccionamiento (DEP) del Colegio de Profesoras y Profesores de Chile, a\" \/>\n<meta property=\"og:url\" content=\"https:\/\/www.pressenza.com\/es\/2023\/11\/chile-reflexiones-sobre-sondeo-de-violencia-escolar-realizado-por-el-magisterio\/\" \/>\n<meta property=\"og:site_name\" content=\"Pressenza\" \/>\n<meta property=\"article:publisher\" content=\"https:\/\/www.facebook.com\/PressenzaItalia\" \/>\n<meta property=\"article:author\" content=\"https:\/\/www.facebook.com\/pressenza\" \/>\n<meta property=\"article:published_time\" content=\"2023-11-03T14:49:47+00:00\" \/>\n<meta property=\"article:modified_time\" content=\"2023-11-03T14:53:18+00:00\" \/>\n<meta property=\"og:image\" content=\"https:\/\/www.pressenza.com\/wp-content\/uploads\/2023\/11\/OK-INFORME-VIOLENCIA-ESCOLAR_page-0001.jpg\" \/>\n\t<meta property=\"og:image:width\" content=\"1270\" \/>\n\t<meta property=\"og:image:height\" content=\"1619\" \/>\n\t<meta property=\"og:image:type\" content=\"image\/jpeg\" \/>\n<meta name=\"author\" content=\"Redacci\u00f3n Chile\" \/>\n<meta name=\"twitter:card\" content=\"summary_large_image\" \/>\n<meta name=\"twitter:creator\" content=\"@pressenza\" \/>\n<meta name=\"twitter:site\" content=\"@PressenzaIPA\" \/>\n<meta name=\"twitter:label1\" content=\"Escrito por\" \/>\n\t<meta name=\"twitter:data1\" content=\"Redacci\u00f3n Chile\" \/>\n\t<meta name=\"twitter:label2\" content=\"Tiempo de lectura\" \/>\n\t<meta name=\"twitter:data2\" content=\"1 minuto\" \/>\n<script type=\"application\/ld+json\" class=\"yoast-schema-graph\">{\"@context\":\"https:\/\/schema.org\",\"@graph\":[{\"@type\":\"Article\",\"@id\":\"https:\/\/www.pressenza.com\/es\/2023\/11\/chile-reflexiones-sobre-sondeo-de-violencia-escolar-realizado-por-el-magisterio\/#article\",\"isPartOf\":{\"@id\":\"https:\/\/www.pressenza.com\/es\/2023\/11\/chile-reflexiones-sobre-sondeo-de-violencia-escolar-realizado-por-el-magisterio\/\"},\"author\":{\"name\":\"Redacci\u00f3n Chile\",\"@id\":\"https:\/\/www.pressenza.com\/es\/#\/schema\/person\/d7db40df35d6698ba69ba9ee260944ed\"},\"headline\":\"Chile: Reflexiones sobre sondeo de violencia escolar realizado por el magisterio\",\"datePublished\":\"2023-11-03T14:49:47+00:00\",\"dateModified\":\"2023-11-03T14:53:18+00:00\",\"mainEntityOfPage\":{\"@id\":\"https:\/\/www.pressenza.com\/es\/2023\/11\/chile-reflexiones-sobre-sondeo-de-violencia-escolar-realizado-por-el-magisterio\/\"},\"wordCount\":147,\"publisher\":{\"@id\":\"https:\/\/www.pressenza.com\/es\/#organization\"},\"image\":{\"@id\":\"https:\/\/www.pressenza.com\/es\/2023\/11\/chile-reflexiones-sobre-sondeo-de-violencia-escolar-realizado-por-el-magisterio\/#primaryimage\"},\"thumbnailUrl\":\"https:\/\/www.pressenza.com\/wp-content\/uploads\/2023\/11\/OK-INFORME-VIOLENCIA-ESCOLAR_page-0001.jpg\",\"articleSection\":[\"Contenido Original\",\"Educaci\u00f3n\",\"Noticia\",\"Sudam\u00e9rica\"],\"inLanguage\":\"es\"},{\"@type\":\"WebPage\",\"@id\":\"https:\/\/www.pressenza.com\/es\/2023\/11\/chile-reflexiones-sobre-sondeo-de-violencia-escolar-realizado-por-el-magisterio\/\",\"url\":\"https:\/\/www.pressenza.com\/es\/2023\/11\/chile-reflexiones-sobre-sondeo-de-violencia-escolar-realizado-por-el-magisterio\/\",\"name\":\"Chile: Reflexiones sobre sondeo de violencia escolar realizado por el magisterio\",\"isPartOf\":{\"@id\":\"https:\/\/www.pressenza.com\/es\/#website\"},\"primaryImageOfPage\":{\"@id\":\"https:\/\/www.pressenza.com\/es\/2023\/11\/chile-reflexiones-sobre-sondeo-de-violencia-escolar-realizado-por-el-magisterio\/#primaryimage\"},\"image\":{\"@id\":\"https:\/\/www.pressenza.com\/es\/2023\/11\/chile-reflexiones-sobre-sondeo-de-violencia-escolar-realizado-por-el-magisterio\/#primaryimage\"},\"thumbnailUrl\":\"https:\/\/www.pressenza.com\/wp-content\/uploads\/2023\/11\/OK-INFORME-VIOLENCIA-ESCOLAR_page-0001.jpg\",\"datePublished\":\"2023-11-03T14:49:47+00:00\",\"dateModified\":\"2023-11-03T14:53:18+00:00\",\"description\":\"Por Marcelo Castillo El pasado 23 de octubre el Departamento de Educaci\u00f3n y Perfeccionamiento (DEP) del Colegio de Profesoras y Profesores de Chile, a\",\"breadcrumb\":{\"@id\":\"https:\/\/www.pressenza.com\/es\/2023\/11\/chile-reflexiones-sobre-sondeo-de-violencia-escolar-realizado-por-el-magisterio\/#breadcrumb\"},\"inLanguage\":\"es\",\"potentialAction\":[{\"@type\":\"ReadAction\",\"target\":[\"https:\/\/www.pressenza.com\/es\/2023\/11\/chile-reflexiones-sobre-sondeo-de-violencia-escolar-realizado-por-el-magisterio\/\"]}]},{\"@type\":\"ImageObject\",\"inLanguage\":\"es\",\"@id\":\"https:\/\/www.pressenza.com\/es\/2023\/11\/chile-reflexiones-sobre-sondeo-de-violencia-escolar-realizado-por-el-magisterio\/#primaryimage\",\"url\":\"https:\/\/www.pressenza.com\/wp-content\/uploads\/2023\/11\/OK-INFORME-VIOLENCIA-ESCOLAR_page-0001.jpg\",\"contentUrl\":\"https:\/\/www.pressenza.com\/wp-content\/uploads\/2023\/11\/OK-INFORME-VIOLENCIA-ESCOLAR_page-0001.jpg\",\"width\":1270,\"height\":1619},{\"@type\":\"BreadcrumbList\",\"@id\":\"https:\/\/www.pressenza.com\/es\/2023\/11\/chile-reflexiones-sobre-sondeo-de-violencia-escolar-realizado-por-el-magisterio\/#breadcrumb\",\"itemListElement\":[{\"@type\":\"ListItem\",\"position\":1,\"name\":\"Accueil\",\"item\":\"https:\/\/www.pressenza.com\/es\/\"},{\"@type\":\"ListItem\",\"position\":2,\"name\":\"Chile: Reflexiones sobre sondeo de violencia escolar realizado por el magisterio\"}]},{\"@type\":\"WebSite\",\"@id\":\"https:\/\/www.pressenza.com\/es\/#website\",\"url\":\"https:\/\/www.pressenza.com\/es\/\",\"name\":\"Pressenza\",\"description\":\"International Press Agency\",\"publisher\":{\"@id\":\"https:\/\/www.pressenza.com\/es\/#organization\"},\"potentialAction\":[{\"@type\":\"SearchAction\",\"target\":{\"@type\":\"EntryPoint\",\"urlTemplate\":\"https:\/\/www.pressenza.com\/es\/?s={search_term_string}\"},\"query-input\":{\"@type\":\"PropertyValueSpecification\",\"valueRequired\":true,\"valueName\":\"search_term_string\"}}],\"inLanguage\":\"es\"},{\"@type\":\"Organization\",\"@id\":\"https:\/\/www.pressenza.com\/es\/#organization\",\"name\":\"Pressenza\",\"url\":\"https:\/\/www.pressenza.com\/es\/\",\"logo\":{\"@type\":\"ImageObject\",\"inLanguage\":\"es\",\"@id\":\"https:\/\/www.pressenza.com\/es\/#\/schema\/logo\/image\/\",\"url\":\"https:\/\/www.pressenza.com\/wp-content\/uploads\/2022\/10\/pressenza_logo_200x200.jpg\",\"contentUrl\":\"https:\/\/www.pressenza.com\/wp-content\/uploads\/2022\/10\/pressenza_logo_200x200.jpg\",\"width\":200,\"height\":200,\"caption\":\"Pressenza\"},\"image\":{\"@id\":\"https:\/\/www.pressenza.com\/es\/#\/schema\/logo\/image\/\"},\"sameAs\":[\"https:\/\/www.facebook.com\/PressenzaItalia\",\"https:\/\/x.com\/PressenzaIPA\"]},{\"@type\":\"Person\",\"@id\":\"https:\/\/www.pressenza.com\/es\/#\/schema\/person\/d7db40df35d6698ba69ba9ee260944ed\",\"name\":\"Redacci\u00f3n Chile\",\"description\":\"News from the Pressenza Bureau in Chile\",\"sameAs\":[\"https:\/\/www.facebook.com\/pressenza\",\"https:\/\/x.com\/pressenza\"],\"url\":\"https:\/\/www.pressenza.com\/es\/author\/redaccion-chile\/\"}]}<\/script>\n<!-- \/ Yoast SEO plugin. -->","yoast_head_json":{"title":"Chile: Reflexiones sobre sondeo de violencia escolar realizado por el magisterio","description":"Por Marcelo Castillo El pasado 23 de octubre el Departamento de Educaci\u00f3n y Perfeccionamiento (DEP) del Colegio de Profesoras y Profesores de Chile, a","robots":{"index":"index","follow":"follow","max-snippet":"max-snippet:-1","max-image-preview":"max-image-preview:large","max-video-preview":"max-video-preview:-1"},"canonical":"https:\/\/www.pressenza.com\/es\/2023\/11\/chile-reflexiones-sobre-sondeo-de-violencia-escolar-realizado-por-el-magisterio\/","og_locale":"es_ES","og_type":"article","og_title":"Chile: Reflexiones sobre sondeo de violencia escolar realizado por el magisterio","og_description":"Por Marcelo Castillo El pasado 23 de octubre el Departamento de Educaci\u00f3n y Perfeccionamiento (DEP) del Colegio de Profesoras y Profesores de Chile, a","og_url":"https:\/\/www.pressenza.com\/es\/2023\/11\/chile-reflexiones-sobre-sondeo-de-violencia-escolar-realizado-por-el-magisterio\/","og_site_name":"Pressenza","article_publisher":"https:\/\/www.facebook.com\/PressenzaItalia","article_author":"https:\/\/www.facebook.com\/pressenza","article_published_time":"2023-11-03T14:49:47+00:00","article_modified_time":"2023-11-03T14:53:18+00:00","og_image":[{"width":1270,"height":1619,"url":"https:\/\/www.pressenza.com\/wp-content\/uploads\/2023\/11\/OK-INFORME-VIOLENCIA-ESCOLAR_page-0001.jpg","type":"image\/jpeg"}],"author":"Redacci\u00f3n Chile","twitter_card":"summary_large_image","twitter_creator":"@pressenza","twitter_site":"@PressenzaIPA","twitter_misc":{"Escrito por":"Redacci\u00f3n Chile","Tiempo de lectura":"1 minuto"},"schema":{"@context":"https:\/\/schema.org","@graph":[{"@type":"Article","@id":"https:\/\/www.pressenza.com\/es\/2023\/11\/chile-reflexiones-sobre-sondeo-de-violencia-escolar-realizado-por-el-magisterio\/#article","isPartOf":{"@id":"https:\/\/www.pressenza.com\/es\/2023\/11\/chile-reflexiones-sobre-sondeo-de-violencia-escolar-realizado-por-el-magisterio\/"},"author":{"name":"Redacci\u00f3n Chile","@id":"https:\/\/www.pressenza.com\/es\/#\/schema\/person\/d7db40df35d6698ba69ba9ee260944ed"},"headline":"Chile: Reflexiones sobre sondeo de violencia escolar realizado por el magisterio","datePublished":"2023-11-03T14:49:47+00:00","dateModified":"2023-11-03T14:53:18+00:00","mainEntityOfPage":{"@id":"https:\/\/www.pressenza.com\/es\/2023\/11\/chile-reflexiones-sobre-sondeo-de-violencia-escolar-realizado-por-el-magisterio\/"},"wordCount":147,"publisher":{"@id":"https:\/\/www.pressenza.com\/es\/#organization"},"image":{"@id":"https:\/\/www.pressenza.com\/es\/2023\/11\/chile-reflexiones-sobre-sondeo-de-violencia-escolar-realizado-por-el-magisterio\/#primaryimage"},"thumbnailUrl":"https:\/\/www.pressenza.com\/wp-content\/uploads\/2023\/11\/OK-INFORME-VIOLENCIA-ESCOLAR_page-0001.jpg","articleSection":["Contenido Original","Educaci\u00f3n","Noticia","Sudam\u00e9rica"],"inLanguage":"es"},{"@type":"WebPage","@id":"https:\/\/www.pressenza.com\/es\/2023\/11\/chile-reflexiones-sobre-sondeo-de-violencia-escolar-realizado-por-el-magisterio\/","url":"https:\/\/www.pressenza.com\/es\/2023\/11\/chile-reflexiones-sobre-sondeo-de-violencia-escolar-realizado-por-el-magisterio\/","name":"Chile: Reflexiones sobre sondeo de violencia escolar realizado por el magisterio","isPartOf":{"@id":"https:\/\/www.pressenza.com\/es\/#website"},"primaryImageOfPage":{"@id":"https:\/\/www.pressenza.com\/es\/2023\/11\/chile-reflexiones-sobre-sondeo-de-violencia-escolar-realizado-por-el-magisterio\/#primaryimage"},"image":{"@id":"https:\/\/www.pressenza.com\/es\/2023\/11\/chile-reflexiones-sobre-sondeo-de-violencia-escolar-realizado-por-el-magisterio\/#primaryimage"},"thumbnailUrl":"https:\/\/www.pressenza.com\/wp-content\/uploads\/2023\/11\/OK-INFORME-VIOLENCIA-ESCOLAR_page-0001.jpg","datePublished":"2023-11-03T14:49:47+00:00","dateModified":"2023-11-03T14:53:18+00:00","description":"Por Marcelo Castillo El pasado 23 de octubre el Departamento de Educaci\u00f3n y Perfeccionamiento (DEP) del Colegio de Profesoras y Profesores de Chile, a","breadcrumb":{"@id":"https:\/\/www.pressenza.com\/es\/2023\/11\/chile-reflexiones-sobre-sondeo-de-violencia-escolar-realizado-por-el-magisterio\/#breadcrumb"},"inLanguage":"es","potentialAction":[{"@type":"ReadAction","target":["https:\/\/www.pressenza.com\/es\/2023\/11\/chile-reflexiones-sobre-sondeo-de-violencia-escolar-realizado-por-el-magisterio\/"]}]},{"@type":"ImageObject","inLanguage":"es","@id":"https:\/\/www.pressenza.com\/es\/2023\/11\/chile-reflexiones-sobre-sondeo-de-violencia-escolar-realizado-por-el-magisterio\/#primaryimage","url":"https:\/\/www.pressenza.com\/wp-content\/uploads\/2023\/11\/OK-INFORME-VIOLENCIA-ESCOLAR_page-0001.jpg","contentUrl":"https:\/\/www.pressenza.com\/wp-content\/uploads\/2023\/11\/OK-INFORME-VIOLENCIA-ESCOLAR_page-0001.jpg","width":1270,"height":1619},{"@type":"BreadcrumbList","@id":"https:\/\/www.pressenza.com\/es\/2023\/11\/chile-reflexiones-sobre-sondeo-de-violencia-escolar-realizado-por-el-magisterio\/#breadcrumb","itemListElement":[{"@type":"ListItem","position":1,"name":"Accueil","item":"https:\/\/www.pressenza.com\/es\/"},{"@type":"ListItem","position":2,"name":"Chile: Reflexiones sobre sondeo de violencia escolar realizado por el magisterio"}]},{"@type":"WebSite","@id":"https:\/\/www.pressenza.com\/es\/#website","url":"https:\/\/www.pressenza.com\/es\/","name":"Pressenza","description":"International Press Agency","publisher":{"@id":"https:\/\/www.pressenza.com\/es\/#organization"},"potentialAction":[{"@type":"SearchAction","target":{"@type":"EntryPoint","urlTemplate":"https:\/\/www.pressenza.com\/es\/?s={search_term_string}"},"query-input":{"@type":"PropertyValueSpecification","valueRequired":true,"valueName":"search_term_string"}}],"inLanguage":"es"},{"@type":"Organization","@id":"https:\/\/www.pressenza.com\/es\/#organization","name":"Pressenza","url":"https:\/\/www.pressenza.com\/es\/","logo":{"@type":"ImageObject","inLanguage":"es","@id":"https:\/\/www.pressenza.com\/es\/#\/schema\/logo\/image\/","url":"https:\/\/www.pressenza.com\/wp-content\/uploads\/2022\/10\/pressenza_logo_200x200.jpg","contentUrl":"https:\/\/www.pressenza.com\/wp-content\/uploads\/2022\/10\/pressenza_logo_200x200.jpg","width":200,"height":200,"caption":"Pressenza"},"image":{"@id":"https:\/\/www.pressenza.com\/es\/#\/schema\/logo\/image\/"},"sameAs":["https:\/\/www.facebook.com\/PressenzaItalia","https:\/\/x.com\/PressenzaIPA"]},{"@type":"Person","@id":"https:\/\/www.pressenza.com\/es\/#\/schema\/person\/d7db40df35d6698ba69ba9ee260944ed","name":"Redacci\u00f3n Chile","description":"News from the Pressenza Bureau in Chile","sameAs":["https:\/\/www.facebook.com\/pressenza","https:\/\/x.com\/pressenza"],"url":"https:\/\/www.pressenza.com\/es\/author\/redaccion-chile\/"}]}},"place":"","original_article_url":"","_links":{"self":[{"href":"https:\/\/www.pressenza.com\/es\/wp-json\/wp\/v2\/posts\/1778826","targetHints":{"allow":["GET"]}}],"collection":[{"href":"https:\/\/www.pressenza.com\/es\/wp-json\/wp\/v2\/posts"}],"about":[{"href":"https:\/\/www.pressenza.com\/es\/wp-json\/wp\/v2\/types\/post"}],"author":[{"embeddable":true,"href":"https:\/\/www.pressenza.com\/es\/wp-json\/wp\/v2\/users\/43"}],"replies":[{"embeddable":true,"href":"https:\/\/www.pressenza.com\/es\/wp-json\/wp\/v2\/comments?post=1778826"}],"version-history":[{"count":0,"href":"https:\/\/www.pressenza.com\/es\/wp-json\/wp\/v2\/posts\/1778826\/revisions"}],"wp:featuredmedia":[{"embeddable":true,"href":"https:\/\/www.pressenza.com\/es\/wp-json\/wp\/v2\/media\/1778832"}],"wp:attachment":[{"href":"https:\/\/www.pressenza.com\/es\/wp-json\/wp\/v2\/media?parent=1778826"}],"wp:term":[{"taxonomy":"category","embeddable":true,"href":"https:\/\/www.pressenza.com\/es\/wp-json\/wp\/v2\/categories?post=1778826"},{"taxonomy":"post_tag","embeddable":true,"href":"https:\/\/www.pressenza.com\/es\/wp-json\/wp\/v2\/tags?post=1778826"}],"curies":[{"name":"wp","href":"https:\/\/api.w.org\/{rel}","templated":true}]}}