{"id":1775706,"date":"2023-10-19T18:33:12","date_gmt":"2023-10-19T17:33:12","guid":{"rendered":"https:\/\/www.pressenza.com\/?p=1775706"},"modified":"2023-10-19T18:33:12","modified_gmt":"2023-10-19T17:33:12","slug":"el-periodista-israeli-gideon-levy-explica-por-que-israel-deberia-levantar-el-asedio-y-cancelar-los-planes-de-invasion-terrestre-de-gaza","status":"publish","type":"post","link":"https:\/\/www.pressenza.com\/es\/2023\/10\/el-periodista-israeli-gideon-levy-explica-por-que-israel-deberia-levantar-el-asedio-y-cancelar-los-planes-de-invasion-terrestre-de-gaza\/","title":{"rendered":"El periodista israel\u00ed Gideon Levy explica por qu\u00e9 Israel deber\u00eda levantar el asedio y cancelar los planes de invasi\u00f3n terrestre de Gaza"},"content":{"rendered":"<p>Desde Tel Aviv, nos acompa\u00f1a el galardonado periodista y escritor israel\u00ed Gideon Levy, cuya m\u00e1s reciente columna para el peri\u00f3dico Haaretz se titula \u201cIsrael no puede encarcelar a dos millones de personas en Gaza sin pagar un precio cruel\u201d. Levy analiza la reacci\u00f3n de la sociedad israel\u00ed ante el ataque inesperado de Ham\u00e1s y repudia que el Gobierno de Netanyahu solo se movilice para intensificar la guerra en lugar de proporcionar asistencia efectiva a las v\u00edctimas. Levy afirma que \u201cen Israel no hay liderazgo\u201d y llama al Gobierno a levantar su bloqueo contra Gaza y aceptar que su campa\u00f1a de erradicaci\u00f3n de Ham\u00e1s es \u201cimposible\u201d. Despu\u00e9s de d\u00e9cadas de subyugaci\u00f3n del pueblo palestino al dominio israel\u00ed, \u201cse puede matar a los actuales l\u00edderes de Ham\u00e1s, pero no se matar\u00e1 a la ideolog\u00eda de Ham\u00e1s\u201d, sostiene Levy.<\/p>\n<p>Entrevista publicada el 11 de octubre de 2023, subtitulada en espa\u00f1ol<\/p>\n<p><iframe loading=\"lazy\" src=\"https:\/\/www.democracynow.org\/es\/embed\/story\/2023\/10\/11\/gideon_levy_gaza_war_israel_hamas\" width=\"820\" height=\"461\" frameborder=\"0\" allowfullscreen=\"allowfullscreen\"><\/iframe><\/p>\n<h3>Transcripci\u00f3n de la entrevista<\/h3>\n<div class=\"grey_description fine_print\">Esta transcripci\u00f3n es un borrador que puede estar sujeto a cambios.<\/div>\n<div class=\"text\">\n<p><strong><span class=\"caps\">Amy Goodman<\/span>: \u2014Esto es Democracy Now!, democracynow.org, el informativo de guerra y paz. Soy Amy Goodman, con Juan Gonz\u00e1lez.<\/strong><\/p>\n<p><strong>\u201cNetanyahu es responsable de esta guerra entre Israel y Gaza\u201d. Ese es el t\u00edtulo de un\u00a0<a href=\"https:\/\/www.haaretz.com\/opinion\/editorial\/2023-10-08\/ty-article-opinion\/netanyahu-bears-responsibility\/0000018b-0b9d-d8fc-adff-6bfd1c880000\" target=\"_blank\" rel=\"noopener\"><span style=\"text-decoration: underline;\">editorial<\/span><\/a>\u00a0del peri\u00f3dico israel\u00ed Haaretz. Los editores del peri\u00f3dico escribieron: \u201cEl desastre que sufri\u00f3 Israel durante la celebraci\u00f3n de la Simjat Tor\u00e1 es claramente responsabilidad de una persona: Benjamin Netanyahu. El primer ministro, quien habla con orgullo de su vasta experiencia pol\u00edtica y sabidur\u00eda irreemplazable en materia de seguridad, fall\u00f3 por completo en identificar los peligros ante los que conscientemente estaba llevando a Israel al establecer un gobierno de anexi\u00f3n y desposesi\u00f3n, al nombrar a Bezalel Smotrich e Itamar Ben-Gvir para cargos clave [en su gabinete], mientras adoptaba una pol\u00edtica exterior que ignoraba abiertamente la existencia y los derechos del pueblo palestino\u201d, dec\u00eda el editorial de Haaretz.<\/strong><\/p>\n<p><strong>Vamos ahora a Tel Aviv, desde donde nos acompa\u00f1a Gideon Levy, galardonado periodista y escritor israel\u00ed, columnista del peri\u00f3dico Haaretz y miembro de su consejo editorial. Su m\u00e1s reciente\u00a0<span style=\"text-decoration: underline;\"><a href=\"https:\/\/www.haaretz.com\/opinion\/2023-10-09\/ty-article-opinion\/.premium\/israel-cant-imprison-2-million-gazans-without-paying-a-cruel-price\/0000018b-1476-d465-abbb-14f6262a0000\" target=\"_blank\" rel=\"noopener\">columna<\/a><\/span>\u00a0se titula \u201cIsrael no puede encarcelar a dos millones de personas en Gaza sin pagar un precio cruel\u201d.<\/strong><\/p>\n<p><strong>Gideon Levy, \u00bfpuede hablar sobre la respuesta israel\u00ed en este momento y sobre qu\u00e9 considera que es importante que las personas fuera de Israel, sobre todo en Estados Unidos, entiendan y hagan, en estos momentos en los que 300.000 reservistas israel\u00edes est\u00e1n siendo desplegados a lo largo de la frontera con Gaza?<\/strong><\/p>\n<p><span class=\"caps\">Gideon Levy:<\/span><strong> \u2014<\/strong>B\u00e1sicamente, Israel est\u00e1 conmocionado. Al menos en los primeros d\u00edas se pod\u00eda sentir as\u00ed en todas partes. Nadie esperaba esta situaci\u00f3n sin precedentes, la cual acab\u00f3 con muchas percepciones, tanto sobre Ham\u00e1s, los palestinos y sus capacidades, como sobre nosotros mismos y nuestras propias capacidades. Pero esto ahora se ha dejado de lado. La gente todav\u00eda est\u00e1 digiriendo lo que sucedi\u00f3. Cuanto m\u00e1s tiempo pasa, m\u00e1s horribles son las escenas que se exponen, d\u00eda tras d\u00eda. El lunes estuve en la regi\u00f3n del sur [de Israel]. Y puedo decirle\u2026 He estado muchas veces en el sur en tiempos de guerra, pero lo que vi es algo que jam\u00e1s hab\u00eda visto en el pasado. Pero debo decir que junto a todo lo que menciono aqu\u00ed tambi\u00e9n hay un gran sentimiento de venganza, un gran deseo de venganza. Y el odio hacia los palestinos se est\u00e1 elevando a niveles muy peligrosos.<\/p>\n<p>La misma ira tambi\u00e9n est\u00e1 dirigida contra el Gobierno, menos que al Ej\u00e9rcito. Pero creo que el Gobierno, una vez que esta guerra termine, ojal\u00e1 pronto, va a pagar un precio muy alto y deber\u00e1 dimitir. No veo una situaci\u00f3n en la que Netanyahu pueda seguir, al igual que todos los ministros a su alrededor, que son, todos ellos, no algunos, fascistas, y ellos, parte de ellos, incluso ser\u00edan catalogados en Europa como neonazis. Esas personas instaron a hacer todo tipo de cosas terribles y no hicieron nada para que Israel se preparara ante cualquier peligro, y contin\u00faan ahora sin hacer nada. Es asombroso que estemos en el quinto d\u00eda de guerra, y el Gobierno est\u00e1 desaparecido. Siguen preocupados por sus propias carreras pol\u00edticas, por realizar todo tipo de manipulaciones pol\u00edticas. Nadie se ocupa de la situaci\u00f3n. El Ej\u00e9rcito se est\u00e1 preparando para una operaci\u00f3n por tierra. Pero a excepci\u00f3n del Ej\u00e9rcito\u2026 Yo estuve en muchas casas que fueron atacadas, vi a muchas personas que perdieron seres queridos. Nadie estuvo ah\u00ed para ellos. Nadie les ofrece ning\u00fan tipo de ayuda.<\/p>\n<p>Israel se est\u00e1 desmoronando desde este punto de vista. Y el hombre que ha gobernado Israel durante los \u00faltimos 15 a\u00f1os es el \u00fanico responsable, antes que cualquier otra persona. Esto sobra decirlo. Y supongo que despu\u00e9s de la guerra millones de israel\u00edes saldr\u00e1n a las calles con una sola demanda: Netanyahu, al menos renuncia. Y si no lo haces debes ir a los tribunales para ser sentenciado por estas pol\u00edticas irresponsables que has estado implementando.<\/p>\n<p><strong><span class=\"caps\">Juan gonz\u00e1lez<\/span>: \u2014Gideon Levy, quer\u00eda preguntarle sobre los informes de prensa que dicen que al menos 1.500 combatientes palestinos de Ham\u00e1s fueron dados de baja dentro de Israel, as\u00ed que hab\u00eda una enorme cantidad de milicianos que pudieron entrar a territorio israel\u00ed. \u00bfPuede hablar sobre la decisi\u00f3n del Gobierno de reubicar grandes segmentos del ej\u00e9rcito de Israel desde la frontera de Gaza para proteger colonos de extrema derecha en Cisjordania?<\/strong><\/p>\n<p><b>\u2014<\/b>Claro. Ese es uno de los grandes fracasos del s\u00e1bado, no el \u00fanico, porque el primer fracaso se dio obviamente por la sorpresa, la sorpresa estrat\u00e9gica. Israel se enorgullece mucho de tener los servicios de inteligencia m\u00e1s sofisticados del mundo, con todo tipo de unidades de \u00e9lite, con todos los dispositivos. Lo saben todo. Lo entienden todo. Pero luego, ante una operaci\u00f3n que se prepar\u00f3 durante un a\u00f1o por cientos de combatientes, no se enteraron de nada. Ese es el primer fracaso.<\/p>\n<p>El segundo error fue obviamente haber dejado el frente sur en la frontera con Gaza totalmente abandonado, porque est\u00e1bamos ocupados con todos los festivales de apoyo a estos colonos dementes, protegi\u00e9ndolos, pero no solo protegi\u00e9ndolos, sino tambi\u00e9n colaborando con ellos en sus \u201cpogromos\u201d contra los palestinos. Tenemos pruebas claras de que el ej\u00e9rcito vio los \u201cpogromos\u201d y no hizo nada. Y cuando tienes un ej\u00e9rcito ocupado desde hace a\u00f1os, no solo recientemente, persiguiendo a ni\u00f1os palestinos que tiran piedras y a todo tipo de palestinos que ven como sospechosos, cuando el ej\u00e9rcito est\u00e1 sobreocupado en estar situado en puestos de control ilegales y en penetrar en hogares palestinos en medio de la noche para arrestar a alguien sin ninguna base legal, entonces el resultado que obtienes es este. En lugar de un ej\u00e9rcito profesional, motivado y experimentado, tienes un mont\u00f3n de gente que no sabe qu\u00e9 hacer en tal situaci\u00f3n, porque despu\u00e9s del primer shock, pasaron horas hasta que apareci\u00f3 el ej\u00e9rcito. Y eso es incre\u00edble.<\/p>\n<p><strong><span class=\"caps\">Juan gonz\u00e1lez<\/span>: \u2014Y este tema de Netanyahu preparando una invasi\u00f3n de Gaza, \u00bfpodr\u00eda hablar del inmenso reto que esto implica, tener que ir literalmente casa por casa o edificio por edificio en Gaza para encontrar a los rehenes retenidos? Hable de la enormidad de este plan.<\/strong><\/p>\n<p><b>\u2014<\/b>En primer lugar, ir de edificio en edificio es imposible, porque hay muchos edificios derruidos. Y no estoy seguro de cu\u00e1ntos edificios quedan en pie, por ejemplo, en el barrio de Rimal. En realidad, la idea de encontrar a los rehenes con vida es buena para una pel\u00edcula de Hollywood, pero no creo que eso sea posible, seguro que no con este ej\u00e9rcito y con sus capacidades, como fuimos testigos el s\u00e1bado.<\/p>\n<p>La invasi\u00f3n de Gaza tiene otros objetivos, entre ellos, poner fin al gobierno de Ham\u00e1s. Y esta es otra misi\u00f3n imposible, porque puedes matar a los actuales l\u00edderes de alto nivel de Ham\u00e1s, pero no se puede matar la ideolog\u00eda de Ham\u00e1s, y esos l\u00edderes siempre ser\u00e1n reemplazados.<\/p>\n<p>Una incursi\u00f3n por tierra cuenta con el apoyo de casi toda la poblaci\u00f3n israel\u00ed, porque los israel\u00edes entienden que tenemos que hacer algo despu\u00e9s de esta verg\u00fcenza, de esta cat\u00e1strofe. Pero al mismo tiempo, he de decir y les puedo asegurar que si Israel lanza en este momento una operaci\u00f3n por tierra, esta se extender\u00e1 durante unas semanas o tal vez meses. Se derramar\u00e1 mucha sangre palestina e israel\u00ed, principalmente palestina, obviamente. Y al final de esta operaci\u00f3n, me invitar\u00e1n de nuevo aqu\u00ed a Democracy Now!, y ver\u00e1n que seguiremos exactamente en el mismo punto en el que est\u00e1bamos hace una semana, porque mientras Israel siga creyendo que el problema de Gaza se va a resolver con el uso de la espada y de la fuerza bruta, a trav\u00e9s de sentimientos de venganza, sentimientos justificados, entonces seguiremos exactamente en el mismo punto. Atrapados en este c\u00edrculo vicioso que no ser\u00e1 resuelto por la fuerza, ni por los tanques, ni por el ej\u00e9rcito, solo a trav\u00e9s de un acuerdo pol\u00edtico y, sobre todo y en primer lugar, levantando este asedio criminal, por el amor de Dios, despu\u00e9s de 17 a\u00f1os. Este asedio trataba de garantizar la seguridad de Israel. \u00bfY qu\u00e9 se logr\u00f3 con este asedio m\u00e1s all\u00e1 del incre\u00edble e inhumano sufrimiento al que se ha sometido a dos millones de personas? \u00bfQu\u00e9 ha aportado ese asedio a la seguridad de Israel? Aqu\u00ed tenemos el resultado.<\/p>\n<p><strong>Amy Goodman: \u2014Nos queda menos de un minuto, Gideon. Quer\u00eda preguntarle por la diferencia entre la petici\u00f3n de las familias de los rehenes, personas mayores, j\u00f3venes, ni\u00f1os, y sus familiares, uno tras otro, hablando de que entre esos rehenes hay, por ejemplo, un activista por la paz, y diciendo: \u201cPor favor, usen la moderaci\u00f3n\u201d, y el contraste entre eso y el presidente Biden, en su discurso de este martes, decidiendo conscientemente, \u2014y se puede ver en la transcripci\u00f3n de su conversaci\u00f3n con Netanyahu unos minutos antes de salir a hablar\u2014 decidiendo no pedir moderaci\u00f3n. \u00bfQu\u00e9 opina de eso? \u00bfQu\u00e9 tan importante es la posici\u00f3n del presidente de Estados Unidos en esto? Tenemos menos de un minuto.<\/strong><\/p>\n<p><b>\u2014<\/b>En menos de un minuto, le puedo decir, Amy, que anoche cuando estaba viendo al presidente Biden, realmente sent\u00ed envidia de los estadounidenses por tener un l\u00edder as\u00ed. Nunca hab\u00eda pensado eso hasta anoche. Pero anoche, Biden fue un verdadero l\u00edder, alguien en quien puedes confiar, porque fue extremadamente sincero y alguien con quien se puede contar. Si Netanyahu hubiera pronunciado el mismo discurso, no ser\u00eda Netanyahu. Netanyahu est\u00e1 ocupado con la pol\u00edtica. Y llega Biden y le dice a Israel lo que Israel quer\u00eda escuchar. Me encantar\u00eda que tambi\u00e9n dijera algunas cosas sobre el sufrimiento palestino, la agon\u00eda palestina. Pero ignor\u00f3 eso por completo, y eso es algo muy lamentable. Pero, al fin y al cabo, esto es lo que Israel necesita ahora: alg\u00fan tipo de liderazgo. Y hay una falta total de ello. En realidad no hay nadie que entienda que tenemos que ir en otra direcci\u00f3n. Nadie.<\/p>\n<p><strong>Amy Goodman: \u2014Gideon Levy, muchas gracias por acompa\u00f1arnos. Galardonado periodista israel\u00ed, escritor y columnista del peri\u00f3dico Haaretz, y miembro de su consejo editorial. Enlazaremos en nuestra web a su\u00a0<span style=\"text-decoration: underline;\"><a href=\"https:\/\/www.haaretz.com\/opinion\/2023-10-09\/ty-article-opinion\/.premium\/israel-cant-imprison-2-million-gazans-without-paying-a-cruel-price\/0000018b-1476-d465-abbb-14f6262a0000\" target=\"_blank\" rel=\"noopener\">art\u00edculo<\/a><\/span>\u00a0m\u00e1s reciente, \u201cIsrael no puede encarcelar a dos millones de personas en Gaza sin pagar un precio cruel\u201d. Sus libros incluyen \u201cThe Punishment of Gaza\u201d (El castigo de Gaza).<\/strong><\/p>\n<\/div>\n","protected":false},"excerpt":{"rendered":"<p>Desde Tel Aviv, nos acompa\u00f1a el galardonado periodista y escritor israel\u00ed Gideon Levy, cuya m\u00e1s reciente columna para el peri\u00f3dico Haaretz se titula \u201cIsrael no puede encarcelar a dos millones de personas en Gaza sin pagar un precio cruel\u201d. Levy&hellip;<\/p>\n","protected":false},"author":38,"featured_media":1775707,"comment_status":"closed","ping_status":"closed","sticky":false,"template":"","format":"standard","meta":{"footnotes":""},"categories":[155,71,68,1242,1243],"tags":[11599,646,814],"class_list":["post-1775706","post","type-post","status-publish","format-standard","has-post-thumbnail","hentry","category-entrevistas","category-medio-oriente-es","category-norteamerica","category-noviolencia-tema","category-paz-desarme","tag-hamas-es","tag-israel-es","tag-palestina-es"],"yoast_head":"<!-- This site is optimized with the Yoast SEO plugin v27.1.1 - https:\/\/yoast.com\/product\/yoast-seo-wordpress\/ -->\n<title>El periodista israel\u00ed Gideon Levy explica por qu\u00e9 Israel deber\u00eda levantar el asedio y cancelar los planes de invasi\u00f3n terrestre de Gaza<\/title>\n<meta name=\"description\" content=\"Desde Tel Aviv, nos acompa\u00f1a el galardonado periodista y escritor israel\u00ed Gideon Levy, cuya m\u00e1s reciente columna para el peri\u00f3dico Haaretz se titula\" \/>\n<meta name=\"robots\" content=\"index, follow, max-snippet:-1, max-image-preview:large, max-video-preview:-1\" \/>\n<link rel=\"canonical\" href=\"https:\/\/www.pressenza.com\/es\/2023\/10\/el-periodista-israeli-gideon-levy-explica-por-que-israel-deberia-levantar-el-asedio-y-cancelar-los-planes-de-invasion-terrestre-de-gaza\/\" \/>\n<meta property=\"og:locale\" content=\"es_ES\" \/>\n<meta property=\"og:type\" content=\"article\" \/>\n<meta property=\"og:title\" content=\"El periodista israel\u00ed Gideon Levy explica por qu\u00e9 Israel deber\u00eda levantar el asedio y cancelar los planes de invasi\u00f3n terrestre de Gaza\" \/>\n<meta property=\"og:description\" content=\"Desde Tel Aviv, nos acompa\u00f1a el galardonado periodista y escritor israel\u00ed Gideon Levy, cuya m\u00e1s reciente columna para el peri\u00f3dico Haaretz se titula\" \/>\n<meta property=\"og:url\" content=\"https:\/\/www.pressenza.com\/es\/2023\/10\/el-periodista-israeli-gideon-levy-explica-por-que-israel-deberia-levantar-el-asedio-y-cancelar-los-planes-de-invasion-terrestre-de-gaza\/\" \/>\n<meta property=\"og:site_name\" content=\"Pressenza\" \/>\n<meta property=\"article:publisher\" content=\"https:\/\/www.facebook.com\/PressenzaItalia\" \/>\n<meta property=\"article:published_time\" content=\"2023-10-19T17:33:12+00:00\" \/>\n<meta property=\"og:image\" content=\"https:\/\/www.pressenza.com\/wp-content\/uploads\/2023\/10\/Democracynow-captura-de-video.jpg\" \/>\n\t<meta property=\"og:image:width\" content=\"1244\" \/>\n\t<meta property=\"og:image:height\" content=\"695\" \/>\n\t<meta property=\"og:image:type\" content=\"image\/jpeg\" \/>\n<meta name=\"author\" content=\"Amy Goodman\" \/>\n<meta name=\"twitter:card\" content=\"summary_large_image\" \/>\n<meta name=\"twitter:creator\" content=\"@PressenzaIPA\" \/>\n<meta name=\"twitter:site\" content=\"@PressenzaIPA\" \/>\n<meta name=\"twitter:label1\" content=\"Escrito por\" \/>\n\t<meta name=\"twitter:data1\" content=\"Amy Goodman\" \/>\n\t<meta name=\"twitter:label2\" content=\"Tiempo de lectura\" \/>\n\t<meta name=\"twitter:data2\" content=\"9 minutos\" \/>\n<script type=\"application\/ld+json\" class=\"yoast-schema-graph\">{\"@context\":\"https:\/\/schema.org\",\"@graph\":[{\"@type\":\"Article\",\"@id\":\"https:\/\/www.pressenza.com\/es\/2023\/10\/el-periodista-israeli-gideon-levy-explica-por-que-israel-deberia-levantar-el-asedio-y-cancelar-los-planes-de-invasion-terrestre-de-gaza\/#article\",\"isPartOf\":{\"@id\":\"https:\/\/www.pressenza.com\/es\/2023\/10\/el-periodista-israeli-gideon-levy-explica-por-que-israel-deberia-levantar-el-asedio-y-cancelar-los-planes-de-invasion-terrestre-de-gaza\/\"},\"author\":{\"name\":\"Amy Goodman\",\"@id\":\"https:\/\/www.pressenza.com\/es\/#\/schema\/person\/fb76c4542b791ee101e00d9e2f9817ee\"},\"headline\":\"El periodista israel\u00ed Gideon Levy explica por qu\u00e9 Israel deber\u00eda levantar el asedio y cancelar los planes de invasi\u00f3n terrestre de Gaza\",\"datePublished\":\"2023-10-19T17:33:12+00:00\",\"mainEntityOfPage\":{\"@id\":\"https:\/\/www.pressenza.com\/es\/2023\/10\/el-periodista-israeli-gideon-levy-explica-por-que-israel-deberia-levantar-el-asedio-y-cancelar-los-planes-de-invasion-terrestre-de-gaza\/\"},\"wordCount\":2029,\"publisher\":{\"@id\":\"https:\/\/www.pressenza.com\/es\/#organization\"},\"image\":{\"@id\":\"https:\/\/www.pressenza.com\/es\/2023\/10\/el-periodista-israeli-gideon-levy-explica-por-que-israel-deberia-levantar-el-asedio-y-cancelar-los-planes-de-invasion-terrestre-de-gaza\/#primaryimage\"},\"thumbnailUrl\":\"https:\/\/www.pressenza.com\/wp-content\/uploads\/2023\/10\/Democracynow-captura-de-video.jpg\",\"keywords\":[\"Ham\u00e1s\",\"Israel\",\"Palestina\"],\"articleSection\":[\"Entrevistas\",\"Medio Oriente\",\"Norteam\u00e9rica\",\"Noviolencia\",\"Paz y Desarme\"],\"inLanguage\":\"es\"},{\"@type\":\"WebPage\",\"@id\":\"https:\/\/www.pressenza.com\/es\/2023\/10\/el-periodista-israeli-gideon-levy-explica-por-que-israel-deberia-levantar-el-asedio-y-cancelar-los-planes-de-invasion-terrestre-de-gaza\/\",\"url\":\"https:\/\/www.pressenza.com\/es\/2023\/10\/el-periodista-israeli-gideon-levy-explica-por-que-israel-deberia-levantar-el-asedio-y-cancelar-los-planes-de-invasion-terrestre-de-gaza\/\",\"name\":\"El periodista israel\u00ed Gideon Levy explica por qu\u00e9 Israel deber\u00eda levantar el asedio y cancelar los planes de invasi\u00f3n terrestre de Gaza\",\"isPartOf\":{\"@id\":\"https:\/\/www.pressenza.com\/es\/#website\"},\"primaryImageOfPage\":{\"@id\":\"https:\/\/www.pressenza.com\/es\/2023\/10\/el-periodista-israeli-gideon-levy-explica-por-que-israel-deberia-levantar-el-asedio-y-cancelar-los-planes-de-invasion-terrestre-de-gaza\/#primaryimage\"},\"image\":{\"@id\":\"https:\/\/www.pressenza.com\/es\/2023\/10\/el-periodista-israeli-gideon-levy-explica-por-que-israel-deberia-levantar-el-asedio-y-cancelar-los-planes-de-invasion-terrestre-de-gaza\/#primaryimage\"},\"thumbnailUrl\":\"https:\/\/www.pressenza.com\/wp-content\/uploads\/2023\/10\/Democracynow-captura-de-video.jpg\",\"datePublished\":\"2023-10-19T17:33:12+00:00\",\"description\":\"Desde Tel Aviv, nos acompa\u00f1a el galardonado periodista y escritor israel\u00ed Gideon Levy, cuya m\u00e1s reciente columna para el peri\u00f3dico Haaretz se titula\",\"breadcrumb\":{\"@id\":\"https:\/\/www.pressenza.com\/es\/2023\/10\/el-periodista-israeli-gideon-levy-explica-por-que-israel-deberia-levantar-el-asedio-y-cancelar-los-planes-de-invasion-terrestre-de-gaza\/#breadcrumb\"},\"inLanguage\":\"es\",\"potentialAction\":[{\"@type\":\"ReadAction\",\"target\":[\"https:\/\/www.pressenza.com\/es\/2023\/10\/el-periodista-israeli-gideon-levy-explica-por-que-israel-deberia-levantar-el-asedio-y-cancelar-los-planes-de-invasion-terrestre-de-gaza\/\"]}]},{\"@type\":\"ImageObject\",\"inLanguage\":\"es\",\"@id\":\"https:\/\/www.pressenza.com\/es\/2023\/10\/el-periodista-israeli-gideon-levy-explica-por-que-israel-deberia-levantar-el-asedio-y-cancelar-los-planes-de-invasion-terrestre-de-gaza\/#primaryimage\",\"url\":\"https:\/\/www.pressenza.com\/wp-content\/uploads\/2023\/10\/Democracynow-captura-de-video.jpg\",\"contentUrl\":\"https:\/\/www.pressenza.com\/wp-content\/uploads\/2023\/10\/Democracynow-captura-de-video.jpg\",\"width\":1244,\"height\":695},{\"@type\":\"BreadcrumbList\",\"@id\":\"https:\/\/www.pressenza.com\/es\/2023\/10\/el-periodista-israeli-gideon-levy-explica-por-que-israel-deberia-levantar-el-asedio-y-cancelar-los-planes-de-invasion-terrestre-de-gaza\/#breadcrumb\",\"itemListElement\":[{\"@type\":\"ListItem\",\"position\":1,\"name\":\"Accueil\",\"item\":\"https:\/\/www.pressenza.com\/es\/\"},{\"@type\":\"ListItem\",\"position\":2,\"name\":\"El periodista israel\u00ed Gideon Levy explica por qu\u00e9 Israel deber\u00eda levantar el asedio y cancelar los planes de invasi\u00f3n terrestre de Gaza\"}]},{\"@type\":\"WebSite\",\"@id\":\"https:\/\/www.pressenza.com\/es\/#website\",\"url\":\"https:\/\/www.pressenza.com\/es\/\",\"name\":\"Pressenza\",\"description\":\"International Press Agency\",\"publisher\":{\"@id\":\"https:\/\/www.pressenza.com\/es\/#organization\"},\"potentialAction\":[{\"@type\":\"SearchAction\",\"target\":{\"@type\":\"EntryPoint\",\"urlTemplate\":\"https:\/\/www.pressenza.com\/es\/?s={search_term_string}\"},\"query-input\":{\"@type\":\"PropertyValueSpecification\",\"valueRequired\":true,\"valueName\":\"search_term_string\"}}],\"inLanguage\":\"es\"},{\"@type\":\"Organization\",\"@id\":\"https:\/\/www.pressenza.com\/es\/#organization\",\"name\":\"Pressenza\",\"url\":\"https:\/\/www.pressenza.com\/es\/\",\"logo\":{\"@type\":\"ImageObject\",\"inLanguage\":\"es\",\"@id\":\"https:\/\/www.pressenza.com\/es\/#\/schema\/logo\/image\/\",\"url\":\"https:\/\/www.pressenza.com\/wp-content\/uploads\/2022\/10\/pressenza_logo_200x200.jpg\",\"contentUrl\":\"https:\/\/www.pressenza.com\/wp-content\/uploads\/2022\/10\/pressenza_logo_200x200.jpg\",\"width\":200,\"height\":200,\"caption\":\"Pressenza\"},\"image\":{\"@id\":\"https:\/\/www.pressenza.com\/es\/#\/schema\/logo\/image\/\"},\"sameAs\":[\"https:\/\/www.facebook.com\/PressenzaItalia\",\"https:\/\/x.com\/PressenzaIPA\"]},{\"@type\":\"Person\",\"@id\":\"https:\/\/www.pressenza.com\/es\/#\/schema\/person\/fb76c4542b791ee101e00d9e2f9817ee\",\"name\":\"Amy Goodman\",\"description\":\"Award-winning investigative journalist and syndicated columnist, author and host\/executive producer of Democracy Now! www.democracynow.org\",\"url\":\"https:\/\/www.pressenza.com\/es\/author\/amy-goodman\/\"}]}<\/script>\n<!-- \/ Yoast SEO plugin. -->","yoast_head_json":{"title":"El periodista israel\u00ed Gideon Levy explica por qu\u00e9 Israel deber\u00eda levantar el asedio y cancelar los planes de invasi\u00f3n terrestre de Gaza","description":"Desde Tel Aviv, nos acompa\u00f1a el galardonado periodista y escritor israel\u00ed Gideon Levy, cuya m\u00e1s reciente columna para el peri\u00f3dico Haaretz se titula","robots":{"index":"index","follow":"follow","max-snippet":"max-snippet:-1","max-image-preview":"max-image-preview:large","max-video-preview":"max-video-preview:-1"},"canonical":"https:\/\/www.pressenza.com\/es\/2023\/10\/el-periodista-israeli-gideon-levy-explica-por-que-israel-deberia-levantar-el-asedio-y-cancelar-los-planes-de-invasion-terrestre-de-gaza\/","og_locale":"es_ES","og_type":"article","og_title":"El periodista israel\u00ed Gideon Levy explica por qu\u00e9 Israel deber\u00eda levantar el asedio y cancelar los planes de invasi\u00f3n terrestre de Gaza","og_description":"Desde Tel Aviv, nos acompa\u00f1a el galardonado periodista y escritor israel\u00ed Gideon Levy, cuya m\u00e1s reciente columna para el peri\u00f3dico Haaretz se titula","og_url":"https:\/\/www.pressenza.com\/es\/2023\/10\/el-periodista-israeli-gideon-levy-explica-por-que-israel-deberia-levantar-el-asedio-y-cancelar-los-planes-de-invasion-terrestre-de-gaza\/","og_site_name":"Pressenza","article_publisher":"https:\/\/www.facebook.com\/PressenzaItalia","article_published_time":"2023-10-19T17:33:12+00:00","og_image":[{"width":1244,"height":695,"url":"https:\/\/www.pressenza.com\/wp-content\/uploads\/2023\/10\/Democracynow-captura-de-video.jpg","type":"image\/jpeg"}],"author":"Amy Goodman","twitter_card":"summary_large_image","twitter_creator":"@PressenzaIPA","twitter_site":"@PressenzaIPA","twitter_misc":{"Escrito por":"Amy Goodman","Tiempo de lectura":"9 minutos"},"schema":{"@context":"https:\/\/schema.org","@graph":[{"@type":"Article","@id":"https:\/\/www.pressenza.com\/es\/2023\/10\/el-periodista-israeli-gideon-levy-explica-por-que-israel-deberia-levantar-el-asedio-y-cancelar-los-planes-de-invasion-terrestre-de-gaza\/#article","isPartOf":{"@id":"https:\/\/www.pressenza.com\/es\/2023\/10\/el-periodista-israeli-gideon-levy-explica-por-que-israel-deberia-levantar-el-asedio-y-cancelar-los-planes-de-invasion-terrestre-de-gaza\/"},"author":{"name":"Amy Goodman","@id":"https:\/\/www.pressenza.com\/es\/#\/schema\/person\/fb76c4542b791ee101e00d9e2f9817ee"},"headline":"El periodista israel\u00ed Gideon Levy explica por qu\u00e9 Israel deber\u00eda levantar el asedio y cancelar los planes de invasi\u00f3n terrestre de Gaza","datePublished":"2023-10-19T17:33:12+00:00","mainEntityOfPage":{"@id":"https:\/\/www.pressenza.com\/es\/2023\/10\/el-periodista-israeli-gideon-levy-explica-por-que-israel-deberia-levantar-el-asedio-y-cancelar-los-planes-de-invasion-terrestre-de-gaza\/"},"wordCount":2029,"publisher":{"@id":"https:\/\/www.pressenza.com\/es\/#organization"},"image":{"@id":"https:\/\/www.pressenza.com\/es\/2023\/10\/el-periodista-israeli-gideon-levy-explica-por-que-israel-deberia-levantar-el-asedio-y-cancelar-los-planes-de-invasion-terrestre-de-gaza\/#primaryimage"},"thumbnailUrl":"https:\/\/www.pressenza.com\/wp-content\/uploads\/2023\/10\/Democracynow-captura-de-video.jpg","keywords":["Ham\u00e1s","Israel","Palestina"],"articleSection":["Entrevistas","Medio Oriente","Norteam\u00e9rica","Noviolencia","Paz y Desarme"],"inLanguage":"es"},{"@type":"WebPage","@id":"https:\/\/www.pressenza.com\/es\/2023\/10\/el-periodista-israeli-gideon-levy-explica-por-que-israel-deberia-levantar-el-asedio-y-cancelar-los-planes-de-invasion-terrestre-de-gaza\/","url":"https:\/\/www.pressenza.com\/es\/2023\/10\/el-periodista-israeli-gideon-levy-explica-por-que-israel-deberia-levantar-el-asedio-y-cancelar-los-planes-de-invasion-terrestre-de-gaza\/","name":"El periodista israel\u00ed Gideon Levy explica por qu\u00e9 Israel deber\u00eda levantar el asedio y cancelar los planes de invasi\u00f3n terrestre de Gaza","isPartOf":{"@id":"https:\/\/www.pressenza.com\/es\/#website"},"primaryImageOfPage":{"@id":"https:\/\/www.pressenza.com\/es\/2023\/10\/el-periodista-israeli-gideon-levy-explica-por-que-israel-deberia-levantar-el-asedio-y-cancelar-los-planes-de-invasion-terrestre-de-gaza\/#primaryimage"},"image":{"@id":"https:\/\/www.pressenza.com\/es\/2023\/10\/el-periodista-israeli-gideon-levy-explica-por-que-israel-deberia-levantar-el-asedio-y-cancelar-los-planes-de-invasion-terrestre-de-gaza\/#primaryimage"},"thumbnailUrl":"https:\/\/www.pressenza.com\/wp-content\/uploads\/2023\/10\/Democracynow-captura-de-video.jpg","datePublished":"2023-10-19T17:33:12+00:00","description":"Desde Tel Aviv, nos acompa\u00f1a el galardonado periodista y escritor israel\u00ed Gideon Levy, cuya m\u00e1s reciente columna para el peri\u00f3dico Haaretz se titula","breadcrumb":{"@id":"https:\/\/www.pressenza.com\/es\/2023\/10\/el-periodista-israeli-gideon-levy-explica-por-que-israel-deberia-levantar-el-asedio-y-cancelar-los-planes-de-invasion-terrestre-de-gaza\/#breadcrumb"},"inLanguage":"es","potentialAction":[{"@type":"ReadAction","target":["https:\/\/www.pressenza.com\/es\/2023\/10\/el-periodista-israeli-gideon-levy-explica-por-que-israel-deberia-levantar-el-asedio-y-cancelar-los-planes-de-invasion-terrestre-de-gaza\/"]}]},{"@type":"ImageObject","inLanguage":"es","@id":"https:\/\/www.pressenza.com\/es\/2023\/10\/el-periodista-israeli-gideon-levy-explica-por-que-israel-deberia-levantar-el-asedio-y-cancelar-los-planes-de-invasion-terrestre-de-gaza\/#primaryimage","url":"https:\/\/www.pressenza.com\/wp-content\/uploads\/2023\/10\/Democracynow-captura-de-video.jpg","contentUrl":"https:\/\/www.pressenza.com\/wp-content\/uploads\/2023\/10\/Democracynow-captura-de-video.jpg","width":1244,"height":695},{"@type":"BreadcrumbList","@id":"https:\/\/www.pressenza.com\/es\/2023\/10\/el-periodista-israeli-gideon-levy-explica-por-que-israel-deberia-levantar-el-asedio-y-cancelar-los-planes-de-invasion-terrestre-de-gaza\/#breadcrumb","itemListElement":[{"@type":"ListItem","position":1,"name":"Accueil","item":"https:\/\/www.pressenza.com\/es\/"},{"@type":"ListItem","position":2,"name":"El periodista israel\u00ed Gideon Levy explica por qu\u00e9 Israel deber\u00eda levantar el asedio y cancelar los planes de invasi\u00f3n terrestre de Gaza"}]},{"@type":"WebSite","@id":"https:\/\/www.pressenza.com\/es\/#website","url":"https:\/\/www.pressenza.com\/es\/","name":"Pressenza","description":"International Press Agency","publisher":{"@id":"https:\/\/www.pressenza.com\/es\/#organization"},"potentialAction":[{"@type":"SearchAction","target":{"@type":"EntryPoint","urlTemplate":"https:\/\/www.pressenza.com\/es\/?s={search_term_string}"},"query-input":{"@type":"PropertyValueSpecification","valueRequired":true,"valueName":"search_term_string"}}],"inLanguage":"es"},{"@type":"Organization","@id":"https:\/\/www.pressenza.com\/es\/#organization","name":"Pressenza","url":"https:\/\/www.pressenza.com\/es\/","logo":{"@type":"ImageObject","inLanguage":"es","@id":"https:\/\/www.pressenza.com\/es\/#\/schema\/logo\/image\/","url":"https:\/\/www.pressenza.com\/wp-content\/uploads\/2022\/10\/pressenza_logo_200x200.jpg","contentUrl":"https:\/\/www.pressenza.com\/wp-content\/uploads\/2022\/10\/pressenza_logo_200x200.jpg","width":200,"height":200,"caption":"Pressenza"},"image":{"@id":"https:\/\/www.pressenza.com\/es\/#\/schema\/logo\/image\/"},"sameAs":["https:\/\/www.facebook.com\/PressenzaItalia","https:\/\/x.com\/PressenzaIPA"]},{"@type":"Person","@id":"https:\/\/www.pressenza.com\/es\/#\/schema\/person\/fb76c4542b791ee101e00d9e2f9817ee","name":"Amy Goodman","description":"Award-winning investigative journalist and syndicated columnist, author and host\/executive producer of Democracy Now! www.democracynow.org","url":"https:\/\/www.pressenza.com\/es\/author\/amy-goodman\/"}]}},"place":"Estados Unidos de Am\u00e9rica","original_article_url":"https:\/\/www.democracynow.org\/es\/2023\/10\/11\/gideon_levy_gaza_war_israel_hamas","_links":{"self":[{"href":"https:\/\/www.pressenza.com\/es\/wp-json\/wp\/v2\/posts\/1775706","targetHints":{"allow":["GET"]}}],"collection":[{"href":"https:\/\/www.pressenza.com\/es\/wp-json\/wp\/v2\/posts"}],"about":[{"href":"https:\/\/www.pressenza.com\/es\/wp-json\/wp\/v2\/types\/post"}],"author":[{"embeddable":true,"href":"https:\/\/www.pressenza.com\/es\/wp-json\/wp\/v2\/users\/38"}],"replies":[{"embeddable":true,"href":"https:\/\/www.pressenza.com\/es\/wp-json\/wp\/v2\/comments?post=1775706"}],"version-history":[{"count":0,"href":"https:\/\/www.pressenza.com\/es\/wp-json\/wp\/v2\/posts\/1775706\/revisions"}],"wp:featuredmedia":[{"embeddable":true,"href":"https:\/\/www.pressenza.com\/es\/wp-json\/wp\/v2\/media\/1775707"}],"wp:attachment":[{"href":"https:\/\/www.pressenza.com\/es\/wp-json\/wp\/v2\/media?parent=1775706"}],"wp:term":[{"taxonomy":"category","embeddable":true,"href":"https:\/\/www.pressenza.com\/es\/wp-json\/wp\/v2\/categories?post=1775706"},{"taxonomy":"post_tag","embeddable":true,"href":"https:\/\/www.pressenza.com\/es\/wp-json\/wp\/v2\/tags?post=1775706"}],"curies":[{"name":"wp","href":"https:\/\/api.w.org\/{rel}","templated":true}]}}