{"id":1774917,"date":"2023-10-17T02:03:15","date_gmt":"2023-10-17T01:03:15","guid":{"rendered":"https:\/\/www.pressenza.com\/?p=1774917"},"modified":"2023-10-17T02:03:15","modified_gmt":"2023-10-17T01:03:15","slug":"la-desinformacion-abre-un-nuevo-frente-en-el-conflicto-palestino-israeli","status":"publish","type":"post","link":"https:\/\/www.pressenza.com\/es\/2023\/10\/la-desinformacion-abre-un-nuevo-frente-en-el-conflicto-palestino-israeli\/","title":{"rendered":"La desinformaci\u00f3n abre un nuevo frente en el conflicto palestino-israel\u00ed"},"content":{"rendered":"<p>La\u00a0publicaci\u00f3n de fake news\u00a0y teor\u00edas de la conspiraci\u00f3n favorece tanto la viralizaci\u00f3n de las noticias como las reacciones emotivas y viscerales de un porcentaje notable de \u00a0usuarios. Y no se queda solo en las redes sociales, sino que llega a los medios de comunicaci\u00f3n tradicionales e inclusive a los parlamentos.\u00a0No hay nada inocente: detr\u00e1s de cada mentira: hay una sucursal de la usina de terrorismo medi\u00e1tico.<\/p>\n<p>Hoy,\u00a0en plena \u00e9poca de los fakes (mentiras), big data, de televisores como pantalla\u00a0enorme para recibir contenidos manejados por las megaempresas de acuerdo al perfil que\u00a0cada uno va autodise\u00f1ando en las redes sociales, manipulaciones, imposici\u00f3n de\u00a0imaginarios, habr\u00eda que eliminar la palabra verdad\u00a0de nuestros diccionarios.<\/p>\n<p>Aunque lo parezca, la respuesta del gobierno de Israel no es espont\u00e1nea sino que busca multiplicar el da\u00f1o recibido en parte por venganza, pero sobre todo para continuar su estrategia de colonizaci\u00f3n de Palestina, que cuenta con el apoyo de Estados Unidos y la Uni\u00f3n Europea, en la que Gaza molesta y mucho. Han recurrido a las redes sociales para entablar una guerra de informaci\u00f3n, con numerosas publicaciones y afirmaciones que en realidad son enga\u00f1osas.<\/p>\n<p>La ocupaci\u00f3n israel\u00ed y colonizaci\u00f3n continuada desde 1947 hasta hoy consiste en encerrar literalmente a la poblaci\u00f3n palestina de Cisjordania y Gaza, con la construcci\u00f3n de muros que rodean ambos territorios de tal forma que sus habitantes deben pasar controles militares no solo para abandonar los territorios palestinos, sino para moverse a una ciudad vecina o incluso en ocasiones dentro de su propia ciudad. Pero poco dicen la prensa occidental de todo eso.<\/p>\n<p>Gobernaba en\u00a0Israel una coalici\u00f3n de\u00a0derecha y la ultraderecha, y sus decisiones ven\u00edan provocando una creciente crisis pol\u00edtica. Pretendi\u00f3 avanzar sobre el sistema judicial pero universidades, sindicatos y ej\u00e9rcito se opusieron. Las protestas\u00a0se ven\u00edan multiplicando. Las tensiones internas aumentaban\u00a0y los consensos se dilu\u00edan. Ese descontento interno contribuy\u00f3 a la p\u00e9rdida de eficacia en los sistemas de control e inteligencia interna e internacional. Todos descansaban en la fortaleza de la tecnolog\u00eda.<\/p>\n<p>Los numerosos puestos de control del ej\u00e9rcito israel\u00ed son el engranaje de una maquinaria de humillaci\u00f3n, represi\u00f3n y castigo que ha conformado un sistema de apartheid en todos los territorios ocupados de Palestina, por militares\u00a0y tambi\u00e9n colonos armados,que \u00a0patrullan las ciudades palestinas, amenazan, amedrentan, atemorizan,\u00a0disparan y asesinan a la poblaci\u00f3n palestina, dentro de su estrategia de hambre infinito de venganza y de sometimiento, pero los medios no lo recogen.<\/p>\n<p>Tras el ataque de Ham\u00e1s y la respuesta del primer ministro ultraderechista israel\u00ed Benjam\u00edn Netanyahu declarando el \u00abEstado de Guerra\u00bb, la red social X se ha convertido en la peor herramienta para informarse y la peor herramienta para comprender lo sucedido.<\/p>\n<p>El escritor espa\u00f1ol Guillermo Zapata (X y desinformaci\u00f3n: la f\u00e1brica de mierda digital, en P\u00fablico.es) se\u00f1ala que se suceden problemas de moderaci\u00f3n, de desinformaci\u00f3n y\u00a0de difusi\u00f3n de propaganda, \u00a0por desinter\u00e9s\u00a0o\u00a0\u00a0por la dificultad de hacerlo en entornos digitales muy abiertos, pero hoy esos mismos problemas se multiplicaron\u00a0exponencialmente y est\u00e1n articulados bajo un modelo econ\u00f3mico y cultural que se piensa a s\u00ed mismo como modelo de \u00e9xito.<\/p>\n<p>El asunto es tan grave que el Comisario Europeo de Mercado Interior y Servicios, el franc\u00e9s Thierry Breton, reclam\u00f3\u00a0a Elon Musk que cumpla sus obligaciones controlando la difusi\u00f3n de odio y mentiras desde X. Ha cambiado la forma en la que se jerarquiza la informaci\u00f3n,\u00a0privatiz\u00e1ndola. Para los usuarios de pago\u00a0de X no existe\u00a0filtro de incorporaci\u00f3n m\u00e1s que el dinero, tienen prioridad en la difusi\u00f3n de los mensajes y en la aparici\u00f3n en los comentarios.<\/p>\n<p>No es s\u00f3lo que eso haya introducido un sesgo ideol\u00f3gico en los mensajes (estudios hablan de la multiplicaci\u00f3n del discurso de odio en la red) es que en dicho modelo existe la posibilidad de monetizar el contenido por impactos. Es decir, la herramienta incentiva que hagas contenidos que reciba mucha atenci\u00f3n. No importa demasiado si la atenci\u00f3n es buena o mala, si tienen veracidad o son campa\u00f1as tendenciosas.<\/p>\n<p><strong>El reino de las fakes<\/strong><\/p>\n<p>Se conocen como fake news, noticia falsa, noticia falseada,\u00a0infundio,\u00a0al tipo de bulo que consiste en un contenido seudoperiod\u00edstico cuyo objetivo es desinformar a un p\u00fablico en espec\u00edfico. Se dise\u00f1a y emite con la intenci\u00f3n deliberada de enga\u00f1ar, inducir a error, manipular decisiones personales, desprestigiar o enaltecer a una instituci\u00f3n, entidad o persona u obtener ganancias econ\u00f3micas o r\u00e9dito pol\u00edtico.<\/p>\n<p>La posverdad, las fake news, buscan llenar una determinada informaci\u00f3n de emociones, con el fin de provocar una respuesta en el receptor del mensaje, generalmente el clic en la noticia sugerida o la viralizaci\u00f3n de la misma, lo que deviene en un clima de polarizaci\u00f3n, falta de empat\u00eda con quien no piensa igual, generando un contexto antidemocr\u00e1tico latente, eliminando el fomento del esp\u00edritu cr\u00edtico y la capacidad de an\u00e1lisis.<\/p>\n<p>La posverdad es un fen\u00f3meno radicalmente nuevo respecto a las mentiras cl\u00e1sicas, donde la verdad alternativa se presenta como la cr\u00edtica (en nombre de la libertad) hacia alg\u00fan tipo de autoridad dotada de un valor verificador . El mundo ha verificado hechos innegables como la capacidad de penetraci\u00f3n de las redes sociales, inmensamente superior a la de los medios de comunicaci\u00f3n tradicionales.<\/p>\n<p>Tambi\u00e9n Internet y su evoluci\u00f3n hacia la web 2.0 han permitido superar la comunicaci\u00f3n unidireccional de los medios tradicionales \u2013prensa gr\u00e1fica, radio y televisi\u00f3n\u2013 y llegar a una interacci\u00f3n con el p\u00fablico, facilitando su eventual participaci\u00f3n. Del concepto de \u201caudiencia\u201d pasamos al de \u201cusuario\u201d, que no es pasivo sino que puede crear, editar y compartir contenido generado por \u00e9l.<\/p>\n<p>La extrema derecha 2.0 ha sabido leer mejor que las dem\u00e1s los cambios de la sociedad, aprovecharse de las debilidades y las grietas de las democracias liberales y entender las posibilidades que ofrecen las nuevas tecnolog\u00edas.\u00a0Y de ah\u00ed su inter\u00e9s y sus esfuerzos para generar y difundir noticias falsas.<\/p>\n<p>Actores p\u00fablicos y privados afines a los dos bandos utilizan internet como plataforma para difundir mensajes de propaganda y bulos. La Uni\u00f3n Europea exige a las redes sociales X, Facebook y TikTok que act\u00faen contra estos contenidos<\/p>\n<p>Uno de los que tropez\u00f3 (\u00bfadrede?) fue el presidente estadounidense Joe Biden. \u201cNunca pens\u00e9 que ver\u00eda, y lo he confirmado, fotograf\u00edas de terroristas decapitando a ni\u00f1os\u201d, manifest\u00f3 durante una reuni\u00f3n en Washington con l\u00edderes de la comunidad jud\u00eda. Y sus palabras corrieron como la p\u00f3lvora, un d\u00eda despu\u00e9s de que una reportera del canal israel\u00ed i24\u00a0lanzara la fake de la decapitaci\u00f3n de 40 menores de edad por milicianos palestinos de Ham\u00e1s.<\/p>\n<p>El bulo sobre la supuesta decapitaci\u00f3n de beb\u00e9s por parte de Ham\u00e1s ha tenido amplia difusi\u00f3n en los principales canales de noticias, un hecho que tambi\u00e9n fue mencionado por el primer ministro israel\u00ed, Benjamin Netanyahu, antes que Biden. Al ser interrogada, la Casa Blanca rectific\u00f3 la afirmaci\u00f3n presidencial, aunque se\u00f1al\u00f3 que no \u201chan podido confirmar\u201d estos informes.<\/p>\n<p>La inteligencia israel\u00ed y los medios hegem\u00f3nicos occidentales han recurrido a las redes sociales para entablar una guerra de informaci\u00f3n, con publicaciones y afirmaciones enga\u00f1osas y falsas.<\/p>\n<p>Un video difundido por redes sociales afirma mostrar un ataque israel\u00ed contra Gaza. Tras una b\u00fasqueda inversa de im\u00e1genes, se descubri\u00f3 que el v\u00eddeo fue filmado en Argelia poco despu\u00e9s de que el club de f\u00fatbol Belouizdad se clasificara campe\u00f3n: no se trata de explosiones, sino de fuegos artificiales, no son palestinos sino argelinos.<\/p>\n<p>Otro v\u00eddeo afirma mostrar un tiroteo entre fuerzas israel\u00edes y combatientes de Ham\u00e1s. Al hacer una b\u00fasqueda inversa de im\u00e1genes, se demostr\u00f3 que el video fue filmado en 2017 en el estado mexicano de Tamaulipas.<\/p>\n<p><strong>Manipuladores y manipulados<\/strong><\/p>\n<p>El Instituto Interamericano de Derechos\u00a0Humanos\u00a0se\u00f1ala que la manipulaci\u00f3n es un ejercicio velado, sinuoso y\u00a0abusivo del poder. Se presenta en cualquier relaci\u00f3n social o campo\u00a0de la actividad humana, donde la parte dominante se impone a otras\u00a0en virtud de que \u00e9stas carecen de control, conciencia y conocimiento\u00a0sobre las condiciones de la situaci\u00f3n en que se encuentran.<\/p>\n<p>Se entiende el ejercicio del poder sobre el\u00a0cual se dirige la manipulaci\u00f3n, su objetivo principal es imponer ideas establecidas\u00a0con el fin de que se transformen en conceptos o dogmas sobre los cuales se rijan\u00a0los individuos. Siglos antes de la era de internet, en \u00a0\u201cEl Pr\u00edncipe\u201d de Nicol\u00e1s Maquiavelo esto se explica de\u00a0una forma clara al mostrar el poder clerical como una forma m\u00e1s de manipulaci\u00f3n\u00a0pol\u00edtica con conceptos metaf\u00edsicos de poder.<\/p>\n<p>Las cadenas de televisi\u00f3n estadounidenses han enviado corresponsales a Israel para cubrir los episodios de violencia, pero rara vez entrevistan a palestinos, a activistas israel\u00edes pacifistas o a periodistas que se oponen a la ocupaci\u00f3n. A medida que Israel intensifica su brutal respuesta al brutal ataque que la organizaci\u00f3n Ham\u00e1s llev\u00f3 a cabo el 7 de octubre, los medios de comunicaci\u00f3n de EEUU\u00a0ofrecen constantemente las voces -s\u00f3lo- de los israel\u00edes que han sufrido los actos de violencia de Ham\u00e1s.<\/p>\n<p>Ojal\u00e1 los medios cubrieran tambi\u00e9n de esa forma el dolor que padece la poblaci\u00f3n civil de Palestina, ya que rara vez escuchamos su voz, se\u00f1ala Amy Goodman de Democracy Now!. Escuchar el relato de las v\u00edctimas en su propia voz es el primer paso para derribar barreras y cultivar una comprensi\u00f3n que pueda allanar el camino hacia una paz justa.<\/p>\n<p>Poco despu\u00e9s del ataque de Ham\u00e1s, Israel inici\u00f3 un nuevo e intenso bombardeo contra la Franja de Gaza. Quienes est\u00e1n soportando todo el peso de esa represalia son los 2,4 millones de palestinos que Israel tiene atrapados en Gaza, casi la mitad de los cuales son ni\u00f1os y ni\u00f1as. La Franja de Gaza \u2014un enclave de entre 6 y 12 kil\u00f3metros de ancho y 40 de largo\u2014 es uno de los lugares m\u00e1s densamente poblados del planeta y ha sido descrita como la prisi\u00f3n al aire libre m\u00e1s grande del mundo.<\/p>\n<p>En las condiciones llamadas \u00abnormales\u00bb, los gazat\u00edes viven bajo una severa ocupaci\u00f3n militar. Nadie entra ni sale sin el permiso de Israel, que\u00a0controla el suministro de agua, alimentos y combustible de Gaza. Ahora, tras el ataque de Ham\u00e1s, el bloqueo y los bombardeos israel\u00edes en\/sobre Gaza han adquirido un car\u00e1cter catastr\u00f3fico.<\/p>\n<p>Rashid Khalidi, reconocido acad\u00e9mico palestino-estadounidense, profesor de la c\u00e1tedra Edward Said de la Universidad de Columbia, se\u00f1al\u00f3 que \u201cla idea de que puedes encerrar a cinco millones de personas, ponerlas entre muros, endurecer el asedio sobre ellas, permitir solo la entrada a cuentagotas de algo de comida, algo de agua y un poco de electricidad, esa idea ha explotado como resultado de los terribles acontecimientos [recientemente acaecidos]. Esto no puede continuar as\u00ed\u201d.<\/p>\n<p>Khalidi agreg\u00f3 que\u00a0\u201cEstados Unidos deber\u00eda tratar de apaciguar la situaci\u00f3n. [\u2026] Financiamos esta ocupaci\u00f3n. Financiamos esta violencia. Hay armas estadounidenses utiliz\u00e1ndose hoy, ahora mismo, en Gaza, para matar a civiles inocentes, en violaci\u00f3n de la ley estadounidense\u201d.<\/p>\n<p><strong>Que nadie ofrezca otra versi\u00f3n<\/strong><\/p>\n<p>La jefa del Comando Sur de Estados Unidos, Laura Richardson, que viene sincerando \u00a0el inter\u00e9s de su pa\u00eds por los recursos naturales de Am\u00e9rica Latina, atac\u00f3\u00a0las cadenas RT en Espa\u00f1ol y Telesur, que seg\u00fan ella \u00abno practican periodismo\u00bb.\u00a0Es un forma extra\u00f1a de entender la libertad de prensa y de expresi\u00f3n.<\/p>\n<p>Remarc\u00f3\u00a0los intereses geopol\u00edticos de Washington en la regi\u00f3n, que ella a\u00fan cree que es el patio trasero de EEUU:\u00a0el tri\u00e1ngulo del litio; la concentraci\u00f3n de \u201clas reservas de petr\u00f3leo m\u00e1s grandes\u201d; \u201clos recursos de Venezuela, con petr\u00f3leo, cobre, oro\u201d; los bosques de la Amazonia, \u201clos pulmones del mundo\u201d; y, finalmente \u201cel 31 por ciento del agua dulce del mundo\u201d.<\/p>\n<p>La advertencia de la generala quedaba clara: Washington no permite que se repitan ni difundan lo que las usinas de la internacional del terror medi\u00e1tico quieren imponer \u00a0como verdad absoluta. Y a la vez, Richardson reconoce que la informaci\u00f3n no controlada hace da\u00f1o a EEUU y su belicismo, discute el concepto arbitrario de democracia que quieren imponer por la fuerza.<\/p>\n<p>En un acto\u00a0de la Fundaci\u00f3n para la Defensa de las Democracias (FDD)\u00a0dijo que\u00a0\u00abEn Am\u00e9rica Latina tenemos m\u00e1s de 31 millones de seguidores con Sputnik Mundo, RT en Espa\u00f1ol y Telesur. No practican el periodismo de justificaci\u00f3n o de verificaci\u00f3n. Difunden desinformaci\u00f3n\u00bb, afirm\u00f3 Richardson. \u00abSocavan las democracias en todo el hemisferio, y tenemos que hacer algo mejor que eso. Debemos hacer algo en la regi\u00f3n que sea muy espec\u00edfico, que promulgue las democracias y c\u00f3mo las democracias benefician a la gente\u00bb, agreg\u00f3.<\/p>\n<p>En marzo pasado, Richardson hab\u00eda pedido fondos al Congreso para contrarrestar una supuesta \u00abamplia campa\u00f1a de desinformaci\u00f3n\u00bb rusa en Am\u00e9rica Latina, sobre todo despu\u00e9s de la invasi\u00f3n de Ucrania.<\/p>\n<p>La guerra en Medio Oriente reedita en las izquierdas euroccidentales una vieja divisi\u00f3n: el fantasma del colonialismo y la complicidad con \u00e9l\u00a0y\u00a0los l\u00edmites de la violencia como respuesta a la opresi\u00f3n, vuelven a estar sobre la mesa.\u00a0Sin dudas, dej\u00f3 una grieta en la izquierda en Occidente, donde hubo reacciones dispares\u00a0y hasta contradictorias<\/p>\n<p>A Francia Insumisa (LFI) le est\u00e1 pasando en Francia lo que a los partidarios del laborista\u00a0Jeremy Corbyn en Gran Breta\u00f1a, a la izquierda antibelicista en proceso de reorganizaci\u00f3n en Italia, a una parte sustancial de Die Linke (La Izquierda) en Alemania o al propio Podemos y otros sectores a la izquierda del PSOE (Partido Socialista Obrero Espa\u00f1ol) en Espa\u00f1a.<\/p>\n<p>El solo hecho de intentar poner en contexto los ataques de Ham\u00e1s en Israel, de decir, algo as\u00ed como \u00abmiremos no solo la fotograf\u00eda de lo sucedido, sino la filmaci\u00f3n de todas estas d\u00e9cadas de opresi\u00f3n de los palestinos de parte de un Estado ocupante y opresor\u00bb, les vali\u00f3\u00a0ser tratados de filoterroristas, filofundamentalistas y otras linduras.<\/p>\n<p>Detr\u00e1s del horror de los cr\u00edmenes de guerra cometidos esta semana se encuentra el horror cotidiano de un r\u00e9gimen de desposesi\u00f3n que quienes manejan la comunidad internacional desde sus escritorios o sus usinas de terrorismo medi\u00e1tico, creyeron\u00a0poder ignorar.<\/p>\n<p>En Estados Unidos, la Universidad Harvard (en Cambridge) fue el epicentro de una pol\u00e9mica que r\u00e1pidamente se nacionaliz\u00f3: luego de la ofensiva de Hamas, 34 organizaciones estudiantiles suscribieron un comunicado del Comit\u00e9 de Solidaridad Palestina de Harvard y responsabilizaron \u201centeramente\u201d a Israel por la violencia. \u201cEl r\u00e9gimen de apartheid es el \u00fanico culpable\u201d, se\u00f1alaron los estudiantes.<\/p>\n<p>Mientras, la BBC brit\u00e1nica destac\u00f3 el legado de trauma y divisi\u00f3n que dejaron Reino Unido y Francia en Medio Oriente. Los brit\u00e1nicos atacaban pueblos enteros si sus tropas recib\u00edan ataques de rebeldes armados que operaban en las colinas, se\u00f1ala una nueva serie de radio de la BBC\u00a0que examina c\u00f3mo el control brit\u00e1nico y franc\u00e9s de Medio Oriente hace un siglo dio forma a la regi\u00f3n de maneras que a\u00fan resuenan hoy.<\/p>\n<p>El largo\u00a0conflicto entre Israel y Palestina, que ocup\u00f3 gran arte de la atenci\u00f3n mundial durante el siglo XX y que amenaza en constituirse en una de las claves de\u00a0la presenta centuria,\u00a0incentivado por la peligrosa alianza entre la derecha y la ultraderecha israel\u00ed, tendr\u00e1 m\u00faltiples y a\u00fan\u00a0impensadas derivaciones. Es imposible saber hasta d\u00f3nde puede llegar la amplificaci\u00f3n de este conflicto.<\/p>\n<p>&nbsp;<\/p>\n","protected":false},"excerpt":{"rendered":"<p>La\u00a0publicaci\u00f3n de fake news\u00a0y teor\u00edas de la conspiraci\u00f3n favorece tanto la viralizaci\u00f3n de las noticias como las reacciones emotivas y viscerales de un porcentaje notable de \u00a0usuarios. Y no se queda solo en las redes sociales, sino que llega a&hellip;<\/p>\n","protected":false},"author":1415,"featured_media":1774934,"comment_status":"closed","ping_status":"closed","sticky":false,"template":"","format":"standard","meta":{"footnotes":""},"categories":[75,79,71,1243],"tags":[94748,22330,49944,1495],"class_list":["post-1774917","post","type-post","status-publish","format-standard","has-post-thumbnail","hentry","category-cultura-es","category-derechos-humanos","category-medio-oriente-es","category-paz-desarme","tag-apartheid-israeli","tag-desinformacion","tag-fake-news-es","tag-gaza-es"],"yoast_head":"<!-- This site is optimized with the Yoast SEO plugin v27.1.1 - https:\/\/yoast.com\/product\/yoast-seo-wordpress\/ -->\n<title>La desinformaci\u00f3n abre un nuevo frente en el conflicto palestino-israel\u00ed<\/title>\n<meta name=\"description\" content=\"La\u00a0publicaci\u00f3n de fake news\u00a0y teor\u00edas de la conspiraci\u00f3n favorece tanto la viralizaci\u00f3n de las noticias como las reacciones emotivas y viscerales de un\" \/>\n<meta name=\"robots\" content=\"index, follow, max-snippet:-1, max-image-preview:large, max-video-preview:-1\" \/>\n<link rel=\"canonical\" href=\"https:\/\/www.pressenza.com\/es\/2023\/10\/la-desinformacion-abre-un-nuevo-frente-en-el-conflicto-palestino-israeli\/\" \/>\n<meta property=\"og:locale\" content=\"es_ES\" \/>\n<meta property=\"og:type\" content=\"article\" \/>\n<meta property=\"og:title\" content=\"La desinformaci\u00f3n abre un nuevo frente en el conflicto palestino-israel\u00ed\" \/>\n<meta property=\"og:description\" content=\"La\u00a0publicaci\u00f3n de fake news\u00a0y teor\u00edas de la conspiraci\u00f3n favorece tanto la viralizaci\u00f3n de las noticias como las reacciones emotivas y viscerales de un\" \/>\n<meta property=\"og:url\" content=\"https:\/\/www.pressenza.com\/es\/2023\/10\/la-desinformacion-abre-un-nuevo-frente-en-el-conflicto-palestino-israeli\/\" \/>\n<meta property=\"og:site_name\" content=\"Pressenza\" \/>\n<meta property=\"article:publisher\" content=\"https:\/\/www.facebook.com\/PressenzaItalia\" \/>\n<meta property=\"article:published_time\" content=\"2023-10-17T01:03:15+00:00\" \/>\n<meta property=\"og:image\" content=\"https:\/\/www.pressenza.com\/wp-content\/uploads\/2023\/10\/Smoke_rising_from_Israeli_airstrikes_on_Gaza_Strip_buildings.png\" \/>\n\t<meta property=\"og:image:width\" content=\"1024\" \/>\n\t<meta property=\"og:image:height\" content=\"573\" \/>\n\t<meta property=\"og:image:type\" content=\"image\/png\" \/>\n<meta name=\"author\" content=\"Aram Aharonian\" \/>\n<meta name=\"twitter:card\" content=\"summary_large_image\" \/>\n<meta name=\"twitter:creator\" content=\"@PressenzaIPA\" \/>\n<meta name=\"twitter:site\" content=\"@PressenzaIPA\" \/>\n<meta name=\"twitter:label1\" content=\"Escrito por\" \/>\n\t<meta name=\"twitter:data1\" content=\"Aram Aharonian\" \/>\n\t<meta name=\"twitter:label2\" content=\"Tiempo de lectura\" \/>\n\t<meta name=\"twitter:data2\" content=\"12 minutos\" \/>\n<script type=\"application\/ld+json\" class=\"yoast-schema-graph\">{\"@context\":\"https:\/\/schema.org\",\"@graph\":[{\"@type\":\"Article\",\"@id\":\"https:\/\/www.pressenza.com\/es\/2023\/10\/la-desinformacion-abre-un-nuevo-frente-en-el-conflicto-palestino-israeli\/#article\",\"isPartOf\":{\"@id\":\"https:\/\/www.pressenza.com\/es\/2023\/10\/la-desinformacion-abre-un-nuevo-frente-en-el-conflicto-palestino-israeli\/\"},\"author\":{\"name\":\"Aram Aharonian\",\"@id\":\"https:\/\/www.pressenza.com\/es\/#\/schema\/person\/777c39c93856c085c6d5931778fbf85f\"},\"headline\":\"La desinformaci\u00f3n abre un nuevo frente en el conflicto palestino-israel\u00ed\",\"datePublished\":\"2023-10-17T01:03:15+00:00\",\"mainEntityOfPage\":{\"@id\":\"https:\/\/www.pressenza.com\/es\/2023\/10\/la-desinformacion-abre-un-nuevo-frente-en-el-conflicto-palestino-israeli\/\"},\"wordCount\":2727,\"publisher\":{\"@id\":\"https:\/\/www.pressenza.com\/es\/#organization\"},\"image\":{\"@id\":\"https:\/\/www.pressenza.com\/es\/2023\/10\/la-desinformacion-abre-un-nuevo-frente-en-el-conflicto-palestino-israeli\/#primaryimage\"},\"thumbnailUrl\":\"https:\/\/www.pressenza.com\/wp-content\/uploads\/2023\/10\/Smoke_rising_from_Israeli_airstrikes_on_Gaza_Strip_buildings.png\",\"keywords\":[\"apartheid israel\u00ed\",\"desinformaci\u00f3n\",\"fake news\",\"Gaza\"],\"articleSection\":[\"Cultura y Medios\",\"Derechos Humanos\",\"Medio Oriente\",\"Paz y Desarme\"],\"inLanguage\":\"es\"},{\"@type\":\"WebPage\",\"@id\":\"https:\/\/www.pressenza.com\/es\/2023\/10\/la-desinformacion-abre-un-nuevo-frente-en-el-conflicto-palestino-israeli\/\",\"url\":\"https:\/\/www.pressenza.com\/es\/2023\/10\/la-desinformacion-abre-un-nuevo-frente-en-el-conflicto-palestino-israeli\/\",\"name\":\"La desinformaci\u00f3n abre un nuevo frente en el conflicto palestino-israel\u00ed\",\"isPartOf\":{\"@id\":\"https:\/\/www.pressenza.com\/es\/#website\"},\"primaryImageOfPage\":{\"@id\":\"https:\/\/www.pressenza.com\/es\/2023\/10\/la-desinformacion-abre-un-nuevo-frente-en-el-conflicto-palestino-israeli\/#primaryimage\"},\"image\":{\"@id\":\"https:\/\/www.pressenza.com\/es\/2023\/10\/la-desinformacion-abre-un-nuevo-frente-en-el-conflicto-palestino-israeli\/#primaryimage\"},\"thumbnailUrl\":\"https:\/\/www.pressenza.com\/wp-content\/uploads\/2023\/10\/Smoke_rising_from_Israeli_airstrikes_on_Gaza_Strip_buildings.png\",\"datePublished\":\"2023-10-17T01:03:15+00:00\",\"description\":\"La\u00a0publicaci\u00f3n de fake news\u00a0y teor\u00edas de la conspiraci\u00f3n favorece tanto la viralizaci\u00f3n de las noticias como las reacciones emotivas y viscerales de un\",\"breadcrumb\":{\"@id\":\"https:\/\/www.pressenza.com\/es\/2023\/10\/la-desinformacion-abre-un-nuevo-frente-en-el-conflicto-palestino-israeli\/#breadcrumb\"},\"inLanguage\":\"es\",\"potentialAction\":[{\"@type\":\"ReadAction\",\"target\":[\"https:\/\/www.pressenza.com\/es\/2023\/10\/la-desinformacion-abre-un-nuevo-frente-en-el-conflicto-palestino-israeli\/\"]}]},{\"@type\":\"ImageObject\",\"inLanguage\":\"es\",\"@id\":\"https:\/\/www.pressenza.com\/es\/2023\/10\/la-desinformacion-abre-un-nuevo-frente-en-el-conflicto-palestino-israeli\/#primaryimage\",\"url\":\"https:\/\/www.pressenza.com\/wp-content\/uploads\/2023\/10\/Smoke_rising_from_Israeli_airstrikes_on_Gaza_Strip_buildings.png\",\"contentUrl\":\"https:\/\/www.pressenza.com\/wp-content\/uploads\/2023\/10\/Smoke_rising_from_Israeli_airstrikes_on_Gaza_Strip_buildings.png\",\"width\":1024,\"height\":573},{\"@type\":\"BreadcrumbList\",\"@id\":\"https:\/\/www.pressenza.com\/es\/2023\/10\/la-desinformacion-abre-un-nuevo-frente-en-el-conflicto-palestino-israeli\/#breadcrumb\",\"itemListElement\":[{\"@type\":\"ListItem\",\"position\":1,\"name\":\"Accueil\",\"item\":\"https:\/\/www.pressenza.com\/es\/\"},{\"@type\":\"ListItem\",\"position\":2,\"name\":\"La desinformaci\u00f3n abre un nuevo frente en el conflicto palestino-israel\u00ed\"}]},{\"@type\":\"WebSite\",\"@id\":\"https:\/\/www.pressenza.com\/es\/#website\",\"url\":\"https:\/\/www.pressenza.com\/es\/\",\"name\":\"Pressenza\",\"description\":\"International Press Agency\",\"publisher\":{\"@id\":\"https:\/\/www.pressenza.com\/es\/#organization\"},\"potentialAction\":[{\"@type\":\"SearchAction\",\"target\":{\"@type\":\"EntryPoint\",\"urlTemplate\":\"https:\/\/www.pressenza.com\/es\/?s={search_term_string}\"},\"query-input\":{\"@type\":\"PropertyValueSpecification\",\"valueRequired\":true,\"valueName\":\"search_term_string\"}}],\"inLanguage\":\"es\"},{\"@type\":\"Organization\",\"@id\":\"https:\/\/www.pressenza.com\/es\/#organization\",\"name\":\"Pressenza\",\"url\":\"https:\/\/www.pressenza.com\/es\/\",\"logo\":{\"@type\":\"ImageObject\",\"inLanguage\":\"es\",\"@id\":\"https:\/\/www.pressenza.com\/es\/#\/schema\/logo\/image\/\",\"url\":\"https:\/\/www.pressenza.com\/wp-content\/uploads\/2022\/10\/pressenza_logo_200x200.jpg\",\"contentUrl\":\"https:\/\/www.pressenza.com\/wp-content\/uploads\/2022\/10\/pressenza_logo_200x200.jpg\",\"width\":200,\"height\":200,\"caption\":\"Pressenza\"},\"image\":{\"@id\":\"https:\/\/www.pressenza.com\/es\/#\/schema\/logo\/image\/\"},\"sameAs\":[\"https:\/\/www.facebook.com\/PressenzaItalia\",\"https:\/\/x.com\/PressenzaIPA\"]},{\"@type\":\"Person\",\"@id\":\"https:\/\/www.pressenza.com\/es\/#\/schema\/person\/777c39c93856c085c6d5931778fbf85f\",\"name\":\"Aram Aharonian\",\"description\":\"Magister en Integraci\u00f3n, periodista y docente uruguayo, fundador de Telesur, director del Observatorio en Comunicaci\u00f3n y Democracia, presidente de la Fundaci\u00f3n para la Integraci\u00f3n Latinoamericana.\",\"url\":\"https:\/\/www.pressenza.com\/es\/author\/aram-aharonian\/\"}]}<\/script>\n<!-- \/ Yoast SEO plugin. -->","yoast_head_json":{"title":"La desinformaci\u00f3n abre un nuevo frente en el conflicto palestino-israel\u00ed","description":"La\u00a0publicaci\u00f3n de fake news\u00a0y teor\u00edas de la conspiraci\u00f3n favorece tanto la viralizaci\u00f3n de las noticias como las reacciones emotivas y viscerales de un","robots":{"index":"index","follow":"follow","max-snippet":"max-snippet:-1","max-image-preview":"max-image-preview:large","max-video-preview":"max-video-preview:-1"},"canonical":"https:\/\/www.pressenza.com\/es\/2023\/10\/la-desinformacion-abre-un-nuevo-frente-en-el-conflicto-palestino-israeli\/","og_locale":"es_ES","og_type":"article","og_title":"La desinformaci\u00f3n abre un nuevo frente en el conflicto palestino-israel\u00ed","og_description":"La\u00a0publicaci\u00f3n de fake news\u00a0y teor\u00edas de la conspiraci\u00f3n favorece tanto la viralizaci\u00f3n de las noticias como las reacciones emotivas y viscerales de un","og_url":"https:\/\/www.pressenza.com\/es\/2023\/10\/la-desinformacion-abre-un-nuevo-frente-en-el-conflicto-palestino-israeli\/","og_site_name":"Pressenza","article_publisher":"https:\/\/www.facebook.com\/PressenzaItalia","article_published_time":"2023-10-17T01:03:15+00:00","og_image":[{"width":1024,"height":573,"url":"https:\/\/www.pressenza.com\/wp-content\/uploads\/2023\/10\/Smoke_rising_from_Israeli_airstrikes_on_Gaza_Strip_buildings.png","type":"image\/png"}],"author":"Aram Aharonian","twitter_card":"summary_large_image","twitter_creator":"@PressenzaIPA","twitter_site":"@PressenzaIPA","twitter_misc":{"Escrito por":"Aram Aharonian","Tiempo de lectura":"12 minutos"},"schema":{"@context":"https:\/\/schema.org","@graph":[{"@type":"Article","@id":"https:\/\/www.pressenza.com\/es\/2023\/10\/la-desinformacion-abre-un-nuevo-frente-en-el-conflicto-palestino-israeli\/#article","isPartOf":{"@id":"https:\/\/www.pressenza.com\/es\/2023\/10\/la-desinformacion-abre-un-nuevo-frente-en-el-conflicto-palestino-israeli\/"},"author":{"name":"Aram Aharonian","@id":"https:\/\/www.pressenza.com\/es\/#\/schema\/person\/777c39c93856c085c6d5931778fbf85f"},"headline":"La desinformaci\u00f3n abre un nuevo frente en el conflicto palestino-israel\u00ed","datePublished":"2023-10-17T01:03:15+00:00","mainEntityOfPage":{"@id":"https:\/\/www.pressenza.com\/es\/2023\/10\/la-desinformacion-abre-un-nuevo-frente-en-el-conflicto-palestino-israeli\/"},"wordCount":2727,"publisher":{"@id":"https:\/\/www.pressenza.com\/es\/#organization"},"image":{"@id":"https:\/\/www.pressenza.com\/es\/2023\/10\/la-desinformacion-abre-un-nuevo-frente-en-el-conflicto-palestino-israeli\/#primaryimage"},"thumbnailUrl":"https:\/\/www.pressenza.com\/wp-content\/uploads\/2023\/10\/Smoke_rising_from_Israeli_airstrikes_on_Gaza_Strip_buildings.png","keywords":["apartheid israel\u00ed","desinformaci\u00f3n","fake news","Gaza"],"articleSection":["Cultura y Medios","Derechos Humanos","Medio Oriente","Paz y Desarme"],"inLanguage":"es"},{"@type":"WebPage","@id":"https:\/\/www.pressenza.com\/es\/2023\/10\/la-desinformacion-abre-un-nuevo-frente-en-el-conflicto-palestino-israeli\/","url":"https:\/\/www.pressenza.com\/es\/2023\/10\/la-desinformacion-abre-un-nuevo-frente-en-el-conflicto-palestino-israeli\/","name":"La desinformaci\u00f3n abre un nuevo frente en el conflicto palestino-israel\u00ed","isPartOf":{"@id":"https:\/\/www.pressenza.com\/es\/#website"},"primaryImageOfPage":{"@id":"https:\/\/www.pressenza.com\/es\/2023\/10\/la-desinformacion-abre-un-nuevo-frente-en-el-conflicto-palestino-israeli\/#primaryimage"},"image":{"@id":"https:\/\/www.pressenza.com\/es\/2023\/10\/la-desinformacion-abre-un-nuevo-frente-en-el-conflicto-palestino-israeli\/#primaryimage"},"thumbnailUrl":"https:\/\/www.pressenza.com\/wp-content\/uploads\/2023\/10\/Smoke_rising_from_Israeli_airstrikes_on_Gaza_Strip_buildings.png","datePublished":"2023-10-17T01:03:15+00:00","description":"La\u00a0publicaci\u00f3n de fake news\u00a0y teor\u00edas de la conspiraci\u00f3n favorece tanto la viralizaci\u00f3n de las noticias como las reacciones emotivas y viscerales de un","breadcrumb":{"@id":"https:\/\/www.pressenza.com\/es\/2023\/10\/la-desinformacion-abre-un-nuevo-frente-en-el-conflicto-palestino-israeli\/#breadcrumb"},"inLanguage":"es","potentialAction":[{"@type":"ReadAction","target":["https:\/\/www.pressenza.com\/es\/2023\/10\/la-desinformacion-abre-un-nuevo-frente-en-el-conflicto-palestino-israeli\/"]}]},{"@type":"ImageObject","inLanguage":"es","@id":"https:\/\/www.pressenza.com\/es\/2023\/10\/la-desinformacion-abre-un-nuevo-frente-en-el-conflicto-palestino-israeli\/#primaryimage","url":"https:\/\/www.pressenza.com\/wp-content\/uploads\/2023\/10\/Smoke_rising_from_Israeli_airstrikes_on_Gaza_Strip_buildings.png","contentUrl":"https:\/\/www.pressenza.com\/wp-content\/uploads\/2023\/10\/Smoke_rising_from_Israeli_airstrikes_on_Gaza_Strip_buildings.png","width":1024,"height":573},{"@type":"BreadcrumbList","@id":"https:\/\/www.pressenza.com\/es\/2023\/10\/la-desinformacion-abre-un-nuevo-frente-en-el-conflicto-palestino-israeli\/#breadcrumb","itemListElement":[{"@type":"ListItem","position":1,"name":"Accueil","item":"https:\/\/www.pressenza.com\/es\/"},{"@type":"ListItem","position":2,"name":"La desinformaci\u00f3n abre un nuevo frente en el conflicto palestino-israel\u00ed"}]},{"@type":"WebSite","@id":"https:\/\/www.pressenza.com\/es\/#website","url":"https:\/\/www.pressenza.com\/es\/","name":"Pressenza","description":"International Press Agency","publisher":{"@id":"https:\/\/www.pressenza.com\/es\/#organization"},"potentialAction":[{"@type":"SearchAction","target":{"@type":"EntryPoint","urlTemplate":"https:\/\/www.pressenza.com\/es\/?s={search_term_string}"},"query-input":{"@type":"PropertyValueSpecification","valueRequired":true,"valueName":"search_term_string"}}],"inLanguage":"es"},{"@type":"Organization","@id":"https:\/\/www.pressenza.com\/es\/#organization","name":"Pressenza","url":"https:\/\/www.pressenza.com\/es\/","logo":{"@type":"ImageObject","inLanguage":"es","@id":"https:\/\/www.pressenza.com\/es\/#\/schema\/logo\/image\/","url":"https:\/\/www.pressenza.com\/wp-content\/uploads\/2022\/10\/pressenza_logo_200x200.jpg","contentUrl":"https:\/\/www.pressenza.com\/wp-content\/uploads\/2022\/10\/pressenza_logo_200x200.jpg","width":200,"height":200,"caption":"Pressenza"},"image":{"@id":"https:\/\/www.pressenza.com\/es\/#\/schema\/logo\/image\/"},"sameAs":["https:\/\/www.facebook.com\/PressenzaItalia","https:\/\/x.com\/PressenzaIPA"]},{"@type":"Person","@id":"https:\/\/www.pressenza.com\/es\/#\/schema\/person\/777c39c93856c085c6d5931778fbf85f","name":"Aram Aharonian","description":"Magister en Integraci\u00f3n, periodista y docente uruguayo, fundador de Telesur, director del Observatorio en Comunicaci\u00f3n y Democracia, presidente de la Fundaci\u00f3n para la Integraci\u00f3n Latinoamericana.","url":"https:\/\/www.pressenza.com\/es\/author\/aram-aharonian\/"}]}},"place":"","original_article_url":"https:\/\/estrategia.la\/2023\/10\/16\/la-desinformacion-abre-un-nuevo-frente-en-el-conflicto-palestino-israeli\/","_links":{"self":[{"href":"https:\/\/www.pressenza.com\/es\/wp-json\/wp\/v2\/posts\/1774917","targetHints":{"allow":["GET"]}}],"collection":[{"href":"https:\/\/www.pressenza.com\/es\/wp-json\/wp\/v2\/posts"}],"about":[{"href":"https:\/\/www.pressenza.com\/es\/wp-json\/wp\/v2\/types\/post"}],"author":[{"embeddable":true,"href":"https:\/\/www.pressenza.com\/es\/wp-json\/wp\/v2\/users\/1415"}],"replies":[{"embeddable":true,"href":"https:\/\/www.pressenza.com\/es\/wp-json\/wp\/v2\/comments?post=1774917"}],"version-history":[{"count":0,"href":"https:\/\/www.pressenza.com\/es\/wp-json\/wp\/v2\/posts\/1774917\/revisions"}],"wp:featuredmedia":[{"embeddable":true,"href":"https:\/\/www.pressenza.com\/es\/wp-json\/wp\/v2\/media\/1774934"}],"wp:attachment":[{"href":"https:\/\/www.pressenza.com\/es\/wp-json\/wp\/v2\/media?parent=1774917"}],"wp:term":[{"taxonomy":"category","embeddable":true,"href":"https:\/\/www.pressenza.com\/es\/wp-json\/wp\/v2\/categories?post=1774917"},{"taxonomy":"post_tag","embeddable":true,"href":"https:\/\/www.pressenza.com\/es\/wp-json\/wp\/v2\/tags?post=1774917"}],"curies":[{"name":"wp","href":"https:\/\/api.w.org\/{rel}","templated":true}]}}