{"id":1773607,"date":"2023-10-12T00:59:49","date_gmt":"2023-10-11T23:59:49","guid":{"rendered":"https:\/\/www.pressenza.com\/?p=1773607"},"modified":"2023-10-12T00:59:49","modified_gmt":"2023-10-11T23:59:49","slug":"la-llegada","status":"publish","type":"post","link":"https:\/\/www.pressenza.com\/es\/2023\/10\/la-llegada\/","title":{"rendered":"La llegada"},"content":{"rendered":"<p>As\u00ed es una inc\u00f3gnita la llegada de los primeros habitantes en llegar al Nuevo Mundo, otros pasaron sin dejar huella palpable: los escandinavos o vikingos, otros apoyan la teor\u00eda que fueron los chinos los primeros en arribar a este continente, otros tantos desde la polinesia o por puentes cubierto de hielo escapando del hambre y la muerte.<\/p>\n<p>En nuestro calendario gregoriano, destaca una fecha, 12 de octubre, se recuerda como en cada a\u00f1o, una nueva fecha, marcada en la memoria de todos nosotros, porque hace m\u00e1s de cinco siglos, quinientos treinta y un a\u00f1os para ser exactos, dos visiones de mundos se reconocieron: cara a cara. A\u00fan a trav\u00e9s de los siglos, podr\u00edamos ser capaces de visualizar perfectamente como se produjo \u00abLa llegada\u00bb entre estas dos nuevas culturas.<\/p>\n<p>Los pies de una familia est\u00e1n marcados en la arena y sus huellas muestran un largo camino que va, desde las aguas del mar hasta el palmeral m\u00e1s pr\u00f3ximo. Estuvieron, seg\u00fan creo, pescando o mariscando. Una red, unas cuerdas vegetales trenzadas y otros utensilios de pesca, quedaron olvidados entre las rocas, lo que me hace suponer que el grupo sali\u00f3 r\u00e1pidamente del lugar. A lo lejos, se puede ver al padre liderando la caminata y m\u00e1s atr\u00e1s, a la madre, una mujer delgada y quemada por el sol, se apresura a alcanzarlo en compa\u00f1\u00eda de sus dos hijos peque\u00f1os. Est\u00e1n sorprendidos, no asustados. Cada cierto trecho, voltean la mirada para registrar detalladamente lo que ven, para luego, continuar apresuradamente su camino. Mientras ambos padres estaban sumergidos en el agua salada, capturando algunos peces o mariscos para el almuerzo.<\/p>\n<p>Los peque\u00f1os Moa (espiga) y Yamanik (esmeralda) se divert\u00edan jugando con mont\u00edculos de conchas marinas y haciendo agujeros en la arena h\u00fameda. De pronto, Yamanik, el m\u00e1s inquieto de los ni\u00f1os, observ\u00f3 una nube oscura a los lejos. Al principio no le dio importancia, pero luego, se percat\u00f3 que esa figura, no era una nube\u2026era algo que no hab\u00eda visto nunca en su vida. Se acerc\u00f3 a su hermano Moa y lo forz\u00f3 a mirar. Los hermanitos cruzaron sus miradas y comprendieron sin hablar, que deb\u00edan dec\u00edrselos a sus padres. Moa, el mayor de los hermanos, con el rostro agitado, comenz\u00f3 a indicar con gestos y sonidos de su lengua, a los padres, la extra\u00f1a figura que se aproximaba a la costa. Sus enormes ojos de un negro aterciopelado no pod\u00edan dejar de otear a la distancia, para tratar de descifrar lo que se aproximaba directo hacia ellos. Intentaba comunicarse con los padres, pero ambos, continuaban concentrados en su tarea de pesca, sumergidos en las aguas color turquesa, saliendo a respirar de vez en cuando. Moa, agarr\u00f3 entonces, unas conchas y las lanz\u00f3 al sector donde se encontraban sus progenitores.<\/p>\n<p>El padre, de rostro angulado, curtido por el sol y el mar salado, levant\u00f3 la mirada mientras el agua chorreaba de su larga cabellera. Yamanik, le hac\u00eda gestos para que viera lo que se aproximaba a sus espaldas. Naayari, el padre y jefe de la familia, se qued\u00f3 absorto y maravillado, observando el objeto que se acercaba a la costa. Le pareci\u00f3 que era una especie de p\u00e1jaro gigante que se deslizaba \u00e1gilmente en las aguas. La estructura, ten\u00eda muchas alas blancas que se agitaban suavemente con el viento y algunas marcas rojas que se destacaban en ellas. &#8211; \u00a1Guabairo! -musit\u00f3 el hombre sin poder creerlo, como convenci\u00e9ndose a s\u00ed mismo. \u00a1Guabairo! &#8211; Repitieron los ni\u00f1os. La madre, que hab\u00eda emergido a respirar, sorprendida tambi\u00e9n, se par\u00f3 al costado del hombre y luego sali\u00f3 del agua para acercarse a sus hijos y abrazarlos en forma protectora sin dejar de observar al guabairo (p\u00e1jaro).<\/p>\n<p>El grupo familiar, continu\u00f3 observando por mucho tiempo, ensimismado lo que acontec\u00eda en el mar, hasta que el guabairo, se detuvo a unos cientos de metros de la arena y de su cuerpo aparecieron otros guabairos menores, que fueron montados por unas figuras con extra\u00f1a forma humana, que llevaban la cabeza y el cuerpo cubierto y algunos objetos que destellaban con el sol. Entonces, Naayari, reuni\u00f3 a su familia y decidi\u00f3 que era tiempo de regresar con su gente para contarles lo que estaba sucediendo. Tal vez ellos, podr\u00edan explicar qui\u00e9nes eran esos seres extra\u00f1os que se dirig\u00edan a la playa. En sus corazones, que lat\u00edan con fuerza, hab\u00eda una mezcla de sentimientos. Por un lado, sent\u00edan curiosidad y deseaban quedarse cerca de las aguas, para ver mejor de qu\u00e9 se trataba esta singular visita. Y por otra parte, esperaban llegar r\u00e1pidamente hasta su gente para contarles las buenas nuevas y que supieran que all\u00e1, en el mar azul, calmo y sereno, estaban arribando estos extra\u00f1os seres con objetos destellantes, que hab\u00edan salido de un guabairo gigante y majestuoso.<\/p>\n<p>\u00bfQu\u00e9 les deparar\u00eda el futuro con la llegada de estos nuevos individuos? \u00bfAcaso era alguna se\u00f1al de los dioses? \u00bfSer\u00e1n estos seres, las luces de sus antepasados, que regresan a buscarlos montados en un gran guabairo? \u00bfEstaremos preparados y seremos dignos de su encuentro? Todas estas interrogantes, atravesaban los pensamientos del hombre, mientras caminaba al campamento junto a su amada familia.<\/p>\n<p>M\u00e1s all\u00e1, su gente que ya estaba enterada de todo, desconcertados, alterados por los nuevos acontecimientos, murmuraban entre ellos buscando explicaciones, le\u00edan las piedras intentando descifrar lo que ocurr\u00eda y atizaban nerviosamente las llamas de una fogata para hacerla de mayor tama\u00f1o, como para darse fuerzas. Desde lo alto, pod\u00edan ver que la playa, se llenaba de estas nuevas figuras que se sentaban en la arena y se dispersaban por los alrededores. Naayari, su familia y la gente del poblado, se preparaban, agrup\u00e1ndose en una gran comitiva para bajar todos juntos, unidos, como era su costumbre, como lo hac\u00edan siempre que era necesario, a un contacto decisivo con los reci\u00e9n llegados\u2026Esta llegada no era como los anteriores\u2026era especial\u2026era extraordinario\u2026Era un encuentro\u2026 con\u00a0lo\u00a0desconocido.<\/p>\n<p><em><strong>Audio exclusivamente para personas con discapacidad visual<\/strong><\/em><\/p>\n<!--[if lt IE 9]><script>document.createElement('audio');<\/script><![endif]-->\n\t<div class=\"wp-playlist wp-audio-playlist wp-playlist-light\">\n\t\t\t<div class=\"wp-playlist-current-item\"><\/div>\n\t\t<audio controls=\"controls\" preload=\"none\" width=\"640\"\n\t\t\t><\/audio>\n\t<div class=\"wp-playlist-next\"><\/div>\n\t<div class=\"wp-playlist-prev\"><\/div>\n\t<noscript>\n\t<ol>\n\t\t<li><a href='https:\/\/www.pressenza.com\/wp-content\/uploads\/2023\/10\/La-llegada.mp3'>La llegada<\/a><\/li>\t<\/ol>\n\t<\/noscript>\n\t<script type=\"application\/json\" class=\"wp-playlist-script\">{\"type\":\"audio\",\"tracklist\":true,\"tracknumbers\":true,\"images\":true,\"artists\":true,\"tracks\":[{\"src\":\"https:\\\/\\\/www.pressenza.com\\\/wp-content\\\/uploads\\\/2023\\\/10\\\/La-llegada.mp3\",\"type\":\"audio\\\/mpeg\",\"title\":\"La llegada\",\"caption\":\"\",\"description\":\"\\u00abLa llegada\\u00bb.\",\"meta\":{\"length_formatted\":\"6:34\"},\"image\":{\"src\":\"https:\\\/\\\/www.pressenza.com\\\/wp-includes\\\/images\\\/media\\\/audio.svg\",\"width\":48,\"height\":64},\"thumb\":{\"src\":\"https:\\\/\\\/www.pressenza.com\\\/wp-includes\\\/images\\\/media\\\/audio.svg\",\"width\":48,\"height\":64}}]}<\/script>\n<\/div>\n\t\n<p><strong>Olga Balladares y Gladys Mendoza<\/strong><\/p>\n<p>Miembros de Convergencia de las Culturas<\/p>\n","protected":false},"excerpt":{"rendered":"<p>As\u00ed es una inc\u00f3gnita la llegada de los primeros habitantes en llegar al Nuevo Mundo, otros pasaron sin dejar huella palpable: los escandinavos o vikingos, otros apoyan la teor\u00eda que fueron los chinos los primeros en arribar a este continente,&hellip;<\/p>\n","protected":false},"author":389,"featured_media":1773609,"comment_status":"closed","ping_status":"closed","sticky":false,"template":"","format":"standard","meta":{"footnotes":""},"categories":[69,11389,54574,161,67],"tags":[1014],"class_list":["post-1773607","post","type-post","status-publish","format-standard","has-post-thumbnail","hentry","category-america-central","category-contenido-original","category-migrantes-es","category-opiniones","category-sudamerica","tag-migraciones"],"yoast_head":"<!-- This site is optimized with the Yoast SEO plugin v27.1.1 - https:\/\/yoast.com\/product\/yoast-seo-wordpress\/ -->\n<title>La llegada<\/title>\n<meta name=\"description\" content=\"As\u00ed es una inc\u00f3gnita la llegada de los primeros habitantes en llegar al Nuevo Mundo, otros pasaron sin dejar huella palpable: los escandinavos o vikingos,\" \/>\n<meta name=\"robots\" content=\"index, follow, max-snippet:-1, max-image-preview:large, max-video-preview:-1\" \/>\n<link rel=\"canonical\" href=\"https:\/\/www.pressenza.com\/es\/2023\/10\/la-llegada\/\" \/>\n<meta property=\"og:locale\" content=\"es_ES\" \/>\n<meta property=\"og:type\" content=\"article\" \/>\n<meta property=\"og:title\" content=\"La llegada\" \/>\n<meta property=\"og:description\" content=\"As\u00ed es una inc\u00f3gnita la llegada de los primeros habitantes en llegar al Nuevo Mundo, otros pasaron sin dejar huella palpable: los escandinavos o vikingos,\" \/>\n<meta property=\"og:url\" content=\"https:\/\/www.pressenza.com\/es\/2023\/10\/la-llegada\/\" \/>\n<meta property=\"og:site_name\" content=\"Pressenza\" \/>\n<meta property=\"article:publisher\" content=\"https:\/\/www.facebook.com\/PressenzaItalia\" \/>\n<meta property=\"article:author\" content=\"https:\/\/www.facebook.com\/ConvergenceOfCultures?fref=ts\" \/>\n<meta property=\"article:published_time\" content=\"2023-10-11T23:59:49+00:00\" \/>\n<meta property=\"og:image\" content=\"https:\/\/www.pressenza.com\/wp-content\/uploads\/2023\/10\/wall_painted_street_art_barcelona_look_spain_indigent_pictures-619174.jpg\" \/>\n\t<meta property=\"og:image:width\" content=\"1200\" \/>\n\t<meta property=\"og:image:height\" content=\"978\" \/>\n\t<meta property=\"og:image:type\" content=\"image\/jpeg\" \/>\n<meta name=\"author\" content=\"Convergencia de las Culturas\" \/>\n<meta name=\"twitter:card\" content=\"summary_large_image\" \/>\n<meta name=\"twitter:creator\" content=\"@PressenzaIPA\" \/>\n<meta name=\"twitter:site\" content=\"@PressenzaIPA\" \/>\n<meta name=\"twitter:label1\" content=\"Escrito por\" \/>\n\t<meta name=\"twitter:data1\" content=\"Convergencia de las Culturas\" \/>\n\t<meta name=\"twitter:label2\" content=\"Tiempo de lectura\" \/>\n\t<meta name=\"twitter:data2\" content=\"5 minutos\" \/>\n<script type=\"application\/ld+json\" class=\"yoast-schema-graph\">{\"@context\":\"https:\/\/schema.org\",\"@graph\":[{\"@type\":\"Article\",\"@id\":\"https:\/\/www.pressenza.com\/es\/2023\/10\/la-llegada\/#article\",\"isPartOf\":{\"@id\":\"https:\/\/www.pressenza.com\/es\/2023\/10\/la-llegada\/\"},\"author\":{\"name\":\"Convergencia de las Culturas\",\"@id\":\"https:\/\/www.pressenza.com\/es\/#\/schema\/person\/38598fb70b9162100457e7983ae8b548\"},\"headline\":\"La llegada\",\"datePublished\":\"2023-10-11T23:59:49+00:00\",\"mainEntityOfPage\":{\"@id\":\"https:\/\/www.pressenza.com\/es\/2023\/10\/la-llegada\/\"},\"wordCount\":1059,\"publisher\":{\"@id\":\"https:\/\/www.pressenza.com\/es\/#organization\"},\"image\":{\"@id\":\"https:\/\/www.pressenza.com\/es\/2023\/10\/la-llegada\/#primaryimage\"},\"thumbnailUrl\":\"https:\/\/www.pressenza.com\/wp-content\/uploads\/2023\/10\/wall_painted_street_art_barcelona_look_spain_indigent_pictures-619174.jpg\",\"keywords\":[\"migraciones\"],\"articleSection\":[\"Am\u00e9rica Central\",\"Contenido Original\",\"Migrantes\",\"Opiniones\",\"Sudam\u00e9rica\"],\"inLanguage\":\"es\"},{\"@type\":\"WebPage\",\"@id\":\"https:\/\/www.pressenza.com\/es\/2023\/10\/la-llegada\/\",\"url\":\"https:\/\/www.pressenza.com\/es\/2023\/10\/la-llegada\/\",\"name\":\"La llegada\",\"isPartOf\":{\"@id\":\"https:\/\/www.pressenza.com\/es\/#website\"},\"primaryImageOfPage\":{\"@id\":\"https:\/\/www.pressenza.com\/es\/2023\/10\/la-llegada\/#primaryimage\"},\"image\":{\"@id\":\"https:\/\/www.pressenza.com\/es\/2023\/10\/la-llegada\/#primaryimage\"},\"thumbnailUrl\":\"https:\/\/www.pressenza.com\/wp-content\/uploads\/2023\/10\/wall_painted_street_art_barcelona_look_spain_indigent_pictures-619174.jpg\",\"datePublished\":\"2023-10-11T23:59:49+00:00\",\"description\":\"As\u00ed es una inc\u00f3gnita la llegada de los primeros habitantes en llegar al Nuevo Mundo, otros pasaron sin dejar huella palpable: los escandinavos o vikingos,\",\"breadcrumb\":{\"@id\":\"https:\/\/www.pressenza.com\/es\/2023\/10\/la-llegada\/#breadcrumb\"},\"inLanguage\":\"es\",\"potentialAction\":[{\"@type\":\"ReadAction\",\"target\":[\"https:\/\/www.pressenza.com\/es\/2023\/10\/la-llegada\/\"]}]},{\"@type\":\"ImageObject\",\"inLanguage\":\"es\",\"@id\":\"https:\/\/www.pressenza.com\/es\/2023\/10\/la-llegada\/#primaryimage\",\"url\":\"https:\/\/www.pressenza.com\/wp-content\/uploads\/2023\/10\/wall_painted_street_art_barcelona_look_spain_indigent_pictures-619174.jpg\",\"contentUrl\":\"https:\/\/www.pressenza.com\/wp-content\/uploads\/2023\/10\/wall_painted_street_art_barcelona_look_spain_indigent_pictures-619174.jpg\",\"width\":1200,\"height\":978},{\"@type\":\"BreadcrumbList\",\"@id\":\"https:\/\/www.pressenza.com\/es\/2023\/10\/la-llegada\/#breadcrumb\",\"itemListElement\":[{\"@type\":\"ListItem\",\"position\":1,\"name\":\"Accueil\",\"item\":\"https:\/\/www.pressenza.com\/es\/\"},{\"@type\":\"ListItem\",\"position\":2,\"name\":\"La llegada\"}]},{\"@type\":\"WebSite\",\"@id\":\"https:\/\/www.pressenza.com\/es\/#website\",\"url\":\"https:\/\/www.pressenza.com\/es\/\",\"name\":\"Pressenza\",\"description\":\"International Press Agency\",\"publisher\":{\"@id\":\"https:\/\/www.pressenza.com\/es\/#organization\"},\"potentialAction\":[{\"@type\":\"SearchAction\",\"target\":{\"@type\":\"EntryPoint\",\"urlTemplate\":\"https:\/\/www.pressenza.com\/es\/?s={search_term_string}\"},\"query-input\":{\"@type\":\"PropertyValueSpecification\",\"valueRequired\":true,\"valueName\":\"search_term_string\"}}],\"inLanguage\":\"es\"},{\"@type\":\"Organization\",\"@id\":\"https:\/\/www.pressenza.com\/es\/#organization\",\"name\":\"Pressenza\",\"url\":\"https:\/\/www.pressenza.com\/es\/\",\"logo\":{\"@type\":\"ImageObject\",\"inLanguage\":\"es\",\"@id\":\"https:\/\/www.pressenza.com\/es\/#\/schema\/logo\/image\/\",\"url\":\"https:\/\/www.pressenza.com\/wp-content\/uploads\/2022\/10\/pressenza_logo_200x200.jpg\",\"contentUrl\":\"https:\/\/www.pressenza.com\/wp-content\/uploads\/2022\/10\/pressenza_logo_200x200.jpg\",\"width\":200,\"height\":200,\"caption\":\"Pressenza\"},\"image\":{\"@id\":\"https:\/\/www.pressenza.com\/es\/#\/schema\/logo\/image\/\"},\"sameAs\":[\"https:\/\/www.facebook.com\/PressenzaItalia\",\"https:\/\/x.com\/PressenzaIPA\"]},{\"@type\":\"Person\",\"@id\":\"https:\/\/www.pressenza.com\/es\/#\/schema\/person\/38598fb70b9162100457e7983ae8b548\",\"name\":\"Convergencia de las Culturas\",\"description\":\"Convergence of Cultures is an organism that is part of the Humanist Movement. Its mission is: 1. To facilitate and stimulate dialogue between cultures. 2. To fight discrimination and violence. 3. To take its proposal to all latitudes. www.convergenceofcultures.org\",\"sameAs\":[\"https:\/\/www.facebook.com\/ConvergenceOfCultures?fref=ts\"],\"url\":\"https:\/\/www.pressenza.com\/es\/author\/convergencia-de-las-culturas\/\"}]}<\/script>\n<!-- \/ Yoast SEO plugin. -->","yoast_head_json":{"title":"La llegada","description":"As\u00ed es una inc\u00f3gnita la llegada de los primeros habitantes en llegar al Nuevo Mundo, otros pasaron sin dejar huella palpable: los escandinavos o vikingos,","robots":{"index":"index","follow":"follow","max-snippet":"max-snippet:-1","max-image-preview":"max-image-preview:large","max-video-preview":"max-video-preview:-1"},"canonical":"https:\/\/www.pressenza.com\/es\/2023\/10\/la-llegada\/","og_locale":"es_ES","og_type":"article","og_title":"La llegada","og_description":"As\u00ed es una inc\u00f3gnita la llegada de los primeros habitantes en llegar al Nuevo Mundo, otros pasaron sin dejar huella palpable: los escandinavos o vikingos,","og_url":"https:\/\/www.pressenza.com\/es\/2023\/10\/la-llegada\/","og_site_name":"Pressenza","article_publisher":"https:\/\/www.facebook.com\/PressenzaItalia","article_author":"https:\/\/www.facebook.com\/ConvergenceOfCultures?fref=ts","article_published_time":"2023-10-11T23:59:49+00:00","og_image":[{"width":1200,"height":978,"url":"https:\/\/www.pressenza.com\/wp-content\/uploads\/2023\/10\/wall_painted_street_art_barcelona_look_spain_indigent_pictures-619174.jpg","type":"image\/jpeg"}],"author":"Convergencia de las Culturas","twitter_card":"summary_large_image","twitter_creator":"@PressenzaIPA","twitter_site":"@PressenzaIPA","twitter_misc":{"Escrito por":"Convergencia de las Culturas","Tiempo de lectura":"5 minutos"},"schema":{"@context":"https:\/\/schema.org","@graph":[{"@type":"Article","@id":"https:\/\/www.pressenza.com\/es\/2023\/10\/la-llegada\/#article","isPartOf":{"@id":"https:\/\/www.pressenza.com\/es\/2023\/10\/la-llegada\/"},"author":{"name":"Convergencia de las Culturas","@id":"https:\/\/www.pressenza.com\/es\/#\/schema\/person\/38598fb70b9162100457e7983ae8b548"},"headline":"La llegada","datePublished":"2023-10-11T23:59:49+00:00","mainEntityOfPage":{"@id":"https:\/\/www.pressenza.com\/es\/2023\/10\/la-llegada\/"},"wordCount":1059,"publisher":{"@id":"https:\/\/www.pressenza.com\/es\/#organization"},"image":{"@id":"https:\/\/www.pressenza.com\/es\/2023\/10\/la-llegada\/#primaryimage"},"thumbnailUrl":"https:\/\/www.pressenza.com\/wp-content\/uploads\/2023\/10\/wall_painted_street_art_barcelona_look_spain_indigent_pictures-619174.jpg","keywords":["migraciones"],"articleSection":["Am\u00e9rica Central","Contenido Original","Migrantes","Opiniones","Sudam\u00e9rica"],"inLanguage":"es"},{"@type":"WebPage","@id":"https:\/\/www.pressenza.com\/es\/2023\/10\/la-llegada\/","url":"https:\/\/www.pressenza.com\/es\/2023\/10\/la-llegada\/","name":"La llegada","isPartOf":{"@id":"https:\/\/www.pressenza.com\/es\/#website"},"primaryImageOfPage":{"@id":"https:\/\/www.pressenza.com\/es\/2023\/10\/la-llegada\/#primaryimage"},"image":{"@id":"https:\/\/www.pressenza.com\/es\/2023\/10\/la-llegada\/#primaryimage"},"thumbnailUrl":"https:\/\/www.pressenza.com\/wp-content\/uploads\/2023\/10\/wall_painted_street_art_barcelona_look_spain_indigent_pictures-619174.jpg","datePublished":"2023-10-11T23:59:49+00:00","description":"As\u00ed es una inc\u00f3gnita la llegada de los primeros habitantes en llegar al Nuevo Mundo, otros pasaron sin dejar huella palpable: los escandinavos o vikingos,","breadcrumb":{"@id":"https:\/\/www.pressenza.com\/es\/2023\/10\/la-llegada\/#breadcrumb"},"inLanguage":"es","potentialAction":[{"@type":"ReadAction","target":["https:\/\/www.pressenza.com\/es\/2023\/10\/la-llegada\/"]}]},{"@type":"ImageObject","inLanguage":"es","@id":"https:\/\/www.pressenza.com\/es\/2023\/10\/la-llegada\/#primaryimage","url":"https:\/\/www.pressenza.com\/wp-content\/uploads\/2023\/10\/wall_painted_street_art_barcelona_look_spain_indigent_pictures-619174.jpg","contentUrl":"https:\/\/www.pressenza.com\/wp-content\/uploads\/2023\/10\/wall_painted_street_art_barcelona_look_spain_indigent_pictures-619174.jpg","width":1200,"height":978},{"@type":"BreadcrumbList","@id":"https:\/\/www.pressenza.com\/es\/2023\/10\/la-llegada\/#breadcrumb","itemListElement":[{"@type":"ListItem","position":1,"name":"Accueil","item":"https:\/\/www.pressenza.com\/es\/"},{"@type":"ListItem","position":2,"name":"La llegada"}]},{"@type":"WebSite","@id":"https:\/\/www.pressenza.com\/es\/#website","url":"https:\/\/www.pressenza.com\/es\/","name":"Pressenza","description":"International Press Agency","publisher":{"@id":"https:\/\/www.pressenza.com\/es\/#organization"},"potentialAction":[{"@type":"SearchAction","target":{"@type":"EntryPoint","urlTemplate":"https:\/\/www.pressenza.com\/es\/?s={search_term_string}"},"query-input":{"@type":"PropertyValueSpecification","valueRequired":true,"valueName":"search_term_string"}}],"inLanguage":"es"},{"@type":"Organization","@id":"https:\/\/www.pressenza.com\/es\/#organization","name":"Pressenza","url":"https:\/\/www.pressenza.com\/es\/","logo":{"@type":"ImageObject","inLanguage":"es","@id":"https:\/\/www.pressenza.com\/es\/#\/schema\/logo\/image\/","url":"https:\/\/www.pressenza.com\/wp-content\/uploads\/2022\/10\/pressenza_logo_200x200.jpg","contentUrl":"https:\/\/www.pressenza.com\/wp-content\/uploads\/2022\/10\/pressenza_logo_200x200.jpg","width":200,"height":200,"caption":"Pressenza"},"image":{"@id":"https:\/\/www.pressenza.com\/es\/#\/schema\/logo\/image\/"},"sameAs":["https:\/\/www.facebook.com\/PressenzaItalia","https:\/\/x.com\/PressenzaIPA"]},{"@type":"Person","@id":"https:\/\/www.pressenza.com\/es\/#\/schema\/person\/38598fb70b9162100457e7983ae8b548","name":"Convergencia de las Culturas","description":"Convergence of Cultures is an organism that is part of the Humanist Movement. Its mission is: 1. To facilitate and stimulate dialogue between cultures. 2. To fight discrimination and violence. 3. To take its proposal to all latitudes. www.convergenceofcultures.org","sameAs":["https:\/\/www.facebook.com\/ConvergenceOfCultures?fref=ts"],"url":"https:\/\/www.pressenza.com\/es\/author\/convergencia-de-las-culturas\/"}]}},"place":"","original_article_url":"","_links":{"self":[{"href":"https:\/\/www.pressenza.com\/es\/wp-json\/wp\/v2\/posts\/1773607","targetHints":{"allow":["GET"]}}],"collection":[{"href":"https:\/\/www.pressenza.com\/es\/wp-json\/wp\/v2\/posts"}],"about":[{"href":"https:\/\/www.pressenza.com\/es\/wp-json\/wp\/v2\/types\/post"}],"author":[{"embeddable":true,"href":"https:\/\/www.pressenza.com\/es\/wp-json\/wp\/v2\/users\/389"}],"replies":[{"embeddable":true,"href":"https:\/\/www.pressenza.com\/es\/wp-json\/wp\/v2\/comments?post=1773607"}],"version-history":[{"count":0,"href":"https:\/\/www.pressenza.com\/es\/wp-json\/wp\/v2\/posts\/1773607\/revisions"}],"wp:featuredmedia":[{"embeddable":true,"href":"https:\/\/www.pressenza.com\/es\/wp-json\/wp\/v2\/media\/1773609"}],"wp:attachment":[{"href":"https:\/\/www.pressenza.com\/es\/wp-json\/wp\/v2\/media?parent=1773607"}],"wp:term":[{"taxonomy":"category","embeddable":true,"href":"https:\/\/www.pressenza.com\/es\/wp-json\/wp\/v2\/categories?post=1773607"},{"taxonomy":"post_tag","embeddable":true,"href":"https:\/\/www.pressenza.com\/es\/wp-json\/wp\/v2\/tags?post=1773607"}],"curies":[{"name":"wp","href":"https:\/\/api.w.org\/{rel}","templated":true}]}}