{"id":1773581,"date":"2023-10-11T23:40:44","date_gmt":"2023-10-11T22:40:44","guid":{"rendered":"https:\/\/www.pressenza.com\/?p=1773581"},"modified":"2023-10-11T23:40:44","modified_gmt":"2023-10-11T22:40:44","slug":"conciencia-medioambiental-y-conciencia-noviolenta","status":"publish","type":"post","link":"https:\/\/www.pressenza.com\/es\/2023\/10\/conciencia-medioambiental-y-conciencia-noviolenta\/","title":{"rendered":"Conciencia medioambiental y conciencia noviolenta"},"content":{"rendered":"<p>Por Victoria Barcel\u00f3<\/p>\n<blockquote><p>De lo que hagamos hoy depende nuestro futuro y el de las nuevas generaciones<\/p><\/blockquote>\n<p>Hoy d\u00eda hay una conciencia ecol\u00f3gica que ha ido creciendo m\u00e1s en los \u00faltimos a\u00f1os, comenzando por el activismo social noviolento, el esclarecimiento y la denuncia de las malas practicas.<br \/>\nAl principio unas minor\u00edas toman conciencia del impacto que las acciones humanas, el estilo de vida y el marco productivo, tienen en el medio ambiente. Paulatinamente van sum\u00e1ndose mas personas y lo que empez\u00f3 siendo impulsado por una minor\u00eda fue calando en la conciencia colectiva m\u00e1s y m\u00e1s, hasta que hoy d\u00eda existe un mayor consenso sobre el tema del cuidado de la naturaleza, de nuestra casa com\u00fan, porque en ello va nuestra supervivencia y la de las generaciones futuras.<br \/>\nPero se escatima cierta informaci\u00f3n que considero fundamental y es la denuncia del impacto negativo que produce la fabricaci\u00f3n de armamento y no se informa correctamente de las consecuencias de su uso, ni se denuncia a los verdaderos culpables, el capital militar industrial. Para mi la conciencia ambiental y conciencia de paz y noviolencia van de la mano. Se oculta a las poblaciones, por ejemplo, sobre cuanto contamina un arma y sobre como perjudican nuestro bienestar econ\u00f3mico las grandes inversiones en armamento, presupuestos ingentes que sustraen a un bienestar social, es decir, en mejorar la salud y educaci\u00f3n para todos.<br \/>\nSeg\u00fan informaci\u00f3n de la Vanguardia, Espa\u00f1a es el s\u00e9ptimo exportador de armas del mundo, en el primer semestre del 2020, nuestro pa\u00eds autoriz\u00f3 la exportaci\u00f3n de armamento por un valor total de 22.544,8 millones de euros, el mas alto en los \u00faltimos 10 a\u00f1os.<br \/>\nLo cierto es que los pol\u00edticos est\u00e1n al servicio del gran capital y los medios de comunicaci\u00f3n no informan de esta realidad que afecta al ciudadano y que, de conocerla, le har\u00eda tomar posici\u00f3n claramente mientras defiende sus propios intereses y el de sus iguales.<\/p>\n<p><strong>\u00bfTe importa tu futuro?<\/strong><br \/>\nRespecto al activismo por la paz y la violencia tenemos notables ejemplos y la constataci\u00f3n del hecho de que el ciudadanos de a pie, es el que padece las consecuencias de la violencia, estando a merced de intereses espurios.<br \/>\nVemos como aumenta la violencia y se desatan guerras tan crueles que nos cuesta creer que haya seres humanos tan anestesiados, pero es as\u00ed y no podemos asistir a este espect\u00e1culo sin sentir la necesidad de que Algo Hay Que Hacer , advirtiendo que estamos en el mismo barco y que si no se para la espiral de violencia, terminar\u00e1 afect\u00e1ndonos a todos.<br \/>\nCada d\u00eda es m\u00e1s evidente, que son los pueblos los que tenemos que confiar en nuestra fuerza e influencia y tomar acci\u00f3n comenzando por imaginar un futuro mejor para nosotros y los que vendr\u00e1n. Tenemos muchos ejemplos en la historia que nos pueden inspirar en la construcci\u00f3n de la paz\u00a0 a trav\u00e9s de la metodolog\u00eda de la noviolencia activa, tema para un pr\u00f3ximo art\u00edculo.<br \/>\n<strong>Esta es la disyuntiva, paz creciente o destrucci\u00f3n creciente<\/strong><\/p>\n<p>Es una toma de conciencia sobre nuestro papel en este momento hist\u00f3rico que nos toca vivir, lo que nos da fuerzas para imaginar un futuro diferente al que nos quieren hacer creer y comenzar a dar los pasos para avanzar hacia una sociedad libre del la opresi\u00f3n de la guerra y de todo tipo de violencia.<br \/>\nS\u00f3lo un movimiento social internacional solidario y noviolento dar\u00e1 lugar al cambio que necesitamos. No se lograr\u00e1 la paz haciendo la guerra, ni con respuestas cada vez mas agresivas, en una escalada sin fin, eso s\u00f3lo crea m\u00e1s sufrimiento a las poblaciones y desgraciadamente puede ocurrir en cualquier parte del planeta, como vemos cada d\u00eda.<br \/>\nHay una alternativa que tiene que ver con un cambio humano hacia la creaci\u00f3n de una cultura de paz y con la toma de acci\u00f3n personal y social, por coherencia.<\/p>\n<p>Te invitamos a que conozcas la 3\u00aa Marcha Mundial por la paz y la noviolencia.<\/p>\n","protected":false},"excerpt":{"rendered":"<p>Por Victoria Barcel\u00f3 De lo que hagamos hoy depende nuestro futuro y el de las nuevas generaciones Hoy d\u00eda hay una conciencia ecol\u00f3gica que ha ido creciendo m\u00e1s en los \u00faltimos a\u00f1os, comenzando por el activismo social noviolento, el esclarecimiento&hellip;<\/p>\n","protected":false},"author":94,"featured_media":1773582,"comment_status":"closed","ping_status":"closed","sticky":false,"template":"","format":"standard","meta":{"footnotes":""},"categories":[11389,66,1242,161],"tags":[794,63452,383,419],"class_list":["post-1773581","post","type-post","status-publish","format-standard","has-post-thumbnail","hentry","category-contenido-original","category-europa-es","category-noviolencia-tema","category-opiniones","tag-armamentismo","tag-conciencia-ambiental","tag-noviolencia","tag-paz"],"yoast_head":"<!-- This site is optimized with the Yoast SEO plugin v27.1.1 - https:\/\/yoast.com\/product\/yoast-seo-wordpress\/ -->\n<title>Conciencia medioambiental y conciencia noviolenta<\/title>\n<meta name=\"description\" content=\"Por Victoria Barcel\u00f3 De lo que hagamos hoy depende nuestro futuro y el de las nuevas generaciones Hoy d\u00eda hay una conciencia ecol\u00f3gica que ha ido\" \/>\n<meta name=\"robots\" content=\"index, follow, max-snippet:-1, max-image-preview:large, max-video-preview:-1\" \/>\n<link rel=\"canonical\" href=\"https:\/\/www.pressenza.com\/es\/2023\/10\/conciencia-medioambiental-y-conciencia-noviolenta\/\" \/>\n<meta property=\"og:locale\" content=\"es_ES\" \/>\n<meta property=\"og:type\" content=\"article\" \/>\n<meta property=\"og:title\" content=\"Conciencia medioambiental y conciencia noviolenta\" \/>\n<meta property=\"og:description\" content=\"Por Victoria Barcel\u00f3 De lo que hagamos hoy depende nuestro futuro y el de las nuevas generaciones Hoy d\u00eda hay una conciencia ecol\u00f3gica que ha ido\" \/>\n<meta property=\"og:url\" content=\"https:\/\/www.pressenza.com\/es\/2023\/10\/conciencia-medioambiental-y-conciencia-noviolenta\/\" \/>\n<meta property=\"og:site_name\" content=\"Pressenza\" \/>\n<meta property=\"article:publisher\" content=\"https:\/\/www.facebook.com\/PressenzaItalia\" \/>\n<meta property=\"article:author\" content=\"https:\/\/www.facebook.com\/pressenza\" \/>\n<meta property=\"article:published_time\" content=\"2023-10-11T22:40:44+00:00\" \/>\n<meta property=\"og:image\" content=\"https:\/\/www.pressenza.com\/wp-content\/uploads\/2023\/10\/ca559516-c860-4194-9f27-3f36d258b4c2.jpg\" \/>\n\t<meta property=\"og:image:width\" content=\"1920\" \/>\n\t<meta property=\"og:image:height\" content=\"962\" \/>\n\t<meta property=\"og:image:type\" content=\"image\/jpeg\" \/>\n<meta name=\"author\" content=\"Redacci\u00f3n Madrid\" \/>\n<meta name=\"twitter:card\" content=\"summary_large_image\" \/>\n<meta name=\"twitter:creator\" content=\"@pressenza\" \/>\n<meta name=\"twitter:site\" content=\"@PressenzaIPA\" \/>\n<meta name=\"twitter:label1\" content=\"Escrito por\" \/>\n\t<meta name=\"twitter:data1\" content=\"Redacci\u00f3n Madrid\" \/>\n\t<meta name=\"twitter:label2\" content=\"Tiempo de lectura\" \/>\n\t<meta name=\"twitter:data2\" content=\"3 minutos\" \/>\n<script type=\"application\/ld+json\" class=\"yoast-schema-graph\">{\"@context\":\"https:\/\/schema.org\",\"@graph\":[{\"@type\":\"Article\",\"@id\":\"https:\/\/www.pressenza.com\/es\/2023\/10\/conciencia-medioambiental-y-conciencia-noviolenta\/#article\",\"isPartOf\":{\"@id\":\"https:\/\/www.pressenza.com\/es\/2023\/10\/conciencia-medioambiental-y-conciencia-noviolenta\/\"},\"author\":{\"name\":\"Redacci\u00f3n Madrid\",\"@id\":\"https:\/\/www.pressenza.com\/es\/#\/schema\/person\/828fc40eeca2ad7be3630e5a46adba94\"},\"headline\":\"Conciencia medioambiental y conciencia noviolenta\",\"datePublished\":\"2023-10-11T22:40:44+00:00\",\"mainEntityOfPage\":{\"@id\":\"https:\/\/www.pressenza.com\/es\/2023\/10\/conciencia-medioambiental-y-conciencia-noviolenta\/\"},\"wordCount\":699,\"publisher\":{\"@id\":\"https:\/\/www.pressenza.com\/es\/#organization\"},\"image\":{\"@id\":\"https:\/\/www.pressenza.com\/es\/2023\/10\/conciencia-medioambiental-y-conciencia-noviolenta\/#primaryimage\"},\"thumbnailUrl\":\"https:\/\/www.pressenza.com\/wp-content\/uploads\/2023\/10\/ca559516-c860-4194-9f27-3f36d258b4c2.jpg\",\"keywords\":[\"armamentismo\",\"conciencia ambiental\",\"Noviolencia\",\"Paz\"],\"articleSection\":[\"Contenido Original\",\"Europa\",\"Noviolencia\",\"Opiniones\"],\"inLanguage\":\"es\"},{\"@type\":\"WebPage\",\"@id\":\"https:\/\/www.pressenza.com\/es\/2023\/10\/conciencia-medioambiental-y-conciencia-noviolenta\/\",\"url\":\"https:\/\/www.pressenza.com\/es\/2023\/10\/conciencia-medioambiental-y-conciencia-noviolenta\/\",\"name\":\"Conciencia medioambiental y conciencia noviolenta\",\"isPartOf\":{\"@id\":\"https:\/\/www.pressenza.com\/es\/#website\"},\"primaryImageOfPage\":{\"@id\":\"https:\/\/www.pressenza.com\/es\/2023\/10\/conciencia-medioambiental-y-conciencia-noviolenta\/#primaryimage\"},\"image\":{\"@id\":\"https:\/\/www.pressenza.com\/es\/2023\/10\/conciencia-medioambiental-y-conciencia-noviolenta\/#primaryimage\"},\"thumbnailUrl\":\"https:\/\/www.pressenza.com\/wp-content\/uploads\/2023\/10\/ca559516-c860-4194-9f27-3f36d258b4c2.jpg\",\"datePublished\":\"2023-10-11T22:40:44+00:00\",\"description\":\"Por Victoria Barcel\u00f3 De lo que hagamos hoy depende nuestro futuro y el de las nuevas generaciones Hoy d\u00eda hay una conciencia ecol\u00f3gica que ha ido\",\"breadcrumb\":{\"@id\":\"https:\/\/www.pressenza.com\/es\/2023\/10\/conciencia-medioambiental-y-conciencia-noviolenta\/#breadcrumb\"},\"inLanguage\":\"es\",\"potentialAction\":[{\"@type\":\"ReadAction\",\"target\":[\"https:\/\/www.pressenza.com\/es\/2023\/10\/conciencia-medioambiental-y-conciencia-noviolenta\/\"]}]},{\"@type\":\"ImageObject\",\"inLanguage\":\"es\",\"@id\":\"https:\/\/www.pressenza.com\/es\/2023\/10\/conciencia-medioambiental-y-conciencia-noviolenta\/#primaryimage\",\"url\":\"https:\/\/www.pressenza.com\/wp-content\/uploads\/2023\/10\/ca559516-c860-4194-9f27-3f36d258b4c2.jpg\",\"contentUrl\":\"https:\/\/www.pressenza.com\/wp-content\/uploads\/2023\/10\/ca559516-c860-4194-9f27-3f36d258b4c2.jpg\",\"width\":1920,\"height\":962},{\"@type\":\"BreadcrumbList\",\"@id\":\"https:\/\/www.pressenza.com\/es\/2023\/10\/conciencia-medioambiental-y-conciencia-noviolenta\/#breadcrumb\",\"itemListElement\":[{\"@type\":\"ListItem\",\"position\":1,\"name\":\"Accueil\",\"item\":\"https:\/\/www.pressenza.com\/es\/\"},{\"@type\":\"ListItem\",\"position\":2,\"name\":\"Conciencia medioambiental y conciencia noviolenta\"}]},{\"@type\":\"WebSite\",\"@id\":\"https:\/\/www.pressenza.com\/es\/#website\",\"url\":\"https:\/\/www.pressenza.com\/es\/\",\"name\":\"Pressenza\",\"description\":\"International Press Agency\",\"publisher\":{\"@id\":\"https:\/\/www.pressenza.com\/es\/#organization\"},\"potentialAction\":[{\"@type\":\"SearchAction\",\"target\":{\"@type\":\"EntryPoint\",\"urlTemplate\":\"https:\/\/www.pressenza.com\/es\/?s={search_term_string}\"},\"query-input\":{\"@type\":\"PropertyValueSpecification\",\"valueRequired\":true,\"valueName\":\"search_term_string\"}}],\"inLanguage\":\"es\"},{\"@type\":\"Organization\",\"@id\":\"https:\/\/www.pressenza.com\/es\/#organization\",\"name\":\"Pressenza\",\"url\":\"https:\/\/www.pressenza.com\/es\/\",\"logo\":{\"@type\":\"ImageObject\",\"inLanguage\":\"es\",\"@id\":\"https:\/\/www.pressenza.com\/es\/#\/schema\/logo\/image\/\",\"url\":\"https:\/\/www.pressenza.com\/wp-content\/uploads\/2022\/10\/pressenza_logo_200x200.jpg\",\"contentUrl\":\"https:\/\/www.pressenza.com\/wp-content\/uploads\/2022\/10\/pressenza_logo_200x200.jpg\",\"width\":200,\"height\":200,\"caption\":\"Pressenza\"},\"image\":{\"@id\":\"https:\/\/www.pressenza.com\/es\/#\/schema\/logo\/image\/\"},\"sameAs\":[\"https:\/\/www.facebook.com\/PressenzaItalia\",\"https:\/\/x.com\/PressenzaIPA\"]},{\"@type\":\"Person\",\"@id\":\"https:\/\/www.pressenza.com\/es\/#\/schema\/person\/828fc40eeca2ad7be3630e5a46adba94\",\"name\":\"Redacci\u00f3n Madrid\",\"description\":\"News from the Pressenza Bureau in Madrid, Spain\",\"sameAs\":[\"https:\/\/www.facebook.com\/pressenza\",\"https:\/\/x.com\/pressenza\"],\"url\":\"https:\/\/www.pressenza.com\/es\/author\/redaccion-madrid\/\"}]}<\/script>\n<!-- \/ Yoast SEO plugin. -->","yoast_head_json":{"title":"Conciencia medioambiental y conciencia noviolenta","description":"Por Victoria Barcel\u00f3 De lo que hagamos hoy depende nuestro futuro y el de las nuevas generaciones Hoy d\u00eda hay una conciencia ecol\u00f3gica que ha ido","robots":{"index":"index","follow":"follow","max-snippet":"max-snippet:-1","max-image-preview":"max-image-preview:large","max-video-preview":"max-video-preview:-1"},"canonical":"https:\/\/www.pressenza.com\/es\/2023\/10\/conciencia-medioambiental-y-conciencia-noviolenta\/","og_locale":"es_ES","og_type":"article","og_title":"Conciencia medioambiental y conciencia noviolenta","og_description":"Por Victoria Barcel\u00f3 De lo que hagamos hoy depende nuestro futuro y el de las nuevas generaciones Hoy d\u00eda hay una conciencia ecol\u00f3gica que ha ido","og_url":"https:\/\/www.pressenza.com\/es\/2023\/10\/conciencia-medioambiental-y-conciencia-noviolenta\/","og_site_name":"Pressenza","article_publisher":"https:\/\/www.facebook.com\/PressenzaItalia","article_author":"https:\/\/www.facebook.com\/pressenza","article_published_time":"2023-10-11T22:40:44+00:00","og_image":[{"width":1920,"height":962,"url":"https:\/\/www.pressenza.com\/wp-content\/uploads\/2023\/10\/ca559516-c860-4194-9f27-3f36d258b4c2.jpg","type":"image\/jpeg"}],"author":"Redacci\u00f3n Madrid","twitter_card":"summary_large_image","twitter_creator":"@pressenza","twitter_site":"@PressenzaIPA","twitter_misc":{"Escrito por":"Redacci\u00f3n Madrid","Tiempo de lectura":"3 minutos"},"schema":{"@context":"https:\/\/schema.org","@graph":[{"@type":"Article","@id":"https:\/\/www.pressenza.com\/es\/2023\/10\/conciencia-medioambiental-y-conciencia-noviolenta\/#article","isPartOf":{"@id":"https:\/\/www.pressenza.com\/es\/2023\/10\/conciencia-medioambiental-y-conciencia-noviolenta\/"},"author":{"name":"Redacci\u00f3n Madrid","@id":"https:\/\/www.pressenza.com\/es\/#\/schema\/person\/828fc40eeca2ad7be3630e5a46adba94"},"headline":"Conciencia medioambiental y conciencia noviolenta","datePublished":"2023-10-11T22:40:44+00:00","mainEntityOfPage":{"@id":"https:\/\/www.pressenza.com\/es\/2023\/10\/conciencia-medioambiental-y-conciencia-noviolenta\/"},"wordCount":699,"publisher":{"@id":"https:\/\/www.pressenza.com\/es\/#organization"},"image":{"@id":"https:\/\/www.pressenza.com\/es\/2023\/10\/conciencia-medioambiental-y-conciencia-noviolenta\/#primaryimage"},"thumbnailUrl":"https:\/\/www.pressenza.com\/wp-content\/uploads\/2023\/10\/ca559516-c860-4194-9f27-3f36d258b4c2.jpg","keywords":["armamentismo","conciencia ambiental","Noviolencia","Paz"],"articleSection":["Contenido Original","Europa","Noviolencia","Opiniones"],"inLanguage":"es"},{"@type":"WebPage","@id":"https:\/\/www.pressenza.com\/es\/2023\/10\/conciencia-medioambiental-y-conciencia-noviolenta\/","url":"https:\/\/www.pressenza.com\/es\/2023\/10\/conciencia-medioambiental-y-conciencia-noviolenta\/","name":"Conciencia medioambiental y conciencia noviolenta","isPartOf":{"@id":"https:\/\/www.pressenza.com\/es\/#website"},"primaryImageOfPage":{"@id":"https:\/\/www.pressenza.com\/es\/2023\/10\/conciencia-medioambiental-y-conciencia-noviolenta\/#primaryimage"},"image":{"@id":"https:\/\/www.pressenza.com\/es\/2023\/10\/conciencia-medioambiental-y-conciencia-noviolenta\/#primaryimage"},"thumbnailUrl":"https:\/\/www.pressenza.com\/wp-content\/uploads\/2023\/10\/ca559516-c860-4194-9f27-3f36d258b4c2.jpg","datePublished":"2023-10-11T22:40:44+00:00","description":"Por Victoria Barcel\u00f3 De lo que hagamos hoy depende nuestro futuro y el de las nuevas generaciones Hoy d\u00eda hay una conciencia ecol\u00f3gica que ha ido","breadcrumb":{"@id":"https:\/\/www.pressenza.com\/es\/2023\/10\/conciencia-medioambiental-y-conciencia-noviolenta\/#breadcrumb"},"inLanguage":"es","potentialAction":[{"@type":"ReadAction","target":["https:\/\/www.pressenza.com\/es\/2023\/10\/conciencia-medioambiental-y-conciencia-noviolenta\/"]}]},{"@type":"ImageObject","inLanguage":"es","@id":"https:\/\/www.pressenza.com\/es\/2023\/10\/conciencia-medioambiental-y-conciencia-noviolenta\/#primaryimage","url":"https:\/\/www.pressenza.com\/wp-content\/uploads\/2023\/10\/ca559516-c860-4194-9f27-3f36d258b4c2.jpg","contentUrl":"https:\/\/www.pressenza.com\/wp-content\/uploads\/2023\/10\/ca559516-c860-4194-9f27-3f36d258b4c2.jpg","width":1920,"height":962},{"@type":"BreadcrumbList","@id":"https:\/\/www.pressenza.com\/es\/2023\/10\/conciencia-medioambiental-y-conciencia-noviolenta\/#breadcrumb","itemListElement":[{"@type":"ListItem","position":1,"name":"Accueil","item":"https:\/\/www.pressenza.com\/es\/"},{"@type":"ListItem","position":2,"name":"Conciencia medioambiental y conciencia noviolenta"}]},{"@type":"WebSite","@id":"https:\/\/www.pressenza.com\/es\/#website","url":"https:\/\/www.pressenza.com\/es\/","name":"Pressenza","description":"International Press Agency","publisher":{"@id":"https:\/\/www.pressenza.com\/es\/#organization"},"potentialAction":[{"@type":"SearchAction","target":{"@type":"EntryPoint","urlTemplate":"https:\/\/www.pressenza.com\/es\/?s={search_term_string}"},"query-input":{"@type":"PropertyValueSpecification","valueRequired":true,"valueName":"search_term_string"}}],"inLanguage":"es"},{"@type":"Organization","@id":"https:\/\/www.pressenza.com\/es\/#organization","name":"Pressenza","url":"https:\/\/www.pressenza.com\/es\/","logo":{"@type":"ImageObject","inLanguage":"es","@id":"https:\/\/www.pressenza.com\/es\/#\/schema\/logo\/image\/","url":"https:\/\/www.pressenza.com\/wp-content\/uploads\/2022\/10\/pressenza_logo_200x200.jpg","contentUrl":"https:\/\/www.pressenza.com\/wp-content\/uploads\/2022\/10\/pressenza_logo_200x200.jpg","width":200,"height":200,"caption":"Pressenza"},"image":{"@id":"https:\/\/www.pressenza.com\/es\/#\/schema\/logo\/image\/"},"sameAs":["https:\/\/www.facebook.com\/PressenzaItalia","https:\/\/x.com\/PressenzaIPA"]},{"@type":"Person","@id":"https:\/\/www.pressenza.com\/es\/#\/schema\/person\/828fc40eeca2ad7be3630e5a46adba94","name":"Redacci\u00f3n Madrid","description":"News from the Pressenza Bureau in Madrid, Spain","sameAs":["https:\/\/www.facebook.com\/pressenza","https:\/\/x.com\/pressenza"],"url":"https:\/\/www.pressenza.com\/es\/author\/redaccion-madrid\/"}]}},"place":"Madrid, Espa\u00f1a","original_article_url":"","_links":{"self":[{"href":"https:\/\/www.pressenza.com\/es\/wp-json\/wp\/v2\/posts\/1773581","targetHints":{"allow":["GET"]}}],"collection":[{"href":"https:\/\/www.pressenza.com\/es\/wp-json\/wp\/v2\/posts"}],"about":[{"href":"https:\/\/www.pressenza.com\/es\/wp-json\/wp\/v2\/types\/post"}],"author":[{"embeddable":true,"href":"https:\/\/www.pressenza.com\/es\/wp-json\/wp\/v2\/users\/94"}],"replies":[{"embeddable":true,"href":"https:\/\/www.pressenza.com\/es\/wp-json\/wp\/v2\/comments?post=1773581"}],"version-history":[{"count":0,"href":"https:\/\/www.pressenza.com\/es\/wp-json\/wp\/v2\/posts\/1773581\/revisions"}],"wp:featuredmedia":[{"embeddable":true,"href":"https:\/\/www.pressenza.com\/es\/wp-json\/wp\/v2\/media\/1773582"}],"wp:attachment":[{"href":"https:\/\/www.pressenza.com\/es\/wp-json\/wp\/v2\/media?parent=1773581"}],"wp:term":[{"taxonomy":"category","embeddable":true,"href":"https:\/\/www.pressenza.com\/es\/wp-json\/wp\/v2\/categories?post=1773581"},{"taxonomy":"post_tag","embeddable":true,"href":"https:\/\/www.pressenza.com\/es\/wp-json\/wp\/v2\/tags?post=1773581"}],"curies":[{"name":"wp","href":"https:\/\/api.w.org\/{rel}","templated":true}]}}