{"id":1773483,"date":"2023-10-11T16:52:23","date_gmt":"2023-10-11T15:52:23","guid":{"rendered":"https:\/\/www.pressenza.com\/?p=1773483"},"modified":"2023-10-11T16:52:23","modified_gmt":"2023-10-11T15:52:23","slug":"el-camino-de-regreso-a-kishinev","status":"publish","type":"post","link":"https:\/\/www.pressenza.com\/es\/2023\/10\/el-camino-de-regreso-a-kishinev\/","title":{"rendered":"El camino de regreso a Kishinev"},"content":{"rendered":"<blockquote><p>El estado que se estableci\u00f3 para que los jud\u00edos ya no se escondieran en los armarios, para salvarse, desapareci\u00f3 en la masacre de Simjat Tor\u00e1. \u00bfAsumir\u00e1 Benjam\u00edn Netanyahu la responsabilidad?<\/p><\/blockquote>\n<p>Prof. Yuval Noah Harari|10.10.2023 | 22:45<\/p>\n<p>Al principio, las comparaciones fueron con la Guerra de Yom Kippur. Luego la imaginaci\u00f3n volvi\u00f3 a los distritos m\u00e1s antiguos y aterradores, a los kibutzim atacados durante la Guerra de la Independencia, Negba, Nitzanim, Yad Mordejai. Al final, volvimos al coraz\u00f3n de las tinieblas, a Ground Zero del sionismo, a Kishinev. A \u00abla ciudad de la matanza\u00bb y \u00absobre la matanza\u00bb poemas de J.N. Bialick.<br \/>\nA plena luz del d\u00eda, dentro de las fronteras del Estado de Israel, cientos de civiles fueron masacrados sin que nadie acuda a ayudar.<br \/>\nSali\u00f3 el sol, el pa\u00eds desapareci\u00f3 y ciudadanos fueron masacrados.<br \/>\nLa vivencia de la masacre de Simjat Tor\u00e1 es la vivencia de la desaparici\u00f3n del Estado.<br \/>\nMi t\u00edo Andad, de 99 a\u00f1os, y mi t\u00eda Shari, de 89, son miembros del kibutz Be&#8217;eri. El contacto con ellos se cort\u00f3 cuando Ham\u00e1s se hizo con el control del kibutz. Se escondieron en su casa cuando los terroristas masacraron a sus vecinos y destruyeron la comunidad. Luego me entere que, a pesar de que su mundo fue destruido, de alguna manera sobrevivieron. No ten\u00edan palabras para describir lo que hab\u00edan vivido, as\u00ed que mi t\u00eda me ley\u00f3 durante media hora una selecci\u00f3n de los maravillosos poemas de mi t\u00edo, un maestro de las palabras sin igual. Ambos son jud\u00edos que han pasado por muchas cosas en la vida y ya han perdido un mundo en el Holocausto. Crecimos con historias de jud\u00edos que se escond\u00edan de los nazis en armarios y s\u00f3tanos, y nadie acudi\u00f3 en su ayuda.<br \/>\nEl Estado de Israel fue establecido para que tal cosa nunca volviera a suceder. Entonces, \u00bfc\u00f3mo sucedi\u00f3? \u00bfA d\u00f3nde ha llegado el pa\u00eds?<br \/>\nMi c\u00edrculo de amigos y familiares est\u00e1 de luto, y algunos de nosotros sentimos que este no es el momento para un examen de conciencia hist\u00f3rico, pero por razones que aclarar\u00e9 m\u00e1s adelante, creo que debemos hablar de inmediato. Durante 14 a\u00f1os ha gobernado aqu\u00ed un hombre que prioriza su bien personal por encima del bien del pa\u00eds, que construy\u00f3 su carrera sobre el fraccionalismo y la incitaci\u00f3n, para quien la verdad no tiene valor, que se adjudica de todos los \u00e9xitos pero escapa a la responsabilidad de los fracasos, y que nombra en puestos clave a personas cuyas \u00fanicas habilidades son la adulaci\u00f3n y admiracion al lider<br \/>\nNing\u00fan sistema puede sobrevivir a un ataque de este tipo por mucho tiempo. Cuando las espadas de hierro se dejan en agua salada, eventualmente se oxidan.<br \/>\nEn el \u00faltimo a\u00f1o, la situaci\u00f3n se ha deteriorado r\u00e1pidamente.<br \/>\nEl gobierno derechista fue el peor que cualquiera de sus predecesores.<br \/>\nDesde que lleg\u00f3 al poder, ha ignorado todos los problemas urgentes del pa\u00eds, en particular las amenazas a la seguridad y el deterioro de la capacidad de la polic\u00eda y las FDI, y en su lugar se ha centrado en ganar cada vez m\u00e1s poder, dinero y \u00abobsequios\u00bb por los partidos de la coalici\u00f3n.<br \/>\nEn la b\u00fasqueda de este objetivo, Benjam\u00edn Netanyahu y sus socios mesi\u00e1nicos han adoptado una pol\u00edtica de \u00abDivide y Vencer\u00e1s\u00bb, o m\u00e1s precisamente,\u00bbIncita y Vencer\u00e1s\u00bb.<br \/>\nProfundizaron deliberadamente las heridas de la sociedad israel\u00ed en lugar de tratar de curarlas; Atacar a todas las instituciones &#8211; desde la corte suprema hasta las FDI &#8211; que puedan limitar su poder, y denunciar a las \u00e9lites al servicio del Estado como \u00abcastas privilegiadas y ego\u00edstas.<br \/>\nCuando sus ataques a la democracia y a las instituciones estatales desencadenaron un movimiento de protesta sin precedentes, Netanyahu y sus asociados acusaron a los manifestantes de ser terroristas y agentes extranjeros.<br \/>\nEl gobierno invirti\u00f3 su energ\u00eda en crear un conflicto entre los residentes de Sderot y Ofakim y los residentes de Nir Oz y Beeri, y abandon\u00f3 a todos a los asesinos de Hamas.<br \/>\nEl gobierno ha sido advertido una y otra vez por los jefes de Seguridad y de defensa ademas de una larga lista de expertos, de que su pol\u00edtica pone en peligro a Israel y debilita la disuasi\u00f3n israel\u00ed en un momento de crecientes amenazas externas.<br \/>\nNetanyahu y sus socios mesi\u00e1nicos despreciaron a los expertos e ignoraron todas las advertencias. Por el contrario, interpretaron estas advertencias como una expresi\u00f3n de deslealtad pol\u00edtica.<br \/>\nVolver a las zonas m\u00e1s profundas del miedo del pueblo jud\u00edo es tambi\u00e9n la \u00fanica oportunidad que tiene el Estado para sobrevivir. Si recordamos qu\u00e9 y por qu\u00e9 se fund\u00f3 el Estado, podemos salvarlo.<br \/>\nLa clave est\u00e1 en manos de Netanyahu. \u00bfAsumir\u00e1 la responsabilidad por el terrible fracaso o intentar\u00e1, como de costumbre, culpar a otros y profundizar a\u00fan m\u00e1s la divisi\u00f3n en la naci\u00f3n?<br \/>\nHace unos a\u00f1os, estuve en una reuni\u00f3n privada entre Yuval Steinitz y varios profesores universitarios. Surgi\u00f3 la pregunta de c\u00f3mo Netanyahu podr\u00eda, si quer\u00eda, reparar la brecha entre la gente. Alguien sugiri\u00f3 como primer paso que, en lugar de hablar solo con su base electoral, Netanyahu deber\u00eda ir al comedor de un kibutz y hablar con sus miembros all\u00ed.<br \/>\nEs demasiado tarde para eso.<br \/>\nSi Netanyahu va al comedor del kibutz Be&#8217;eri, su audiencia ser\u00e1n manchas de sangre y mas de 110 miembros del Kibutz que ya no estan entre nosotros.<br \/>\nPero hay algo que Netanyahu todav\u00eda puede hacer por el pais que ha incitado, conflictuado y abandonado.<br \/>\nQue, por una vez, asuma la responsabilidad.<br \/>\nEs cierto que este no es el momento de reflexionar sobre los fracasos del pasado. Las comisiones de investigaci\u00f3n esperar\u00e1n hasta que se restablezca la seguridad a los ciudadanos de Israel, los muertos sean enterrados y los secuestrados regresen a sus hogares.<br \/>\nPero ahora es el momento de prevenir los fracasos del futuro.<br \/>\nLo peor, militar, pol\u00edtica y moralmente, a\u00fan esta por venir. Los acontecimientos de los \u00faltimos d\u00edas son quiz\u00e1s s\u00f3lo un anticipo de una guerra extremadamente dura y cruel que podr\u00eda costar la vida a miles de israel\u00edes m\u00e1s y crear oleadas de millones de refugiados.<br \/>\nNo debemos permitir que la banda que nos llev\u00f3 al desastre actual emprenda una guerra as\u00ed. Lo correcto es formar un gobierno de emergencia nacional, y es importante incluir a representantes de todas las corrientes de la sociedad israel\u00ed.<br \/>\nAdemas el adicto del TikTok Itamar Ben-Gvir no debe seguir a cargo de nuestra seguridad nacional, Bezalel Smotrich, que busc\u00f3 borrar a Huwara, no debe decidir el destino de millones de personas en Gaza y, despu\u00e9s de todos sus fracasos, Netanyahu no debe volver a tomar decisiones hist\u00f3ricas sobre el futuro del Estado y de Oriente Medio.<br \/>\nCon el fin de consolidar a la ciudanania ante los enormes desaf\u00edos que nos esperan, Netanyahu debe asumir inmediatamente la responsabilidad de su terrible fracaso, dar cabida a personas m\u00e1s talentosas, capaces y eticas, personas de valores y principios.<br \/>\nEs posible y necesario cambiar de liderazgo incluso en tiempos de guerra.<br \/>\nEn 1940, en la hora m\u00e1s dif\u00edcil de Gran Breta\u00f1a, Neville Chamberlain dio paso a Winston Churchill. Netanyahu tiene una \u00faltima oportunidad de hacer lo correcto y entrar en los libros de historia no solo como la persona responsable de un desastre nacional, sino tambi\u00e9n como alguien que en el \u00faltimo minuto eligi\u00f3 el bien del pa\u00eds sobre el suyo propio.<\/p>\n<p>El Prof. Yuval Noah Harari es historiador y escritor<\/p>\n<p>Traduccion : Bemy Rychter<\/p>\n","protected":false},"excerpt":{"rendered":"<p>El estado que se estableci\u00f3 para que los jud\u00edos ya no se escondieran en los armarios, para salvarse, desapareci\u00f3 en la masacre de Simjat Tor\u00e1. \u00bfAsumir\u00e1 Benjam\u00edn Netanyahu la responsabilidad? Prof. Yuval Noah Harari|10.10.2023 | 22:45 Al principio, las comparaciones&hellip;<\/p>\n","protected":false},"author":19,"featured_media":1773484,"comment_status":"closed","ping_status":"closed","sticky":false,"template":"","format":"standard","meta":{"footnotes":""},"categories":[71,161,1243],"tags":[13129,72503],"class_list":["post-1773483","post","type-post","status-publish","format-standard","has-post-thumbnail","hentry","category-medio-oriente-es","category-opiniones","category-paz-desarme","tag-israel-palestina","tag-yuval-noah-harari-es"],"yoast_head":"<!-- This site is optimized with the Yoast SEO plugin v27.1.1 - https:\/\/yoast.com\/product\/yoast-seo-wordpress\/ -->\n<title>El camino de regreso a Kishinev<\/title>\n<meta name=\"description\" content=\"El estado que se estableci\u00f3 para que los jud\u00edos ya no se escondieran en los armarios, para salvarse, desapareci\u00f3 en la masacre de Simjat Tor\u00e1. \u00bfAsumir\u00e1\" \/>\n<meta name=\"robots\" content=\"index, follow, max-snippet:-1, max-image-preview:large, max-video-preview:-1\" \/>\n<link rel=\"canonical\" href=\"https:\/\/www.pressenza.com\/es\/2023\/10\/el-camino-de-regreso-a-kishinev\/\" \/>\n<meta property=\"og:locale\" content=\"es_ES\" \/>\n<meta property=\"og:type\" content=\"article\" \/>\n<meta property=\"og:title\" content=\"El camino de regreso a Kishinev\" \/>\n<meta property=\"og:description\" content=\"El estado que se estableci\u00f3 para que los jud\u00edos ya no se escondieran en los armarios, para salvarse, desapareci\u00f3 en la masacre de Simjat Tor\u00e1. \u00bfAsumir\u00e1\" \/>\n<meta property=\"og:url\" content=\"https:\/\/www.pressenza.com\/es\/2023\/10\/el-camino-de-regreso-a-kishinev\/\" \/>\n<meta property=\"og:site_name\" content=\"Pressenza\" \/>\n<meta property=\"article:publisher\" content=\"https:\/\/www.facebook.com\/PressenzaItalia\" \/>\n<meta property=\"article:author\" content=\"https:\/\/www.facebook.com\/pressenza\" \/>\n<meta property=\"article:published_time\" content=\"2023-10-11T15:52:23+00:00\" \/>\n<meta property=\"og:image\" content=\"https:\/\/www.pressenza.com\/wp-content\/uploads\/2023\/10\/Vorota_kishineva.jpg\" \/>\n\t<meta property=\"og:image:width\" content=\"199\" \/>\n\t<meta property=\"og:image:height\" content=\"133\" \/>\n\t<meta property=\"og:image:type\" content=\"image\/jpeg\" \/>\n<meta name=\"author\" content=\"Pressenza IPA\" \/>\n<meta name=\"twitter:card\" content=\"summary_large_image\" \/>\n<meta name=\"twitter:creator\" content=\"@PressenzaIPA\" \/>\n<meta name=\"twitter:site\" content=\"@PressenzaIPA\" \/>\n<meta name=\"twitter:label1\" content=\"Escrito por\" \/>\n\t<meta name=\"twitter:data1\" content=\"Pressenza IPA\" \/>\n\t<meta name=\"twitter:label2\" content=\"Tiempo de lectura\" \/>\n\t<meta name=\"twitter:data2\" content=\"6 minutos\" \/>\n<script type=\"application\/ld+json\" class=\"yoast-schema-graph\">{\"@context\":\"https:\/\/schema.org\",\"@graph\":[{\"@type\":\"Article\",\"@id\":\"https:\/\/www.pressenza.com\/es\/2023\/10\/el-camino-de-regreso-a-kishinev\/#article\",\"isPartOf\":{\"@id\":\"https:\/\/www.pressenza.com\/es\/2023\/10\/el-camino-de-regreso-a-kishinev\/\"},\"author\":{\"name\":\"Pressenza IPA\",\"@id\":\"https:\/\/www.pressenza.com\/es\/#\/schema\/person\/010e5d02bcf40965427a1289a4cc8d75\"},\"headline\":\"El camino de regreso a Kishinev\",\"datePublished\":\"2023-10-11T15:52:23+00:00\",\"mainEntityOfPage\":{\"@id\":\"https:\/\/www.pressenza.com\/es\/2023\/10\/el-camino-de-regreso-a-kishinev\/\"},\"wordCount\":1319,\"publisher\":{\"@id\":\"https:\/\/www.pressenza.com\/es\/#organization\"},\"image\":{\"@id\":\"https:\/\/www.pressenza.com\/es\/2023\/10\/el-camino-de-regreso-a-kishinev\/#primaryimage\"},\"thumbnailUrl\":\"https:\/\/www.pressenza.com\/wp-content\/uploads\/2023\/10\/Vorota_kishineva.jpg\",\"keywords\":[\"Israel. Palestina\",\"Yuval Noah Harari\"],\"articleSection\":[\"Medio Oriente\",\"Opiniones\",\"Paz y Desarme\"],\"inLanguage\":\"es\"},{\"@type\":\"WebPage\",\"@id\":\"https:\/\/www.pressenza.com\/es\/2023\/10\/el-camino-de-regreso-a-kishinev\/\",\"url\":\"https:\/\/www.pressenza.com\/es\/2023\/10\/el-camino-de-regreso-a-kishinev\/\",\"name\":\"El camino de regreso a Kishinev\",\"isPartOf\":{\"@id\":\"https:\/\/www.pressenza.com\/es\/#website\"},\"primaryImageOfPage\":{\"@id\":\"https:\/\/www.pressenza.com\/es\/2023\/10\/el-camino-de-regreso-a-kishinev\/#primaryimage\"},\"image\":{\"@id\":\"https:\/\/www.pressenza.com\/es\/2023\/10\/el-camino-de-regreso-a-kishinev\/#primaryimage\"},\"thumbnailUrl\":\"https:\/\/www.pressenza.com\/wp-content\/uploads\/2023\/10\/Vorota_kishineva.jpg\",\"datePublished\":\"2023-10-11T15:52:23+00:00\",\"description\":\"El estado que se estableci\u00f3 para que los jud\u00edos ya no se escondieran en los armarios, para salvarse, desapareci\u00f3 en la masacre de Simjat Tor\u00e1. \u00bfAsumir\u00e1\",\"breadcrumb\":{\"@id\":\"https:\/\/www.pressenza.com\/es\/2023\/10\/el-camino-de-regreso-a-kishinev\/#breadcrumb\"},\"inLanguage\":\"es\",\"potentialAction\":[{\"@type\":\"ReadAction\",\"target\":[\"https:\/\/www.pressenza.com\/es\/2023\/10\/el-camino-de-regreso-a-kishinev\/\"]}]},{\"@type\":\"ImageObject\",\"inLanguage\":\"es\",\"@id\":\"https:\/\/www.pressenza.com\/es\/2023\/10\/el-camino-de-regreso-a-kishinev\/#primaryimage\",\"url\":\"https:\/\/www.pressenza.com\/wp-content\/uploads\/2023\/10\/Vorota_kishineva.jpg\",\"contentUrl\":\"https:\/\/www.pressenza.com\/wp-content\/uploads\/2023\/10\/Vorota_kishineva.jpg\",\"width\":199,\"height\":133},{\"@type\":\"BreadcrumbList\",\"@id\":\"https:\/\/www.pressenza.com\/es\/2023\/10\/el-camino-de-regreso-a-kishinev\/#breadcrumb\",\"itemListElement\":[{\"@type\":\"ListItem\",\"position\":1,\"name\":\"Accueil\",\"item\":\"https:\/\/www.pressenza.com\/es\/\"},{\"@type\":\"ListItem\",\"position\":2,\"name\":\"El camino de regreso a Kishinev\"}]},{\"@type\":\"WebSite\",\"@id\":\"https:\/\/www.pressenza.com\/es\/#website\",\"url\":\"https:\/\/www.pressenza.com\/es\/\",\"name\":\"Pressenza\",\"description\":\"International Press Agency\",\"publisher\":{\"@id\":\"https:\/\/www.pressenza.com\/es\/#organization\"},\"potentialAction\":[{\"@type\":\"SearchAction\",\"target\":{\"@type\":\"EntryPoint\",\"urlTemplate\":\"https:\/\/www.pressenza.com\/es\/?s={search_term_string}\"},\"query-input\":{\"@type\":\"PropertyValueSpecification\",\"valueRequired\":true,\"valueName\":\"search_term_string\"}}],\"inLanguage\":\"es\"},{\"@type\":\"Organization\",\"@id\":\"https:\/\/www.pressenza.com\/es\/#organization\",\"name\":\"Pressenza\",\"url\":\"https:\/\/www.pressenza.com\/es\/\",\"logo\":{\"@type\":\"ImageObject\",\"inLanguage\":\"es\",\"@id\":\"https:\/\/www.pressenza.com\/es\/#\/schema\/logo\/image\/\",\"url\":\"https:\/\/www.pressenza.com\/wp-content\/uploads\/2022\/10\/pressenza_logo_200x200.jpg\",\"contentUrl\":\"https:\/\/www.pressenza.com\/wp-content\/uploads\/2022\/10\/pressenza_logo_200x200.jpg\",\"width\":200,\"height\":200,\"caption\":\"Pressenza\"},\"image\":{\"@id\":\"https:\/\/www.pressenza.com\/es\/#\/schema\/logo\/image\/\"},\"sameAs\":[\"https:\/\/www.facebook.com\/PressenzaItalia\",\"https:\/\/x.com\/PressenzaIPA\"]},{\"@type\":\"Person\",\"@id\":\"https:\/\/www.pressenza.com\/es\/#\/schema\/person\/010e5d02bcf40965427a1289a4cc8d75\",\"name\":\"Pressenza IPA\",\"description\":\"News from Pressenza IPA correspondents\",\"sameAs\":[\"https:\/\/www.facebook.com\/pressenza\",\"https:\/\/x.com\/PressenzaIPA\"],\"url\":\"https:\/\/www.pressenza.com\/es\/author\/pressenza-ipa\/\"}]}<\/script>\n<!-- \/ Yoast SEO plugin. -->","yoast_head_json":{"title":"El camino de regreso a Kishinev","description":"El estado que se estableci\u00f3 para que los jud\u00edos ya no se escondieran en los armarios, para salvarse, desapareci\u00f3 en la masacre de Simjat Tor\u00e1. \u00bfAsumir\u00e1","robots":{"index":"index","follow":"follow","max-snippet":"max-snippet:-1","max-image-preview":"max-image-preview:large","max-video-preview":"max-video-preview:-1"},"canonical":"https:\/\/www.pressenza.com\/es\/2023\/10\/el-camino-de-regreso-a-kishinev\/","og_locale":"es_ES","og_type":"article","og_title":"El camino de regreso a Kishinev","og_description":"El estado que se estableci\u00f3 para que los jud\u00edos ya no se escondieran en los armarios, para salvarse, desapareci\u00f3 en la masacre de Simjat Tor\u00e1. \u00bfAsumir\u00e1","og_url":"https:\/\/www.pressenza.com\/es\/2023\/10\/el-camino-de-regreso-a-kishinev\/","og_site_name":"Pressenza","article_publisher":"https:\/\/www.facebook.com\/PressenzaItalia","article_author":"https:\/\/www.facebook.com\/pressenza","article_published_time":"2023-10-11T15:52:23+00:00","og_image":[{"width":199,"height":133,"url":"https:\/\/www.pressenza.com\/wp-content\/uploads\/2023\/10\/Vorota_kishineva.jpg","type":"image\/jpeg"}],"author":"Pressenza IPA","twitter_card":"summary_large_image","twitter_creator":"@PressenzaIPA","twitter_site":"@PressenzaIPA","twitter_misc":{"Escrito por":"Pressenza IPA","Tiempo de lectura":"6 minutos"},"schema":{"@context":"https:\/\/schema.org","@graph":[{"@type":"Article","@id":"https:\/\/www.pressenza.com\/es\/2023\/10\/el-camino-de-regreso-a-kishinev\/#article","isPartOf":{"@id":"https:\/\/www.pressenza.com\/es\/2023\/10\/el-camino-de-regreso-a-kishinev\/"},"author":{"name":"Pressenza IPA","@id":"https:\/\/www.pressenza.com\/es\/#\/schema\/person\/010e5d02bcf40965427a1289a4cc8d75"},"headline":"El camino de regreso a Kishinev","datePublished":"2023-10-11T15:52:23+00:00","mainEntityOfPage":{"@id":"https:\/\/www.pressenza.com\/es\/2023\/10\/el-camino-de-regreso-a-kishinev\/"},"wordCount":1319,"publisher":{"@id":"https:\/\/www.pressenza.com\/es\/#organization"},"image":{"@id":"https:\/\/www.pressenza.com\/es\/2023\/10\/el-camino-de-regreso-a-kishinev\/#primaryimage"},"thumbnailUrl":"https:\/\/www.pressenza.com\/wp-content\/uploads\/2023\/10\/Vorota_kishineva.jpg","keywords":["Israel. Palestina","Yuval Noah Harari"],"articleSection":["Medio Oriente","Opiniones","Paz y Desarme"],"inLanguage":"es"},{"@type":"WebPage","@id":"https:\/\/www.pressenza.com\/es\/2023\/10\/el-camino-de-regreso-a-kishinev\/","url":"https:\/\/www.pressenza.com\/es\/2023\/10\/el-camino-de-regreso-a-kishinev\/","name":"El camino de regreso a Kishinev","isPartOf":{"@id":"https:\/\/www.pressenza.com\/es\/#website"},"primaryImageOfPage":{"@id":"https:\/\/www.pressenza.com\/es\/2023\/10\/el-camino-de-regreso-a-kishinev\/#primaryimage"},"image":{"@id":"https:\/\/www.pressenza.com\/es\/2023\/10\/el-camino-de-regreso-a-kishinev\/#primaryimage"},"thumbnailUrl":"https:\/\/www.pressenza.com\/wp-content\/uploads\/2023\/10\/Vorota_kishineva.jpg","datePublished":"2023-10-11T15:52:23+00:00","description":"El estado que se estableci\u00f3 para que los jud\u00edos ya no se escondieran en los armarios, para salvarse, desapareci\u00f3 en la masacre de Simjat Tor\u00e1. \u00bfAsumir\u00e1","breadcrumb":{"@id":"https:\/\/www.pressenza.com\/es\/2023\/10\/el-camino-de-regreso-a-kishinev\/#breadcrumb"},"inLanguage":"es","potentialAction":[{"@type":"ReadAction","target":["https:\/\/www.pressenza.com\/es\/2023\/10\/el-camino-de-regreso-a-kishinev\/"]}]},{"@type":"ImageObject","inLanguage":"es","@id":"https:\/\/www.pressenza.com\/es\/2023\/10\/el-camino-de-regreso-a-kishinev\/#primaryimage","url":"https:\/\/www.pressenza.com\/wp-content\/uploads\/2023\/10\/Vorota_kishineva.jpg","contentUrl":"https:\/\/www.pressenza.com\/wp-content\/uploads\/2023\/10\/Vorota_kishineva.jpg","width":199,"height":133},{"@type":"BreadcrumbList","@id":"https:\/\/www.pressenza.com\/es\/2023\/10\/el-camino-de-regreso-a-kishinev\/#breadcrumb","itemListElement":[{"@type":"ListItem","position":1,"name":"Accueil","item":"https:\/\/www.pressenza.com\/es\/"},{"@type":"ListItem","position":2,"name":"El camino de regreso a Kishinev"}]},{"@type":"WebSite","@id":"https:\/\/www.pressenza.com\/es\/#website","url":"https:\/\/www.pressenza.com\/es\/","name":"Pressenza","description":"International Press Agency","publisher":{"@id":"https:\/\/www.pressenza.com\/es\/#organization"},"potentialAction":[{"@type":"SearchAction","target":{"@type":"EntryPoint","urlTemplate":"https:\/\/www.pressenza.com\/es\/?s={search_term_string}"},"query-input":{"@type":"PropertyValueSpecification","valueRequired":true,"valueName":"search_term_string"}}],"inLanguage":"es"},{"@type":"Organization","@id":"https:\/\/www.pressenza.com\/es\/#organization","name":"Pressenza","url":"https:\/\/www.pressenza.com\/es\/","logo":{"@type":"ImageObject","inLanguage":"es","@id":"https:\/\/www.pressenza.com\/es\/#\/schema\/logo\/image\/","url":"https:\/\/www.pressenza.com\/wp-content\/uploads\/2022\/10\/pressenza_logo_200x200.jpg","contentUrl":"https:\/\/www.pressenza.com\/wp-content\/uploads\/2022\/10\/pressenza_logo_200x200.jpg","width":200,"height":200,"caption":"Pressenza"},"image":{"@id":"https:\/\/www.pressenza.com\/es\/#\/schema\/logo\/image\/"},"sameAs":["https:\/\/www.facebook.com\/PressenzaItalia","https:\/\/x.com\/PressenzaIPA"]},{"@type":"Person","@id":"https:\/\/www.pressenza.com\/es\/#\/schema\/person\/010e5d02bcf40965427a1289a4cc8d75","name":"Pressenza IPA","description":"News from Pressenza IPA correspondents","sameAs":["https:\/\/www.facebook.com\/pressenza","https:\/\/x.com\/PressenzaIPA"],"url":"https:\/\/www.pressenza.com\/es\/author\/pressenza-ipa\/"}]}},"place":"Tel Aviv, Israel","original_article_url":"","_links":{"self":[{"href":"https:\/\/www.pressenza.com\/es\/wp-json\/wp\/v2\/posts\/1773483","targetHints":{"allow":["GET"]}}],"collection":[{"href":"https:\/\/www.pressenza.com\/es\/wp-json\/wp\/v2\/posts"}],"about":[{"href":"https:\/\/www.pressenza.com\/es\/wp-json\/wp\/v2\/types\/post"}],"author":[{"embeddable":true,"href":"https:\/\/www.pressenza.com\/es\/wp-json\/wp\/v2\/users\/19"}],"replies":[{"embeddable":true,"href":"https:\/\/www.pressenza.com\/es\/wp-json\/wp\/v2\/comments?post=1773483"}],"version-history":[{"count":0,"href":"https:\/\/www.pressenza.com\/es\/wp-json\/wp\/v2\/posts\/1773483\/revisions"}],"wp:featuredmedia":[{"embeddable":true,"href":"https:\/\/www.pressenza.com\/es\/wp-json\/wp\/v2\/media\/1773484"}],"wp:attachment":[{"href":"https:\/\/www.pressenza.com\/es\/wp-json\/wp\/v2\/media?parent=1773483"}],"wp:term":[{"taxonomy":"category","embeddable":true,"href":"https:\/\/www.pressenza.com\/es\/wp-json\/wp\/v2\/categories?post=1773483"},{"taxonomy":"post_tag","embeddable":true,"href":"https:\/\/www.pressenza.com\/es\/wp-json\/wp\/v2\/tags?post=1773483"}],"curies":[{"name":"wp","href":"https:\/\/api.w.org\/{rel}","templated":true}]}}