{"id":1773405,"date":"2023-10-13T02:43:29","date_gmt":"2023-10-13T01:43:29","guid":{"rendered":"https:\/\/www.pressenza.com\/?p=1773405"},"modified":"2023-10-13T12:02:26","modified_gmt":"2023-10-13T11:02:26","slug":"la-paz-en-construccion","status":"publish","type":"post","link":"https:\/\/www.pressenza.com\/es\/2023\/10\/la-paz-en-construccion\/","title":{"rendered":"La paz en construcci\u00f3n"},"content":{"rendered":"<p><span style=\"color: #808080;\"><em>10 de octubre 2023, El Espectador<\/em><\/span><\/p>\n<p class=\"p2\">Cuando uno entiende que vive en un pa\u00eds fragmentado no por las monta\u00f1as sino por la inequidad, y unido no por los decretos sino por la valent\u00eda, comprende que es la \u201c<i>juntanza<\/i>\u201d lo \u00fanico que puede rescatarnos hasta de nosotros mismos.<\/p>\n<p class=\"p2\">Este fin de semana nos reunimos 170 personas de distintas corrientes pol\u00edticas, etnias y g\u00e9neros. Comunicadores de Aguachica a Manzanares, de Arauquita y Popay\u00e1n a Becerril y Llor\u00f3, de Buenaventura y Leticia hasta Valledupar, Guarand\u00e1 y Ceret\u00e9, respondieron al llamado que les hicimos desde el Comit\u00e9 Nacional de Participaci\u00f3n en el marco de los di\u00e1logos de paz entre el gobierno y el Ej\u00e9rcito de Liberaci\u00f3n Nacional ELN.<\/p>\n<p class=\"p2\">Para este primer encuentro \u2014de los 29 que tendremos\u2014 convocamos a los representantes de medios de comunicaci\u00f3n alternativos, comunitarios y populares. La participaci\u00f3n es el coraz\u00f3n del acuerdo actual y de un cambio que logre romper la jaula de lo te\u00f3rico, y se tome la respiraci\u00f3n y la convicci\u00f3n de lo cotidiano. A ver si alg\u00fan d\u00eda logramos que la guerra sea historia y no futuro.<\/p>\n<p class=\"p2\">Propusimos que fuera una jornada en clave de paz y aprendizaje, y as\u00ed fue. Sabemos que la construcci\u00f3n, comprensi\u00f3n y adopci\u00f3n de un proceso de paz exige recoger la voz de la gente a la que nunca le preguntan nada, la que siempre queda lejos, la que mece el viento sin que nos demos cuenta. Y para eso tenemos que llegar a cientos de rincones de Colombia y construir juntos nuevas respuestas y nuevas realidades. Nuestro pa\u00eds no puede seguir siendo un eterno suspiro, un velorio de marginados financiado por quienes se lucran econ\u00f3mica, social y pol\u00edticamente, del miedo.<\/p>\n<p class=\"p2\">La voz se hizo para ser o\u00edda, pero enfrentarse a la corrupci\u00f3n y a la injusticia y plantear temas que incomodan privilegios violentamente adquiridos, sigue siendo actividad de alto riesgo; y son muy vulnerables quienes manejan la comunicaci\u00f3n alternativa y comunitaria. Ellos y ellas saben lo que significa el sudor en la frente, las fosas abiertas y las escuelas descalzas; les dan voz, informaci\u00f3n y visibilidad a miles de campesinos e ind\u00edgenas, a desplazados y afrodescendientes, a mujeres acorraladas por el machismo y otras violencias. Han sentido y visto las masacres y saben c\u00f3mo suena, \u2014c\u00f3mo duele y c\u00f3mo huele\u2014 el horror en los hornos crematorios. Han sido v\u00edctimas o testigos de una macabra econom\u00eda en la que las balas y los sicarios cuestan poco, pero a quien recibe el disparo la muerte le cuesta todo.<\/p>\n<p class=\"p1\">Por siglos hemos sido cobardes para reconocer responsabilidades y todav\u00eda algunos piensan que al pueblo es mejor tenerlo callado, incomunicado y mientras m\u00e1s aislado, mejor. Por eso muchos de nuestros comunicadores comunitarios han sido amenazados; a 35 los han asesinado, y no hay cifras exactas sobre los exiliados. Cuidarlos es proteger una voz de la democracia.<\/p>\n<p class=\"p1\">Comparto algunos datos sobre el perfil del encuentro:<\/p>\n<ul>\n<li class=\"p1\">uno de cada cuatro de los asistentes, dijo haber sufrido alguna violaci\u00f3n a sus derechos humanos.<\/li>\n<li class=\"p1\">El 54% vive en estratos 1 y 2 y m\u00e1s de la mitad se siente parte del campesinado.<\/li>\n<li class=\"p1\">El 25% vive en la ruralidad, 1 de cada 3 tiene un posgrado y el 36% formaci\u00f3n universitaria (25% completa y 11% parcial);<\/li>\n<li class=\"p1\">el 29% es cuidador, el 10% ind\u00edgena y el 5% tiene alguna condici\u00f3n de discapacidad.<\/li>\n<\/ul>\n<p class=\"p1\">Al final de la sesi\u00f3n se acord\u00f3 trabajar por una red de comunicaciones por la paz, que desarme la palabra, promueva el debate constructivo y la informaci\u00f3n veraz.<\/p>\n<p class=\"p1\">La puerta de la participaci\u00f3n est\u00e1 abierta y eso ya es un ant\u00eddoto contra la exclusi\u00f3n. Colombia ha emprendido la m\u00e1s valiente de las obras: rompe el silencio y tiene la paz en construcci\u00f3n.<\/p>\n","protected":false},"excerpt":{"rendered":"<p>10 de octubre 2023, El Espectador Cuando uno entiende que vive en un pa\u00eds fragmentado no por las monta\u00f1as sino por la inequidad, y unido no por los decretos sino por la valent\u00eda, comprende que es la \u201cjuntanza\u201d lo \u00fanico&hellip;<\/p>\n","protected":false},"author":1897,"featured_media":1773878,"comment_status":"closed","ping_status":"closed","sticky":false,"template":"","format":"standard","meta":{"footnotes":""},"categories":[75,79,161,1243,67],"tags":[78568,30949,30,419],"class_list":["post-1773405","post","type-post","status-publish","format-standard","has-post-thumbnail","hentry","category-cultura-es","category-derechos-humanos","category-opiniones","category-paz-desarme","category-sudamerica","tag-lahuelladeloslideres","tag-acuerdos-de-paz","tag-colombia","tag-paz"],"yoast_head":"<!-- This site is optimized with the Yoast SEO plugin v27.1.1 - https:\/\/yoast.com\/product\/yoast-seo-wordpress\/ -->\n<title>La paz en construcci\u00f3n<\/title>\n<meta name=\"description\" content=\"10 de octubre 2023, El Espectador Cuando uno entiende que vive en un pa\u00eds fragmentado no por las monta\u00f1as sino por la inequidad, y unido no por los\" \/>\n<meta name=\"robots\" content=\"index, follow, max-snippet:-1, max-image-preview:large, max-video-preview:-1\" \/>\n<link rel=\"canonical\" href=\"https:\/\/www.pressenza.com\/es\/2023\/10\/la-paz-en-construccion\/\" \/>\n<meta property=\"og:locale\" content=\"es_ES\" \/>\n<meta property=\"og:type\" content=\"article\" \/>\n<meta property=\"og:title\" content=\"La paz en construcci\u00f3n\" \/>\n<meta property=\"og:description\" content=\"10 de octubre 2023, El Espectador Cuando uno entiende que vive en un pa\u00eds fragmentado no por las monta\u00f1as sino por la inequidad, y unido no por los\" \/>\n<meta property=\"og:url\" content=\"https:\/\/www.pressenza.com\/es\/2023\/10\/la-paz-en-construccion\/\" \/>\n<meta property=\"og:site_name\" content=\"Pressenza\" \/>\n<meta property=\"article:publisher\" content=\"https:\/\/www.facebook.com\/PressenzaItalia\" \/>\n<meta property=\"article:published_time\" content=\"2023-10-13T01:43:29+00:00\" \/>\n<meta property=\"article:modified_time\" content=\"2023-10-13T11:02:26+00:00\" \/>\n<meta property=\"og:image\" content=\"https:\/\/www.pressenza.com\/wp-content\/uploads\/2023\/10\/encuentro-Nelson-Cardenas.jpeg\" \/>\n\t<meta property=\"og:image:width\" content=\"1024\" \/>\n\t<meta property=\"og:image:height\" content=\"683\" \/>\n\t<meta property=\"og:image:type\" content=\"image\/jpeg\" \/>\n<meta name=\"author\" content=\"Gloria Arias Nieto\" \/>\n<meta name=\"twitter:card\" content=\"summary_large_image\" \/>\n<meta name=\"twitter:creator\" content=\"@gloriariasnieto\" \/>\n<meta name=\"twitter:site\" content=\"@PressenzaIPA\" \/>\n<meta name=\"twitter:label1\" content=\"Escrito por\" \/>\n\t<meta name=\"twitter:data1\" content=\"Gloria Arias Nieto\" \/>\n\t<meta name=\"twitter:label2\" content=\"Tiempo de lectura\" \/>\n\t<meta name=\"twitter:data2\" content=\"3 minutos\" \/>\n<script type=\"application\/ld+json\" class=\"yoast-schema-graph\">{\"@context\":\"https:\/\/schema.org\",\"@graph\":[{\"@type\":\"Article\",\"@id\":\"https:\/\/www.pressenza.com\/es\/2023\/10\/la-paz-en-construccion\/#article\",\"isPartOf\":{\"@id\":\"https:\/\/www.pressenza.com\/es\/2023\/10\/la-paz-en-construccion\/\"},\"author\":{\"name\":\"Gloria Arias Nieto\",\"@id\":\"https:\/\/www.pressenza.com\/es\/#\/schema\/person\/476779c5c0c262f919761226ef961a29\"},\"headline\":\"La paz en construcci\u00f3n\",\"datePublished\":\"2023-10-13T01:43:29+00:00\",\"dateModified\":\"2023-10-13T11:02:26+00:00\",\"mainEntityOfPage\":{\"@id\":\"https:\/\/www.pressenza.com\/es\/2023\/10\/la-paz-en-construccion\/\"},\"wordCount\":649,\"publisher\":{\"@id\":\"https:\/\/www.pressenza.com\/es\/#organization\"},\"image\":{\"@id\":\"https:\/\/www.pressenza.com\/es\/2023\/10\/la-paz-en-construccion\/#primaryimage\"},\"thumbnailUrl\":\"https:\/\/www.pressenza.com\/wp-content\/uploads\/2023\/10\/encuentro-Nelson-Cardenas.jpeg\",\"keywords\":[\"#LaHuellaDeLosLideres\",\"Acuerdos de Paz\",\"Colombia\",\"Paz\"],\"articleSection\":[\"Cultura y Medios\",\"Derechos Humanos\",\"Opiniones\",\"Paz y Desarme\",\"Sudam\u00e9rica\"],\"inLanguage\":\"es\"},{\"@type\":\"WebPage\",\"@id\":\"https:\/\/www.pressenza.com\/es\/2023\/10\/la-paz-en-construccion\/\",\"url\":\"https:\/\/www.pressenza.com\/es\/2023\/10\/la-paz-en-construccion\/\",\"name\":\"La paz en construcci\u00f3n\",\"isPartOf\":{\"@id\":\"https:\/\/www.pressenza.com\/es\/#website\"},\"primaryImageOfPage\":{\"@id\":\"https:\/\/www.pressenza.com\/es\/2023\/10\/la-paz-en-construccion\/#primaryimage\"},\"image\":{\"@id\":\"https:\/\/www.pressenza.com\/es\/2023\/10\/la-paz-en-construccion\/#primaryimage\"},\"thumbnailUrl\":\"https:\/\/www.pressenza.com\/wp-content\/uploads\/2023\/10\/encuentro-Nelson-Cardenas.jpeg\",\"datePublished\":\"2023-10-13T01:43:29+00:00\",\"dateModified\":\"2023-10-13T11:02:26+00:00\",\"description\":\"10 de octubre 2023, El Espectador Cuando uno entiende que vive en un pa\u00eds fragmentado no por las monta\u00f1as sino por la inequidad, y unido no por los\",\"breadcrumb\":{\"@id\":\"https:\/\/www.pressenza.com\/es\/2023\/10\/la-paz-en-construccion\/#breadcrumb\"},\"inLanguage\":\"es\",\"potentialAction\":[{\"@type\":\"ReadAction\",\"target\":[\"https:\/\/www.pressenza.com\/es\/2023\/10\/la-paz-en-construccion\/\"]}]},{\"@type\":\"ImageObject\",\"inLanguage\":\"es\",\"@id\":\"https:\/\/www.pressenza.com\/es\/2023\/10\/la-paz-en-construccion\/#primaryimage\",\"url\":\"https:\/\/www.pressenza.com\/wp-content\/uploads\/2023\/10\/encuentro-Nelson-Cardenas.jpeg\",\"contentUrl\":\"https:\/\/www.pressenza.com\/wp-content\/uploads\/2023\/10\/encuentro-Nelson-Cardenas.jpeg\",\"width\":1024,\"height\":683},{\"@type\":\"BreadcrumbList\",\"@id\":\"https:\/\/www.pressenza.com\/es\/2023\/10\/la-paz-en-construccion\/#breadcrumb\",\"itemListElement\":[{\"@type\":\"ListItem\",\"position\":1,\"name\":\"Accueil\",\"item\":\"https:\/\/www.pressenza.com\/es\/\"},{\"@type\":\"ListItem\",\"position\":2,\"name\":\"La paz en construcci\u00f3n\"}]},{\"@type\":\"WebSite\",\"@id\":\"https:\/\/www.pressenza.com\/es\/#website\",\"url\":\"https:\/\/www.pressenza.com\/es\/\",\"name\":\"Pressenza\",\"description\":\"International Press Agency\",\"publisher\":{\"@id\":\"https:\/\/www.pressenza.com\/es\/#organization\"},\"potentialAction\":[{\"@type\":\"SearchAction\",\"target\":{\"@type\":\"EntryPoint\",\"urlTemplate\":\"https:\/\/www.pressenza.com\/es\/?s={search_term_string}\"},\"query-input\":{\"@type\":\"PropertyValueSpecification\",\"valueRequired\":true,\"valueName\":\"search_term_string\"}}],\"inLanguage\":\"es\"},{\"@type\":\"Organization\",\"@id\":\"https:\/\/www.pressenza.com\/es\/#organization\",\"name\":\"Pressenza\",\"url\":\"https:\/\/www.pressenza.com\/es\/\",\"logo\":{\"@type\":\"ImageObject\",\"inLanguage\":\"es\",\"@id\":\"https:\/\/www.pressenza.com\/es\/#\/schema\/logo\/image\/\",\"url\":\"https:\/\/www.pressenza.com\/wp-content\/uploads\/2022\/10\/pressenza_logo_200x200.jpg\",\"contentUrl\":\"https:\/\/www.pressenza.com\/wp-content\/uploads\/2022\/10\/pressenza_logo_200x200.jpg\",\"width\":200,\"height\":200,\"caption\":\"Pressenza\"},\"image\":{\"@id\":\"https:\/\/www.pressenza.com\/es\/#\/schema\/logo\/image\/\"},\"sameAs\":[\"https:\/\/www.facebook.com\/PressenzaItalia\",\"https:\/\/x.com\/PressenzaIPA\"]},{\"@type\":\"Person\",\"@id\":\"https:\/\/www.pressenza.com\/es\/#\/schema\/person\/476779c5c0c262f919761226ef961a29\",\"name\":\"Gloria Arias Nieto\",\"description\":\"M\u00e9dica y periodista, columnista de El Espectador. Promotora de procesos de paz y reconciliaci\u00f3n. Miembro del movimiento Defendamos la Paz (DLP) @gloriariasnieto\",\"sameAs\":[\"https:\/\/x.com\/gloriariasnieto\"],\"url\":\"https:\/\/www.pressenza.com\/es\/author\/gloria-arias-nieto\/\"}]}<\/script>\n<!-- \/ Yoast SEO plugin. -->","yoast_head_json":{"title":"La paz en construcci\u00f3n","description":"10 de octubre 2023, El Espectador Cuando uno entiende que vive en un pa\u00eds fragmentado no por las monta\u00f1as sino por la inequidad, y unido no por los","robots":{"index":"index","follow":"follow","max-snippet":"max-snippet:-1","max-image-preview":"max-image-preview:large","max-video-preview":"max-video-preview:-1"},"canonical":"https:\/\/www.pressenza.com\/es\/2023\/10\/la-paz-en-construccion\/","og_locale":"es_ES","og_type":"article","og_title":"La paz en construcci\u00f3n","og_description":"10 de octubre 2023, El Espectador Cuando uno entiende que vive en un pa\u00eds fragmentado no por las monta\u00f1as sino por la inequidad, y unido no por los","og_url":"https:\/\/www.pressenza.com\/es\/2023\/10\/la-paz-en-construccion\/","og_site_name":"Pressenza","article_publisher":"https:\/\/www.facebook.com\/PressenzaItalia","article_published_time":"2023-10-13T01:43:29+00:00","article_modified_time":"2023-10-13T11:02:26+00:00","og_image":[{"width":1024,"height":683,"url":"https:\/\/www.pressenza.com\/wp-content\/uploads\/2023\/10\/encuentro-Nelson-Cardenas.jpeg","type":"image\/jpeg"}],"author":"Gloria Arias Nieto","twitter_card":"summary_large_image","twitter_creator":"@gloriariasnieto","twitter_site":"@PressenzaIPA","twitter_misc":{"Escrito por":"Gloria Arias Nieto","Tiempo de lectura":"3 minutos"},"schema":{"@context":"https:\/\/schema.org","@graph":[{"@type":"Article","@id":"https:\/\/www.pressenza.com\/es\/2023\/10\/la-paz-en-construccion\/#article","isPartOf":{"@id":"https:\/\/www.pressenza.com\/es\/2023\/10\/la-paz-en-construccion\/"},"author":{"name":"Gloria Arias Nieto","@id":"https:\/\/www.pressenza.com\/es\/#\/schema\/person\/476779c5c0c262f919761226ef961a29"},"headline":"La paz en construcci\u00f3n","datePublished":"2023-10-13T01:43:29+00:00","dateModified":"2023-10-13T11:02:26+00:00","mainEntityOfPage":{"@id":"https:\/\/www.pressenza.com\/es\/2023\/10\/la-paz-en-construccion\/"},"wordCount":649,"publisher":{"@id":"https:\/\/www.pressenza.com\/es\/#organization"},"image":{"@id":"https:\/\/www.pressenza.com\/es\/2023\/10\/la-paz-en-construccion\/#primaryimage"},"thumbnailUrl":"https:\/\/www.pressenza.com\/wp-content\/uploads\/2023\/10\/encuentro-Nelson-Cardenas.jpeg","keywords":["#LaHuellaDeLosLideres","Acuerdos de Paz","Colombia","Paz"],"articleSection":["Cultura y Medios","Derechos Humanos","Opiniones","Paz y Desarme","Sudam\u00e9rica"],"inLanguage":"es"},{"@type":"WebPage","@id":"https:\/\/www.pressenza.com\/es\/2023\/10\/la-paz-en-construccion\/","url":"https:\/\/www.pressenza.com\/es\/2023\/10\/la-paz-en-construccion\/","name":"La paz en construcci\u00f3n","isPartOf":{"@id":"https:\/\/www.pressenza.com\/es\/#website"},"primaryImageOfPage":{"@id":"https:\/\/www.pressenza.com\/es\/2023\/10\/la-paz-en-construccion\/#primaryimage"},"image":{"@id":"https:\/\/www.pressenza.com\/es\/2023\/10\/la-paz-en-construccion\/#primaryimage"},"thumbnailUrl":"https:\/\/www.pressenza.com\/wp-content\/uploads\/2023\/10\/encuentro-Nelson-Cardenas.jpeg","datePublished":"2023-10-13T01:43:29+00:00","dateModified":"2023-10-13T11:02:26+00:00","description":"10 de octubre 2023, El Espectador Cuando uno entiende que vive en un pa\u00eds fragmentado no por las monta\u00f1as sino por la inequidad, y unido no por los","breadcrumb":{"@id":"https:\/\/www.pressenza.com\/es\/2023\/10\/la-paz-en-construccion\/#breadcrumb"},"inLanguage":"es","potentialAction":[{"@type":"ReadAction","target":["https:\/\/www.pressenza.com\/es\/2023\/10\/la-paz-en-construccion\/"]}]},{"@type":"ImageObject","inLanguage":"es","@id":"https:\/\/www.pressenza.com\/es\/2023\/10\/la-paz-en-construccion\/#primaryimage","url":"https:\/\/www.pressenza.com\/wp-content\/uploads\/2023\/10\/encuentro-Nelson-Cardenas.jpeg","contentUrl":"https:\/\/www.pressenza.com\/wp-content\/uploads\/2023\/10\/encuentro-Nelson-Cardenas.jpeg","width":1024,"height":683},{"@type":"BreadcrumbList","@id":"https:\/\/www.pressenza.com\/es\/2023\/10\/la-paz-en-construccion\/#breadcrumb","itemListElement":[{"@type":"ListItem","position":1,"name":"Accueil","item":"https:\/\/www.pressenza.com\/es\/"},{"@type":"ListItem","position":2,"name":"La paz en construcci\u00f3n"}]},{"@type":"WebSite","@id":"https:\/\/www.pressenza.com\/es\/#website","url":"https:\/\/www.pressenza.com\/es\/","name":"Pressenza","description":"International Press Agency","publisher":{"@id":"https:\/\/www.pressenza.com\/es\/#organization"},"potentialAction":[{"@type":"SearchAction","target":{"@type":"EntryPoint","urlTemplate":"https:\/\/www.pressenza.com\/es\/?s={search_term_string}"},"query-input":{"@type":"PropertyValueSpecification","valueRequired":true,"valueName":"search_term_string"}}],"inLanguage":"es"},{"@type":"Organization","@id":"https:\/\/www.pressenza.com\/es\/#organization","name":"Pressenza","url":"https:\/\/www.pressenza.com\/es\/","logo":{"@type":"ImageObject","inLanguage":"es","@id":"https:\/\/www.pressenza.com\/es\/#\/schema\/logo\/image\/","url":"https:\/\/www.pressenza.com\/wp-content\/uploads\/2022\/10\/pressenza_logo_200x200.jpg","contentUrl":"https:\/\/www.pressenza.com\/wp-content\/uploads\/2022\/10\/pressenza_logo_200x200.jpg","width":200,"height":200,"caption":"Pressenza"},"image":{"@id":"https:\/\/www.pressenza.com\/es\/#\/schema\/logo\/image\/"},"sameAs":["https:\/\/www.facebook.com\/PressenzaItalia","https:\/\/x.com\/PressenzaIPA"]},{"@type":"Person","@id":"https:\/\/www.pressenza.com\/es\/#\/schema\/person\/476779c5c0c262f919761226ef961a29","name":"Gloria Arias Nieto","description":"M\u00e9dica y periodista, columnista de El Espectador. Promotora de procesos de paz y reconciliaci\u00f3n. Miembro del movimiento Defendamos la Paz (DLP) @gloriariasnieto","sameAs":["https:\/\/x.com\/gloriariasnieto"],"url":"https:\/\/www.pressenza.com\/es\/author\/gloria-arias-nieto\/"}]}},"place":"Bogot\u00e1, Colombia","original_article_url":"https:\/\/www.elespectador.com\/opinion\/columnistas\/gloria-arias-nieto\/la-paz-en-construccion\/","_links":{"self":[{"href":"https:\/\/www.pressenza.com\/es\/wp-json\/wp\/v2\/posts\/1773405","targetHints":{"allow":["GET"]}}],"collection":[{"href":"https:\/\/www.pressenza.com\/es\/wp-json\/wp\/v2\/posts"}],"about":[{"href":"https:\/\/www.pressenza.com\/es\/wp-json\/wp\/v2\/types\/post"}],"author":[{"embeddable":true,"href":"https:\/\/www.pressenza.com\/es\/wp-json\/wp\/v2\/users\/1897"}],"replies":[{"embeddable":true,"href":"https:\/\/www.pressenza.com\/es\/wp-json\/wp\/v2\/comments?post=1773405"}],"version-history":[{"count":0,"href":"https:\/\/www.pressenza.com\/es\/wp-json\/wp\/v2\/posts\/1773405\/revisions"}],"wp:featuredmedia":[{"embeddable":true,"href":"https:\/\/www.pressenza.com\/es\/wp-json\/wp\/v2\/media\/1773878"}],"wp:attachment":[{"href":"https:\/\/www.pressenza.com\/es\/wp-json\/wp\/v2\/media?parent=1773405"}],"wp:term":[{"taxonomy":"category","embeddable":true,"href":"https:\/\/www.pressenza.com\/es\/wp-json\/wp\/v2\/categories?post=1773405"},{"taxonomy":"post_tag","embeddable":true,"href":"https:\/\/www.pressenza.com\/es\/wp-json\/wp\/v2\/tags?post=1773405"}],"curies":[{"name":"wp","href":"https:\/\/api.w.org\/{rel}","templated":true}]}}