{"id":1773,"date":"2009-10-17T00:00:00","date_gmt":"2009-10-17T00:00:00","guid":{"rendered":""},"modified":"2009-10-17T07:20:59","modified_gmt":"2009-10-17T07:20:59","slug":"realizan-xnoche-de-velas-por-la-pazx-en-colombia","status":"publish","type":"post","link":"https:\/\/www.pressenza.com\/es\/2009\/10\/realizan-xnoche-de-velas-por-la-pazx-en-colombia\/","title":{"rendered":"Realizan \u00abnoche de velas por la paz\u00bb en Colombia"},"content":{"rendered":"<p>El 2 de octubre de 2009 empez\u00f3 en Wellington (Nueva Zelanda) la marcha mundial por la paz y la no violencia. En esta primera etapa del recorrido se realizaron festivales, foros, actos simb\u00f3licos y muchas otras iniciativas, que advert\u00edan el inicio de una traves\u00eda, que durante tres meses recorrer\u00e1 m\u00e1s de 300 ciudades para finalizar el 2 de enero de 2010 en punta de Vacas Argentina. <\/p>\n<p>De igual manera, en muchas ciudades por donde se prev\u00e9 pasar\u00e1 la marcha, tambi\u00e9n llevaron a cabo distintas actividades. En Ibagu\u00e9 (Colombia) un grupo de j\u00f3venes, apoyados por la Fundaci\u00f3n Periodistas por la Paz (FUPERPAZ), convocaron el evento denominado \u201cMas de mil velas por la Paz\u201d\u00b8 el cual se desarroll\u00f3 a partir de las siete de la noche. El lugar de encuentro fue la plaza de Bol\u00edvar en el centro de la Ciudad Musical.  <\/p>\n<p>De la actividad participaron m\u00e1s de cien personas, quienes en su mayor\u00eda eran j\u00f3venes pertenecientes a diferentes sectores sociales. Una de las asistentes fue M\u00f3nica Moreno, estudiante de Psicolog\u00eda, quien manifest\u00f3: \u201ceste tipo de eventos son muy importantes, sobre todo en sociedades tan fragmentadas y violentas como la nuestra. Pues que los j\u00f3venes asistamos y tengamos la disposici\u00f3n de generar este  tipo de iniciativas da cuenta de lo importante que es para las nuevas generaciones superar toda una historia de violencia, como lo ha vivido la sociedad colombiana\u201d.<\/p>\n<p>As\u00ed mismo, un grupo de j\u00f3venes pertenecientes al liberalismo hicieron presencia en el evento, al cual calificaron de \u201cnecesario y apropiado para el momento hist\u00f3rico que vive nuestro pa\u00eds, la b\u00fasqueda de una salida pac\u00edfica al conflicto armado\u201d. En estos t\u00e9rminos de diversidad y esperanza culmin\u00f3 la actividad de las velas por la Paz y los asistentes quedaron con el compromiso de seguir trabajando para la llegada de la Marcha Mundial a Colombia el 15 de diciembre.<\/p>\n","protected":false},"excerpt":{"rendered":"<p>La Fundaci\u00f3n Periodistas por la Paz (FUPERPAZ), junto a diversos grupos juveniles, convocaron el evento \u201cM\u00e1s de mil velas por la Paz\u201d, el cual se desarroll\u00f3 para conmemorar el D\u00eda Internacional de la No-Violencia. Participaron m\u00e1s de 100 personas, quienes tambi\u00e9n con ese acto iniciaron la Marcha Mundial por la Paz y la No-Violencia en la ciudad de Ibagu\u00e9, Colombia.<\/p>\n","protected":false},"author":19,"featured_media":0,"comment_status":"closed","ping_status":"open","sticky":false,"template":"","format":"standard","meta":{"footnotes":""},"categories":[75,67],"tags":[],"class_list":["post-1773","post","type-post","status-publish","format-standard","hentry","category-cultura-es","category-sudamerica"],"yoast_head":"<!-- This site is optimized with the Yoast SEO plugin v27.1.1 - https:\/\/yoast.com\/product\/yoast-seo-wordpress\/ -->\n<title>Realizan &quot;noche de velas por la paz&quot; en Colombia<\/title>\n<meta name=\"description\" content=\"La Fundaci\u00f3n Periodistas por la Paz (FUPERPAZ), junto a diversos grupos juveniles, convocaron el evento \u201cM\u00e1s de mil velas por la Paz\u201d, el cual se desarroll\u00f3 para conmemorar el D\u00eda Internacional de la No-Violencia. Participaron m\u00e1s de 100 personas, quienes tambi\u00e9n con ese acto iniciaron la Marcha Mundial por la Paz y la No-Violencia en la ciudad de Ibagu\u00e9, Colombia.\" \/>\n<meta name=\"robots\" content=\"index, follow, max-snippet:-1, max-image-preview:large, max-video-preview:-1\" \/>\n<link rel=\"canonical\" href=\"https:\/\/www.pressenza.com\/es\/2009\/10\/realizan-xnoche-de-velas-por-la-pazx-en-colombia\/\" \/>\n<meta property=\"og:locale\" content=\"es_ES\" \/>\n<meta property=\"og:type\" content=\"article\" \/>\n<meta property=\"og:title\" content=\"Realizan &quot;noche de velas por la paz&quot; en Colombia\" \/>\n<meta property=\"og:description\" content=\"La Fundaci\u00f3n Periodistas por la Paz (FUPERPAZ), junto a diversos grupos juveniles, convocaron el evento \u201cM\u00e1s de mil velas por la Paz\u201d, el cual se desarroll\u00f3 para conmemorar el D\u00eda Internacional de la No-Violencia. Participaron m\u00e1s de 100 personas, quienes tambi\u00e9n con ese acto iniciaron la Marcha Mundial por la Paz y la No-Violencia en la ciudad de Ibagu\u00e9, Colombia.\" \/>\n<meta property=\"og:url\" content=\"https:\/\/www.pressenza.com\/es\/2009\/10\/realizan-xnoche-de-velas-por-la-pazx-en-colombia\/\" \/>\n<meta property=\"og:site_name\" content=\"Pressenza\" \/>\n<meta property=\"article:publisher\" content=\"https:\/\/www.facebook.com\/PressenzaItalia\" \/>\n<meta property=\"article:author\" content=\"https:\/\/www.facebook.com\/pressenza\" \/>\n<meta property=\"article:published_time\" content=\"2009-10-17T00:00:00+00:00\" \/>\n<meta property=\"article:modified_time\" content=\"2009-10-17T07:20:59+00:00\" \/>\n<meta name=\"author\" content=\"Pressenza IPA\" \/>\n<meta name=\"twitter:card\" content=\"summary_large_image\" \/>\n<meta name=\"twitter:creator\" content=\"@PressenzaIPA\" \/>\n<meta name=\"twitter:site\" content=\"@PressenzaIPA\" \/>\n<meta name=\"twitter:label1\" content=\"Escrito por\" \/>\n\t<meta name=\"twitter:data1\" content=\"Pressenza IPA\" \/>\n\t<meta name=\"twitter:label2\" content=\"Tiempo de lectura\" \/>\n\t<meta name=\"twitter:data2\" content=\"2 minutos\" \/>\n<script type=\"application\/ld+json\" class=\"yoast-schema-graph\">{\"@context\":\"https:\/\/schema.org\",\"@graph\":[{\"@type\":\"Article\",\"@id\":\"https:\/\/www.pressenza.com\/es\/2009\/10\/realizan-xnoche-de-velas-por-la-pazx-en-colombia\/#article\",\"isPartOf\":{\"@id\":\"https:\/\/www.pressenza.com\/es\/2009\/10\/realizan-xnoche-de-velas-por-la-pazx-en-colombia\/\"},\"author\":{\"name\":\"Pressenza IPA\",\"@id\":\"https:\/\/www.pressenza.com\/es\/#\/schema\/person\/010e5d02bcf40965427a1289a4cc8d75\"},\"headline\":\"Realizan \u00abnoche de velas por la paz\u00bb en Colombia\",\"datePublished\":\"2009-10-17T00:00:00+00:00\",\"dateModified\":\"2009-10-17T07:20:59+00:00\",\"mainEntityOfPage\":{\"@id\":\"https:\/\/www.pressenza.com\/es\/2009\/10\/realizan-xnoche-de-velas-por-la-pazx-en-colombia\/\"},\"wordCount\":329,\"publisher\":{\"@id\":\"https:\/\/www.pressenza.com\/es\/#organization\"},\"articleSection\":[\"Cultura y Medios\",\"Sudam\u00e9rica\"],\"inLanguage\":\"es\"},{\"@type\":\"WebPage\",\"@id\":\"https:\/\/www.pressenza.com\/es\/2009\/10\/realizan-xnoche-de-velas-por-la-pazx-en-colombia\/\",\"url\":\"https:\/\/www.pressenza.com\/es\/2009\/10\/realizan-xnoche-de-velas-por-la-pazx-en-colombia\/\",\"name\":\"Realizan \\\"noche de velas por la paz\\\" en Colombia\",\"isPartOf\":{\"@id\":\"https:\/\/www.pressenza.com\/es\/#website\"},\"datePublished\":\"2009-10-17T00:00:00+00:00\",\"dateModified\":\"2009-10-17T07:20:59+00:00\",\"description\":\"La Fundaci\u00f3n Periodistas por la Paz (FUPERPAZ), junto a diversos grupos juveniles, convocaron el evento \u201cM\u00e1s de mil velas por la Paz\u201d, el cual se desarroll\u00f3 para conmemorar el D\u00eda Internacional de la No-Violencia. Participaron m\u00e1s de 100 personas, quienes tambi\u00e9n con ese acto iniciaron la Marcha Mundial por la Paz y la No-Violencia en la ciudad de Ibagu\u00e9, Colombia.\",\"breadcrumb\":{\"@id\":\"https:\/\/www.pressenza.com\/es\/2009\/10\/realizan-xnoche-de-velas-por-la-pazx-en-colombia\/#breadcrumb\"},\"inLanguage\":\"es\",\"potentialAction\":[{\"@type\":\"ReadAction\",\"target\":[\"https:\/\/www.pressenza.com\/es\/2009\/10\/realizan-xnoche-de-velas-por-la-pazx-en-colombia\/\"]}]},{\"@type\":\"BreadcrumbList\",\"@id\":\"https:\/\/www.pressenza.com\/es\/2009\/10\/realizan-xnoche-de-velas-por-la-pazx-en-colombia\/#breadcrumb\",\"itemListElement\":[{\"@type\":\"ListItem\",\"position\":1,\"name\":\"Accueil\",\"item\":\"https:\/\/www.pressenza.com\/es\/\"},{\"@type\":\"ListItem\",\"position\":2,\"name\":\"Realizan \u00abnoche de velas por la paz\u00bb en Colombia\"}]},{\"@type\":\"WebSite\",\"@id\":\"https:\/\/www.pressenza.com\/es\/#website\",\"url\":\"https:\/\/www.pressenza.com\/es\/\",\"name\":\"Pressenza\",\"description\":\"International Press Agency\",\"publisher\":{\"@id\":\"https:\/\/www.pressenza.com\/es\/#organization\"},\"potentialAction\":[{\"@type\":\"SearchAction\",\"target\":{\"@type\":\"EntryPoint\",\"urlTemplate\":\"https:\/\/www.pressenza.com\/es\/?s={search_term_string}\"},\"query-input\":{\"@type\":\"PropertyValueSpecification\",\"valueRequired\":true,\"valueName\":\"search_term_string\"}}],\"inLanguage\":\"es\"},{\"@type\":\"Organization\",\"@id\":\"https:\/\/www.pressenza.com\/es\/#organization\",\"name\":\"Pressenza\",\"url\":\"https:\/\/www.pressenza.com\/es\/\",\"logo\":{\"@type\":\"ImageObject\",\"inLanguage\":\"es\",\"@id\":\"https:\/\/www.pressenza.com\/es\/#\/schema\/logo\/image\/\",\"url\":\"https:\/\/www.pressenza.com\/wp-content\/uploads\/2022\/10\/pressenza_logo_200x200.jpg\",\"contentUrl\":\"https:\/\/www.pressenza.com\/wp-content\/uploads\/2022\/10\/pressenza_logo_200x200.jpg\",\"width\":200,\"height\":200,\"caption\":\"Pressenza\"},\"image\":{\"@id\":\"https:\/\/www.pressenza.com\/es\/#\/schema\/logo\/image\/\"},\"sameAs\":[\"https:\/\/www.facebook.com\/PressenzaItalia\",\"https:\/\/x.com\/PressenzaIPA\"]},{\"@type\":\"Person\",\"@id\":\"https:\/\/www.pressenza.com\/es\/#\/schema\/person\/010e5d02bcf40965427a1289a4cc8d75\",\"name\":\"Pressenza IPA\",\"description\":\"News from Pressenza IPA correspondents\",\"sameAs\":[\"https:\/\/www.facebook.com\/pressenza\",\"https:\/\/x.com\/PressenzaIPA\"],\"url\":\"https:\/\/www.pressenza.com\/es\/author\/pressenza-ipa\/\"}]}<\/script>\n<!-- \/ Yoast SEO plugin. -->","yoast_head_json":{"title":"Realizan \"noche de velas por la paz\" en Colombia","description":"La Fundaci\u00f3n Periodistas por la Paz (FUPERPAZ), junto a diversos grupos juveniles, convocaron el evento \u201cM\u00e1s de mil velas por la Paz\u201d, el cual se desarroll\u00f3 para conmemorar el D\u00eda Internacional de la No-Violencia. Participaron m\u00e1s de 100 personas, quienes tambi\u00e9n con ese acto iniciaron la Marcha Mundial por la Paz y la No-Violencia en la ciudad de Ibagu\u00e9, Colombia.","robots":{"index":"index","follow":"follow","max-snippet":"max-snippet:-1","max-image-preview":"max-image-preview:large","max-video-preview":"max-video-preview:-1"},"canonical":"https:\/\/www.pressenza.com\/es\/2009\/10\/realizan-xnoche-de-velas-por-la-pazx-en-colombia\/","og_locale":"es_ES","og_type":"article","og_title":"Realizan \"noche de velas por la paz\" en Colombia","og_description":"La Fundaci\u00f3n Periodistas por la Paz (FUPERPAZ), junto a diversos grupos juveniles, convocaron el evento \u201cM\u00e1s de mil velas por la Paz\u201d, el cual se desarroll\u00f3 para conmemorar el D\u00eda Internacional de la No-Violencia. Participaron m\u00e1s de 100 personas, quienes tambi\u00e9n con ese acto iniciaron la Marcha Mundial por la Paz y la No-Violencia en la ciudad de Ibagu\u00e9, Colombia.","og_url":"https:\/\/www.pressenza.com\/es\/2009\/10\/realizan-xnoche-de-velas-por-la-pazx-en-colombia\/","og_site_name":"Pressenza","article_publisher":"https:\/\/www.facebook.com\/PressenzaItalia","article_author":"https:\/\/www.facebook.com\/pressenza","article_published_time":"2009-10-17T00:00:00+00:00","article_modified_time":"2009-10-17T07:20:59+00:00","author":"Pressenza IPA","twitter_card":"summary_large_image","twitter_creator":"@PressenzaIPA","twitter_site":"@PressenzaIPA","twitter_misc":{"Escrito por":"Pressenza IPA","Tiempo de lectura":"2 minutos"},"schema":{"@context":"https:\/\/schema.org","@graph":[{"@type":"Article","@id":"https:\/\/www.pressenza.com\/es\/2009\/10\/realizan-xnoche-de-velas-por-la-pazx-en-colombia\/#article","isPartOf":{"@id":"https:\/\/www.pressenza.com\/es\/2009\/10\/realizan-xnoche-de-velas-por-la-pazx-en-colombia\/"},"author":{"name":"Pressenza IPA","@id":"https:\/\/www.pressenza.com\/es\/#\/schema\/person\/010e5d02bcf40965427a1289a4cc8d75"},"headline":"Realizan \u00abnoche de velas por la paz\u00bb en Colombia","datePublished":"2009-10-17T00:00:00+00:00","dateModified":"2009-10-17T07:20:59+00:00","mainEntityOfPage":{"@id":"https:\/\/www.pressenza.com\/es\/2009\/10\/realizan-xnoche-de-velas-por-la-pazx-en-colombia\/"},"wordCount":329,"publisher":{"@id":"https:\/\/www.pressenza.com\/es\/#organization"},"articleSection":["Cultura y Medios","Sudam\u00e9rica"],"inLanguage":"es"},{"@type":"WebPage","@id":"https:\/\/www.pressenza.com\/es\/2009\/10\/realizan-xnoche-de-velas-por-la-pazx-en-colombia\/","url":"https:\/\/www.pressenza.com\/es\/2009\/10\/realizan-xnoche-de-velas-por-la-pazx-en-colombia\/","name":"Realizan \"noche de velas por la paz\" en Colombia","isPartOf":{"@id":"https:\/\/www.pressenza.com\/es\/#website"},"datePublished":"2009-10-17T00:00:00+00:00","dateModified":"2009-10-17T07:20:59+00:00","description":"La Fundaci\u00f3n Periodistas por la Paz (FUPERPAZ), junto a diversos grupos juveniles, convocaron el evento \u201cM\u00e1s de mil velas por la Paz\u201d, el cual se desarroll\u00f3 para conmemorar el D\u00eda Internacional de la No-Violencia. Participaron m\u00e1s de 100 personas, quienes tambi\u00e9n con ese acto iniciaron la Marcha Mundial por la Paz y la No-Violencia en la ciudad de Ibagu\u00e9, Colombia.","breadcrumb":{"@id":"https:\/\/www.pressenza.com\/es\/2009\/10\/realizan-xnoche-de-velas-por-la-pazx-en-colombia\/#breadcrumb"},"inLanguage":"es","potentialAction":[{"@type":"ReadAction","target":["https:\/\/www.pressenza.com\/es\/2009\/10\/realizan-xnoche-de-velas-por-la-pazx-en-colombia\/"]}]},{"@type":"BreadcrumbList","@id":"https:\/\/www.pressenza.com\/es\/2009\/10\/realizan-xnoche-de-velas-por-la-pazx-en-colombia\/#breadcrumb","itemListElement":[{"@type":"ListItem","position":1,"name":"Accueil","item":"https:\/\/www.pressenza.com\/es\/"},{"@type":"ListItem","position":2,"name":"Realizan \u00abnoche de velas por la paz\u00bb en Colombia"}]},{"@type":"WebSite","@id":"https:\/\/www.pressenza.com\/es\/#website","url":"https:\/\/www.pressenza.com\/es\/","name":"Pressenza","description":"International Press Agency","publisher":{"@id":"https:\/\/www.pressenza.com\/es\/#organization"},"potentialAction":[{"@type":"SearchAction","target":{"@type":"EntryPoint","urlTemplate":"https:\/\/www.pressenza.com\/es\/?s={search_term_string}"},"query-input":{"@type":"PropertyValueSpecification","valueRequired":true,"valueName":"search_term_string"}}],"inLanguage":"es"},{"@type":"Organization","@id":"https:\/\/www.pressenza.com\/es\/#organization","name":"Pressenza","url":"https:\/\/www.pressenza.com\/es\/","logo":{"@type":"ImageObject","inLanguage":"es","@id":"https:\/\/www.pressenza.com\/es\/#\/schema\/logo\/image\/","url":"https:\/\/www.pressenza.com\/wp-content\/uploads\/2022\/10\/pressenza_logo_200x200.jpg","contentUrl":"https:\/\/www.pressenza.com\/wp-content\/uploads\/2022\/10\/pressenza_logo_200x200.jpg","width":200,"height":200,"caption":"Pressenza"},"image":{"@id":"https:\/\/www.pressenza.com\/es\/#\/schema\/logo\/image\/"},"sameAs":["https:\/\/www.facebook.com\/PressenzaItalia","https:\/\/x.com\/PressenzaIPA"]},{"@type":"Person","@id":"https:\/\/www.pressenza.com\/es\/#\/schema\/person\/010e5d02bcf40965427a1289a4cc8d75","name":"Pressenza IPA","description":"News from Pressenza IPA correspondents","sameAs":["https:\/\/www.facebook.com\/pressenza","https:\/\/x.com\/PressenzaIPA"],"url":"https:\/\/www.pressenza.com\/es\/author\/pressenza-ipa\/"}]}},"place":"Ibagu\u00e9","original_article_url":"","_links":{"self":[{"href":"https:\/\/www.pressenza.com\/es\/wp-json\/wp\/v2\/posts\/1773","targetHints":{"allow":["GET"]}}],"collection":[{"href":"https:\/\/www.pressenza.com\/es\/wp-json\/wp\/v2\/posts"}],"about":[{"href":"https:\/\/www.pressenza.com\/es\/wp-json\/wp\/v2\/types\/post"}],"author":[{"embeddable":true,"href":"https:\/\/www.pressenza.com\/es\/wp-json\/wp\/v2\/users\/19"}],"replies":[{"embeddable":true,"href":"https:\/\/www.pressenza.com\/es\/wp-json\/wp\/v2\/comments?post=1773"}],"version-history":[{"count":0,"href":"https:\/\/www.pressenza.com\/es\/wp-json\/wp\/v2\/posts\/1773\/revisions"}],"wp:attachment":[{"href":"https:\/\/www.pressenza.com\/es\/wp-json\/wp\/v2\/media?parent=1773"}],"wp:term":[{"taxonomy":"category","embeddable":true,"href":"https:\/\/www.pressenza.com\/es\/wp-json\/wp\/v2\/categories?post=1773"},{"taxonomy":"post_tag","embeddable":true,"href":"https:\/\/www.pressenza.com\/es\/wp-json\/wp\/v2\/tags?post=1773"}],"curies":[{"name":"wp","href":"https:\/\/api.w.org\/{rel}","templated":true}]}}