{"id":1772781,"date":"2023-10-09T04:02:10","date_gmt":"2023-10-09T03:02:10","guid":{"rendered":"https:\/\/www.pressenza.com\/?p=1772781"},"modified":"2023-10-09T12:15:57","modified_gmt":"2023-10-09T11:15:57","slug":"hacia-la-formacion-de-un-foro-mundial-permanente-entrevista-con-antonio-carvallo-a-tres-decadas-del-primer-foro-humanista-internacional-en-moscu","status":"publish","type":"post","link":"https:\/\/www.pressenza.com\/es\/2023\/10\/hacia-la-formacion-de-un-foro-mundial-permanente-entrevista-con-antonio-carvallo-a-tres-decadas-del-primer-foro-humanista-internacional-en-moscu\/","title":{"rendered":"Hacia la formaci\u00f3n de un Foro Mundial Permanente: Entrevista con Antonio Carvallo a tres d\u00e9cadas del Primer Foro Humanista Internacional en Mosc\u00fa."},"content":{"rendered":"<p><i><span style=\"font-size: large;\"><span lang=\"es-ES\">Hace exactamente tres d\u00e9cadas <\/span><\/span> <span style=\"font-size: large;\"><span lang=\"es-ES\">tuvo lugar el <\/span><\/span><span style=\"font-size: large;\"><span lang=\"es-ES\">Primer <\/span><\/span><span style=\"font-size: large;\"><span lang=\"es-ES\">Foro Humanista <\/span><\/span><span style=\"font-size: large;\"><span lang=\"es-ES\">Internacional<\/span><\/span> <span style=\"font-size: large;\"><span lang=\"es-ES\">en<\/span><\/span><span style=\"font-size: large;\"><span lang=\"es-ES\"> Mosc\u00fa. De aquel evento, que se desarroll\u00f3 un 7 y 8 de octubre de 1993 en la Academia de Administraci\u00f3n de Mosc\u00fa, participaron diversos miembros de la Academia de Ciencias de Rusia como Iv\u00e1n Frolov, Serguey Semenov, Boris Koval y <\/span><\/span><span style=\"font-size: large;\"><span lang=\"es-ES\">el <\/span><\/span><span style=\"font-size: large;\"><span lang=\"es-ES\">fundador de la corriente del Humanismo Universalista Silo, junto a numerosos humanistas de varias latitudes. <\/span><\/span><\/i><\/p>\n<p><i><span style=\"font-size: large;\"><span lang=\"es-ES\">El d\u00eda previo a las jornadas, con motivo de <\/span><\/span><span style=\"font-size: large;\"><span lang=\"es-ES\">su distinci\u00f3n con <\/span><\/span><span style=\"font-size: large;\"><span lang=\"es-ES\">el Doctor Honoris Causa de la Academia de Ciencias de Rusia, <\/span><\/span><span style=\"font-size: large;\"><span lang=\"es-ES\">Silo <\/span><\/span><span style=\"color: #131313;\"><span style=\"font-size: large;\"><span lang=\"es-ES\">defendi\u00f3 una tesis sobre \u201cLas condiciones del di\u00e1logo\u00bb.<\/span><\/span><\/span><\/i><\/p>\n<p><span style=\"color: #131313;\"><span style=\"font-size: large;\"><span lang=\"es-ES\"><i>C<\/i><\/span><\/span><\/span><span style=\"color: #131313;\"><span style=\"font-size: large;\"><span lang=\"es-ES\"><i>omo conmemoraci\u00f3n del importante hito, Pressenza entrevist\u00f3 a Antonio Carvallo, quien fue parte de la comitiva internacional de humanistas que <\/i><\/span><\/span><\/span><span style=\"color: #131313;\"><span style=\"font-size: large;\"><span lang=\"es-ES\"><i>particip\u00f3 <\/i><\/span><\/span><\/span><span style=\"color: #131313;\"><span style=\"font-size: large;\"><span lang=\"es-ES\"><i>del Foro Humanista de Mosc\u00fa y <\/i><\/span><\/span><\/span><span style=\"color: #131313;\"><span style=\"font-size: large;\"><span lang=\"es-ES\"><i>en la organizaci\u00f3n<\/i><\/span><\/span><\/span><i> d<\/i><span style=\"color: #131313;\"><span style=\"font-size: large;\"><span lang=\"es-ES\"><i>el segundo Congreso de la Internacional Humanista.<\/i><\/span><\/span><\/span> <span style=\"color: #131313;\"><span style=\"font-size: large;\"><span lang=\"es-ES\"><i> Carvallo mantuvo una fluida relaci\u00f3n con varios de los acad\u00e9micos rusos que se nuclearon en el Club de Intenciones Humanistas de Mosc\u00fa, que pasar\u00eda luego a formar parte del Centro Mundial de Estudios Humanistas. <\/i><\/span><\/span><\/span><\/p>\n<p lang=\"es-ES\"><span style=\"font-size: large;\"><b>\u00bfCual fue la motivaci\u00f3n de realizar el foro en Mosc\u00fa en 1993?<\/b><\/span><\/p>\n<p lang=\"es-ES\"><a name=\"firstHeading\"><\/a><span style=\"font-size: large;\"><span lang=\"es-ES\">La motivaci\u00f3n principal era el proceso de <\/span><\/span><span style=\"font-size: large;\"><span lang=\"es-ES\">la <\/span><\/span><span style=\"font-size: large;\"><span lang=\"es-ES\">Perestroika <\/span><\/span><span style=\"font-size: large;\"><span lang=\"es-ES\">(cuyo significado en lengua rusa es reestructuraci\u00f3n<\/span><\/span>) <span style=\"font-size: large;\"><span lang=\"es-ES\"> y Gl<\/span><\/span><span style=\"font-size: large;\"><span lang=\"es-ES\">\u00e1<\/span><\/span><span style=\"font-size: large;\"><span lang=\"es-ES\">snost <\/span><\/span><span style=\"font-size: large;\"><span lang=\"es-ES\">(apertura o transparencia) <\/span><\/span><span style=\"font-size: large;\"><span lang=\"es-ES\"> que estaba en marcha por iniciativa del gobierno de Mikhail Gorbachev, <\/span><\/span><span style=\"font-size: large;\"><span lang=\"es-ES\">secretario general del PCUS y presidente de la Uni\u00f3n Sovi\u00e9tica entre marzo de 1985 y diciembre de 1991<\/span><\/span><span style=\"font-size: large;\"><span lang=\"es-ES\">. En <\/span><\/span><span style=\"font-size: large;\"><span lang=\"es-ES\">junio de<\/span><\/span><span style=\"font-size: large;\"><span lang=\"es-ES\"> 1991 hubo elecciones presidenciales y <\/span><\/span><span style=\"font-size: large;\"><span lang=\"es-ES\">fue electo<\/span><\/span><span style=\"font-size: large;\"><span lang=\"es-ES\"> Boris Yeltsin, promoviendo <\/span><\/span><span style=\"font-size: large;\"><span lang=\"es-ES\">a partir de entonces<\/span><\/span><span style=\"font-size: large;\"><span lang=\"es-ES\"> una m\u00e1s veloz liberalizaci\u00f3n del sistema.<\/span><\/span><\/p>\n<p lang=\"es-ES\"><span style=\"font-size: large;\">El proceso de la Perestroika concit\u00f3 fuertemente la atenci\u00f3n del Movimiento Humanista que ampliaba a la saz\u00f3n su expansi\u00f3n geogr\u00e1fica en el mundo. El proceso de apertura de Rusia terminando con el monopolio del partido comunista, abriendo el juego pol\u00edtico, declarando el cese de su participaci\u00f3n en la \u201cguerra fr\u00eda\u201d y liberalizando la econom\u00eda, todo esto desde adentro \u2013 en un proceso de auto transformaci\u00f3n -, hablaba muy bien de la vitalidad de la naci\u00f3n rusa. Lo que atrajo fuertemente la atenci\u00f3n de Silo, pensador argentino, fundador del Nuevo Humanismo, conocido tambi\u00e9n como Humanismo Universalista.<\/span><\/p>\n<p lang=\"es-ES\"><span style=\"font-size: large;\">Silo coment\u00f3 ampliamente este fen\u00f3meno y alent\u00f3 nuestros contactos con los promotores de la Perestroika. As\u00ed fue que, habiendo ca\u00eddo Pinochet en Chile, y reiniciadas las relaciones diplom\u00e1ticas con Rusia, una delegaci\u00f3n de Humanistas de diversos pa\u00edses incluida la Internacional Humanista reci\u00e9n fundada en Florencia, Italia, fue invitada a Mosc\u00fa para participar en discusiones de conocimiento mutuo entre el Nuevo Humanismo y el Nuevo Pensamiento en Rusia.<\/span><\/p>\n<p><span style=\"font-size: large;\"><span lang=\"es-ES\">Yo ocupaba <\/span><\/span><span style=\"font-size: large;\"><span lang=\"es-ES\">por entonces<\/span><\/span><span style=\"font-size: large;\"><span lang=\"es-ES\"> la funci\u00f3n de secretario de Comunicaciones en la Internacional y como tal la representaba en la delegaci\u00f3n de partidos que visit<\/span><\/span><span style=\"font-size: large;\"><span lang=\"es-ES\">\u00f3<\/span><\/span><span style=\"font-size: large;\"><span lang=\"es-ES\"> Mosc\u00fa.<\/span><\/span><\/p>\n<p lang=\"es-ES\"><span style=\"font-size: large;\">Rusia demostr\u00f3 mucho inter\u00e9s por parte de su establecimiento pol\u00edtico y de c\u00edrculos acad\u00e9micos en este nuevo pensamiento proveniente de Am\u00e9rica del Sur, un continente amigo de Rusia durante la guerra fr\u00eda.<\/span><\/p>\n<p lang=\"es-ES\"><span style=\"font-size: large;\">As\u00ed empez\u00f3 nuestra relaci\u00f3n con Rusia. La delegaci\u00f3n conoci\u00f3 el proceso de cerca y se entrevisto con el acad\u00e9mico Frolov, el ministro de relaciones exteriores Shevardnadze, y representantes de departamentos de gobierno y academia. Se nos recibi\u00f3 con mucha calidez y simpat\u00eda y exploramos posibilidades de una m\u00e1s estrecha colaboraci\u00f3n futura entre la Internacional y el nuevo pensamiento ruso. Si mal no recuerdo en ese momento ya resid\u00eda en Mosc\u00fa el nuevo agregado cultural de la misi\u00f3n diplom\u00e1tica de Chile, el humanista Gonzalo Garc\u00eda Huidobro.<\/span><\/p>\n<p lang=\"es-ES\"><span style=\"font-size: large;\">No bien regresado a Londres y en respuesta a un fax m\u00edo agradeciendo por todas las atenciones dispensadas en Mosc\u00fa, recib\u00ed un correo del acad\u00e9mico Boris Koval, comunicando que se hab\u00eda constituido el Club de Intenciones Humanistas de Mosc\u00fa, integrado por acad\u00e9micos e investigadores del Centro de Estudios Latinoamericanos de la Academia de Ciencias de Rusia. Tambi\u00e9n se me invitaba a visitar el club cuando fuera conveniente, a los fines de cimentar y planear futuras acciones de colaboraci\u00f3n.<\/span><\/p>\n<p><span style=\"font-size: large;\"><span lang=\"es-ES\">De all\u00ed en m\u00e1s se desarroll\u00f3 una amplia colaboraci\u00f3n e intercambio entre el club de Mosc\u00fa, <\/span><\/span><span style=\"font-size: large;\"><span lang=\"es-ES\">l<\/span><\/span><span style=\"font-size: large;\"><span lang=\"es-ES\">a Academia de Ciencias, varias universidades, el Parlamento y estudiantes de muchos institutos de educaci\u00f3n superior. Varios consejos del <\/span><\/span><span style=\"font-size: large;\"><span lang=\"es-ES\">M<\/span><\/span><span style=\"font-size: large;\"><span lang=\"es-ES\">ovimiento <\/span><\/span><span style=\"font-size: large;\"><span lang=\"es-ES\">Humanista<\/span><\/span><span style=\"font-size: large;\"><span lang=\"es-ES\"> enviaron \u201cmisiones\u201d a <\/span><\/span><span style=\"font-size: large;\"><span lang=\"es-ES\">R<\/span><\/span><span style=\"font-size: large;\"><span lang=\"es-ES\">usia. Hugo Novotny, <\/span><\/span><span style=\"font-size: large;\"><span lang=\"es-ES\">humanista <\/span><\/span><span style=\"font-size: large;\"><span lang=\"es-ES\">argentino, se radic<\/span><\/span><span style=\"font-size: large;\"><span lang=\"es-ES\">\u00f3<\/span><\/span><span style=\"font-size: large;\"><span lang=\"es-ES\"> en Mosc<\/span><\/span><span style=\"font-size: large;\"><span lang=\"es-ES\">\u00fa<\/span><\/span><span style=\"font-size: large;\"><span lang=\"es-ES\"> y aprendi<\/span><\/span><span style=\"font-size: large;\"><span lang=\"es-ES\">\u00f3<\/span><\/span><span style=\"font-size: large;\"><span lang=\"es-ES\"> el ruso fluidamente.<\/span><\/span><\/p>\n<p><span style=\"font-size: large;\"><span lang=\"es-ES\">Se ampliaba as\u00ed el conocimiento del humanismo en <\/span><\/span><span style=\"font-size: large;\"><span lang=\"es-ES\">R<\/span><\/span><span style=\"font-size: large;\"><span lang=\"es-ES\">usia. Se <\/span><\/span><span style=\"font-size: large;\"><span lang=\"es-ES\">edit<\/span><\/span><span style=\"font-size: large;\"><span lang=\"es-ES\">aron algunos de nuestros libros en idioma ruso y se public<\/span><\/span><span style=\"font-size: large;\"><span lang=\"es-ES\">\u00f3<\/span><\/span><span style=\"font-size: large;\"><span lang=\"es-ES\"> un anuario llamado Lecturas Humanistas. Se fund<\/span><\/span><span style=\"font-size: large;\"><span lang=\"es-ES\">\u00f3<\/span><\/span><span style=\"font-size: large;\"><span lang=\"es-ES\"> el Centro Mundial de Estudios Humanistas, <\/span><\/span><span style=\"font-size: large;\"><span lang=\"es-ES\">que cont\u00f3<\/span><\/span><span style=\"font-size: large;\"><span lang=\"es-ES\"> con art\u00edculos peri\u00f3dicos de miembros del Club Humanista.<\/span><\/span><\/p>\n<p><span style=\"font-size: large;\"><span lang=\"es-ES\">Un grupo de acad\u00e9micos, <\/span><\/span><span style=\"font-size: large;\"><span lang=\"es-ES\">adem\u00e1s,<\/span><\/span><span style=\"font-size: large;\"><span lang=\"es-ES\"> apoy<\/span><\/span><span style=\"font-size: large;\"><span lang=\"es-ES\">\u00f3<\/span><\/span><span style=\"font-size: large;\"><span lang=\"es-ES\"> a Silo en la preparaci\u00f3n del <\/span><\/span><span style=\"font-size: large;\"><span lang=\"es-ES\">D<\/span><\/span><span style=\"font-size: large;\"><span lang=\"es-ES\">iccionario del Nuevo Humanismo, entre ellos el Profesor Boris Koval y el acad\u00e9mico Sergei Semenov.<\/span><\/span><\/p>\n<p lang=\"es-ES\"><span style=\"font-size: large;\">Estos activos proyectos de difusi\u00f3n, llevaron por iniciativa del Club a organizar un Pre-Foro Humanista en 1992 y el primer Foro Humanista en Mosc\u00fa en 1993. All\u00ed participaron amigos humanistas de mas de 30 pa\u00edses de Am\u00e9rica y Europa, as\u00ed como representantes de varios institutos acad\u00e9micos de Rusia tanto en el \u00e1rea de las ciencias sociales como tambi\u00e9n de las ciencias naturales.<\/span><\/p>\n<p lang=\"es-ES\"><span style=\"font-size: large;\">La actividad de difusi\u00f3n en Rusia tambi\u00e9n estuvo acompa\u00f1ada por diversos viajes de miembros y amigos del Club a pa\u00edses de Am\u00e9rica, como Chile y Argentina y pa\u00edses de Europa como Espa\u00f1a, Italia, Hungr\u00eda y el Reino Unido.<\/span><\/p>\n<p><span style=\"font-size: large;\"><span lang=\"es-ES\">Este activo intercambio personal, de ideas y proyectos tuvo un fuerte impacto sobre todos nosotros que descubrimos <\/span><\/span><span style=\"font-size: large;\"><span lang=\"es-ES\">R<\/span><\/span><span style=\"font-size: large;\"><span lang=\"es-ES\">usia de manera directa y profunda. Del mismo modo toc<\/span><\/span><span style=\"font-size: large;\"><span lang=\"es-ES\">\u00f3<\/span><\/span><span style=\"font-size: large;\"><span lang=\"es-ES\"> profundamente a nuestros amigos rusos. Boris Koval, amigo muy querido, iniciador y alma del <\/span><\/span><span style=\"font-size: large;\"><span lang=\"es-ES\">C<\/span><\/span><span style=\"font-size: large;\"><span lang=\"es-ES\">lub, me dijo poco antes de morir \u201cAntonio, el Humanismo y el conocimiento de Silo cambiaron mi vida para siempre.\u201d<\/span><\/span><\/p>\n<p lang=\"es-ES\"><span style=\"font-size: large;\"><b>Un par de semanas antes de la realizaci\u00f3n del Foro, la Academia de Ciencias de Rusia distingu\u00eda a Silo con el t\u00edtulo de Doctor Honoris Causa. \u00bfCu\u00e1l fue el motivo de dicha distinci\u00f3n? <\/b><\/span><\/p>\n<p lang=\"es-ES\"><span style=\"font-size: large;\">La profunda experiencia de muchos de estos acad\u00e9micos rusos, tal vez llev\u00f3 a que la Academia de Ciencias quisiera reconocer a Silo como Doctor Honoris Causa por su obra literaria pero tambi\u00e9n como organizador de un movimiento mundial promoviendo la paz y la no violencia a nivel individual y social.<\/span><\/p>\n<p><span style=\"font-size: large;\"><span lang=\"es-ES\">No s\u00e9 exactamente cual haya sido la raz\u00f3n causal del reconocimiento a Silo, fuera de la recomendaci\u00f3n de influyentes miembros de la organizaci\u00f3n, testigos de la magnitud de su obra. \u00bfSer\u00eda acaso, la concomitancia de procesos entre esa <\/span><\/span><span style=\"font-size: large;\"><span lang=\"es-ES\">R<\/span><\/span><span style=\"font-size: large;\"><span lang=\"es-ES\">usia que se abr\u00eda al mundo despu\u00e9s de muchos a<\/span><\/span><span style=\"font-size: large;\"><span lang=\"es-ES\">\u00f1<\/span><\/span><span style=\"font-size: large;\"><span lang=\"es-ES\">os de encerramiento detr\u00e1s de una \u201ccortina de hierro\u201d y un movimiento j<\/span><\/span><span style=\"font-size: large;\"><span lang=\"es-ES\">o<\/span><\/span><span style=\"font-size: large;\"><span lang=\"es-ES\">ven y progresista, interesado genuinamente en <\/span><\/span><span style=\"font-size: large;\"><span lang=\"es-ES\">esa<\/span><\/span><span style=\"font-size: large;\"><span lang=\"es-ES\"> experiencia que se abr\u00eda al mundo buscando transformar al ser humano y la sociedad hacia el humanismo? <\/span><\/span><\/p>\n<p><span style=\"font-size: large;\"><span lang=\"es-ES\">En la cultura rusa est<\/span><\/span><span style=\"font-size: large;\"><span lang=\"es-ES\">\u00e1<\/span><\/span><span style=\"font-size: large;\"><span lang=\"es-ES\"> fuertemente presente la influencia de <\/span><\/span><span style=\"font-size: large;\"><span lang=\"es-ES\">Le\u00f3n <\/span><\/span><span style=\"font-size: large;\"><span lang=\"es-ES\">Tolst<\/span><\/span><span style=\"font-size: large;\"><span lang=\"es-ES\">\u00f3i<\/span><\/span><span style=\"font-size: large;\"><span lang=\"es-ES\"> y <\/span><\/span><span style=\"font-size: large;\"><span lang=\"es-ES\">Nikolai <\/span><\/span><span style=\"font-size: large;\"><span lang=\"es-ES\">Berdi<\/span><\/span><span style=\"font-size: large;\"><span lang=\"es-ES\">\u00e1<\/span><\/span><span style=\"font-size: large;\"><span lang=\"es-ES\">ye<\/span><\/span><span style=\"font-size: large;\"><span lang=\"es-ES\">v <\/span><\/span><span style=\"font-size: large;\"><span lang=\"es-ES\">con un contenido humanista, m\u00edstico y social que retrata el alma rusa.<\/span><\/span><\/p>\n<p><span style=\"font-size: large;\"><span lang=\"es-ES\"><b>A ra\u00edz de<\/b><\/span><\/span><span style=\"font-size: large;\"><span lang=\"es-ES\"><b> recibir el Doctor Honoris Causa<\/b><\/span><\/span><span style=\"font-size: large;\"><span lang=\"es-ES\"><b>, <\/b><\/span><\/span><span style=\"font-size: large;\"><span lang=\"es-ES\"><b>el d\u00eda previo al inicio del Foro Humanista de Mosc\u00fa,<\/b><\/span><\/span><span style=\"font-size: large;\"><span lang=\"es-ES\"><b> Silo disert\u00f3 sobre \u201cLas Condiciones del di\u00e1logo\u201d. \u00bfCu\u00e1les fueron los puntos m\u00e1s relevantes y qu\u00e9 incidencia te parece que tienen en la actualidad en un mundo atravesado por severos conflictos? <\/b><\/span><\/span><\/p>\n<p lang=\"es-ES\"><span style=\"font-size: large;\">En su disertaci\u00f3n en la ceremonia de otorgamiento del doctorado Honoris Causa, Silo trat\u00f3 el tema de \u201cLas condiciones del Di\u00e1logo\u201d. T\u00f3pico muy importante en aquel momento en Rusia cuando el pa\u00eds se abr\u00eda al mundo occidental y mucho m\u00e1s importante a\u00fan en el mundo actual cuando vemos que el prejuicio y la exclusi\u00f3n se imponen desde el establecimiento pol\u00edtico occidental con aun mayor vigor que al fin de la \u201cguerra fr\u00eda\u201d.<\/span><\/p>\n<p lang=\"es-ES\"><span style=\"font-size: large;\">Es obvio hoy para una creciente mayor\u00eda de la poblaci\u00f3n mundial que la aceptaci\u00f3n de Rusia al di\u00e1logo entre iguales es resistida furiosamente por Estados Unidos y aliados de OTAN, puesto que para ellos representa el fin del monopolio unipolar que ejercen sobre el resto del mundo. A trav\u00e9s de la rusofobia justifican su resistencia a cambiar frente a una crisis profunda de civilizaci\u00f3n y un cambio geopol\u00edtico sin precedente en el que la comunicaci\u00f3n profunda entre culturas cobra prioridad.<\/span><\/p>\n<p lang=\"es-ES\"><span style=\"font-size: large;\">Creo que fue un consejo de precauci\u00f3n\u2026 los rusos muy abiertamente cre\u00edan en Occidente. Ingenuamente y con sinceridad se abrieron a Europa y USA, quienes simulaban escucharlos y atend\u00edan a sus propias prioridades, su seguridad y la apertura de su mercado.<\/span><\/p>\n<p><span style=\"font-size: large;\"><span lang=\"es-ES\"><i>(<\/i><\/span><\/span><span style=\"font-size: large;\"><span lang=\"es-ES\"><i>NdR: L<\/i><\/span><\/span><span style=\"font-size: large;\"><span lang=\"es-ES\"><i>a c<\/i><\/span><\/span><span style=\"font-size: large;\"><span lang=\"es-ES\"><i>onferencia de Silo completa puede accederse en este <a href=\"https:\/\/www.elmayordelospoetas.net\/1993\/10\/06\/las-condiciones-del-dialogo-honoris-causa\/\">enlace<\/a>) <\/i><\/span><\/span><\/p>\n<p><span style=\"font-size: large;\"><span lang=\"es-ES\"><b>Luego de aquel Foro tuvieron lugar nuevos eventos del mismo tipo en distintos lugares del mundo. \u00bfCu\u00e1l podr\u00eda ser la funci\u00f3n de nuevos Foros Humanistas en la actualidad? \u00bfEst\u00e1 prevista la realizaci\u00f3n de pr\u00f3ximos Foros? <\/b><\/span><\/span><\/p>\n<p lang=\"es-ES\"><span style=\"font-size: large;\">Luego del foro de Mosc\u00fa y siguiendo su positiva reacci\u00f3n se organizaron foros en Santiago de Chile, Ciudad de M\u00e9xico, Budapest y ya en este siglo, nuevamente en Santiago y Madrid.<\/span><\/p>\n<p><span style=\"font-size: large;\"><span lang=\"es-ES\">Los foros buscan la comunicaci\u00f3n entre organizaciones e individuos en todas las \u00e1reas prioritarias del quehacer social. Con el objetivo de formar puntos de vista comunes respecto de las prioridades esenciales de nuestro tiempo y las metodolog\u00edas m\u00e1s apropiadas para cumplirlas. Una vez establecidos foros en todas las regiones se busca establecer un foro mundial permanente que colect<\/span><\/span><span style=\"font-size: large;\"><span lang=\"es-ES\">e<\/span><\/span><span style=\"font-size: large;\"><span lang=\"es-ES\"> y distribuya informaci\u00f3n veraz y no violenta, en tiempo real y en todo el mundo. Esto sin obedecer a manipulaciones financieras o de poder, ni a grupos dogm\u00e1ticos de ning\u00fan tipo. La funci\u00f3n de los foros ser\u00e1 unir a la gente en todas las latitudes y difundir las mejores experiencias en la construcci\u00f3n y desarrollo de esta naci\u00f3n humana universal que emerge de la crisis. Esto perciben los humanistas que es el futuro. Para eso, el di<\/span><\/span><span style=\"font-size: large;\"><span lang=\"es-ES\">\u00e1<\/span><\/span><span style=\"font-size: large;\"><span lang=\"es-ES\">logo verdadero tal cual lo explic<\/span><\/span><span style=\"font-size: large;\"><span lang=\"es-ES\">\u00f3<\/span><\/span><span style=\"font-size: large;\"><span lang=\"es-ES\"> Silo en la Academia, es una condici\u00f3n esencial. Toda la situaci\u00f3n, dejaba evocar <\/span><\/span><span style=\"font-size: large;\"><span lang=\"es-ES\">a<\/span><\/span><span style=\"font-size: large;\"><span lang=\"es-ES\"> la Academia <\/span><\/span><span style=\"font-size: large;\"><span lang=\"es-ES\">de <\/span><\/span><span style=\"font-size: large;\"><span lang=\"es-ES\">Plat\u00f3n. <\/span><\/span><\/p>\n<p lang=\"es-ES\"><span style=\"font-size: large;\">Se trata de la integraci\u00f3n de todas las culturas alrededor de los valores de la eliminaci\u00f3n de la violencia personal y social, resoluci\u00f3n de los conflictos y humanizaci\u00f3n del mundo. <\/span><\/p>\n<p lang=\"es-ES\"><span style=\"font-size: large;\">La historia se acelera a un ritmo sin precedente como consecuencia del avance tecnol\u00f3gico y cient\u00edfico. Sobre todo, el progreso de las comunicaciones. Hoy cada individuo de m\u00e1s de diez a\u00f1os posee o busca tener acceso a la telefon\u00eda digital, comunicaci\u00f3n en tiempo real y masas de informaci\u00f3n. Las redes satelitales cubren y conectan cada rinc\u00f3n de la tierra con im\u00e1genes audiovisuales ante la desesperaci\u00f3n de los monopolios pol\u00edticos y econ\u00f3micos que buscan controlar a los grandes grupos humanos.<\/span><\/p>\n<p lang=\"es-ES\"><span style=\"font-size: large;\">En este momento est\u00e1 prevista la formaci\u00f3n de foros regionales en Asia y \u00c1frica, centros de las mayores poblaciones del planeta y hasta ahora desplazadas del protagonismo que les corresponde por su n\u00famero y creaci\u00f3n de riqueza. <\/span><\/p>\n<p lang=\"es-ES\"><span style=\"font-size: large;\">Creo que la formaci\u00f3n de esos di\u00e1logos representa una oportunidad \u00fanica para todos los humanistas del mundo hacia la formaci\u00f3n de un Foro Mundial Permanente donde la b\u00fasqueda com\u00fan sea \u201c\u2026luchar contra la discriminaci\u00f3n y la violencia, proponiendo salidas para que se manifieste la libertad de elecci\u00f3n del ser humano\u201d, p\u00e1rrafo con el que Silo concluy\u00f3 su intervenci\u00f3n en el Foro Humanista de Mosc\u00fa, el 7 de Octubre de 1993.<\/span><\/p>\n<p><span style=\"font-size: large;\"><span lang=\"es-ES\"><i>(<\/i><\/span><\/span><span style=\"font-size: large;\"><span lang=\"es-ES\"><i>NdR: L<\/i><\/span><\/span><span style=\"font-size: large;\"><span lang=\"es-ES\"><i>a exposici\u00f3n de Silo en el Foro Humanista de Mosc<\/i><\/span><\/span><span style=\"font-size: large;\"><span lang=\"es-ES\"><i>\u00fa, <\/i><\/span><\/span><span style=\"font-size: large;\"><span lang=\"es-ES\"><i>07\/10\/93, <\/i><\/span><\/span><span style=\"font-size: large;\"><span lang=\"es-ES\"><i>puede accederse \u00edntegramente <a href=\"https:\/\/o-nv.org\/wp-content\/uploads\/2021\/02\/Foro-Humanista-Silo.pdf\">aqu\u00ed<\/a><\/i><\/span><\/span><span style=\"font-size: large;\"><span lang=\"es-ES\"><i> )<\/i><\/span><\/span><\/p>\n<p><span style=\"font-size: large;\"><span lang=\"es-ES\"><b>Muchas gracias, Antonio<\/b><\/span><\/span><\/p>\n","protected":false},"excerpt":{"rendered":"<p>Hace exactamente tres d\u00e9cadas tuvo lugar el Primer Foro Humanista Internacional en Mosc\u00fa. De aquel evento, que se desarroll\u00f3 un 7 y 8 de octubre de 1993 en la Academia de Administraci\u00f3n de Mosc\u00fa, participaron diversos miembros de la Academia&hellip;<\/p>\n","protected":false},"author":970,"featured_media":1772788,"comment_status":"closed","ping_status":"closed","sticky":false,"template":"","format":"standard","meta":{"footnotes":""},"categories":[11389,155,1240],"tags":[116840,116839,715,543],"class_list":["post-1772781","post","type-post","status-publish","format-standard","has-post-thumbnail","hentry","category-contenido-original","category-entrevistas","category-humanismo-espiritualidad","tag-foro-mundial-permanente","tag-foros-humanistas","tag-rusia","tag-silo-es"],"yoast_head":"<!-- This site is optimized with the Yoast SEO plugin v27.1.1 - https:\/\/yoast.com\/product\/yoast-seo-wordpress\/ -->\n<title>Hacia la formaci\u00f3n de un Foro Mundial Permanente: Entrevista con Antonio Carvallo a tres d\u00e9cadas del Primer Foro Humanista Internacional en Mosc\u00fa.<\/title>\n<meta name=\"description\" content=\"Hace exactamente tres d\u00e9cadas tuvo lugar el Primer Foro Humanista Internacional en Mosc\u00fa. De aquel evento, que se desarroll\u00f3 un 7 y 8 de octubre de 1993\" \/>\n<meta name=\"robots\" content=\"index, follow, max-snippet:-1, max-image-preview:large, max-video-preview:-1\" \/>\n<link rel=\"canonical\" href=\"https:\/\/www.pressenza.com\/es\/2023\/10\/hacia-la-formacion-de-un-foro-mundial-permanente-entrevista-con-antonio-carvallo-a-tres-decadas-del-primer-foro-humanista-internacional-en-moscu\/\" \/>\n<meta property=\"og:locale\" content=\"es_ES\" \/>\n<meta property=\"og:type\" content=\"article\" \/>\n<meta property=\"og:title\" content=\"Hacia la formaci\u00f3n de un Foro Mundial Permanente: Entrevista con Antonio Carvallo a tres d\u00e9cadas del Primer Foro Humanista Internacional en Mosc\u00fa.\" \/>\n<meta property=\"og:description\" content=\"Hace exactamente tres d\u00e9cadas tuvo lugar el Primer Foro Humanista Internacional en Mosc\u00fa. De aquel evento, que se desarroll\u00f3 un 7 y 8 de octubre de 1993\" \/>\n<meta property=\"og:url\" content=\"https:\/\/www.pressenza.com\/es\/2023\/10\/hacia-la-formacion-de-un-foro-mundial-permanente-entrevista-con-antonio-carvallo-a-tres-decadas-del-primer-foro-humanista-internacional-en-moscu\/\" \/>\n<meta property=\"og:site_name\" content=\"Pressenza\" \/>\n<meta property=\"article:publisher\" content=\"https:\/\/www.facebook.com\/PressenzaItalia\" \/>\n<meta property=\"article:author\" content=\"https:\/\/www.facebook.com\/javier.tolcachier?fref=ts\" \/>\n<meta property=\"article:published_time\" content=\"2023-10-09T03:02:10+00:00\" \/>\n<meta property=\"article:modified_time\" content=\"2023-10-09T11:15:57+00:00\" \/>\n<meta property=\"og:image\" content=\"https:\/\/www.pressenza.com\/wp-content\/uploads\/2023\/10\/silo-gorbachov-moscu-1993-1.jpg\" \/>\n\t<meta property=\"og:image:width\" content=\"680\" \/>\n\t<meta property=\"og:image:height\" content=\"462\" \/>\n\t<meta property=\"og:image:type\" content=\"image\/jpeg\" \/>\n<meta name=\"author\" content=\"Javier Tolcachier\" \/>\n<meta name=\"twitter:card\" content=\"summary_large_image\" \/>\n<meta name=\"twitter:creator\" content=\"@jtolcachier\" \/>\n<meta name=\"twitter:site\" content=\"@PressenzaIPA\" \/>\n<meta name=\"twitter:label1\" content=\"Escrito por\" \/>\n\t<meta name=\"twitter:data1\" content=\"Javier Tolcachier\" \/>\n\t<meta name=\"twitter:label2\" content=\"Tiempo de lectura\" \/>\n\t<meta name=\"twitter:data2\" content=\"9 minutos\" \/>\n<script type=\"application\/ld+json\" class=\"yoast-schema-graph\">{\"@context\":\"https:\/\/schema.org\",\"@graph\":[{\"@type\":\"Article\",\"@id\":\"https:\/\/www.pressenza.com\/es\/2023\/10\/hacia-la-formacion-de-un-foro-mundial-permanente-entrevista-con-antonio-carvallo-a-tres-decadas-del-primer-foro-humanista-internacional-en-moscu\/#article\",\"isPartOf\":{\"@id\":\"https:\/\/www.pressenza.com\/es\/2023\/10\/hacia-la-formacion-de-un-foro-mundial-permanente-entrevista-con-antonio-carvallo-a-tres-decadas-del-primer-foro-humanista-internacional-en-moscu\/\"},\"author\":{\"name\":\"Javier Tolcachier\",\"@id\":\"https:\/\/www.pressenza.com\/es\/#\/schema\/person\/f353f6d4eed144101dedba60e6227564\"},\"headline\":\"Hacia la formaci\u00f3n de un Foro Mundial Permanente: Entrevista con Antonio Carvallo a tres d\u00e9cadas del Primer Foro Humanista Internacional en Mosc\u00fa.\",\"datePublished\":\"2023-10-09T03:02:10+00:00\",\"dateModified\":\"2023-10-09T11:15:57+00:00\",\"mainEntityOfPage\":{\"@id\":\"https:\/\/www.pressenza.com\/es\/2023\/10\/hacia-la-formacion-de-un-foro-mundial-permanente-entrevista-con-antonio-carvallo-a-tres-decadas-del-primer-foro-humanista-internacional-en-moscu\/\"},\"wordCount\":2035,\"publisher\":{\"@id\":\"https:\/\/www.pressenza.com\/es\/#organization\"},\"image\":{\"@id\":\"https:\/\/www.pressenza.com\/es\/2023\/10\/hacia-la-formacion-de-un-foro-mundial-permanente-entrevista-con-antonio-carvallo-a-tres-decadas-del-primer-foro-humanista-internacional-en-moscu\/#primaryimage\"},\"thumbnailUrl\":\"https:\/\/www.pressenza.com\/wp-content\/uploads\/2023\/10\/silo-gorbachov-moscu-1993-1.jpg\",\"keywords\":[\"Foro mundial permanente\",\"Foros humanistas\",\"Rusia\",\"Silo\"],\"articleSection\":[\"Contenido Original\",\"Entrevistas\",\"Humanismo y Espiritualidad\"],\"inLanguage\":\"es\"},{\"@type\":\"WebPage\",\"@id\":\"https:\/\/www.pressenza.com\/es\/2023\/10\/hacia-la-formacion-de-un-foro-mundial-permanente-entrevista-con-antonio-carvallo-a-tres-decadas-del-primer-foro-humanista-internacional-en-moscu\/\",\"url\":\"https:\/\/www.pressenza.com\/es\/2023\/10\/hacia-la-formacion-de-un-foro-mundial-permanente-entrevista-con-antonio-carvallo-a-tres-decadas-del-primer-foro-humanista-internacional-en-moscu\/\",\"name\":\"Hacia la formaci\u00f3n de un Foro Mundial Permanente: Entrevista con Antonio Carvallo a tres d\u00e9cadas del Primer Foro Humanista Internacional en Mosc\u00fa.\",\"isPartOf\":{\"@id\":\"https:\/\/www.pressenza.com\/es\/#website\"},\"primaryImageOfPage\":{\"@id\":\"https:\/\/www.pressenza.com\/es\/2023\/10\/hacia-la-formacion-de-un-foro-mundial-permanente-entrevista-con-antonio-carvallo-a-tres-decadas-del-primer-foro-humanista-internacional-en-moscu\/#primaryimage\"},\"image\":{\"@id\":\"https:\/\/www.pressenza.com\/es\/2023\/10\/hacia-la-formacion-de-un-foro-mundial-permanente-entrevista-con-antonio-carvallo-a-tres-decadas-del-primer-foro-humanista-internacional-en-moscu\/#primaryimage\"},\"thumbnailUrl\":\"https:\/\/www.pressenza.com\/wp-content\/uploads\/2023\/10\/silo-gorbachov-moscu-1993-1.jpg\",\"datePublished\":\"2023-10-09T03:02:10+00:00\",\"dateModified\":\"2023-10-09T11:15:57+00:00\",\"description\":\"Hace exactamente tres d\u00e9cadas tuvo lugar el Primer Foro Humanista Internacional en Mosc\u00fa. De aquel evento, que se desarroll\u00f3 un 7 y 8 de octubre de 1993\",\"breadcrumb\":{\"@id\":\"https:\/\/www.pressenza.com\/es\/2023\/10\/hacia-la-formacion-de-un-foro-mundial-permanente-entrevista-con-antonio-carvallo-a-tres-decadas-del-primer-foro-humanista-internacional-en-moscu\/#breadcrumb\"},\"inLanguage\":\"es\",\"potentialAction\":[{\"@type\":\"ReadAction\",\"target\":[\"https:\/\/www.pressenza.com\/es\/2023\/10\/hacia-la-formacion-de-un-foro-mundial-permanente-entrevista-con-antonio-carvallo-a-tres-decadas-del-primer-foro-humanista-internacional-en-moscu\/\"]}]},{\"@type\":\"ImageObject\",\"inLanguage\":\"es\",\"@id\":\"https:\/\/www.pressenza.com\/es\/2023\/10\/hacia-la-formacion-de-un-foro-mundial-permanente-entrevista-con-antonio-carvallo-a-tres-decadas-del-primer-foro-humanista-internacional-en-moscu\/#primaryimage\",\"url\":\"https:\/\/www.pressenza.com\/wp-content\/uploads\/2023\/10\/silo-gorbachov-moscu-1993-1.jpg\",\"contentUrl\":\"https:\/\/www.pressenza.com\/wp-content\/uploads\/2023\/10\/silo-gorbachov-moscu-1993-1.jpg\",\"width\":680,\"height\":462},{\"@type\":\"BreadcrumbList\",\"@id\":\"https:\/\/www.pressenza.com\/es\/2023\/10\/hacia-la-formacion-de-un-foro-mundial-permanente-entrevista-con-antonio-carvallo-a-tres-decadas-del-primer-foro-humanista-internacional-en-moscu\/#breadcrumb\",\"itemListElement\":[{\"@type\":\"ListItem\",\"position\":1,\"name\":\"Accueil\",\"item\":\"https:\/\/www.pressenza.com\/es\/\"},{\"@type\":\"ListItem\",\"position\":2,\"name\":\"Hacia la formaci\u00f3n de un Foro Mundial Permanente: Entrevista con Antonio Carvallo a tres d\u00e9cadas del Primer Foro Humanista Internacional en Mosc\u00fa.\"}]},{\"@type\":\"WebSite\",\"@id\":\"https:\/\/www.pressenza.com\/es\/#website\",\"url\":\"https:\/\/www.pressenza.com\/es\/\",\"name\":\"Pressenza\",\"description\":\"International Press Agency\",\"publisher\":{\"@id\":\"https:\/\/www.pressenza.com\/es\/#organization\"},\"potentialAction\":[{\"@type\":\"SearchAction\",\"target\":{\"@type\":\"EntryPoint\",\"urlTemplate\":\"https:\/\/www.pressenza.com\/es\/?s={search_term_string}\"},\"query-input\":{\"@type\":\"PropertyValueSpecification\",\"valueRequired\":true,\"valueName\":\"search_term_string\"}}],\"inLanguage\":\"es\"},{\"@type\":\"Organization\",\"@id\":\"https:\/\/www.pressenza.com\/es\/#organization\",\"name\":\"Pressenza\",\"url\":\"https:\/\/www.pressenza.com\/es\/\",\"logo\":{\"@type\":\"ImageObject\",\"inLanguage\":\"es\",\"@id\":\"https:\/\/www.pressenza.com\/es\/#\/schema\/logo\/image\/\",\"url\":\"https:\/\/www.pressenza.com\/wp-content\/uploads\/2022\/10\/pressenza_logo_200x200.jpg\",\"contentUrl\":\"https:\/\/www.pressenza.com\/wp-content\/uploads\/2022\/10\/pressenza_logo_200x200.jpg\",\"width\":200,\"height\":200,\"caption\":\"Pressenza\"},\"image\":{\"@id\":\"https:\/\/www.pressenza.com\/es\/#\/schema\/logo\/image\/\"},\"sameAs\":[\"https:\/\/www.facebook.com\/PressenzaItalia\",\"https:\/\/x.com\/PressenzaIPA\"]},{\"@type\":\"Person\",\"@id\":\"https:\/\/www.pressenza.com\/es\/#\/schema\/person\/f353f6d4eed144101dedba60e6227564\",\"name\":\"Javier Tolcachier\",\"description\":\"Javier Tolcachier is a researcher from the World Centre of Humanist Studies, an organism of the Humanist Movement. Mail: javiertolcachier@disroot.org Twitter: @jtolcachier\",\"sameAs\":[\"https:\/\/www.facebook.com\/javier.tolcachier?fref=ts\",\"https:\/\/x.com\/jtolcachier\"],\"url\":\"https:\/\/www.pressenza.com\/es\/author\/javier-tolcachier\/\"}]}<\/script>\n<!-- \/ Yoast SEO plugin. -->","yoast_head_json":{"title":"Hacia la formaci\u00f3n de un Foro Mundial Permanente: Entrevista con Antonio Carvallo a tres d\u00e9cadas del Primer Foro Humanista Internacional en Mosc\u00fa.","description":"Hace exactamente tres d\u00e9cadas tuvo lugar el Primer Foro Humanista Internacional en Mosc\u00fa. De aquel evento, que se desarroll\u00f3 un 7 y 8 de octubre de 1993","robots":{"index":"index","follow":"follow","max-snippet":"max-snippet:-1","max-image-preview":"max-image-preview:large","max-video-preview":"max-video-preview:-1"},"canonical":"https:\/\/www.pressenza.com\/es\/2023\/10\/hacia-la-formacion-de-un-foro-mundial-permanente-entrevista-con-antonio-carvallo-a-tres-decadas-del-primer-foro-humanista-internacional-en-moscu\/","og_locale":"es_ES","og_type":"article","og_title":"Hacia la formaci\u00f3n de un Foro Mundial Permanente: Entrevista con Antonio Carvallo a tres d\u00e9cadas del Primer Foro Humanista Internacional en Mosc\u00fa.","og_description":"Hace exactamente tres d\u00e9cadas tuvo lugar el Primer Foro Humanista Internacional en Mosc\u00fa. De aquel evento, que se desarroll\u00f3 un 7 y 8 de octubre de 1993","og_url":"https:\/\/www.pressenza.com\/es\/2023\/10\/hacia-la-formacion-de-un-foro-mundial-permanente-entrevista-con-antonio-carvallo-a-tres-decadas-del-primer-foro-humanista-internacional-en-moscu\/","og_site_name":"Pressenza","article_publisher":"https:\/\/www.facebook.com\/PressenzaItalia","article_author":"https:\/\/www.facebook.com\/javier.tolcachier?fref=ts","article_published_time":"2023-10-09T03:02:10+00:00","article_modified_time":"2023-10-09T11:15:57+00:00","og_image":[{"width":680,"height":462,"url":"https:\/\/www.pressenza.com\/wp-content\/uploads\/2023\/10\/silo-gorbachov-moscu-1993-1.jpg","type":"image\/jpeg"}],"author":"Javier Tolcachier","twitter_card":"summary_large_image","twitter_creator":"@jtolcachier","twitter_site":"@PressenzaIPA","twitter_misc":{"Escrito por":"Javier Tolcachier","Tiempo de lectura":"9 minutos"},"schema":{"@context":"https:\/\/schema.org","@graph":[{"@type":"Article","@id":"https:\/\/www.pressenza.com\/es\/2023\/10\/hacia-la-formacion-de-un-foro-mundial-permanente-entrevista-con-antonio-carvallo-a-tres-decadas-del-primer-foro-humanista-internacional-en-moscu\/#article","isPartOf":{"@id":"https:\/\/www.pressenza.com\/es\/2023\/10\/hacia-la-formacion-de-un-foro-mundial-permanente-entrevista-con-antonio-carvallo-a-tres-decadas-del-primer-foro-humanista-internacional-en-moscu\/"},"author":{"name":"Javier Tolcachier","@id":"https:\/\/www.pressenza.com\/es\/#\/schema\/person\/f353f6d4eed144101dedba60e6227564"},"headline":"Hacia la formaci\u00f3n de un Foro Mundial Permanente: Entrevista con Antonio Carvallo a tres d\u00e9cadas del Primer Foro Humanista Internacional en Mosc\u00fa.","datePublished":"2023-10-09T03:02:10+00:00","dateModified":"2023-10-09T11:15:57+00:00","mainEntityOfPage":{"@id":"https:\/\/www.pressenza.com\/es\/2023\/10\/hacia-la-formacion-de-un-foro-mundial-permanente-entrevista-con-antonio-carvallo-a-tres-decadas-del-primer-foro-humanista-internacional-en-moscu\/"},"wordCount":2035,"publisher":{"@id":"https:\/\/www.pressenza.com\/es\/#organization"},"image":{"@id":"https:\/\/www.pressenza.com\/es\/2023\/10\/hacia-la-formacion-de-un-foro-mundial-permanente-entrevista-con-antonio-carvallo-a-tres-decadas-del-primer-foro-humanista-internacional-en-moscu\/#primaryimage"},"thumbnailUrl":"https:\/\/www.pressenza.com\/wp-content\/uploads\/2023\/10\/silo-gorbachov-moscu-1993-1.jpg","keywords":["Foro mundial permanente","Foros humanistas","Rusia","Silo"],"articleSection":["Contenido Original","Entrevistas","Humanismo y Espiritualidad"],"inLanguage":"es"},{"@type":"WebPage","@id":"https:\/\/www.pressenza.com\/es\/2023\/10\/hacia-la-formacion-de-un-foro-mundial-permanente-entrevista-con-antonio-carvallo-a-tres-decadas-del-primer-foro-humanista-internacional-en-moscu\/","url":"https:\/\/www.pressenza.com\/es\/2023\/10\/hacia-la-formacion-de-un-foro-mundial-permanente-entrevista-con-antonio-carvallo-a-tres-decadas-del-primer-foro-humanista-internacional-en-moscu\/","name":"Hacia la formaci\u00f3n de un Foro Mundial Permanente: Entrevista con Antonio Carvallo a tres d\u00e9cadas del Primer Foro Humanista Internacional en Mosc\u00fa.","isPartOf":{"@id":"https:\/\/www.pressenza.com\/es\/#website"},"primaryImageOfPage":{"@id":"https:\/\/www.pressenza.com\/es\/2023\/10\/hacia-la-formacion-de-un-foro-mundial-permanente-entrevista-con-antonio-carvallo-a-tres-decadas-del-primer-foro-humanista-internacional-en-moscu\/#primaryimage"},"image":{"@id":"https:\/\/www.pressenza.com\/es\/2023\/10\/hacia-la-formacion-de-un-foro-mundial-permanente-entrevista-con-antonio-carvallo-a-tres-decadas-del-primer-foro-humanista-internacional-en-moscu\/#primaryimage"},"thumbnailUrl":"https:\/\/www.pressenza.com\/wp-content\/uploads\/2023\/10\/silo-gorbachov-moscu-1993-1.jpg","datePublished":"2023-10-09T03:02:10+00:00","dateModified":"2023-10-09T11:15:57+00:00","description":"Hace exactamente tres d\u00e9cadas tuvo lugar el Primer Foro Humanista Internacional en Mosc\u00fa. De aquel evento, que se desarroll\u00f3 un 7 y 8 de octubre de 1993","breadcrumb":{"@id":"https:\/\/www.pressenza.com\/es\/2023\/10\/hacia-la-formacion-de-un-foro-mundial-permanente-entrevista-con-antonio-carvallo-a-tres-decadas-del-primer-foro-humanista-internacional-en-moscu\/#breadcrumb"},"inLanguage":"es","potentialAction":[{"@type":"ReadAction","target":["https:\/\/www.pressenza.com\/es\/2023\/10\/hacia-la-formacion-de-un-foro-mundial-permanente-entrevista-con-antonio-carvallo-a-tres-decadas-del-primer-foro-humanista-internacional-en-moscu\/"]}]},{"@type":"ImageObject","inLanguage":"es","@id":"https:\/\/www.pressenza.com\/es\/2023\/10\/hacia-la-formacion-de-un-foro-mundial-permanente-entrevista-con-antonio-carvallo-a-tres-decadas-del-primer-foro-humanista-internacional-en-moscu\/#primaryimage","url":"https:\/\/www.pressenza.com\/wp-content\/uploads\/2023\/10\/silo-gorbachov-moscu-1993-1.jpg","contentUrl":"https:\/\/www.pressenza.com\/wp-content\/uploads\/2023\/10\/silo-gorbachov-moscu-1993-1.jpg","width":680,"height":462},{"@type":"BreadcrumbList","@id":"https:\/\/www.pressenza.com\/es\/2023\/10\/hacia-la-formacion-de-un-foro-mundial-permanente-entrevista-con-antonio-carvallo-a-tres-decadas-del-primer-foro-humanista-internacional-en-moscu\/#breadcrumb","itemListElement":[{"@type":"ListItem","position":1,"name":"Accueil","item":"https:\/\/www.pressenza.com\/es\/"},{"@type":"ListItem","position":2,"name":"Hacia la formaci\u00f3n de un Foro Mundial Permanente: Entrevista con Antonio Carvallo a tres d\u00e9cadas del Primer Foro Humanista Internacional en Mosc\u00fa."}]},{"@type":"WebSite","@id":"https:\/\/www.pressenza.com\/es\/#website","url":"https:\/\/www.pressenza.com\/es\/","name":"Pressenza","description":"International Press Agency","publisher":{"@id":"https:\/\/www.pressenza.com\/es\/#organization"},"potentialAction":[{"@type":"SearchAction","target":{"@type":"EntryPoint","urlTemplate":"https:\/\/www.pressenza.com\/es\/?s={search_term_string}"},"query-input":{"@type":"PropertyValueSpecification","valueRequired":true,"valueName":"search_term_string"}}],"inLanguage":"es"},{"@type":"Organization","@id":"https:\/\/www.pressenza.com\/es\/#organization","name":"Pressenza","url":"https:\/\/www.pressenza.com\/es\/","logo":{"@type":"ImageObject","inLanguage":"es","@id":"https:\/\/www.pressenza.com\/es\/#\/schema\/logo\/image\/","url":"https:\/\/www.pressenza.com\/wp-content\/uploads\/2022\/10\/pressenza_logo_200x200.jpg","contentUrl":"https:\/\/www.pressenza.com\/wp-content\/uploads\/2022\/10\/pressenza_logo_200x200.jpg","width":200,"height":200,"caption":"Pressenza"},"image":{"@id":"https:\/\/www.pressenza.com\/es\/#\/schema\/logo\/image\/"},"sameAs":["https:\/\/www.facebook.com\/PressenzaItalia","https:\/\/x.com\/PressenzaIPA"]},{"@type":"Person","@id":"https:\/\/www.pressenza.com\/es\/#\/schema\/person\/f353f6d4eed144101dedba60e6227564","name":"Javier Tolcachier","description":"Javier Tolcachier is a researcher from the World Centre of Humanist Studies, an organism of the Humanist Movement. Mail: javiertolcachier@disroot.org Twitter: @jtolcachier","sameAs":["https:\/\/www.facebook.com\/javier.tolcachier?fref=ts","https:\/\/x.com\/jtolcachier"],"url":"https:\/\/www.pressenza.com\/es\/author\/javier-tolcachier\/"}]}},"place":"","original_article_url":"","_links":{"self":[{"href":"https:\/\/www.pressenza.com\/es\/wp-json\/wp\/v2\/posts\/1772781","targetHints":{"allow":["GET"]}}],"collection":[{"href":"https:\/\/www.pressenza.com\/es\/wp-json\/wp\/v2\/posts"}],"about":[{"href":"https:\/\/www.pressenza.com\/es\/wp-json\/wp\/v2\/types\/post"}],"author":[{"embeddable":true,"href":"https:\/\/www.pressenza.com\/es\/wp-json\/wp\/v2\/users\/970"}],"replies":[{"embeddable":true,"href":"https:\/\/www.pressenza.com\/es\/wp-json\/wp\/v2\/comments?post=1772781"}],"version-history":[{"count":0,"href":"https:\/\/www.pressenza.com\/es\/wp-json\/wp\/v2\/posts\/1772781\/revisions"}],"wp:featuredmedia":[{"embeddable":true,"href":"https:\/\/www.pressenza.com\/es\/wp-json\/wp\/v2\/media\/1772788"}],"wp:attachment":[{"href":"https:\/\/www.pressenza.com\/es\/wp-json\/wp\/v2\/media?parent=1772781"}],"wp:term":[{"taxonomy":"category","embeddable":true,"href":"https:\/\/www.pressenza.com\/es\/wp-json\/wp\/v2\/categories?post=1772781"},{"taxonomy":"post_tag","embeddable":true,"href":"https:\/\/www.pressenza.com\/es\/wp-json\/wp\/v2\/tags?post=1772781"}],"curies":[{"name":"wp","href":"https:\/\/api.w.org\/{rel}","templated":true}]}}