{"id":1772727,"date":"2023-10-08T21:02:55","date_gmt":"2023-10-08T20:02:55","guid":{"rendered":"https:\/\/www.pressenza.com\/?p=1772727"},"modified":"2023-10-08T21:02:55","modified_gmt":"2023-10-08T20:02:55","slug":"la-onu-celebra-el-nobel-de-la-paz-para-activista-irani","status":"publish","type":"post","link":"https:\/\/www.pressenza.com\/es\/2023\/10\/la-onu-celebra-el-nobel-de-la-paz-para-activista-irani\/","title":{"rendered":"La ONU celebra el Nobel de la Paz para activista iran\u00ed"},"content":{"rendered":"<p style=\"padding-left: 40px;\"><em>El secretario general Ant\u00f3nio Guterres y otros altos cargos de las Naciones Unidas celebraron la concesi\u00f3n del Premio Nobel de la Paz 2023 a la encarcelada periodista y activista de derechos humanos en Ir\u00e1n, Narges Mohammadi.<\/em><span id=\"more-176177\"><\/span><\/p>\n<p>Este Premio Nobel \u201ces un homenaje a todas aquellas mujeres que luchan por sus derechos poniendo en riesgo su libertad, su salud e incluso sus vidas\u201d, <a href=\"https:\/\/www.un.org\/sg\/\">expres\u00f3 Guterres<\/a> en un comunicado.<\/p>\n<p>Se trata de \u201cun recordatorio importante de que los derechos de las mujeres y las ni\u00f1as se enfrentan a un fuerte retroceso, incluso a trav\u00e9s de la persecuci\u00f3n de las defensoras de los derechos humanos, en Ir\u00e1n y en otros lugares\u201d, agreg\u00f3 Guterres.<\/p>\n<p>Mohammadi, de 51 a\u00f1os, fue escogida entre 351 candidaturas al Nobel de la Paz este a\u00f1o \u201cpor su lucha contra la opresi\u00f3n de las mujeres en Ir\u00e1n y la promoci\u00f3n de los derechos humanos y la libertad de todos\u201d, dijo al anunciar el galard\u00f3n en Oslo la presidenta de la entidad, Berit Reiss-Andersen.<\/p>\n<p>La activista ha trabajado durante muchos a\u00f1os como periodista para diversos medios y codirigi\u00f3 la organizaci\u00f3n de la sociedad civil Centro de Defensores de los Derechos Humanos, con sede en Teher\u00e1n.<\/p>\n<p>Actualmente cumple una condena de 16 a\u00f1os de prisi\u00f3n en la c\u00e1rcel capitalina de Evin, con per\u00edodos de severo aislamiento, y su salud est\u00e1 afectada. Desde 1998 \u201cel r\u00e9gimen iran\u00ed la ha arrestado 13 veces, condenado en cinco ocasiones y sentenciado a un total de 31 a\u00f1os de prisi\u00f3n y 154 latigazos\u201d, record\u00f3 Reiss-Andersen.<\/p>\n<blockquote><p><em>\u201cEste Premio Nobel es un homenaje a todas aquellas mujeres que luchan por sus derechos poniendo en riesgo su libertad, su salud e incluso sus vidas\u201d: Ant\u00f3nio Guterres.<\/em><\/p><\/blockquote>\n<p>La concesi\u00f3n del premio calza con el aniversario de las grandes manifestaciones de protesta por la tortura y muerte bajo custodia policial, el 16 de septiembre de 2022, de Mahsa Amini, la joven detenida por la polic\u00eda de la moral iran\u00ed por no cumplir adecuadamente las estrictas leyes del pa\u00eds sobre uso obligatorio del velo.<\/p>\n<p>Al menos 525 personas murieron en las manifestaciones, de ellas 71 menores de edad, y 19 500 fueron detenidas, de acuerdo a la Agencia de Noticias de Activistas de Derechos Humanos de Ir\u00e1n.<\/p>\n<p>El comit\u00e9 noruego a cargo del Nobel de la Paz espera que \u201cel movimiento de defensa de las mujeres en Ir\u00e1n contin\u00fae y no sea derrotado\u201d, y tambi\u00e9n que \u201csi las autoridades toman la decisi\u00f3n correcta, liberar\u00e1n a Mohammadi, quien de este modo podr\u00e1 estar presente para recibir este honor\u201d en Oslo el pr\u00f3ximo diciembre.<\/p>\n<p>La organizaci\u00f3n humanitaria Amnist\u00eda Internacional tambi\u00e9n comenz\u00f3 a exigir la liberaci\u00f3n de Mohammadi y otras activistas encarceladas, en atenci\u00f3n al Nobel.<\/p>\n<p>La oficina del <a href=\"https:\/\/www.ohchr.org\/\">Alto Comisionado de las Naciones Unidas para los Derechos Humanos<\/a> (Acnudh) celebr\u00f3 la concesi\u00f3n del premio a la activista porque \u201csubraya el coraje y la determinaci\u00f3n de las mujeres de Ir\u00e1n\u201d.<\/p>\n<p>\u201cCreo que lo que est\u00e1 absolutamente claro es que las mujeres de Ir\u00e1n han sido una fuente de inspiraci\u00f3n para el mundo. Hemos visto su coraje y determinaci\u00f3n frente a las represalias, la intimidaci\u00f3n, la violencia y las detenciones\u201d, dijo la portavoz Liz Throssell a los periodistas en Ginebra, Suiza.<\/p>\n<p>Agreg\u00f3 que las mujeres iran\u00edes \u201chan sido acosadas por lo que visten o no, y hay medidas legales, sociales y econ\u00f3micas cada vez m\u00e1s estrictas contras ellas\u201d, por lo que \u201csu coraje y determinaci\u00f3n han sido notables\u201d.<\/p>\n<p>La Organizaci\u00f3n de las Naciones Unidas para la Educaci\u00f3n, la Ciencia y la Cultura (Unesco) tambi\u00e9n congratul\u00f3 a Mohammadi por el Nobel y record\u00f3 en sus redes sociales que el pasado mayo le otorg\u00f3, junto a otras dos periodistas iran\u00edes, su Premio Mundial a la Libertad de Prensa \u201cGuillermo Cano\u201d.<\/p>\n<p>Esas dos periodistas, Niloofar Hamedi \u2013 quien dio la noticia de la muerte bajo custodia de Amini- y Elaheh Mohammadi, escrib\u00edan para medios reformistas en Ir\u00e1n y fueron enviadas, como Narges, a la c\u00e1rcel de Evin.<\/p>\n<p>Organizaciones defensoras de derechos humanos tambi\u00e9n han recordado que la salud de Narges Mohammadi se ha resentido por el aislamiento, ataques al coraz\u00f3n y denegaci\u00f3n de asistencia m\u00e9dica. Su esposo, el expreso pol\u00edtico Taghi Rahmani, y sus hijos mellizos adolescentes, viven en el exilio en Francia.<\/p>\n","protected":false},"excerpt":{"rendered":"<p>El secretario general Ant\u00f3nio Guterres y otros altos cargos de las Naciones Unidas celebraron la concesi\u00f3n del Premio Nobel de la Paz 2023 a la encarcelada periodista y activista de derechos humanos en Ir\u00e1n, Narges Mohammadi. Este Premio Nobel \u201ces&hellip;<\/p>\n","protected":false},"author":347,"featured_media":1772730,"comment_status":"closed","ping_status":"closed","sticky":false,"template":"","format":"standard","meta":{"footnotes":""},"categories":[75,39,68,106739],"tags":[1697,12010,649,116787,5976],"class_list":["post-1772727","post","type-post","status-publish","format-standard","has-post-thumbnail","hentry","category-cultura-es","category-internacional","category-norteamerica","category-noticia","tag-iran-es","tag-mundo-es","tag-naciones-unidas","tag-narges-mohammadi-es","tag-premio-nobel-de-la-paz"],"yoast_head":"<!-- This site is optimized with the Yoast SEO plugin v27.1.1 - https:\/\/yoast.com\/product\/yoast-seo-wordpress\/ -->\n<title>La ONU celebra el Nobel de la Paz para activista iran\u00ed<\/title>\n<meta name=\"description\" content=\"El secretario general Ant\u00f3nio Guterres y otros altos cargos de las Naciones Unidas celebraron la concesi\u00f3n del Premio Nobel de la Paz 2023 a la\" \/>\n<meta name=\"robots\" content=\"index, follow, max-snippet:-1, max-image-preview:large, max-video-preview:-1\" \/>\n<link rel=\"canonical\" href=\"https:\/\/www.pressenza.com\/es\/2023\/10\/la-onu-celebra-el-nobel-de-la-paz-para-activista-irani\/\" \/>\n<meta property=\"og:locale\" content=\"es_ES\" \/>\n<meta property=\"og:type\" content=\"article\" \/>\n<meta property=\"og:title\" content=\"La ONU celebra el Nobel de la Paz para activista iran\u00ed\" \/>\n<meta property=\"og:description\" content=\"El secretario general Ant\u00f3nio Guterres y otros altos cargos de las Naciones Unidas celebraron la concesi\u00f3n del Premio Nobel de la Paz 2023 a la\" \/>\n<meta property=\"og:url\" content=\"https:\/\/www.pressenza.com\/es\/2023\/10\/la-onu-celebra-el-nobel-de-la-paz-para-activista-irani\/\" \/>\n<meta property=\"og:site_name\" content=\"Pressenza\" \/>\n<meta property=\"article:publisher\" content=\"https:\/\/www.facebook.com\/PressenzaItalia\" \/>\n<meta property=\"article:author\" content=\"http:\/\/www.facebook.com\/ipsnoticias\" \/>\n<meta property=\"article:published_time\" content=\"2023-10-08T20:02:55+00:00\" \/>\n<meta property=\"og:image\" content=\"https:\/\/www.pressenza.com\/wp-content\/uploads\/2023\/10\/Mohammadi-Niklas-Elmehed-NPO.png\" \/>\n\t<meta property=\"og:image:width\" content=\"950\" \/>\n\t<meta property=\"og:image:height\" content=\"628\" \/>\n\t<meta property=\"og:image:type\" content=\"image\/png\" \/>\n<meta name=\"author\" content=\"Inter Press Service\" \/>\n<meta name=\"twitter:card\" content=\"summary_large_image\" \/>\n<meta name=\"twitter:creator\" content=\"@ipsnoticias\" \/>\n<meta name=\"twitter:site\" content=\"@PressenzaIPA\" \/>\n<meta name=\"twitter:label1\" content=\"Escrito por\" \/>\n\t<meta name=\"twitter:data1\" content=\"Inter Press Service\" \/>\n\t<meta name=\"twitter:label2\" content=\"Tiempo de lectura\" \/>\n\t<meta name=\"twitter:data2\" content=\"4 minutos\" \/>\n<script type=\"application\/ld+json\" class=\"yoast-schema-graph\">{\"@context\":\"https:\/\/schema.org\",\"@graph\":[{\"@type\":\"Article\",\"@id\":\"https:\/\/www.pressenza.com\/es\/2023\/10\/la-onu-celebra-el-nobel-de-la-paz-para-activista-irani\/#article\",\"isPartOf\":{\"@id\":\"https:\/\/www.pressenza.com\/es\/2023\/10\/la-onu-celebra-el-nobel-de-la-paz-para-activista-irani\/\"},\"author\":{\"name\":\"Inter Press Service\",\"@id\":\"https:\/\/www.pressenza.com\/es\/#\/schema\/person\/7467f88f6765c239bdd52f3c432de81a\"},\"headline\":\"La ONU celebra el Nobel de la Paz para activista iran\u00ed\",\"datePublished\":\"2023-10-08T20:02:55+00:00\",\"mainEntityOfPage\":{\"@id\":\"https:\/\/www.pressenza.com\/es\/2023\/10\/la-onu-celebra-el-nobel-de-la-paz-para-activista-irani\/\"},\"wordCount\":751,\"publisher\":{\"@id\":\"https:\/\/www.pressenza.com\/es\/#organization\"},\"image\":{\"@id\":\"https:\/\/www.pressenza.com\/es\/2023\/10\/la-onu-celebra-el-nobel-de-la-paz-para-activista-irani\/#primaryimage\"},\"thumbnailUrl\":\"https:\/\/www.pressenza.com\/wp-content\/uploads\/2023\/10\/Mohammadi-Niklas-Elmehed-NPO.png\",\"keywords\":[\"Ir\u00e1n\",\"mundo\",\"Naciones Unidas\",\"Narges Mohammadi\",\"Premio Nobel de la Paz\"],\"articleSection\":[\"Cultura y Medios\",\"Internacional\",\"Norteam\u00e9rica\",\"Noticia\"],\"inLanguage\":\"es\"},{\"@type\":\"WebPage\",\"@id\":\"https:\/\/www.pressenza.com\/es\/2023\/10\/la-onu-celebra-el-nobel-de-la-paz-para-activista-irani\/\",\"url\":\"https:\/\/www.pressenza.com\/es\/2023\/10\/la-onu-celebra-el-nobel-de-la-paz-para-activista-irani\/\",\"name\":\"La ONU celebra el Nobel de la Paz para activista iran\u00ed\",\"isPartOf\":{\"@id\":\"https:\/\/www.pressenza.com\/es\/#website\"},\"primaryImageOfPage\":{\"@id\":\"https:\/\/www.pressenza.com\/es\/2023\/10\/la-onu-celebra-el-nobel-de-la-paz-para-activista-irani\/#primaryimage\"},\"image\":{\"@id\":\"https:\/\/www.pressenza.com\/es\/2023\/10\/la-onu-celebra-el-nobel-de-la-paz-para-activista-irani\/#primaryimage\"},\"thumbnailUrl\":\"https:\/\/www.pressenza.com\/wp-content\/uploads\/2023\/10\/Mohammadi-Niklas-Elmehed-NPO.png\",\"datePublished\":\"2023-10-08T20:02:55+00:00\",\"description\":\"El secretario general Ant\u00f3nio Guterres y otros altos cargos de las Naciones Unidas celebraron la concesi\u00f3n del Premio Nobel de la Paz 2023 a la\",\"breadcrumb\":{\"@id\":\"https:\/\/www.pressenza.com\/es\/2023\/10\/la-onu-celebra-el-nobel-de-la-paz-para-activista-irani\/#breadcrumb\"},\"inLanguage\":\"es\",\"potentialAction\":[{\"@type\":\"ReadAction\",\"target\":[\"https:\/\/www.pressenza.com\/es\/2023\/10\/la-onu-celebra-el-nobel-de-la-paz-para-activista-irani\/\"]}]},{\"@type\":\"ImageObject\",\"inLanguage\":\"es\",\"@id\":\"https:\/\/www.pressenza.com\/es\/2023\/10\/la-onu-celebra-el-nobel-de-la-paz-para-activista-irani\/#primaryimage\",\"url\":\"https:\/\/www.pressenza.com\/wp-content\/uploads\/2023\/10\/Mohammadi-Niklas-Elmehed-NPO.png\",\"contentUrl\":\"https:\/\/www.pressenza.com\/wp-content\/uploads\/2023\/10\/Mohammadi-Niklas-Elmehed-NPO.png\",\"width\":950,\"height\":628},{\"@type\":\"BreadcrumbList\",\"@id\":\"https:\/\/www.pressenza.com\/es\/2023\/10\/la-onu-celebra-el-nobel-de-la-paz-para-activista-irani\/#breadcrumb\",\"itemListElement\":[{\"@type\":\"ListItem\",\"position\":1,\"name\":\"Accueil\",\"item\":\"https:\/\/www.pressenza.com\/es\/\"},{\"@type\":\"ListItem\",\"position\":2,\"name\":\"La ONU celebra el Nobel de la Paz para activista iran\u00ed\"}]},{\"@type\":\"WebSite\",\"@id\":\"https:\/\/www.pressenza.com\/es\/#website\",\"url\":\"https:\/\/www.pressenza.com\/es\/\",\"name\":\"Pressenza\",\"description\":\"International Press Agency\",\"publisher\":{\"@id\":\"https:\/\/www.pressenza.com\/es\/#organization\"},\"potentialAction\":[{\"@type\":\"SearchAction\",\"target\":{\"@type\":\"EntryPoint\",\"urlTemplate\":\"https:\/\/www.pressenza.com\/es\/?s={search_term_string}\"},\"query-input\":{\"@type\":\"PropertyValueSpecification\",\"valueRequired\":true,\"valueName\":\"search_term_string\"}}],\"inLanguage\":\"es\"},{\"@type\":\"Organization\",\"@id\":\"https:\/\/www.pressenza.com\/es\/#organization\",\"name\":\"Pressenza\",\"url\":\"https:\/\/www.pressenza.com\/es\/\",\"logo\":{\"@type\":\"ImageObject\",\"inLanguage\":\"es\",\"@id\":\"https:\/\/www.pressenza.com\/es\/#\/schema\/logo\/image\/\",\"url\":\"https:\/\/www.pressenza.com\/wp-content\/uploads\/2022\/10\/pressenza_logo_200x200.jpg\",\"contentUrl\":\"https:\/\/www.pressenza.com\/wp-content\/uploads\/2022\/10\/pressenza_logo_200x200.jpg\",\"width\":200,\"height\":200,\"caption\":\"Pressenza\"},\"image\":{\"@id\":\"https:\/\/www.pressenza.com\/es\/#\/schema\/logo\/image\/\"},\"sameAs\":[\"https:\/\/www.facebook.com\/PressenzaItalia\",\"https:\/\/x.com\/PressenzaIPA\"]},{\"@type\":\"Person\",\"@id\":\"https:\/\/www.pressenza.com\/es\/#\/schema\/person\/7467f88f6765c239bdd52f3c432de81a\",\"name\":\"Inter Press Service\",\"description\":\"IPS is an international communications institution at the heart of a global news agency that amplifies the voices of the South and civil society on development, globalisation, human rights and the environment. www.ipsnews.net\",\"sameAs\":[\"http:\/\/www.facebook.com\/ipsnoticias\",\"https:\/\/x.com\/ipsnoticias\"],\"url\":\"https:\/\/www.pressenza.com\/es\/author\/ips-inter-press-service\/\"}]}<\/script>\n<!-- \/ Yoast SEO plugin. -->","yoast_head_json":{"title":"La ONU celebra el Nobel de la Paz para activista iran\u00ed","description":"El secretario general Ant\u00f3nio Guterres y otros altos cargos de las Naciones Unidas celebraron la concesi\u00f3n del Premio Nobel de la Paz 2023 a la","robots":{"index":"index","follow":"follow","max-snippet":"max-snippet:-1","max-image-preview":"max-image-preview:large","max-video-preview":"max-video-preview:-1"},"canonical":"https:\/\/www.pressenza.com\/es\/2023\/10\/la-onu-celebra-el-nobel-de-la-paz-para-activista-irani\/","og_locale":"es_ES","og_type":"article","og_title":"La ONU celebra el Nobel de la Paz para activista iran\u00ed","og_description":"El secretario general Ant\u00f3nio Guterres y otros altos cargos de las Naciones Unidas celebraron la concesi\u00f3n del Premio Nobel de la Paz 2023 a la","og_url":"https:\/\/www.pressenza.com\/es\/2023\/10\/la-onu-celebra-el-nobel-de-la-paz-para-activista-irani\/","og_site_name":"Pressenza","article_publisher":"https:\/\/www.facebook.com\/PressenzaItalia","article_author":"http:\/\/www.facebook.com\/ipsnoticias","article_published_time":"2023-10-08T20:02:55+00:00","og_image":[{"width":950,"height":628,"url":"https:\/\/www.pressenza.com\/wp-content\/uploads\/2023\/10\/Mohammadi-Niklas-Elmehed-NPO.png","type":"image\/png"}],"author":"Inter Press Service","twitter_card":"summary_large_image","twitter_creator":"@ipsnoticias","twitter_site":"@PressenzaIPA","twitter_misc":{"Escrito por":"Inter Press Service","Tiempo de lectura":"4 minutos"},"schema":{"@context":"https:\/\/schema.org","@graph":[{"@type":"Article","@id":"https:\/\/www.pressenza.com\/es\/2023\/10\/la-onu-celebra-el-nobel-de-la-paz-para-activista-irani\/#article","isPartOf":{"@id":"https:\/\/www.pressenza.com\/es\/2023\/10\/la-onu-celebra-el-nobel-de-la-paz-para-activista-irani\/"},"author":{"name":"Inter Press Service","@id":"https:\/\/www.pressenza.com\/es\/#\/schema\/person\/7467f88f6765c239bdd52f3c432de81a"},"headline":"La ONU celebra el Nobel de la Paz para activista iran\u00ed","datePublished":"2023-10-08T20:02:55+00:00","mainEntityOfPage":{"@id":"https:\/\/www.pressenza.com\/es\/2023\/10\/la-onu-celebra-el-nobel-de-la-paz-para-activista-irani\/"},"wordCount":751,"publisher":{"@id":"https:\/\/www.pressenza.com\/es\/#organization"},"image":{"@id":"https:\/\/www.pressenza.com\/es\/2023\/10\/la-onu-celebra-el-nobel-de-la-paz-para-activista-irani\/#primaryimage"},"thumbnailUrl":"https:\/\/www.pressenza.com\/wp-content\/uploads\/2023\/10\/Mohammadi-Niklas-Elmehed-NPO.png","keywords":["Ir\u00e1n","mundo","Naciones Unidas","Narges Mohammadi","Premio Nobel de la Paz"],"articleSection":["Cultura y Medios","Internacional","Norteam\u00e9rica","Noticia"],"inLanguage":"es"},{"@type":"WebPage","@id":"https:\/\/www.pressenza.com\/es\/2023\/10\/la-onu-celebra-el-nobel-de-la-paz-para-activista-irani\/","url":"https:\/\/www.pressenza.com\/es\/2023\/10\/la-onu-celebra-el-nobel-de-la-paz-para-activista-irani\/","name":"La ONU celebra el Nobel de la Paz para activista iran\u00ed","isPartOf":{"@id":"https:\/\/www.pressenza.com\/es\/#website"},"primaryImageOfPage":{"@id":"https:\/\/www.pressenza.com\/es\/2023\/10\/la-onu-celebra-el-nobel-de-la-paz-para-activista-irani\/#primaryimage"},"image":{"@id":"https:\/\/www.pressenza.com\/es\/2023\/10\/la-onu-celebra-el-nobel-de-la-paz-para-activista-irani\/#primaryimage"},"thumbnailUrl":"https:\/\/www.pressenza.com\/wp-content\/uploads\/2023\/10\/Mohammadi-Niklas-Elmehed-NPO.png","datePublished":"2023-10-08T20:02:55+00:00","description":"El secretario general Ant\u00f3nio Guterres y otros altos cargos de las Naciones Unidas celebraron la concesi\u00f3n del Premio Nobel de la Paz 2023 a la","breadcrumb":{"@id":"https:\/\/www.pressenza.com\/es\/2023\/10\/la-onu-celebra-el-nobel-de-la-paz-para-activista-irani\/#breadcrumb"},"inLanguage":"es","potentialAction":[{"@type":"ReadAction","target":["https:\/\/www.pressenza.com\/es\/2023\/10\/la-onu-celebra-el-nobel-de-la-paz-para-activista-irani\/"]}]},{"@type":"ImageObject","inLanguage":"es","@id":"https:\/\/www.pressenza.com\/es\/2023\/10\/la-onu-celebra-el-nobel-de-la-paz-para-activista-irani\/#primaryimage","url":"https:\/\/www.pressenza.com\/wp-content\/uploads\/2023\/10\/Mohammadi-Niklas-Elmehed-NPO.png","contentUrl":"https:\/\/www.pressenza.com\/wp-content\/uploads\/2023\/10\/Mohammadi-Niklas-Elmehed-NPO.png","width":950,"height":628},{"@type":"BreadcrumbList","@id":"https:\/\/www.pressenza.com\/es\/2023\/10\/la-onu-celebra-el-nobel-de-la-paz-para-activista-irani\/#breadcrumb","itemListElement":[{"@type":"ListItem","position":1,"name":"Accueil","item":"https:\/\/www.pressenza.com\/es\/"},{"@type":"ListItem","position":2,"name":"La ONU celebra el Nobel de la Paz para activista iran\u00ed"}]},{"@type":"WebSite","@id":"https:\/\/www.pressenza.com\/es\/#website","url":"https:\/\/www.pressenza.com\/es\/","name":"Pressenza","description":"International Press Agency","publisher":{"@id":"https:\/\/www.pressenza.com\/es\/#organization"},"potentialAction":[{"@type":"SearchAction","target":{"@type":"EntryPoint","urlTemplate":"https:\/\/www.pressenza.com\/es\/?s={search_term_string}"},"query-input":{"@type":"PropertyValueSpecification","valueRequired":true,"valueName":"search_term_string"}}],"inLanguage":"es"},{"@type":"Organization","@id":"https:\/\/www.pressenza.com\/es\/#organization","name":"Pressenza","url":"https:\/\/www.pressenza.com\/es\/","logo":{"@type":"ImageObject","inLanguage":"es","@id":"https:\/\/www.pressenza.com\/es\/#\/schema\/logo\/image\/","url":"https:\/\/www.pressenza.com\/wp-content\/uploads\/2022\/10\/pressenza_logo_200x200.jpg","contentUrl":"https:\/\/www.pressenza.com\/wp-content\/uploads\/2022\/10\/pressenza_logo_200x200.jpg","width":200,"height":200,"caption":"Pressenza"},"image":{"@id":"https:\/\/www.pressenza.com\/es\/#\/schema\/logo\/image\/"},"sameAs":["https:\/\/www.facebook.com\/PressenzaItalia","https:\/\/x.com\/PressenzaIPA"]},{"@type":"Person","@id":"https:\/\/www.pressenza.com\/es\/#\/schema\/person\/7467f88f6765c239bdd52f3c432de81a","name":"Inter Press Service","description":"IPS is an international communications institution at the heart of a global news agency that amplifies the voices of the South and civil society on development, globalisation, human rights and the environment. www.ipsnews.net","sameAs":["http:\/\/www.facebook.com\/ipsnoticias","https:\/\/x.com\/ipsnoticias"],"url":"https:\/\/www.pressenza.com\/es\/author\/ips-inter-press-service\/"}]}},"place":"Naciones Unidas","original_article_url":"https:\/\/ipsnoticias.net\/2023\/10\/la-onu-celebra-el-nobel-de-la-paz-para-activista-irani\/","_links":{"self":[{"href":"https:\/\/www.pressenza.com\/es\/wp-json\/wp\/v2\/posts\/1772727","targetHints":{"allow":["GET"]}}],"collection":[{"href":"https:\/\/www.pressenza.com\/es\/wp-json\/wp\/v2\/posts"}],"about":[{"href":"https:\/\/www.pressenza.com\/es\/wp-json\/wp\/v2\/types\/post"}],"author":[{"embeddable":true,"href":"https:\/\/www.pressenza.com\/es\/wp-json\/wp\/v2\/users\/347"}],"replies":[{"embeddable":true,"href":"https:\/\/www.pressenza.com\/es\/wp-json\/wp\/v2\/comments?post=1772727"}],"version-history":[{"count":0,"href":"https:\/\/www.pressenza.com\/es\/wp-json\/wp\/v2\/posts\/1772727\/revisions"}],"wp:featuredmedia":[{"embeddable":true,"href":"https:\/\/www.pressenza.com\/es\/wp-json\/wp\/v2\/media\/1772730"}],"wp:attachment":[{"href":"https:\/\/www.pressenza.com\/es\/wp-json\/wp\/v2\/media?parent=1772727"}],"wp:term":[{"taxonomy":"category","embeddable":true,"href":"https:\/\/www.pressenza.com\/es\/wp-json\/wp\/v2\/categories?post=1772727"},{"taxonomy":"post_tag","embeddable":true,"href":"https:\/\/www.pressenza.com\/es\/wp-json\/wp\/v2\/tags?post=1772727"}],"curies":[{"name":"wp","href":"https:\/\/api.w.org\/{rel}","templated":true}]}}