{"id":1772276,"date":"2023-10-07T06:47:57","date_gmt":"2023-10-07T05:47:57","guid":{"rendered":"https:\/\/www.pressenza.com\/?p=1772276"},"modified":"2023-10-07T06:47:57","modified_gmt":"2023-10-07T05:47:57","slug":"iniciativa-estudiantil-en-defensa-de-la-amazonia","status":"publish","type":"post","link":"https:\/\/www.pressenza.com\/es\/2023\/10\/iniciativa-estudiantil-en-defensa-de-la-amazonia\/","title":{"rendered":"Iniciativa estudiantil en defensa de la Amazon\u00eda"},"content":{"rendered":"<p><strong>Una iniciativa promovida por el proyecto Prevenir de USAID convoca a estudiantes peruanos para abordar los cr\u00edmenes ambientales que afectan a la Amazon\u00eda.<\/strong><\/p>\n<p>Alrededor de 300 j\u00f3venes se unir\u00e1n para abordar casos de delitos ambientales y defensores ambientales en la Amazon\u00eda peruana en una iniciativa promovida por el proyecto Prevenir de USAID.<\/p>\n<p>Se trata de la III Contienda Legal Especializada en Delitos Ambientales y Desarrollo Sostenible en la Amazon\u00eda, una iniciativa que convoca y re\u00fane a futuros profesionales de Loreto, Lima, Ucayali, Madre de Dios y Cusco.<\/p>\n<p>La iniciativa ofrece una oportunidad para que estudiantes peruanos marquen la diferencia en la defensa de la Amazon\u00eda con un\u00a0enfoque multidisciplinario, considerando los derechos humanos, el g\u00e9nero y la interculturalidad.<\/p>\n<p>Es implementada para fomentar el inter\u00e9s y mejorar las capacidades de los estudiantes en la defensa de la Amazon\u00eda y defensores ambientales.<\/p>\n<p>Se dirige a estudiantes de Derecho, Ingenier\u00eda Ambiental, Comunicaciones y otras carreras afines, de los departamentos mencionados, quienes podr\u00e1n fortalecer sus capacidades en el tema.<\/p>\n<p>La Amazon\u00eda peruana enfrenta una creciente amenaza debido a los delitos ambientales. Un 37 por ciento de la madera producida proviene de actividades ilegales, y m\u00e1s de 340 especies de animales silvestres son objeto de tr\u00e1fico cada a\u00f1o.<\/p>\n<p>Adem\u00e1s, Per\u00fa ha sido uno de los 20 pa\u00edses con m\u00e1s asesinatos de defensores ambientales entre 2002 y 2020, con 96 casos registrados.<\/p>\n<h3><strong>Preparaci\u00f3n e inclusi\u00f3n<\/strong><\/h3>\n<p>La competencia no solo ofrece una plataforma para el desarrollo acad\u00e9mico en temas ambientales. Tambi\u00e9n busca fortalecer los conocimientos en derecho ambiental y penal a trav\u00e9s del aprendizaje basado en la evidencia.<\/p>\n<p>Los estudiantes ser\u00e1n preparados para resolver casos hipot\u00e9ticos relacionados con delitos ambientales, como la tala y miner\u00eda ilegal, y la defensa de los defensores ambientales ante un tribunal compuesto por expertos nacionales e internacionales.<\/p>\n<p>La inclusi\u00f3n es un punto clave en este concurso, promoviendo la participaci\u00f3n de mujeres y j\u00f3venes ind\u00edgenas. Se espera que el 70 por ciento de los estudiantes provengan de regiones y el 30 por ciento de Lima.<\/p>\n<p>Adem\u00e1s, se facilitar\u00e1 la participaci\u00f3n de j\u00f3venes de la Amazon\u00eda peruana en su lengua originaria, con traductores e int\u00e9rpretes certificados por el Ministerio de Cultura. Se busca representaci\u00f3n equitativa representaci\u00f3n de g\u00e9nero.<\/p>\n<h3><strong>La III Contienda Legal<\/strong><\/h3>\n<p>La III Contienda Legal es una iniciativa acad\u00e9mica promovida por el proyecto Prevenir de USAID y est\u00e1 respaldada por el Instituto de Democracia y Derechos Humanos de la Pontificia Universidad Cat\u00f3lica del Per\u00fa (IDEHPUCP).<\/p>\n<p>Tambi\u00e9n cuenta con el apoyo de la Facultad de Derecho y Ciencias Pol\u00edticas de la UNAP, la Sociedad Peruana de Derecho Ambiental (SPDA) y la American Bar Association, Rule of Law Initiative (ABAROLI).<\/p>\n<h3><strong>Ganadores y premios<\/strong><\/h3>\n<p>Los ganadores y finalistas de la competencia recibir\u00e1n premios significativos, incluyendo un viaje acad\u00e9mico a Colombia, pasant\u00edas de estudios, cursos de especializaci\u00f3n en temas ambientales, publicaciones y otros reconocimientos.<\/p>\n<p>Para aquellos interesados en participar, las inscripciones est\u00e1n abiertas desde el 14 de setiembre hasta el 14 de octubre a trav\u00e9s del sitio web:\u00a0<a href=\"http:\/\/www.contienda-legal.pucp.edu.pe\/\">www.contienda-legal.pucp.edu.pe<\/a>.<\/p>\n<p>Para obtener m\u00e1s informaci\u00f3n, se pueden comunicar por correo electr\u00f3nico a:\u00a0<a href=\"mailto:contiendalegal2023@pucp.edu.pe\">contiendalegal2023@pucp.edu.pe<\/a>.<\/p>\n","protected":false},"excerpt":{"rendered":"<p>Una iniciativa promovida por el proyecto Prevenir de USAID convoca a estudiantes peruanos para abordar los cr\u00edmenes ambientales que afectan a la Amazon\u00eda. Alrededor de 300 j\u00f3venes se unir\u00e1n para abordar casos de delitos ambientales y defensores ambientales en la&hellip;<\/p>\n","protected":false},"author":1256,"featured_media":1772280,"comment_status":"closed","ping_status":"closed","sticky":false,"template":"","format":"standard","meta":{"footnotes":""},"categories":[76,78,46976,106739,67],"tags":[47056,116784,54918],"class_list":["post-1772276","post","type-post","status-publish","format-standard","has-post-thumbnail","hentry","category-relaciones-exteriores","category-medio-ambiente-ecologia","category-jovenes","category-noticia","category-sudamerica","tag-amazonia-es","tag-defensa-del-medio-ambiente","tag-usaid-es"],"yoast_head":"<!-- This site is optimized with the Yoast SEO plugin v27.1.1 - https:\/\/yoast.com\/product\/yoast-seo-wordpress\/ -->\n<title>Iniciativa estudiantil en defensa de la Amazon\u00eda<\/title>\n<meta name=\"description\" content=\"Una iniciativa promovida por el proyecto Prevenir de USAID convoca a estudiantes peruanos para abordar los cr\u00edmenes ambientales que afectan a la Amazon\u00eda.\" \/>\n<meta name=\"robots\" content=\"index, follow, max-snippet:-1, max-image-preview:large, max-video-preview:-1\" \/>\n<link rel=\"canonical\" href=\"https:\/\/www.pressenza.com\/es\/2023\/10\/iniciativa-estudiantil-en-defensa-de-la-amazonia\/\" \/>\n<meta property=\"og:locale\" content=\"es_ES\" \/>\n<meta property=\"og:type\" content=\"article\" \/>\n<meta property=\"og:title\" content=\"Iniciativa estudiantil en defensa de la Amazon\u00eda\" \/>\n<meta property=\"og:description\" content=\"Una iniciativa promovida por el proyecto Prevenir de USAID convoca a estudiantes peruanos para abordar los cr\u00edmenes ambientales que afectan a la Amazon\u00eda.\" \/>\n<meta property=\"og:url\" content=\"https:\/\/www.pressenza.com\/es\/2023\/10\/iniciativa-estudiantil-en-defensa-de-la-amazonia\/\" \/>\n<meta property=\"og:site_name\" content=\"Pressenza\" \/>\n<meta property=\"article:publisher\" content=\"https:\/\/www.facebook.com\/PressenzaItalia\" \/>\n<meta property=\"article:author\" content=\"https:\/\/www.facebook.com\/servindinoticias\/?fref=ts\" \/>\n<meta property=\"article:published_time\" content=\"2023-10-07T05:47:57+00:00\" \/>\n<meta property=\"og:image\" content=\"https:\/\/www.pressenza.com\/wp-content\/uploads\/2023\/10\/idehpucp-1.png\" \/>\n\t<meta property=\"og:image:width\" content=\"602\" \/>\n\t<meta property=\"og:image:height\" content=\"339\" \/>\n\t<meta property=\"og:image:type\" content=\"image\/png\" \/>\n<meta name=\"author\" content=\"SERVINDI\" \/>\n<meta name=\"twitter:card\" content=\"summary_large_image\" \/>\n<meta name=\"twitter:creator\" content=\"@servindi\" \/>\n<meta name=\"twitter:site\" content=\"@PressenzaIPA\" \/>\n<meta name=\"twitter:label1\" content=\"Escrito por\" \/>\n\t<meta name=\"twitter:data1\" content=\"SERVINDI\" \/>\n\t<meta name=\"twitter:label2\" content=\"Tiempo de lectura\" \/>\n\t<meta name=\"twitter:data2\" content=\"3 minutos\" \/>\n<script type=\"application\/ld+json\" class=\"yoast-schema-graph\">{\"@context\":\"https:\/\/schema.org\",\"@graph\":[{\"@type\":\"Article\",\"@id\":\"https:\/\/www.pressenza.com\/es\/2023\/10\/iniciativa-estudiantil-en-defensa-de-la-amazonia\/#article\",\"isPartOf\":{\"@id\":\"https:\/\/www.pressenza.com\/es\/2023\/10\/iniciativa-estudiantil-en-defensa-de-la-amazonia\/\"},\"author\":{\"name\":\"SERVINDI\",\"@id\":\"https:\/\/www.pressenza.com\/es\/#\/schema\/person\/6f7bffaf2962fc89e55e93589c50d908\"},\"headline\":\"Iniciativa estudiantil en defensa de la Amazon\u00eda\",\"datePublished\":\"2023-10-07T05:47:57+00:00\",\"mainEntityOfPage\":{\"@id\":\"https:\/\/www.pressenza.com\/es\/2023\/10\/iniciativa-estudiantil-en-defensa-de-la-amazonia\/\"},\"wordCount\":561,\"publisher\":{\"@id\":\"https:\/\/www.pressenza.com\/es\/#organization\"},\"image\":{\"@id\":\"https:\/\/www.pressenza.com\/es\/2023\/10\/iniciativa-estudiantil-en-defensa-de-la-amazonia\/#primaryimage\"},\"thumbnailUrl\":\"https:\/\/www.pressenza.com\/wp-content\/uploads\/2023\/10\/idehpucp-1.png\",\"keywords\":[\"Amazonia\",\"defensa del medio ambiente\",\"USAID\"],\"articleSection\":[\"Asuntos internacionales\",\"Ecolog\u00eda y Medio Ambiente\",\"J\u00f3venes\",\"Noticia\",\"Sudam\u00e9rica\"],\"inLanguage\":\"es\"},{\"@type\":\"WebPage\",\"@id\":\"https:\/\/www.pressenza.com\/es\/2023\/10\/iniciativa-estudiantil-en-defensa-de-la-amazonia\/\",\"url\":\"https:\/\/www.pressenza.com\/es\/2023\/10\/iniciativa-estudiantil-en-defensa-de-la-amazonia\/\",\"name\":\"Iniciativa estudiantil en defensa de la Amazon\u00eda\",\"isPartOf\":{\"@id\":\"https:\/\/www.pressenza.com\/es\/#website\"},\"primaryImageOfPage\":{\"@id\":\"https:\/\/www.pressenza.com\/es\/2023\/10\/iniciativa-estudiantil-en-defensa-de-la-amazonia\/#primaryimage\"},\"image\":{\"@id\":\"https:\/\/www.pressenza.com\/es\/2023\/10\/iniciativa-estudiantil-en-defensa-de-la-amazonia\/#primaryimage\"},\"thumbnailUrl\":\"https:\/\/www.pressenza.com\/wp-content\/uploads\/2023\/10\/idehpucp-1.png\",\"datePublished\":\"2023-10-07T05:47:57+00:00\",\"description\":\"Una iniciativa promovida por el proyecto Prevenir de USAID convoca a estudiantes peruanos para abordar los cr\u00edmenes ambientales que afectan a la Amazon\u00eda.\",\"breadcrumb\":{\"@id\":\"https:\/\/www.pressenza.com\/es\/2023\/10\/iniciativa-estudiantil-en-defensa-de-la-amazonia\/#breadcrumb\"},\"inLanguage\":\"es\",\"potentialAction\":[{\"@type\":\"ReadAction\",\"target\":[\"https:\/\/www.pressenza.com\/es\/2023\/10\/iniciativa-estudiantil-en-defensa-de-la-amazonia\/\"]}]},{\"@type\":\"ImageObject\",\"inLanguage\":\"es\",\"@id\":\"https:\/\/www.pressenza.com\/es\/2023\/10\/iniciativa-estudiantil-en-defensa-de-la-amazonia\/#primaryimage\",\"url\":\"https:\/\/www.pressenza.com\/wp-content\/uploads\/2023\/10\/idehpucp-1.png\",\"contentUrl\":\"https:\/\/www.pressenza.com\/wp-content\/uploads\/2023\/10\/idehpucp-1.png\",\"width\":602,\"height\":339},{\"@type\":\"BreadcrumbList\",\"@id\":\"https:\/\/www.pressenza.com\/es\/2023\/10\/iniciativa-estudiantil-en-defensa-de-la-amazonia\/#breadcrumb\",\"itemListElement\":[{\"@type\":\"ListItem\",\"position\":1,\"name\":\"Accueil\",\"item\":\"https:\/\/www.pressenza.com\/es\/\"},{\"@type\":\"ListItem\",\"position\":2,\"name\":\"Iniciativa estudiantil en defensa de la Amazon\u00eda\"}]},{\"@type\":\"WebSite\",\"@id\":\"https:\/\/www.pressenza.com\/es\/#website\",\"url\":\"https:\/\/www.pressenza.com\/es\/\",\"name\":\"Pressenza\",\"description\":\"International Press Agency\",\"publisher\":{\"@id\":\"https:\/\/www.pressenza.com\/es\/#organization\"},\"potentialAction\":[{\"@type\":\"SearchAction\",\"target\":{\"@type\":\"EntryPoint\",\"urlTemplate\":\"https:\/\/www.pressenza.com\/es\/?s={search_term_string}\"},\"query-input\":{\"@type\":\"PropertyValueSpecification\",\"valueRequired\":true,\"valueName\":\"search_term_string\"}}],\"inLanguage\":\"es\"},{\"@type\":\"Organization\",\"@id\":\"https:\/\/www.pressenza.com\/es\/#organization\",\"name\":\"Pressenza\",\"url\":\"https:\/\/www.pressenza.com\/es\/\",\"logo\":{\"@type\":\"ImageObject\",\"inLanguage\":\"es\",\"@id\":\"https:\/\/www.pressenza.com\/es\/#\/schema\/logo\/image\/\",\"url\":\"https:\/\/www.pressenza.com\/wp-content\/uploads\/2022\/10\/pressenza_logo_200x200.jpg\",\"contentUrl\":\"https:\/\/www.pressenza.com\/wp-content\/uploads\/2022\/10\/pressenza_logo_200x200.jpg\",\"width\":200,\"height\":200,\"caption\":\"Pressenza\"},\"image\":{\"@id\":\"https:\/\/www.pressenza.com\/es\/#\/schema\/logo\/image\/\"},\"sameAs\":[\"https:\/\/www.facebook.com\/PressenzaItalia\",\"https:\/\/x.com\/PressenzaIPA\"]},{\"@type\":\"Person\",\"@id\":\"https:\/\/www.pressenza.com\/es\/#\/schema\/person\/6f7bffaf2962fc89e55e93589c50d908\",\"name\":\"SERVINDI\",\"description\":\"Conscientes de nuestro rol de apoyo y acompa\u00f1amiento operamos como una agencia de noticias y elaboramos notas informativas, informes especiales, entrevistas y producciones de audio y v\u00eddeo, relacionadas al acontecer ind\u00edgena y ambiental nacional y mundial. www.servindi.org\",\"sameAs\":[\"https:\/\/www.facebook.com\/servindinoticias\/?fref=ts\",\"https:\/\/x.com\/servindi\"],\"url\":\"https:\/\/www.pressenza.com\/es\/author\/servindi\/\"}]}<\/script>\n<!-- \/ Yoast SEO plugin. -->","yoast_head_json":{"title":"Iniciativa estudiantil en defensa de la Amazon\u00eda","description":"Una iniciativa promovida por el proyecto Prevenir de USAID convoca a estudiantes peruanos para abordar los cr\u00edmenes ambientales que afectan a la Amazon\u00eda.","robots":{"index":"index","follow":"follow","max-snippet":"max-snippet:-1","max-image-preview":"max-image-preview:large","max-video-preview":"max-video-preview:-1"},"canonical":"https:\/\/www.pressenza.com\/es\/2023\/10\/iniciativa-estudiantil-en-defensa-de-la-amazonia\/","og_locale":"es_ES","og_type":"article","og_title":"Iniciativa estudiantil en defensa de la Amazon\u00eda","og_description":"Una iniciativa promovida por el proyecto Prevenir de USAID convoca a estudiantes peruanos para abordar los cr\u00edmenes ambientales que afectan a la Amazon\u00eda.","og_url":"https:\/\/www.pressenza.com\/es\/2023\/10\/iniciativa-estudiantil-en-defensa-de-la-amazonia\/","og_site_name":"Pressenza","article_publisher":"https:\/\/www.facebook.com\/PressenzaItalia","article_author":"https:\/\/www.facebook.com\/servindinoticias\/?fref=ts","article_published_time":"2023-10-07T05:47:57+00:00","og_image":[{"width":602,"height":339,"url":"https:\/\/www.pressenza.com\/wp-content\/uploads\/2023\/10\/idehpucp-1.png","type":"image\/png"}],"author":"SERVINDI","twitter_card":"summary_large_image","twitter_creator":"@servindi","twitter_site":"@PressenzaIPA","twitter_misc":{"Escrito por":"SERVINDI","Tiempo de lectura":"3 minutos"},"schema":{"@context":"https:\/\/schema.org","@graph":[{"@type":"Article","@id":"https:\/\/www.pressenza.com\/es\/2023\/10\/iniciativa-estudiantil-en-defensa-de-la-amazonia\/#article","isPartOf":{"@id":"https:\/\/www.pressenza.com\/es\/2023\/10\/iniciativa-estudiantil-en-defensa-de-la-amazonia\/"},"author":{"name":"SERVINDI","@id":"https:\/\/www.pressenza.com\/es\/#\/schema\/person\/6f7bffaf2962fc89e55e93589c50d908"},"headline":"Iniciativa estudiantil en defensa de la Amazon\u00eda","datePublished":"2023-10-07T05:47:57+00:00","mainEntityOfPage":{"@id":"https:\/\/www.pressenza.com\/es\/2023\/10\/iniciativa-estudiantil-en-defensa-de-la-amazonia\/"},"wordCount":561,"publisher":{"@id":"https:\/\/www.pressenza.com\/es\/#organization"},"image":{"@id":"https:\/\/www.pressenza.com\/es\/2023\/10\/iniciativa-estudiantil-en-defensa-de-la-amazonia\/#primaryimage"},"thumbnailUrl":"https:\/\/www.pressenza.com\/wp-content\/uploads\/2023\/10\/idehpucp-1.png","keywords":["Amazonia","defensa del medio ambiente","USAID"],"articleSection":["Asuntos internacionales","Ecolog\u00eda y Medio Ambiente","J\u00f3venes","Noticia","Sudam\u00e9rica"],"inLanguage":"es"},{"@type":"WebPage","@id":"https:\/\/www.pressenza.com\/es\/2023\/10\/iniciativa-estudiantil-en-defensa-de-la-amazonia\/","url":"https:\/\/www.pressenza.com\/es\/2023\/10\/iniciativa-estudiantil-en-defensa-de-la-amazonia\/","name":"Iniciativa estudiantil en defensa de la Amazon\u00eda","isPartOf":{"@id":"https:\/\/www.pressenza.com\/es\/#website"},"primaryImageOfPage":{"@id":"https:\/\/www.pressenza.com\/es\/2023\/10\/iniciativa-estudiantil-en-defensa-de-la-amazonia\/#primaryimage"},"image":{"@id":"https:\/\/www.pressenza.com\/es\/2023\/10\/iniciativa-estudiantil-en-defensa-de-la-amazonia\/#primaryimage"},"thumbnailUrl":"https:\/\/www.pressenza.com\/wp-content\/uploads\/2023\/10\/idehpucp-1.png","datePublished":"2023-10-07T05:47:57+00:00","description":"Una iniciativa promovida por el proyecto Prevenir de USAID convoca a estudiantes peruanos para abordar los cr\u00edmenes ambientales que afectan a la Amazon\u00eda.","breadcrumb":{"@id":"https:\/\/www.pressenza.com\/es\/2023\/10\/iniciativa-estudiantil-en-defensa-de-la-amazonia\/#breadcrumb"},"inLanguage":"es","potentialAction":[{"@type":"ReadAction","target":["https:\/\/www.pressenza.com\/es\/2023\/10\/iniciativa-estudiantil-en-defensa-de-la-amazonia\/"]}]},{"@type":"ImageObject","inLanguage":"es","@id":"https:\/\/www.pressenza.com\/es\/2023\/10\/iniciativa-estudiantil-en-defensa-de-la-amazonia\/#primaryimage","url":"https:\/\/www.pressenza.com\/wp-content\/uploads\/2023\/10\/idehpucp-1.png","contentUrl":"https:\/\/www.pressenza.com\/wp-content\/uploads\/2023\/10\/idehpucp-1.png","width":602,"height":339},{"@type":"BreadcrumbList","@id":"https:\/\/www.pressenza.com\/es\/2023\/10\/iniciativa-estudiantil-en-defensa-de-la-amazonia\/#breadcrumb","itemListElement":[{"@type":"ListItem","position":1,"name":"Accueil","item":"https:\/\/www.pressenza.com\/es\/"},{"@type":"ListItem","position":2,"name":"Iniciativa estudiantil en defensa de la Amazon\u00eda"}]},{"@type":"WebSite","@id":"https:\/\/www.pressenza.com\/es\/#website","url":"https:\/\/www.pressenza.com\/es\/","name":"Pressenza","description":"International Press Agency","publisher":{"@id":"https:\/\/www.pressenza.com\/es\/#organization"},"potentialAction":[{"@type":"SearchAction","target":{"@type":"EntryPoint","urlTemplate":"https:\/\/www.pressenza.com\/es\/?s={search_term_string}"},"query-input":{"@type":"PropertyValueSpecification","valueRequired":true,"valueName":"search_term_string"}}],"inLanguage":"es"},{"@type":"Organization","@id":"https:\/\/www.pressenza.com\/es\/#organization","name":"Pressenza","url":"https:\/\/www.pressenza.com\/es\/","logo":{"@type":"ImageObject","inLanguage":"es","@id":"https:\/\/www.pressenza.com\/es\/#\/schema\/logo\/image\/","url":"https:\/\/www.pressenza.com\/wp-content\/uploads\/2022\/10\/pressenza_logo_200x200.jpg","contentUrl":"https:\/\/www.pressenza.com\/wp-content\/uploads\/2022\/10\/pressenza_logo_200x200.jpg","width":200,"height":200,"caption":"Pressenza"},"image":{"@id":"https:\/\/www.pressenza.com\/es\/#\/schema\/logo\/image\/"},"sameAs":["https:\/\/www.facebook.com\/PressenzaItalia","https:\/\/x.com\/PressenzaIPA"]},{"@type":"Person","@id":"https:\/\/www.pressenza.com\/es\/#\/schema\/person\/6f7bffaf2962fc89e55e93589c50d908","name":"SERVINDI","description":"Conscientes de nuestro rol de apoyo y acompa\u00f1amiento operamos como una agencia de noticias y elaboramos notas informativas, informes especiales, entrevistas y producciones de audio y v\u00eddeo, relacionadas al acontecer ind\u00edgena y ambiental nacional y mundial. www.servindi.org","sameAs":["https:\/\/www.facebook.com\/servindinoticias\/?fref=ts","https:\/\/x.com\/servindi"],"url":"https:\/\/www.pressenza.com\/es\/author\/servindi\/"}]}},"place":"","original_article_url":"","_links":{"self":[{"href":"https:\/\/www.pressenza.com\/es\/wp-json\/wp\/v2\/posts\/1772276","targetHints":{"allow":["GET"]}}],"collection":[{"href":"https:\/\/www.pressenza.com\/es\/wp-json\/wp\/v2\/posts"}],"about":[{"href":"https:\/\/www.pressenza.com\/es\/wp-json\/wp\/v2\/types\/post"}],"author":[{"embeddable":true,"href":"https:\/\/www.pressenza.com\/es\/wp-json\/wp\/v2\/users\/1256"}],"replies":[{"embeddable":true,"href":"https:\/\/www.pressenza.com\/es\/wp-json\/wp\/v2\/comments?post=1772276"}],"version-history":[{"count":0,"href":"https:\/\/www.pressenza.com\/es\/wp-json\/wp\/v2\/posts\/1772276\/revisions"}],"wp:featuredmedia":[{"embeddable":true,"href":"https:\/\/www.pressenza.com\/es\/wp-json\/wp\/v2\/media\/1772280"}],"wp:attachment":[{"href":"https:\/\/www.pressenza.com\/es\/wp-json\/wp\/v2\/media?parent=1772276"}],"wp:term":[{"taxonomy":"category","embeddable":true,"href":"https:\/\/www.pressenza.com\/es\/wp-json\/wp\/v2\/categories?post=1772276"},{"taxonomy":"post_tag","embeddable":true,"href":"https:\/\/www.pressenza.com\/es\/wp-json\/wp\/v2\/tags?post=1772276"}],"curies":[{"name":"wp","href":"https:\/\/api.w.org\/{rel}","templated":true}]}}