{"id":1772008,"date":"2023-10-05T22:01:26","date_gmt":"2023-10-05T21:01:26","guid":{"rendered":"https:\/\/www.pressenza.com\/?p=1772008"},"modified":"2023-10-05T22:01:26","modified_gmt":"2023-10-05T21:01:26","slug":"hambre-y-pobreza","status":"publish","type":"post","link":"https:\/\/www.pressenza.com\/es\/2023\/10\/hambre-y-pobreza\/","title":{"rendered":"Hambre y pobreza"},"content":{"rendered":"<p>Por Viken<\/p>\n<p>Pashini\u00e1n destinar\u00e1 100 d\u00f3lares a los refugiados\u00a0\u2028\u2028El flujo de refugiados de Nagorno Karabaj a Armenia no se detiene. Seg\u00fan informes de organizaciones internacionales, unos 100.000 armenios han abandonado la disuelta rep\u00fablica. Sus antepasados han habitado en el territorio de Artsaj por siglos y siglos, pero ahora son ellos quienes est\u00e1n dejando su patria y probablemente sea para siempre.\u00a0\u00a0\u2028\u2028En el camino hay tanto ancianos como ni\u00f1os. En YouTube circula un v\u00eddeo de un ni\u00f1o de nueve a\u00f1os llamado Aren, que pas\u00f3 cuarenta horas al volante de un coche, conduci\u00e9ndolo por dif\u00edciles carreteras de monta\u00f1a, para poner a salvo a su familia, que no contaba con ning\u00fan otro conductor. Pero se ven cientos de personas caminando a los lados de la ruta, con la esperanza de que alguien las recoja.\u00a0\u2028\u2028Seg\u00fan organismos de derechos humanos, la mayor\u00eda de los refugiados armenios no tienen medios de subsistencia a su alcance. La Rep\u00fablica de Artsaj se encontraba bajo bloqueo absoluto y los lugare\u00f1os sin fuentes de ingresos estables ni ahorros bancarios s\u00f3lo ten\u00edan su casa y sus tierras para sobrevivir. Pero ahora esto tambi\u00e9n les ha sido arrebatado.\u2028\u2028Hoy el gran interrogante es: \u00bfcon qu\u00e9 medios va a sobrevivir esta masa de desplazados? Ya que no podr\u00e1n contar con ninguna ayuda real por parte de las autoridades armenias para solucionar esta situaci\u00f3n.\u00a0\u2028\u2028Hay escasez de alimentos entre los refugiados, pero la ayuda no proviene del gobierno armenio, sino de los soldados del contingente ruso para el mantenimiento de la paz. Han entregado m\u00e1s de 15 toneladas de harina a la panader\u00eda de Stepanakert para hacer pan, que se distribuir\u00e1 gratuitamente a los necesitados.\u00a0\u2028\u2028El primer ministro armenio Nikol Pashini\u00e1n, anunci\u00f3 medidas transitorias para cubrir los gastos de manutenci\u00f3n de los refugiados, sorprendiendo a los residentes armenios por su mezquindad. Medidas que son, adem\u00e1s, claramente insuficientes para costear la estancia de los karabaj\u00edes sin techo y expuestos a la indigencia.<\/p>\n<p>\u00abPara gastos de manutenci\u00f3n a cada familia se asignar\u00e1n 40.000 drams armenios (100 d\u00f3lares) por persona al mes, m\u00e1s otros 10.000 drams (25 d\u00f3lares) por persona destinados a todos los servicios p\u00fablicos\u00bb, escribi\u00f3 Pashini\u00e1n en su p\u00e1gina de Facebook.\u2028\u2028Los residentes en Armenia se\u00f1alan que esta asignaci\u00f3n m\u00ednima s\u00f3lo alcanza, en el mejor de los casos, para alquilar viviendas precarias.\u00a0\u2028\u2028Est\u00e1 claro que la ayuda no alcanzar\u00e1 para alimentar a las familias de refugiados, vestir debidamente a una familia en el fr\u00edo invierno, proporcionar tratamiento a los enfermos y dar una buena educaci\u00f3n a los ni\u00f1os. Adem\u00e1s, los precios en el pa\u00eds no dejan de subir.\u00a0\u2028\u2028Al mismo tiempo, Pashini\u00e1n se\u00f1al\u00f3 que el programa de compensaci\u00f3n del gobierno no se extender\u00e1 a las familias que tengan casa en Armenia. Esto significa que muchos refugiados de Nagorno Karabaj, que se han instalado con sus parientes armenios, no podr\u00e1n contar con una ayuda gubernamental. Aunque, a juzgar por las palabras de Nikol Pashini\u00e1n, las ayudas sociales de cien d\u00f3lares s\u00f3lo durar\u00e1n seis meses, tras lo cual es posible que el programa se elimine gradualmente.\u2028\u2028La irritada opini\u00f3n p\u00fablica armenia exige que se le asignen mayores recursos a los refugiados, en tanto que el Primer Ministro responde que esos gastos no est\u00e1n previstos en el presupuesto y que el tesoro sufre una escasez cr\u00f3nica de fondos.<\/p>\n<p>En efecto, Armenia sigue sumida en una crisis socioecon\u00f3mica permanente. Sin embargo, Pashini\u00e1n es el principal responsable ya que ha fracasado literalmente en todas las \u00e1reas importantes de la labor gubernamental durante su mandato.<\/p>\n<p>\u00abAs\u00ed, en febrero de 2020, los partidarios de Pashini\u00e1n afirmaron que estaban listos para luchar contra COVID-19, en lo que fracasaron rotundamente. En diciembre de 2020 fracasaron en la guerra, en 2021 fracasaron en el equipamiento de las posiciones en las fronteras de la Rep\u00fablica de Armenia y en las medidas destinadas a aumentar la preparaci\u00f3n para el combate de las fuerzas armadas. Fracasaron en las negociaciones para la devoluci\u00f3n de prisioneros. Finalmente, en la primavera-verano de 2023 llevaron al fracaso las relaciones aliadas con Rusia. En oto\u00f1o de 2023, perdieron Artsaj y no lograron detener la deportaci\u00f3n forzosa de sus habitantes armenios, aunque afirmaron que estaban dispuestos a hacerlo. Que los historiadores no se precipiten en investigar este per\u00edodo. A partir de ahora, sobran razones para el fracaso de Armenia\u00bb, afirma Ruben Mkhitaryan, reconocida figura p\u00fablica y productor.<\/p>\n<p>El fracaso a la hora de ayudar a los refugiados de Nagorno-Karabaj es una prueba m\u00e1s de que el Primer Ministro armenio s\u00f3lo sabe hacer dos cosas: renunciar a los intereses de sus compatriotas y satisfacer los intereses de sus patrocinadores de los Estados Unidos de Am\u00e9rica, que tienen una enorme cuota de responsabilidad en la tragedia humanitaria de Artsaj. As\u00ed lo afirm\u00f3 la activista armenia-estadounidense Teresa Yeremyan. En su intervenci\u00f3n en Washington DC, en el Capitolio, subray\u00f3 que la poblaci\u00f3n de Nagorno Karabaj es v\u00edctima de la pol\u00edtica imperialista de la Casa Blanca, que de hecho apoy\u00f3 la limpieza \u00e9tnica de la poblaci\u00f3n armenia.<\/p>\n<p>\u00abHoy, en tiempo real, se est\u00e1 cometiendo un genocidio contra los 120.000 habitantes armenios aut\u00f3ctonos de Artsaj. Esta agresi\u00f3n, con el firme apoyo de Turqu\u00eda, ha causado inmensos sufrimientos y ha violado el derecho internacional, incluidos los art\u00edculos de la convenci\u00f3n sobre el genocidio. Nosotros, como estadounidenses, estamos leg\u00edtimamente indignados porque nuestro gobierno, la administraci\u00f3n de Joe Biden, ha armado, infiltrado, ayudado y envalentonado al r\u00e9gimen de Aliyev en Azerbaiy\u00e1n, tan rico en petr\u00f3leo\u201d, se\u00f1al\u00f3 Yeremian.<\/p>\n<p>Por estas horas, los \u00faltimos refugiados est\u00e1n abandonando Nagorno Karabaj y muy pronto esta otrora floreciente regi\u00f3n quedar\u00e1 completamente desierta. Los refugiados que huyeron a Armenia deber\u00e1n encontrar una forma de sobrevivir al invierno con cien d\u00f3lares de ayuda gubernamental.<\/p>\n<p>Y las principales democracias del mundo continuar\u00e1n observando con indiferencia la cat\u00e1strofe que se produce por su culpa frente a sus narices.<\/p>\n","protected":false},"excerpt":{"rendered":"<p>Por Viken Pashini\u00e1n destinar\u00e1 100 d\u00f3lares a los refugiados\u00a0\u2028\u2028El flujo de refugiados de Nagorno Karabaj a Armenia no se detiene. Seg\u00fan informes de organizaciones internacionales, unos 100.000 armenios han abandonado la disuelta rep\u00fablica. Sus antepasados han habitado en el territorio&hellip;<\/p>\n","protected":false},"author":2201,"featured_media":1772009,"comment_status":"closed","ping_status":"closed","sticky":false,"template":"","format":"standard","meta":{"footnotes":""},"categories":[65,11389,54574,106739],"tags":[13100,115098],"class_list":["post-1772008","post","type-post","status-publish","format-standard","has-post-thumbnail","hentry","category-asia-es","category-contenido-original","category-migrantes-es","category-noticia","tag-armenia-es","tag-artsaj"],"yoast_head":"<!-- This site is optimized with the Yoast SEO plugin v27.1.1 - https:\/\/yoast.com\/product\/yoast-seo-wordpress\/ -->\n<title>Hambre y pobreza<\/title>\n<meta name=\"description\" content=\"Por Viken Pashini\u00e1n destinar\u00e1 100 d\u00f3lares a los refugiados\u00a0\u2028\u2028El flujo de refugiados de Nagorno Karabaj a Armenia no se detiene. Seg\u00fan informes de\" \/>\n<meta name=\"robots\" content=\"index, follow, max-snippet:-1, max-image-preview:large, max-video-preview:-1\" \/>\n<link rel=\"canonical\" href=\"https:\/\/www.pressenza.com\/es\/2023\/10\/hambre-y-pobreza\/\" \/>\n<meta property=\"og:locale\" content=\"es_ES\" \/>\n<meta property=\"og:type\" content=\"article\" \/>\n<meta property=\"og:title\" content=\"Hambre y pobreza\" \/>\n<meta property=\"og:description\" content=\"Por Viken Pashini\u00e1n destinar\u00e1 100 d\u00f3lares a los refugiados\u00a0\u2028\u2028El flujo de refugiados de Nagorno Karabaj a Armenia no se detiene. Seg\u00fan informes de\" \/>\n<meta property=\"og:url\" content=\"https:\/\/www.pressenza.com\/es\/2023\/10\/hambre-y-pobreza\/\" \/>\n<meta property=\"og:site_name\" content=\"Pressenza\" \/>\n<meta property=\"article:publisher\" content=\"https:\/\/www.facebook.com\/PressenzaItalia\" \/>\n<meta property=\"article:published_time\" content=\"2023-10-05T21:01:26+00:00\" \/>\n<meta property=\"og:image\" content=\"https:\/\/www.pressenza.com\/wp-content\/uploads\/2023\/10\/2023092815231122642.jpg\" \/>\n\t<meta property=\"og:image:width\" content=\"1748\" \/>\n\t<meta property=\"og:image:height\" content=\"1240\" \/>\n\t<meta property=\"og:image:type\" content=\"image\/jpeg\" \/>\n<meta name=\"author\" content=\"Redacci\u00f3n Rusia\" \/>\n<meta name=\"twitter:card\" content=\"summary_large_image\" \/>\n<meta name=\"twitter:creator\" content=\"@PressenzaIPA\" \/>\n<meta name=\"twitter:site\" content=\"@PressenzaIPA\" \/>\n<meta name=\"twitter:label1\" content=\"Escrito por\" \/>\n\t<meta name=\"twitter:data1\" content=\"Redacci\u00f3n Rusia\" \/>\n\t<meta name=\"twitter:label2\" content=\"Tiempo de lectura\" \/>\n\t<meta name=\"twitter:data2\" content=\"5 minutos\" \/>\n<script type=\"application\/ld+json\" class=\"yoast-schema-graph\">{\"@context\":\"https:\/\/schema.org\",\"@graph\":[{\"@type\":\"Article\",\"@id\":\"https:\/\/www.pressenza.com\/es\/2023\/10\/hambre-y-pobreza\/#article\",\"isPartOf\":{\"@id\":\"https:\/\/www.pressenza.com\/es\/2023\/10\/hambre-y-pobreza\/\"},\"author\":{\"name\":\"Redacci\u00f3n Rusia\",\"@id\":\"https:\/\/www.pressenza.com\/es\/#\/schema\/person\/988c602e6f4ce1319e64d7a53b8f41b1\"},\"headline\":\"Hambre y pobreza\",\"datePublished\":\"2023-10-05T21:01:26+00:00\",\"mainEntityOfPage\":{\"@id\":\"https:\/\/www.pressenza.com\/es\/2023\/10\/hambre-y-pobreza\/\"},\"wordCount\":1040,\"publisher\":{\"@id\":\"https:\/\/www.pressenza.com\/es\/#organization\"},\"image\":{\"@id\":\"https:\/\/www.pressenza.com\/es\/2023\/10\/hambre-y-pobreza\/#primaryimage\"},\"thumbnailUrl\":\"https:\/\/www.pressenza.com\/wp-content\/uploads\/2023\/10\/2023092815231122642.jpg\",\"keywords\":[\"Armenia\",\"Artsaj\"],\"articleSection\":[\"Asia\",\"Contenido Original\",\"Migrantes\",\"Noticia\"],\"inLanguage\":\"es\"},{\"@type\":\"WebPage\",\"@id\":\"https:\/\/www.pressenza.com\/es\/2023\/10\/hambre-y-pobreza\/\",\"url\":\"https:\/\/www.pressenza.com\/es\/2023\/10\/hambre-y-pobreza\/\",\"name\":\"Hambre y pobreza\",\"isPartOf\":{\"@id\":\"https:\/\/www.pressenza.com\/es\/#website\"},\"primaryImageOfPage\":{\"@id\":\"https:\/\/www.pressenza.com\/es\/2023\/10\/hambre-y-pobreza\/#primaryimage\"},\"image\":{\"@id\":\"https:\/\/www.pressenza.com\/es\/2023\/10\/hambre-y-pobreza\/#primaryimage\"},\"thumbnailUrl\":\"https:\/\/www.pressenza.com\/wp-content\/uploads\/2023\/10\/2023092815231122642.jpg\",\"datePublished\":\"2023-10-05T21:01:26+00:00\",\"description\":\"Por Viken Pashini\u00e1n destinar\u00e1 100 d\u00f3lares a los refugiados\u00a0\\u2028\\u2028El flujo de refugiados de Nagorno Karabaj a Armenia no se detiene. Seg\u00fan informes de\",\"breadcrumb\":{\"@id\":\"https:\/\/www.pressenza.com\/es\/2023\/10\/hambre-y-pobreza\/#breadcrumb\"},\"inLanguage\":\"es\",\"potentialAction\":[{\"@type\":\"ReadAction\",\"target\":[\"https:\/\/www.pressenza.com\/es\/2023\/10\/hambre-y-pobreza\/\"]}]},{\"@type\":\"ImageObject\",\"inLanguage\":\"es\",\"@id\":\"https:\/\/www.pressenza.com\/es\/2023\/10\/hambre-y-pobreza\/#primaryimage\",\"url\":\"https:\/\/www.pressenza.com\/wp-content\/uploads\/2023\/10\/2023092815231122642.jpg\",\"contentUrl\":\"https:\/\/www.pressenza.com\/wp-content\/uploads\/2023\/10\/2023092815231122642.jpg\",\"width\":1748,\"height\":1240},{\"@type\":\"BreadcrumbList\",\"@id\":\"https:\/\/www.pressenza.com\/es\/2023\/10\/hambre-y-pobreza\/#breadcrumb\",\"itemListElement\":[{\"@type\":\"ListItem\",\"position\":1,\"name\":\"Accueil\",\"item\":\"https:\/\/www.pressenza.com\/es\/\"},{\"@type\":\"ListItem\",\"position\":2,\"name\":\"Hambre y pobreza\"}]},{\"@type\":\"WebSite\",\"@id\":\"https:\/\/www.pressenza.com\/es\/#website\",\"url\":\"https:\/\/www.pressenza.com\/es\/\",\"name\":\"Pressenza\",\"description\":\"International Press Agency\",\"publisher\":{\"@id\":\"https:\/\/www.pressenza.com\/es\/#organization\"},\"potentialAction\":[{\"@type\":\"SearchAction\",\"target\":{\"@type\":\"EntryPoint\",\"urlTemplate\":\"https:\/\/www.pressenza.com\/es\/?s={search_term_string}\"},\"query-input\":{\"@type\":\"PropertyValueSpecification\",\"valueRequired\":true,\"valueName\":\"search_term_string\"}}],\"inLanguage\":\"es\"},{\"@type\":\"Organization\",\"@id\":\"https:\/\/www.pressenza.com\/es\/#organization\",\"name\":\"Pressenza\",\"url\":\"https:\/\/www.pressenza.com\/es\/\",\"logo\":{\"@type\":\"ImageObject\",\"inLanguage\":\"es\",\"@id\":\"https:\/\/www.pressenza.com\/es\/#\/schema\/logo\/image\/\",\"url\":\"https:\/\/www.pressenza.com\/wp-content\/uploads\/2022\/10\/pressenza_logo_200x200.jpg\",\"contentUrl\":\"https:\/\/www.pressenza.com\/wp-content\/uploads\/2022\/10\/pressenza_logo_200x200.jpg\",\"width\":200,\"height\":200,\"caption\":\"Pressenza\"},\"image\":{\"@id\":\"https:\/\/www.pressenza.com\/es\/#\/schema\/logo\/image\/\"},\"sameAs\":[\"https:\/\/www.facebook.com\/PressenzaItalia\",\"https:\/\/x.com\/PressenzaIPA\"]},{\"@type\":\"Person\",\"@id\":\"https:\/\/www.pressenza.com\/es\/#\/schema\/person\/988c602e6f4ce1319e64d7a53b8f41b1\",\"name\":\"Redacci\u00f3n Rusia\",\"description\":\"News published by the Pressenza bureau in Russia\",\"url\":\"https:\/\/www.pressenza.com\/es\/author\/redaccion-rusia\/\"}]}<\/script>\n<!-- \/ Yoast SEO plugin. -->","yoast_head_json":{"title":"Hambre y pobreza","description":"Por Viken Pashini\u00e1n destinar\u00e1 100 d\u00f3lares a los refugiados\u00a0\u2028\u2028El flujo de refugiados de Nagorno Karabaj a Armenia no se detiene. Seg\u00fan informes de","robots":{"index":"index","follow":"follow","max-snippet":"max-snippet:-1","max-image-preview":"max-image-preview:large","max-video-preview":"max-video-preview:-1"},"canonical":"https:\/\/www.pressenza.com\/es\/2023\/10\/hambre-y-pobreza\/","og_locale":"es_ES","og_type":"article","og_title":"Hambre y pobreza","og_description":"Por Viken Pashini\u00e1n destinar\u00e1 100 d\u00f3lares a los refugiados\u00a0\u2028\u2028El flujo de refugiados de Nagorno Karabaj a Armenia no se detiene. Seg\u00fan informes de","og_url":"https:\/\/www.pressenza.com\/es\/2023\/10\/hambre-y-pobreza\/","og_site_name":"Pressenza","article_publisher":"https:\/\/www.facebook.com\/PressenzaItalia","article_published_time":"2023-10-05T21:01:26+00:00","og_image":[{"width":1748,"height":1240,"url":"https:\/\/www.pressenza.com\/wp-content\/uploads\/2023\/10\/2023092815231122642.jpg","type":"image\/jpeg"}],"author":"Redacci\u00f3n Rusia","twitter_card":"summary_large_image","twitter_creator":"@PressenzaIPA","twitter_site":"@PressenzaIPA","twitter_misc":{"Escrito por":"Redacci\u00f3n Rusia","Tiempo de lectura":"5 minutos"},"schema":{"@context":"https:\/\/schema.org","@graph":[{"@type":"Article","@id":"https:\/\/www.pressenza.com\/es\/2023\/10\/hambre-y-pobreza\/#article","isPartOf":{"@id":"https:\/\/www.pressenza.com\/es\/2023\/10\/hambre-y-pobreza\/"},"author":{"name":"Redacci\u00f3n Rusia","@id":"https:\/\/www.pressenza.com\/es\/#\/schema\/person\/988c602e6f4ce1319e64d7a53b8f41b1"},"headline":"Hambre y pobreza","datePublished":"2023-10-05T21:01:26+00:00","mainEntityOfPage":{"@id":"https:\/\/www.pressenza.com\/es\/2023\/10\/hambre-y-pobreza\/"},"wordCount":1040,"publisher":{"@id":"https:\/\/www.pressenza.com\/es\/#organization"},"image":{"@id":"https:\/\/www.pressenza.com\/es\/2023\/10\/hambre-y-pobreza\/#primaryimage"},"thumbnailUrl":"https:\/\/www.pressenza.com\/wp-content\/uploads\/2023\/10\/2023092815231122642.jpg","keywords":["Armenia","Artsaj"],"articleSection":["Asia","Contenido Original","Migrantes","Noticia"],"inLanguage":"es"},{"@type":"WebPage","@id":"https:\/\/www.pressenza.com\/es\/2023\/10\/hambre-y-pobreza\/","url":"https:\/\/www.pressenza.com\/es\/2023\/10\/hambre-y-pobreza\/","name":"Hambre y pobreza","isPartOf":{"@id":"https:\/\/www.pressenza.com\/es\/#website"},"primaryImageOfPage":{"@id":"https:\/\/www.pressenza.com\/es\/2023\/10\/hambre-y-pobreza\/#primaryimage"},"image":{"@id":"https:\/\/www.pressenza.com\/es\/2023\/10\/hambre-y-pobreza\/#primaryimage"},"thumbnailUrl":"https:\/\/www.pressenza.com\/wp-content\/uploads\/2023\/10\/2023092815231122642.jpg","datePublished":"2023-10-05T21:01:26+00:00","description":"Por Viken Pashini\u00e1n destinar\u00e1 100 d\u00f3lares a los refugiados\u00a0\u2028\u2028El flujo de refugiados de Nagorno Karabaj a Armenia no se detiene. Seg\u00fan informes de","breadcrumb":{"@id":"https:\/\/www.pressenza.com\/es\/2023\/10\/hambre-y-pobreza\/#breadcrumb"},"inLanguage":"es","potentialAction":[{"@type":"ReadAction","target":["https:\/\/www.pressenza.com\/es\/2023\/10\/hambre-y-pobreza\/"]}]},{"@type":"ImageObject","inLanguage":"es","@id":"https:\/\/www.pressenza.com\/es\/2023\/10\/hambre-y-pobreza\/#primaryimage","url":"https:\/\/www.pressenza.com\/wp-content\/uploads\/2023\/10\/2023092815231122642.jpg","contentUrl":"https:\/\/www.pressenza.com\/wp-content\/uploads\/2023\/10\/2023092815231122642.jpg","width":1748,"height":1240},{"@type":"BreadcrumbList","@id":"https:\/\/www.pressenza.com\/es\/2023\/10\/hambre-y-pobreza\/#breadcrumb","itemListElement":[{"@type":"ListItem","position":1,"name":"Accueil","item":"https:\/\/www.pressenza.com\/es\/"},{"@type":"ListItem","position":2,"name":"Hambre y pobreza"}]},{"@type":"WebSite","@id":"https:\/\/www.pressenza.com\/es\/#website","url":"https:\/\/www.pressenza.com\/es\/","name":"Pressenza","description":"International Press Agency","publisher":{"@id":"https:\/\/www.pressenza.com\/es\/#organization"},"potentialAction":[{"@type":"SearchAction","target":{"@type":"EntryPoint","urlTemplate":"https:\/\/www.pressenza.com\/es\/?s={search_term_string}"},"query-input":{"@type":"PropertyValueSpecification","valueRequired":true,"valueName":"search_term_string"}}],"inLanguage":"es"},{"@type":"Organization","@id":"https:\/\/www.pressenza.com\/es\/#organization","name":"Pressenza","url":"https:\/\/www.pressenza.com\/es\/","logo":{"@type":"ImageObject","inLanguage":"es","@id":"https:\/\/www.pressenza.com\/es\/#\/schema\/logo\/image\/","url":"https:\/\/www.pressenza.com\/wp-content\/uploads\/2022\/10\/pressenza_logo_200x200.jpg","contentUrl":"https:\/\/www.pressenza.com\/wp-content\/uploads\/2022\/10\/pressenza_logo_200x200.jpg","width":200,"height":200,"caption":"Pressenza"},"image":{"@id":"https:\/\/www.pressenza.com\/es\/#\/schema\/logo\/image\/"},"sameAs":["https:\/\/www.facebook.com\/PressenzaItalia","https:\/\/x.com\/PressenzaIPA"]},{"@type":"Person","@id":"https:\/\/www.pressenza.com\/es\/#\/schema\/person\/988c602e6f4ce1319e64d7a53b8f41b1","name":"Redacci\u00f3n Rusia","description":"News published by the Pressenza bureau in Russia","url":"https:\/\/www.pressenza.com\/es\/author\/redaccion-rusia\/"}]}},"place":"Armenia","original_article_url":"","_links":{"self":[{"href":"https:\/\/www.pressenza.com\/es\/wp-json\/wp\/v2\/posts\/1772008","targetHints":{"allow":["GET"]}}],"collection":[{"href":"https:\/\/www.pressenza.com\/es\/wp-json\/wp\/v2\/posts"}],"about":[{"href":"https:\/\/www.pressenza.com\/es\/wp-json\/wp\/v2\/types\/post"}],"author":[{"embeddable":true,"href":"https:\/\/www.pressenza.com\/es\/wp-json\/wp\/v2\/users\/2201"}],"replies":[{"embeddable":true,"href":"https:\/\/www.pressenza.com\/es\/wp-json\/wp\/v2\/comments?post=1772008"}],"version-history":[{"count":0,"href":"https:\/\/www.pressenza.com\/es\/wp-json\/wp\/v2\/posts\/1772008\/revisions"}],"wp:featuredmedia":[{"embeddable":true,"href":"https:\/\/www.pressenza.com\/es\/wp-json\/wp\/v2\/media\/1772009"}],"wp:attachment":[{"href":"https:\/\/www.pressenza.com\/es\/wp-json\/wp\/v2\/media?parent=1772008"}],"wp:term":[{"taxonomy":"category","embeddable":true,"href":"https:\/\/www.pressenza.com\/es\/wp-json\/wp\/v2\/categories?post=1772008"},{"taxonomy":"post_tag","embeddable":true,"href":"https:\/\/www.pressenza.com\/es\/wp-json\/wp\/v2\/tags?post=1772008"}],"curies":[{"name":"wp","href":"https:\/\/api.w.org\/{rel}","templated":true}]}}