{"id":1772,"date":"2009-10-20T00:00:00","date_gmt":"2009-10-20T00:00:00","guid":{"rendered":""},"modified":"2009-10-19T21:42:03","modified_gmt":"2009-10-19T21:42:03","slug":"danielle-mitterrand-estara-presente-en-ocasion-del-paso-de-la-marcha-mundial-por-paris","status":"publish","type":"post","link":"https:\/\/www.pressenza.com\/es\/2009\/10\/danielle-mitterrand-estara-presente-en-ocasion-del-paso-de-la-marcha-mundial-por-paris\/","title":{"rendered":"Danielle Mitterrand estar\u00e1 presente en ocasi\u00f3n del paso de la Marcha Mundial por Paris"},"content":{"rendered":"<p>En los primeros d\u00edas de octubre de 2009, Madame Danielle Mitterrand, presidenta de la fundaci\u00f3n France Libert\u00e9s, nos concedi\u00f3 una entrevista filmada en la cual afirma que cualquier persona sensata no puede m\u00e1s que adherir a la Marcha Mundial por la Paz y la No-violencia. <\/p>\n<p>Ella hace notar que hay una acumulaci\u00f3n de numerosas razones por las que los conflictos mundiales perduran, particularmente a causa de los 1.300 billones de d\u00f3lares que se destinan al armamento, por ende, a la muerte, mientras que con un 1% de ese presupuesto durante 15 a\u00f1os, todos los habitantes del planeta podr\u00edan disponer de agua a voluntad, por ende, de vida! Ella denuncia esta situaci\u00f3n como una \u00ab incoherencia e insulto a la vida \u00bb!<br \/>\nSe refiere igualmente a la desesperanza de la juventud actual que puede, gracias a los encuentros que provoque la Marcha Mundial, compartir valores comunes de paz y de no-violencia para su futuro. <\/p>\n<p>Finalmente, Madame Mitterrand confirm\u00f3 su intenci\u00f3n de estar presente cuando los marchantes pasen por Paris, los d\u00edas 7 y 8 de noviembre pr\u00f3ximos e invita a acudir en gran n\u00famero a reafirmar el deseo de paz.<\/p>\n<p>[Video de la Entrevista](http:\/\/www.youtube.com\/watch?v=IZuWE5NPKXE)<\/p>\n<p>Traducci\u00f3n: Luis Felipe Garc\u00eda<\/p>\n","protected":false},"excerpt":{"rendered":"<p>Madame Danielle Mitterrand, presidenta de la fundaci\u00f3n France Libert\u00e9s, expres\u00f3 en una entrevista las numerosas razones por las cuales ella adhiere a la Marcha Mundial. Ella denuncia especialmente el presupuesto en armas en detrimento del agua para todos y se alegra de que los pueblos converjan durante 3 meses alrededor de un mismo proyecto: un mundo de paz y de no-violencia<\/p>\n","protected":false},"author":19,"featured_media":0,"comment_status":"closed","ping_status":"open","sticky":false,"template":"","format":"standard","meta":{"footnotes":""},"categories":[75,66,39],"tags":[],"class_list":["post-1772","post","type-post","status-publish","format-standard","hentry","category-cultura-es","category-europa-es","category-internacional"],"yoast_head":"<!-- This site is optimized with the Yoast SEO plugin v27.1.1 - https:\/\/yoast.com\/product\/yoast-seo-wordpress\/ -->\n<title>Danielle Mitterrand estar\u00e1 presente en ocasi\u00f3n del paso de la Marcha Mundial por Paris<\/title>\n<meta name=\"description\" content=\"Madame Danielle Mitterrand, presidenta de la fundaci\u00f3n France Libert\u00e9s, expres\u00f3 en una entrevista las numerosas razones por las cuales ella adhiere a la Marcha Mundial. Ella denuncia especialmente el presupuesto en armas en detrimento del agua para todos y se alegra de que los pueblos converjan durante 3 meses alrededor de un mismo proyecto: un mundo de paz y de no-violencia\" \/>\n<meta name=\"robots\" content=\"index, follow, max-snippet:-1, max-image-preview:large, max-video-preview:-1\" \/>\n<link rel=\"canonical\" href=\"https:\/\/www.pressenza.com\/es\/2009\/10\/danielle-mitterrand-estara-presente-en-ocasion-del-paso-de-la-marcha-mundial-por-paris\/\" \/>\n<meta property=\"og:locale\" content=\"es_ES\" \/>\n<meta property=\"og:type\" content=\"article\" \/>\n<meta property=\"og:title\" content=\"Danielle Mitterrand estar\u00e1 presente en ocasi\u00f3n del paso de la Marcha Mundial por Paris\" \/>\n<meta property=\"og:description\" content=\"Madame Danielle Mitterrand, presidenta de la fundaci\u00f3n France Libert\u00e9s, expres\u00f3 en una entrevista las numerosas razones por las cuales ella adhiere a la Marcha Mundial. Ella denuncia especialmente el presupuesto en armas en detrimento del agua para todos y se alegra de que los pueblos converjan durante 3 meses alrededor de un mismo proyecto: un mundo de paz y de no-violencia\" \/>\n<meta property=\"og:url\" content=\"https:\/\/www.pressenza.com\/es\/2009\/10\/danielle-mitterrand-estara-presente-en-ocasion-del-paso-de-la-marcha-mundial-por-paris\/\" \/>\n<meta property=\"og:site_name\" content=\"Pressenza\" \/>\n<meta property=\"article:publisher\" content=\"https:\/\/www.facebook.com\/PressenzaItalia\" \/>\n<meta property=\"article:author\" content=\"https:\/\/www.facebook.com\/pressenza\" \/>\n<meta property=\"article:published_time\" content=\"2009-10-20T00:00:00+00:00\" \/>\n<meta name=\"author\" content=\"Pressenza IPA\" \/>\n<meta name=\"twitter:card\" content=\"summary_large_image\" \/>\n<meta name=\"twitter:creator\" content=\"@PressenzaIPA\" \/>\n<meta name=\"twitter:site\" content=\"@PressenzaIPA\" \/>\n<meta name=\"twitter:label1\" content=\"Escrito por\" \/>\n\t<meta name=\"twitter:data1\" content=\"Pressenza IPA\" \/>\n\t<meta name=\"twitter:label2\" content=\"Tiempo de lectura\" \/>\n\t<meta name=\"twitter:data2\" content=\"1 minuto\" \/>\n<script type=\"application\/ld+json\" class=\"yoast-schema-graph\">{\"@context\":\"https:\/\/schema.org\",\"@graph\":[{\"@type\":\"Article\",\"@id\":\"https:\/\/www.pressenza.com\/es\/2009\/10\/danielle-mitterrand-estara-presente-en-ocasion-del-paso-de-la-marcha-mundial-por-paris\/#article\",\"isPartOf\":{\"@id\":\"https:\/\/www.pressenza.com\/es\/2009\/10\/danielle-mitterrand-estara-presente-en-ocasion-del-paso-de-la-marcha-mundial-por-paris\/\"},\"author\":{\"name\":\"Pressenza IPA\",\"@id\":\"https:\/\/www.pressenza.com\/es\/#\/schema\/person\/010e5d02bcf40965427a1289a4cc8d75\"},\"headline\":\"Danielle Mitterrand estar\u00e1 presente en ocasi\u00f3n del paso de la Marcha Mundial por Paris\",\"datePublished\":\"2009-10-20T00:00:00+00:00\",\"mainEntityOfPage\":{\"@id\":\"https:\/\/www.pressenza.com\/es\/2009\/10\/danielle-mitterrand-estara-presente-en-ocasion-del-paso-de-la-marcha-mundial-por-paris\/\"},\"wordCount\":227,\"publisher\":{\"@id\":\"https:\/\/www.pressenza.com\/es\/#organization\"},\"articleSection\":[\"Cultura y Medios\",\"Europa\",\"Internacional\"],\"inLanguage\":\"es\"},{\"@type\":\"WebPage\",\"@id\":\"https:\/\/www.pressenza.com\/es\/2009\/10\/danielle-mitterrand-estara-presente-en-ocasion-del-paso-de-la-marcha-mundial-por-paris\/\",\"url\":\"https:\/\/www.pressenza.com\/es\/2009\/10\/danielle-mitterrand-estara-presente-en-ocasion-del-paso-de-la-marcha-mundial-por-paris\/\",\"name\":\"Danielle Mitterrand estar\u00e1 presente en ocasi\u00f3n del paso de la Marcha Mundial por Paris\",\"isPartOf\":{\"@id\":\"https:\/\/www.pressenza.com\/es\/#website\"},\"datePublished\":\"2009-10-20T00:00:00+00:00\",\"description\":\"Madame Danielle Mitterrand, presidenta de la fundaci\u00f3n France Libert\u00e9s, expres\u00f3 en una entrevista las numerosas razones por las cuales ella adhiere a la Marcha Mundial. Ella denuncia especialmente el presupuesto en armas en detrimento del agua para todos y se alegra de que los pueblos converjan durante 3 meses alrededor de un mismo proyecto: un mundo de paz y de no-violencia\",\"breadcrumb\":{\"@id\":\"https:\/\/www.pressenza.com\/es\/2009\/10\/danielle-mitterrand-estara-presente-en-ocasion-del-paso-de-la-marcha-mundial-por-paris\/#breadcrumb\"},\"inLanguage\":\"es\",\"potentialAction\":[{\"@type\":\"ReadAction\",\"target\":[\"https:\/\/www.pressenza.com\/es\/2009\/10\/danielle-mitterrand-estara-presente-en-ocasion-del-paso-de-la-marcha-mundial-por-paris\/\"]}]},{\"@type\":\"BreadcrumbList\",\"@id\":\"https:\/\/www.pressenza.com\/es\/2009\/10\/danielle-mitterrand-estara-presente-en-ocasion-del-paso-de-la-marcha-mundial-por-paris\/#breadcrumb\",\"itemListElement\":[{\"@type\":\"ListItem\",\"position\":1,\"name\":\"Accueil\",\"item\":\"https:\/\/www.pressenza.com\/es\/\"},{\"@type\":\"ListItem\",\"position\":2,\"name\":\"Danielle Mitterrand estar\u00e1 presente en ocasi\u00f3n del paso de la Marcha Mundial por Paris\"}]},{\"@type\":\"WebSite\",\"@id\":\"https:\/\/www.pressenza.com\/es\/#website\",\"url\":\"https:\/\/www.pressenza.com\/es\/\",\"name\":\"Pressenza\",\"description\":\"International Press Agency\",\"publisher\":{\"@id\":\"https:\/\/www.pressenza.com\/es\/#organization\"},\"potentialAction\":[{\"@type\":\"SearchAction\",\"target\":{\"@type\":\"EntryPoint\",\"urlTemplate\":\"https:\/\/www.pressenza.com\/es\/?s={search_term_string}\"},\"query-input\":{\"@type\":\"PropertyValueSpecification\",\"valueRequired\":true,\"valueName\":\"search_term_string\"}}],\"inLanguage\":\"es\"},{\"@type\":\"Organization\",\"@id\":\"https:\/\/www.pressenza.com\/es\/#organization\",\"name\":\"Pressenza\",\"url\":\"https:\/\/www.pressenza.com\/es\/\",\"logo\":{\"@type\":\"ImageObject\",\"inLanguage\":\"es\",\"@id\":\"https:\/\/www.pressenza.com\/es\/#\/schema\/logo\/image\/\",\"url\":\"https:\/\/www.pressenza.com\/wp-content\/uploads\/2022\/10\/pressenza_logo_200x200.jpg\",\"contentUrl\":\"https:\/\/www.pressenza.com\/wp-content\/uploads\/2022\/10\/pressenza_logo_200x200.jpg\",\"width\":200,\"height\":200,\"caption\":\"Pressenza\"},\"image\":{\"@id\":\"https:\/\/www.pressenza.com\/es\/#\/schema\/logo\/image\/\"},\"sameAs\":[\"https:\/\/www.facebook.com\/PressenzaItalia\",\"https:\/\/x.com\/PressenzaIPA\"]},{\"@type\":\"Person\",\"@id\":\"https:\/\/www.pressenza.com\/es\/#\/schema\/person\/010e5d02bcf40965427a1289a4cc8d75\",\"name\":\"Pressenza IPA\",\"description\":\"News from Pressenza IPA correspondents\",\"sameAs\":[\"https:\/\/www.facebook.com\/pressenza\",\"https:\/\/x.com\/PressenzaIPA\"],\"url\":\"https:\/\/www.pressenza.com\/es\/author\/pressenza-ipa\/\"}]}<\/script>\n<!-- \/ Yoast SEO plugin. -->","yoast_head_json":{"title":"Danielle Mitterrand estar\u00e1 presente en ocasi\u00f3n del paso de la Marcha Mundial por Paris","description":"Madame Danielle Mitterrand, presidenta de la fundaci\u00f3n France Libert\u00e9s, expres\u00f3 en una entrevista las numerosas razones por las cuales ella adhiere a la Marcha Mundial. Ella denuncia especialmente el presupuesto en armas en detrimento del agua para todos y se alegra de que los pueblos converjan durante 3 meses alrededor de un mismo proyecto: un mundo de paz y de no-violencia","robots":{"index":"index","follow":"follow","max-snippet":"max-snippet:-1","max-image-preview":"max-image-preview:large","max-video-preview":"max-video-preview:-1"},"canonical":"https:\/\/www.pressenza.com\/es\/2009\/10\/danielle-mitterrand-estara-presente-en-ocasion-del-paso-de-la-marcha-mundial-por-paris\/","og_locale":"es_ES","og_type":"article","og_title":"Danielle Mitterrand estar\u00e1 presente en ocasi\u00f3n del paso de la Marcha Mundial por Paris","og_description":"Madame Danielle Mitterrand, presidenta de la fundaci\u00f3n France Libert\u00e9s, expres\u00f3 en una entrevista las numerosas razones por las cuales ella adhiere a la Marcha Mundial. Ella denuncia especialmente el presupuesto en armas en detrimento del agua para todos y se alegra de que los pueblos converjan durante 3 meses alrededor de un mismo proyecto: un mundo de paz y de no-violencia","og_url":"https:\/\/www.pressenza.com\/es\/2009\/10\/danielle-mitterrand-estara-presente-en-ocasion-del-paso-de-la-marcha-mundial-por-paris\/","og_site_name":"Pressenza","article_publisher":"https:\/\/www.facebook.com\/PressenzaItalia","article_author":"https:\/\/www.facebook.com\/pressenza","article_published_time":"2009-10-20T00:00:00+00:00","author":"Pressenza IPA","twitter_card":"summary_large_image","twitter_creator":"@PressenzaIPA","twitter_site":"@PressenzaIPA","twitter_misc":{"Escrito por":"Pressenza IPA","Tiempo de lectura":"1 minuto"},"schema":{"@context":"https:\/\/schema.org","@graph":[{"@type":"Article","@id":"https:\/\/www.pressenza.com\/es\/2009\/10\/danielle-mitterrand-estara-presente-en-ocasion-del-paso-de-la-marcha-mundial-por-paris\/#article","isPartOf":{"@id":"https:\/\/www.pressenza.com\/es\/2009\/10\/danielle-mitterrand-estara-presente-en-ocasion-del-paso-de-la-marcha-mundial-por-paris\/"},"author":{"name":"Pressenza IPA","@id":"https:\/\/www.pressenza.com\/es\/#\/schema\/person\/010e5d02bcf40965427a1289a4cc8d75"},"headline":"Danielle Mitterrand estar\u00e1 presente en ocasi\u00f3n del paso de la Marcha Mundial por Paris","datePublished":"2009-10-20T00:00:00+00:00","mainEntityOfPage":{"@id":"https:\/\/www.pressenza.com\/es\/2009\/10\/danielle-mitterrand-estara-presente-en-ocasion-del-paso-de-la-marcha-mundial-por-paris\/"},"wordCount":227,"publisher":{"@id":"https:\/\/www.pressenza.com\/es\/#organization"},"articleSection":["Cultura y Medios","Europa","Internacional"],"inLanguage":"es"},{"@type":"WebPage","@id":"https:\/\/www.pressenza.com\/es\/2009\/10\/danielle-mitterrand-estara-presente-en-ocasion-del-paso-de-la-marcha-mundial-por-paris\/","url":"https:\/\/www.pressenza.com\/es\/2009\/10\/danielle-mitterrand-estara-presente-en-ocasion-del-paso-de-la-marcha-mundial-por-paris\/","name":"Danielle Mitterrand estar\u00e1 presente en ocasi\u00f3n del paso de la Marcha Mundial por Paris","isPartOf":{"@id":"https:\/\/www.pressenza.com\/es\/#website"},"datePublished":"2009-10-20T00:00:00+00:00","description":"Madame Danielle Mitterrand, presidenta de la fundaci\u00f3n France Libert\u00e9s, expres\u00f3 en una entrevista las numerosas razones por las cuales ella adhiere a la Marcha Mundial. Ella denuncia especialmente el presupuesto en armas en detrimento del agua para todos y se alegra de que los pueblos converjan durante 3 meses alrededor de un mismo proyecto: un mundo de paz y de no-violencia","breadcrumb":{"@id":"https:\/\/www.pressenza.com\/es\/2009\/10\/danielle-mitterrand-estara-presente-en-ocasion-del-paso-de-la-marcha-mundial-por-paris\/#breadcrumb"},"inLanguage":"es","potentialAction":[{"@type":"ReadAction","target":["https:\/\/www.pressenza.com\/es\/2009\/10\/danielle-mitterrand-estara-presente-en-ocasion-del-paso-de-la-marcha-mundial-por-paris\/"]}]},{"@type":"BreadcrumbList","@id":"https:\/\/www.pressenza.com\/es\/2009\/10\/danielle-mitterrand-estara-presente-en-ocasion-del-paso-de-la-marcha-mundial-por-paris\/#breadcrumb","itemListElement":[{"@type":"ListItem","position":1,"name":"Accueil","item":"https:\/\/www.pressenza.com\/es\/"},{"@type":"ListItem","position":2,"name":"Danielle Mitterrand estar\u00e1 presente en ocasi\u00f3n del paso de la Marcha Mundial por Paris"}]},{"@type":"WebSite","@id":"https:\/\/www.pressenza.com\/es\/#website","url":"https:\/\/www.pressenza.com\/es\/","name":"Pressenza","description":"International Press Agency","publisher":{"@id":"https:\/\/www.pressenza.com\/es\/#organization"},"potentialAction":[{"@type":"SearchAction","target":{"@type":"EntryPoint","urlTemplate":"https:\/\/www.pressenza.com\/es\/?s={search_term_string}"},"query-input":{"@type":"PropertyValueSpecification","valueRequired":true,"valueName":"search_term_string"}}],"inLanguage":"es"},{"@type":"Organization","@id":"https:\/\/www.pressenza.com\/es\/#organization","name":"Pressenza","url":"https:\/\/www.pressenza.com\/es\/","logo":{"@type":"ImageObject","inLanguage":"es","@id":"https:\/\/www.pressenza.com\/es\/#\/schema\/logo\/image\/","url":"https:\/\/www.pressenza.com\/wp-content\/uploads\/2022\/10\/pressenza_logo_200x200.jpg","contentUrl":"https:\/\/www.pressenza.com\/wp-content\/uploads\/2022\/10\/pressenza_logo_200x200.jpg","width":200,"height":200,"caption":"Pressenza"},"image":{"@id":"https:\/\/www.pressenza.com\/es\/#\/schema\/logo\/image\/"},"sameAs":["https:\/\/www.facebook.com\/PressenzaItalia","https:\/\/x.com\/PressenzaIPA"]},{"@type":"Person","@id":"https:\/\/www.pressenza.com\/es\/#\/schema\/person\/010e5d02bcf40965427a1289a4cc8d75","name":"Pressenza IPA","description":"News from Pressenza IPA correspondents","sameAs":["https:\/\/www.facebook.com\/pressenza","https:\/\/x.com\/PressenzaIPA"],"url":"https:\/\/www.pressenza.com\/es\/author\/pressenza-ipa\/"}]}},"place":"Paris","original_article_url":"","_links":{"self":[{"href":"https:\/\/www.pressenza.com\/es\/wp-json\/wp\/v2\/posts\/1772","targetHints":{"allow":["GET"]}}],"collection":[{"href":"https:\/\/www.pressenza.com\/es\/wp-json\/wp\/v2\/posts"}],"about":[{"href":"https:\/\/www.pressenza.com\/es\/wp-json\/wp\/v2\/types\/post"}],"author":[{"embeddable":true,"href":"https:\/\/www.pressenza.com\/es\/wp-json\/wp\/v2\/users\/19"}],"replies":[{"embeddable":true,"href":"https:\/\/www.pressenza.com\/es\/wp-json\/wp\/v2\/comments?post=1772"}],"version-history":[{"count":0,"href":"https:\/\/www.pressenza.com\/es\/wp-json\/wp\/v2\/posts\/1772\/revisions"}],"wp:attachment":[{"href":"https:\/\/www.pressenza.com\/es\/wp-json\/wp\/v2\/media?parent=1772"}],"wp:term":[{"taxonomy":"category","embeddable":true,"href":"https:\/\/www.pressenza.com\/es\/wp-json\/wp\/v2\/categories?post=1772"},{"taxonomy":"post_tag","embeddable":true,"href":"https:\/\/www.pressenza.com\/es\/wp-json\/wp\/v2\/tags?post=1772"}],"curies":[{"name":"wp","href":"https:\/\/api.w.org\/{rel}","templated":true}]}}