{"id":1771804,"date":"2023-10-05T00:46:14","date_gmt":"2023-10-04T23:46:14","guid":{"rendered":"https:\/\/www.pressenza.com\/?p=1771804"},"modified":"2023-10-05T00:46:14","modified_gmt":"2023-10-04T23:46:14","slug":"3a-marcha-mundial-por-la-paz-y-la-noviolencia-presentada-en-malaga-espana","status":"publish","type":"post","link":"https:\/\/www.pressenza.com\/es\/2023\/10\/3a-marcha-mundial-por-la-paz-y-la-noviolencia-presentada-en-malaga-espana\/","title":{"rendered":"3a Marcha Mundial por la Paz y la Noviolencia presentada en M\u00e1laga, Espa\u00f1a"},"content":{"rendered":"<p>El 2 de octubre, D\u00eda Internacional de la Noviolencia, se present\u00f3 en la Sociedad Econ\u00f3mica de Amigos del Pa\u00eds de la ciudad de M\u00e1laga, la 3\u00ba Marcha Mundial por la Paz y la Noviolencia.<\/p>\n<p>Este acto se realiz\u00f3 horas despu\u00e9s que la organizaci\u00f3n Mundo sin Guerras y sin Violencia lo presentara en el Congreso de los Diputados de Espa\u00f1a, marcando de esta manera el inicio de esta campa\u00f1a.<\/p>\n<p>M\u00e1laga, como ya lo hizo en el 2009, toma la iniciativa de participar activamente en la organizaci\u00f3n de esta 3\u00ba Marcha Mundial que saldr\u00e1 de Costa Rica el 2 de octubre de 2024 y circunvalar\u00e1 la tierra para terminar en el mismo pa\u00eds en enero de 2025.<\/p>\n<p>Intervino en la introducci\u00f3n Jos\u00e9 Antonio Sierra, colaborador de la Casa Am\u00e9rica M\u00e1laga y Hugo Rodr\u00edguez Ghiara de Mundo sin Guerras y sin Violencia, en la presentaci\u00f3n de la Campa\u00f1a. Su objetivo es la creaci\u00f3n de una conciencia no-violenta mundial. Esta nueva conciencia ser\u00e1 el paso necesario hacia un mundo libre de violencia, no solamente en su expresi\u00f3n m\u00e1s cruel, las guerras y la violencia f\u00edsica, sino tambi\u00e9n libre de la violencia econ\u00f3mica, racial, religiosa, sexual, sicol\u00f3gica y moral.<\/p>\n<p>Se profundiz\u00f3 en los motivos que justifican dicha acci\u00f3n tanto individuales como colectivos, tambi\u00e9n en los procedimientos a habilitar la participaci\u00f3n de toda la sociedad. Cabe destacar que la Marcha Mundial no admite sponsors ni patrocinadores que condicionen sus propuestas. Las experiencias anteriores confirman que esto es posible y que hay numerosas personas, organizaciones y gobiernos, especialmente de \u00e1mbito local que apoyan estas ideas sin exigir ninguna publicidad a cambio. Por tanto es una acci\u00f3n voluntaria que se realiza por conciencia con multitud de formas y abierta a todas las personas, organizaciones e instituciones como ya demostr\u00f3 en las ocasiones anteriores como primera Marcha Mundial .<\/p>\n<p>Para finalizar, se indic\u00f3 c\u00f3mo se puede adherir y el calendario de actividades. Para m\u00e1s informaci\u00f3n <a href=\"http:\/\/msgysv-mediterraneo.org\">msgysv-mediterraneo.org\u00a0<\/a><br \/>\n<a href=\"http:\/\/theworldmarch.org\">theworldmarch.org<\/a><\/p>\n<p><img loading=\"lazy\" decoding=\"async\" class=\"alignnone wp-image-1771806 size-full\" src=\"https:\/\/www.pressenza.com\/wp-content\/uploads\/2023\/10\/presentacion-0210.jpg\" alt=\"\" width=\"1000\" height=\"765\" srcset=\"https:\/\/www.pressenza.com\/wp-content\/uploads\/2023\/10\/presentacion-0210.jpg 1000w, https:\/\/www.pressenza.com\/wp-content\/uploads\/2023\/10\/presentacion-0210-300x230.jpg 300w, https:\/\/www.pressenza.com\/wp-content\/uploads\/2023\/10\/presentacion-0210-820x627.jpg 820w\" sizes=\"auto, (max-width: 1000px) 100vw, 1000px\" \/><\/p>\n","protected":false},"excerpt":{"rendered":"<p>El 2 de octubre, D\u00eda Internacional de la Noviolencia, se present\u00f3 en la Sociedad Econ\u00f3mica de Amigos del Pa\u00eds de la ciudad de M\u00e1laga, la 3\u00ba Marcha Mundial por la Paz y la Noviolencia. Este acto se realiz\u00f3 horas despu\u00e9s&hellip;<\/p>\n","protected":false},"author":634,"featured_media":1771805,"comment_status":"closed","ping_status":"closed","sticky":false,"template":"","format":"standard","meta":{"footnotes":""},"categories":[149,11389,66,1243],"tags":[106392,1065,1114],"class_list":["post-1771804","post","type-post","status-publish","format-standard","has-post-thumbnail","hentry","category-comunicados-de-prensa","category-contenido-original","category-europa-es","category-paz-desarme","tag-3a-marcha-mundial-por-la-paz-y-la-noviolencia","tag-espana","tag-malaga"],"yoast_head":"<!-- This site is optimized with the Yoast SEO plugin v27.1.1 - https:\/\/yoast.com\/product\/yoast-seo-wordpress\/ -->\n<title>3a Marcha Mundial por la Paz y la Noviolencia presentada en M\u00e1laga, Espa\u00f1a<\/title>\n<meta name=\"description\" content=\"El 2 de octubre, D\u00eda Internacional de la Noviolencia, se present\u00f3 en la Sociedad Econ\u00f3mica de Amigos del Pa\u00eds de la ciudad de M\u00e1laga, la 3\u00ba Marcha Mundial\" \/>\n<meta name=\"robots\" content=\"index, follow, max-snippet:-1, max-image-preview:large, max-video-preview:-1\" \/>\n<link rel=\"canonical\" href=\"https:\/\/www.pressenza.com\/es\/2023\/10\/3a-marcha-mundial-por-la-paz-y-la-noviolencia-presentada-en-malaga-espana\/\" \/>\n<meta property=\"og:locale\" content=\"es_ES\" \/>\n<meta property=\"og:type\" content=\"article\" \/>\n<meta property=\"og:title\" content=\"3a Marcha Mundial por la Paz y la Noviolencia presentada en M\u00e1laga, Espa\u00f1a\" \/>\n<meta property=\"og:description\" content=\"El 2 de octubre, D\u00eda Internacional de la Noviolencia, se present\u00f3 en la Sociedad Econ\u00f3mica de Amigos del Pa\u00eds de la ciudad de M\u00e1laga, la 3\u00ba Marcha Mundial\" \/>\n<meta property=\"og:url\" content=\"https:\/\/www.pressenza.com\/es\/2023\/10\/3a-marcha-mundial-por-la-paz-y-la-noviolencia-presentada-en-malaga-espana\/\" \/>\n<meta property=\"og:site_name\" content=\"Pressenza\" \/>\n<meta property=\"article:publisher\" content=\"https:\/\/www.facebook.com\/PressenzaItalia\" \/>\n<meta property=\"article:author\" content=\"https:\/\/www.facebook.com\/MundoSinGuerrasYSinViolencia\" \/>\n<meta property=\"article:published_time\" content=\"2023-10-04T23:46:14+00:00\" \/>\n<meta property=\"og:image\" content=\"https:\/\/www.pressenza.com\/wp-content\/uploads\/2023\/10\/Presentacion021023.jpg\" \/>\n\t<meta property=\"og:image:width\" content=\"1000\" \/>\n\t<meta property=\"og:image:height\" content=\"598\" \/>\n\t<meta property=\"og:image:type\" content=\"image\/jpeg\" \/>\n<meta name=\"author\" content=\"Mundo sin Guerras y sin Violencia\" \/>\n<meta name=\"twitter:card\" content=\"summary_large_image\" \/>\n<meta name=\"twitter:creator\" content=\"@msgysv\" \/>\n<meta name=\"twitter:site\" content=\"@PressenzaIPA\" \/>\n<meta name=\"twitter:label1\" content=\"Escrito por\" \/>\n\t<meta name=\"twitter:data1\" content=\"Mundo sin Guerras y sin Violencia\" \/>\n\t<meta name=\"twitter:label2\" content=\"Tiempo de lectura\" \/>\n\t<meta name=\"twitter:data2\" content=\"2 minutos\" \/>\n<script type=\"application\/ld+json\" class=\"yoast-schema-graph\">{\"@context\":\"https:\/\/schema.org\",\"@graph\":[{\"@type\":\"Article\",\"@id\":\"https:\/\/www.pressenza.com\/es\/2023\/10\/3a-marcha-mundial-por-la-paz-y-la-noviolencia-presentada-en-malaga-espana\/#article\",\"isPartOf\":{\"@id\":\"https:\/\/www.pressenza.com\/es\/2023\/10\/3a-marcha-mundial-por-la-paz-y-la-noviolencia-presentada-en-malaga-espana\/\"},\"author\":{\"name\":\"Mundo sin Guerras y sin Violencia\",\"@id\":\"https:\/\/www.pressenza.com\/es\/#\/schema\/person\/d47d804d04b08f58c790fbabcbbf9670\"},\"headline\":\"3a Marcha Mundial por la Paz y la Noviolencia presentada en M\u00e1laga, Espa\u00f1a\",\"datePublished\":\"2023-10-04T23:46:14+00:00\",\"mainEntityOfPage\":{\"@id\":\"https:\/\/www.pressenza.com\/es\/2023\/10\/3a-marcha-mundial-por-la-paz-y-la-noviolencia-presentada-en-malaga-espana\/\"},\"wordCount\":358,\"publisher\":{\"@id\":\"https:\/\/www.pressenza.com\/es\/#organization\"},\"image\":{\"@id\":\"https:\/\/www.pressenza.com\/es\/2023\/10\/3a-marcha-mundial-por-la-paz-y-la-noviolencia-presentada-en-malaga-espana\/#primaryimage\"},\"thumbnailUrl\":\"https:\/\/www.pressenza.com\/wp-content\/uploads\/2023\/10\/Presentacion021023.jpg\",\"keywords\":[\"3a Marcha Mundial por la Paz y la Noviolencia\",\"Espa\u00f1a\",\"m\u00e1laga\"],\"articleSection\":[\"Comunicados de Prensa\",\"Contenido Original\",\"Europa\",\"Paz y Desarme\"],\"inLanguage\":\"es\"},{\"@type\":\"WebPage\",\"@id\":\"https:\/\/www.pressenza.com\/es\/2023\/10\/3a-marcha-mundial-por-la-paz-y-la-noviolencia-presentada-en-malaga-espana\/\",\"url\":\"https:\/\/www.pressenza.com\/es\/2023\/10\/3a-marcha-mundial-por-la-paz-y-la-noviolencia-presentada-en-malaga-espana\/\",\"name\":\"3a Marcha Mundial por la Paz y la Noviolencia presentada en M\u00e1laga, Espa\u00f1a\",\"isPartOf\":{\"@id\":\"https:\/\/www.pressenza.com\/es\/#website\"},\"primaryImageOfPage\":{\"@id\":\"https:\/\/www.pressenza.com\/es\/2023\/10\/3a-marcha-mundial-por-la-paz-y-la-noviolencia-presentada-en-malaga-espana\/#primaryimage\"},\"image\":{\"@id\":\"https:\/\/www.pressenza.com\/es\/2023\/10\/3a-marcha-mundial-por-la-paz-y-la-noviolencia-presentada-en-malaga-espana\/#primaryimage\"},\"thumbnailUrl\":\"https:\/\/www.pressenza.com\/wp-content\/uploads\/2023\/10\/Presentacion021023.jpg\",\"datePublished\":\"2023-10-04T23:46:14+00:00\",\"description\":\"El 2 de octubre, D\u00eda Internacional de la Noviolencia, se present\u00f3 en la Sociedad Econ\u00f3mica de Amigos del Pa\u00eds de la ciudad de M\u00e1laga, la 3\u00ba Marcha Mundial\",\"breadcrumb\":{\"@id\":\"https:\/\/www.pressenza.com\/es\/2023\/10\/3a-marcha-mundial-por-la-paz-y-la-noviolencia-presentada-en-malaga-espana\/#breadcrumb\"},\"inLanguage\":\"es\",\"potentialAction\":[{\"@type\":\"ReadAction\",\"target\":[\"https:\/\/www.pressenza.com\/es\/2023\/10\/3a-marcha-mundial-por-la-paz-y-la-noviolencia-presentada-en-malaga-espana\/\"]}]},{\"@type\":\"ImageObject\",\"inLanguage\":\"es\",\"@id\":\"https:\/\/www.pressenza.com\/es\/2023\/10\/3a-marcha-mundial-por-la-paz-y-la-noviolencia-presentada-en-malaga-espana\/#primaryimage\",\"url\":\"https:\/\/www.pressenza.com\/wp-content\/uploads\/2023\/10\/Presentacion021023.jpg\",\"contentUrl\":\"https:\/\/www.pressenza.com\/wp-content\/uploads\/2023\/10\/Presentacion021023.jpg\",\"width\":1000,\"height\":598},{\"@type\":\"BreadcrumbList\",\"@id\":\"https:\/\/www.pressenza.com\/es\/2023\/10\/3a-marcha-mundial-por-la-paz-y-la-noviolencia-presentada-en-malaga-espana\/#breadcrumb\",\"itemListElement\":[{\"@type\":\"ListItem\",\"position\":1,\"name\":\"Accueil\",\"item\":\"https:\/\/www.pressenza.com\/es\/\"},{\"@type\":\"ListItem\",\"position\":2,\"name\":\"3a Marcha Mundial por la Paz y la Noviolencia presentada en M\u00e1laga, Espa\u00f1a\"}]},{\"@type\":\"WebSite\",\"@id\":\"https:\/\/www.pressenza.com\/es\/#website\",\"url\":\"https:\/\/www.pressenza.com\/es\/\",\"name\":\"Pressenza\",\"description\":\"International Press Agency\",\"publisher\":{\"@id\":\"https:\/\/www.pressenza.com\/es\/#organization\"},\"potentialAction\":[{\"@type\":\"SearchAction\",\"target\":{\"@type\":\"EntryPoint\",\"urlTemplate\":\"https:\/\/www.pressenza.com\/es\/?s={search_term_string}\"},\"query-input\":{\"@type\":\"PropertyValueSpecification\",\"valueRequired\":true,\"valueName\":\"search_term_string\"}}],\"inLanguage\":\"es\"},{\"@type\":\"Organization\",\"@id\":\"https:\/\/www.pressenza.com\/es\/#organization\",\"name\":\"Pressenza\",\"url\":\"https:\/\/www.pressenza.com\/es\/\",\"logo\":{\"@type\":\"ImageObject\",\"inLanguage\":\"es\",\"@id\":\"https:\/\/www.pressenza.com\/es\/#\/schema\/logo\/image\/\",\"url\":\"https:\/\/www.pressenza.com\/wp-content\/uploads\/2022\/10\/pressenza_logo_200x200.jpg\",\"contentUrl\":\"https:\/\/www.pressenza.com\/wp-content\/uploads\/2022\/10\/pressenza_logo_200x200.jpg\",\"width\":200,\"height\":200,\"caption\":\"Pressenza\"},\"image\":{\"@id\":\"https:\/\/www.pressenza.com\/es\/#\/schema\/logo\/image\/\"},\"sameAs\":[\"https:\/\/www.facebook.com\/PressenzaItalia\",\"https:\/\/x.com\/PressenzaIPA\"]},{\"@type\":\"Person\",\"@id\":\"https:\/\/www.pressenza.com\/es\/#\/schema\/person\/d47d804d04b08f58c790fbabcbbf9670\",\"name\":\"Mundo sin Guerras y sin Violencia\",\"description\":\"World without Wars and Violence has been a non-profit organisation for more than 20 years and receives no funding from any government. It has \\\"Special Consultative Status\\\" with the UN Economic and Social Council. https:\/\/worldwwars.org\/\",\"sameAs\":[\"https:\/\/worldwwars.org\/\",\"https:\/\/www.facebook.com\/MundoSinGuerrasYSinViolencia\",\"https:\/\/x.com\/msgysv\"],\"url\":\"https:\/\/www.pressenza.com\/es\/author\/mundo-sin-guerras\/\"}]}<\/script>\n<!-- \/ Yoast SEO plugin. -->","yoast_head_json":{"title":"3a Marcha Mundial por la Paz y la Noviolencia presentada en M\u00e1laga, Espa\u00f1a","description":"El 2 de octubre, D\u00eda Internacional de la Noviolencia, se present\u00f3 en la Sociedad Econ\u00f3mica de Amigos del Pa\u00eds de la ciudad de M\u00e1laga, la 3\u00ba Marcha Mundial","robots":{"index":"index","follow":"follow","max-snippet":"max-snippet:-1","max-image-preview":"max-image-preview:large","max-video-preview":"max-video-preview:-1"},"canonical":"https:\/\/www.pressenza.com\/es\/2023\/10\/3a-marcha-mundial-por-la-paz-y-la-noviolencia-presentada-en-malaga-espana\/","og_locale":"es_ES","og_type":"article","og_title":"3a Marcha Mundial por la Paz y la Noviolencia presentada en M\u00e1laga, Espa\u00f1a","og_description":"El 2 de octubre, D\u00eda Internacional de la Noviolencia, se present\u00f3 en la Sociedad Econ\u00f3mica de Amigos del Pa\u00eds de la ciudad de M\u00e1laga, la 3\u00ba Marcha Mundial","og_url":"https:\/\/www.pressenza.com\/es\/2023\/10\/3a-marcha-mundial-por-la-paz-y-la-noviolencia-presentada-en-malaga-espana\/","og_site_name":"Pressenza","article_publisher":"https:\/\/www.facebook.com\/PressenzaItalia","article_author":"https:\/\/www.facebook.com\/MundoSinGuerrasYSinViolencia","article_published_time":"2023-10-04T23:46:14+00:00","og_image":[{"width":1000,"height":598,"url":"https:\/\/www.pressenza.com\/wp-content\/uploads\/2023\/10\/Presentacion021023.jpg","type":"image\/jpeg"}],"author":"Mundo sin Guerras y sin Violencia","twitter_card":"summary_large_image","twitter_creator":"@msgysv","twitter_site":"@PressenzaIPA","twitter_misc":{"Escrito por":"Mundo sin Guerras y sin Violencia","Tiempo de lectura":"2 minutos"},"schema":{"@context":"https:\/\/schema.org","@graph":[{"@type":"Article","@id":"https:\/\/www.pressenza.com\/es\/2023\/10\/3a-marcha-mundial-por-la-paz-y-la-noviolencia-presentada-en-malaga-espana\/#article","isPartOf":{"@id":"https:\/\/www.pressenza.com\/es\/2023\/10\/3a-marcha-mundial-por-la-paz-y-la-noviolencia-presentada-en-malaga-espana\/"},"author":{"name":"Mundo sin Guerras y sin Violencia","@id":"https:\/\/www.pressenza.com\/es\/#\/schema\/person\/d47d804d04b08f58c790fbabcbbf9670"},"headline":"3a Marcha Mundial por la Paz y la Noviolencia presentada en M\u00e1laga, Espa\u00f1a","datePublished":"2023-10-04T23:46:14+00:00","mainEntityOfPage":{"@id":"https:\/\/www.pressenza.com\/es\/2023\/10\/3a-marcha-mundial-por-la-paz-y-la-noviolencia-presentada-en-malaga-espana\/"},"wordCount":358,"publisher":{"@id":"https:\/\/www.pressenza.com\/es\/#organization"},"image":{"@id":"https:\/\/www.pressenza.com\/es\/2023\/10\/3a-marcha-mundial-por-la-paz-y-la-noviolencia-presentada-en-malaga-espana\/#primaryimage"},"thumbnailUrl":"https:\/\/www.pressenza.com\/wp-content\/uploads\/2023\/10\/Presentacion021023.jpg","keywords":["3a Marcha Mundial por la Paz y la Noviolencia","Espa\u00f1a","m\u00e1laga"],"articleSection":["Comunicados de Prensa","Contenido Original","Europa","Paz y Desarme"],"inLanguage":"es"},{"@type":"WebPage","@id":"https:\/\/www.pressenza.com\/es\/2023\/10\/3a-marcha-mundial-por-la-paz-y-la-noviolencia-presentada-en-malaga-espana\/","url":"https:\/\/www.pressenza.com\/es\/2023\/10\/3a-marcha-mundial-por-la-paz-y-la-noviolencia-presentada-en-malaga-espana\/","name":"3a Marcha Mundial por la Paz y la Noviolencia presentada en M\u00e1laga, Espa\u00f1a","isPartOf":{"@id":"https:\/\/www.pressenza.com\/es\/#website"},"primaryImageOfPage":{"@id":"https:\/\/www.pressenza.com\/es\/2023\/10\/3a-marcha-mundial-por-la-paz-y-la-noviolencia-presentada-en-malaga-espana\/#primaryimage"},"image":{"@id":"https:\/\/www.pressenza.com\/es\/2023\/10\/3a-marcha-mundial-por-la-paz-y-la-noviolencia-presentada-en-malaga-espana\/#primaryimage"},"thumbnailUrl":"https:\/\/www.pressenza.com\/wp-content\/uploads\/2023\/10\/Presentacion021023.jpg","datePublished":"2023-10-04T23:46:14+00:00","description":"El 2 de octubre, D\u00eda Internacional de la Noviolencia, se present\u00f3 en la Sociedad Econ\u00f3mica de Amigos del Pa\u00eds de la ciudad de M\u00e1laga, la 3\u00ba Marcha Mundial","breadcrumb":{"@id":"https:\/\/www.pressenza.com\/es\/2023\/10\/3a-marcha-mundial-por-la-paz-y-la-noviolencia-presentada-en-malaga-espana\/#breadcrumb"},"inLanguage":"es","potentialAction":[{"@type":"ReadAction","target":["https:\/\/www.pressenza.com\/es\/2023\/10\/3a-marcha-mundial-por-la-paz-y-la-noviolencia-presentada-en-malaga-espana\/"]}]},{"@type":"ImageObject","inLanguage":"es","@id":"https:\/\/www.pressenza.com\/es\/2023\/10\/3a-marcha-mundial-por-la-paz-y-la-noviolencia-presentada-en-malaga-espana\/#primaryimage","url":"https:\/\/www.pressenza.com\/wp-content\/uploads\/2023\/10\/Presentacion021023.jpg","contentUrl":"https:\/\/www.pressenza.com\/wp-content\/uploads\/2023\/10\/Presentacion021023.jpg","width":1000,"height":598},{"@type":"BreadcrumbList","@id":"https:\/\/www.pressenza.com\/es\/2023\/10\/3a-marcha-mundial-por-la-paz-y-la-noviolencia-presentada-en-malaga-espana\/#breadcrumb","itemListElement":[{"@type":"ListItem","position":1,"name":"Accueil","item":"https:\/\/www.pressenza.com\/es\/"},{"@type":"ListItem","position":2,"name":"3a Marcha Mundial por la Paz y la Noviolencia presentada en M\u00e1laga, Espa\u00f1a"}]},{"@type":"WebSite","@id":"https:\/\/www.pressenza.com\/es\/#website","url":"https:\/\/www.pressenza.com\/es\/","name":"Pressenza","description":"International Press Agency","publisher":{"@id":"https:\/\/www.pressenza.com\/es\/#organization"},"potentialAction":[{"@type":"SearchAction","target":{"@type":"EntryPoint","urlTemplate":"https:\/\/www.pressenza.com\/es\/?s={search_term_string}"},"query-input":{"@type":"PropertyValueSpecification","valueRequired":true,"valueName":"search_term_string"}}],"inLanguage":"es"},{"@type":"Organization","@id":"https:\/\/www.pressenza.com\/es\/#organization","name":"Pressenza","url":"https:\/\/www.pressenza.com\/es\/","logo":{"@type":"ImageObject","inLanguage":"es","@id":"https:\/\/www.pressenza.com\/es\/#\/schema\/logo\/image\/","url":"https:\/\/www.pressenza.com\/wp-content\/uploads\/2022\/10\/pressenza_logo_200x200.jpg","contentUrl":"https:\/\/www.pressenza.com\/wp-content\/uploads\/2022\/10\/pressenza_logo_200x200.jpg","width":200,"height":200,"caption":"Pressenza"},"image":{"@id":"https:\/\/www.pressenza.com\/es\/#\/schema\/logo\/image\/"},"sameAs":["https:\/\/www.facebook.com\/PressenzaItalia","https:\/\/x.com\/PressenzaIPA"]},{"@type":"Person","@id":"https:\/\/www.pressenza.com\/es\/#\/schema\/person\/d47d804d04b08f58c790fbabcbbf9670","name":"Mundo sin Guerras y sin Violencia","description":"World without Wars and Violence has been a non-profit organisation for more than 20 years and receives no funding from any government. It has \"Special Consultative Status\" with the UN Economic and Social Council. https:\/\/worldwwars.org\/","sameAs":["https:\/\/worldwwars.org\/","https:\/\/www.facebook.com\/MundoSinGuerrasYSinViolencia","https:\/\/x.com\/msgysv"],"url":"https:\/\/www.pressenza.com\/es\/author\/mundo-sin-guerras\/"}]}},"place":"M\u00e1laga, Espa\u00f1a","original_article_url":"","_links":{"self":[{"href":"https:\/\/www.pressenza.com\/es\/wp-json\/wp\/v2\/posts\/1771804","targetHints":{"allow":["GET"]}}],"collection":[{"href":"https:\/\/www.pressenza.com\/es\/wp-json\/wp\/v2\/posts"}],"about":[{"href":"https:\/\/www.pressenza.com\/es\/wp-json\/wp\/v2\/types\/post"}],"author":[{"embeddable":true,"href":"https:\/\/www.pressenza.com\/es\/wp-json\/wp\/v2\/users\/634"}],"replies":[{"embeddable":true,"href":"https:\/\/www.pressenza.com\/es\/wp-json\/wp\/v2\/comments?post=1771804"}],"version-history":[{"count":0,"href":"https:\/\/www.pressenza.com\/es\/wp-json\/wp\/v2\/posts\/1771804\/revisions"}],"wp:featuredmedia":[{"embeddable":true,"href":"https:\/\/www.pressenza.com\/es\/wp-json\/wp\/v2\/media\/1771805"}],"wp:attachment":[{"href":"https:\/\/www.pressenza.com\/es\/wp-json\/wp\/v2\/media?parent=1771804"}],"wp:term":[{"taxonomy":"category","embeddable":true,"href":"https:\/\/www.pressenza.com\/es\/wp-json\/wp\/v2\/categories?post=1771804"},{"taxonomy":"post_tag","embeddable":true,"href":"https:\/\/www.pressenza.com\/es\/wp-json\/wp\/v2\/tags?post=1771804"}],"curies":[{"name":"wp","href":"https:\/\/api.w.org\/{rel}","templated":true}]}}