{"id":1768170,"date":"2023-09-29T16:22:58","date_gmt":"2023-09-29T15:22:58","guid":{"rendered":"https:\/\/www.pressenza.com\/?p=1768170"},"modified":"2023-09-29T16:22:58","modified_gmt":"2023-09-29T15:22:58","slug":"la-guerra-como-inversion-y-tema-central-de-la-disputa-por-la-casa-blanca","status":"publish","type":"post","link":"https:\/\/www.pressenza.com\/es\/2023\/09\/la-guerra-como-inversion-y-tema-central-de-la-disputa-por-la-casa-blanca\/","title":{"rendered":"La guerra como inversi\u00f3n y tema central de la disputa por la Casa Blanca"},"content":{"rendered":"<p>El\u00a0panorama pol\u00edtico estadounidense est\u00e1 condicionado por las elecciones presidenciales del a\u00f1o que viene. Si bien EEUU es considerada como la \u00fanica potencia capaz de forzar la paz, en la lucha electoral\u00a0interna apuntan hacia una din\u00e1mica de guerra;\u00a0a la escalada en el conflicto abierto en Ucrania y la profundizaci\u00f3n del conflicto latente en Asia oriental.<\/p>\n<p>Al frente del gran imperio est\u00e1 la p\u00e1lida figura de un presidente senil, con el que los medios se hubieran deleitado si gobernara en Rusia, China o Corea del Norte. Segunda al mando de Joe Biden, Kamala Harris, demostr\u00f3\u00a0su incompetencia, al igual que el tr\u00edo que maneja el dossier ucraniano: el secretario de Estado Anthony Blinken, el consejero de Seguridad Nacional Jack Sullivan y la subsecretaria de Estado Victoria Nuland.<\/p>\n<p>Las cosas no est\u00e1n mejor en el campo republicano, donde Donald Trump impone su candidatura, a pesar de la edad y de sus problemas con la justicia:\u00a0seis juicios simult\u00e1neos y 93 cargos civiles y penales encima.<\/p>\n<p>Para peor, quienes manejan el gobierno est\u00e1n inmersos en la guerra interna del establishment, con el cruce de acciones judiciales para\u00a0meter en la c\u00e1rcel al candidato adversario, \u00a0criminaliz\u00e1ndose\u00a0mutuamente,\u00a0convencidos de que si pierden las elecciones ser\u00e1n juzgados, y por ende\u00a0no pueden perderlas. La alerta est\u00e1 encendida: sumada a la una recesi\u00f3n, esa presi\u00f3n podr\u00eda convertir el escenario de una guerra abierta con Rusia en el gran recurso de supervivencia para la administraci\u00f3n Biden.<\/p>\n<p>Todo vale en la lucha por el sill\u00f3n de la Casa Blanca. El presidente Biden se convirti\u00f3 esta semana\u00a0en el primer presidente estadounidense en funciones en unirse a un piquete. En la ciudad de Wayne, Michigan, expres\u00f3 su apoyo a los trabajadores automotrices en\u00a0huelga contra los tres mayores fabricantes de autom\u00f3viles: Ford, General Motors y Stellantis.<\/p>\n<p>\u201cLo cierto es que ustedes, el sindicato, salvaron la industria automotriz en\u00a02008 e incluso antes. Ustedes hicieron muchos sacrificios y debieron renunciar a muchas cosas. Y las empresas estaban en problemas. Pero ahora les est\u00e1 yendo incre\u00edblemente bien. Y, \u00bfsaben qu\u00e9? A ustedes tambi\u00e9n les deber\u00eda ir incre\u00edblemente bien. Es una propuesta sencilla. Solo se trata de ser justo. Mant\u00e9nganse firmes, porque se merecen el aumento significativo que necesitan, al igual que los otros beneficios\u201d, dijo.<\/p>\n<p>El senador \u201cdem\u00f3crata\u201d Bob Menendez, fervoroso conspirador contra los gobiernos de Venezuela y Cuba -entre otros, claro-,\u00a0se declar\u00f3 inocente de los cargos de aceptar sobornos de tres empresarios de Nueva Jersey, mientras m\u00e1s de la mitad de los senadores dem\u00f3cratas \u2013incluido Cory Booker, el m\u00e1s joven, de Nueva Jersey\u2013arreciaban los llamados a su dimisi\u00f3n\u00a0para que no influyera en las elecciones.<\/p>\n<p>Los fiscales federales de Manhattan acusaron la semana pasada a Menendez, de 69 a\u00f1os, y a su esposa, Nadine, de corrupci\u00f3n, por aceptar lingotes de oro y cientos de miles de d\u00f3lares en efectivo a cambio de que el senador utilizara su influencia para ayudar al gobierno de Egipto e interferir en investigaciones policiales sobre empresarios.\u00a0Es la tercera vez que el senador es investigado por la fiscal\u00eda federal, pero nunca fue\u00a0condenado, y eso no es sorprendente.<\/p>\n<p>Cuba est\u00e1 incluida en la lista de pa\u00edses patrocinadores del terrorismo que elabora cada a\u00f1o el gobierno de Estados Unidos, n\u00f3mina alentada por Bob Men\u00e9ndez. Si bien la lista se impuso en el gobierno de Donald Trump,\u00a0Joseph Biden\u00a0lo\u00a0ha mantenido hasta hoy, a sabiendas que implica graves obst\u00e1culos para el comercio y el acceso a finanzas, adem\u00e1s de endurecer el ya asfixiante r\u00e9gimen de sanciones que Washington impone a los cubanos\u00a0(y venezolanos).<\/p>\n<p>El problema parece ser\u00a0el terrorismo end\u00f3geno.\u00a0El \u00faltimo domingo\u00a0se setiembre\u00a0las c\u00e1maras de seguridad de la embajada de Cuba en Washington captaron a un hombre vestido de negro que se detuvo en la acera; prendi\u00f3 fuego a dos botellas con combustible y las lanz\u00f3 por encima de la verja de seguridad de la misi\u00f3n diplom\u00e1tica. Los cocteles Molotov impactaron contra la ventana del edificio. Tampoco\u00a0es la primera vez que ocurre un acto semejante.<\/p>\n<p>Dos semanas antes, la joven congresista\u00a0Alexandria Ocasio-Cortez, de ascedencia puertorrique\u00f1a, \u00a0apunt\u00f3 contra <a href=\"https:\/\/www.ambito.com\/informacion-general\/joe-lewis-y-la-causa-corrupcion-eeuu-gobierno-argentino-aporto-informacion-tribunales-nueva-york-n5817979\" data-saferedirecturl=\"https:\/\/www.google.com\/url?q=https:\/\/www.ambito.com\/informacion-general\/joe-lewis-y-la-causa-corrupcion-eeuu-gobierno-argentino-aporto-informacion-tribunales-nueva-york-n5817979&amp;source=gmail&amp;ust=1696084589884000&amp;usg=AOvVaw2VcxbKNEcYb-TbkpZ3ukFz\">la corrupci\u00f3n en su pa\u00eds<\/a>\u00a0y acus\u00f3 al juez de la\u00a0Corte Suprema\u00a0\u00a0Samuel Alito de haber fallado en contra de Argentina -en la causa de los fondos buitre-\u00a0por intereses personales, en favor de Paul Singer, quien le sufrag\u00f3, entre otras cosas, un viaje de pesca de unos 200 mil d\u00f3lares.<\/p>\n<p>A\u00f1adi\u00f3 que Singer, que gan\u00f3 2.400 millones de d\u00f3lares en ese juicio, \u201chizo negocios con la Corte por lo menos diez veces y la prensa legal y los medios de comunicaci\u00f3n ocultaron su participaci\u00f3n\u00bb.\u00a0Coralario: el fiscal federal del Distrito Sur de Nueva York, Preet Bharara, conocido por combatir el fraude financiero en Wall Street y que respald\u00f3 a Argentina en su lucha judicial contra los fondos buitre, fue destituido por el gobierno de Donald Trump tras haberse resistido a presentar su renuncia.<\/p>\n<p>\u00abTenemos una <a href=\"https:\/\/www.ambito.com\/politica\/corrupcion\/ranking-mundial-que-puesto-esta-argentina-n5640985\" data-saferedirecturl=\"https:\/\/www.google.com\/url?q=https:\/\/www.ambito.com\/politica\/corrupcion\/ranking-mundial-que-puesto-esta-argentina-n5640985&amp;source=gmail&amp;ust=1696084589884000&amp;usg=AOvVaw2EGavAkQpgF6KbyvjrzKkK\">corrupci\u00f3n extraordinaria<\/a>\u00a0y una compra al por mayor de miembros de la Corte Suprema. Tambi\u00e9n me da risa lo que reci\u00e9n escuchamos del lado republicano: &#8216;\u00bfPor qu\u00e9 queremos hablar de esto?&#8217; Porque las mujeres perdieron el derecho a decidir, porque comunidades ind\u00edgenas perdieron derechos, porque las minor\u00edas perdieron derechos, porque los trabajadores en todo el pa\u00eds perdieron derechos por este nivel de corrupci\u00f3n\u00bb.<\/p>\n<p><strong><b>Matar la memoria<\/b><\/strong><\/p>\n<p>El poder en Estados Unidos\u00a0apuesta a la ceguera colectiva y por lo tanto intentos para abrir los ojos de la memoria son peligrosos.\u00a0Los temas m\u00e1s debatidos son la recuperaci\u00f3n imperial fallida de EEUU -el fracaso de las varias estrategias impulsadas por Trump y Joe Biden-, aumentan las fracturas internas, y sigue la discusi\u00f3n entre ocaso, supremac\u00eda o trasnacionalizaci\u00f3n y la indefinici\u00f3n imperial contempor\u00e1nea.<\/p>\n<p>No hay caminos prefijados y las resoluciones de las contradicciones dial\u00e9cticas tienen que ver con cambiantes correlaciones de fuerzas, dejando en el camino las teor\u00edas de la sucesi\u00f3n hegem\u00f3nica (China reemplazar\u00eda a EEUU, como antes \u00e9ste desplaz\u00f3 al Reino Unido) y los casos del alterimperialismo del Reino Unido y Francia, as\u00ed como las variantes de co-imperialismo que encarnan Australia, Canad\u00e1 o Israel.<\/p>\n<p>Dejemos que el periodista trumpista Tucker Carlson, sea quien resuma\u00a0la situaci\u00f3n: \u201cYa hemos perdido el control del mundo, ahora vamos a perder el control y el dominio mundial del d\u00f3lar, y cuando eso ocurra tendremos pobreza a nivel de la Gran Depresi\u00f3n. Ya estamos en guerra con Rusia, financiamos y armamos a sus enemigos, pero podemos ir a una guerra directa, podr\u00edamos hacer un \u2018Golfo de Tonkin\u2019 en Polonia (el falso incidente fabricado para justificar la intervenci\u00f3n en Vietnam) y decir \u2018lo hicieron los rusos\u2019\u201d.<\/p>\n<p><strong><b>Sin empleo, \u00bfsin esperanza?<\/b><\/strong><\/p>\n<p>El gasto en Estados Unidos se est\u00e1 reduciendo a medida que la econom\u00eda se desacelera, seg\u00fan los datos del \u00faltimo informe del Departamento de Comercio. Por otro lado, funcionarios de la Reserva Federal (el banco central) estiman que hasta 2025 no se lograr\u00e1 el objetivo de que la inflaci\u00f3n caiga a 2%.<\/p>\n<p>Los banqueros de Wall Street, los inversores y los economistas llevan meses debatiendo si se avecina una recesi\u00f3n, pero para la mayor\u00eda de los estadounidenses, el implacable dolor econ\u00f3mico t\u00edpico de la recesi\u00f3n ya toc\u00f3 a su puerta.<\/p>\n<p>La Reserva Federal subi\u00f3 las tasas de inter\u00e9s para controlar la inflaci\u00f3n. Esto hizo que las empresas se centraran m\u00e1s en la rentabilidad que en el crecimiento, lo que se tradujo en recortes del gasto y reducciones de plantilla.\u00a0Desde entonces se han producido decenas de miles de despidos.<\/p>\n<p>El impacto de los despidos, que actualmente se concentran en los trabajadores administrativos, repercutir\u00e1 en toda la econom\u00eda a trav\u00e9s de un gran retroceso del gasto global. El gasto de los consumidores representa aproximadamente dos tercios de la producci\u00f3n econ\u00f3mica.<\/p>\n<p>Para muchos estadounidenses, no es la primera vez que son despedidos\u00a0y quedan sin salario ni seguro m\u00e9dico. Las empresas recortaron sus plantillas tras el inicio de la pandemia de covid en 2020, cuando las empresas cerraron y los estadounidenses se quedaron en casa.\u00a0Pero la culpa no parece ser de la pandemia: casi 50 millones de personas tambi\u00e9n dejaron su trabajo durante los dos a\u00f1os siguientes al inicio de la pandemia. Y ahora no existe un mercado laboral caliente.<\/p>\n<p>Richard Blumenthal, senador dem\u00f3crata,\u00a0lanz\u00f3\u00a0un discurso explicando a los ciudadanos que, \u00aben Ucrania, su dinero vale la pena\u00bb. \u201cEl Ej\u00e9rcito ruso se ha reducido a la mitad. Su fuerza se ha reducido en un 50% sin la p\u00e9rdida de un solo soldado estadounidense y con menos del 3% de nuestro presupuesto militar. Es toda una ganga en t\u00e9rminos militares\u00bb, asever\u00f3.<\/p>\n<p>\u00abUcrania no podr\u00eda haber sobrevivido sin Estados Unidos y nuestros aliados\u00bb, puso el senador en su boca las palabras que le dijo el a\u00fan presidente ucraniano Vlodomir Zelenski.\u00a0Pero en la carrera de las elecciones presidenciales de 2024, cortar las ayudas militares puede ser letal para Ucrania\u00a0y\u00a0puede hacer peligrar el entramado b\u00e9lico de tanques, munici\u00f3n, aviones y artiller\u00eda que llega al frente.<\/p>\n<p>Para Blumenthal\u00a0no hay duda de que es rentable para EEUU ayudar a Ucrania: \u00abIncluso los estadounidenses que no tienen ning\u00fan inter\u00e9s particular en la libertad y la independencia de las democracias en todo el mundo deber\u00edan estar satisfechos de que estamos obteniendo el valor de nuestro dinero en nuestra inversi\u00f3n en Ucrania\u00bb,<\/p>\n<p>Desde el inicio de la guerra en Ucrania, Estados Unidos ha destinado 1.300 millones de d\u00f3lares a Ucrania, incluyendo asistencia civil y militar\u00a0(\u00e9sta en buena parte destinados a su propia industria militar), sin preocuparse -dem\u00f3cratas o republicanos- de sus ciudadanos sin empleo, sin casa, casi sin futuro. \u00bfLa guerra es una inversi\u00f3n?<\/p>\n<p>&nbsp;<\/p>\n","protected":false},"excerpt":{"rendered":"<p>El\u00a0panorama pol\u00edtico estadounidense est\u00e1 condicionado por las elecciones presidenciales del a\u00f1o que viene. Si bien EEUU es considerada como la \u00fanica potencia capaz de forzar la paz, en la lucha electoral\u00a0interna apuntan hacia una din\u00e1mica de guerra;\u00a0a la escalada en&hellip;<\/p>\n","protected":false},"author":1415,"featured_media":1768174,"comment_status":"closed","ping_status":"closed","sticky":false,"template":"","format":"standard","meta":{"footnotes":""},"categories":[68,161,74],"tags":[45858,25705,116532,35448],"class_list":["post-1768170","post","type-post","status-publish","format-standard","has-post-thumbnail","hentry","category-norteamerica","category-opiniones","category-politica-es","tag-belicismo","tag-eeuu","tag-gasto-armamentista","tag-hegemonia"],"yoast_head":"<!-- This site is optimized with the Yoast SEO plugin v27.1.1 - https:\/\/yoast.com\/product\/yoast-seo-wordpress\/ -->\n<title>La guerra como inversi\u00f3n y tema central de la disputa por la Casa Blanca<\/title>\n<meta name=\"description\" content=\"El\u00a0panorama pol\u00edtico estadounidense est\u00e1 condicionado por las elecciones presidenciales del a\u00f1o que viene. Si bien EEUU es considerada como la \u00fanica\" \/>\n<meta name=\"robots\" content=\"index, follow, max-snippet:-1, max-image-preview:large, max-video-preview:-1\" \/>\n<link rel=\"canonical\" href=\"https:\/\/www.pressenza.com\/es\/2023\/09\/la-guerra-como-inversion-y-tema-central-de-la-disputa-por-la-casa-blanca\/\" \/>\n<meta property=\"og:locale\" content=\"es_ES\" \/>\n<meta property=\"og:type\" content=\"article\" \/>\n<meta property=\"og:title\" content=\"La guerra como inversi\u00f3n y tema central de la disputa por la Casa Blanca\" \/>\n<meta property=\"og:description\" content=\"El\u00a0panorama pol\u00edtico estadounidense est\u00e1 condicionado por las elecciones presidenciales del a\u00f1o que viene. Si bien EEUU es considerada como la \u00fanica\" \/>\n<meta property=\"og:url\" content=\"https:\/\/www.pressenza.com\/es\/2023\/09\/la-guerra-como-inversion-y-tema-central-de-la-disputa-por-la-casa-blanca\/\" \/>\n<meta property=\"og:site_name\" content=\"Pressenza\" \/>\n<meta property=\"article:publisher\" content=\"https:\/\/www.facebook.com\/PressenzaItalia\" \/>\n<meta property=\"article:published_time\" content=\"2023-09-29T15:22:58+00:00\" \/>\n<meta property=\"og:image\" content=\"https:\/\/www.pressenza.com\/wp-content\/uploads\/2023\/09\/helicoptero-casa-blanca.jpg\" \/>\n\t<meta property=\"og:image:width\" content=\"598\" \/>\n\t<meta property=\"og:image:height\" content=\"440\" \/>\n\t<meta property=\"og:image:type\" content=\"image\/jpeg\" \/>\n<meta name=\"author\" content=\"Aram Aharonian\" \/>\n<meta name=\"twitter:card\" content=\"summary_large_image\" \/>\n<meta name=\"twitter:creator\" content=\"@PressenzaIPA\" \/>\n<meta name=\"twitter:site\" content=\"@PressenzaIPA\" \/>\n<meta name=\"twitter:label1\" content=\"Escrito por\" \/>\n\t<meta name=\"twitter:data1\" content=\"Aram Aharonian\" \/>\n\t<meta name=\"twitter:label2\" content=\"Tiempo de lectura\" \/>\n\t<meta name=\"twitter:data2\" content=\"8 minutos\" \/>\n<script type=\"application\/ld+json\" class=\"yoast-schema-graph\">{\"@context\":\"https:\/\/schema.org\",\"@graph\":[{\"@type\":\"Article\",\"@id\":\"https:\/\/www.pressenza.com\/es\/2023\/09\/la-guerra-como-inversion-y-tema-central-de-la-disputa-por-la-casa-blanca\/#article\",\"isPartOf\":{\"@id\":\"https:\/\/www.pressenza.com\/es\/2023\/09\/la-guerra-como-inversion-y-tema-central-de-la-disputa-por-la-casa-blanca\/\"},\"author\":{\"name\":\"Aram Aharonian\",\"@id\":\"https:\/\/www.pressenza.com\/es\/#\/schema\/person\/777c39c93856c085c6d5931778fbf85f\"},\"headline\":\"La guerra como inversi\u00f3n y tema central de la disputa por la Casa Blanca\",\"datePublished\":\"2023-09-29T15:22:58+00:00\",\"mainEntityOfPage\":{\"@id\":\"https:\/\/www.pressenza.com\/es\/2023\/09\/la-guerra-como-inversion-y-tema-central-de-la-disputa-por-la-casa-blanca\/\"},\"wordCount\":1703,\"publisher\":{\"@id\":\"https:\/\/www.pressenza.com\/es\/#organization\"},\"image\":{\"@id\":\"https:\/\/www.pressenza.com\/es\/2023\/09\/la-guerra-como-inversion-y-tema-central-de-la-disputa-por-la-casa-blanca\/#primaryimage\"},\"thumbnailUrl\":\"https:\/\/www.pressenza.com\/wp-content\/uploads\/2023\/09\/helicoptero-casa-blanca.jpg\",\"keywords\":[\"belicismo\",\"EEUU\",\"gasto armamentista\",\"hegemon\u00eda\"],\"articleSection\":[\"Norteam\u00e9rica\",\"Opiniones\",\"Pol\u00edtica\"],\"inLanguage\":\"es\"},{\"@type\":\"WebPage\",\"@id\":\"https:\/\/www.pressenza.com\/es\/2023\/09\/la-guerra-como-inversion-y-tema-central-de-la-disputa-por-la-casa-blanca\/\",\"url\":\"https:\/\/www.pressenza.com\/es\/2023\/09\/la-guerra-como-inversion-y-tema-central-de-la-disputa-por-la-casa-blanca\/\",\"name\":\"La guerra como inversi\u00f3n y tema central de la disputa por la Casa Blanca\",\"isPartOf\":{\"@id\":\"https:\/\/www.pressenza.com\/es\/#website\"},\"primaryImageOfPage\":{\"@id\":\"https:\/\/www.pressenza.com\/es\/2023\/09\/la-guerra-como-inversion-y-tema-central-de-la-disputa-por-la-casa-blanca\/#primaryimage\"},\"image\":{\"@id\":\"https:\/\/www.pressenza.com\/es\/2023\/09\/la-guerra-como-inversion-y-tema-central-de-la-disputa-por-la-casa-blanca\/#primaryimage\"},\"thumbnailUrl\":\"https:\/\/www.pressenza.com\/wp-content\/uploads\/2023\/09\/helicoptero-casa-blanca.jpg\",\"datePublished\":\"2023-09-29T15:22:58+00:00\",\"description\":\"El\u00a0panorama pol\u00edtico estadounidense est\u00e1 condicionado por las elecciones presidenciales del a\u00f1o que viene. Si bien EEUU es considerada como la \u00fanica\",\"breadcrumb\":{\"@id\":\"https:\/\/www.pressenza.com\/es\/2023\/09\/la-guerra-como-inversion-y-tema-central-de-la-disputa-por-la-casa-blanca\/#breadcrumb\"},\"inLanguage\":\"es\",\"potentialAction\":[{\"@type\":\"ReadAction\",\"target\":[\"https:\/\/www.pressenza.com\/es\/2023\/09\/la-guerra-como-inversion-y-tema-central-de-la-disputa-por-la-casa-blanca\/\"]}]},{\"@type\":\"ImageObject\",\"inLanguage\":\"es\",\"@id\":\"https:\/\/www.pressenza.com\/es\/2023\/09\/la-guerra-como-inversion-y-tema-central-de-la-disputa-por-la-casa-blanca\/#primaryimage\",\"url\":\"https:\/\/www.pressenza.com\/wp-content\/uploads\/2023\/09\/helicoptero-casa-blanca.jpg\",\"contentUrl\":\"https:\/\/www.pressenza.com\/wp-content\/uploads\/2023\/09\/helicoptero-casa-blanca.jpg\",\"width\":598,\"height\":440},{\"@type\":\"BreadcrumbList\",\"@id\":\"https:\/\/www.pressenza.com\/es\/2023\/09\/la-guerra-como-inversion-y-tema-central-de-la-disputa-por-la-casa-blanca\/#breadcrumb\",\"itemListElement\":[{\"@type\":\"ListItem\",\"position\":1,\"name\":\"Accueil\",\"item\":\"https:\/\/www.pressenza.com\/es\/\"},{\"@type\":\"ListItem\",\"position\":2,\"name\":\"La guerra como inversi\u00f3n y tema central de la disputa por la Casa Blanca\"}]},{\"@type\":\"WebSite\",\"@id\":\"https:\/\/www.pressenza.com\/es\/#website\",\"url\":\"https:\/\/www.pressenza.com\/es\/\",\"name\":\"Pressenza\",\"description\":\"International Press Agency\",\"publisher\":{\"@id\":\"https:\/\/www.pressenza.com\/es\/#organization\"},\"potentialAction\":[{\"@type\":\"SearchAction\",\"target\":{\"@type\":\"EntryPoint\",\"urlTemplate\":\"https:\/\/www.pressenza.com\/es\/?s={search_term_string}\"},\"query-input\":{\"@type\":\"PropertyValueSpecification\",\"valueRequired\":true,\"valueName\":\"search_term_string\"}}],\"inLanguage\":\"es\"},{\"@type\":\"Organization\",\"@id\":\"https:\/\/www.pressenza.com\/es\/#organization\",\"name\":\"Pressenza\",\"url\":\"https:\/\/www.pressenza.com\/es\/\",\"logo\":{\"@type\":\"ImageObject\",\"inLanguage\":\"es\",\"@id\":\"https:\/\/www.pressenza.com\/es\/#\/schema\/logo\/image\/\",\"url\":\"https:\/\/www.pressenza.com\/wp-content\/uploads\/2022\/10\/pressenza_logo_200x200.jpg\",\"contentUrl\":\"https:\/\/www.pressenza.com\/wp-content\/uploads\/2022\/10\/pressenza_logo_200x200.jpg\",\"width\":200,\"height\":200,\"caption\":\"Pressenza\"},\"image\":{\"@id\":\"https:\/\/www.pressenza.com\/es\/#\/schema\/logo\/image\/\"},\"sameAs\":[\"https:\/\/www.facebook.com\/PressenzaItalia\",\"https:\/\/x.com\/PressenzaIPA\"]},{\"@type\":\"Person\",\"@id\":\"https:\/\/www.pressenza.com\/es\/#\/schema\/person\/777c39c93856c085c6d5931778fbf85f\",\"name\":\"Aram Aharonian\",\"description\":\"Magister en Integraci\u00f3n, periodista y docente uruguayo, fundador de Telesur, director del Observatorio en Comunicaci\u00f3n y Democracia, presidente de la Fundaci\u00f3n para la Integraci\u00f3n Latinoamericana.\",\"url\":\"https:\/\/www.pressenza.com\/es\/author\/aram-aharonian\/\"}]}<\/script>\n<!-- \/ Yoast SEO plugin. -->","yoast_head_json":{"title":"La guerra como inversi\u00f3n y tema central de la disputa por la Casa Blanca","description":"El\u00a0panorama pol\u00edtico estadounidense est\u00e1 condicionado por las elecciones presidenciales del a\u00f1o que viene. Si bien EEUU es considerada como la \u00fanica","robots":{"index":"index","follow":"follow","max-snippet":"max-snippet:-1","max-image-preview":"max-image-preview:large","max-video-preview":"max-video-preview:-1"},"canonical":"https:\/\/www.pressenza.com\/es\/2023\/09\/la-guerra-como-inversion-y-tema-central-de-la-disputa-por-la-casa-blanca\/","og_locale":"es_ES","og_type":"article","og_title":"La guerra como inversi\u00f3n y tema central de la disputa por la Casa Blanca","og_description":"El\u00a0panorama pol\u00edtico estadounidense est\u00e1 condicionado por las elecciones presidenciales del a\u00f1o que viene. Si bien EEUU es considerada como la \u00fanica","og_url":"https:\/\/www.pressenza.com\/es\/2023\/09\/la-guerra-como-inversion-y-tema-central-de-la-disputa-por-la-casa-blanca\/","og_site_name":"Pressenza","article_publisher":"https:\/\/www.facebook.com\/PressenzaItalia","article_published_time":"2023-09-29T15:22:58+00:00","og_image":[{"width":598,"height":440,"url":"https:\/\/www.pressenza.com\/wp-content\/uploads\/2023\/09\/helicoptero-casa-blanca.jpg","type":"image\/jpeg"}],"author":"Aram Aharonian","twitter_card":"summary_large_image","twitter_creator":"@PressenzaIPA","twitter_site":"@PressenzaIPA","twitter_misc":{"Escrito por":"Aram Aharonian","Tiempo de lectura":"8 minutos"},"schema":{"@context":"https:\/\/schema.org","@graph":[{"@type":"Article","@id":"https:\/\/www.pressenza.com\/es\/2023\/09\/la-guerra-como-inversion-y-tema-central-de-la-disputa-por-la-casa-blanca\/#article","isPartOf":{"@id":"https:\/\/www.pressenza.com\/es\/2023\/09\/la-guerra-como-inversion-y-tema-central-de-la-disputa-por-la-casa-blanca\/"},"author":{"name":"Aram Aharonian","@id":"https:\/\/www.pressenza.com\/es\/#\/schema\/person\/777c39c93856c085c6d5931778fbf85f"},"headline":"La guerra como inversi\u00f3n y tema central de la disputa por la Casa Blanca","datePublished":"2023-09-29T15:22:58+00:00","mainEntityOfPage":{"@id":"https:\/\/www.pressenza.com\/es\/2023\/09\/la-guerra-como-inversion-y-tema-central-de-la-disputa-por-la-casa-blanca\/"},"wordCount":1703,"publisher":{"@id":"https:\/\/www.pressenza.com\/es\/#organization"},"image":{"@id":"https:\/\/www.pressenza.com\/es\/2023\/09\/la-guerra-como-inversion-y-tema-central-de-la-disputa-por-la-casa-blanca\/#primaryimage"},"thumbnailUrl":"https:\/\/www.pressenza.com\/wp-content\/uploads\/2023\/09\/helicoptero-casa-blanca.jpg","keywords":["belicismo","EEUU","gasto armamentista","hegemon\u00eda"],"articleSection":["Norteam\u00e9rica","Opiniones","Pol\u00edtica"],"inLanguage":"es"},{"@type":"WebPage","@id":"https:\/\/www.pressenza.com\/es\/2023\/09\/la-guerra-como-inversion-y-tema-central-de-la-disputa-por-la-casa-blanca\/","url":"https:\/\/www.pressenza.com\/es\/2023\/09\/la-guerra-como-inversion-y-tema-central-de-la-disputa-por-la-casa-blanca\/","name":"La guerra como inversi\u00f3n y tema central de la disputa por la Casa Blanca","isPartOf":{"@id":"https:\/\/www.pressenza.com\/es\/#website"},"primaryImageOfPage":{"@id":"https:\/\/www.pressenza.com\/es\/2023\/09\/la-guerra-como-inversion-y-tema-central-de-la-disputa-por-la-casa-blanca\/#primaryimage"},"image":{"@id":"https:\/\/www.pressenza.com\/es\/2023\/09\/la-guerra-como-inversion-y-tema-central-de-la-disputa-por-la-casa-blanca\/#primaryimage"},"thumbnailUrl":"https:\/\/www.pressenza.com\/wp-content\/uploads\/2023\/09\/helicoptero-casa-blanca.jpg","datePublished":"2023-09-29T15:22:58+00:00","description":"El\u00a0panorama pol\u00edtico estadounidense est\u00e1 condicionado por las elecciones presidenciales del a\u00f1o que viene. Si bien EEUU es considerada como la \u00fanica","breadcrumb":{"@id":"https:\/\/www.pressenza.com\/es\/2023\/09\/la-guerra-como-inversion-y-tema-central-de-la-disputa-por-la-casa-blanca\/#breadcrumb"},"inLanguage":"es","potentialAction":[{"@type":"ReadAction","target":["https:\/\/www.pressenza.com\/es\/2023\/09\/la-guerra-como-inversion-y-tema-central-de-la-disputa-por-la-casa-blanca\/"]}]},{"@type":"ImageObject","inLanguage":"es","@id":"https:\/\/www.pressenza.com\/es\/2023\/09\/la-guerra-como-inversion-y-tema-central-de-la-disputa-por-la-casa-blanca\/#primaryimage","url":"https:\/\/www.pressenza.com\/wp-content\/uploads\/2023\/09\/helicoptero-casa-blanca.jpg","contentUrl":"https:\/\/www.pressenza.com\/wp-content\/uploads\/2023\/09\/helicoptero-casa-blanca.jpg","width":598,"height":440},{"@type":"BreadcrumbList","@id":"https:\/\/www.pressenza.com\/es\/2023\/09\/la-guerra-como-inversion-y-tema-central-de-la-disputa-por-la-casa-blanca\/#breadcrumb","itemListElement":[{"@type":"ListItem","position":1,"name":"Accueil","item":"https:\/\/www.pressenza.com\/es\/"},{"@type":"ListItem","position":2,"name":"La guerra como inversi\u00f3n y tema central de la disputa por la Casa Blanca"}]},{"@type":"WebSite","@id":"https:\/\/www.pressenza.com\/es\/#website","url":"https:\/\/www.pressenza.com\/es\/","name":"Pressenza","description":"International Press Agency","publisher":{"@id":"https:\/\/www.pressenza.com\/es\/#organization"},"potentialAction":[{"@type":"SearchAction","target":{"@type":"EntryPoint","urlTemplate":"https:\/\/www.pressenza.com\/es\/?s={search_term_string}"},"query-input":{"@type":"PropertyValueSpecification","valueRequired":true,"valueName":"search_term_string"}}],"inLanguage":"es"},{"@type":"Organization","@id":"https:\/\/www.pressenza.com\/es\/#organization","name":"Pressenza","url":"https:\/\/www.pressenza.com\/es\/","logo":{"@type":"ImageObject","inLanguage":"es","@id":"https:\/\/www.pressenza.com\/es\/#\/schema\/logo\/image\/","url":"https:\/\/www.pressenza.com\/wp-content\/uploads\/2022\/10\/pressenza_logo_200x200.jpg","contentUrl":"https:\/\/www.pressenza.com\/wp-content\/uploads\/2022\/10\/pressenza_logo_200x200.jpg","width":200,"height":200,"caption":"Pressenza"},"image":{"@id":"https:\/\/www.pressenza.com\/es\/#\/schema\/logo\/image\/"},"sameAs":["https:\/\/www.facebook.com\/PressenzaItalia","https:\/\/x.com\/PressenzaIPA"]},{"@type":"Person","@id":"https:\/\/www.pressenza.com\/es\/#\/schema\/person\/777c39c93856c085c6d5931778fbf85f","name":"Aram Aharonian","description":"Magister en Integraci\u00f3n, periodista y docente uruguayo, fundador de Telesur, director del Observatorio en Comunicaci\u00f3n y Democracia, presidente de la Fundaci\u00f3n para la Integraci\u00f3n Latinoamericana.","url":"https:\/\/www.pressenza.com\/es\/author\/aram-aharonian\/"}]}},"place":"","original_article_url":"https:\/\/estrategia.la\/2023\/09\/28\/la-guerra-como-inversion-y-tema-de-la-disputa-por-la-casa-blanca\/","_links":{"self":[{"href":"https:\/\/www.pressenza.com\/es\/wp-json\/wp\/v2\/posts\/1768170","targetHints":{"allow":["GET"]}}],"collection":[{"href":"https:\/\/www.pressenza.com\/es\/wp-json\/wp\/v2\/posts"}],"about":[{"href":"https:\/\/www.pressenza.com\/es\/wp-json\/wp\/v2\/types\/post"}],"author":[{"embeddable":true,"href":"https:\/\/www.pressenza.com\/es\/wp-json\/wp\/v2\/users\/1415"}],"replies":[{"embeddable":true,"href":"https:\/\/www.pressenza.com\/es\/wp-json\/wp\/v2\/comments?post=1768170"}],"version-history":[{"count":0,"href":"https:\/\/www.pressenza.com\/es\/wp-json\/wp\/v2\/posts\/1768170\/revisions"}],"wp:featuredmedia":[{"embeddable":true,"href":"https:\/\/www.pressenza.com\/es\/wp-json\/wp\/v2\/media\/1768174"}],"wp:attachment":[{"href":"https:\/\/www.pressenza.com\/es\/wp-json\/wp\/v2\/media?parent=1768170"}],"wp:term":[{"taxonomy":"category","embeddable":true,"href":"https:\/\/www.pressenza.com\/es\/wp-json\/wp\/v2\/categories?post=1768170"},{"taxonomy":"post_tag","embeddable":true,"href":"https:\/\/www.pressenza.com\/es\/wp-json\/wp\/v2\/tags?post=1768170"}],"curies":[{"name":"wp","href":"https:\/\/api.w.org\/{rel}","templated":true}]}}