{"id":1766932,"date":"2023-09-23T03:25:59","date_gmt":"2023-09-23T02:25:59","guid":{"rendered":"https:\/\/www.pressenza.com\/?p=1766932"},"modified":"2023-09-23T03:25:59","modified_gmt":"2023-09-23T02:25:59","slug":"continentes-y-contenidos-21-09-23-educacion-y-agenda-sur-en-asamblea-de-la-onu","status":"publish","type":"post","link":"https:\/\/www.pressenza.com\/es\/2023\/09\/continentes-y-contenidos-21-09-23-educacion-y-agenda-sur-en-asamblea-de-la-onu\/","title":{"rendered":"Continentes y Contenidos 21\/09\/23 Educaci\u00f3n y Agenda Sur en Asamblea de la ONU"},"content":{"rendered":"<p>Conversamos esta semana con dos personas que estuvieron en Nueva York en las sesiones de la Asamblea de Naciones Unidas. Por un lado la directora de la Fundaci\u00f3n SES Marcela Browne y por el otro el ex relator \u00a0Especial de las Naciones Unidas sobre el derecho a la educaci\u00f3n, Vernor M\u00fa\u00f1oz.<\/p>\n<!--[if lt IE 9]><script>document.createElement('audio');<\/script><![endif]-->\n<audio class=\"wp-audio-shortcode\" id=\"audio-1766932-1\" preload=\"none\" style=\"width: 100%;\" controls=\"controls\"><source type=\"audio\/mpeg\" src=\"https:\/\/www.ivoox.com\/continentes-contenidos-21-09-23-educacion-agenda-sur_md_116495990_wp_1.mp3?_=1\" \/><a href=\"https:\/\/www.ivoox.com\/continentes-contenidos-21-09-23-educacion-agenda-sur_md_116495990_wp_1.mp3\">https:\/\/www.ivoox.com\/continentes-contenidos-21-09-23-educacion-agenda-sur_md_116495990_wp_1.mp3<\/a><\/audio>\n<p><a title=\"Continentes y Contenidos 21\/09\/23 Educaci\u00f3n y Agenda Sur en Asamblea de la ONU\" href=\"https:\/\/go.ivoox.com\/rf\/116495990\">Ir a descargar<\/a><\/p>\n","protected":false},"excerpt":{"rendered":"<p>Conversamos esta semana con dos personas que estuvieron en Nueva York en las sesiones de la Asamblea de Naciones Unidas. Por un lado la directora de la Fundaci\u00f3n SES Marcela Browne y por el otro el ex relator \u00a0Especial de&hellip;<\/p>\n","protected":false},"author":1011,"featured_media":1766933,"comment_status":"closed","ping_status":"closed","sticky":false,"template":"","format":"standard","meta":{"footnotes":""},"categories":[76,11389,75,79,1230,39,22754],"tags":[116339,26473,9049,17683,116340,649,679,40752,54738,116341],"class_list":["post-1766932","post","type-post","status-publish","format-standard","has-post-thumbnail","hentry","category-relaciones-exteriores","category-contenido-original","category-cultura-es","category-derechos-humanos","category-educacion-tema","category-internacional","category-radio-es","tag-asamblea-de-naciones-unidas","tag-clade","tag-continentes-y-contenidos","tag-derecho-a-la-educacion","tag-marcela-browne","tag-naciones-unidas","tag-onu-es","tag-pressenza-internacional","tag-radio-es","tag-vernor-munoz"],"yoast_head":"<!-- This site is optimized with the Yoast SEO plugin v27.1.1 - https:\/\/yoast.com\/product\/yoast-seo-wordpress\/ -->\n<title>Continentes y Contenidos 21\/09\/23 Educaci\u00f3n y Agenda Sur en Asamblea de la ONU<\/title>\n<meta name=\"description\" content=\"Conversamos esta semana con dos personas que estuvieron en Nueva York en las sesiones de la Asamblea de Naciones Unidas. Por un lado la directora de la\" \/>\n<meta name=\"robots\" content=\"index, follow, max-snippet:-1, max-image-preview:large, max-video-preview:-1\" \/>\n<link rel=\"canonical\" href=\"https:\/\/www.pressenza.com\/es\/2023\/09\/continentes-y-contenidos-21-09-23-educacion-y-agenda-sur-en-asamblea-de-la-onu\/\" \/>\n<meta property=\"og:locale\" content=\"es_ES\" \/>\n<meta property=\"og:type\" content=\"article\" \/>\n<meta property=\"og:title\" content=\"Continentes y Contenidos 21\/09\/23 Educaci\u00f3n y Agenda Sur en Asamblea de la ONU\" \/>\n<meta property=\"og:description\" content=\"Conversamos esta semana con dos personas que estuvieron en Nueva York en las sesiones de la Asamblea de Naciones Unidas. Por un lado la directora de la\" \/>\n<meta property=\"og:url\" content=\"https:\/\/www.pressenza.com\/es\/2023\/09\/continentes-y-contenidos-21-09-23-educacion-y-agenda-sur-en-asamblea-de-la-onu\/\" \/>\n<meta property=\"og:site_name\" content=\"Pressenza\" \/>\n<meta property=\"article:publisher\" content=\"https:\/\/www.facebook.com\/PressenzaItalia\" \/>\n<meta property=\"article:published_time\" content=\"2023-09-23T02:25:59+00:00\" \/>\n<meta property=\"og:image\" content=\"https:\/\/www.pressenza.com\/wp-content\/uploads\/2023\/09\/Programas-CyC2022-21.jpg\" \/>\n\t<meta property=\"og:image:width\" content=\"1920\" \/>\n\t<meta property=\"og:image:height\" content=\"1536\" \/>\n\t<meta property=\"og:image:type\" content=\"image\/jpeg\" \/>\n<meta name=\"author\" content=\"Redacci\u00f3n Ecuador\" \/>\n<meta name=\"twitter:card\" content=\"summary_large_image\" \/>\n<meta name=\"twitter:creator\" content=\"@PressenzaIPA\" \/>\n<meta name=\"twitter:site\" content=\"@PressenzaIPA\" \/>\n<meta name=\"twitter:label1\" content=\"Escrito por\" \/>\n\t<meta name=\"twitter:data1\" content=\"Redacci\u00f3n Ecuador\" \/>\n\t<meta name=\"twitter:label2\" content=\"Tiempo de lectura\" \/>\n\t<meta name=\"twitter:data2\" content=\"1 minuto\" \/>\n<script type=\"application\/ld+json\" class=\"yoast-schema-graph\">{\"@context\":\"https:\/\/schema.org\",\"@graph\":[{\"@type\":\"Article\",\"@id\":\"https:\/\/www.pressenza.com\/es\/2023\/09\/continentes-y-contenidos-21-09-23-educacion-y-agenda-sur-en-asamblea-de-la-onu\/#article\",\"isPartOf\":{\"@id\":\"https:\/\/www.pressenza.com\/es\/2023\/09\/continentes-y-contenidos-21-09-23-educacion-y-agenda-sur-en-asamblea-de-la-onu\/\"},\"author\":{\"name\":\"Redacci\u00f3n Ecuador\",\"@id\":\"https:\/\/www.pressenza.com\/es\/#\/schema\/person\/883a735c40665759bcc6fe0c26bcb46f\"},\"headline\":\"Continentes y Contenidos 21\/09\/23 Educaci\u00f3n y Agenda Sur en Asamblea de la ONU\",\"datePublished\":\"2023-09-23T02:25:59+00:00\",\"mainEntityOfPage\":{\"@id\":\"https:\/\/www.pressenza.com\/es\/2023\/09\/continentes-y-contenidos-21-09-23-educacion-y-agenda-sur-en-asamblea-de-la-onu\/\"},\"wordCount\":83,\"publisher\":{\"@id\":\"https:\/\/www.pressenza.com\/es\/#organization\"},\"image\":{\"@id\":\"https:\/\/www.pressenza.com\/es\/2023\/09\/continentes-y-contenidos-21-09-23-educacion-y-agenda-sur-en-asamblea-de-la-onu\/#primaryimage\"},\"thumbnailUrl\":\"https:\/\/www.pressenza.com\/wp-content\/uploads\/2023\/09\/Programas-CyC2022-21.jpg\",\"keywords\":[\"Asamblea de Naciones Unidas\",\"CLADE\",\"Continentes y Contenidos\",\"Derecho a la educaci\u00f3n\",\"Marcela Browne\",\"Naciones Unidas\",\"ONU\",\"Pressenza Internacional\",\"radio\",\"Vernor Mu\u00f1oz\"],\"articleSection\":[\"Asuntos internacionales\",\"Contenido Original\",\"Cultura y Medios\",\"Derechos Humanos\",\"Educaci\u00f3n\",\"Internacional\",\"Radio\"],\"inLanguage\":\"es\"},{\"@type\":\"WebPage\",\"@id\":\"https:\/\/www.pressenza.com\/es\/2023\/09\/continentes-y-contenidos-21-09-23-educacion-y-agenda-sur-en-asamblea-de-la-onu\/\",\"url\":\"https:\/\/www.pressenza.com\/es\/2023\/09\/continentes-y-contenidos-21-09-23-educacion-y-agenda-sur-en-asamblea-de-la-onu\/\",\"name\":\"Continentes y Contenidos 21\/09\/23 Educaci\u00f3n y Agenda Sur en Asamblea de la ONU\",\"isPartOf\":{\"@id\":\"https:\/\/www.pressenza.com\/es\/#website\"},\"primaryImageOfPage\":{\"@id\":\"https:\/\/www.pressenza.com\/es\/2023\/09\/continentes-y-contenidos-21-09-23-educacion-y-agenda-sur-en-asamblea-de-la-onu\/#primaryimage\"},\"image\":{\"@id\":\"https:\/\/www.pressenza.com\/es\/2023\/09\/continentes-y-contenidos-21-09-23-educacion-y-agenda-sur-en-asamblea-de-la-onu\/#primaryimage\"},\"thumbnailUrl\":\"https:\/\/www.pressenza.com\/wp-content\/uploads\/2023\/09\/Programas-CyC2022-21.jpg\",\"datePublished\":\"2023-09-23T02:25:59+00:00\",\"description\":\"Conversamos esta semana con dos personas que estuvieron en Nueva York en las sesiones de la Asamblea de Naciones Unidas. Por un lado la directora de la\",\"breadcrumb\":{\"@id\":\"https:\/\/www.pressenza.com\/es\/2023\/09\/continentes-y-contenidos-21-09-23-educacion-y-agenda-sur-en-asamblea-de-la-onu\/#breadcrumb\"},\"inLanguage\":\"es\",\"potentialAction\":[{\"@type\":\"ReadAction\",\"target\":[\"https:\/\/www.pressenza.com\/es\/2023\/09\/continentes-y-contenidos-21-09-23-educacion-y-agenda-sur-en-asamblea-de-la-onu\/\"]}]},{\"@type\":\"ImageObject\",\"inLanguage\":\"es\",\"@id\":\"https:\/\/www.pressenza.com\/es\/2023\/09\/continentes-y-contenidos-21-09-23-educacion-y-agenda-sur-en-asamblea-de-la-onu\/#primaryimage\",\"url\":\"https:\/\/www.pressenza.com\/wp-content\/uploads\/2023\/09\/Programas-CyC2022-21.jpg\",\"contentUrl\":\"https:\/\/www.pressenza.com\/wp-content\/uploads\/2023\/09\/Programas-CyC2022-21.jpg\",\"width\":1920,\"height\":1536},{\"@type\":\"BreadcrumbList\",\"@id\":\"https:\/\/www.pressenza.com\/es\/2023\/09\/continentes-y-contenidos-21-09-23-educacion-y-agenda-sur-en-asamblea-de-la-onu\/#breadcrumb\",\"itemListElement\":[{\"@type\":\"ListItem\",\"position\":1,\"name\":\"Accueil\",\"item\":\"https:\/\/www.pressenza.com\/es\/\"},{\"@type\":\"ListItem\",\"position\":2,\"name\":\"Continentes y Contenidos 21\/09\/23 Educaci\u00f3n y Agenda Sur en Asamblea de la ONU\"}]},{\"@type\":\"WebSite\",\"@id\":\"https:\/\/www.pressenza.com\/es\/#website\",\"url\":\"https:\/\/www.pressenza.com\/es\/\",\"name\":\"Pressenza\",\"description\":\"International Press Agency\",\"publisher\":{\"@id\":\"https:\/\/www.pressenza.com\/es\/#organization\"},\"potentialAction\":[{\"@type\":\"SearchAction\",\"target\":{\"@type\":\"EntryPoint\",\"urlTemplate\":\"https:\/\/www.pressenza.com\/es\/?s={search_term_string}\"},\"query-input\":{\"@type\":\"PropertyValueSpecification\",\"valueRequired\":true,\"valueName\":\"search_term_string\"}}],\"inLanguage\":\"es\"},{\"@type\":\"Organization\",\"@id\":\"https:\/\/www.pressenza.com\/es\/#organization\",\"name\":\"Pressenza\",\"url\":\"https:\/\/www.pressenza.com\/es\/\",\"logo\":{\"@type\":\"ImageObject\",\"inLanguage\":\"es\",\"@id\":\"https:\/\/www.pressenza.com\/es\/#\/schema\/logo\/image\/\",\"url\":\"https:\/\/www.pressenza.com\/wp-content\/uploads\/2022\/10\/pressenza_logo_200x200.jpg\",\"contentUrl\":\"https:\/\/www.pressenza.com\/wp-content\/uploads\/2022\/10\/pressenza_logo_200x200.jpg\",\"width\":200,\"height\":200,\"caption\":\"Pressenza\"},\"image\":{\"@id\":\"https:\/\/www.pressenza.com\/es\/#\/schema\/logo\/image\/\"},\"sameAs\":[\"https:\/\/www.facebook.com\/PressenzaItalia\",\"https:\/\/x.com\/PressenzaIPA\"]},{\"@type\":\"Person\",\"@id\":\"https:\/\/www.pressenza.com\/es\/#\/schema\/person\/883a735c40665759bcc6fe0c26bcb46f\",\"name\":\"Redacci\u00f3n Ecuador\",\"description\":\"News published by the Pressenza bureau in Quito, Ecuador\",\"url\":\"https:\/\/www.pressenza.com\/es\/author\/redaccion-ecuador\/\"}]}<\/script>\n<!-- \/ Yoast SEO plugin. -->","yoast_head_json":{"title":"Continentes y Contenidos 21\/09\/23 Educaci\u00f3n y Agenda Sur en Asamblea de la ONU","description":"Conversamos esta semana con dos personas que estuvieron en Nueva York en las sesiones de la Asamblea de Naciones Unidas. Por un lado la directora de la","robots":{"index":"index","follow":"follow","max-snippet":"max-snippet:-1","max-image-preview":"max-image-preview:large","max-video-preview":"max-video-preview:-1"},"canonical":"https:\/\/www.pressenza.com\/es\/2023\/09\/continentes-y-contenidos-21-09-23-educacion-y-agenda-sur-en-asamblea-de-la-onu\/","og_locale":"es_ES","og_type":"article","og_title":"Continentes y Contenidos 21\/09\/23 Educaci\u00f3n y Agenda Sur en Asamblea de la ONU","og_description":"Conversamos esta semana con dos personas que estuvieron en Nueva York en las sesiones de la Asamblea de Naciones Unidas. Por un lado la directora de la","og_url":"https:\/\/www.pressenza.com\/es\/2023\/09\/continentes-y-contenidos-21-09-23-educacion-y-agenda-sur-en-asamblea-de-la-onu\/","og_site_name":"Pressenza","article_publisher":"https:\/\/www.facebook.com\/PressenzaItalia","article_published_time":"2023-09-23T02:25:59+00:00","og_image":[{"width":1920,"height":1536,"url":"https:\/\/www.pressenza.com\/wp-content\/uploads\/2023\/09\/Programas-CyC2022-21.jpg","type":"image\/jpeg"}],"author":"Redacci\u00f3n Ecuador","twitter_card":"summary_large_image","twitter_creator":"@PressenzaIPA","twitter_site":"@PressenzaIPA","twitter_misc":{"Escrito por":"Redacci\u00f3n Ecuador","Tiempo de lectura":"1 minuto"},"schema":{"@context":"https:\/\/schema.org","@graph":[{"@type":"Article","@id":"https:\/\/www.pressenza.com\/es\/2023\/09\/continentes-y-contenidos-21-09-23-educacion-y-agenda-sur-en-asamblea-de-la-onu\/#article","isPartOf":{"@id":"https:\/\/www.pressenza.com\/es\/2023\/09\/continentes-y-contenidos-21-09-23-educacion-y-agenda-sur-en-asamblea-de-la-onu\/"},"author":{"name":"Redacci\u00f3n Ecuador","@id":"https:\/\/www.pressenza.com\/es\/#\/schema\/person\/883a735c40665759bcc6fe0c26bcb46f"},"headline":"Continentes y Contenidos 21\/09\/23 Educaci\u00f3n y Agenda Sur en Asamblea de la ONU","datePublished":"2023-09-23T02:25:59+00:00","mainEntityOfPage":{"@id":"https:\/\/www.pressenza.com\/es\/2023\/09\/continentes-y-contenidos-21-09-23-educacion-y-agenda-sur-en-asamblea-de-la-onu\/"},"wordCount":83,"publisher":{"@id":"https:\/\/www.pressenza.com\/es\/#organization"},"image":{"@id":"https:\/\/www.pressenza.com\/es\/2023\/09\/continentes-y-contenidos-21-09-23-educacion-y-agenda-sur-en-asamblea-de-la-onu\/#primaryimage"},"thumbnailUrl":"https:\/\/www.pressenza.com\/wp-content\/uploads\/2023\/09\/Programas-CyC2022-21.jpg","keywords":["Asamblea de Naciones Unidas","CLADE","Continentes y Contenidos","Derecho a la educaci\u00f3n","Marcela Browne","Naciones Unidas","ONU","Pressenza Internacional","radio","Vernor Mu\u00f1oz"],"articleSection":["Asuntos internacionales","Contenido Original","Cultura y Medios","Derechos Humanos","Educaci\u00f3n","Internacional","Radio"],"inLanguage":"es"},{"@type":"WebPage","@id":"https:\/\/www.pressenza.com\/es\/2023\/09\/continentes-y-contenidos-21-09-23-educacion-y-agenda-sur-en-asamblea-de-la-onu\/","url":"https:\/\/www.pressenza.com\/es\/2023\/09\/continentes-y-contenidos-21-09-23-educacion-y-agenda-sur-en-asamblea-de-la-onu\/","name":"Continentes y Contenidos 21\/09\/23 Educaci\u00f3n y Agenda Sur en Asamblea de la ONU","isPartOf":{"@id":"https:\/\/www.pressenza.com\/es\/#website"},"primaryImageOfPage":{"@id":"https:\/\/www.pressenza.com\/es\/2023\/09\/continentes-y-contenidos-21-09-23-educacion-y-agenda-sur-en-asamblea-de-la-onu\/#primaryimage"},"image":{"@id":"https:\/\/www.pressenza.com\/es\/2023\/09\/continentes-y-contenidos-21-09-23-educacion-y-agenda-sur-en-asamblea-de-la-onu\/#primaryimage"},"thumbnailUrl":"https:\/\/www.pressenza.com\/wp-content\/uploads\/2023\/09\/Programas-CyC2022-21.jpg","datePublished":"2023-09-23T02:25:59+00:00","description":"Conversamos esta semana con dos personas que estuvieron en Nueva York en las sesiones de la Asamblea de Naciones Unidas. Por un lado la directora de la","breadcrumb":{"@id":"https:\/\/www.pressenza.com\/es\/2023\/09\/continentes-y-contenidos-21-09-23-educacion-y-agenda-sur-en-asamblea-de-la-onu\/#breadcrumb"},"inLanguage":"es","potentialAction":[{"@type":"ReadAction","target":["https:\/\/www.pressenza.com\/es\/2023\/09\/continentes-y-contenidos-21-09-23-educacion-y-agenda-sur-en-asamblea-de-la-onu\/"]}]},{"@type":"ImageObject","inLanguage":"es","@id":"https:\/\/www.pressenza.com\/es\/2023\/09\/continentes-y-contenidos-21-09-23-educacion-y-agenda-sur-en-asamblea-de-la-onu\/#primaryimage","url":"https:\/\/www.pressenza.com\/wp-content\/uploads\/2023\/09\/Programas-CyC2022-21.jpg","contentUrl":"https:\/\/www.pressenza.com\/wp-content\/uploads\/2023\/09\/Programas-CyC2022-21.jpg","width":1920,"height":1536},{"@type":"BreadcrumbList","@id":"https:\/\/www.pressenza.com\/es\/2023\/09\/continentes-y-contenidos-21-09-23-educacion-y-agenda-sur-en-asamblea-de-la-onu\/#breadcrumb","itemListElement":[{"@type":"ListItem","position":1,"name":"Accueil","item":"https:\/\/www.pressenza.com\/es\/"},{"@type":"ListItem","position":2,"name":"Continentes y Contenidos 21\/09\/23 Educaci\u00f3n y Agenda Sur en Asamblea de la ONU"}]},{"@type":"WebSite","@id":"https:\/\/www.pressenza.com\/es\/#website","url":"https:\/\/www.pressenza.com\/es\/","name":"Pressenza","description":"International Press Agency","publisher":{"@id":"https:\/\/www.pressenza.com\/es\/#organization"},"potentialAction":[{"@type":"SearchAction","target":{"@type":"EntryPoint","urlTemplate":"https:\/\/www.pressenza.com\/es\/?s={search_term_string}"},"query-input":{"@type":"PropertyValueSpecification","valueRequired":true,"valueName":"search_term_string"}}],"inLanguage":"es"},{"@type":"Organization","@id":"https:\/\/www.pressenza.com\/es\/#organization","name":"Pressenza","url":"https:\/\/www.pressenza.com\/es\/","logo":{"@type":"ImageObject","inLanguage":"es","@id":"https:\/\/www.pressenza.com\/es\/#\/schema\/logo\/image\/","url":"https:\/\/www.pressenza.com\/wp-content\/uploads\/2022\/10\/pressenza_logo_200x200.jpg","contentUrl":"https:\/\/www.pressenza.com\/wp-content\/uploads\/2022\/10\/pressenza_logo_200x200.jpg","width":200,"height":200,"caption":"Pressenza"},"image":{"@id":"https:\/\/www.pressenza.com\/es\/#\/schema\/logo\/image\/"},"sameAs":["https:\/\/www.facebook.com\/PressenzaItalia","https:\/\/x.com\/PressenzaIPA"]},{"@type":"Person","@id":"https:\/\/www.pressenza.com\/es\/#\/schema\/person\/883a735c40665759bcc6fe0c26bcb46f","name":"Redacci\u00f3n Ecuador","description":"News published by the Pressenza bureau in Quito, Ecuador","url":"https:\/\/www.pressenza.com\/es\/author\/redaccion-ecuador\/"}]}},"place":"Quito - Buenos Aires - Nueva York","original_article_url":"","_links":{"self":[{"href":"https:\/\/www.pressenza.com\/es\/wp-json\/wp\/v2\/posts\/1766932","targetHints":{"allow":["GET"]}}],"collection":[{"href":"https:\/\/www.pressenza.com\/es\/wp-json\/wp\/v2\/posts"}],"about":[{"href":"https:\/\/www.pressenza.com\/es\/wp-json\/wp\/v2\/types\/post"}],"author":[{"embeddable":true,"href":"https:\/\/www.pressenza.com\/es\/wp-json\/wp\/v2\/users\/1011"}],"replies":[{"embeddable":true,"href":"https:\/\/www.pressenza.com\/es\/wp-json\/wp\/v2\/comments?post=1766932"}],"version-history":[{"count":0,"href":"https:\/\/www.pressenza.com\/es\/wp-json\/wp\/v2\/posts\/1766932\/revisions"}],"wp:featuredmedia":[{"embeddable":true,"href":"https:\/\/www.pressenza.com\/es\/wp-json\/wp\/v2\/media\/1766933"}],"wp:attachment":[{"href":"https:\/\/www.pressenza.com\/es\/wp-json\/wp\/v2\/media?parent=1766932"}],"wp:term":[{"taxonomy":"category","embeddable":true,"href":"https:\/\/www.pressenza.com\/es\/wp-json\/wp\/v2\/categories?post=1766932"},{"taxonomy":"post_tag","embeddable":true,"href":"https:\/\/www.pressenza.com\/es\/wp-json\/wp\/v2\/tags?post=1766932"}],"curies":[{"name":"wp","href":"https:\/\/api.w.org\/{rel}","templated":true}]}}