{"id":1766652,"date":"2023-09-21T22:24:50","date_gmt":"2023-09-21T21:24:50","guid":{"rendered":"https:\/\/www.pressenza.com\/?p=1766652"},"modified":"2023-09-21T22:24:50","modified_gmt":"2023-09-21T21:24:50","slug":"pescadores-artesanales-se-reunen-con-embajada-de-japon-por-vertimiento-de-agua-de-fukushima","status":"publish","type":"post","link":"https:\/\/www.pressenza.com\/es\/2023\/09\/pescadores-artesanales-se-reunen-con-embajada-de-japon-por-vertimiento-de-agua-de-fukushima\/","title":{"rendered":"Pescadores Artesanales se re\u00fanen con embajada de Jap\u00f3n por vertimiento de agua de Fukushima"},"content":{"rendered":"<p>Dirigentes expresaron su preocupaci\u00f3n por posibles repercusiones en Chile.<\/p>\n<p>Este mi\u00e9rcoles 21 de septiembre, un grupo de dirigentes del Consejo para la Defensa del Patrimonio Pesquero (CONDEPP), sostuvieron una reuni\u00f3n en dependencias de la Embajada de Jap\u00f3n en Chile con el objetivo de manifestar su preocupaci\u00f3n por el vertimiento de las aguas residuales de la planta nuclear de Fukushima da\u00f1ada por el tsunami de 2011 y las medidas que se est\u00e1n tomando al respecto.<\/p>\n<p>Los dirigentes fueron recibidos por el consejero de la embajada de Jap\u00f3n Hiroaki Kodama. A su vez, la directiva de CONDEPP fue encabezada por su presidente Hern\u00e1n Cort\u00e9s; Jorge Bustos, vicepresidente; Ram\u00f3n Chaparro, tesorero; Marco Bello y Jos\u00e9 Verdugo, directores.<\/p>\n<p>Hern\u00e1n Cort\u00e9s, presidente de la agrupaci\u00f3n, se\u00f1al\u00f3 que \u201cNos preocupa c\u00f3mo esta decisi\u00f3n tomada por el gobierno de Jap\u00f3n puede tener impactos negativos en el medio ambiente, especialmente en el oc\u00e9ano Pac\u00edfico, que es donde desarrollamos nuestras actividades\u201d.<\/p>\n<p>En la reuni\u00f3n, los representantes de pescadores aprovecharon la oportunidad para fortalecer lazos con la embajada: \u201csolicitamos poder llegar a un trabajo en conjunto entre Jap\u00f3n y la pesca artesanal en innovaci\u00f3n tecnol\u00f3gica y fomento pesquero\u201d, declar\u00f3 Cort\u00e9s al t\u00e9rmino de la cita.<\/p>\n<p>&nbsp;<\/p>\n","protected":false},"excerpt":{"rendered":"<p>Dirigentes expresaron su preocupaci\u00f3n por posibles repercusiones en Chile. Este mi\u00e9rcoles 21 de septiembre, un grupo de dirigentes del Consejo para la Defensa del Patrimonio Pesquero (CONDEPP), sostuvieron una reuni\u00f3n en dependencias de la Embajada de Jap\u00f3n en Chile con&hellip;<\/p>\n","protected":false},"author":43,"featured_media":1766653,"comment_status":"closed","ping_status":"closed","sticky":false,"template":"","format":"standard","meta":{"footnotes":""},"categories":[149,11389,78,67],"tags":[36445,81735,116297],"class_list":["post-1766652","post","type-post","status-publish","format-standard","has-post-thumbnail","hentry","category-comunicados-de-prensa","category-contenido-original","category-medio-ambiente-ecologia","category-sudamerica","tag-oceanos","tag-pesca-artesanal","tag-planta-nuclear-de-fukushima"],"yoast_head":"<!-- This site is optimized with the Yoast SEO plugin v27.1.1 - https:\/\/yoast.com\/product\/yoast-seo-wordpress\/ -->\n<title>Pescadores Artesanales se re\u00fanen con embajada de Jap\u00f3n por vertimiento de agua de Fukushima<\/title>\n<meta name=\"description\" content=\"Dirigentes expresaron su preocupaci\u00f3n por posibles repercusiones en Chile. Este mi\u00e9rcoles 21 de septiembre, un grupo de dirigentes del Consejo para la\" \/>\n<meta name=\"robots\" content=\"index, follow, max-snippet:-1, max-image-preview:large, max-video-preview:-1\" \/>\n<link rel=\"canonical\" href=\"https:\/\/www.pressenza.com\/es\/2023\/09\/pescadores-artesanales-se-reunen-con-embajada-de-japon-por-vertimiento-de-agua-de-fukushima\/\" \/>\n<meta property=\"og:locale\" content=\"es_ES\" \/>\n<meta property=\"og:type\" content=\"article\" \/>\n<meta property=\"og:title\" content=\"Pescadores Artesanales se re\u00fanen con embajada de Jap\u00f3n por vertimiento de agua de Fukushima\" \/>\n<meta property=\"og:description\" content=\"Dirigentes expresaron su preocupaci\u00f3n por posibles repercusiones en Chile. Este mi\u00e9rcoles 21 de septiembre, un grupo de dirigentes del Consejo para la\" \/>\n<meta property=\"og:url\" content=\"https:\/\/www.pressenza.com\/es\/2023\/09\/pescadores-artesanales-se-reunen-con-embajada-de-japon-por-vertimiento-de-agua-de-fukushima\/\" \/>\n<meta property=\"og:site_name\" content=\"Pressenza\" \/>\n<meta property=\"article:publisher\" content=\"https:\/\/www.facebook.com\/PressenzaItalia\" \/>\n<meta property=\"article:author\" content=\"https:\/\/www.facebook.com\/pressenza\" \/>\n<meta property=\"article:published_time\" content=\"2023-09-21T21:24:50+00:00\" \/>\n<meta property=\"og:image\" content=\"https:\/\/www.pressenza.com\/wp-content\/uploads\/2023\/09\/2023-09-21-CONDEPP-Japon.jpg\" \/>\n\t<meta property=\"og:image:width\" content=\"1600\" \/>\n\t<meta property=\"og:image:height\" content=\"1200\" \/>\n\t<meta property=\"og:image:type\" content=\"image\/jpeg\" \/>\n<meta name=\"author\" content=\"Redacci\u00f3n Chile\" \/>\n<meta name=\"twitter:card\" content=\"summary_large_image\" \/>\n<meta name=\"twitter:creator\" content=\"@pressenza\" \/>\n<meta name=\"twitter:site\" content=\"@PressenzaIPA\" \/>\n<meta name=\"twitter:label1\" content=\"Escrito por\" \/>\n\t<meta name=\"twitter:data1\" content=\"Redacci\u00f3n Chile\" \/>\n\t<meta name=\"twitter:label2\" content=\"Tiempo de lectura\" \/>\n\t<meta name=\"twitter:data2\" content=\"1 minuto\" \/>\n<script type=\"application\/ld+json\" class=\"yoast-schema-graph\">{\"@context\":\"https:\/\/schema.org\",\"@graph\":[{\"@type\":\"Article\",\"@id\":\"https:\/\/www.pressenza.com\/es\/2023\/09\/pescadores-artesanales-se-reunen-con-embajada-de-japon-por-vertimiento-de-agua-de-fukushima\/#article\",\"isPartOf\":{\"@id\":\"https:\/\/www.pressenza.com\/es\/2023\/09\/pescadores-artesanales-se-reunen-con-embajada-de-japon-por-vertimiento-de-agua-de-fukushima\/\"},\"author\":{\"name\":\"Redacci\u00f3n Chile\",\"@id\":\"https:\/\/www.pressenza.com\/es\/#\/schema\/person\/d7db40df35d6698ba69ba9ee260944ed\"},\"headline\":\"Pescadores Artesanales se re\u00fanen con embajada de Jap\u00f3n por vertimiento de agua de Fukushima\",\"datePublished\":\"2023-09-21T21:24:50+00:00\",\"mainEntityOfPage\":{\"@id\":\"https:\/\/www.pressenza.com\/es\/2023\/09\/pescadores-artesanales-se-reunen-con-embajada-de-japon-por-vertimiento-de-agua-de-fukushima\/\"},\"wordCount\":236,\"publisher\":{\"@id\":\"https:\/\/www.pressenza.com\/es\/#organization\"},\"image\":{\"@id\":\"https:\/\/www.pressenza.com\/es\/2023\/09\/pescadores-artesanales-se-reunen-con-embajada-de-japon-por-vertimiento-de-agua-de-fukushima\/#primaryimage\"},\"thumbnailUrl\":\"https:\/\/www.pressenza.com\/wp-content\/uploads\/2023\/09\/2023-09-21-CONDEPP-Japon.jpg\",\"keywords\":[\"oc\u00e9anos\",\"Pesca artesanal\",\"planta nuclear de Fukushima\"],\"articleSection\":[\"Comunicados de Prensa\",\"Contenido Original\",\"Ecolog\u00eda y Medio Ambiente\",\"Sudam\u00e9rica\"],\"inLanguage\":\"es\"},{\"@type\":\"WebPage\",\"@id\":\"https:\/\/www.pressenza.com\/es\/2023\/09\/pescadores-artesanales-se-reunen-con-embajada-de-japon-por-vertimiento-de-agua-de-fukushima\/\",\"url\":\"https:\/\/www.pressenza.com\/es\/2023\/09\/pescadores-artesanales-se-reunen-con-embajada-de-japon-por-vertimiento-de-agua-de-fukushima\/\",\"name\":\"Pescadores Artesanales se re\u00fanen con embajada de Jap\u00f3n por vertimiento de agua de Fukushima\",\"isPartOf\":{\"@id\":\"https:\/\/www.pressenza.com\/es\/#website\"},\"primaryImageOfPage\":{\"@id\":\"https:\/\/www.pressenza.com\/es\/2023\/09\/pescadores-artesanales-se-reunen-con-embajada-de-japon-por-vertimiento-de-agua-de-fukushima\/#primaryimage\"},\"image\":{\"@id\":\"https:\/\/www.pressenza.com\/es\/2023\/09\/pescadores-artesanales-se-reunen-con-embajada-de-japon-por-vertimiento-de-agua-de-fukushima\/#primaryimage\"},\"thumbnailUrl\":\"https:\/\/www.pressenza.com\/wp-content\/uploads\/2023\/09\/2023-09-21-CONDEPP-Japon.jpg\",\"datePublished\":\"2023-09-21T21:24:50+00:00\",\"description\":\"Dirigentes expresaron su preocupaci\u00f3n por posibles repercusiones en Chile. Este mi\u00e9rcoles 21 de septiembre, un grupo de dirigentes del Consejo para la\",\"breadcrumb\":{\"@id\":\"https:\/\/www.pressenza.com\/es\/2023\/09\/pescadores-artesanales-se-reunen-con-embajada-de-japon-por-vertimiento-de-agua-de-fukushima\/#breadcrumb\"},\"inLanguage\":\"es\",\"potentialAction\":[{\"@type\":\"ReadAction\",\"target\":[\"https:\/\/www.pressenza.com\/es\/2023\/09\/pescadores-artesanales-se-reunen-con-embajada-de-japon-por-vertimiento-de-agua-de-fukushima\/\"]}]},{\"@type\":\"ImageObject\",\"inLanguage\":\"es\",\"@id\":\"https:\/\/www.pressenza.com\/es\/2023\/09\/pescadores-artesanales-se-reunen-con-embajada-de-japon-por-vertimiento-de-agua-de-fukushima\/#primaryimage\",\"url\":\"https:\/\/www.pressenza.com\/wp-content\/uploads\/2023\/09\/2023-09-21-CONDEPP-Japon.jpg\",\"contentUrl\":\"https:\/\/www.pressenza.com\/wp-content\/uploads\/2023\/09\/2023-09-21-CONDEPP-Japon.jpg\",\"width\":1600,\"height\":1200},{\"@type\":\"BreadcrumbList\",\"@id\":\"https:\/\/www.pressenza.com\/es\/2023\/09\/pescadores-artesanales-se-reunen-con-embajada-de-japon-por-vertimiento-de-agua-de-fukushima\/#breadcrumb\",\"itemListElement\":[{\"@type\":\"ListItem\",\"position\":1,\"name\":\"Accueil\",\"item\":\"https:\/\/www.pressenza.com\/es\/\"},{\"@type\":\"ListItem\",\"position\":2,\"name\":\"Pescadores Artesanales se re\u00fanen con embajada de Jap\u00f3n por vertimiento de agua de Fukushima\"}]},{\"@type\":\"WebSite\",\"@id\":\"https:\/\/www.pressenza.com\/es\/#website\",\"url\":\"https:\/\/www.pressenza.com\/es\/\",\"name\":\"Pressenza\",\"description\":\"International Press Agency\",\"publisher\":{\"@id\":\"https:\/\/www.pressenza.com\/es\/#organization\"},\"potentialAction\":[{\"@type\":\"SearchAction\",\"target\":{\"@type\":\"EntryPoint\",\"urlTemplate\":\"https:\/\/www.pressenza.com\/es\/?s={search_term_string}\"},\"query-input\":{\"@type\":\"PropertyValueSpecification\",\"valueRequired\":true,\"valueName\":\"search_term_string\"}}],\"inLanguage\":\"es\"},{\"@type\":\"Organization\",\"@id\":\"https:\/\/www.pressenza.com\/es\/#organization\",\"name\":\"Pressenza\",\"url\":\"https:\/\/www.pressenza.com\/es\/\",\"logo\":{\"@type\":\"ImageObject\",\"inLanguage\":\"es\",\"@id\":\"https:\/\/www.pressenza.com\/es\/#\/schema\/logo\/image\/\",\"url\":\"https:\/\/www.pressenza.com\/wp-content\/uploads\/2022\/10\/pressenza_logo_200x200.jpg\",\"contentUrl\":\"https:\/\/www.pressenza.com\/wp-content\/uploads\/2022\/10\/pressenza_logo_200x200.jpg\",\"width\":200,\"height\":200,\"caption\":\"Pressenza\"},\"image\":{\"@id\":\"https:\/\/www.pressenza.com\/es\/#\/schema\/logo\/image\/\"},\"sameAs\":[\"https:\/\/www.facebook.com\/PressenzaItalia\",\"https:\/\/x.com\/PressenzaIPA\"]},{\"@type\":\"Person\",\"@id\":\"https:\/\/www.pressenza.com\/es\/#\/schema\/person\/d7db40df35d6698ba69ba9ee260944ed\",\"name\":\"Redacci\u00f3n Chile\",\"description\":\"News from the Pressenza Bureau in Chile\",\"sameAs\":[\"https:\/\/www.facebook.com\/pressenza\",\"https:\/\/x.com\/pressenza\"],\"url\":\"https:\/\/www.pressenza.com\/es\/author\/redaccion-chile\/\"}]}<\/script>\n<!-- \/ Yoast SEO plugin. -->","yoast_head_json":{"title":"Pescadores Artesanales se re\u00fanen con embajada de Jap\u00f3n por vertimiento de agua de Fukushima","description":"Dirigentes expresaron su preocupaci\u00f3n por posibles repercusiones en Chile. Este mi\u00e9rcoles 21 de septiembre, un grupo de dirigentes del Consejo para la","robots":{"index":"index","follow":"follow","max-snippet":"max-snippet:-1","max-image-preview":"max-image-preview:large","max-video-preview":"max-video-preview:-1"},"canonical":"https:\/\/www.pressenza.com\/es\/2023\/09\/pescadores-artesanales-se-reunen-con-embajada-de-japon-por-vertimiento-de-agua-de-fukushima\/","og_locale":"es_ES","og_type":"article","og_title":"Pescadores Artesanales se re\u00fanen con embajada de Jap\u00f3n por vertimiento de agua de Fukushima","og_description":"Dirigentes expresaron su preocupaci\u00f3n por posibles repercusiones en Chile. Este mi\u00e9rcoles 21 de septiembre, un grupo de dirigentes del Consejo para la","og_url":"https:\/\/www.pressenza.com\/es\/2023\/09\/pescadores-artesanales-se-reunen-con-embajada-de-japon-por-vertimiento-de-agua-de-fukushima\/","og_site_name":"Pressenza","article_publisher":"https:\/\/www.facebook.com\/PressenzaItalia","article_author":"https:\/\/www.facebook.com\/pressenza","article_published_time":"2023-09-21T21:24:50+00:00","og_image":[{"width":1600,"height":1200,"url":"https:\/\/www.pressenza.com\/wp-content\/uploads\/2023\/09\/2023-09-21-CONDEPP-Japon.jpg","type":"image\/jpeg"}],"author":"Redacci\u00f3n Chile","twitter_card":"summary_large_image","twitter_creator":"@pressenza","twitter_site":"@PressenzaIPA","twitter_misc":{"Escrito por":"Redacci\u00f3n Chile","Tiempo de lectura":"1 minuto"},"schema":{"@context":"https:\/\/schema.org","@graph":[{"@type":"Article","@id":"https:\/\/www.pressenza.com\/es\/2023\/09\/pescadores-artesanales-se-reunen-con-embajada-de-japon-por-vertimiento-de-agua-de-fukushima\/#article","isPartOf":{"@id":"https:\/\/www.pressenza.com\/es\/2023\/09\/pescadores-artesanales-se-reunen-con-embajada-de-japon-por-vertimiento-de-agua-de-fukushima\/"},"author":{"name":"Redacci\u00f3n Chile","@id":"https:\/\/www.pressenza.com\/es\/#\/schema\/person\/d7db40df35d6698ba69ba9ee260944ed"},"headline":"Pescadores Artesanales se re\u00fanen con embajada de Jap\u00f3n por vertimiento de agua de Fukushima","datePublished":"2023-09-21T21:24:50+00:00","mainEntityOfPage":{"@id":"https:\/\/www.pressenza.com\/es\/2023\/09\/pescadores-artesanales-se-reunen-con-embajada-de-japon-por-vertimiento-de-agua-de-fukushima\/"},"wordCount":236,"publisher":{"@id":"https:\/\/www.pressenza.com\/es\/#organization"},"image":{"@id":"https:\/\/www.pressenza.com\/es\/2023\/09\/pescadores-artesanales-se-reunen-con-embajada-de-japon-por-vertimiento-de-agua-de-fukushima\/#primaryimage"},"thumbnailUrl":"https:\/\/www.pressenza.com\/wp-content\/uploads\/2023\/09\/2023-09-21-CONDEPP-Japon.jpg","keywords":["oc\u00e9anos","Pesca artesanal","planta nuclear de Fukushima"],"articleSection":["Comunicados de Prensa","Contenido Original","Ecolog\u00eda y Medio Ambiente","Sudam\u00e9rica"],"inLanguage":"es"},{"@type":"WebPage","@id":"https:\/\/www.pressenza.com\/es\/2023\/09\/pescadores-artesanales-se-reunen-con-embajada-de-japon-por-vertimiento-de-agua-de-fukushima\/","url":"https:\/\/www.pressenza.com\/es\/2023\/09\/pescadores-artesanales-se-reunen-con-embajada-de-japon-por-vertimiento-de-agua-de-fukushima\/","name":"Pescadores Artesanales se re\u00fanen con embajada de Jap\u00f3n por vertimiento de agua de Fukushima","isPartOf":{"@id":"https:\/\/www.pressenza.com\/es\/#website"},"primaryImageOfPage":{"@id":"https:\/\/www.pressenza.com\/es\/2023\/09\/pescadores-artesanales-se-reunen-con-embajada-de-japon-por-vertimiento-de-agua-de-fukushima\/#primaryimage"},"image":{"@id":"https:\/\/www.pressenza.com\/es\/2023\/09\/pescadores-artesanales-se-reunen-con-embajada-de-japon-por-vertimiento-de-agua-de-fukushima\/#primaryimage"},"thumbnailUrl":"https:\/\/www.pressenza.com\/wp-content\/uploads\/2023\/09\/2023-09-21-CONDEPP-Japon.jpg","datePublished":"2023-09-21T21:24:50+00:00","description":"Dirigentes expresaron su preocupaci\u00f3n por posibles repercusiones en Chile. Este mi\u00e9rcoles 21 de septiembre, un grupo de dirigentes del Consejo para la","breadcrumb":{"@id":"https:\/\/www.pressenza.com\/es\/2023\/09\/pescadores-artesanales-se-reunen-con-embajada-de-japon-por-vertimiento-de-agua-de-fukushima\/#breadcrumb"},"inLanguage":"es","potentialAction":[{"@type":"ReadAction","target":["https:\/\/www.pressenza.com\/es\/2023\/09\/pescadores-artesanales-se-reunen-con-embajada-de-japon-por-vertimiento-de-agua-de-fukushima\/"]}]},{"@type":"ImageObject","inLanguage":"es","@id":"https:\/\/www.pressenza.com\/es\/2023\/09\/pescadores-artesanales-se-reunen-con-embajada-de-japon-por-vertimiento-de-agua-de-fukushima\/#primaryimage","url":"https:\/\/www.pressenza.com\/wp-content\/uploads\/2023\/09\/2023-09-21-CONDEPP-Japon.jpg","contentUrl":"https:\/\/www.pressenza.com\/wp-content\/uploads\/2023\/09\/2023-09-21-CONDEPP-Japon.jpg","width":1600,"height":1200},{"@type":"BreadcrumbList","@id":"https:\/\/www.pressenza.com\/es\/2023\/09\/pescadores-artesanales-se-reunen-con-embajada-de-japon-por-vertimiento-de-agua-de-fukushima\/#breadcrumb","itemListElement":[{"@type":"ListItem","position":1,"name":"Accueil","item":"https:\/\/www.pressenza.com\/es\/"},{"@type":"ListItem","position":2,"name":"Pescadores Artesanales se re\u00fanen con embajada de Jap\u00f3n por vertimiento de agua de Fukushima"}]},{"@type":"WebSite","@id":"https:\/\/www.pressenza.com\/es\/#website","url":"https:\/\/www.pressenza.com\/es\/","name":"Pressenza","description":"International Press Agency","publisher":{"@id":"https:\/\/www.pressenza.com\/es\/#organization"},"potentialAction":[{"@type":"SearchAction","target":{"@type":"EntryPoint","urlTemplate":"https:\/\/www.pressenza.com\/es\/?s={search_term_string}"},"query-input":{"@type":"PropertyValueSpecification","valueRequired":true,"valueName":"search_term_string"}}],"inLanguage":"es"},{"@type":"Organization","@id":"https:\/\/www.pressenza.com\/es\/#organization","name":"Pressenza","url":"https:\/\/www.pressenza.com\/es\/","logo":{"@type":"ImageObject","inLanguage":"es","@id":"https:\/\/www.pressenza.com\/es\/#\/schema\/logo\/image\/","url":"https:\/\/www.pressenza.com\/wp-content\/uploads\/2022\/10\/pressenza_logo_200x200.jpg","contentUrl":"https:\/\/www.pressenza.com\/wp-content\/uploads\/2022\/10\/pressenza_logo_200x200.jpg","width":200,"height":200,"caption":"Pressenza"},"image":{"@id":"https:\/\/www.pressenza.com\/es\/#\/schema\/logo\/image\/"},"sameAs":["https:\/\/www.facebook.com\/PressenzaItalia","https:\/\/x.com\/PressenzaIPA"]},{"@type":"Person","@id":"https:\/\/www.pressenza.com\/es\/#\/schema\/person\/d7db40df35d6698ba69ba9ee260944ed","name":"Redacci\u00f3n Chile","description":"News from the Pressenza Bureau in Chile","sameAs":["https:\/\/www.facebook.com\/pressenza","https:\/\/x.com\/pressenza"],"url":"https:\/\/www.pressenza.com\/es\/author\/redaccion-chile\/"}]}},"place":"Santiago de Chile","original_article_url":"","_links":{"self":[{"href":"https:\/\/www.pressenza.com\/es\/wp-json\/wp\/v2\/posts\/1766652","targetHints":{"allow":["GET"]}}],"collection":[{"href":"https:\/\/www.pressenza.com\/es\/wp-json\/wp\/v2\/posts"}],"about":[{"href":"https:\/\/www.pressenza.com\/es\/wp-json\/wp\/v2\/types\/post"}],"author":[{"embeddable":true,"href":"https:\/\/www.pressenza.com\/es\/wp-json\/wp\/v2\/users\/43"}],"replies":[{"embeddable":true,"href":"https:\/\/www.pressenza.com\/es\/wp-json\/wp\/v2\/comments?post=1766652"}],"version-history":[{"count":0,"href":"https:\/\/www.pressenza.com\/es\/wp-json\/wp\/v2\/posts\/1766652\/revisions"}],"wp:featuredmedia":[{"embeddable":true,"href":"https:\/\/www.pressenza.com\/es\/wp-json\/wp\/v2\/media\/1766653"}],"wp:attachment":[{"href":"https:\/\/www.pressenza.com\/es\/wp-json\/wp\/v2\/media?parent=1766652"}],"wp:term":[{"taxonomy":"category","embeddable":true,"href":"https:\/\/www.pressenza.com\/es\/wp-json\/wp\/v2\/categories?post=1766652"},{"taxonomy":"post_tag","embeddable":true,"href":"https:\/\/www.pressenza.com\/es\/wp-json\/wp\/v2\/tags?post=1766652"}],"curies":[{"name":"wp","href":"https:\/\/api.w.org\/{rel}","templated":true}]}}