{"id":1766583,"date":"2023-09-22T02:10:13","date_gmt":"2023-09-22T01:10:13","guid":{"rendered":"https:\/\/www.pressenza.com\/?p=1766583"},"modified":"2023-09-21T12:12:12","modified_gmt":"2023-09-21T11:12:12","slug":"los-derroteros-cambian","status":"publish","type":"post","link":"https:\/\/www.pressenza.com\/es\/2023\/09\/los-derroteros-cambian\/","title":{"rendered":"Los derroteros cambian"},"content":{"rendered":"<p><span style=\"color: #808080;\"><em>19 de septiembre 2023, El Espectador<\/em><\/span><\/p>\n<p>La semana pasada los medios informaron que 10 militares vestidos de guerrilleros hostigaron y amenazaron a pobladores de la vereda El Manso, en el Municipio de Tierralta, C\u00f3rdoba; se nos revolvieron en las entra\u00f1as las im\u00e1genes de los falsos positivos.<\/p>\n<p>\u00a1No m\u00e1s!, volvimos a decir. No podemos repetir la historia de los 6.402 j\u00f3venes a quienes les plantaron fusiles que nunca hab\u00edan portado, y aparecieron en las fotograf\u00edas con botas puestas despu\u00e9s de haber sido asesinados.<\/p>\n<p>Es entendible que nos persiga el fantasma de un sector militar que estimulaba y premiaba violaciones atroces. Pero las personas y las instituciones cambian; las directrices evolucionan y lo que \u201cen \u00e9pocas de b\u00e1rbaras naciones\u201d se fomentaba con beneficios clandestinos, hoy es inadmisible. El actual ministerio de Defensa es 180\u00ba distinto: asume las responsabilidades y focaliza la atenci\u00f3n en la protecci\u00f3n de la vida y los derechos humanos.<\/p>\n<p>Ante el repudiable caso de los militares en Tierralta, el ministro y el alto mando castrense pusieron la cara, los soldados que pretendieron sabotear los esfuerzos por la paz fueron r\u00e1pidamente apartados de sus cargos y est\u00e1n siendo investigados.<\/p>\n<p>Hoy Colombia tiene una pol\u00edtica militar de cero tolerancia ante la violaci\u00f3n de los derechos humanos. La seguridad personal, comunitaria, econ\u00f3mica, ambiental y pol\u00edtica se abordan con el Plan Nacional de Desarrollo desde una comprensi\u00f3n integral de la seguridad humana. Los derroteros de hoy privilegian el cuidado y el respeto de la vida. Falta much\u00edsimo camino y seguimos llenos de cr\u00e1teres que se traducen en muertes que nunca debieron ser; pero es preciso reconocer una directriz en la que ya no hace carrera la vulneraci\u00f3n de los derechos; ya no es premiado el que m\u00e1s bajas le cause a la guerrilla, sino el que m\u00e1s vidas le salve a la sociedad. Los incentivos no est\u00e1n en funci\u00f3n de la muerte sino de la vida, y finalmente se comprendi\u00f3 que lo inteligente no es caerle al m\u00e1s vulnerable, sino destinar la inteligencia a desactivar los generadores de violencia.<\/p>\n<p>La prioridad no es cazar el eslab\u00f3n m\u00e1s d\u00e9bil de la cadena (l\u00e9ase campesino, peque\u00f1o cultivador o joven que rompe vitrina). La prioridad es llegar a quienes financian las armas, se lucran de ellas y cifran sus negocios en el comercio de la guerra, en la compraventa de odios inducidos y estupefacientes que destrozan c\u00e9lulas y conciencias.<\/p>\n<p>La prelaci\u00f3n de las fuerzas militares de este cuatrienio no es exhibir cad\u00e1veres ca\u00eddos en combates falsos o verdaderos; ya no estamos en la era de \u201cel triunfo de la muerte\u201d.<\/p>\n<p>La pol\u00edtica de seguridad, defensa y convivencia empieza a enfocarse en el bienestar de las personas; el respeto de los derechos humanos, el conocimiento como requisito y nutrici\u00f3n mental, el cuidado de las condiciones psicol\u00f3gicas de la fuerza p\u00fablica y especialmente la formaci\u00f3n de polic\u00edas. M\u00e1s importante que saber disparar, es saber respetar. Mejor que aprender los c\u00f3digos del odio, desarrollar habilidades para el di\u00e1logo; analizar causas y efectos de nuestros conflictos y comprender las agendas territoriales, porque es ah\u00ed donde Colombia cultiva, crece y se desangra, pide justicia y exige equidad. Ministerios de Defensa y Educaci\u00f3n est\u00e1n trabajando de la mano, y conf\u00edo en que alg\u00fan d\u00eda el t\u00e9rmino \u201cdoctrina militar\u201d no produzca miedo, sino confianza.<\/p>\n<p>Es evidente que la inseguridad sigue siendo una pesadilla, pero hay importantes avances conceptuales en temas de lineamientos y formaci\u00f3n, de t\u00e1ctica y estrategia. Ahora hay que gerenciar y cumplir, a todos los niveles, para salvar vidas y reconstruir credibilidad.<\/p>\n","protected":false},"excerpt":{"rendered":"<p>19 de septiembre 2023, El Espectador La semana pasada los medios informaron que 10 militares vestidos de guerrilleros hostigaron y amenazaron a pobladores de la vereda El Manso, en el Municipio de Tierralta, C\u00f3rdoba; se nos revolvieron en las entra\u00f1as&hellip;<\/p>\n","protected":false},"author":1897,"featured_media":1766589,"comment_status":"closed","ping_status":"closed","sticky":false,"template":"","format":"standard","meta":{"footnotes":""},"categories":[79,161,1243,74,67],"tags":[78568,30949,30,1303,55119,419],"class_list":["post-1766583","post","type-post","status-publish","format-standard","has-post-thumbnail","hentry","category-derechos-humanos","category-opiniones","category-paz-desarme","category-politica-es","category-sudamerica","tag-lahuelladeloslideres","tag-acuerdos-de-paz","tag-colombia","tag-fuerzas-armadas","tag-militares-es","tag-paz"],"yoast_head":"<!-- This site is optimized with the Yoast SEO plugin v27.1.1 - https:\/\/yoast.com\/product\/yoast-seo-wordpress\/ -->\n<title>Los derroteros cambian<\/title>\n<meta name=\"description\" content=\"19 de septiembre 2023, El Espectador La semana pasada los medios informaron que 10 militares vestidos de guerrilleros hostigaron y amenazaron a pobladores\" \/>\n<meta name=\"robots\" content=\"index, follow, max-snippet:-1, max-image-preview:large, max-video-preview:-1\" \/>\n<link rel=\"canonical\" href=\"https:\/\/www.pressenza.com\/es\/2023\/09\/los-derroteros-cambian\/\" \/>\n<meta property=\"og:locale\" content=\"es_ES\" \/>\n<meta property=\"og:type\" content=\"article\" \/>\n<meta property=\"og:title\" content=\"Los derroteros cambian\" \/>\n<meta property=\"og:description\" content=\"19 de septiembre 2023, El Espectador La semana pasada los medios informaron que 10 militares vestidos de guerrilleros hostigaron y amenazaron a pobladores\" \/>\n<meta property=\"og:url\" content=\"https:\/\/www.pressenza.com\/es\/2023\/09\/los-derroteros-cambian\/\" \/>\n<meta property=\"og:site_name\" content=\"Pressenza\" \/>\n<meta property=\"article:publisher\" content=\"https:\/\/www.facebook.com\/PressenzaItalia\" \/>\n<meta property=\"article:published_time\" content=\"2023-09-22T01:10:13+00:00\" \/>\n<meta property=\"og:image\" content=\"https:\/\/www.pressenza.com\/wp-content\/uploads\/2023\/09\/ejercito-Tierralta-Captura-de-video-El-Espectador.jpg\" \/>\n\t<meta property=\"og:image:width\" content=\"1024\" \/>\n\t<meta property=\"og:image:height\" content=\"609\" \/>\n\t<meta property=\"og:image:type\" content=\"image\/jpeg\" \/>\n<meta name=\"author\" content=\"Gloria Arias Nieto\" \/>\n<meta name=\"twitter:card\" content=\"summary_large_image\" \/>\n<meta name=\"twitter:creator\" content=\"@gloriariasnieto\" \/>\n<meta name=\"twitter:site\" content=\"@PressenzaIPA\" \/>\n<meta name=\"twitter:label1\" content=\"Escrito por\" \/>\n\t<meta name=\"twitter:data1\" content=\"Gloria Arias Nieto\" \/>\n\t<meta name=\"twitter:label2\" content=\"Tiempo de lectura\" \/>\n\t<meta name=\"twitter:data2\" content=\"3 minutos\" \/>\n<script type=\"application\/ld+json\" class=\"yoast-schema-graph\">{\"@context\":\"https:\/\/schema.org\",\"@graph\":[{\"@type\":\"Article\",\"@id\":\"https:\/\/www.pressenza.com\/es\/2023\/09\/los-derroteros-cambian\/#article\",\"isPartOf\":{\"@id\":\"https:\/\/www.pressenza.com\/es\/2023\/09\/los-derroteros-cambian\/\"},\"author\":{\"name\":\"Gloria Arias Nieto\",\"@id\":\"https:\/\/www.pressenza.com\/es\/#\/schema\/person\/476779c5c0c262f919761226ef961a29\"},\"headline\":\"Los derroteros cambian\",\"datePublished\":\"2023-09-22T01:10:13+00:00\",\"mainEntityOfPage\":{\"@id\":\"https:\/\/www.pressenza.com\/es\/2023\/09\/los-derroteros-cambian\/\"},\"wordCount\":631,\"publisher\":{\"@id\":\"https:\/\/www.pressenza.com\/es\/#organization\"},\"image\":{\"@id\":\"https:\/\/www.pressenza.com\/es\/2023\/09\/los-derroteros-cambian\/#primaryimage\"},\"thumbnailUrl\":\"https:\/\/www.pressenza.com\/wp-content\/uploads\/2023\/09\/ejercito-Tierralta-Captura-de-video-El-Espectador.jpg\",\"keywords\":[\"#LaHuellaDeLosLideres\",\"Acuerdos de Paz\",\"Colombia\",\"Fuerzas armadas\",\"militares\",\"Paz\"],\"articleSection\":[\"Derechos Humanos\",\"Opiniones\",\"Paz y Desarme\",\"Pol\u00edtica\",\"Sudam\u00e9rica\"],\"inLanguage\":\"es\"},{\"@type\":\"WebPage\",\"@id\":\"https:\/\/www.pressenza.com\/es\/2023\/09\/los-derroteros-cambian\/\",\"url\":\"https:\/\/www.pressenza.com\/es\/2023\/09\/los-derroteros-cambian\/\",\"name\":\"Los derroteros cambian\",\"isPartOf\":{\"@id\":\"https:\/\/www.pressenza.com\/es\/#website\"},\"primaryImageOfPage\":{\"@id\":\"https:\/\/www.pressenza.com\/es\/2023\/09\/los-derroteros-cambian\/#primaryimage\"},\"image\":{\"@id\":\"https:\/\/www.pressenza.com\/es\/2023\/09\/los-derroteros-cambian\/#primaryimage\"},\"thumbnailUrl\":\"https:\/\/www.pressenza.com\/wp-content\/uploads\/2023\/09\/ejercito-Tierralta-Captura-de-video-El-Espectador.jpg\",\"datePublished\":\"2023-09-22T01:10:13+00:00\",\"description\":\"19 de septiembre 2023, El Espectador La semana pasada los medios informaron que 10 militares vestidos de guerrilleros hostigaron y amenazaron a pobladores\",\"breadcrumb\":{\"@id\":\"https:\/\/www.pressenza.com\/es\/2023\/09\/los-derroteros-cambian\/#breadcrumb\"},\"inLanguage\":\"es\",\"potentialAction\":[{\"@type\":\"ReadAction\",\"target\":[\"https:\/\/www.pressenza.com\/es\/2023\/09\/los-derroteros-cambian\/\"]}]},{\"@type\":\"ImageObject\",\"inLanguage\":\"es\",\"@id\":\"https:\/\/www.pressenza.com\/es\/2023\/09\/los-derroteros-cambian\/#primaryimage\",\"url\":\"https:\/\/www.pressenza.com\/wp-content\/uploads\/2023\/09\/ejercito-Tierralta-Captura-de-video-El-Espectador.jpg\",\"contentUrl\":\"https:\/\/www.pressenza.com\/wp-content\/uploads\/2023\/09\/ejercito-Tierralta-Captura-de-video-El-Espectador.jpg\",\"width\":1024,\"height\":609},{\"@type\":\"BreadcrumbList\",\"@id\":\"https:\/\/www.pressenza.com\/es\/2023\/09\/los-derroteros-cambian\/#breadcrumb\",\"itemListElement\":[{\"@type\":\"ListItem\",\"position\":1,\"name\":\"Accueil\",\"item\":\"https:\/\/www.pressenza.com\/es\/\"},{\"@type\":\"ListItem\",\"position\":2,\"name\":\"Los derroteros cambian\"}]},{\"@type\":\"WebSite\",\"@id\":\"https:\/\/www.pressenza.com\/es\/#website\",\"url\":\"https:\/\/www.pressenza.com\/es\/\",\"name\":\"Pressenza\",\"description\":\"International Press Agency\",\"publisher\":{\"@id\":\"https:\/\/www.pressenza.com\/es\/#organization\"},\"potentialAction\":[{\"@type\":\"SearchAction\",\"target\":{\"@type\":\"EntryPoint\",\"urlTemplate\":\"https:\/\/www.pressenza.com\/es\/?s={search_term_string}\"},\"query-input\":{\"@type\":\"PropertyValueSpecification\",\"valueRequired\":true,\"valueName\":\"search_term_string\"}}],\"inLanguage\":\"es\"},{\"@type\":\"Organization\",\"@id\":\"https:\/\/www.pressenza.com\/es\/#organization\",\"name\":\"Pressenza\",\"url\":\"https:\/\/www.pressenza.com\/es\/\",\"logo\":{\"@type\":\"ImageObject\",\"inLanguage\":\"es\",\"@id\":\"https:\/\/www.pressenza.com\/es\/#\/schema\/logo\/image\/\",\"url\":\"https:\/\/www.pressenza.com\/wp-content\/uploads\/2022\/10\/pressenza_logo_200x200.jpg\",\"contentUrl\":\"https:\/\/www.pressenza.com\/wp-content\/uploads\/2022\/10\/pressenza_logo_200x200.jpg\",\"width\":200,\"height\":200,\"caption\":\"Pressenza\"},\"image\":{\"@id\":\"https:\/\/www.pressenza.com\/es\/#\/schema\/logo\/image\/\"},\"sameAs\":[\"https:\/\/www.facebook.com\/PressenzaItalia\",\"https:\/\/x.com\/PressenzaIPA\"]},{\"@type\":\"Person\",\"@id\":\"https:\/\/www.pressenza.com\/es\/#\/schema\/person\/476779c5c0c262f919761226ef961a29\",\"name\":\"Gloria Arias Nieto\",\"description\":\"M\u00e9dica y periodista, columnista de El Espectador. Promotora de procesos de paz y reconciliaci\u00f3n. Miembro del movimiento Defendamos la Paz (DLP) @gloriariasnieto\",\"sameAs\":[\"https:\/\/x.com\/gloriariasnieto\"],\"url\":\"https:\/\/www.pressenza.com\/es\/author\/gloria-arias-nieto\/\"}]}<\/script>\n<!-- \/ Yoast SEO plugin. -->","yoast_head_json":{"title":"Los derroteros cambian","description":"19 de septiembre 2023, El Espectador La semana pasada los medios informaron que 10 militares vestidos de guerrilleros hostigaron y amenazaron a pobladores","robots":{"index":"index","follow":"follow","max-snippet":"max-snippet:-1","max-image-preview":"max-image-preview:large","max-video-preview":"max-video-preview:-1"},"canonical":"https:\/\/www.pressenza.com\/es\/2023\/09\/los-derroteros-cambian\/","og_locale":"es_ES","og_type":"article","og_title":"Los derroteros cambian","og_description":"19 de septiembre 2023, El Espectador La semana pasada los medios informaron que 10 militares vestidos de guerrilleros hostigaron y amenazaron a pobladores","og_url":"https:\/\/www.pressenza.com\/es\/2023\/09\/los-derroteros-cambian\/","og_site_name":"Pressenza","article_publisher":"https:\/\/www.facebook.com\/PressenzaItalia","article_published_time":"2023-09-22T01:10:13+00:00","og_image":[{"width":1024,"height":609,"url":"https:\/\/www.pressenza.com\/wp-content\/uploads\/2023\/09\/ejercito-Tierralta-Captura-de-video-El-Espectador.jpg","type":"image\/jpeg"}],"author":"Gloria Arias Nieto","twitter_card":"summary_large_image","twitter_creator":"@gloriariasnieto","twitter_site":"@PressenzaIPA","twitter_misc":{"Escrito por":"Gloria Arias Nieto","Tiempo de lectura":"3 minutos"},"schema":{"@context":"https:\/\/schema.org","@graph":[{"@type":"Article","@id":"https:\/\/www.pressenza.com\/es\/2023\/09\/los-derroteros-cambian\/#article","isPartOf":{"@id":"https:\/\/www.pressenza.com\/es\/2023\/09\/los-derroteros-cambian\/"},"author":{"name":"Gloria Arias Nieto","@id":"https:\/\/www.pressenza.com\/es\/#\/schema\/person\/476779c5c0c262f919761226ef961a29"},"headline":"Los derroteros cambian","datePublished":"2023-09-22T01:10:13+00:00","mainEntityOfPage":{"@id":"https:\/\/www.pressenza.com\/es\/2023\/09\/los-derroteros-cambian\/"},"wordCount":631,"publisher":{"@id":"https:\/\/www.pressenza.com\/es\/#organization"},"image":{"@id":"https:\/\/www.pressenza.com\/es\/2023\/09\/los-derroteros-cambian\/#primaryimage"},"thumbnailUrl":"https:\/\/www.pressenza.com\/wp-content\/uploads\/2023\/09\/ejercito-Tierralta-Captura-de-video-El-Espectador.jpg","keywords":["#LaHuellaDeLosLideres","Acuerdos de Paz","Colombia","Fuerzas armadas","militares","Paz"],"articleSection":["Derechos Humanos","Opiniones","Paz y Desarme","Pol\u00edtica","Sudam\u00e9rica"],"inLanguage":"es"},{"@type":"WebPage","@id":"https:\/\/www.pressenza.com\/es\/2023\/09\/los-derroteros-cambian\/","url":"https:\/\/www.pressenza.com\/es\/2023\/09\/los-derroteros-cambian\/","name":"Los derroteros cambian","isPartOf":{"@id":"https:\/\/www.pressenza.com\/es\/#website"},"primaryImageOfPage":{"@id":"https:\/\/www.pressenza.com\/es\/2023\/09\/los-derroteros-cambian\/#primaryimage"},"image":{"@id":"https:\/\/www.pressenza.com\/es\/2023\/09\/los-derroteros-cambian\/#primaryimage"},"thumbnailUrl":"https:\/\/www.pressenza.com\/wp-content\/uploads\/2023\/09\/ejercito-Tierralta-Captura-de-video-El-Espectador.jpg","datePublished":"2023-09-22T01:10:13+00:00","description":"19 de septiembre 2023, El Espectador La semana pasada los medios informaron que 10 militares vestidos de guerrilleros hostigaron y amenazaron a pobladores","breadcrumb":{"@id":"https:\/\/www.pressenza.com\/es\/2023\/09\/los-derroteros-cambian\/#breadcrumb"},"inLanguage":"es","potentialAction":[{"@type":"ReadAction","target":["https:\/\/www.pressenza.com\/es\/2023\/09\/los-derroteros-cambian\/"]}]},{"@type":"ImageObject","inLanguage":"es","@id":"https:\/\/www.pressenza.com\/es\/2023\/09\/los-derroteros-cambian\/#primaryimage","url":"https:\/\/www.pressenza.com\/wp-content\/uploads\/2023\/09\/ejercito-Tierralta-Captura-de-video-El-Espectador.jpg","contentUrl":"https:\/\/www.pressenza.com\/wp-content\/uploads\/2023\/09\/ejercito-Tierralta-Captura-de-video-El-Espectador.jpg","width":1024,"height":609},{"@type":"BreadcrumbList","@id":"https:\/\/www.pressenza.com\/es\/2023\/09\/los-derroteros-cambian\/#breadcrumb","itemListElement":[{"@type":"ListItem","position":1,"name":"Accueil","item":"https:\/\/www.pressenza.com\/es\/"},{"@type":"ListItem","position":2,"name":"Los derroteros cambian"}]},{"@type":"WebSite","@id":"https:\/\/www.pressenza.com\/es\/#website","url":"https:\/\/www.pressenza.com\/es\/","name":"Pressenza","description":"International Press Agency","publisher":{"@id":"https:\/\/www.pressenza.com\/es\/#organization"},"potentialAction":[{"@type":"SearchAction","target":{"@type":"EntryPoint","urlTemplate":"https:\/\/www.pressenza.com\/es\/?s={search_term_string}"},"query-input":{"@type":"PropertyValueSpecification","valueRequired":true,"valueName":"search_term_string"}}],"inLanguage":"es"},{"@type":"Organization","@id":"https:\/\/www.pressenza.com\/es\/#organization","name":"Pressenza","url":"https:\/\/www.pressenza.com\/es\/","logo":{"@type":"ImageObject","inLanguage":"es","@id":"https:\/\/www.pressenza.com\/es\/#\/schema\/logo\/image\/","url":"https:\/\/www.pressenza.com\/wp-content\/uploads\/2022\/10\/pressenza_logo_200x200.jpg","contentUrl":"https:\/\/www.pressenza.com\/wp-content\/uploads\/2022\/10\/pressenza_logo_200x200.jpg","width":200,"height":200,"caption":"Pressenza"},"image":{"@id":"https:\/\/www.pressenza.com\/es\/#\/schema\/logo\/image\/"},"sameAs":["https:\/\/www.facebook.com\/PressenzaItalia","https:\/\/x.com\/PressenzaIPA"]},{"@type":"Person","@id":"https:\/\/www.pressenza.com\/es\/#\/schema\/person\/476779c5c0c262f919761226ef961a29","name":"Gloria Arias Nieto","description":"M\u00e9dica y periodista, columnista de El Espectador. Promotora de procesos de paz y reconciliaci\u00f3n. Miembro del movimiento Defendamos la Paz (DLP) @gloriariasnieto","sameAs":["https:\/\/x.com\/gloriariasnieto"],"url":"https:\/\/www.pressenza.com\/es\/author\/gloria-arias-nieto\/"}]}},"place":"Bogot\u00e1, Colombia","original_article_url":"https:\/\/www.elespectador.com\/opinion\/columnistas\/gloria-arias-nieto\/los- derroteros-cambian\/","_links":{"self":[{"href":"https:\/\/www.pressenza.com\/es\/wp-json\/wp\/v2\/posts\/1766583","targetHints":{"allow":["GET"]}}],"collection":[{"href":"https:\/\/www.pressenza.com\/es\/wp-json\/wp\/v2\/posts"}],"about":[{"href":"https:\/\/www.pressenza.com\/es\/wp-json\/wp\/v2\/types\/post"}],"author":[{"embeddable":true,"href":"https:\/\/www.pressenza.com\/es\/wp-json\/wp\/v2\/users\/1897"}],"replies":[{"embeddable":true,"href":"https:\/\/www.pressenza.com\/es\/wp-json\/wp\/v2\/comments?post=1766583"}],"version-history":[{"count":0,"href":"https:\/\/www.pressenza.com\/es\/wp-json\/wp\/v2\/posts\/1766583\/revisions"}],"wp:featuredmedia":[{"embeddable":true,"href":"https:\/\/www.pressenza.com\/es\/wp-json\/wp\/v2\/media\/1766589"}],"wp:attachment":[{"href":"https:\/\/www.pressenza.com\/es\/wp-json\/wp\/v2\/media?parent=1766583"}],"wp:term":[{"taxonomy":"category","embeddable":true,"href":"https:\/\/www.pressenza.com\/es\/wp-json\/wp\/v2\/categories?post=1766583"},{"taxonomy":"post_tag","embeddable":true,"href":"https:\/\/www.pressenza.com\/es\/wp-json\/wp\/v2\/tags?post=1766583"}],"curies":[{"name":"wp","href":"https:\/\/api.w.org\/{rel}","templated":true}]}}