{"id":1764605,"date":"2023-09-11T23:52:54","date_gmt":"2023-09-11T22:52:54","guid":{"rendered":"https:\/\/www.pressenza.com\/?p=1764605"},"modified":"2023-09-11T23:52:54","modified_gmt":"2023-09-11T22:52:54","slug":"mexico-y-colombia-acuerdan-combatir-trafico-y-consumo-de-drogas-desde-las-causas","status":"publish","type":"post","link":"https:\/\/www.pressenza.com\/es\/2023\/09\/mexico-y-colombia-acuerdan-combatir-trafico-y-consumo-de-drogas-desde-las-causas\/","title":{"rendered":"M\u00e9xico y Colombia acuerdan combatir tr\u00e1fico y consumo de drogas desde las causas"},"content":{"rendered":"<p>Los Gobiernos de M\u00e9xico y Colombia, encabezados por los presidentes Andr\u00e9s Manuel L\u00f3pez Obrador y Gustavo Petro, respectivamente, acordaron este s\u00e1bado combatir el tr\u00e1fico y el consumo de drogas desde las causas, inform\u00f3 el Gobierno mexicano en un comunicado.<\/p>\n<p>El acuerdo se produjo durante la clausura de la Conferencia Latinoamericana y del Caribe sobre Drogas, que se realiz\u00f3 del 7 al 9 de septiembre en Cali, Colombia, y a la que el mandatario mexicano asisti\u00f3 como parte de una gira de trabajo por Sudam\u00e9rica, que tambi\u00e9n le llevar\u00e1 a Chile.<\/p>\n<p>L\u00f3pez Obrador enfatiz\u00f3 la importancia de abordar las causas fundamentales del tr\u00e1fico y consumo de drogas en lugar de recurrir \u00fanicamente a medidas coercitivas.<\/p>\n<p>Destac\u00f3 la necesidad de luchar contra la pobreza y la desigualdad como base para alcanzar la paz y la justicia, y celebr\u00f3 los acuerdos suscritos por los pa\u00edses participantes en el encuentro.<\/p>\n<p>A partir de ellos, L\u00f3pez Obrador deline\u00f3 cinco propuestas para los pa\u00edses latinoamericanos y caribe\u00f1os.<\/p>\n<p>La primera consisti\u00f3 en procurar inversiones propias y de organismos financieros internacionales para fortalecer la actividad productiva del campo en los pa\u00edses de la regi\u00f3n, con el fin de sustituir la siembra de marihuana, amapola y otros cultivos vinculados al narcotr\u00e1fico, por ma\u00edz, frijol, caf\u00e9 y millones de \u00e1rboles frutales y maderables.<\/p>\n<p>\u00abLo segundo, no permitir nunca m\u00e1s el saqueo de los recursos naturales de nuestros pa\u00edses. M\u00e1s que una pandemia, una peste, es la corrupci\u00f3n y hay que desterrarla. En el caso nuestro, nada ha da\u00f1ado m\u00e1s a M\u00e9xico que la deshonestidad de sus gobernantes y de la oligarqu\u00eda\u00bb, dijo L\u00f3pez Obrador.<\/p>\n<p>El presidente mexicano inst\u00f3, adem\u00e1s, a promover el desarrollo con bienestar a partir de un principio: \u00abpor el bien de todos, primero los pobres\u00bb, y convoc\u00f3 a \u00abevitar la desintegraci\u00f3n familiar y atender a los j\u00f3venes para evitar que ingresen a las bandas criminales\u00bb.<\/p>\n<p>La Conferencia Latinoamericana y del Caribe sobre Drogas fue convocada por el presidente de Colombia para iniciar un di\u00e1logo regional sobre las causas estructurales del tr\u00e1fico y consumo de estupefacientes, as\u00ed como la necesidad de explorar alternativas pol\u00edticas para abordar la problem\u00e1tica de las drogas en el contexto regional latinoamericano.<\/p>\n","protected":false},"excerpt":{"rendered":"<p>Los Gobiernos de M\u00e9xico y Colombia, encabezados por los presidentes Andr\u00e9s Manuel L\u00f3pez Obrador y Gustavo Petro, respectivamente, acordaron este s\u00e1bado combatir el tr\u00e1fico y el consumo de drogas desde las causas, inform\u00f3 el Gobierno mexicano en un comunicado. El&hellip;<\/p>\n","protected":false},"author":2266,"featured_media":1764606,"comment_status":"closed","ping_status":"closed","sticky":false,"template":"","format":"standard","meta":{"footnotes":""},"categories":[68,106739,74,67],"tags":[106973,42960,1322],"class_list":["post-1764605","post","type-post","status-publish","format-standard","has-post-thumbnail","hentry","category-norteamerica","category-noticia","category-politica-es","category-sudamerica","tag-gustavopetro","tag-amlo","tag-drogas"],"yoast_head":"<!-- This site is optimized with the Yoast SEO plugin v27.1.1 - https:\/\/yoast.com\/product\/yoast-seo-wordpress\/ -->\n<title>M\u00e9xico y Colombia acuerdan combatir tr\u00e1fico y consumo de drogas desde las causas<\/title>\n<meta name=\"description\" content=\"Los Gobiernos de M\u00e9xico y Colombia, encabezados por los presidentes Andr\u00e9s Manuel L\u00f3pez Obrador y Gustavo Petro, respectivamente, acordaron este s\u00e1bado\" \/>\n<meta name=\"robots\" content=\"index, follow, max-snippet:-1, max-image-preview:large, max-video-preview:-1\" \/>\n<link rel=\"canonical\" href=\"https:\/\/www.pressenza.com\/es\/2023\/09\/mexico-y-colombia-acuerdan-combatir-trafico-y-consumo-de-drogas-desde-las-causas\/\" \/>\n<meta property=\"og:locale\" content=\"es_ES\" \/>\n<meta property=\"og:type\" content=\"article\" \/>\n<meta property=\"og:title\" content=\"M\u00e9xico y Colombia acuerdan combatir tr\u00e1fico y consumo de drogas desde las causas\" \/>\n<meta property=\"og:description\" content=\"Los Gobiernos de M\u00e9xico y Colombia, encabezados por los presidentes Andr\u00e9s Manuel L\u00f3pez Obrador y Gustavo Petro, respectivamente, acordaron este s\u00e1bado\" \/>\n<meta property=\"og:url\" content=\"https:\/\/www.pressenza.com\/es\/2023\/09\/mexico-y-colombia-acuerdan-combatir-trafico-y-consumo-de-drogas-desde-las-causas\/\" \/>\n<meta property=\"og:site_name\" content=\"Pressenza\" \/>\n<meta property=\"article:publisher\" content=\"https:\/\/www.facebook.com\/PressenzaItalia\" \/>\n<meta property=\"article:published_time\" content=\"2023-09-11T22:52:54+00:00\" \/>\n<meta property=\"og:image\" content=\"https:\/\/www.pressenza.com\/wp-content\/uploads\/2023\/09\/hqdefault.jpg\" \/>\n\t<meta property=\"og:image:width\" content=\"480\" \/>\n\t<meta property=\"og:image:height\" content=\"360\" \/>\n\t<meta property=\"og:image:type\" content=\"image\/jpeg\" \/>\n<meta name=\"author\" content=\"Xinhua\" \/>\n<meta name=\"twitter:card\" content=\"summary_large_image\" \/>\n<meta name=\"twitter:creator\" content=\"@PressenzaIPA\" \/>\n<meta name=\"twitter:site\" content=\"@PressenzaIPA\" \/>\n<meta name=\"twitter:label1\" content=\"Escrito por\" \/>\n\t<meta name=\"twitter:data1\" content=\"Xinhua\" \/>\n\t<meta name=\"twitter:label2\" content=\"Tiempo de lectura\" \/>\n\t<meta name=\"twitter:data2\" content=\"2 minutos\" \/>\n<script type=\"application\/ld+json\" class=\"yoast-schema-graph\">{\"@context\":\"https:\/\/schema.org\",\"@graph\":[{\"@type\":\"Article\",\"@id\":\"https:\/\/www.pressenza.com\/es\/2023\/09\/mexico-y-colombia-acuerdan-combatir-trafico-y-consumo-de-drogas-desde-las-causas\/#article\",\"isPartOf\":{\"@id\":\"https:\/\/www.pressenza.com\/es\/2023\/09\/mexico-y-colombia-acuerdan-combatir-trafico-y-consumo-de-drogas-desde-las-causas\/\"},\"author\":{\"name\":\"Xinhua\",\"@id\":\"https:\/\/www.pressenza.com\/es\/#\/schema\/person\/f7d16a80c42ebb5aefb3b4c8b32b6c2e\"},\"headline\":\"M\u00e9xico y Colombia acuerdan combatir tr\u00e1fico y consumo de drogas desde las causas\",\"datePublished\":\"2023-09-11T22:52:54+00:00\",\"mainEntityOfPage\":{\"@id\":\"https:\/\/www.pressenza.com\/es\/2023\/09\/mexico-y-colombia-acuerdan-combatir-trafico-y-consumo-de-drogas-desde-las-causas\/\"},\"wordCount\":404,\"publisher\":{\"@id\":\"https:\/\/www.pressenza.com\/es\/#organization\"},\"image\":{\"@id\":\"https:\/\/www.pressenza.com\/es\/2023\/09\/mexico-y-colombia-acuerdan-combatir-trafico-y-consumo-de-drogas-desde-las-causas\/#primaryimage\"},\"thumbnailUrl\":\"https:\/\/www.pressenza.com\/wp-content\/uploads\/2023\/09\/hqdefault.jpg\",\"keywords\":[\"#GustavoPetro\",\"AMLO\",\"drogas\"],\"articleSection\":[\"Norteam\u00e9rica\",\"Noticia\",\"Pol\u00edtica\",\"Sudam\u00e9rica\"],\"inLanguage\":\"es\"},{\"@type\":\"WebPage\",\"@id\":\"https:\/\/www.pressenza.com\/es\/2023\/09\/mexico-y-colombia-acuerdan-combatir-trafico-y-consumo-de-drogas-desde-las-causas\/\",\"url\":\"https:\/\/www.pressenza.com\/es\/2023\/09\/mexico-y-colombia-acuerdan-combatir-trafico-y-consumo-de-drogas-desde-las-causas\/\",\"name\":\"M\u00e9xico y Colombia acuerdan combatir tr\u00e1fico y consumo de drogas desde las causas\",\"isPartOf\":{\"@id\":\"https:\/\/www.pressenza.com\/es\/#website\"},\"primaryImageOfPage\":{\"@id\":\"https:\/\/www.pressenza.com\/es\/2023\/09\/mexico-y-colombia-acuerdan-combatir-trafico-y-consumo-de-drogas-desde-las-causas\/#primaryimage\"},\"image\":{\"@id\":\"https:\/\/www.pressenza.com\/es\/2023\/09\/mexico-y-colombia-acuerdan-combatir-trafico-y-consumo-de-drogas-desde-las-causas\/#primaryimage\"},\"thumbnailUrl\":\"https:\/\/www.pressenza.com\/wp-content\/uploads\/2023\/09\/hqdefault.jpg\",\"datePublished\":\"2023-09-11T22:52:54+00:00\",\"description\":\"Los Gobiernos de M\u00e9xico y Colombia, encabezados por los presidentes Andr\u00e9s Manuel L\u00f3pez Obrador y Gustavo Petro, respectivamente, acordaron este s\u00e1bado\",\"breadcrumb\":{\"@id\":\"https:\/\/www.pressenza.com\/es\/2023\/09\/mexico-y-colombia-acuerdan-combatir-trafico-y-consumo-de-drogas-desde-las-causas\/#breadcrumb\"},\"inLanguage\":\"es\",\"potentialAction\":[{\"@type\":\"ReadAction\",\"target\":[\"https:\/\/www.pressenza.com\/es\/2023\/09\/mexico-y-colombia-acuerdan-combatir-trafico-y-consumo-de-drogas-desde-las-causas\/\"]}]},{\"@type\":\"ImageObject\",\"inLanguage\":\"es\",\"@id\":\"https:\/\/www.pressenza.com\/es\/2023\/09\/mexico-y-colombia-acuerdan-combatir-trafico-y-consumo-de-drogas-desde-las-causas\/#primaryimage\",\"url\":\"https:\/\/www.pressenza.com\/wp-content\/uploads\/2023\/09\/hqdefault.jpg\",\"contentUrl\":\"https:\/\/www.pressenza.com\/wp-content\/uploads\/2023\/09\/hqdefault.jpg\",\"width\":480,\"height\":360},{\"@type\":\"BreadcrumbList\",\"@id\":\"https:\/\/www.pressenza.com\/es\/2023\/09\/mexico-y-colombia-acuerdan-combatir-trafico-y-consumo-de-drogas-desde-las-causas\/#breadcrumb\",\"itemListElement\":[{\"@type\":\"ListItem\",\"position\":1,\"name\":\"Accueil\",\"item\":\"https:\/\/www.pressenza.com\/es\/\"},{\"@type\":\"ListItem\",\"position\":2,\"name\":\"M\u00e9xico y Colombia acuerdan combatir tr\u00e1fico y consumo de drogas desde las causas\"}]},{\"@type\":\"WebSite\",\"@id\":\"https:\/\/www.pressenza.com\/es\/#website\",\"url\":\"https:\/\/www.pressenza.com\/es\/\",\"name\":\"Pressenza\",\"description\":\"International Press Agency\",\"publisher\":{\"@id\":\"https:\/\/www.pressenza.com\/es\/#organization\"},\"potentialAction\":[{\"@type\":\"SearchAction\",\"target\":{\"@type\":\"EntryPoint\",\"urlTemplate\":\"https:\/\/www.pressenza.com\/es\/?s={search_term_string}\"},\"query-input\":{\"@type\":\"PropertyValueSpecification\",\"valueRequired\":true,\"valueName\":\"search_term_string\"}}],\"inLanguage\":\"es\"},{\"@type\":\"Organization\",\"@id\":\"https:\/\/www.pressenza.com\/es\/#organization\",\"name\":\"Pressenza\",\"url\":\"https:\/\/www.pressenza.com\/es\/\",\"logo\":{\"@type\":\"ImageObject\",\"inLanguage\":\"es\",\"@id\":\"https:\/\/www.pressenza.com\/es\/#\/schema\/logo\/image\/\",\"url\":\"https:\/\/www.pressenza.com\/wp-content\/uploads\/2022\/10\/pressenza_logo_200x200.jpg\",\"contentUrl\":\"https:\/\/www.pressenza.com\/wp-content\/uploads\/2022\/10\/pressenza_logo_200x200.jpg\",\"width\":200,\"height\":200,\"caption\":\"Pressenza\"},\"image\":{\"@id\":\"https:\/\/www.pressenza.com\/es\/#\/schema\/logo\/image\/\"},\"sameAs\":[\"https:\/\/www.facebook.com\/PressenzaItalia\",\"https:\/\/x.com\/PressenzaIPA\"]},{\"@type\":\"Person\",\"@id\":\"https:\/\/www.pressenza.com\/es\/#\/schema\/person\/f7d16a80c42ebb5aefb3b4c8b32b6c2e\",\"name\":\"Xinhua\",\"description\":\"Official State news agency of the People's Republic of China. http:\/\/www.xinhuanet.com\/. \u00a0 \u00a0Xinhua articles and photos published on Pressenza are free to reproduce, provided that the source and author are clearly mentioned.\",\"url\":\"https:\/\/www.pressenza.com\/es\/author\/xinhua\/\"}]}<\/script>\n<!-- \/ Yoast SEO plugin. -->","yoast_head_json":{"title":"M\u00e9xico y Colombia acuerdan combatir tr\u00e1fico y consumo de drogas desde las causas","description":"Los Gobiernos de M\u00e9xico y Colombia, encabezados por los presidentes Andr\u00e9s Manuel L\u00f3pez Obrador y Gustavo Petro, respectivamente, acordaron este s\u00e1bado","robots":{"index":"index","follow":"follow","max-snippet":"max-snippet:-1","max-image-preview":"max-image-preview:large","max-video-preview":"max-video-preview:-1"},"canonical":"https:\/\/www.pressenza.com\/es\/2023\/09\/mexico-y-colombia-acuerdan-combatir-trafico-y-consumo-de-drogas-desde-las-causas\/","og_locale":"es_ES","og_type":"article","og_title":"M\u00e9xico y Colombia acuerdan combatir tr\u00e1fico y consumo de drogas desde las causas","og_description":"Los Gobiernos de M\u00e9xico y Colombia, encabezados por los presidentes Andr\u00e9s Manuel L\u00f3pez Obrador y Gustavo Petro, respectivamente, acordaron este s\u00e1bado","og_url":"https:\/\/www.pressenza.com\/es\/2023\/09\/mexico-y-colombia-acuerdan-combatir-trafico-y-consumo-de-drogas-desde-las-causas\/","og_site_name":"Pressenza","article_publisher":"https:\/\/www.facebook.com\/PressenzaItalia","article_published_time":"2023-09-11T22:52:54+00:00","og_image":[{"width":480,"height":360,"url":"https:\/\/www.pressenza.com\/wp-content\/uploads\/2023\/09\/hqdefault.jpg","type":"image\/jpeg"}],"author":"Xinhua","twitter_card":"summary_large_image","twitter_creator":"@PressenzaIPA","twitter_site":"@PressenzaIPA","twitter_misc":{"Escrito por":"Xinhua","Tiempo de lectura":"2 minutos"},"schema":{"@context":"https:\/\/schema.org","@graph":[{"@type":"Article","@id":"https:\/\/www.pressenza.com\/es\/2023\/09\/mexico-y-colombia-acuerdan-combatir-trafico-y-consumo-de-drogas-desde-las-causas\/#article","isPartOf":{"@id":"https:\/\/www.pressenza.com\/es\/2023\/09\/mexico-y-colombia-acuerdan-combatir-trafico-y-consumo-de-drogas-desde-las-causas\/"},"author":{"name":"Xinhua","@id":"https:\/\/www.pressenza.com\/es\/#\/schema\/person\/f7d16a80c42ebb5aefb3b4c8b32b6c2e"},"headline":"M\u00e9xico y Colombia acuerdan combatir tr\u00e1fico y consumo de drogas desde las causas","datePublished":"2023-09-11T22:52:54+00:00","mainEntityOfPage":{"@id":"https:\/\/www.pressenza.com\/es\/2023\/09\/mexico-y-colombia-acuerdan-combatir-trafico-y-consumo-de-drogas-desde-las-causas\/"},"wordCount":404,"publisher":{"@id":"https:\/\/www.pressenza.com\/es\/#organization"},"image":{"@id":"https:\/\/www.pressenza.com\/es\/2023\/09\/mexico-y-colombia-acuerdan-combatir-trafico-y-consumo-de-drogas-desde-las-causas\/#primaryimage"},"thumbnailUrl":"https:\/\/www.pressenza.com\/wp-content\/uploads\/2023\/09\/hqdefault.jpg","keywords":["#GustavoPetro","AMLO","drogas"],"articleSection":["Norteam\u00e9rica","Noticia","Pol\u00edtica","Sudam\u00e9rica"],"inLanguage":"es"},{"@type":"WebPage","@id":"https:\/\/www.pressenza.com\/es\/2023\/09\/mexico-y-colombia-acuerdan-combatir-trafico-y-consumo-de-drogas-desde-las-causas\/","url":"https:\/\/www.pressenza.com\/es\/2023\/09\/mexico-y-colombia-acuerdan-combatir-trafico-y-consumo-de-drogas-desde-las-causas\/","name":"M\u00e9xico y Colombia acuerdan combatir tr\u00e1fico y consumo de drogas desde las causas","isPartOf":{"@id":"https:\/\/www.pressenza.com\/es\/#website"},"primaryImageOfPage":{"@id":"https:\/\/www.pressenza.com\/es\/2023\/09\/mexico-y-colombia-acuerdan-combatir-trafico-y-consumo-de-drogas-desde-las-causas\/#primaryimage"},"image":{"@id":"https:\/\/www.pressenza.com\/es\/2023\/09\/mexico-y-colombia-acuerdan-combatir-trafico-y-consumo-de-drogas-desde-las-causas\/#primaryimage"},"thumbnailUrl":"https:\/\/www.pressenza.com\/wp-content\/uploads\/2023\/09\/hqdefault.jpg","datePublished":"2023-09-11T22:52:54+00:00","description":"Los Gobiernos de M\u00e9xico y Colombia, encabezados por los presidentes Andr\u00e9s Manuel L\u00f3pez Obrador y Gustavo Petro, respectivamente, acordaron este s\u00e1bado","breadcrumb":{"@id":"https:\/\/www.pressenza.com\/es\/2023\/09\/mexico-y-colombia-acuerdan-combatir-trafico-y-consumo-de-drogas-desde-las-causas\/#breadcrumb"},"inLanguage":"es","potentialAction":[{"@type":"ReadAction","target":["https:\/\/www.pressenza.com\/es\/2023\/09\/mexico-y-colombia-acuerdan-combatir-trafico-y-consumo-de-drogas-desde-las-causas\/"]}]},{"@type":"ImageObject","inLanguage":"es","@id":"https:\/\/www.pressenza.com\/es\/2023\/09\/mexico-y-colombia-acuerdan-combatir-trafico-y-consumo-de-drogas-desde-las-causas\/#primaryimage","url":"https:\/\/www.pressenza.com\/wp-content\/uploads\/2023\/09\/hqdefault.jpg","contentUrl":"https:\/\/www.pressenza.com\/wp-content\/uploads\/2023\/09\/hqdefault.jpg","width":480,"height":360},{"@type":"BreadcrumbList","@id":"https:\/\/www.pressenza.com\/es\/2023\/09\/mexico-y-colombia-acuerdan-combatir-trafico-y-consumo-de-drogas-desde-las-causas\/#breadcrumb","itemListElement":[{"@type":"ListItem","position":1,"name":"Accueil","item":"https:\/\/www.pressenza.com\/es\/"},{"@type":"ListItem","position":2,"name":"M\u00e9xico y Colombia acuerdan combatir tr\u00e1fico y consumo de drogas desde las causas"}]},{"@type":"WebSite","@id":"https:\/\/www.pressenza.com\/es\/#website","url":"https:\/\/www.pressenza.com\/es\/","name":"Pressenza","description":"International Press Agency","publisher":{"@id":"https:\/\/www.pressenza.com\/es\/#organization"},"potentialAction":[{"@type":"SearchAction","target":{"@type":"EntryPoint","urlTemplate":"https:\/\/www.pressenza.com\/es\/?s={search_term_string}"},"query-input":{"@type":"PropertyValueSpecification","valueRequired":true,"valueName":"search_term_string"}}],"inLanguage":"es"},{"@type":"Organization","@id":"https:\/\/www.pressenza.com\/es\/#organization","name":"Pressenza","url":"https:\/\/www.pressenza.com\/es\/","logo":{"@type":"ImageObject","inLanguage":"es","@id":"https:\/\/www.pressenza.com\/es\/#\/schema\/logo\/image\/","url":"https:\/\/www.pressenza.com\/wp-content\/uploads\/2022\/10\/pressenza_logo_200x200.jpg","contentUrl":"https:\/\/www.pressenza.com\/wp-content\/uploads\/2022\/10\/pressenza_logo_200x200.jpg","width":200,"height":200,"caption":"Pressenza"},"image":{"@id":"https:\/\/www.pressenza.com\/es\/#\/schema\/logo\/image\/"},"sameAs":["https:\/\/www.facebook.com\/PressenzaItalia","https:\/\/x.com\/PressenzaIPA"]},{"@type":"Person","@id":"https:\/\/www.pressenza.com\/es\/#\/schema\/person\/f7d16a80c42ebb5aefb3b4c8b32b6c2e","name":"Xinhua","description":"Official State news agency of the People's Republic of China. http:\/\/www.xinhuanet.com\/. \u00a0 \u00a0Xinhua articles and photos published on Pressenza are free to reproduce, provided that the source and author are clearly mentioned.","url":"https:\/\/www.pressenza.com\/es\/author\/xinhua\/"}]}},"place":"Ciudad de M\u00e9xico, M\u00e9xico","original_article_url":"https:\/\/spanish.xinhuanet.com\/20230910\/86b891315d7341dfadfcf47824458910\/c.html","_links":{"self":[{"href":"https:\/\/www.pressenza.com\/es\/wp-json\/wp\/v2\/posts\/1764605","targetHints":{"allow":["GET"]}}],"collection":[{"href":"https:\/\/www.pressenza.com\/es\/wp-json\/wp\/v2\/posts"}],"about":[{"href":"https:\/\/www.pressenza.com\/es\/wp-json\/wp\/v2\/types\/post"}],"author":[{"embeddable":true,"href":"https:\/\/www.pressenza.com\/es\/wp-json\/wp\/v2\/users\/2266"}],"replies":[{"embeddable":true,"href":"https:\/\/www.pressenza.com\/es\/wp-json\/wp\/v2\/comments?post=1764605"}],"version-history":[{"count":0,"href":"https:\/\/www.pressenza.com\/es\/wp-json\/wp\/v2\/posts\/1764605\/revisions"}],"wp:featuredmedia":[{"embeddable":true,"href":"https:\/\/www.pressenza.com\/es\/wp-json\/wp\/v2\/media\/1764606"}],"wp:attachment":[{"href":"https:\/\/www.pressenza.com\/es\/wp-json\/wp\/v2\/media?parent=1764605"}],"wp:term":[{"taxonomy":"category","embeddable":true,"href":"https:\/\/www.pressenza.com\/es\/wp-json\/wp\/v2\/categories?post=1764605"},{"taxonomy":"post_tag","embeddable":true,"href":"https:\/\/www.pressenza.com\/es\/wp-json\/wp\/v2\/tags?post=1764605"}],"curies":[{"name":"wp","href":"https:\/\/api.w.org\/{rel}","templated":true}]}}