{"id":1764574,"date":"2023-09-11T22:31:39","date_gmt":"2023-09-11T21:31:39","guid":{"rendered":"https:\/\/www.pressenza.com\/?p=1764574"},"modified":"2023-09-11T22:31:39","modified_gmt":"2023-09-11T21:31:39","slug":"allende-cincuenta-anos-despues","status":"publish","type":"post","link":"https:\/\/www.pressenza.com\/es\/2023\/09\/allende-cincuenta-anos-despues\/","title":{"rendered":"Allende, cincuenta a\u00f1os despu\u00e9s"},"content":{"rendered":"<p>Han corrido cincuenta a\u00f1os y las ideas del presidente Allende mantienen plena vigencia en Chile como en Am\u00e9rica Latina y buena parte del llamado Tercer Mundo. A\u00f1os atr\u00e1s, en Guadalajara, tuvimos la suerte de observar un magn\u00edfico registro de ese discurso ante los profesores y estudiantes de su prestigiada Universidad donde el reci\u00e9n elegido Presidente de Chile expuso su pensamiento ciertamente revolucionario en cuanto a sus prop\u00f3sitos, as\u00ed como in\u00e9dito en su promesa de realizar los cambios en democracia y libertad.<\/p>\n<p>Una pieza de oratoria magistral donde, adem\u00e1s de defender sus convicciones, llam\u00f3 a los j\u00f3venes estudiantes a asumir una tarea que, por supuesto, rebasaba las acciones de un solo gobierno o generaci\u00f3n. Un discurso pronunciado al calor de sus valores irrenunciables, sin recurrir a texto o ayuda memoria alguna, con lo que se demostr\u00f3 como tantas veces su gran talento y brillante verbo. Un conjunto de propuestas en el prop\u00f3sito que nuestros pa\u00edses reclamen la propiedad y gesti\u00f3n de sus riquezas fundamentales, consolidando con eso la soberan\u00eda que nos legaran nuestros libertadores y nos pisoteara despu\u00e9s el imperialismo norteamericano. En nuestro caso, su voluntad de nacionalizar, adem\u00e1s, nuestra gran miner\u00eda de cobre y darle valor agregado a esas toneladas de metal que se iban y hoy siguen y\u00e9ndose al extranjero y en las que tambi\u00e9n es posible descubrir oro, plata, molibdeno y otras importantes materias primas.<\/p>\n<p>Su prop\u00f3sito, tambi\u00e9n, de recuperar soberan\u00eda popular en nuestros campos asolados por el latifundio y la explotaci\u00f3n de millones de campesinos que apenas pod\u00edan sobrevivir con sus salarios de hambre. Para diversificar, tambi\u00e9n, nuestra producci\u00f3n agr\u00edcola, modernizar las faenas del campo, pero, sobre todo, hacer propietarios a quienes cultivan la tierra y merecen vivir en una vivienda digna, para lograr as\u00ed que sus hijos accedan a una alimentaci\u00f3n adecuada, cuanto a una educaci\u00f3n liberadora.<\/p>\n<p>Promover, por supuesto, una reforma educacional en todos sus niveles, a fin de hacer obligatoria la formaci\u00f3n de los ni\u00f1os y permitir que pudieran concurrir a las universidades no solo los hijos de los ricos sino, tambi\u00e9n, los chilenos de clase media y del mundo obrero, cuando menos del uno por ciento de estos ten\u00eda entonces tal oportunidad.\u00a0 Resueltos, al mismo tiempo, a dar pasos importantes en la educaci\u00f3n permanente de los adultos y de los trabajadores, donde los niveles de analfabetismo eran pavorosos. Tanto que hasta hoy se reconoce que m\u00e1s de un 50 por ciento de nuestra poblaci\u00f3n no entiende lo que lee, as\u00ed como tampoco logra hacerlo m\u00e1s de un 15 por ciento de los que cursan estudios superiores.<\/p>\n<p>Tambi\u00e9n en la propuesta allendista estaba la posibilidad de emprender una reforma constitucional que morigerara el desmedido presidencialismo y procurara, en serio, terminar con el cohecho y otras pr\u00e1cticas que imped\u00edan el acceso del pueblo al Parlamento y a los municipios. Convocar, apenas fuera posible, a una Asamblea Constituyente que refundara nuestra institucionalidad de suyo tramposa, en que el poder del dinero y de los grandes medios de comunicaci\u00f3n defin\u00edan la agenda pol\u00edtica, econ\u00f3mica, social y cultural del pa\u00eds.<\/p>\n<p><em>Un anunciado derrocamiento<\/em><\/p>\n<p>A esta altura ya nadie puede desconocer que, antes de asumir Salvador Allende como jefe de estado, en Washington se empezaba a preparar la desestabilizaci\u00f3n de su gobierno cuanto su reemplazo por otro que le fuera d\u00f3cil a los intereses imperialistas. Poco a poco se fueron comprobando los ingentes recursos destinados a alentar la acci\u00f3n sediciosa de los grandes gremios nacionales, alentando el golpismo de la derecha pol\u00edtica y de otros partidos de oposici\u00f3n que fueron determinantes a la hora de alentar a los militares traidores y justificar las primeras violaciones de los Derechos Humanos. Papel este que recayera vergonzosamente tambi\u00e9n en la Democracia Cristiana, hasta entonces un partido que propiciaba cambios en favor de la justicia social, pero cuyos principales dirigentes sucumbieran ante el soborno propiciado por Kissinger, la Casa Blanca y el Pent\u00e1gono. As\u00ed como se sabe, tambi\u00e9n, de los millonarios recursos destinados a el peri\u00f3dico El Mercurio, del cual era propietario Agust\u00edn Edwards quien, adem\u00e1s de golpista, fung\u00eda como vicepresidente de la Pepsi Cola. Un sujeto, por cierto, abominable y que mantuviera intacto su poder o incluso lo acrecentara durante toda la posdictadura, encantando a los sucesivos gobiernos de la llamada Concertaci\u00f3n Democr\u00e1tica, de la Nueva Mayor\u00eda y, por supuesto de la propia derecha que en este tiempo ha retornado ya dos veces a La Moneda.<\/p>\n<p>Promesas de Allende que incluso materializ\u00f3 durante su breve gobierno, como al nacionalizar la gran miner\u00eda del Cobre, entregar miles de hect\u00e1reas a los campesinos e iniciar cambios relevantes en el sistema educacional, lo que fue tambi\u00e9n muy resistido por los opositores llamados a coludirse para encarar las elecciones parlamentarias que siguieron al triunfo de la Unidad Popular y en que, pese a todo, la izquierda volviera a manifestarse como primera mayor\u00eda, pese a la campa\u00f1as del terror propiciadas y financiadas tambi\u00e9n desde los Estados Unidos y del poder econ\u00f3mico nacional.<\/p>\n<p>Aunque en la \u00e9poca no lo previmos del todo, el 11 de septiembre de 1973 se consum\u00f3 ese criminal bombardeo a La Moneda que tuvo como protagonista a las Fuerzas Armadas acicateadas por la derecha y el imperialismo, y en que desde la primera hora se acribill\u00f3 a cientos o miles de opositores, se instalaron los primeros campos de confinaci\u00f3n y tortura, mientras que otros miles de chilenos eran detenidos y torturados cuando no lograban escapar hacia el exilio. Sin duda un proceso in\u00e9dito de traici\u00f3n e insubordinaci\u00f3n contra el orden establecido, respetado por Allende hasta su \u00faltima hora, y en que en pocas horas se hizo trizas la democracia y los cambios emprendidos en favor de la redenci\u00f3n de los oprimidos.<\/p>\n<p>Ya sabemos que el cad\u00e1ver del Mandatario sali\u00f3 de La Moneda sin que hasta ahora se sepa con certeza si efectivamente se suicid\u00f3 o fue asesinado por los primeros oficiales que entraron al Palacio Presidencial. Lo que no cambia realmente la naturaleza criminal del bombardeo, aunque los militares, la derecha y otros sectores se hayan empe\u00f1ado, con la complicidad de algunos jueces, establecer como verdad oficial la del suicidio. Una \u201cverdad oficial\u201d que le sirviera a Pinochet para recibir el reconocimiento diplom\u00e1tico de muchas naciones que, se dice, no habr\u00edan estado en condici\u00f3n de hacerlo si el presidente depuesto hubiera sido asesinado.<\/p>\n<p>Entre par\u00e9ntesis, no son pocos los que se han ido convenciendo del magnicidio despu\u00e9s de que un capit\u00e1n de Ej\u00e9rcito testimoniara ante un grupo de detenidos que el mismo le habr\u00eda disparado en la sien al Mandatario, junto de ufanarse de exhibir como trofeo el reloj del extinto Presidente. Existen varios escritos y testimonios al respecto, as\u00ed como tambi\u00e9n se sugiere en un documental realizado por el cineasta Miguel Litt\u00edn.<\/p>\n<p>Lo m\u00e1s importante de consignar ahora en esta conmemoraci\u00f3n hist\u00f3rica es el respeto que merece en todos los sectores, como en el mundo entero, el ejemplo de Allende, su consecuencia pol\u00edtica, su trayectoria democr\u00e1tica y su heroica resoluci\u00f3n de pagar con su vida la lealtad de su pueblo, como lo prometiera en su discurso final.<\/p>\n<p>Su gobierno, la Unidad Popular y la conducta de sus partidos es hasta ahora motivo de controversia y denostados ataques de parte de quienes fueron sus opositores y hoy contin\u00faan militando en la derecha. Sin embargo, nadie o muy pocos se atreven a desacreditarlo moralmente y su figura es, a 50 a\u00f1os, la del Mandatario y l\u00edder pol\u00edtico m\u00e1s valorizado por el pueblo chileno. Tanto as\u00ed que en un interesante estudio realizado, en el a\u00f1o 2008, por Televisi\u00f3n Nacional (con cientos de testimonios recogidos de entre historiadores, periodistas y diversos intelectuales) concluyera que para la amplia mayor\u00eda nacional Allende es el personaje m\u00e1s relevante de nuestra trayectoria republicana, igual o por encima del tributo que se le ejerce a nuestros padres de la Patria, y superior al prestigio de un Pablo Neruda, Gabriela Mistral, Violeta Parra, Alberto Hurtado y otros insignes chilenos.<\/p>\n<p><em>Vigencia permanente<\/em><\/p>\n<p>En este sentido, y pese a todo lo transcurrido, realmente 50 a\u00f1os no son nada. Las ideas de Allende siguen plenamente presentes como anta\u00f1o en las manifestaciones que exigen Pan, Justicia y Libertad. Especialmente cuando se insiste en la recuperaci\u00f3n de los yacimientos del cobre y ahora en la explotaci\u00f3n del litio y otros recursos. Cuando los profesores marchan y paralizan sus actividades en demanda de mayores recursos para la educaci\u00f3n p\u00fablica, as\u00ed como el pago de la deuda hist\u00f3rica que les adeuda por tantos a\u00f1os el Estado. Mientras cientos de maestros desfallecen sin recuperar este derecho arrebatado a sus bolsillos y dignidad.<\/p>\n<p>Algo similar ocurre, tambi\u00e9n, en las actuales demandas por un sistema de salud que garantice la adecuada atenci\u00f3n de todos los chilenos. Despu\u00e9s de que la Dictadura y los gobiernos que le sucedieron consolidaran el oprobioso sistema privado de las isapres, que le niega adecuada atenci\u00f3n a los pobres y a la clase media, exhibiendo largas listas de espera por atenci\u00f3n m\u00e9dica, donde se acredita que solo en el \u00faltimo semestre han muerto m\u00e1s de 19 mil chilenos que requer\u00edan urgentes cirug\u00edas. Allende, como m\u00e9dico salubrista, qu\u00e9 duda cabe que hoy estar\u00eda acompa\u00f1ando estas demandas; as\u00ed como el termino de las infames AFP que administran las cotizaciones de millones de trabajadores, quienes hacia el final de sus vidas reciben pensiones miserables como obligados a seguir trabajando. Un sistema privatizado tambi\u00e9n por la Dictadura y respecto de la cual hasta se le rindi\u00f3 cumplidos durante el tiempo de la llamada Transici\u00f3n a la Democracia, donde en realidad quienes integraron estos gobiernos terminaron encant\u00e1ndose con el neoliberalismo, el capitalismo salvaje, y las desigualdades propiciadas por el mercado. Salvo, por supuesto, algunas m\u00ednimas excepciones, a pesar del origen socialista, social cristiano o socialdem\u00f3crata de sus protagonistas.<\/p>\n<p>Es perfectamente l\u00f3gico asegurar que Allende hoy estar\u00eda por apoyar la heroica lucha del pueblo mapuche a fin de que se le sean reconocidos sus derechos de autodeterminaci\u00f3n, recuperaci\u00f3n de sus territorios ocupados y reconocimiento pleno a su acervo cultural. Todo lo cual solo ser\u00e1 posible neutralizando la acci\u00f3n ecocida, por ejemplo, de las empresas forestales ense\u00f1oreadas en la zona. Ciertamente, no podr\u00eda consentir el extinto Mandatario con la militarizaci\u00f3n de la Araucan\u00eda impuesta por gobiernos d\u00edcese tributarios del legado de Allende, por la judicializaci\u00f3n de las causas de nuestro pueblo fundacional y con los consabidos y reiterados asesinatos de comuneros y represi\u00f3n que hoy se descarga a quienes, hasta hace muy poco, eran reconocidos como l\u00edderes y hasta h\u00e9roes por partidos y movimientos autoproclamados de izquierdistas. Ya se sabe que lo que acontece en el sur del pa\u00eds se parece mucho a esos luctuosos acontecimientos de la llamada Pacificaci\u00f3n de la Araucan\u00eda de hace m\u00e1s de un siglo, cuyos principales ejecutores todav\u00eda se reconocen en el nombre de calles y espacios p\u00fabicos. Aunque la estatua del general Cornelio Saavedra fuera arrancada en el 2020 de su pedestal por manifestantes y lanzada al rio Lumaco. As\u00ed como recientemente, el monumento al general Baquedano, que tambi\u00e9n se destacara en este oscuro episodio de usurpaci\u00f3n de las tierras mapuches, haya obligado a las autoridades a retirarla de la Plaza Italia, all\u00ed en pleno centro de nuestra Capital.<\/p>\n<p>El pueblo chileno intuye que Allende ser\u00eda hoy el l\u00edder que fue de las vindicaciones socio econ\u00f3micas de su \u00e9poca.\u00a0 Reconoci\u00e9ndose su nombre, tambi\u00e9n, entre los principales luchadores de nuestro tiempo. Cuando la inequidad social prevalece y la marginaci\u00f3n y la falta de oportunidades explica el desarrollo de fen\u00f3menos como el de la criminalidad y el narcotr\u00e1fico, lacras que hasta los pol\u00edticos que se dicen progresistas piensan que deben ser combatidos con m\u00e1s atribuciones para las polic\u00edas, m\u00e1s armas disuasivas y condenas punitivas hasta para los menores que delinquen. Por lo que hoy se sienten tentados de nuevo con sacar m\u00e1s y m\u00e1s militares a las calles y ciudades del norte y del sur. A punto, otra vez, de un nuevo y justo estallido social, sin que se visualice otra pandemia que lo contenga como realmente fue lo que aconteci\u00f3 y evit\u00f3 el que era un inminente derrumbamiento institucional.<\/p>\n<p>\u201cLa izquierda unida jam\u00e1s ser\u00e1 vencida\u201d es un eslogan de los m\u00e1s conocidos y que por m\u00e1s tiempo ha blandido las banderas del vanguardismo y sus movilizaciones. Sin duda fue tambi\u00e9n la aspiraci\u00f3n y el logro de Allende para arribar al gobierno cuando fue capaz de constituirse en el abanderado de la izquierda, despu\u00e9s de las mezquindades que se hicieron ostensibles entre una y otra colectividad para lograr m\u00e1s hegemon\u00eda en influencia en las decisiones presidenciales. Sin embargo, queda m\u00e1s que claro que fueron las controversias entre socialistas, comunistas y otros los que debilitaron al gobierno de la Unidad Popular y en buena parte alentaron la acci\u00f3n del golpismo. \u00a1C\u00f3mo no recordar que, desde el mismo seno de la izquierda, Allende fuera motejado de \u201csocialdem\u00f3crata\u201d y de defender la democracia \u201cburguesa\u201d por dirigentes que al momento que Allende mor\u00eda en La Moneda ya se guarec\u00edan en embajadas y renunciaban a cualquier intento de resistir la furia militar!<\/p>\n<p>Al dar cuenta de esto en nada queremos justificar la acci\u00f3n de los sediciosos, quienes empezaron a urdir su derribamiento antes que estas contradicciones se manifestaran. Para ellos, Allende deb\u00eda ser derribado solamente por su propuesta program\u00e1tica y por la posibilidad de que su experiencia pudiera ser replicada en otros pa\u00edses que pertenec\u00edan a la zona de influencia norteamericana, en plena Guerra Fr\u00eda. De esta manera es que se debe reconocer lo vano que fue su intento de lograr apoyo en la entonces Uni\u00f3n Sovi\u00e9tica y en el mundo socialista del este europeo.<\/p>\n<p>Lo grave es que a cincuenta a\u00f1os de su muerte la situaci\u00f3n de la izquierda chilena solo ha empeorado en relaci\u00f3n al eslogan citado anteriormente y hoy el panorama sea francamente desastroso cuando en los referentes vanguardistas se multiplican en toda suerte de colectividades y asociaciones cuyas ideolog\u00edas e intenciones son pr\u00e1cticamente incomprensibles por el pa\u00eds. Entidades que habitualmente no alcanzan m\u00e1s de un centenar de militantes activos y carecen de pr\u00e1cticas democr\u00e1ticas internas para definir a sus dirigentes y propuestas. Un mont\u00f3n de siglas, nada m\u00e1s que curiosas denominaciones, constituyen el llamado Frente Amplio, como tambi\u00e9n el socialismo autoproclamado de democr\u00e1tico. Todos los cuales exhiben sus querellas a trav\u00e9s de los medios de comunicaci\u00f3n, cuando entre todos desde hace mucho tiempo no son capaces de llenar un teatro o un estadio con sus adherentes y simpatizantes.<\/p>\n<p>Qu\u00e9 duda cabe que el principal oficio de estas directivas sea la de ubicar a sus incondicionales dentro del aparato del Estado y acceder a los ministerios y subsecretar\u00edas de gobierno, donde el cuoteo es el com\u00fan denominador. Y cuando esto no se logra, echar andar fundaciones y otras entidades para recibir millonarias erogaciones del Fisco las que, por supuesto, sirven para el financiamiento de sus ambiciones electorales y, de paso, enriquecimiento il\u00edcito. Ya sabemos que entre todos los episodios de corrupci\u00f3n pol\u00edtica hoy los tribunales investigan el destino de unos 30 mil millones de pesos. En el que se reconoce como el m\u00e1s severo fraude al erario nacional de toda la posdictadura.<\/p>\n<p>Para consuelo de esta izquierda que se degrada y desgrana, la derecha sufre una atomizaci\u00f3n similar, as\u00ed como tambi\u00e9n se constatan las m\u00faltiples escisiones de la Democracia Cristiana, del PPD y otras organizaciones que las encuestas les asignan menos de un tres o cuatro por ciento de apoyo popular. Cuando la colectividad m\u00e1s votada es la del ultraderechista Partido Republicano, pero en todo caso con menos de un cinco por ciento de apoyo electoral.<\/p>\n<p>Ni qu\u00e9 hablar de la responsabilidad pol\u00edtica que debe asign\u00e1rsele a los partidos respecto de la desaparici\u00f3n de antiguos referentes sindicales y gremiales. De la escasa importancia que hoy tiene la Central Unitaria de Trabajadores, como de aquellos colegios profesionales que fueron vanguardia en la lucha contra de Dictadura. Todos los cuales languidecen en la lucha de sus caudillismo internos y en los que destacan tambi\u00e9n esc\u00e1ndalos de corrupci\u00f3n, que se disparan precisamente cuando deben \u201cnegociar\u201d con los gobiernos de turno el monto del salario m\u00ednimo y la consecuci\u00f3n de algunas leyes laborales.<\/p>\n<p>Definitivamente, Allende crece en la memoria del pueblo chileno, aunque sea sistem\u00e1ticamente ninguneado por los referentes pol\u00edticos y sociales que proclaman su nombre. Todo ello se explica en la falta de ideas y programas de acci\u00f3n y, muy especialmente, en la ausencia de medios informativos que promuevan el debate ideol\u00f3gico y sirvan a la concientizaci\u00f3n de los chilenos, especialmente de los m\u00e1s j\u00f3venes.<\/p>\n<p>Se sabe que en la lucha contra la opresi\u00f3n pinochetista destacaron organizaciones sociales y pol\u00edticas espont\u00e1neas, pero, tambi\u00e9n, medios informativos que tuvieron por misi\u00f3n denunciar los atropellos de la Dictadura y promover la recuperaci\u00f3n de la democracia. Al principio, t\u00edmidos esfuerzos period\u00edsticos que fueron creciendo en influencia y tuvieron el m\u00e9rito de dejar registrado en plena Dictadura todos los horrores cometidos contra la dignidad humana y los derechos del pueblo. Sin embargo, igualmente hoy se asume que todos estos referentes fueron exterminados por los primeros gobiernos de la Concertaci\u00f3n, cuando oscuros personajes como Edgardo Boeninguer, Enrique Correa y otros ministros y operadores de La Moneda decidieron que ser\u00eda muy riesgosa la existencia de revistas, diarios y radios que pudieran demandar las promesas comprometidas por las nuevas autoridades y, con ello, inquietar a los militares, como abochornar a los grandes empresarios pinochetistas que tomaron sitio en la nueva democracia. Por cierto, en la m\u00e1s completa impunidad respecto de las empresas y recursos del Estado apropiados al abrigo del Tirano y ladr\u00f3n que gobern\u00f3 de facto.<\/p>\n<p>El tiempo nos dio la raz\u00f3n al constatarse misiones diplom\u00e1ticas a Europa en que se le fue a advertir a los gobiernos que deb\u00edan abstenerse de toda ayuda a los medios de comunicaci\u00f3n chilenos como a ese prol\u00edfico mundo de organizaciones sociales y de Derechos Humanos. Una solicitud que sin duda fuera acatada por los pa\u00edses que apoyaban a estos medios e incluso pensaban otorgarle ayudas definitivas y sustantivas que sirvieran a su consolidaci\u00f3n durante la supuesta democracia que ven\u00eda. La real politik, lamentablemente, se impuso en aquellos pa\u00edses que ahora quer\u00edan abrir negocios en nuestro pa\u00eds y acceder a nuestras riquezas naturales. Todo esto ocurr\u00eda, hay que recordarlo, mientras el gobierno de Patricio Aylwin condonaba las deudas de El Mercurio, la Tercera y otros medios, al tiempo que les renovaban los millonarios contratos de publicidad con el Estado que los sostuvieron cuando su decadencia se hac\u00eda inminente. Los mismos convenios publicitarios que se le negaron, adem\u00e1s, a la prensa independiente y que, a no dudarlo, habr\u00edan seguido oponi\u00e9ndose a la impunidad y abogando en favor de una s\u00f3lida democracia y de aquellas reformas econ\u00f3mico sociales, muchas de las cuales contin\u00faan hasta hoy pendientes. As\u00ed como habr\u00edan denunciado los primeros actos de corrupci\u00f3n ahora tan extendidos en nuestra pol\u00edtica.<\/p>\n<p>Si bien es cierto que aquellos medios independientes y dignos lograron romper el bloqueo informativo impuesto por la Dictadura, hoy debemos agradecer y aplaudir que en la Red existan una infinidad de p\u00e1ginas libres, con lo que aparece muy dif\u00edcil que la clase pol\u00edtica siga cometiendo sus desprop\u00f3sitos, sin que ahora hasta la propia prensa de derecha pueda soslayarlos.<\/p>\n<p>Somos muchos los cientos de miles o millones de chilenos que hoy vivimos en el desencanto, por lo que pudo ser y no fue. Acongojados por la traici\u00f3n ideol\u00f3gica y la corrupci\u00f3n moral de quienes accedieron al gobierno de nuestra naci\u00f3n. Mucho tememos que el pa\u00eds est\u00e9 de nuevo al borde del colapso y que puedan volver horas muy amargas en nuestra convivencia. Pero de lo que estamos de acuerdo y animados es en que, pese a todo, las ideas y prop\u00f3sitos de Salvador Allende siguen vigentes y su nombre es grito y ariete de esperanza.<\/p>\n<p>&nbsp;<\/p>\n","protected":false},"excerpt":{"rendered":"<p>Han corrido cincuenta a\u00f1os y las ideas del presidente Allende mantienen plena vigencia en Chile como en Am\u00e9rica Latina y buena parte del llamado Tercer Mundo. A\u00f1os atr\u00e1s, en Guadalajara, tuvimos la suerte de observar un magn\u00edfico registro de ese&hellip;<\/p>\n","protected":false},"author":1739,"featured_media":1764575,"comment_status":"closed","ping_status":"closed","sticky":false,"template":"","format":"standard","meta":{"footnotes":""},"categories":[11389,161,74,67],"tags":[29,523,62596],"class_list":["post-1764574","post","type-post","status-publish","format-standard","has-post-thumbnail","hentry","category-contenido-original","category-opiniones","category-politica-es","category-sudamerica","tag-chile","tag-medios-de-comunicacion","tag-salvador-allende-es"],"yoast_head":"<!-- This site is optimized with the Yoast SEO plugin v27.1.1 - https:\/\/yoast.com\/product\/yoast-seo-wordpress\/ -->\n<title>Allende, cincuenta a\u00f1os despu\u00e9s<\/title>\n<meta name=\"description\" content=\"Han corrido cincuenta a\u00f1os y las ideas del presidente Allende mantienen plena vigencia en Chile como en Am\u00e9rica Latina y buena parte del llamado Tercer\" \/>\n<meta name=\"robots\" content=\"index, follow, max-snippet:-1, max-image-preview:large, max-video-preview:-1\" \/>\n<link rel=\"canonical\" href=\"https:\/\/www.pressenza.com\/es\/2023\/09\/allende-cincuenta-anos-despues\/\" \/>\n<meta property=\"og:locale\" content=\"es_ES\" \/>\n<meta property=\"og:type\" content=\"article\" \/>\n<meta property=\"og:title\" content=\"Allende, cincuenta a\u00f1os despu\u00e9s\" \/>\n<meta property=\"og:description\" content=\"Han corrido cincuenta a\u00f1os y las ideas del presidente Allende mantienen plena vigencia en Chile como en Am\u00e9rica Latina y buena parte del llamado Tercer\" \/>\n<meta property=\"og:url\" content=\"https:\/\/www.pressenza.com\/es\/2023\/09\/allende-cincuenta-anos-despues\/\" \/>\n<meta property=\"og:site_name\" content=\"Pressenza\" \/>\n<meta property=\"article:publisher\" content=\"https:\/\/www.facebook.com\/PressenzaItalia\" \/>\n<meta property=\"article:published_time\" content=\"2023-09-11T21:31:39+00:00\" \/>\n<meta property=\"og:image\" content=\"https:\/\/www.pressenza.com\/wp-content\/uploads\/2023\/09\/Allende.jpeg\" \/>\n\t<meta property=\"og:image:width\" content=\"1628\" \/>\n\t<meta property=\"og:image:height\" content=\"1200\" \/>\n\t<meta property=\"og:image:type\" content=\"image\/jpeg\" \/>\n<meta name=\"author\" content=\"Juan Pablo C\u00e1rdenas\" \/>\n<meta name=\"twitter:card\" content=\"summary_large_image\" \/>\n<meta name=\"twitter:creator\" content=\"@PressenzaIPA\" \/>\n<meta name=\"twitter:site\" content=\"@PressenzaIPA\" \/>\n<meta name=\"twitter:label1\" content=\"Escrito por\" \/>\n\t<meta name=\"twitter:data1\" content=\"Juan Pablo C\u00e1rdenas\" \/>\n\t<meta name=\"twitter:label2\" content=\"Tiempo de lectura\" \/>\n\t<meta name=\"twitter:data2\" content=\"15 minutos\" \/>\n<script type=\"application\/ld+json\" class=\"yoast-schema-graph\">{\"@context\":\"https:\/\/schema.org\",\"@graph\":[{\"@type\":\"Article\",\"@id\":\"https:\/\/www.pressenza.com\/es\/2023\/09\/allende-cincuenta-anos-despues\/#article\",\"isPartOf\":{\"@id\":\"https:\/\/www.pressenza.com\/es\/2023\/09\/allende-cincuenta-anos-despues\/\"},\"author\":{\"name\":\"Juan Pablo C\u00e1rdenas\",\"@id\":\"https:\/\/www.pressenza.com\/es\/#\/schema\/person\/d72a7c8c014dcbfa2ef9e9976103ea0d\"},\"headline\":\"Allende, cincuenta a\u00f1os despu\u00e9s\",\"datePublished\":\"2023-09-11T21:31:39+00:00\",\"mainEntityOfPage\":{\"@id\":\"https:\/\/www.pressenza.com\/es\/2023\/09\/allende-cincuenta-anos-despues\/\"},\"wordCount\":3521,\"publisher\":{\"@id\":\"https:\/\/www.pressenza.com\/es\/#organization\"},\"image\":{\"@id\":\"https:\/\/www.pressenza.com\/es\/2023\/09\/allende-cincuenta-anos-despues\/#primaryimage\"},\"thumbnailUrl\":\"https:\/\/www.pressenza.com\/wp-content\/uploads\/2023\/09\/Allende.jpeg\",\"keywords\":[\"Chile\",\"medios de comunicaci\u00f3n\",\"Salvador Allende\"],\"articleSection\":[\"Contenido Original\",\"Opiniones\",\"Pol\u00edtica\",\"Sudam\u00e9rica\"],\"inLanguage\":\"es\"},{\"@type\":\"WebPage\",\"@id\":\"https:\/\/www.pressenza.com\/es\/2023\/09\/allende-cincuenta-anos-despues\/\",\"url\":\"https:\/\/www.pressenza.com\/es\/2023\/09\/allende-cincuenta-anos-despues\/\",\"name\":\"Allende, cincuenta a\u00f1os despu\u00e9s\",\"isPartOf\":{\"@id\":\"https:\/\/www.pressenza.com\/es\/#website\"},\"primaryImageOfPage\":{\"@id\":\"https:\/\/www.pressenza.com\/es\/2023\/09\/allende-cincuenta-anos-despues\/#primaryimage\"},\"image\":{\"@id\":\"https:\/\/www.pressenza.com\/es\/2023\/09\/allende-cincuenta-anos-despues\/#primaryimage\"},\"thumbnailUrl\":\"https:\/\/www.pressenza.com\/wp-content\/uploads\/2023\/09\/Allende.jpeg\",\"datePublished\":\"2023-09-11T21:31:39+00:00\",\"description\":\"Han corrido cincuenta a\u00f1os y las ideas del presidente Allende mantienen plena vigencia en Chile como en Am\u00e9rica Latina y buena parte del llamado Tercer\",\"breadcrumb\":{\"@id\":\"https:\/\/www.pressenza.com\/es\/2023\/09\/allende-cincuenta-anos-despues\/#breadcrumb\"},\"inLanguage\":\"es\",\"potentialAction\":[{\"@type\":\"ReadAction\",\"target\":[\"https:\/\/www.pressenza.com\/es\/2023\/09\/allende-cincuenta-anos-despues\/\"]}]},{\"@type\":\"ImageObject\",\"inLanguage\":\"es\",\"@id\":\"https:\/\/www.pressenza.com\/es\/2023\/09\/allende-cincuenta-anos-despues\/#primaryimage\",\"url\":\"https:\/\/www.pressenza.com\/wp-content\/uploads\/2023\/09\/Allende.jpeg\",\"contentUrl\":\"https:\/\/www.pressenza.com\/wp-content\/uploads\/2023\/09\/Allende.jpeg\",\"width\":1628,\"height\":1200,\"caption\":\"_upscale\"},{\"@type\":\"BreadcrumbList\",\"@id\":\"https:\/\/www.pressenza.com\/es\/2023\/09\/allende-cincuenta-anos-despues\/#breadcrumb\",\"itemListElement\":[{\"@type\":\"ListItem\",\"position\":1,\"name\":\"Accueil\",\"item\":\"https:\/\/www.pressenza.com\/es\/\"},{\"@type\":\"ListItem\",\"position\":2,\"name\":\"Allende, cincuenta a\u00f1os despu\u00e9s\"}]},{\"@type\":\"WebSite\",\"@id\":\"https:\/\/www.pressenza.com\/es\/#website\",\"url\":\"https:\/\/www.pressenza.com\/es\/\",\"name\":\"Pressenza\",\"description\":\"International Press Agency\",\"publisher\":{\"@id\":\"https:\/\/www.pressenza.com\/es\/#organization\"},\"potentialAction\":[{\"@type\":\"SearchAction\",\"target\":{\"@type\":\"EntryPoint\",\"urlTemplate\":\"https:\/\/www.pressenza.com\/es\/?s={search_term_string}\"},\"query-input\":{\"@type\":\"PropertyValueSpecification\",\"valueRequired\":true,\"valueName\":\"search_term_string\"}}],\"inLanguage\":\"es\"},{\"@type\":\"Organization\",\"@id\":\"https:\/\/www.pressenza.com\/es\/#organization\",\"name\":\"Pressenza\",\"url\":\"https:\/\/www.pressenza.com\/es\/\",\"logo\":{\"@type\":\"ImageObject\",\"inLanguage\":\"es\",\"@id\":\"https:\/\/www.pressenza.com\/es\/#\/schema\/logo\/image\/\",\"url\":\"https:\/\/www.pressenza.com\/wp-content\/uploads\/2022\/10\/pressenza_logo_200x200.jpg\",\"contentUrl\":\"https:\/\/www.pressenza.com\/wp-content\/uploads\/2022\/10\/pressenza_logo_200x200.jpg\",\"width\":200,\"height\":200,\"caption\":\"Pressenza\"},\"image\":{\"@id\":\"https:\/\/www.pressenza.com\/es\/#\/schema\/logo\/image\/\"},\"sameAs\":[\"https:\/\/www.facebook.com\/PressenzaItalia\",\"https:\/\/x.com\/PressenzaIPA\"]},{\"@type\":\"Person\",\"@id\":\"https:\/\/www.pressenza.com\/es\/#\/schema\/person\/d72a7c8c014dcbfa2ef9e9976103ea0d\",\"name\":\"Juan Pablo C\u00e1rdenas\",\"description\":\"Juan Pablo C\u00e1rdenas Squella es un periodista y profesor universitario de vasta trayectoria. En el 2005 recibi\u00f3 en premio nacional de Periodismo y, antes, la Pluma de Oro de la Libertad, otorgada por la Federaci\u00f3n Mundial de la Prensa. Tambi\u00e9n obtuvo el Premio Latinoamericano de Periodismo, la Houten Camara de Holanda (1989) entre otras m\u00faltiples distinciones nacionales y extranjeras. Forma parte de los sesenta periodistas del mundo considerados H\u00e9roes de la Libertad de Expresi\u00f3n, reconocimiento hecho por la Federaci\u00f3n Internacional de Periodistas. Ha sido director y columnista de las revistas Debate Universitario, An\u00e1lisis y Los Tiempos, as\u00ed como del diario electr\u00f3nico primeral\u00ednea.cl. Tambi\u00e9n fue por m\u00e1s 18 a\u00f1os director de la Radio Universidad de Chile y de su diario digital. Se ha desempe\u00f1ado como profesor de varias escuelas de periodismo de Santiago y Valpara\u00edso y en la Universidad de Chile alcanz\u00f3 el grado de profesor titular y senador universitario.\",\"url\":\"https:\/\/www.pressenza.com\/es\/author\/juan-pablo-cardenas\/\"}]}<\/script>\n<!-- \/ Yoast SEO plugin. -->","yoast_head_json":{"title":"Allende, cincuenta a\u00f1os despu\u00e9s","description":"Han corrido cincuenta a\u00f1os y las ideas del presidente Allende mantienen plena vigencia en Chile como en Am\u00e9rica Latina y buena parte del llamado Tercer","robots":{"index":"index","follow":"follow","max-snippet":"max-snippet:-1","max-image-preview":"max-image-preview:large","max-video-preview":"max-video-preview:-1"},"canonical":"https:\/\/www.pressenza.com\/es\/2023\/09\/allende-cincuenta-anos-despues\/","og_locale":"es_ES","og_type":"article","og_title":"Allende, cincuenta a\u00f1os despu\u00e9s","og_description":"Han corrido cincuenta a\u00f1os y las ideas del presidente Allende mantienen plena vigencia en Chile como en Am\u00e9rica Latina y buena parte del llamado Tercer","og_url":"https:\/\/www.pressenza.com\/es\/2023\/09\/allende-cincuenta-anos-despues\/","og_site_name":"Pressenza","article_publisher":"https:\/\/www.facebook.com\/PressenzaItalia","article_published_time":"2023-09-11T21:31:39+00:00","og_image":[{"width":1628,"height":1200,"url":"https:\/\/www.pressenza.com\/wp-content\/uploads\/2023\/09\/Allende.jpeg","type":"image\/jpeg"}],"author":"Juan Pablo C\u00e1rdenas","twitter_card":"summary_large_image","twitter_creator":"@PressenzaIPA","twitter_site":"@PressenzaIPA","twitter_misc":{"Escrito por":"Juan Pablo C\u00e1rdenas","Tiempo de lectura":"15 minutos"},"schema":{"@context":"https:\/\/schema.org","@graph":[{"@type":"Article","@id":"https:\/\/www.pressenza.com\/es\/2023\/09\/allende-cincuenta-anos-despues\/#article","isPartOf":{"@id":"https:\/\/www.pressenza.com\/es\/2023\/09\/allende-cincuenta-anos-despues\/"},"author":{"name":"Juan Pablo C\u00e1rdenas","@id":"https:\/\/www.pressenza.com\/es\/#\/schema\/person\/d72a7c8c014dcbfa2ef9e9976103ea0d"},"headline":"Allende, cincuenta a\u00f1os despu\u00e9s","datePublished":"2023-09-11T21:31:39+00:00","mainEntityOfPage":{"@id":"https:\/\/www.pressenza.com\/es\/2023\/09\/allende-cincuenta-anos-despues\/"},"wordCount":3521,"publisher":{"@id":"https:\/\/www.pressenza.com\/es\/#organization"},"image":{"@id":"https:\/\/www.pressenza.com\/es\/2023\/09\/allende-cincuenta-anos-despues\/#primaryimage"},"thumbnailUrl":"https:\/\/www.pressenza.com\/wp-content\/uploads\/2023\/09\/Allende.jpeg","keywords":["Chile","medios de comunicaci\u00f3n","Salvador Allende"],"articleSection":["Contenido Original","Opiniones","Pol\u00edtica","Sudam\u00e9rica"],"inLanguage":"es"},{"@type":"WebPage","@id":"https:\/\/www.pressenza.com\/es\/2023\/09\/allende-cincuenta-anos-despues\/","url":"https:\/\/www.pressenza.com\/es\/2023\/09\/allende-cincuenta-anos-despues\/","name":"Allende, cincuenta a\u00f1os despu\u00e9s","isPartOf":{"@id":"https:\/\/www.pressenza.com\/es\/#website"},"primaryImageOfPage":{"@id":"https:\/\/www.pressenza.com\/es\/2023\/09\/allende-cincuenta-anos-despues\/#primaryimage"},"image":{"@id":"https:\/\/www.pressenza.com\/es\/2023\/09\/allende-cincuenta-anos-despues\/#primaryimage"},"thumbnailUrl":"https:\/\/www.pressenza.com\/wp-content\/uploads\/2023\/09\/Allende.jpeg","datePublished":"2023-09-11T21:31:39+00:00","description":"Han corrido cincuenta a\u00f1os y las ideas del presidente Allende mantienen plena vigencia en Chile como en Am\u00e9rica Latina y buena parte del llamado Tercer","breadcrumb":{"@id":"https:\/\/www.pressenza.com\/es\/2023\/09\/allende-cincuenta-anos-despues\/#breadcrumb"},"inLanguage":"es","potentialAction":[{"@type":"ReadAction","target":["https:\/\/www.pressenza.com\/es\/2023\/09\/allende-cincuenta-anos-despues\/"]}]},{"@type":"ImageObject","inLanguage":"es","@id":"https:\/\/www.pressenza.com\/es\/2023\/09\/allende-cincuenta-anos-despues\/#primaryimage","url":"https:\/\/www.pressenza.com\/wp-content\/uploads\/2023\/09\/Allende.jpeg","contentUrl":"https:\/\/www.pressenza.com\/wp-content\/uploads\/2023\/09\/Allende.jpeg","width":1628,"height":1200,"caption":"_upscale"},{"@type":"BreadcrumbList","@id":"https:\/\/www.pressenza.com\/es\/2023\/09\/allende-cincuenta-anos-despues\/#breadcrumb","itemListElement":[{"@type":"ListItem","position":1,"name":"Accueil","item":"https:\/\/www.pressenza.com\/es\/"},{"@type":"ListItem","position":2,"name":"Allende, cincuenta a\u00f1os despu\u00e9s"}]},{"@type":"WebSite","@id":"https:\/\/www.pressenza.com\/es\/#website","url":"https:\/\/www.pressenza.com\/es\/","name":"Pressenza","description":"International Press Agency","publisher":{"@id":"https:\/\/www.pressenza.com\/es\/#organization"},"potentialAction":[{"@type":"SearchAction","target":{"@type":"EntryPoint","urlTemplate":"https:\/\/www.pressenza.com\/es\/?s={search_term_string}"},"query-input":{"@type":"PropertyValueSpecification","valueRequired":true,"valueName":"search_term_string"}}],"inLanguage":"es"},{"@type":"Organization","@id":"https:\/\/www.pressenza.com\/es\/#organization","name":"Pressenza","url":"https:\/\/www.pressenza.com\/es\/","logo":{"@type":"ImageObject","inLanguage":"es","@id":"https:\/\/www.pressenza.com\/es\/#\/schema\/logo\/image\/","url":"https:\/\/www.pressenza.com\/wp-content\/uploads\/2022\/10\/pressenza_logo_200x200.jpg","contentUrl":"https:\/\/www.pressenza.com\/wp-content\/uploads\/2022\/10\/pressenza_logo_200x200.jpg","width":200,"height":200,"caption":"Pressenza"},"image":{"@id":"https:\/\/www.pressenza.com\/es\/#\/schema\/logo\/image\/"},"sameAs":["https:\/\/www.facebook.com\/PressenzaItalia","https:\/\/x.com\/PressenzaIPA"]},{"@type":"Person","@id":"https:\/\/www.pressenza.com\/es\/#\/schema\/person\/d72a7c8c014dcbfa2ef9e9976103ea0d","name":"Juan Pablo C\u00e1rdenas","description":"Juan Pablo C\u00e1rdenas Squella es un periodista y profesor universitario de vasta trayectoria. En el 2005 recibi\u00f3 en premio nacional de Periodismo y, antes, la Pluma de Oro de la Libertad, otorgada por la Federaci\u00f3n Mundial de la Prensa. Tambi\u00e9n obtuvo el Premio Latinoamericano de Periodismo, la Houten Camara de Holanda (1989) entre otras m\u00faltiples distinciones nacionales y extranjeras. Forma parte de los sesenta periodistas del mundo considerados H\u00e9roes de la Libertad de Expresi\u00f3n, reconocimiento hecho por la Federaci\u00f3n Internacional de Periodistas. Ha sido director y columnista de las revistas Debate Universitario, An\u00e1lisis y Los Tiempos, as\u00ed como del diario electr\u00f3nico primeral\u00ednea.cl. Tambi\u00e9n fue por m\u00e1s 18 a\u00f1os director de la Radio Universidad de Chile y de su diario digital. Se ha desempe\u00f1ado como profesor de varias escuelas de periodismo de Santiago y Valpara\u00edso y en la Universidad de Chile alcanz\u00f3 el grado de profesor titular y senador universitario.","url":"https:\/\/www.pressenza.com\/es\/author\/juan-pablo-cardenas\/"}]}},"place":"Santiago de Chile","original_article_url":"","_links":{"self":[{"href":"https:\/\/www.pressenza.com\/es\/wp-json\/wp\/v2\/posts\/1764574","targetHints":{"allow":["GET"]}}],"collection":[{"href":"https:\/\/www.pressenza.com\/es\/wp-json\/wp\/v2\/posts"}],"about":[{"href":"https:\/\/www.pressenza.com\/es\/wp-json\/wp\/v2\/types\/post"}],"author":[{"embeddable":true,"href":"https:\/\/www.pressenza.com\/es\/wp-json\/wp\/v2\/users\/1739"}],"replies":[{"embeddable":true,"href":"https:\/\/www.pressenza.com\/es\/wp-json\/wp\/v2\/comments?post=1764574"}],"version-history":[{"count":0,"href":"https:\/\/www.pressenza.com\/es\/wp-json\/wp\/v2\/posts\/1764574\/revisions"}],"wp:featuredmedia":[{"embeddable":true,"href":"https:\/\/www.pressenza.com\/es\/wp-json\/wp\/v2\/media\/1764575"}],"wp:attachment":[{"href":"https:\/\/www.pressenza.com\/es\/wp-json\/wp\/v2\/media?parent=1764574"}],"wp:term":[{"taxonomy":"category","embeddable":true,"href":"https:\/\/www.pressenza.com\/es\/wp-json\/wp\/v2\/categories?post=1764574"},{"taxonomy":"post_tag","embeddable":true,"href":"https:\/\/www.pressenza.com\/es\/wp-json\/wp\/v2\/tags?post=1764574"}],"curies":[{"name":"wp","href":"https:\/\/api.w.org\/{rel}","templated":true}]}}