{"id":1763873,"date":"2023-09-07T14:50:52","date_gmt":"2023-09-07T13:50:52","guid":{"rendered":"https:\/\/www.pressenza.com\/?p=1763873"},"modified":"2023-09-07T14:50:52","modified_gmt":"2023-09-07T13:50:52","slug":"por-que-las-comunidades-no-quieren-el-mal-llamado-tren-maya","status":"publish","type":"post","link":"https:\/\/www.pressenza.com\/es\/2023\/09\/por-que-las-comunidades-no-quieren-el-mal-llamado-tren-maya\/","title":{"rendered":"\u00bfPor qu\u00e9 las comunidades no quieren el \u201cmal llamado Tren Maya\u201d?"},"content":{"rendered":"<p>El megaproyecto en construcci\u00f3n en la Pen\u00ednsula de Yucat\u00e1n, el\u00a0<strong>\u201cmal llamado Tren Maya, porque de maya no tiene nada\u201d<\/strong>, como lo llaman las comunidades de la regi\u00f3n en resistencia, est\u00e1 lejos de detonar el progreso que verdaderamente se necesita. Por el contrario,\u00a0<strong>agudiza problemas<\/strong>\u00a0de despojo, deforestaci\u00f3n, acceso al agua, contaminaci\u00f3n, discriminaci\u00f3n, divisi\u00f3n, pobreza e incluso crimen organizado, coincidieron representantes de estas comunidades, as\u00ed como investigadores y una investigadora que participaron en la elaboraci\u00f3n del volumen 1 del libro\u00a0<span style=\"text-decoration: underline;\"><a href=\"https:\/\/www.u-topicas.com\/libro\/territorios-mayas-en-el-paso-del-tren_19203\" target=\"_blank\" rel=\"noopener\"><em><strong>Territorios Mayas en el Paso del tren.\u00a0Riesgos previsibles y posturas independientes sobre el Tren Maya<\/strong><\/em><\/a><\/span>.<\/p>\n<p>Se\u00f1alaron tambi\u00e9n que la parte tur\u00edstica \u2014de la que se espera sea <strong>masiva y destructiva, adem\u00e1s de\u00a0costosa<\/strong>\u2014 es en realidad secundaria, pues <strong>lo que verdaderamente se persigue es el impulso a la conectividad para el transporte de carga y el intercambio comercial<\/strong>, especialmente ante la sequ\u00eda que ha afectado el flujo en el Canal de Panam\u00e1. Ello se dijo en el conversatorio\u00a0<em>El tren va\u2026 \u00bfY nosotr@s a d\u00f3nde?<\/em>, durante la Semana del Tren Maya en la IBERO \u2014del 28 al 31 de agosto\u2014, un espacio de reflexi\u00f3n organizado por el <span style=\"text-decoration: underline;\"><a href=\"https:\/\/ocsa.ibero.mx\/\" target=\"_blank\" rel=\"noopener\"><strong>Observatorio de Conflictos Socioambientales (OCSA)<\/strong><\/a>,<\/span> el\u00a0<span style=\"text-decoration: underline;\"><a href=\"https:\/\/centrus.ibero.mx\/\" target=\"_blank\" rel=\"noopener\"><strong>Centro Transdisciplinar Universitario para la Sustentabilidad (Centrus)<\/strong><\/a><\/span>\u00a0y los Programas de\u00a0<span style=\"text-decoration: underline;\"><a href=\"https:\/\/piai.ibero.mx\/\" target=\"_blank\" rel=\"noopener\"><strong>Interculturalidad y Asuntos Ind\u00edgenas (PIAI)<\/strong><\/a>,<\/span>\u00a0<span style=\"text-decoration: underline;\"><a href=\"https:\/\/sustentabilidad.ibero.mx\/\" target=\"_blank\" rel=\"noopener\"><strong>Universitario para la Sustentabilidad<\/strong><\/a>\u00a0<\/span>y de\u00a0<span style=\"text-decoration: underline;\"><a href=\"https:\/\/prami.ibero.mx\/\" target=\"_blank\" rel=\"noopener\"><strong>Asuntos Migratorios (PRAMI)<\/strong><\/a><\/span>.<\/p>\n<h3><strong>El Tren Maya convierte la cultura en un producto tur\u00edstico comercial<\/strong><\/h3>\n<p>Con este proyecto del gobierno federal que atraviesa los estados de Tabasco, Chiapas, Campeche, Yucat\u00e1n y Quintana Roo, \u201cnuestra cultura se presenta como valiosa, siempre y cuando sea un\u00a0<strong>producto tur\u00edstico<\/strong>. Ya no se necesita ir a un parque tem\u00e1tico para ver que vuelva nuestra cultura a un\u00a0<strong>espect\u00e1culo<\/strong>, sino que la gente ya de la comunidad empieza a tener esas mismas formas de mirar nuestra cultura\u201d, lament\u00f3 la\u00a0<strong>Lic. Wilma Esquivel Pat<\/strong>, bi\u00f3loga maya macehual, feminista comunitaria territorial de Felipe Carrillo Puerto en Quintana Roo.<\/p>\n<p>Agreg\u00f3 que el\u00a0<strong>turismo masivo<\/strong>\u00a0es totalmente destructivo, acabador y depredador. \u201c\u00bfQui\u00e9nes somos nosotros y nosotras como pueblo en ese turismo, en una ciudad que no es para nosotras y nosotros?\u00a0<strong>Somos la servidumbre<\/strong>\u201d. Adem\u00e1s de la venta y la expropiaci\u00f3n de tierras,\u00a0<strong>las juventudes tambi\u00e9n est\u00e1n siendo desplazadas<\/strong>, dijo, pues en ciudades como Tulum o Bacalar \u2014con el tipo de desarrollo que las comunidades en resistencia no quieren\u2014 es muy dif\u00edcil que una joven o un joven pueda pagar una renta.<\/p>\n<p>En el aspecto ambiental hay una deforestaci\u00f3n tremenda,<strong>\u00a0la Reserva de la Biosfera de Calakmul est\u00e1 siendo destrozada<\/strong>, asegur\u00f3\u00a0<strong>Sara L\u00f3pez Gonz\u00e1lez<\/strong>,\u00a0mujer maya nacida en Candelaria, Campeche, defensora de los pueblos ind\u00edgenas, el campo y la vida.\u00a0\u201cCuando caminamos y viajamos a esa parte, nos duele el alma, nos duele el coraz\u00f3n, porque ves toda la deforestaci\u00f3n por donde van a pasar las v\u00edas\u201d.<\/p>\n<div id=\"attachment_1763885\" class=\"wp-caption alignnone\"><img loading=\"lazy\" decoding=\"async\" aria-describedby=\"caption-attachment-1763885\" class=\"wp-image-1763885 size-full\" src=\"https:\/\/www.pressenza.com\/wp-content\/uploads\/2023\/09\/Construccion-estacion-Teya-Merida-Tsoncch22-Wikimedia-Commons.jpeg\" alt=\"\" width=\"820\" height=\"615\" srcset=\"https:\/\/www.pressenza.com\/wp-content\/uploads\/2023\/09\/Construccion-estacion-Teya-Merida-Tsoncch22-Wikimedia-Commons.jpeg 820w, https:\/\/www.pressenza.com\/wp-content\/uploads\/2023\/09\/Construccion-estacion-Teya-Merida-Tsoncch22-Wikimedia-Commons-300x225.jpeg 300w\" sizes=\"auto, (max-width: 820px) 100vw, 820px\" \/><p id=\"caption-attachment-1763885\" class=\"wp-caption-text\">Construccio\u0301n de la estacio\u0301n Teya Me\u0301rida. Foto de Tsoncch22\/Wikimedia Commons<\/p><\/div>\n<p>Por su parte, la\u00a0<strong>Dra. Alba Margarita Campos Buend\u00eda<\/strong>, investigadora de la Facultad Latinoamericana de Ciencias Sociales en M\u00e9xico (FLACSO) y autora de uno de los cap\u00edtulos del libro\u00a0<em>Territorios Mayas en el Paso del tren<\/em>, se\u00f1al\u00f3 que en la Pen\u00ednsula del Sur-Sureste se encuentran 49 zonas arqueol\u00f3gicas, 15 \u00c1reas Naturales Protegidas federales y 20 estatales, 24 humedales, 24 \u00e1reas de conservaci\u00f3n y una reserva ecol\u00f3gica municipal \u2014la reserva de Cuxtal\u2014, que surte el 50% del agua a M\u00e9rida, Yucat\u00e1n. \u201cEs la zona geogr\u00e1fica en donde m\u00e1s acu\u00edferos subterr\u00e1neos tenemos, ah\u00ed se encuentra la <strong>mayor cantidad de agua subterr\u00e1nea disponible en el planeta<\/strong>\u201d.<\/p>\n<p>Agreg\u00f3 que en 2015\u00a0la actividad tur\u00edstica fue el proceso productivo que trajo un mayor\u00a0<strong>deterioro ambiental<\/strong> a la Pen\u00ednsula y para 2019, este deterioro tiene que ver sobre todo con el desarrollo de proyectos hoteleros y de proyectos de infraestructura, entre ellos el Tren Maya.<\/p>\n<h3><strong>El verdadero objetivo es la conectividad para el comercio regional<\/strong><\/h3>\n<p>La Dra. Campos Buend\u00eda, al igual que el resto de las y los participantes en la charla, se\u00f1al\u00f3 que el Tren Maya es m\u00e1s que las v\u00edas: es una puerta de entrada hacia el comercio e integraci\u00f3n regional y global. \u201cAl Estado le interesa sobre todo abrir la puerta a estos capitales por medio del Tren, sobre todo en t\u00e9rminos de\u00a0<strong>intercambio comercial<\/strong>. La parte tur\u00edstica es el plus\u201d.<\/p>\n<p><strong>Eduardo Mart\u00ednez Romero<\/strong>, Maestro en Ecolog\u00eda y Ciencias Ambientales por la UNAM, se\u00f1al\u00f3 el problema de la <strong>sequ\u00eda en el Canal de Panam\u00e1 en Centroam\u00e9rica<\/strong>, el cual ha reducido el flujo de bienes y servicios, \u201ctodo el transporte mar\u00edtimo est\u00e1 volteando a la Pen\u00ednsula de Yucat\u00e1n y al Istmo de Tehuantepec\u201d.<\/p>\n<p>De ah\u00ed la importancia para el gobierno de construir estos circuitos de comunicaci\u00f3n, con el Tren Trans\u00edstmico y el circuito del tren en la Pen\u00ednsula de Yucat\u00e1n, Tabasco y Chiapas, dijo el tambi\u00e9n autor de uno de los cap\u00edtulos del libro.<\/p>\n<h3><strong>La idea de la conectividad en el Sur-Sureste no es nada nueva<\/strong><\/h3>\n<p>El\u00a0<strong>Dr. Miguel \u00c1ngel D\u00edaz Perera<\/strong>, investigador del Colegio de la Frontera Sur,\u00a0consider\u00f3 que el Tren Maya es un proyecto de desarrollo muy convencional que no tiene nada de nuevo.\u00a0Mencion\u00f3 toda una serie de proyectos similares que se llevaron a cabo durante el siglo pasado, como el que despu\u00e9s se llam\u00f3\u00a0<strong>Ferrocarril del Sureste<\/strong>, a finales del siglo XIX y principios del XX.<\/p>\n<p>\u00c9ste era en realidad un proyecto integrador entre el Ferrocarril Nacional de Tehuantepec y Ferrocarriles Unidos Yucat\u00e1n. El acad\u00e9mico se\u00f1al\u00f3 que en el siglo pasado persisti\u00f3 la idea de conectar el Ferrocarril Nacional de Tehuantepec y darle la vuelta a la Pen\u00ednsula de Yucat\u00e1n, como una herradura. De hecho, el proyecto del Ferrocarril del Sureste fue bandera del presidente L\u00e1zaro C\u00e1rdenas.<\/p>\n<div id=\"attachment_1763875\" class=\"wp-caption alignnone\"><img loading=\"lazy\" decoding=\"async\" aria-describedby=\"caption-attachment-1763875\" class=\"wp-image-1763875 size-full\" src=\"https:\/\/www.pressenza.com\/wp-content\/uploads\/2023\/09\/700_conversatorio_tren_maya_2-e1694094124528.jpg\" alt=\"\" width=\"815\" height=\"543\" srcset=\"https:\/\/www.pressenza.com\/wp-content\/uploads\/2023\/09\/700_conversatorio_tren_maya_2-e1694094124528.jpg 815w, https:\/\/www.pressenza.com\/wp-content\/uploads\/2023\/09\/700_conversatorio_tren_maya_2-e1694094124528-300x200.jpg 300w, https:\/\/www.pressenza.com\/wp-content\/uploads\/2023\/09\/700_conversatorio_tren_maya_2-e1694094124528-768x512.jpg 768w\" sizes=\"auto, (max-width: 815px) 100vw, 815px\" \/><p id=\"caption-attachment-1763875\" class=\"wp-caption-text\">Foto Jazmin Mendoza\/Ibero<\/p><\/div>\n<p>Incluso cuando el proyecto presente retoma el uso de tramos de v\u00edas antiguas, el Dr. D\u00edaz Perera destac\u00f3 que en \u00e9ste y en todos los proyectos anteriores se manejaron\u00a0<strong>narrativas que buscan romper con el pasado<\/strong>, como si antes de ellas no hubiera existido nada, y \u201cha sido constante la idea de la narrativa de superar el rezago, la idea de la narrativa de la esperanza\u201d.<\/p>\n<p>\u201cDesde que nos invadieron, a los pueblos originarios nos han tenido tutelados,\u00a0<strong>han pensado que nosotros no tenemos la capacidad de decidir sobre nuestra vida<\/strong>\u201d, denunci\u00f3 la Lic. Esquivel Pat, tambi\u00e9n poeta y Vicepresidenta del Centro Comunitario U k\u00fauchil K Ch\u2019i\u2019ibalo\u2019on. Lament\u00f3 que se ha pensado que el conocimiento de los pueblos no tiene valor. \u201cYo tengo formaci\u00f3n como bi\u00f3loga pero, con toda honestidad,<strong>\u00a0la raz\u00f3n de vida y de plenitud yo la encuentro en la sabidur\u00eda de mi pueblo<\/strong>\u201d.<\/p>\n<p>Por su parte, Sara L\u00f3pez enfatiz\u00f3: \u201cNosotros y nosotras decimos no al Tren Maya, no porque no queramos el desarrollo, no porque no queramos el progreso de la comunidad, pero\u00a0<strong>eso no es el progreso de la comunidad<\/strong>\u201d. Lo que quieren en realidad \u2014dijo\u2014 es <strong>vivir su propia autonom\u00eda<\/strong>, \u201ccon nuestros usos, con nuestras formas, con nuestras costumbres, con nuestra forma de ser, y eso nos lo han arrebatado\u201d.<\/p>\n<p>Si te interesa apoyar a estas comunidades en resistencia, la activista nos recomienda seguir la informaci\u00f3n que difunde el Congreso Nacional Ind\u00edgena (CNI), la Red de Resistencia y el Centro Mexicano de Derecho Ambiental (CEMDA) \u2014en relaci\u00f3n con los amparos que las y los pobladores han interpuesto ante los despojos\u2014, as\u00ed como visibilizar estas acciones en la defensa del territorio, \u201cpara que todo el mundo sepa lo que estamos viviendo\u201d.<\/p>\n<p>Como parte de la Semana del Tren Maya, tambi\u00e9n se llev\u00f3 a cabo la experiencia inmersiva\u00a0<em>Rieles y ra\u00edces: los impactos socioambientales de la construcci\u00f3n del Tren Maya<\/em>, y el taller\u00a0<em>Trayectos y transformaciones: visualizaci\u00f3n geogr\u00e1fica del paso del Tren Maya<\/em>.<\/p>\n<div class=\"post-gallery\">\n\t\t\t<figure class=\"post-gallery-item\">\n\t\t\t\t<img decoding=\"async\" src=\"https:\/\/www.pressenza.com\/wp-content\/uploads\/2023\/09\/700_conversatorio_tren_maya_3.jpeg\" loading=\"lazy\">\n\t\t\t\t<figcaption>\n\t\t\t\t\tSe llev\u00f3 a cabo en la Universidad Iberoamericana el conversatorio \u2018El tren va... \u00bfY nosotr@s a d\u00f3nde?\u2019 (Foto: Yazm\u00edn Mendoza)\n\t\t\t\t<\/figcaption>\n\t\t\t<\/figure>\n\t\t\t<figure class=\"post-gallery-item\">\n\t\t\t\t<img decoding=\"async\" src=\"https:\/\/www.pressenza.com\/wp-content\/uploads\/2023\/09\/700_alba_campos_sara_lopez_wilma_esquivel_marcela_talamantes_y_miguel_angel_diaz.jpeg\" loading=\"lazy\">\n\t\t\t\t<figcaption>\n\t\t\t\t\tDe izquierda a derecha, Alba Campos, Sara L\u00f3pez, Wilma Esquivel, Marcela Talamantes y Miguel \u00c1ngel D\u00edaz. (Foto: Yazm\u00edn Mendoza)\n\t\t\t\t<\/figcaption>\n\t\t\t<\/figure>\n\t\t\t<figure class=\"post-gallery-item\">\n\t\t\t\t<img decoding=\"async\" src=\"https:\/\/www.pressenza.com\/wp-content\/uploads\/2023\/09\/700_marcela_talamantes_2.jpeg\" loading=\"lazy\">\n\t\t\t\t<figcaption>\n\t\t\t\t\tMaestra Marcela Talamantes Casillas, Directora de Incidencia de la IBERO Ciudad de M\u00e9xico. (Foto: Yazm\u00edn Mendoza)\n\t\t\t\t<\/figcaption>\n\t\t\t<\/figure>\n\t\t\t<figure class=\"post-gallery-item\">\n\t\t\t\t<img decoding=\"async\" src=\"https:\/\/www.pressenza.com\/wp-content\/uploads\/2023\/09\/700_wilma_esquivel_2.jpeg\" loading=\"lazy\">\n\t\t\t\t<figcaption>\n\t\t\t\t\tLic. Wilma Esquivel Pat, bi\u00f3loga maya macehual, feminista comunitaria territorial de Felipe Carrillo Puerto en Quintana Roo. (Foto: Yazm\u00edn Mendoza)\n\t\t\t\t<\/figcaption>\n\t\t\t<\/figure>\n\t\t\t<figure class=\"post-gallery-item\">\n\t\t\t\t<img decoding=\"async\" src=\"https:\/\/www.pressenza.com\/wp-content\/uploads\/2023\/09\/700_sara_lopez_2.jpeg\" loading=\"lazy\">\n\t\t\t\t<figcaption>\n\t\t\t\t\tSara L\u00f3pez Gonz\u00e1lez, mujer maya nacida en Candelaria, Campeche, defensora de los pueblos ind\u00edgenas, el campo y la vida. (Foto: Yazm\u00edn Mendoza)\n\t\t\t\t<\/figcaption>\n\t\t\t<\/figure>\n\t\t\t<figure class=\"post-gallery-item\">\n\t\t\t\t<img decoding=\"async\" src=\"https:\/\/www.pressenza.com\/wp-content\/uploads\/2023\/09\/700_miguel_angel_diaz_2.jpeg\" loading=\"lazy\">\n\t\t\t\t<figcaption>\n\t\t\t\t\tDr. Miguel \u00c1ngel D\u00edaz Perera, investigador del Colegio de la Frontera Sur. (Foto: Yazm\u00edn Mendoza)\n\n\t\t\t\t<\/figcaption>\n\t\t\t<\/figure>\n\t\t\t<figure class=\"post-gallery-item\">\n\t\t\t\t<img decoding=\"async\" src=\"https:\/\/www.pressenza.com\/wp-content\/uploads\/2023\/09\/700_alba_campos_1.jpeg\" loading=\"lazy\">\n\t\t\t\t<figcaption>\n\t\t\t\t\tDra. Alba Margarita Campos Buend\u00eda, investigadora de la Facultad Latinoamericana de Ciencias Sociales en M\u00e9xico (FLACSO). (Foto: Yazm\u00edn Mendoza)\n\t\t\t\t<\/figcaption>\n\t\t\t<\/figure>\n\t\t\t<figure class=\"post-gallery-item\">\n\t\t\t\t<img decoding=\"async\" src=\"https:\/\/www.pressenza.com\/wp-content\/uploads\/2023\/09\/700_eduardo_martinez.jpeg\" loading=\"lazy\">\n\t\t\t\t<figcaption>\n\t\t\t\t\tEduardo Mart\u00ednez Romero, Maestro en Ecolog\u00eda y Ciencias Ambientales por la UNAM, particip\u00f3 en el conversatorio v\u00eda Zoom. (Foto: Yazm\u00edn Mendoza)\n\t\t\t\t<\/figcaption>\n\t\t\t<\/figure>\n\t\t\t<figure class=\"post-gallery-item\">\n\t\t\t\t<img decoding=\"async\" src=\"https:\/\/www.pressenza.com\/wp-content\/uploads\/2023\/09\/700_conversatorio_tren_maya_4.jpeg\" loading=\"lazy\">\n\t\t\t\t<figcaption>\n\t\t\t\t\t\n\t\t\t\t<\/figcaption>\n\t\t\t<\/figure><\/div>\n<p class=\"has-medium-font-size\">Publicado originalmente en la\u00a0<span style=\"text-decoration: underline;\"><a href=\"https:\/\/ibero.mx\/prensa\/por-que-las-comunidades-no-quieren-el-mal-llamado-tren-maya\" target=\"_blank\" rel=\"noopener\">IBERO<\/a><\/span><\/p>\n","protected":false},"excerpt":{"rendered":"<p>El megaproyecto en construcci\u00f3n en la Pen\u00ednsula de Yucat\u00e1n, el\u00a0\u201cmal llamado Tren Maya, porque de maya no tiene nada\u201d, como lo llaman las comunidades de la regi\u00f3n en resistencia, est\u00e1 lejos de detonar el progreso que verdaderamente se necesita. Por&hellip;<\/p>\n","protected":false},"author":1628,"featured_media":1763874,"comment_status":"closed","ping_status":"closed","sticky":false,"template":"","format":"standard","meta":{"footnotes":""},"categories":[68,74,80,106740],"tags":[54082,1321,22210,18507,51353],"class_list":["post-1763873","post","type-post","status-publish","format-standard","has-post-thumbnail","hentry","category-norteamerica","category-politica-es","category-pueblos-originarios","category-reportaje","tag-indigenas-es","tag-mexico","tag-pueblos-originarios","tag-territorios","tag-tren-maya"],"yoast_head":"<!-- This site is optimized with the Yoast SEO plugin v27.1.1 - https:\/\/yoast.com\/product\/yoast-seo-wordpress\/ -->\n<title>\u00bfPor qu\u00e9 las comunidades no quieren el \u201cmal llamado Tren Maya\u201d?<\/title>\n<meta name=\"description\" content=\"El megaproyecto en construcci\u00f3n en la Pen\u00ednsula de Yucat\u00e1n, el\u00a0\u201cmal llamado Tren Maya, porque de maya no tiene nada\u201d, como lo llaman las comunidades de la\" \/>\n<meta name=\"robots\" content=\"index, follow, max-snippet:-1, max-image-preview:large, max-video-preview:-1\" \/>\n<link rel=\"canonical\" href=\"https:\/\/www.pressenza.com\/es\/2023\/09\/por-que-las-comunidades-no-quieren-el-mal-llamado-tren-maya\/\" \/>\n<meta property=\"og:locale\" content=\"es_ES\" \/>\n<meta property=\"og:type\" content=\"article\" \/>\n<meta property=\"og:title\" content=\"\u00bfPor qu\u00e9 las comunidades no quieren el \u201cmal llamado Tren Maya\u201d?\" \/>\n<meta property=\"og:description\" content=\"El megaproyecto en construcci\u00f3n en la Pen\u00ednsula de Yucat\u00e1n, el\u00a0\u201cmal llamado Tren Maya, porque de maya no tiene nada\u201d, como lo llaman las comunidades de la\" \/>\n<meta property=\"og:url\" content=\"https:\/\/www.pressenza.com\/es\/2023\/09\/por-que-las-comunidades-no-quieren-el-mal-llamado-tren-maya\/\" \/>\n<meta property=\"og:site_name\" content=\"Pressenza\" \/>\n<meta property=\"article:publisher\" content=\"https:\/\/www.facebook.com\/PressenzaItalia\" \/>\n<meta property=\"article:published_time\" content=\"2023-09-07T13:50:52+00:00\" \/>\n<meta property=\"og:image\" content=\"https:\/\/www.pressenza.com\/wp-content\/uploads\/2023\/09\/Andres-Manuel-Lopez-Obrador-captura-de-video.jpg\" \/>\n\t<meta property=\"og:image:width\" content=\"1024\" \/>\n\t<meta property=\"og:image:height\" content=\"575\" \/>\n\t<meta property=\"og:image:type\" content=\"image\/jpeg\" \/>\n<meta name=\"author\" content=\"Desinform\u00e9monos\" \/>\n<meta name=\"twitter:card\" content=\"summary_large_image\" \/>\n<meta name=\"twitter:creator\" content=\"@PressenzaIPA\" \/>\n<meta name=\"twitter:site\" content=\"@PressenzaIPA\" \/>\n<meta name=\"twitter:label1\" content=\"Escrito por\" \/>\n\t<meta name=\"twitter:data1\" content=\"Desinform\u00e9monos\" \/>\n\t<meta name=\"twitter:label2\" content=\"Tiempo de lectura\" \/>\n\t<meta name=\"twitter:data2\" content=\"7 minutos\" \/>\n<script type=\"application\/ld+json\" class=\"yoast-schema-graph\">{\"@context\":\"https:\/\/schema.org\",\"@graph\":[{\"@type\":\"Article\",\"@id\":\"https:\/\/www.pressenza.com\/es\/2023\/09\/por-que-las-comunidades-no-quieren-el-mal-llamado-tren-maya\/#article\",\"isPartOf\":{\"@id\":\"https:\/\/www.pressenza.com\/es\/2023\/09\/por-que-las-comunidades-no-quieren-el-mal-llamado-tren-maya\/\"},\"author\":{\"name\":\"Desinform\u00e9monos\",\"@id\":\"https:\/\/www.pressenza.com\/es\/#\/schema\/person\/bbbaee99f5088d6b61ae6e1829fe024c\"},\"headline\":\"\u00bfPor qu\u00e9 las comunidades no quieren el \u201cmal llamado Tren Maya\u201d?\",\"datePublished\":\"2023-09-07T13:50:52+00:00\",\"mainEntityOfPage\":{\"@id\":\"https:\/\/www.pressenza.com\/es\/2023\/09\/por-que-las-comunidades-no-quieren-el-mal-llamado-tren-maya\/\"},\"wordCount\":1391,\"publisher\":{\"@id\":\"https:\/\/www.pressenza.com\/es\/#organization\"},\"image\":{\"@id\":\"https:\/\/www.pressenza.com\/es\/2023\/09\/por-que-las-comunidades-no-quieren-el-mal-llamado-tren-maya\/#primaryimage\"},\"thumbnailUrl\":\"https:\/\/www.pressenza.com\/wp-content\/uploads\/2023\/09\/Andres-Manuel-Lopez-Obrador-captura-de-video.jpg\",\"keywords\":[\"indigenas\",\"M\u00e9xico\",\"Pueblos Originarios\",\"territorios\",\"tren maya\"],\"articleSection\":[\"Norteam\u00e9rica\",\"Pol\u00edtica\",\"Pueblos Originarios\",\"Reportaje\"],\"inLanguage\":\"es\"},{\"@type\":\"WebPage\",\"@id\":\"https:\/\/www.pressenza.com\/es\/2023\/09\/por-que-las-comunidades-no-quieren-el-mal-llamado-tren-maya\/\",\"url\":\"https:\/\/www.pressenza.com\/es\/2023\/09\/por-que-las-comunidades-no-quieren-el-mal-llamado-tren-maya\/\",\"name\":\"\u00bfPor qu\u00e9 las comunidades no quieren el \u201cmal llamado Tren Maya\u201d?\",\"isPartOf\":{\"@id\":\"https:\/\/www.pressenza.com\/es\/#website\"},\"primaryImageOfPage\":{\"@id\":\"https:\/\/www.pressenza.com\/es\/2023\/09\/por-que-las-comunidades-no-quieren-el-mal-llamado-tren-maya\/#primaryimage\"},\"image\":{\"@id\":\"https:\/\/www.pressenza.com\/es\/2023\/09\/por-que-las-comunidades-no-quieren-el-mal-llamado-tren-maya\/#primaryimage\"},\"thumbnailUrl\":\"https:\/\/www.pressenza.com\/wp-content\/uploads\/2023\/09\/Andres-Manuel-Lopez-Obrador-captura-de-video.jpg\",\"datePublished\":\"2023-09-07T13:50:52+00:00\",\"description\":\"El megaproyecto en construcci\u00f3n en la Pen\u00ednsula de Yucat\u00e1n, el\u00a0\u201cmal llamado Tren Maya, porque de maya no tiene nada\u201d, como lo llaman las comunidades de la\",\"breadcrumb\":{\"@id\":\"https:\/\/www.pressenza.com\/es\/2023\/09\/por-que-las-comunidades-no-quieren-el-mal-llamado-tren-maya\/#breadcrumb\"},\"inLanguage\":\"es\",\"potentialAction\":[{\"@type\":\"ReadAction\",\"target\":[\"https:\/\/www.pressenza.com\/es\/2023\/09\/por-que-las-comunidades-no-quieren-el-mal-llamado-tren-maya\/\"]}]},{\"@type\":\"ImageObject\",\"inLanguage\":\"es\",\"@id\":\"https:\/\/www.pressenza.com\/es\/2023\/09\/por-que-las-comunidades-no-quieren-el-mal-llamado-tren-maya\/#primaryimage\",\"url\":\"https:\/\/www.pressenza.com\/wp-content\/uploads\/2023\/09\/Andres-Manuel-Lopez-Obrador-captura-de-video.jpg\",\"contentUrl\":\"https:\/\/www.pressenza.com\/wp-content\/uploads\/2023\/09\/Andres-Manuel-Lopez-Obrador-captura-de-video.jpg\",\"width\":1024,\"height\":575},{\"@type\":\"BreadcrumbList\",\"@id\":\"https:\/\/www.pressenza.com\/es\/2023\/09\/por-que-las-comunidades-no-quieren-el-mal-llamado-tren-maya\/#breadcrumb\",\"itemListElement\":[{\"@type\":\"ListItem\",\"position\":1,\"name\":\"Accueil\",\"item\":\"https:\/\/www.pressenza.com\/es\/\"},{\"@type\":\"ListItem\",\"position\":2,\"name\":\"\u00bfPor qu\u00e9 las comunidades no quieren el \u201cmal llamado Tren Maya\u201d?\"}]},{\"@type\":\"WebSite\",\"@id\":\"https:\/\/www.pressenza.com\/es\/#website\",\"url\":\"https:\/\/www.pressenza.com\/es\/\",\"name\":\"Pressenza\",\"description\":\"International Press Agency\",\"publisher\":{\"@id\":\"https:\/\/www.pressenza.com\/es\/#organization\"},\"potentialAction\":[{\"@type\":\"SearchAction\",\"target\":{\"@type\":\"EntryPoint\",\"urlTemplate\":\"https:\/\/www.pressenza.com\/es\/?s={search_term_string}\"},\"query-input\":{\"@type\":\"PropertyValueSpecification\",\"valueRequired\":true,\"valueName\":\"search_term_string\"}}],\"inLanguage\":\"es\"},{\"@type\":\"Organization\",\"@id\":\"https:\/\/www.pressenza.com\/es\/#organization\",\"name\":\"Pressenza\",\"url\":\"https:\/\/www.pressenza.com\/es\/\",\"logo\":{\"@type\":\"ImageObject\",\"inLanguage\":\"es\",\"@id\":\"https:\/\/www.pressenza.com\/es\/#\/schema\/logo\/image\/\",\"url\":\"https:\/\/www.pressenza.com\/wp-content\/uploads\/2022\/10\/pressenza_logo_200x200.jpg\",\"contentUrl\":\"https:\/\/www.pressenza.com\/wp-content\/uploads\/2022\/10\/pressenza_logo_200x200.jpg\",\"width\":200,\"height\":200,\"caption\":\"Pressenza\"},\"image\":{\"@id\":\"https:\/\/www.pressenza.com\/es\/#\/schema\/logo\/image\/\"},\"sameAs\":[\"https:\/\/www.facebook.com\/PressenzaItalia\",\"https:\/\/x.com\/PressenzaIPA\"]},{\"@type\":\"Person\",\"@id\":\"https:\/\/www.pressenza.com\/es\/#\/schema\/person\/bbbaee99f5088d6b61ae6e1829fe024c\",\"name\":\"Desinform\u00e9monos\",\"description\":\"Desinform\u00e9monos nace el 15 de octubre de 2009 y crece como un proyecto de comunicaci\u00f3n aut\u00f3noma, libre e independiente, conformado por un equipo de comunicadores, personas de los movimientos sociales, intelectuales y acad\u00e9micos, hombres y mujeres de varias generaciones que, como nosotros, buscan construir un espacio de expresi\u00f3n en y desde M\u00e9xico, donde se aloja la casa matriz.\",\"sameAs\":[\"https:\/\/desinformemonos.org\/\"],\"url\":\"https:\/\/www.pressenza.com\/es\/author\/desinformemonos\/\"}]}<\/script>\n<!-- \/ Yoast SEO plugin. -->","yoast_head_json":{"title":"\u00bfPor qu\u00e9 las comunidades no quieren el \u201cmal llamado Tren Maya\u201d?","description":"El megaproyecto en construcci\u00f3n en la Pen\u00ednsula de Yucat\u00e1n, el\u00a0\u201cmal llamado Tren Maya, porque de maya no tiene nada\u201d, como lo llaman las comunidades de la","robots":{"index":"index","follow":"follow","max-snippet":"max-snippet:-1","max-image-preview":"max-image-preview:large","max-video-preview":"max-video-preview:-1"},"canonical":"https:\/\/www.pressenza.com\/es\/2023\/09\/por-que-las-comunidades-no-quieren-el-mal-llamado-tren-maya\/","og_locale":"es_ES","og_type":"article","og_title":"\u00bfPor qu\u00e9 las comunidades no quieren el \u201cmal llamado Tren Maya\u201d?","og_description":"El megaproyecto en construcci\u00f3n en la Pen\u00ednsula de Yucat\u00e1n, el\u00a0\u201cmal llamado Tren Maya, porque de maya no tiene nada\u201d, como lo llaman las comunidades de la","og_url":"https:\/\/www.pressenza.com\/es\/2023\/09\/por-que-las-comunidades-no-quieren-el-mal-llamado-tren-maya\/","og_site_name":"Pressenza","article_publisher":"https:\/\/www.facebook.com\/PressenzaItalia","article_published_time":"2023-09-07T13:50:52+00:00","og_image":[{"width":1024,"height":575,"url":"https:\/\/www.pressenza.com\/wp-content\/uploads\/2023\/09\/Andres-Manuel-Lopez-Obrador-captura-de-video.jpg","type":"image\/jpeg"}],"author":"Desinform\u00e9monos","twitter_card":"summary_large_image","twitter_creator":"@PressenzaIPA","twitter_site":"@PressenzaIPA","twitter_misc":{"Escrito por":"Desinform\u00e9monos","Tiempo de lectura":"7 minutos"},"schema":{"@context":"https:\/\/schema.org","@graph":[{"@type":"Article","@id":"https:\/\/www.pressenza.com\/es\/2023\/09\/por-que-las-comunidades-no-quieren-el-mal-llamado-tren-maya\/#article","isPartOf":{"@id":"https:\/\/www.pressenza.com\/es\/2023\/09\/por-que-las-comunidades-no-quieren-el-mal-llamado-tren-maya\/"},"author":{"name":"Desinform\u00e9monos","@id":"https:\/\/www.pressenza.com\/es\/#\/schema\/person\/bbbaee99f5088d6b61ae6e1829fe024c"},"headline":"\u00bfPor qu\u00e9 las comunidades no quieren el \u201cmal llamado Tren Maya\u201d?","datePublished":"2023-09-07T13:50:52+00:00","mainEntityOfPage":{"@id":"https:\/\/www.pressenza.com\/es\/2023\/09\/por-que-las-comunidades-no-quieren-el-mal-llamado-tren-maya\/"},"wordCount":1391,"publisher":{"@id":"https:\/\/www.pressenza.com\/es\/#organization"},"image":{"@id":"https:\/\/www.pressenza.com\/es\/2023\/09\/por-que-las-comunidades-no-quieren-el-mal-llamado-tren-maya\/#primaryimage"},"thumbnailUrl":"https:\/\/www.pressenza.com\/wp-content\/uploads\/2023\/09\/Andres-Manuel-Lopez-Obrador-captura-de-video.jpg","keywords":["indigenas","M\u00e9xico","Pueblos Originarios","territorios","tren maya"],"articleSection":["Norteam\u00e9rica","Pol\u00edtica","Pueblos Originarios","Reportaje"],"inLanguage":"es"},{"@type":"WebPage","@id":"https:\/\/www.pressenza.com\/es\/2023\/09\/por-que-las-comunidades-no-quieren-el-mal-llamado-tren-maya\/","url":"https:\/\/www.pressenza.com\/es\/2023\/09\/por-que-las-comunidades-no-quieren-el-mal-llamado-tren-maya\/","name":"\u00bfPor qu\u00e9 las comunidades no quieren el \u201cmal llamado Tren Maya\u201d?","isPartOf":{"@id":"https:\/\/www.pressenza.com\/es\/#website"},"primaryImageOfPage":{"@id":"https:\/\/www.pressenza.com\/es\/2023\/09\/por-que-las-comunidades-no-quieren-el-mal-llamado-tren-maya\/#primaryimage"},"image":{"@id":"https:\/\/www.pressenza.com\/es\/2023\/09\/por-que-las-comunidades-no-quieren-el-mal-llamado-tren-maya\/#primaryimage"},"thumbnailUrl":"https:\/\/www.pressenza.com\/wp-content\/uploads\/2023\/09\/Andres-Manuel-Lopez-Obrador-captura-de-video.jpg","datePublished":"2023-09-07T13:50:52+00:00","description":"El megaproyecto en construcci\u00f3n en la Pen\u00ednsula de Yucat\u00e1n, el\u00a0\u201cmal llamado Tren Maya, porque de maya no tiene nada\u201d, como lo llaman las comunidades de la","breadcrumb":{"@id":"https:\/\/www.pressenza.com\/es\/2023\/09\/por-que-las-comunidades-no-quieren-el-mal-llamado-tren-maya\/#breadcrumb"},"inLanguage":"es","potentialAction":[{"@type":"ReadAction","target":["https:\/\/www.pressenza.com\/es\/2023\/09\/por-que-las-comunidades-no-quieren-el-mal-llamado-tren-maya\/"]}]},{"@type":"ImageObject","inLanguage":"es","@id":"https:\/\/www.pressenza.com\/es\/2023\/09\/por-que-las-comunidades-no-quieren-el-mal-llamado-tren-maya\/#primaryimage","url":"https:\/\/www.pressenza.com\/wp-content\/uploads\/2023\/09\/Andres-Manuel-Lopez-Obrador-captura-de-video.jpg","contentUrl":"https:\/\/www.pressenza.com\/wp-content\/uploads\/2023\/09\/Andres-Manuel-Lopez-Obrador-captura-de-video.jpg","width":1024,"height":575},{"@type":"BreadcrumbList","@id":"https:\/\/www.pressenza.com\/es\/2023\/09\/por-que-las-comunidades-no-quieren-el-mal-llamado-tren-maya\/#breadcrumb","itemListElement":[{"@type":"ListItem","position":1,"name":"Accueil","item":"https:\/\/www.pressenza.com\/es\/"},{"@type":"ListItem","position":2,"name":"\u00bfPor qu\u00e9 las comunidades no quieren el \u201cmal llamado Tren Maya\u201d?"}]},{"@type":"WebSite","@id":"https:\/\/www.pressenza.com\/es\/#website","url":"https:\/\/www.pressenza.com\/es\/","name":"Pressenza","description":"International Press Agency","publisher":{"@id":"https:\/\/www.pressenza.com\/es\/#organization"},"potentialAction":[{"@type":"SearchAction","target":{"@type":"EntryPoint","urlTemplate":"https:\/\/www.pressenza.com\/es\/?s={search_term_string}"},"query-input":{"@type":"PropertyValueSpecification","valueRequired":true,"valueName":"search_term_string"}}],"inLanguage":"es"},{"@type":"Organization","@id":"https:\/\/www.pressenza.com\/es\/#organization","name":"Pressenza","url":"https:\/\/www.pressenza.com\/es\/","logo":{"@type":"ImageObject","inLanguage":"es","@id":"https:\/\/www.pressenza.com\/es\/#\/schema\/logo\/image\/","url":"https:\/\/www.pressenza.com\/wp-content\/uploads\/2022\/10\/pressenza_logo_200x200.jpg","contentUrl":"https:\/\/www.pressenza.com\/wp-content\/uploads\/2022\/10\/pressenza_logo_200x200.jpg","width":200,"height":200,"caption":"Pressenza"},"image":{"@id":"https:\/\/www.pressenza.com\/es\/#\/schema\/logo\/image\/"},"sameAs":["https:\/\/www.facebook.com\/PressenzaItalia","https:\/\/x.com\/PressenzaIPA"]},{"@type":"Person","@id":"https:\/\/www.pressenza.com\/es\/#\/schema\/person\/bbbaee99f5088d6b61ae6e1829fe024c","name":"Desinform\u00e9monos","description":"Desinform\u00e9monos nace el 15 de octubre de 2009 y crece como un proyecto de comunicaci\u00f3n aut\u00f3noma, libre e independiente, conformado por un equipo de comunicadores, personas de los movimientos sociales, intelectuales y acad\u00e9micos, hombres y mujeres de varias generaciones que, como nosotros, buscan construir un espacio de expresi\u00f3n en y desde M\u00e9xico, donde se aloja la casa matriz.","sameAs":["https:\/\/desinformemonos.org\/"],"url":"https:\/\/www.pressenza.com\/es\/author\/desinformemonos\/"}]}},"place":"M\u00e9xico","original_article_url":"https:\/\/desinformemonos.org\/por-que-las-comunidades-no-quieren-el-mal-llamado-tren-maya\/","_links":{"self":[{"href":"https:\/\/www.pressenza.com\/es\/wp-json\/wp\/v2\/posts\/1763873","targetHints":{"allow":["GET"]}}],"collection":[{"href":"https:\/\/www.pressenza.com\/es\/wp-json\/wp\/v2\/posts"}],"about":[{"href":"https:\/\/www.pressenza.com\/es\/wp-json\/wp\/v2\/types\/post"}],"author":[{"embeddable":true,"href":"https:\/\/www.pressenza.com\/es\/wp-json\/wp\/v2\/users\/1628"}],"replies":[{"embeddable":true,"href":"https:\/\/www.pressenza.com\/es\/wp-json\/wp\/v2\/comments?post=1763873"}],"version-history":[{"count":0,"href":"https:\/\/www.pressenza.com\/es\/wp-json\/wp\/v2\/posts\/1763873\/revisions"}],"wp:featuredmedia":[{"embeddable":true,"href":"https:\/\/www.pressenza.com\/es\/wp-json\/wp\/v2\/media\/1763874"}],"wp:attachment":[{"href":"https:\/\/www.pressenza.com\/es\/wp-json\/wp\/v2\/media?parent=1763873"}],"wp:term":[{"taxonomy":"category","embeddable":true,"href":"https:\/\/www.pressenza.com\/es\/wp-json\/wp\/v2\/categories?post=1763873"},{"taxonomy":"post_tag","embeddable":true,"href":"https:\/\/www.pressenza.com\/es\/wp-json\/wp\/v2\/tags?post=1763873"}],"curies":[{"name":"wp","href":"https:\/\/api.w.org\/{rel}","templated":true}]}}