{"id":1762070,"date":"2023-08-28T21:21:11","date_gmt":"2023-08-28T20:21:11","guid":{"rendered":"https:\/\/www.pressenza.com\/?p=1762070"},"modified":"2023-08-28T21:21:11","modified_gmt":"2023-08-28T20:21:11","slug":"lezcano-el-jefe-que-no-manda","status":"publish","type":"post","link":"https:\/\/www.pressenza.com\/es\/2023\/08\/lezcano-el-jefe-que-no-manda\/","title":{"rendered":"Lezcano: el jefe que no manda"},"content":{"rendered":"<p style=\"padding-left: 40px;\"><strong>Caso #RafaelNahuel<br \/>\n<\/strong><strong>Cuarta audiencia: el testimonio de los altos mandos<\/strong><\/p>\n<p><strong>Ki\u00f1e | Uno<br \/>\n<\/strong><strong>\u201c\u00a1No se manden ninguna cagada!\u201d<\/strong><\/p>\n<p class=\"has-text-align-justify\">Durante la cuarta audiencia las jerarqu\u00edas superiores a cargo del operativo ejecutado el 25 de noviembre de 2017 en Villa Mascardi (R\u00edo Negro) dieron un testimonio cargado de obviedades (necesarias), omisiones y reversiones de los hechos.<\/p>\n<p class=\"has-text-align-justify\">Tambi\u00e9n declar\u00f3 Daniel Alberto Colliard, conductor del autom\u00f3vil que condujo al grupo Albatros hasta el cerro, quien expres\u00f3 que frente al contexto que se encontraba el grupo (inferioridad num\u00e9rica, un terreno boscoso que no conoc\u00edan y al que no estaban acostumbrados) ten\u00edan la posibilidad de abortar; es decir, los Albatros pod\u00edan haber descendido del cerro sin disparar un s\u00f3lo tiro.<\/p>\n<p class=\"has-text-align-justify\">En esta l\u00ednea, Colliard record\u00f3 que antes que subieran les advirti\u00f3 a sus compa\u00f1eros: \u00abno se manden ninguna cagada\u00bb.<\/p>\n<p>Por \u00faltimo, Colliard indic\u00f3 que fue Pintos el que descendi\u00f3 hasta la camioneta para buscar un MP5, un subfusil de origen alem\u00e1n con capacidad para disparar en r\u00e1faga.<\/p>\n<div class=\"wordads-ad-wrapper\">\n<div id=\"atatags-26942-393890\" data-adtags-width=\"660\">\n<p class=\"has-text-align-justify\">\u00bfPor qu\u00e9 Pintos necesitaba usar un arma de estas caracter\u00edsticas? \u00bfQu\u00e9 estaba ocurriendo en la monta\u00f1a para necesitar repeler con tremenda capacidad de fuego?<\/p>\n<p><strong>Epu | Dos<br \/>\n<\/strong><strong>La sugerencia: Lezcano, el jefe que no manda<\/strong><\/p>\n<p class=\"has-text-align-justify\">Por otro lado, Francisco Lezcano a cargo de los drones y responsable del grupo Albatros coincidi\u00f3 en que los<em>\u00a0mapuche<\/em> estaban lejos, que s\u00f3lo vio a uno, que no ten\u00eda ning\u00fan arma y que el grupo Albatros pod\u00eda y deb\u00eda mantenerse alejado de ellos. De hecho, Francisco Lezcano, entre dudas y confusiones, dio una reversi\u00f3n de lo sucedido, cambiando su relato, aunque afirmando que les sugiri\u00f3 a Pintos y a Obreg\u00f3n que no ascendieran por la monta\u00f1a, cuando es sabido que las jerarqu\u00edas de las fuerzas de seguridad no sugieren, sino que ordenan, dictaminan. Y m\u00e1s en un contexto de tensi\u00f3n, en donde no se conoce el terreno que se pisa.<\/p>\n<p class=\"has-text-align-justify\">En este sentido, Lezcano fue muy espec\u00edfico en aclarar que el \u00e1rea de intervenci\u00f3n del grupo Albatros son los r\u00edos, los lagos y las costas mar\u00edtimas. Y que, por lo tanto, \u00abno tienen experiencia en actuar en monta\u00f1a\u00bb, que es una zona que les resulta inestable.<\/p>\n<p class=\"has-text-align-justify\">Por \u00faltimo, Lezcano afirm\u00f3 que fue Cavia el que report\u00f3 que estaban recibiendo disparos, y que fue el mismo Cavia quien solicit\u00f3 utilizar municiones letales. Aunque tambi\u00e9n Lezcano fue conteste en reconocer ser \u00abuna patrulla de reconocimiento de terreno\u00bb. Y que la orden que ten\u00edan era de \u00abno confrontar\u00bb. \u201cS\u00f3lo recabar datos\u00bb.<\/p>\n<p class=\"has-text-align-justify\">\u201cDi una orden para descender\u201d. \u00abContinuamos el descenso sin necesidad de realizar ning\u00fan disparo\u00bb. \u201cAh\u00ed s\u00ed di una orden\u00bb, se corrigi\u00f3 Lescano, en referencia al ascenso.<\/p>\n<p>Sin duda, una reversi\u00f3n reveladora, la de Lezcano, el jefe que no manda.<\/p>\n<p><strong>Kvla | Tres<br \/>\n<\/strong><strong>\u201cNo vi a ning\u00fan masculino portando un arma\u201d<\/strong><\/p>\n<p class=\"has-text-align-justify\">Mat\u00edas Juan Sola, jefe del\u00a0<strong>Grupo Especial de Operaciones Federales (GEOF<\/strong>), coloc\u00f3 cinco\u00a0<em>sniper<\/em>\u00a0(francotiradores) en Villa Mascardi, pero no dispararon sus armas. Tampoco escucharon, ni recibieron fuego \u00abenemigo\u00bb. Y de los cuatro o cinco masculinos que vio Sola, ninguno portaba armas de fuego.<\/p>\n<p class=\"has-text-align-justify\">\u201cFuimos recibidos con una lluvia de piedras. Incluso un agente tuvo desprendimiento de retina por el impacto de una piedra de gran volumen en el ojo\u00bb. Sin embargo, incluso en este contexto de agresi\u00f3n, Sola fue contundente en aclarar que el uso de armas est\u00e1 regido y determinado en proporci\u00f3n de las mismas; es decir, debe existir desde el otro lado un ataque con armamento similar al que las fuerzas especiales portan y efectuarse una respuesta en grado y dimensi\u00f3n similar. Si el grupo Albatros dispar\u00f3 130 disparos, quiere decir que del otro lado, desde el grupo\u00a0<em>mapuche<\/em>\u00a0tambi\u00e9n se debi\u00f3 ejercer una capacidad de fuego similar, disparando entre 100 y 150 disparos. Sin embargo, no se encontr\u00f3 ning\u00fan arma, ni vaina de munici\u00f3n perteneciente a los j\u00f3venes mapuche.<\/p>\n<div class=\"wordads-ad-wrapper\">\n<div id=\"atatags-26942-347374\" data-adtags-width=\"660\">\n<p class=\"has-text-align-justify\">Los grupos especiales de seguridad (en este caso Albatros y GEOF) se mueven bajo protocolos estrictos de actuaci\u00f3n y responden a jerarqu\u00edas innegables e incontestables. Los jefes no sugieren, como intent\u00f3 indicar el \u00abJefe Lezcano\u00bb. Tampoco las jerarqu\u00edas inferiores toman decisiones de forma arbitraria, individual y\/o aislada, como tambi\u00e9n intent\u00f3 sugerir Lezcano. \u00a1El jefe manda! Para la instituci\u00f3n de seguridad nacional no existe un jefe que no d\u00e9 \u00f3rdenes. Por lo tanto, los cinco Albatros acusados no llegaron a Villa Mascardi por voluntad propia. Tampoco ascendieron, dispararon y llevaron un operativo especial en soledad, aislados y desconociendo las directrices de las jerarqu\u00edas superiores y los equipos especiales que complementaron el operativo. \u00a1Los Albatros no estaban solos!<\/p>\n<p class=\"has-text-align-justify\">Los Albatros fueron preparados especialmente para responder a una cadena de mandos. Y, fundamentalmente, fueron preparados para obedecer, independientemente del grado de racismo o no que porten hacia el\u00a0<strong>Pueblo Naci\u00f3n\u00a0 Mapuche<\/strong>. En todo caso, si ese odio existe y lo cargan en sus armas, es justamente porque todas las instituciones de seguridad nacional lo fomentan y estimulan cotidianamente desde los principios patri\u00f3ticos que afirman que Argentina es una sociedad monocultural y \u00abmononacional\u00bb. Y que el otro, la otra naci\u00f3n, es un posible riesgo para el pa\u00eds, un agente terrorista que es indispensable reducir, disuadir y eliminar.<\/p>\n<p class=\"has-text-align-justify\">En todo caso, y siempre, empezando por lo simb\u00f3lico y siguiendo por el pensamiento, hasta a las acciones directas, las instituciones nacionales de seguridad se dirigen de forma corporativa.<\/p>\n<\/div>\n<\/div>\n<\/div>\n<\/div>\n","protected":false},"excerpt":{"rendered":"<p>Caso #RafaelNahuel Cuarta audiencia: el testimonio de los altos mandos Ki\u00f1e | Uno \u201c\u00a1No se manden ninguna cagada!\u201d Durante la cuarta audiencia las jerarqu\u00edas superiores a cargo del operativo ejecutado el 25 de noviembre de 2017 en Villa Mascardi (R\u00edo&hellip;<\/p>\n","protected":false},"author":1372,"featured_media":1762072,"comment_status":"closed","ping_status":"closed","sticky":false,"template":"","format":"standard","meta":{"footnotes":""},"categories":[11389,79,80,106740,67],"tags":[54082,5422,22210,42025,48221,18507],"class_list":["post-1762070","post","type-post","status-publish","format-standard","has-post-thumbnail","hentry","category-contenido-original","category-derechos-humanos","category-pueblos-originarios","category-reportaje","category-sudamerica","tag-indigenas-es","tag-juicio","tag-pueblos-originarios","tag-rafael-nahuel","tag-rafita","tag-territorios"],"yoast_head":"<!-- This site is optimized with the Yoast SEO plugin v27.1.1 - https:\/\/yoast.com\/product\/yoast-seo-wordpress\/ -->\n<title>Lezcano: el jefe que no manda<\/title>\n<meta name=\"description\" content=\"Caso #RafaelNahuel Cuarta audiencia: el testimonio de los altos mandos Ki\u00f1e | Uno \u201c\u00a1No se manden ninguna cagada!\u201d Durante la cuarta audiencia las\" \/>\n<meta name=\"robots\" content=\"index, follow, max-snippet:-1, max-image-preview:large, max-video-preview:-1\" \/>\n<link rel=\"canonical\" href=\"https:\/\/www.pressenza.com\/es\/2023\/08\/lezcano-el-jefe-que-no-manda\/\" \/>\n<meta property=\"og:locale\" content=\"es_ES\" \/>\n<meta property=\"og:type\" content=\"article\" \/>\n<meta property=\"og:title\" content=\"Lezcano: el jefe que no manda\" \/>\n<meta property=\"og:description\" content=\"Caso #RafaelNahuel Cuarta audiencia: el testimonio de los altos mandos Ki\u00f1e | Uno \u201c\u00a1No se manden ninguna cagada!\u201d Durante la cuarta audiencia las\" \/>\n<meta property=\"og:url\" content=\"https:\/\/www.pressenza.com\/es\/2023\/08\/lezcano-el-jefe-que-no-manda\/\" \/>\n<meta property=\"og:site_name\" content=\"Pressenza\" \/>\n<meta property=\"article:publisher\" content=\"https:\/\/www.facebook.com\/PressenzaItalia\" \/>\n<meta property=\"article:published_time\" content=\"2023-08-28T20:21:11+00:00\" \/>\n<meta property=\"og:image\" content=\"https:\/\/www.pressenza.com\/wp-content\/uploads\/2023\/08\/juicioRafita-4-Gustavo-Figueroa.jpg\" \/>\n\t<meta property=\"og:image:width\" content=\"1024\" \/>\n\t<meta property=\"og:image:height\" content=\"683\" \/>\n\t<meta property=\"og:image:type\" content=\"image\/jpeg\" \/>\n<meta name=\"author\" content=\"Gustavo Figueroa\" \/>\n<meta name=\"twitter:card\" content=\"summary_large_image\" \/>\n<meta name=\"twitter:creator\" content=\"@PressenzaIPA\" \/>\n<meta name=\"twitter:site\" content=\"@PressenzaIPA\" \/>\n<meta name=\"twitter:label1\" content=\"Escrito por\" \/>\n\t<meta name=\"twitter:data1\" content=\"Gustavo Figueroa\" \/>\n\t<meta name=\"twitter:label2\" content=\"Tiempo de lectura\" \/>\n\t<meta name=\"twitter:data2\" content=\"4 minutos\" \/>\n<script type=\"application\/ld+json\" class=\"yoast-schema-graph\">{\"@context\":\"https:\/\/schema.org\",\"@graph\":[{\"@type\":\"Article\",\"@id\":\"https:\/\/www.pressenza.com\/es\/2023\/08\/lezcano-el-jefe-que-no-manda\/#article\",\"isPartOf\":{\"@id\":\"https:\/\/www.pressenza.com\/es\/2023\/08\/lezcano-el-jefe-que-no-manda\/\"},\"author\":{\"name\":\"Gustavo Figueroa\",\"@id\":\"https:\/\/www.pressenza.com\/es\/#\/schema\/person\/dacb21ffbce19b7d40c5abc14b6efc88\"},\"headline\":\"Lezcano: el jefe que no manda\",\"datePublished\":\"2023-08-28T20:21:11+00:00\",\"mainEntityOfPage\":{\"@id\":\"https:\/\/www.pressenza.com\/es\/2023\/08\/lezcano-el-jefe-que-no-manda\/\"},\"wordCount\":926,\"publisher\":{\"@id\":\"https:\/\/www.pressenza.com\/es\/#organization\"},\"image\":{\"@id\":\"https:\/\/www.pressenza.com\/es\/2023\/08\/lezcano-el-jefe-que-no-manda\/#primaryimage\"},\"thumbnailUrl\":\"https:\/\/www.pressenza.com\/wp-content\/uploads\/2023\/08\/juicioRafita-4-Gustavo-Figueroa.jpg\",\"keywords\":[\"indigenas\",\"juicio\",\"Pueblos Originarios\",\"Rafael Nahuel\",\"Rafita\",\"territorios\"],\"articleSection\":[\"Contenido Original\",\"Derechos Humanos\",\"Pueblos Originarios\",\"Reportaje\",\"Sudam\u00e9rica\"],\"inLanguage\":\"es\"},{\"@type\":\"WebPage\",\"@id\":\"https:\/\/www.pressenza.com\/es\/2023\/08\/lezcano-el-jefe-que-no-manda\/\",\"url\":\"https:\/\/www.pressenza.com\/es\/2023\/08\/lezcano-el-jefe-que-no-manda\/\",\"name\":\"Lezcano: el jefe que no manda\",\"isPartOf\":{\"@id\":\"https:\/\/www.pressenza.com\/es\/#website\"},\"primaryImageOfPage\":{\"@id\":\"https:\/\/www.pressenza.com\/es\/2023\/08\/lezcano-el-jefe-que-no-manda\/#primaryimage\"},\"image\":{\"@id\":\"https:\/\/www.pressenza.com\/es\/2023\/08\/lezcano-el-jefe-que-no-manda\/#primaryimage\"},\"thumbnailUrl\":\"https:\/\/www.pressenza.com\/wp-content\/uploads\/2023\/08\/juicioRafita-4-Gustavo-Figueroa.jpg\",\"datePublished\":\"2023-08-28T20:21:11+00:00\",\"description\":\"Caso #RafaelNahuel Cuarta audiencia: el testimonio de los altos mandos Ki\u00f1e | Uno \u201c\u00a1No se manden ninguna cagada!\u201d Durante la cuarta audiencia las\",\"breadcrumb\":{\"@id\":\"https:\/\/www.pressenza.com\/es\/2023\/08\/lezcano-el-jefe-que-no-manda\/#breadcrumb\"},\"inLanguage\":\"es\",\"potentialAction\":[{\"@type\":\"ReadAction\",\"target\":[\"https:\/\/www.pressenza.com\/es\/2023\/08\/lezcano-el-jefe-que-no-manda\/\"]}]},{\"@type\":\"ImageObject\",\"inLanguage\":\"es\",\"@id\":\"https:\/\/www.pressenza.com\/es\/2023\/08\/lezcano-el-jefe-que-no-manda\/#primaryimage\",\"url\":\"https:\/\/www.pressenza.com\/wp-content\/uploads\/2023\/08\/juicioRafita-4-Gustavo-Figueroa.jpg\",\"contentUrl\":\"https:\/\/www.pressenza.com\/wp-content\/uploads\/2023\/08\/juicioRafita-4-Gustavo-Figueroa.jpg\",\"width\":1024,\"height\":683},{\"@type\":\"BreadcrumbList\",\"@id\":\"https:\/\/www.pressenza.com\/es\/2023\/08\/lezcano-el-jefe-que-no-manda\/#breadcrumb\",\"itemListElement\":[{\"@type\":\"ListItem\",\"position\":1,\"name\":\"Accueil\",\"item\":\"https:\/\/www.pressenza.com\/es\/\"},{\"@type\":\"ListItem\",\"position\":2,\"name\":\"Lezcano: el jefe que no manda\"}]},{\"@type\":\"WebSite\",\"@id\":\"https:\/\/www.pressenza.com\/es\/#website\",\"url\":\"https:\/\/www.pressenza.com\/es\/\",\"name\":\"Pressenza\",\"description\":\"International Press Agency\",\"publisher\":{\"@id\":\"https:\/\/www.pressenza.com\/es\/#organization\"},\"potentialAction\":[{\"@type\":\"SearchAction\",\"target\":{\"@type\":\"EntryPoint\",\"urlTemplate\":\"https:\/\/www.pressenza.com\/es\/?s={search_term_string}\"},\"query-input\":{\"@type\":\"PropertyValueSpecification\",\"valueRequired\":true,\"valueName\":\"search_term_string\"}}],\"inLanguage\":\"es\"},{\"@type\":\"Organization\",\"@id\":\"https:\/\/www.pressenza.com\/es\/#organization\",\"name\":\"Pressenza\",\"url\":\"https:\/\/www.pressenza.com\/es\/\",\"logo\":{\"@type\":\"ImageObject\",\"inLanguage\":\"es\",\"@id\":\"https:\/\/www.pressenza.com\/es\/#\/schema\/logo\/image\/\",\"url\":\"https:\/\/www.pressenza.com\/wp-content\/uploads\/2022\/10\/pressenza_logo_200x200.jpg\",\"contentUrl\":\"https:\/\/www.pressenza.com\/wp-content\/uploads\/2022\/10\/pressenza_logo_200x200.jpg\",\"width\":200,\"height\":200,\"caption\":\"Pressenza\"},\"image\":{\"@id\":\"https:\/\/www.pressenza.com\/es\/#\/schema\/logo\/image\/\"},\"sameAs\":[\"https:\/\/www.facebook.com\/PressenzaItalia\",\"https:\/\/x.com\/PressenzaIPA\"]},{\"@type\":\"Person\",\"@id\":\"https:\/\/www.pressenza.com\/es\/#\/schema\/person\/dacb21ffbce19b7d40c5abc14b6efc88\",\"name\":\"Gustavo Figueroa\",\"description\":\"Gustavo Figueroa (1985). Periodista, documentalista, fot\u00f3grafo. Vive en Neuqu\u00e9n. Se interesa especialmente por temas relativos a pueblos originarios y derechos humanos. Es miembro del Equipo de Educadores Interculturales del Puel Mapu.\",\"sameAs\":[\"https:\/\/periferiasitio.wordpress.com\/\"],\"url\":\"https:\/\/www.pressenza.com\/es\/author\/gustavo-figueroa\/\"}]}<\/script>\n<!-- \/ Yoast SEO plugin. -->","yoast_head_json":{"title":"Lezcano: el jefe que no manda","description":"Caso #RafaelNahuel Cuarta audiencia: el testimonio de los altos mandos Ki\u00f1e | Uno \u201c\u00a1No se manden ninguna cagada!\u201d Durante la cuarta audiencia las","robots":{"index":"index","follow":"follow","max-snippet":"max-snippet:-1","max-image-preview":"max-image-preview:large","max-video-preview":"max-video-preview:-1"},"canonical":"https:\/\/www.pressenza.com\/es\/2023\/08\/lezcano-el-jefe-que-no-manda\/","og_locale":"es_ES","og_type":"article","og_title":"Lezcano: el jefe que no manda","og_description":"Caso #RafaelNahuel Cuarta audiencia: el testimonio de los altos mandos Ki\u00f1e | Uno \u201c\u00a1No se manden ninguna cagada!\u201d Durante la cuarta audiencia las","og_url":"https:\/\/www.pressenza.com\/es\/2023\/08\/lezcano-el-jefe-que-no-manda\/","og_site_name":"Pressenza","article_publisher":"https:\/\/www.facebook.com\/PressenzaItalia","article_published_time":"2023-08-28T20:21:11+00:00","og_image":[{"width":1024,"height":683,"url":"https:\/\/www.pressenza.com\/wp-content\/uploads\/2023\/08\/juicioRafita-4-Gustavo-Figueroa.jpg","type":"image\/jpeg"}],"author":"Gustavo Figueroa","twitter_card":"summary_large_image","twitter_creator":"@PressenzaIPA","twitter_site":"@PressenzaIPA","twitter_misc":{"Escrito por":"Gustavo Figueroa","Tiempo de lectura":"4 minutos"},"schema":{"@context":"https:\/\/schema.org","@graph":[{"@type":"Article","@id":"https:\/\/www.pressenza.com\/es\/2023\/08\/lezcano-el-jefe-que-no-manda\/#article","isPartOf":{"@id":"https:\/\/www.pressenza.com\/es\/2023\/08\/lezcano-el-jefe-que-no-manda\/"},"author":{"name":"Gustavo Figueroa","@id":"https:\/\/www.pressenza.com\/es\/#\/schema\/person\/dacb21ffbce19b7d40c5abc14b6efc88"},"headline":"Lezcano: el jefe que no manda","datePublished":"2023-08-28T20:21:11+00:00","mainEntityOfPage":{"@id":"https:\/\/www.pressenza.com\/es\/2023\/08\/lezcano-el-jefe-que-no-manda\/"},"wordCount":926,"publisher":{"@id":"https:\/\/www.pressenza.com\/es\/#organization"},"image":{"@id":"https:\/\/www.pressenza.com\/es\/2023\/08\/lezcano-el-jefe-que-no-manda\/#primaryimage"},"thumbnailUrl":"https:\/\/www.pressenza.com\/wp-content\/uploads\/2023\/08\/juicioRafita-4-Gustavo-Figueroa.jpg","keywords":["indigenas","juicio","Pueblos Originarios","Rafael Nahuel","Rafita","territorios"],"articleSection":["Contenido Original","Derechos Humanos","Pueblos Originarios","Reportaje","Sudam\u00e9rica"],"inLanguage":"es"},{"@type":"WebPage","@id":"https:\/\/www.pressenza.com\/es\/2023\/08\/lezcano-el-jefe-que-no-manda\/","url":"https:\/\/www.pressenza.com\/es\/2023\/08\/lezcano-el-jefe-que-no-manda\/","name":"Lezcano: el jefe que no manda","isPartOf":{"@id":"https:\/\/www.pressenza.com\/es\/#website"},"primaryImageOfPage":{"@id":"https:\/\/www.pressenza.com\/es\/2023\/08\/lezcano-el-jefe-que-no-manda\/#primaryimage"},"image":{"@id":"https:\/\/www.pressenza.com\/es\/2023\/08\/lezcano-el-jefe-que-no-manda\/#primaryimage"},"thumbnailUrl":"https:\/\/www.pressenza.com\/wp-content\/uploads\/2023\/08\/juicioRafita-4-Gustavo-Figueroa.jpg","datePublished":"2023-08-28T20:21:11+00:00","description":"Caso #RafaelNahuel Cuarta audiencia: el testimonio de los altos mandos Ki\u00f1e | Uno \u201c\u00a1No se manden ninguna cagada!\u201d Durante la cuarta audiencia las","breadcrumb":{"@id":"https:\/\/www.pressenza.com\/es\/2023\/08\/lezcano-el-jefe-que-no-manda\/#breadcrumb"},"inLanguage":"es","potentialAction":[{"@type":"ReadAction","target":["https:\/\/www.pressenza.com\/es\/2023\/08\/lezcano-el-jefe-que-no-manda\/"]}]},{"@type":"ImageObject","inLanguage":"es","@id":"https:\/\/www.pressenza.com\/es\/2023\/08\/lezcano-el-jefe-que-no-manda\/#primaryimage","url":"https:\/\/www.pressenza.com\/wp-content\/uploads\/2023\/08\/juicioRafita-4-Gustavo-Figueroa.jpg","contentUrl":"https:\/\/www.pressenza.com\/wp-content\/uploads\/2023\/08\/juicioRafita-4-Gustavo-Figueroa.jpg","width":1024,"height":683},{"@type":"BreadcrumbList","@id":"https:\/\/www.pressenza.com\/es\/2023\/08\/lezcano-el-jefe-que-no-manda\/#breadcrumb","itemListElement":[{"@type":"ListItem","position":1,"name":"Accueil","item":"https:\/\/www.pressenza.com\/es\/"},{"@type":"ListItem","position":2,"name":"Lezcano: el jefe que no manda"}]},{"@type":"WebSite","@id":"https:\/\/www.pressenza.com\/es\/#website","url":"https:\/\/www.pressenza.com\/es\/","name":"Pressenza","description":"International Press Agency","publisher":{"@id":"https:\/\/www.pressenza.com\/es\/#organization"},"potentialAction":[{"@type":"SearchAction","target":{"@type":"EntryPoint","urlTemplate":"https:\/\/www.pressenza.com\/es\/?s={search_term_string}"},"query-input":{"@type":"PropertyValueSpecification","valueRequired":true,"valueName":"search_term_string"}}],"inLanguage":"es"},{"@type":"Organization","@id":"https:\/\/www.pressenza.com\/es\/#organization","name":"Pressenza","url":"https:\/\/www.pressenza.com\/es\/","logo":{"@type":"ImageObject","inLanguage":"es","@id":"https:\/\/www.pressenza.com\/es\/#\/schema\/logo\/image\/","url":"https:\/\/www.pressenza.com\/wp-content\/uploads\/2022\/10\/pressenza_logo_200x200.jpg","contentUrl":"https:\/\/www.pressenza.com\/wp-content\/uploads\/2022\/10\/pressenza_logo_200x200.jpg","width":200,"height":200,"caption":"Pressenza"},"image":{"@id":"https:\/\/www.pressenza.com\/es\/#\/schema\/logo\/image\/"},"sameAs":["https:\/\/www.facebook.com\/PressenzaItalia","https:\/\/x.com\/PressenzaIPA"]},{"@type":"Person","@id":"https:\/\/www.pressenza.com\/es\/#\/schema\/person\/dacb21ffbce19b7d40c5abc14b6efc88","name":"Gustavo Figueroa","description":"Gustavo Figueroa (1985). Periodista, documentalista, fot\u00f3grafo. Vive en Neuqu\u00e9n. Se interesa especialmente por temas relativos a pueblos originarios y derechos humanos. Es miembro del Equipo de Educadores Interculturales del Puel Mapu.","sameAs":["https:\/\/periferiasitio.wordpress.com\/"],"url":"https:\/\/www.pressenza.com\/es\/author\/gustavo-figueroa\/"}]}},"place":"R\u00edo Negro, Argentina","original_article_url":"","_links":{"self":[{"href":"https:\/\/www.pressenza.com\/es\/wp-json\/wp\/v2\/posts\/1762070","targetHints":{"allow":["GET"]}}],"collection":[{"href":"https:\/\/www.pressenza.com\/es\/wp-json\/wp\/v2\/posts"}],"about":[{"href":"https:\/\/www.pressenza.com\/es\/wp-json\/wp\/v2\/types\/post"}],"author":[{"embeddable":true,"href":"https:\/\/www.pressenza.com\/es\/wp-json\/wp\/v2\/users\/1372"}],"replies":[{"embeddable":true,"href":"https:\/\/www.pressenza.com\/es\/wp-json\/wp\/v2\/comments?post=1762070"}],"version-history":[{"count":0,"href":"https:\/\/www.pressenza.com\/es\/wp-json\/wp\/v2\/posts\/1762070\/revisions"}],"wp:featuredmedia":[{"embeddable":true,"href":"https:\/\/www.pressenza.com\/es\/wp-json\/wp\/v2\/media\/1762072"}],"wp:attachment":[{"href":"https:\/\/www.pressenza.com\/es\/wp-json\/wp\/v2\/media?parent=1762070"}],"wp:term":[{"taxonomy":"category","embeddable":true,"href":"https:\/\/www.pressenza.com\/es\/wp-json\/wp\/v2\/categories?post=1762070"},{"taxonomy":"post_tag","embeddable":true,"href":"https:\/\/www.pressenza.com\/es\/wp-json\/wp\/v2\/tags?post=1762070"}],"curies":[{"name":"wp","href":"https:\/\/api.w.org\/{rel}","templated":true}]}}