{"id":1761627,"date":"2023-08-26T05:05:10","date_gmt":"2023-08-26T04:05:10","guid":{"rendered":"https:\/\/www.pressenza.com\/?p=1761627"},"modified":"2023-08-26T05:05:10","modified_gmt":"2023-08-26T04:05:10","slug":"crece-rechazo-a-libros-que-ensalzan-a-exgobernante-preso-en-peru","status":"publish","type":"post","link":"https:\/\/www.pressenza.com\/es\/2023\/08\/crece-rechazo-a-libros-que-ensalzan-a-exgobernante-preso-en-peru\/","title":{"rendered":"Crece rechazo a libros que ensalzan a exgobernante preso en Per\u00fa"},"content":{"rendered":"<p>Nuevas voces rechazaron hoy la edici\u00f3n por el Congreso (parlamento) peruano de libros infantiles que elogian al exgobernante Alberto Fujimori, quien cumple una larga condena de c\u00e1rcel por cr\u00edmenes de lesa humanidad y corrupci\u00f3n confesa.<\/p>\n<p>Figuras pol\u00edticas y sociales y organizaciones de derechos humanos condenaron al mismo tiempo el hecho de que los textos hayan sido lanzados por el Fondo Editorial del Congreso, bajo fuerte influencia del partido fujimorista Fuerza Popular y grupos afines.<\/p>\n<p>La exgongresista Indira Huilca declar\u00f3 que no le sorprende el nuevo intento del fujimorismo, aliado del grupo extremista Vox de Espa\u00f1a, de pretender nuevamente reescribir la historia presentando a Fujimori como un gran estadista y justificando las matanzas por las fue condenado a 25 a\u00f1os de c\u00e1rcel.<\/p>\n<p>\u201cNo sorprende, pero s\u00ed indigna porque lo que estamos viendo es nuevamente el uso de los recursos del aparato institucional como el Congreso, que deber\u00eda servir para ser la voz de los peruanos, en un instrumento partidario de difusi\u00f3n de mentiras\u201d, dijo.<\/p>\n<p>A\u00f1adi\u00f3 que el nuevo intento de reescribir la historia \u00abrepite el af\u00e1n de reescribir la historia con mentiras. Esta mentira sobre qui\u00e9n fue Alberto Fujimori la han querido imponer los fujimoristas desde hace a\u00f1os\u00bb.<\/p>\n<p>Tras referir el rechazo masivo al Parlamento bajo control del fujimorismo y sus aliados, Huilca advirti\u00f3 que \u201ccada vez que intenten falsear la historia, habr\u00e1 un pais repudiando la dictadura asesina y corrupta de Fujimori\u201d.<\/p>\n<p>La congresista Sigrid Baz\u00e1n, por su parte, acus\u00f3 al Fondo Editorial del Legislativo de hacer apolog\u00eda del sentenciado por corrupci\u00f3n y autor\u00eda mediata de asesinato y pretende justificar en los libros, en formato de historieta, el autogolpe de Estado que perpetr\u00f3 en 1992.<\/p>\n<p>\u201c\u00bfRecursos del Congreso pueden usarse para reescribir la historia y ense\u00f1arle mentiras a escolares?\u201d, pregunt\u00f3 a su vez la parlamentaria Ruth Luque, al se\u00f1alar que uno de los libros sostiene que el autogolpe de 1992 fue una medida correcta.<\/p>\n<p>La Coordinadora Nacional de Derechos Humanos, que agrupa a las organizaciones dedicadas al tema en todo el pa\u00eds, reproch\u00f3 al Fondo Editorial del Congreso y a su directora, la legisladora Martha Moyano, de Fuerza Popular, por atentar con la edici\u00f3n de los libros para ni\u00f1os contra la institucionalidad democr\u00e1tica del pa\u00eds.<\/p>\n<p>oda\/mrs<\/p>\n","protected":false},"excerpt":{"rendered":"<p>Nuevas voces rechazaron hoy la edici\u00f3n por el Congreso (parlamento) peruano de libros infantiles que elogian al exgobernante Alberto Fujimori, quien cumple una larga condena de c\u00e1rcel por cr\u00edmenes de lesa humanidad y corrupci\u00f3n confesa. Figuras pol\u00edticas y sociales y&hellip;<\/p>\n","protected":false},"author":90,"featured_media":1761628,"comment_status":"closed","ping_status":"closed","sticky":false,"template":"","format":"standard","meta":{"footnotes":""},"categories":[1230,106739,74,67],"tags":[15354,38863,115586],"class_list":["post-1761627","post","type-post","status-publish","format-standard","has-post-thumbnail","hentry","category-educacion-tema","category-noticia","category-politica-es","category-sudamerica","tag-alberto-fujimori","tag-delitos-de-lesa-humanidad","tag-tergiversar-la-historia"],"yoast_head":"<!-- This site is optimized with the Yoast SEO plugin v27.1.1 - https:\/\/yoast.com\/product\/yoast-seo-wordpress\/ -->\n<title>Crece rechazo a libros que ensalzan a exgobernante preso en Per\u00fa<\/title>\n<meta name=\"description\" content=\"Nuevas voces rechazaron hoy la edici\u00f3n por el Congreso (parlamento) peruano de libros infantiles que elogian al exgobernante Alberto Fujimori, quien\" \/>\n<meta name=\"robots\" content=\"index, follow, max-snippet:-1, max-image-preview:large, max-video-preview:-1\" \/>\n<link rel=\"canonical\" href=\"https:\/\/www.pressenza.com\/es\/2023\/08\/crece-rechazo-a-libros-que-ensalzan-a-exgobernante-preso-en-peru\/\" \/>\n<meta property=\"og:locale\" content=\"es_ES\" \/>\n<meta property=\"og:type\" content=\"article\" \/>\n<meta property=\"og:title\" content=\"Crece rechazo a libros que ensalzan a exgobernante preso en Per\u00fa\" \/>\n<meta property=\"og:description\" content=\"Nuevas voces rechazaron hoy la edici\u00f3n por el Congreso (parlamento) peruano de libros infantiles que elogian al exgobernante Alberto Fujimori, quien\" \/>\n<meta property=\"og:url\" content=\"https:\/\/www.pressenza.com\/es\/2023\/08\/crece-rechazo-a-libros-que-ensalzan-a-exgobernante-preso-en-peru\/\" \/>\n<meta property=\"og:site_name\" content=\"Pressenza\" \/>\n<meta property=\"article:publisher\" content=\"https:\/\/www.facebook.com\/PressenzaItalia\" \/>\n<meta property=\"article:author\" content=\"https:\/\/www.facebook.com\/AgenciaPrensaLatina\" \/>\n<meta property=\"article:published_time\" content=\"2023-08-26T04:05:10+00:00\" \/>\n<meta property=\"og:image\" content=\"https:\/\/www.pressenza.com\/wp-content\/uploads\/2023\/08\/Alberto-Fujimori-1.jpg\" \/>\n\t<meta property=\"og:image:width\" content=\"580\" \/>\n\t<meta property=\"og:image:height\" content=\"330\" \/>\n\t<meta property=\"og:image:type\" content=\"image\/jpeg\" \/>\n<meta name=\"author\" content=\"Prensa Latina\" \/>\n<meta name=\"twitter:card\" content=\"summary_large_image\" \/>\n<meta name=\"twitter:creator\" content=\"@prensalatina_cu\" \/>\n<meta name=\"twitter:site\" content=\"@PressenzaIPA\" \/>\n<meta name=\"twitter:label1\" content=\"Escrito por\" \/>\n\t<meta name=\"twitter:data1\" content=\"Prensa Latina\" \/>\n\t<meta name=\"twitter:label2\" content=\"Tiempo de lectura\" \/>\n\t<meta name=\"twitter:data2\" content=\"2 minutos\" \/>\n<script type=\"application\/ld+json\" class=\"yoast-schema-graph\">{\"@context\":\"https:\/\/schema.org\",\"@graph\":[{\"@type\":\"Article\",\"@id\":\"https:\/\/www.pressenza.com\/es\/2023\/08\/crece-rechazo-a-libros-que-ensalzan-a-exgobernante-preso-en-peru\/#article\",\"isPartOf\":{\"@id\":\"https:\/\/www.pressenza.com\/es\/2023\/08\/crece-rechazo-a-libros-que-ensalzan-a-exgobernante-preso-en-peru\/\"},\"author\":{\"name\":\"Prensa Latina\",\"@id\":\"https:\/\/www.pressenza.com\/es\/#\/schema\/person\/e35c78ffa242d98f4f49ccb18c8631de\"},\"headline\":\"Crece rechazo a libros que ensalzan a exgobernante preso en Per\u00fa\",\"datePublished\":\"2023-08-26T04:05:10+00:00\",\"mainEntityOfPage\":{\"@id\":\"https:\/\/www.pressenza.com\/es\/2023\/08\/crece-rechazo-a-libros-que-ensalzan-a-exgobernante-preso-en-peru\/\"},\"wordCount\":400,\"publisher\":{\"@id\":\"https:\/\/www.pressenza.com\/es\/#organization\"},\"image\":{\"@id\":\"https:\/\/www.pressenza.com\/es\/2023\/08\/crece-rechazo-a-libros-que-ensalzan-a-exgobernante-preso-en-peru\/#primaryimage\"},\"thumbnailUrl\":\"https:\/\/www.pressenza.com\/wp-content\/uploads\/2023\/08\/Alberto-Fujimori-1.jpg\",\"keywords\":[\"Alberto Fujimori\",\"delitos de lesa humanidad\",\"tergiversar la historia\"],\"articleSection\":[\"Educaci\u00f3n\",\"Noticia\",\"Pol\u00edtica\",\"Sudam\u00e9rica\"],\"inLanguage\":\"es\"},{\"@type\":\"WebPage\",\"@id\":\"https:\/\/www.pressenza.com\/es\/2023\/08\/crece-rechazo-a-libros-que-ensalzan-a-exgobernante-preso-en-peru\/\",\"url\":\"https:\/\/www.pressenza.com\/es\/2023\/08\/crece-rechazo-a-libros-que-ensalzan-a-exgobernante-preso-en-peru\/\",\"name\":\"Crece rechazo a libros que ensalzan a exgobernante preso en Per\u00fa\",\"isPartOf\":{\"@id\":\"https:\/\/www.pressenza.com\/es\/#website\"},\"primaryImageOfPage\":{\"@id\":\"https:\/\/www.pressenza.com\/es\/2023\/08\/crece-rechazo-a-libros-que-ensalzan-a-exgobernante-preso-en-peru\/#primaryimage\"},\"image\":{\"@id\":\"https:\/\/www.pressenza.com\/es\/2023\/08\/crece-rechazo-a-libros-que-ensalzan-a-exgobernante-preso-en-peru\/#primaryimage\"},\"thumbnailUrl\":\"https:\/\/www.pressenza.com\/wp-content\/uploads\/2023\/08\/Alberto-Fujimori-1.jpg\",\"datePublished\":\"2023-08-26T04:05:10+00:00\",\"description\":\"Nuevas voces rechazaron hoy la edici\u00f3n por el Congreso (parlamento) peruano de libros infantiles que elogian al exgobernante Alberto Fujimori, quien\",\"breadcrumb\":{\"@id\":\"https:\/\/www.pressenza.com\/es\/2023\/08\/crece-rechazo-a-libros-que-ensalzan-a-exgobernante-preso-en-peru\/#breadcrumb\"},\"inLanguage\":\"es\",\"potentialAction\":[{\"@type\":\"ReadAction\",\"target\":[\"https:\/\/www.pressenza.com\/es\/2023\/08\/crece-rechazo-a-libros-que-ensalzan-a-exgobernante-preso-en-peru\/\"]}]},{\"@type\":\"ImageObject\",\"inLanguage\":\"es\",\"@id\":\"https:\/\/www.pressenza.com\/es\/2023\/08\/crece-rechazo-a-libros-que-ensalzan-a-exgobernante-preso-en-peru\/#primaryimage\",\"url\":\"https:\/\/www.pressenza.com\/wp-content\/uploads\/2023\/08\/Alberto-Fujimori-1.jpg\",\"contentUrl\":\"https:\/\/www.pressenza.com\/wp-content\/uploads\/2023\/08\/Alberto-Fujimori-1.jpg\",\"width\":580,\"height\":330},{\"@type\":\"BreadcrumbList\",\"@id\":\"https:\/\/www.pressenza.com\/es\/2023\/08\/crece-rechazo-a-libros-que-ensalzan-a-exgobernante-preso-en-peru\/#breadcrumb\",\"itemListElement\":[{\"@type\":\"ListItem\",\"position\":1,\"name\":\"Accueil\",\"item\":\"https:\/\/www.pressenza.com\/es\/\"},{\"@type\":\"ListItem\",\"position\":2,\"name\":\"Crece rechazo a libros que ensalzan a exgobernante preso en Per\u00fa\"}]},{\"@type\":\"WebSite\",\"@id\":\"https:\/\/www.pressenza.com\/es\/#website\",\"url\":\"https:\/\/www.pressenza.com\/es\/\",\"name\":\"Pressenza\",\"description\":\"International Press Agency\",\"publisher\":{\"@id\":\"https:\/\/www.pressenza.com\/es\/#organization\"},\"potentialAction\":[{\"@type\":\"SearchAction\",\"target\":{\"@type\":\"EntryPoint\",\"urlTemplate\":\"https:\/\/www.pressenza.com\/es\/?s={search_term_string}\"},\"query-input\":{\"@type\":\"PropertyValueSpecification\",\"valueRequired\":true,\"valueName\":\"search_term_string\"}}],\"inLanguage\":\"es\"},{\"@type\":\"Organization\",\"@id\":\"https:\/\/www.pressenza.com\/es\/#organization\",\"name\":\"Pressenza\",\"url\":\"https:\/\/www.pressenza.com\/es\/\",\"logo\":{\"@type\":\"ImageObject\",\"inLanguage\":\"es\",\"@id\":\"https:\/\/www.pressenza.com\/es\/#\/schema\/logo\/image\/\",\"url\":\"https:\/\/www.pressenza.com\/wp-content\/uploads\/2022\/10\/pressenza_logo_200x200.jpg\",\"contentUrl\":\"https:\/\/www.pressenza.com\/wp-content\/uploads\/2022\/10\/pressenza_logo_200x200.jpg\",\"width\":200,\"height\":200,\"caption\":\"Pressenza\"},\"image\":{\"@id\":\"https:\/\/www.pressenza.com\/es\/#\/schema\/logo\/image\/\"},\"sameAs\":[\"https:\/\/www.facebook.com\/PressenzaItalia\",\"https:\/\/x.com\/PressenzaIPA\"]},{\"@type\":\"Person\",\"@id\":\"https:\/\/www.pressenza.com\/es\/#\/schema\/person\/e35c78ffa242d98f4f49ccb18c8631de\",\"name\":\"Prensa Latina\",\"description\":\"www.prensa-latina.cu\",\"sameAs\":[\"https:\/\/www.facebook.com\/AgenciaPrensaLatina\",\"https:\/\/x.com\/prensalatina_cu\"],\"url\":\"https:\/\/www.pressenza.com\/es\/author\/prensa-latina\/\"}]}<\/script>\n<!-- \/ Yoast SEO plugin. -->","yoast_head_json":{"title":"Crece rechazo a libros que ensalzan a exgobernante preso en Per\u00fa","description":"Nuevas voces rechazaron hoy la edici\u00f3n por el Congreso (parlamento) peruano de libros infantiles que elogian al exgobernante Alberto Fujimori, quien","robots":{"index":"index","follow":"follow","max-snippet":"max-snippet:-1","max-image-preview":"max-image-preview:large","max-video-preview":"max-video-preview:-1"},"canonical":"https:\/\/www.pressenza.com\/es\/2023\/08\/crece-rechazo-a-libros-que-ensalzan-a-exgobernante-preso-en-peru\/","og_locale":"es_ES","og_type":"article","og_title":"Crece rechazo a libros que ensalzan a exgobernante preso en Per\u00fa","og_description":"Nuevas voces rechazaron hoy la edici\u00f3n por el Congreso (parlamento) peruano de libros infantiles que elogian al exgobernante Alberto Fujimori, quien","og_url":"https:\/\/www.pressenza.com\/es\/2023\/08\/crece-rechazo-a-libros-que-ensalzan-a-exgobernante-preso-en-peru\/","og_site_name":"Pressenza","article_publisher":"https:\/\/www.facebook.com\/PressenzaItalia","article_author":"https:\/\/www.facebook.com\/AgenciaPrensaLatina","article_published_time":"2023-08-26T04:05:10+00:00","og_image":[{"width":580,"height":330,"url":"https:\/\/www.pressenza.com\/wp-content\/uploads\/2023\/08\/Alberto-Fujimori-1.jpg","type":"image\/jpeg"}],"author":"Prensa Latina","twitter_card":"summary_large_image","twitter_creator":"@prensalatina_cu","twitter_site":"@PressenzaIPA","twitter_misc":{"Escrito por":"Prensa Latina","Tiempo de lectura":"2 minutos"},"schema":{"@context":"https:\/\/schema.org","@graph":[{"@type":"Article","@id":"https:\/\/www.pressenza.com\/es\/2023\/08\/crece-rechazo-a-libros-que-ensalzan-a-exgobernante-preso-en-peru\/#article","isPartOf":{"@id":"https:\/\/www.pressenza.com\/es\/2023\/08\/crece-rechazo-a-libros-que-ensalzan-a-exgobernante-preso-en-peru\/"},"author":{"name":"Prensa Latina","@id":"https:\/\/www.pressenza.com\/es\/#\/schema\/person\/e35c78ffa242d98f4f49ccb18c8631de"},"headline":"Crece rechazo a libros que ensalzan a exgobernante preso en Per\u00fa","datePublished":"2023-08-26T04:05:10+00:00","mainEntityOfPage":{"@id":"https:\/\/www.pressenza.com\/es\/2023\/08\/crece-rechazo-a-libros-que-ensalzan-a-exgobernante-preso-en-peru\/"},"wordCount":400,"publisher":{"@id":"https:\/\/www.pressenza.com\/es\/#organization"},"image":{"@id":"https:\/\/www.pressenza.com\/es\/2023\/08\/crece-rechazo-a-libros-que-ensalzan-a-exgobernante-preso-en-peru\/#primaryimage"},"thumbnailUrl":"https:\/\/www.pressenza.com\/wp-content\/uploads\/2023\/08\/Alberto-Fujimori-1.jpg","keywords":["Alberto Fujimori","delitos de lesa humanidad","tergiversar la historia"],"articleSection":["Educaci\u00f3n","Noticia","Pol\u00edtica","Sudam\u00e9rica"],"inLanguage":"es"},{"@type":"WebPage","@id":"https:\/\/www.pressenza.com\/es\/2023\/08\/crece-rechazo-a-libros-que-ensalzan-a-exgobernante-preso-en-peru\/","url":"https:\/\/www.pressenza.com\/es\/2023\/08\/crece-rechazo-a-libros-que-ensalzan-a-exgobernante-preso-en-peru\/","name":"Crece rechazo a libros que ensalzan a exgobernante preso en Per\u00fa","isPartOf":{"@id":"https:\/\/www.pressenza.com\/es\/#website"},"primaryImageOfPage":{"@id":"https:\/\/www.pressenza.com\/es\/2023\/08\/crece-rechazo-a-libros-que-ensalzan-a-exgobernante-preso-en-peru\/#primaryimage"},"image":{"@id":"https:\/\/www.pressenza.com\/es\/2023\/08\/crece-rechazo-a-libros-que-ensalzan-a-exgobernante-preso-en-peru\/#primaryimage"},"thumbnailUrl":"https:\/\/www.pressenza.com\/wp-content\/uploads\/2023\/08\/Alberto-Fujimori-1.jpg","datePublished":"2023-08-26T04:05:10+00:00","description":"Nuevas voces rechazaron hoy la edici\u00f3n por el Congreso (parlamento) peruano de libros infantiles que elogian al exgobernante Alberto Fujimori, quien","breadcrumb":{"@id":"https:\/\/www.pressenza.com\/es\/2023\/08\/crece-rechazo-a-libros-que-ensalzan-a-exgobernante-preso-en-peru\/#breadcrumb"},"inLanguage":"es","potentialAction":[{"@type":"ReadAction","target":["https:\/\/www.pressenza.com\/es\/2023\/08\/crece-rechazo-a-libros-que-ensalzan-a-exgobernante-preso-en-peru\/"]}]},{"@type":"ImageObject","inLanguage":"es","@id":"https:\/\/www.pressenza.com\/es\/2023\/08\/crece-rechazo-a-libros-que-ensalzan-a-exgobernante-preso-en-peru\/#primaryimage","url":"https:\/\/www.pressenza.com\/wp-content\/uploads\/2023\/08\/Alberto-Fujimori-1.jpg","contentUrl":"https:\/\/www.pressenza.com\/wp-content\/uploads\/2023\/08\/Alberto-Fujimori-1.jpg","width":580,"height":330},{"@type":"BreadcrumbList","@id":"https:\/\/www.pressenza.com\/es\/2023\/08\/crece-rechazo-a-libros-que-ensalzan-a-exgobernante-preso-en-peru\/#breadcrumb","itemListElement":[{"@type":"ListItem","position":1,"name":"Accueil","item":"https:\/\/www.pressenza.com\/es\/"},{"@type":"ListItem","position":2,"name":"Crece rechazo a libros que ensalzan a exgobernante preso en Per\u00fa"}]},{"@type":"WebSite","@id":"https:\/\/www.pressenza.com\/es\/#website","url":"https:\/\/www.pressenza.com\/es\/","name":"Pressenza","description":"International Press Agency","publisher":{"@id":"https:\/\/www.pressenza.com\/es\/#organization"},"potentialAction":[{"@type":"SearchAction","target":{"@type":"EntryPoint","urlTemplate":"https:\/\/www.pressenza.com\/es\/?s={search_term_string}"},"query-input":{"@type":"PropertyValueSpecification","valueRequired":true,"valueName":"search_term_string"}}],"inLanguage":"es"},{"@type":"Organization","@id":"https:\/\/www.pressenza.com\/es\/#organization","name":"Pressenza","url":"https:\/\/www.pressenza.com\/es\/","logo":{"@type":"ImageObject","inLanguage":"es","@id":"https:\/\/www.pressenza.com\/es\/#\/schema\/logo\/image\/","url":"https:\/\/www.pressenza.com\/wp-content\/uploads\/2022\/10\/pressenza_logo_200x200.jpg","contentUrl":"https:\/\/www.pressenza.com\/wp-content\/uploads\/2022\/10\/pressenza_logo_200x200.jpg","width":200,"height":200,"caption":"Pressenza"},"image":{"@id":"https:\/\/www.pressenza.com\/es\/#\/schema\/logo\/image\/"},"sameAs":["https:\/\/www.facebook.com\/PressenzaItalia","https:\/\/x.com\/PressenzaIPA"]},{"@type":"Person","@id":"https:\/\/www.pressenza.com\/es\/#\/schema\/person\/e35c78ffa242d98f4f49ccb18c8631de","name":"Prensa Latina","description":"www.prensa-latina.cu","sameAs":["https:\/\/www.facebook.com\/AgenciaPrensaLatina","https:\/\/x.com\/prensalatina_cu"],"url":"https:\/\/www.pressenza.com\/es\/author\/prensa-latina\/"}]}},"place":"","original_article_url":"","_links":{"self":[{"href":"https:\/\/www.pressenza.com\/es\/wp-json\/wp\/v2\/posts\/1761627","targetHints":{"allow":["GET"]}}],"collection":[{"href":"https:\/\/www.pressenza.com\/es\/wp-json\/wp\/v2\/posts"}],"about":[{"href":"https:\/\/www.pressenza.com\/es\/wp-json\/wp\/v2\/types\/post"}],"author":[{"embeddable":true,"href":"https:\/\/www.pressenza.com\/es\/wp-json\/wp\/v2\/users\/90"}],"replies":[{"embeddable":true,"href":"https:\/\/www.pressenza.com\/es\/wp-json\/wp\/v2\/comments?post=1761627"}],"version-history":[{"count":0,"href":"https:\/\/www.pressenza.com\/es\/wp-json\/wp\/v2\/posts\/1761627\/revisions"}],"wp:featuredmedia":[{"embeddable":true,"href":"https:\/\/www.pressenza.com\/es\/wp-json\/wp\/v2\/media\/1761628"}],"wp:attachment":[{"href":"https:\/\/www.pressenza.com\/es\/wp-json\/wp\/v2\/media?parent=1761627"}],"wp:term":[{"taxonomy":"category","embeddable":true,"href":"https:\/\/www.pressenza.com\/es\/wp-json\/wp\/v2\/categories?post=1761627"},{"taxonomy":"post_tag","embeddable":true,"href":"https:\/\/www.pressenza.com\/es\/wp-json\/wp\/v2\/tags?post=1761627"}],"curies":[{"name":"wp","href":"https:\/\/api.w.org\/{rel}","templated":true}]}}