{"id":1760756,"date":"2023-08-21T17:58:03","date_gmt":"2023-08-21T16:58:03","guid":{"rendered":"https:\/\/www.pressenza.com\/?p=1760756"},"modified":"2023-08-21T17:58:03","modified_gmt":"2023-08-21T16:58:03","slug":"los-estertores-de-la-pax-americana-la-guerra-de-dos-potencias-en-ucrania","status":"publish","type":"post","link":"https:\/\/www.pressenza.com\/es\/2023\/08\/los-estertores-de-la-pax-americana-la-guerra-de-dos-potencias-en-ucrania\/","title":{"rendered":"Los estertores de la Pax Americana: La guerra de dos potencias en Ucrania"},"content":{"rendered":"<p>Por Gilberto Lopes<\/p>\n<p>No se trata de una guerra entre Rusia y Ucrania sino de una guerra en territorio ucraniano entre dos potencia nucleares, que estiman estar defendiendo intereses estrat\u00e9gicos esenciales. Esa es la opini\u00f3n de un destacado y veterano diplom\u00e1tico brasile\u00f1o, Jorio Dauster, hoy consultor de empresas.<\/p>\n<p>O, en palabras de Luis Cebri\u00e1n, exdirector del diario espa\u00f1ol El Pa\u00eds, no se trata de una guerra entre Rusia y Ucrania, sino de una guerra por correspondencia entre la OTAN y Rusia. Una guerra de la que ninguno puede salir como perdedor absoluto \u201csi aspiramos a una paz duradera en Europa\u201d, o a evitar que se desate una tercera guerra mundial.<\/p>\n<p>Para Dauster, lo que estamos viendo \u201ces la tr\u00e1gica evoluci\u00f3n de un conflicto de poder que tiene muy poco o nada que ver con el disfrute de la democracia por el pueblo ucraniano\u201d. De lo que se trata es de la imposibilidad de que Rusia aceptara la expansi\u00f3n de la OTAN hasta su bajo vientre. Ning\u00fan ruso \u2013nos recuerda\u2013 olvida que Napole\u00f3n y Hitler llegaron a Mosc\u00fa cruzando las vastas planicies ucranianas.<\/p>\n<p>Cebri\u00e1n, en un art\u00edculo publicado en El Pa\u00eds el pasado 13 de agosto, pide analizar no solo las causas pr\u00f3ximas de esa guerra, sino tambi\u00e9n las lejanas. Cita el auspicio de Washington al golpe de Estado en Ucrania, en 2014; la invasi\u00f3n rusa de Crimea y la elecci\u00f3n de Jens Stoltenberg como secretario general de la OTAN, \u201cque ha llevado a cabo una pol\u00edtica oportunista de declaraciones de cooperaci\u00f3n con Rusia y despliegue de fuerzas en los pa\u00edses de Europa central\u201d.<\/p>\n<p>Consecuencia inmediata de esta guerra, dijo Cebri\u00e1n, ha sido la absorci\u00f3n de la Uni\u00f3n Europea por una alianza militar.<\/p>\n<p><strong>Lo que est\u00e1 en juego<\/strong><\/p>\n<p>Lo que observamos en Ucrania \u2013resumi\u00f3 Dauster\u2013 \u201ces un intento de Estados Unidos, usando la OTAN como masa de maniobra, de postergar su gradual p\u00e9rdida de poder hegem\u00f3nico, amenazado por la impetuosa ascensi\u00f3n de China\u201d.<\/p>\n<p>Estados Unidos estaba decidido a impedir que Alemania y gran parte de Europa se transformase en una \u201ccolonia energ\u00e9tica\u201d de Rusia. Eso explica la destrucci\u00f3n de los gasoductos Nord Stream 1 y 2, que abastec\u00edan Alemania con el barato gas ruso, en atentados cuyos autores han permanecido en una bien iluminada sombra.<\/p>\n<p>La naturaleza y la importancia de lo que estaba en juego para Washington en el conflicto de Ucrania qued\u00f3 en evidencia desde el primer momento, con la r\u00e1pida movilizaci\u00f3n de la OTAN y el monto de recursos asignados para esa guerra, que hoy suman cerca de 100 mil millones de d\u00f3lares.<\/p>\n<p>A los que se suma la solicitud de Biden al congreso, el pasado 10 de agosto, de gastos de emergencia por 40 mil millones m\u00e1s, de los cuales 24 son para Ucrania, incluyendo 9,5 mil millones para reponer municiones para la artiller\u00eda ucraniana y otros equipos y 3,6 mil millones para apoyo militar y de inteligencia. Un paquete para atender las necesidades de esa guerra durante el pr\u00f3ximo cuatrimestre fiscal de Estados Unidos, que comienza en octubre.<\/p>\n<p>El presupuesto solicitado por Biden incluye tambi\u00e9n 12 mil millones para reponer las reservas destinadas a la atenci\u00f3n de desastres naturales, luego del incendio que destruy\u00f3 una isla de Hawai.<\/p>\n<p>Pero no es solo Estados Unidos. Alemania anunci\u00f3, a mediados de agosto, que otorgar\u00e1 una ayuda militar anual de 5,5 mil millones de d\u00f3lares a Ucrania, en los pr\u00f3ximos tres a\u00f1os.<\/p>\n<p>Para dimensionar esos gastos se puede utilizar diversas comparaciones. Quiz\u00e1s sea \u00fatil, por ejemplo, hacerlo con la cifra de 33,2 mil millones que maneja en banco de desarrollo de los BRICS (la coalici\u00f3n que agrupa a Brasil, Rusia, India, China y \u00c1frica del Sur, en cuya capital se reunir\u00e1n en septiembre) para proyectos de infraestructura y desarrollo sostenible. Cuando fue creado, en 2015, el banco estableci\u00f3 un fondo de reserva contingente de 100 mil millones de d\u00f3lares para enfrentar eventuales problemas de balanza de pagos de los pa\u00edses miembros.<\/p>\n<p><strong>Los estertores de la Pax Americana<\/strong><\/p>\n<p>Para Dauster, estamos asistiendo, \u201cen tiempo real, los estertores de la Pax Americana\u201d, establecida con el fin del socialismo en el este europeo y de la misma Uni\u00f3n Sovi\u00e9tica.<\/p>\n<p>Si Dauster tiene raz\u00f3n (y me parece que la tiene), hay dos escenarios a los cuales dirigir la mirada si queremos entender el estado de una partida \u2013como las de ajedrez\u2013 que est\u00e1 en su medio juego.<\/p>\n<p>Uno, m\u00e1s inmediato, es el desarrollo de la guerra, el escenario del conflicto. El otro requiere luces m\u00e1s largas y una mirada hacia diversos horizontes, sobre la que habremos de volver en otro art\u00edculo.<\/p>\n<p>Sobre el desarrollo de la guerra, no hay m\u00e1s recurso que acudir a la muy abundante y diversa informaci\u00f3n p\u00fablica disponible.<\/p>\n<p>Samuel Charap, cientista pol\u00edtico senior de la Rand Co., titul\u00f3 un pol\u00e9mico art\u00edculo, publicado en Foreign Affairs el 5 de junio pasado, \u201cAn Unwinnable War\u201d. La idea de una guerra \u201cimposible de ganar\u201d no le gusta a los gobernantes ni a los aliados de Ucrania. La misma Foreign Affairs promovi\u00f3 una discusi\u00f3n en torno a la propuesta de Charap y nos remiti\u00f3 a tres textos, que pod\u00edan servir como antecedente para el debate.<br \/>\nUno de ellos, publicado en octubre del a\u00f1o pasado, era el de Andriy Zagorodnyuk, ministro de Defensa de Ucrania entre 2019 y 2020, donde se\u00f1alaba el camino para la victoria de su pa\u00eds. Para ganar \u2013afirm\u00f3\u2013 \u201cUcrania no necesita un milagro; solo necesita que Occidente incremente el suministro de armamento sofisticado\u201d. Para \u00e9l, Putin, desesperado, ten\u00eda claro que estaba perdiendo en el campo de batalla, que no pod\u00eda imponerse a Ucrania y que no ten\u00eda oportunidad contra la OTAN. Y agregaba que solo la derrota de Rusia pod\u00eda poner fin a las crecientes ambiciones de Putin que, en caso de victoria, se extender\u00edan por Europa, m\u00e1s all\u00e1 de Ucrania.<\/p>\n<p>Una visi\u00f3n que Steven Myers, un veterano de la Fuerza A\u00e9rea norteamericana, miembro del Comit\u00e9 Asesor en Pol\u00edtica Econ\u00f3mica Internacional del Departamento de Estado durante dos administraciones, no comparte. En declaraciones al peri\u00f3dico USA Today, en julio pasado, Myers afirma que las t\u00e1cticas militares rusas eran \u201cabsolutamente inconsistentes\u201d con la conquista de Ucrania y de otros territorios. En su opini\u00f3n, \u201dla agenda era, es y ser\u00e1 siempre la de mantener Ucrania fuera de la OTAN a cualquier costo\u201d.<\/p>\n<p><strong>Con luces largas<\/strong><\/p>\n<p>Quiz\u00e1s valga la pena echar una mirada un poco m\u00e1s atr\u00e1s. Andrei V. Kozyrev, ministro de Relaciones Exteriores de Rusia entre octubre de 1990 y enero de 1996, durante el gobierno de Boris Yeltsin, hoy residente en Estados Unidos, un fuerte cr\u00edtico de Putin, predec\u00eda un cambio de r\u00e9gimen en Rusia, en art\u00edculo publicado en el New York Times el 20 de julio del 2015. Un a\u00f1o antes, despu\u00e9s del golpe de Estado en Ucrania, Rusia se hab\u00eda anexado Crimea, luego de un referendo ampliamente mayoritario a favor de la medida.<\/p>\n<p>Kozyrev analizaba la situaci\u00f3n y conclu\u00eda que \u201cun cambio de r\u00e9gimen en Rusia es inevitable, quiz\u00e1s inminente\u201d. El gobierno de Rusia \u2013agreg\u00f3\u2013 \u201ces simplemente incompatible con las reformas necesarias para un desarrollo econ\u00f3mico sostenible, que exige liberalizaci\u00f3n y competitividad\u201d. \u00a1Eso dicho en julio del 2015!<\/p>\n<p>Ocho a\u00f1os despu\u00e9s, en julio del 2023, Foreign Affairs puso en discusi\u00f3n nuevamente si Ucrania deb\u00eda o no negociar con Rusia. \u201cThe debate how to end the war\u201d, era el subt\u00edtulo del texto.<\/p>\n<p>Aliba Polyakova, presidente del Center for European Policy Analysis, y Daniel Fried, exembajador de Estados Unidos en Polonia, defendieron la idea de que \u201dUcrania deber\u00eda buscar la victoria, no el compromiso\u201d.<\/p>\n<p>Si el objetivo es evitar que Rusia amenace las democracias alrededor del mundo, dir\u00eda Dmytro Nattalukha, presidente del Comit\u00e9 de Asuntos Econ\u00f3micos del parlamento ucraniano, lograr un armisticio en Ucrania no ser\u00eda de mucha ayuda. El objetivo ser\u00eda lograr una Rusia menos anti Ocidente y, para eso, \u201cPutin no puede seguir en el poder\u201d.<\/p>\n<p>Un cese al fuego en las actuales condiciones significar\u00eda \u201cla victoria de Rusia y un triunfo personal para Putin\u201d, dir\u00eda Mikhail Podoliak, asesor de Zelensky, poco despu\u00e9s de la \u201cconferencia de paz\u201d celebrada a principios de agosto en Arabia Saudita.<\/p>\n<p>Solo d\u00edas despu\u00e9s Stian Jenssen, jefe de gabinete del Secretario General de la OTAN, Jens Stoltemberg, dijo en un foro en la ciudad de Arendal, en Noruega, que una posibilidad para poner fin al conflicto ser\u00eda que Ucrania aceptara ceder territorio a Rusia, a cambio de su ingreso a la OTAN. La propuesta fue rechazada por Ucrania. El mismo Podoliak la calific\u00f3 de \u201crid\u00edcula\u201d, obligando a Jenssen a dar explicaciones sobre lo dicho.<\/p>\n<p>Podoliak tuvo que salir de nuevo al debate, rechazando una propuesta del expresidente franc\u00e9s Nicolas Sarkozy para realizar referendos \u201cbajo estricto control internacional\u201d en las cuatro regiones reivindicadas por Rusia y en Crimea, como una f\u00f3rmula para resolver el conflicto.<\/p>\n<p>Podoliakk las calific\u00f3 de \u201cfant\u00e1sticas\u201d y \u201ccriminales\u201d y reiter\u00f3 que la \u00fanica forma de terminar el conflicto es con la derrota de Rusia.<\/p>\n<p>Una visi\u00f3n similar a la de Lawrence Freedman, profesor em\u00e9rito de Estudios de Guerra, en el King\u2019s College de Londres. Para Freedman Putin est\u00e1 quedando sin opciones en Ucrania, donde en todos los escenarios \u2013el militar, el econ\u00f3mico y el diplom\u00e1tico\u2013 los resultados son negativos para Mosc\u00fa.<\/p>\n<p>Una victoria rusa \u201cser\u00eda una cat\u00e1strofe\u201d para la OTAN, dice Freedman, para quien lo mejor ser\u00eda que fuera expulsada de Ucrania y su ej\u00e9rcito degrado en ese proceso.<\/p>\n<p>Pero las todav\u00eda muy optimistas evaluaciones sobre las posibilidades de Ucrania publicadas hasta junio, o julio, se han ido enfrentando a una realidad distinta.<\/p>\n<p>Para el presidente de Bielorusia, Alexander Lukashenko, un estrecho aliado de Mosc\u00fa, los objetivos de la \u201coperaci\u00f3n militar especial\u201d rusa ya fueron alcanzados. Cuando esta guerra termine, Ucrania nunca m\u00e1s ser\u00e1 tan agresiva contra Rusia como lo fue antes, ser\u00e1 diferente, estim\u00f3. Y agreg\u00f3: \u201cUcrania necesita parar la guerra e comenzar a reconstruir su Estado sobre bases m\u00e1s sanas, antes de que deje de existir completamente\u201d.<\/p>\n<p>Es el mismo tono de Mosc\u00fa, que propuso a los militares ucranianos, el pasado viernes, 18 de agosto, derrocar el r\u00e9gimen de Kiev o deponer las armas.<\/p>\n<p><strong>\u00bfUn acuerdo negociado?<\/strong><\/p>\n<p>No hay duda de que Ucrania enfrenta una amenaza existencial, en opini\u00f3n de John Mearsheimer, profesor de Ciencias Pol\u00edticas en la Universidad de Chicago, y uno de los \u201cm\u00e1s famosos cr\u00edticos de la pol\u00edtica exterior norteamericana desde el fin de la Guerra Fr\u00eda\u201d, seg\u00fan la revista The Atlantic.<\/p>\n<p>Mearsheimer no cree en un acuerdo negociado. Cada parte ve a la otra como una amenaza existencial, que debe ser derrotada en el campo de batalla. En esas condiciones, hay poco espacio para un acuerdo. \u201cLos rusos van a conquistar m\u00e1s del 23% de territorio ucraniano que ya han conquistado\u201d, lo que dejar\u00e1 a Ucrania como un estado disfuncional, incapaz de librar una gran guerra contra Rusia. \u201cLa mejor soluci\u00f3n, por ahora, es la de un conflicto congelado\u201d, estim\u00f3.<\/p>\n<p>Pero Podoliak se preguntaba: \u2013\u00bfpor qu\u00e9 proponer congelar en conflicto, como quiere Rusia, en vez de acelerar el suministro de armas para Ucrania?<\/p>\n<p>A estas alturas, no parece una opci\u00f3n capaz de cambiar el curso de la guerra. En el frente de batalla, a mediados de agosto la evaluaci\u00f3n de Mosc\u00fa era de que los esfuerzos militares de Ucrania por romper sus l\u00edneas hab\u00edan fracasado. Seg\u00fan el ministerio de Defensa ruso, desde junio el ej\u00e9rcito ucraniano ha perdido m\u00e1s de 43 mil hombres y cerca de cinco mil piezas de equipos pesados, incluyendo decenas de tanques occidentales, norteamericanos y alemanes.<\/p>\n<p>Empiezan a asomarse entonces, aunque de forma incipiente, reflexiones sobre las formas de la paz, incluyendo las relaciones de Europa con Rusia. Pero, sobre todo, sus efectos en un escenario internacional como el percibido por Dauster, con Estados Unidos tratando de postergar su gradual p\u00e9rdida de poder hegem\u00f3nico, con el mundo asistiendo a los estertores de la Pax Americana, establecida con el fin del socialismo en el este europeo y de la misma Uni\u00f3n Sovi\u00e9tica.<\/p>\n<p>En un escenario como ese, la construcci\u00f3n de la paz requerir\u00e1 m\u00e1s sabidur\u00eda que la necesaria para decidir ir a la guerra.<\/p>\n","protected":false},"excerpt":{"rendered":"<p>Por Gilberto Lopes No se trata de una guerra entre Rusia y Ucrania sino de una guerra en territorio ucraniano entre dos potencia nucleares, que estiman estar defendiendo intereses estrat\u00e9gicos esenciales. Esa es la opini\u00f3n de un destacado y veterano&hellip;<\/p>\n","protected":false},"author":1793,"featured_media":1760758,"comment_status":"closed","ping_status":"closed","sticky":false,"template":"","format":"standard","meta":{"footnotes":""},"categories":[66,161,1243],"tags":[45858,17344,924,715],"class_list":["post-1760756","post","type-post","status-publish","format-standard","has-post-thumbnail","hentry","category-europa-es","category-opiniones","category-paz-desarme","tag-belicismo","tag-conflicto-en-ucrania","tag-otan","tag-rusia"],"yoast_head":"<!-- This site is optimized with the Yoast SEO plugin v27.1.1 - https:\/\/yoast.com\/product\/yoast-seo-wordpress\/ -->\n<title>Los estertores de la Pax Americana: La guerra de dos potencias en Ucrania<\/title>\n<meta name=\"description\" content=\"Por Gilberto Lopes No se trata de una guerra entre Rusia y Ucrania sino de una guerra en territorio ucraniano entre dos potencia nucleares, que estiman\" \/>\n<meta name=\"robots\" content=\"index, follow, max-snippet:-1, max-image-preview:large, max-video-preview:-1\" \/>\n<link rel=\"canonical\" href=\"https:\/\/www.pressenza.com\/es\/2023\/08\/los-estertores-de-la-pax-americana-la-guerra-de-dos-potencias-en-ucrania\/\" \/>\n<meta property=\"og:locale\" content=\"es_ES\" \/>\n<meta property=\"og:type\" content=\"article\" \/>\n<meta property=\"og:title\" content=\"Los estertores de la Pax Americana: La guerra de dos potencias en Ucrania\" \/>\n<meta property=\"og:description\" content=\"Por Gilberto Lopes No se trata de una guerra entre Rusia y Ucrania sino de una guerra en territorio ucraniano entre dos potencia nucleares, que estiman\" \/>\n<meta property=\"og:url\" content=\"https:\/\/www.pressenza.com\/es\/2023\/08\/los-estertores-de-la-pax-americana-la-guerra-de-dos-potencias-en-ucrania\/\" \/>\n<meta property=\"og:site_name\" content=\"Pressenza\" \/>\n<meta property=\"article:publisher\" content=\"https:\/\/www.facebook.com\/PressenzaItalia\" \/>\n<meta property=\"article:author\" content=\"https:\/\/www.facebook.com\/surcosdigital\" \/>\n<meta property=\"article:published_time\" content=\"2023-08-21T16:58:03+00:00\" \/>\n<meta property=\"og:image\" content=\"https:\/\/www.pressenza.com\/wp-content\/uploads\/2023\/08\/conflicto-en-Ucrania.jpg\" \/>\n\t<meta property=\"og:image:width\" content=\"414\" \/>\n\t<meta property=\"og:image:height\" content=\"265\" \/>\n\t<meta property=\"og:image:type\" content=\"image\/jpeg\" \/>\n<meta name=\"author\" content=\"Surcos\" \/>\n<meta name=\"twitter:card\" content=\"summary_large_image\" \/>\n<meta name=\"twitter:creator\" content=\"@surcosdigital\" \/>\n<meta name=\"twitter:site\" content=\"@PressenzaIPA\" \/>\n<meta name=\"twitter:label1\" content=\"Escrito por\" \/>\n\t<meta name=\"twitter:data1\" content=\"Surcos\" \/>\n\t<meta name=\"twitter:label2\" content=\"Tiempo de lectura\" \/>\n\t<meta name=\"twitter:data2\" content=\"10 minutos\" \/>\n<script type=\"application\/ld+json\" class=\"yoast-schema-graph\">{\"@context\":\"https:\/\/schema.org\",\"@graph\":[{\"@type\":\"Article\",\"@id\":\"https:\/\/www.pressenza.com\/es\/2023\/08\/los-estertores-de-la-pax-americana-la-guerra-de-dos-potencias-en-ucrania\/#article\",\"isPartOf\":{\"@id\":\"https:\/\/www.pressenza.com\/es\/2023\/08\/los-estertores-de-la-pax-americana-la-guerra-de-dos-potencias-en-ucrania\/\"},\"author\":{\"name\":\"Surcos\",\"@id\":\"https:\/\/www.pressenza.com\/es\/#\/schema\/person\/3f8aed65e040327d1d4718e9e1fc0f77\"},\"headline\":\"Los estertores de la Pax Americana: La guerra de dos potencias en Ucrania\",\"datePublished\":\"2023-08-21T16:58:03+00:00\",\"mainEntityOfPage\":{\"@id\":\"https:\/\/www.pressenza.com\/es\/2023\/08\/los-estertores-de-la-pax-americana-la-guerra-de-dos-potencias-en-ucrania\/\"},\"wordCount\":2127,\"publisher\":{\"@id\":\"https:\/\/www.pressenza.com\/es\/#organization\"},\"image\":{\"@id\":\"https:\/\/www.pressenza.com\/es\/2023\/08\/los-estertores-de-la-pax-americana-la-guerra-de-dos-potencias-en-ucrania\/#primaryimage\"},\"thumbnailUrl\":\"https:\/\/www.pressenza.com\/wp-content\/uploads\/2023\/08\/conflicto-en-Ucrania.jpg\",\"keywords\":[\"belicismo\",\"conflicto en Ucrania\",\"OTAN\",\"Rusia\"],\"articleSection\":[\"Europa\",\"Opiniones\",\"Paz y Desarme\"],\"inLanguage\":\"es\"},{\"@type\":\"WebPage\",\"@id\":\"https:\/\/www.pressenza.com\/es\/2023\/08\/los-estertores-de-la-pax-americana-la-guerra-de-dos-potencias-en-ucrania\/\",\"url\":\"https:\/\/www.pressenza.com\/es\/2023\/08\/los-estertores-de-la-pax-americana-la-guerra-de-dos-potencias-en-ucrania\/\",\"name\":\"Los estertores de la Pax Americana: La guerra de dos potencias en Ucrania\",\"isPartOf\":{\"@id\":\"https:\/\/www.pressenza.com\/es\/#website\"},\"primaryImageOfPage\":{\"@id\":\"https:\/\/www.pressenza.com\/es\/2023\/08\/los-estertores-de-la-pax-americana-la-guerra-de-dos-potencias-en-ucrania\/#primaryimage\"},\"image\":{\"@id\":\"https:\/\/www.pressenza.com\/es\/2023\/08\/los-estertores-de-la-pax-americana-la-guerra-de-dos-potencias-en-ucrania\/#primaryimage\"},\"thumbnailUrl\":\"https:\/\/www.pressenza.com\/wp-content\/uploads\/2023\/08\/conflicto-en-Ucrania.jpg\",\"datePublished\":\"2023-08-21T16:58:03+00:00\",\"description\":\"Por Gilberto Lopes No se trata de una guerra entre Rusia y Ucrania sino de una guerra en territorio ucraniano entre dos potencia nucleares, que estiman\",\"breadcrumb\":{\"@id\":\"https:\/\/www.pressenza.com\/es\/2023\/08\/los-estertores-de-la-pax-americana-la-guerra-de-dos-potencias-en-ucrania\/#breadcrumb\"},\"inLanguage\":\"es\",\"potentialAction\":[{\"@type\":\"ReadAction\",\"target\":[\"https:\/\/www.pressenza.com\/es\/2023\/08\/los-estertores-de-la-pax-americana-la-guerra-de-dos-potencias-en-ucrania\/\"]}]},{\"@type\":\"ImageObject\",\"inLanguage\":\"es\",\"@id\":\"https:\/\/www.pressenza.com\/es\/2023\/08\/los-estertores-de-la-pax-americana-la-guerra-de-dos-potencias-en-ucrania\/#primaryimage\",\"url\":\"https:\/\/www.pressenza.com\/wp-content\/uploads\/2023\/08\/conflicto-en-Ucrania.jpg\",\"contentUrl\":\"https:\/\/www.pressenza.com\/wp-content\/uploads\/2023\/08\/conflicto-en-Ucrania.jpg\",\"width\":414,\"height\":265},{\"@type\":\"BreadcrumbList\",\"@id\":\"https:\/\/www.pressenza.com\/es\/2023\/08\/los-estertores-de-la-pax-americana-la-guerra-de-dos-potencias-en-ucrania\/#breadcrumb\",\"itemListElement\":[{\"@type\":\"ListItem\",\"position\":1,\"name\":\"Accueil\",\"item\":\"https:\/\/www.pressenza.com\/es\/\"},{\"@type\":\"ListItem\",\"position\":2,\"name\":\"Los estertores de la Pax Americana: La guerra de dos potencias en Ucrania\"}]},{\"@type\":\"WebSite\",\"@id\":\"https:\/\/www.pressenza.com\/es\/#website\",\"url\":\"https:\/\/www.pressenza.com\/es\/\",\"name\":\"Pressenza\",\"description\":\"International Press Agency\",\"publisher\":{\"@id\":\"https:\/\/www.pressenza.com\/es\/#organization\"},\"potentialAction\":[{\"@type\":\"SearchAction\",\"target\":{\"@type\":\"EntryPoint\",\"urlTemplate\":\"https:\/\/www.pressenza.com\/es\/?s={search_term_string}\"},\"query-input\":{\"@type\":\"PropertyValueSpecification\",\"valueRequired\":true,\"valueName\":\"search_term_string\"}}],\"inLanguage\":\"es\"},{\"@type\":\"Organization\",\"@id\":\"https:\/\/www.pressenza.com\/es\/#organization\",\"name\":\"Pressenza\",\"url\":\"https:\/\/www.pressenza.com\/es\/\",\"logo\":{\"@type\":\"ImageObject\",\"inLanguage\":\"es\",\"@id\":\"https:\/\/www.pressenza.com\/es\/#\/schema\/logo\/image\/\",\"url\":\"https:\/\/www.pressenza.com\/wp-content\/uploads\/2022\/10\/pressenza_logo_200x200.jpg\",\"contentUrl\":\"https:\/\/www.pressenza.com\/wp-content\/uploads\/2022\/10\/pressenza_logo_200x200.jpg\",\"width\":200,\"height\":200,\"caption\":\"Pressenza\"},\"image\":{\"@id\":\"https:\/\/www.pressenza.com\/es\/#\/schema\/logo\/image\/\"},\"sameAs\":[\"https:\/\/www.facebook.com\/PressenzaItalia\",\"https:\/\/x.com\/PressenzaIPA\"]},{\"@type\":\"Person\",\"@id\":\"https:\/\/www.pressenza.com\/es\/#\/schema\/person\/3f8aed65e040327d1d4718e9e1fc0f77\",\"name\":\"Surcos\",\"description\":\"https:\/\/surcosdigital.com\/\",\"sameAs\":[\"https:\/\/surcosdigital.com\/\",\"https:\/\/www.facebook.com\/surcosdigital\",\"https:\/\/x.com\/surcosdigital\"],\"url\":\"https:\/\/www.pressenza.com\/es\/author\/surcos\/\"}]}<\/script>\n<!-- \/ Yoast SEO plugin. -->","yoast_head_json":{"title":"Los estertores de la Pax Americana: La guerra de dos potencias en Ucrania","description":"Por Gilberto Lopes No se trata de una guerra entre Rusia y Ucrania sino de una guerra en territorio ucraniano entre dos potencia nucleares, que estiman","robots":{"index":"index","follow":"follow","max-snippet":"max-snippet:-1","max-image-preview":"max-image-preview:large","max-video-preview":"max-video-preview:-1"},"canonical":"https:\/\/www.pressenza.com\/es\/2023\/08\/los-estertores-de-la-pax-americana-la-guerra-de-dos-potencias-en-ucrania\/","og_locale":"es_ES","og_type":"article","og_title":"Los estertores de la Pax Americana: La guerra de dos potencias en Ucrania","og_description":"Por Gilberto Lopes No se trata de una guerra entre Rusia y Ucrania sino de una guerra en territorio ucraniano entre dos potencia nucleares, que estiman","og_url":"https:\/\/www.pressenza.com\/es\/2023\/08\/los-estertores-de-la-pax-americana-la-guerra-de-dos-potencias-en-ucrania\/","og_site_name":"Pressenza","article_publisher":"https:\/\/www.facebook.com\/PressenzaItalia","article_author":"https:\/\/www.facebook.com\/surcosdigital","article_published_time":"2023-08-21T16:58:03+00:00","og_image":[{"width":414,"height":265,"url":"https:\/\/www.pressenza.com\/wp-content\/uploads\/2023\/08\/conflicto-en-Ucrania.jpg","type":"image\/jpeg"}],"author":"Surcos","twitter_card":"summary_large_image","twitter_creator":"@surcosdigital","twitter_site":"@PressenzaIPA","twitter_misc":{"Escrito por":"Surcos","Tiempo de lectura":"10 minutos"},"schema":{"@context":"https:\/\/schema.org","@graph":[{"@type":"Article","@id":"https:\/\/www.pressenza.com\/es\/2023\/08\/los-estertores-de-la-pax-americana-la-guerra-de-dos-potencias-en-ucrania\/#article","isPartOf":{"@id":"https:\/\/www.pressenza.com\/es\/2023\/08\/los-estertores-de-la-pax-americana-la-guerra-de-dos-potencias-en-ucrania\/"},"author":{"name":"Surcos","@id":"https:\/\/www.pressenza.com\/es\/#\/schema\/person\/3f8aed65e040327d1d4718e9e1fc0f77"},"headline":"Los estertores de la Pax Americana: La guerra de dos potencias en Ucrania","datePublished":"2023-08-21T16:58:03+00:00","mainEntityOfPage":{"@id":"https:\/\/www.pressenza.com\/es\/2023\/08\/los-estertores-de-la-pax-americana-la-guerra-de-dos-potencias-en-ucrania\/"},"wordCount":2127,"publisher":{"@id":"https:\/\/www.pressenza.com\/es\/#organization"},"image":{"@id":"https:\/\/www.pressenza.com\/es\/2023\/08\/los-estertores-de-la-pax-americana-la-guerra-de-dos-potencias-en-ucrania\/#primaryimage"},"thumbnailUrl":"https:\/\/www.pressenza.com\/wp-content\/uploads\/2023\/08\/conflicto-en-Ucrania.jpg","keywords":["belicismo","conflicto en Ucrania","OTAN","Rusia"],"articleSection":["Europa","Opiniones","Paz y Desarme"],"inLanguage":"es"},{"@type":"WebPage","@id":"https:\/\/www.pressenza.com\/es\/2023\/08\/los-estertores-de-la-pax-americana-la-guerra-de-dos-potencias-en-ucrania\/","url":"https:\/\/www.pressenza.com\/es\/2023\/08\/los-estertores-de-la-pax-americana-la-guerra-de-dos-potencias-en-ucrania\/","name":"Los estertores de la Pax Americana: La guerra de dos potencias en Ucrania","isPartOf":{"@id":"https:\/\/www.pressenza.com\/es\/#website"},"primaryImageOfPage":{"@id":"https:\/\/www.pressenza.com\/es\/2023\/08\/los-estertores-de-la-pax-americana-la-guerra-de-dos-potencias-en-ucrania\/#primaryimage"},"image":{"@id":"https:\/\/www.pressenza.com\/es\/2023\/08\/los-estertores-de-la-pax-americana-la-guerra-de-dos-potencias-en-ucrania\/#primaryimage"},"thumbnailUrl":"https:\/\/www.pressenza.com\/wp-content\/uploads\/2023\/08\/conflicto-en-Ucrania.jpg","datePublished":"2023-08-21T16:58:03+00:00","description":"Por Gilberto Lopes No se trata de una guerra entre Rusia y Ucrania sino de una guerra en territorio ucraniano entre dos potencia nucleares, que estiman","breadcrumb":{"@id":"https:\/\/www.pressenza.com\/es\/2023\/08\/los-estertores-de-la-pax-americana-la-guerra-de-dos-potencias-en-ucrania\/#breadcrumb"},"inLanguage":"es","potentialAction":[{"@type":"ReadAction","target":["https:\/\/www.pressenza.com\/es\/2023\/08\/los-estertores-de-la-pax-americana-la-guerra-de-dos-potencias-en-ucrania\/"]}]},{"@type":"ImageObject","inLanguage":"es","@id":"https:\/\/www.pressenza.com\/es\/2023\/08\/los-estertores-de-la-pax-americana-la-guerra-de-dos-potencias-en-ucrania\/#primaryimage","url":"https:\/\/www.pressenza.com\/wp-content\/uploads\/2023\/08\/conflicto-en-Ucrania.jpg","contentUrl":"https:\/\/www.pressenza.com\/wp-content\/uploads\/2023\/08\/conflicto-en-Ucrania.jpg","width":414,"height":265},{"@type":"BreadcrumbList","@id":"https:\/\/www.pressenza.com\/es\/2023\/08\/los-estertores-de-la-pax-americana-la-guerra-de-dos-potencias-en-ucrania\/#breadcrumb","itemListElement":[{"@type":"ListItem","position":1,"name":"Accueil","item":"https:\/\/www.pressenza.com\/es\/"},{"@type":"ListItem","position":2,"name":"Los estertores de la Pax Americana: La guerra de dos potencias en Ucrania"}]},{"@type":"WebSite","@id":"https:\/\/www.pressenza.com\/es\/#website","url":"https:\/\/www.pressenza.com\/es\/","name":"Pressenza","description":"International Press Agency","publisher":{"@id":"https:\/\/www.pressenza.com\/es\/#organization"},"potentialAction":[{"@type":"SearchAction","target":{"@type":"EntryPoint","urlTemplate":"https:\/\/www.pressenza.com\/es\/?s={search_term_string}"},"query-input":{"@type":"PropertyValueSpecification","valueRequired":true,"valueName":"search_term_string"}}],"inLanguage":"es"},{"@type":"Organization","@id":"https:\/\/www.pressenza.com\/es\/#organization","name":"Pressenza","url":"https:\/\/www.pressenza.com\/es\/","logo":{"@type":"ImageObject","inLanguage":"es","@id":"https:\/\/www.pressenza.com\/es\/#\/schema\/logo\/image\/","url":"https:\/\/www.pressenza.com\/wp-content\/uploads\/2022\/10\/pressenza_logo_200x200.jpg","contentUrl":"https:\/\/www.pressenza.com\/wp-content\/uploads\/2022\/10\/pressenza_logo_200x200.jpg","width":200,"height":200,"caption":"Pressenza"},"image":{"@id":"https:\/\/www.pressenza.com\/es\/#\/schema\/logo\/image\/"},"sameAs":["https:\/\/www.facebook.com\/PressenzaItalia","https:\/\/x.com\/PressenzaIPA"]},{"@type":"Person","@id":"https:\/\/www.pressenza.com\/es\/#\/schema\/person\/3f8aed65e040327d1d4718e9e1fc0f77","name":"Surcos","description":"https:\/\/surcosdigital.com\/","sameAs":["https:\/\/surcosdigital.com\/","https:\/\/www.facebook.com\/surcosdigital","https:\/\/x.com\/surcosdigital"],"url":"https:\/\/www.pressenza.com\/es\/author\/surcos\/"}]}},"place":"Ucrania","original_article_url":"https:\/\/surcosdigital.com\/los-estertores-de-la-pax-americana-la-guerra-de-dos-potencias-en-ucrania\/","_links":{"self":[{"href":"https:\/\/www.pressenza.com\/es\/wp-json\/wp\/v2\/posts\/1760756","targetHints":{"allow":["GET"]}}],"collection":[{"href":"https:\/\/www.pressenza.com\/es\/wp-json\/wp\/v2\/posts"}],"about":[{"href":"https:\/\/www.pressenza.com\/es\/wp-json\/wp\/v2\/types\/post"}],"author":[{"embeddable":true,"href":"https:\/\/www.pressenza.com\/es\/wp-json\/wp\/v2\/users\/1793"}],"replies":[{"embeddable":true,"href":"https:\/\/www.pressenza.com\/es\/wp-json\/wp\/v2\/comments?post=1760756"}],"version-history":[{"count":0,"href":"https:\/\/www.pressenza.com\/es\/wp-json\/wp\/v2\/posts\/1760756\/revisions"}],"wp:featuredmedia":[{"embeddable":true,"href":"https:\/\/www.pressenza.com\/es\/wp-json\/wp\/v2\/media\/1760758"}],"wp:attachment":[{"href":"https:\/\/www.pressenza.com\/es\/wp-json\/wp\/v2\/media?parent=1760756"}],"wp:term":[{"taxonomy":"category","embeddable":true,"href":"https:\/\/www.pressenza.com\/es\/wp-json\/wp\/v2\/categories?post=1760756"},{"taxonomy":"post_tag","embeddable":true,"href":"https:\/\/www.pressenza.com\/es\/wp-json\/wp\/v2\/tags?post=1760756"}],"curies":[{"name":"wp","href":"https:\/\/api.w.org\/{rel}","templated":true}]}}