{"id":1760158,"date":"2023-08-18T00:11:26","date_gmt":"2023-08-17T23:11:26","guid":{"rendered":"https:\/\/www.pressenza.com\/?p=1760158"},"modified":"2023-08-18T00:11:26","modified_gmt":"2023-08-17T23:11:26","slug":"nuevo-cambio-de-gabinete-en-el-gobierno-de-chile","status":"publish","type":"post","link":"https:\/\/www.pressenza.com\/es\/2023\/08\/nuevo-cambio-de-gabinete-en-el-gobierno-de-chile\/","title":{"rendered":"Nuevo cambio de gabinete en el gobierno de Chile"},"content":{"rendered":"<p><strong>El Frente Amplio desalojado del gobierno por \u201cla Nueva mayor\u00eda\u201d<\/strong><br \/>\nCon la salida de Giorgio Jackson del grupo de ministros de gobierno, se concreta la tendencia del desalojo del Frente Amplio del equipo pol\u00edtico de La Moneda, controlado hoy por militantes de la ex Nueva Mayor\u00eda sin la Democracia Cristiana (la que reconoci\u00f3 que no ley\u00f3 el programa de Bachelet en su segundo gobierno). As\u00ed, socialistas y comunistas(en menor medida) son quienes en la pr\u00e1ctica definen la pol\u00edtica del ejecutivo. Este gobierno que promet\u00eda demostrar el poder del pueblo por el pueblo y para el pueblo, ha dejado de ser real, implicando incluso que quienes llegaban a gobernar esperando un mejor futuro, hoy ya no est\u00e1n. La misma trampa desde el mismo sistema neoliberal una y otra vez, lo real de hecho es que, por ejemplo, la reforma tributaria la podremos ver fracasar. Cuando se vea el resultado de las conversaciones en marcha, estar\u00e1n todos tomados por el gran temor que el pr\u00f3ximo gobierno vuelva la derecha. Mientras tanto como sociedad, normalizamos los hechos como si a nosotros no nos importara.<\/p>\n<p><strong>Boric queda solo en La Moneda, desestima al poder popular, y opta por la agenda del poder f\u00e1ctico.<\/strong><\/p>\n<p>Dos fantasmas circulan por el palacio de gobierno, el esp\u00edritu de Allende y el actual presidente. La soledad pol\u00edtica te coloca, en esa instancia de gobernanza, en la disyuntiva de optar por el poder que respalda tu actividad; la posibilidad de llamar a la organizaci\u00f3n social para activar un complot de apoyo a la agenda descrita en el programa de gobierno, y respaldarse con ese poder ciudadano a quedado por ahora descartado, y el presidente ha asumido el respaldo de los poderes f\u00e1cticos de los adinerados del pa\u00eds, reeditando la postura de la \u201ccentro izquierda\u201d en las \u00faltimas d\u00e9cadas.<\/p>\n<p><strong>El control pol\u00edtico de la derecha desde el parlamento, deja sin poder al ejecutivo<\/strong><br \/>\nLas bancadas de las derechas, sin rubor y a plena luz del d\u00eda, le dictan por la prensa al gobierno lo que puede y no puede hacer, y con que personas s\u00ed y con que personas no puede conformar sus equipos pol\u00edticos. Es un espect\u00e1culo que da cuenta del estado de la pol\u00edtica y de la democracia en el pa\u00eds. Avanzan sin pudor en instalar el negacionismo, dejando al presidente negociando los aspectos secundarios de sus proyectos, de este modo ya no s\u00f3lo no se har\u00e1 nada con carabineros a pesar de su actuaci\u00f3n contra los DDHH y el robo de m\u00e1s de 30 mil millones de pesos, sino que se mantendr\u00e1n las AFP y el tema en discusi\u00f3n es en cuanto incrementaran sus fondos a partir del 6% adicional que est\u00e1 en la mesa. Ni hablar de avances en los temas de darle un golpe a la elusi\u00f3n de impuestos de los ricachones del pa\u00eds, lo que significaba cerrarles la puerta para colocar en sus bolsillos cifras siderales que los convirtieron en multimillonarios. Las derechas mandan.<\/p>\n<p><strong>Un Chile que retoma el discurso del Jaguar y el oasis latinoamericano<\/strong><br \/>\nY por boca del joven que denostaba el cinismo de los privilegiados, que desconoc\u00edan la inhumana desigualdad en nuestra sociedad, hoy le escuchamos a nuestro presidente retomar con fuerza el discurso de la ejemplar econom\u00eda de Chile, reconocida y valorada en el concierto internacional, tan diferenciada de las escu\u00e1lidas econom\u00edas de la regi\u00f3n (el oasis ha resucitado).<br \/>\n\u00bfSe pueden romper los privilegios y la desigualdad en una democracia representativa? Despu\u00e9s de todos los esfuerzos de la gente, en levantar y llevar adelante las agendas de reivindicaciones necesarias y justas, que a tenido costos de vidas humanas, de padecer monstruosidades, torturas, represi\u00f3n, mutilaciones, quintas columnas y traiciones de todo tipo, con avances y retrocesos a pesar de todas las dificultades, a pesar de colocar en La Moneda a tres presidentes que levantaron la esperanza de ir en la direcci\u00f3n con la que se so\u00f1aba, y verlos caer, uno asesinado y otres subsumidos en las telara\u00f1as del poder f\u00e1ctico, parece un momento oportuno para empezar un cuestionamiento profundo de las posibilidades de la democracia representativa, para llevar a nuestra sociedad a una situaci\u00f3n de dignidad humana.<\/p>\n<p><strong>El descorazonamiento popular y la necesidad de avanzar de un modo nuevo<\/strong><br \/>\nQuien quiera verlo puede observar el flujo constante de manifestaciones de distintas organizaciones frente a La Moneda, ninguna de ellas aparece en la prensa, totalmente controlada por las derechas. No son las manifestaciones masivas de 2019, pero, comienza un nuevo periodo de articulaci\u00f3n popular, es cierto que est\u00e1n muy afectadas por el golpe del \u201crechazaso\u201d que lograron las derechas en plebiscito de salida, y que ese peso se siente en el ambiente y en los \u00e1nimos, pero a pesar de todo, la manifestaci\u00f3n lentamente comienza su movimiento nuevamente. Muchos espacios discuten los \u201cfracasos\u201d sufridos, tratando de ver este nuevo momento, un mundo que definitivamente cambi\u00f3, y que cuesta comprender. Se preguntan acerca de c\u00f3mo se supera el descr\u00e9dito y el desv\u00edo de los liderazgos, c\u00f3mo opera esa sinton\u00eda ac\u00e9fala que llen\u00f3 las calles de millones de personas pidiendo dignidad. C\u00f3mo se sobrepasa la frustraci\u00f3n, c\u00f3mo se retoma la vitalidad de aquel reencuentro colectivo multitudinario, que alentaba los cambios profundos en nuestra sociedad. Sin duda nada de lo conocido y hecho puede responder, un mundo nuevo requiere de formas y fondos nuevos en esta lucha de intenciones humanas.<\/p>\n<p><strong>La soberan\u00eda popular y la democracia real<\/strong><br \/>\nEs momento de construir una nueva forma, una democracia real, en que se deja la delegaci\u00f3n y se construye el hacerse cargo, directa y responsablemente. Los colectivos deben superar y cerrar las puertas a todo intento de manipulaci\u00f3n. Tienen que generar las condiciones y las instancias para la reflexi\u00f3n conjunta, para el estudio conjunto y para instalar la autoformaci\u00f3n. Dejar atr\u00e1s las dirigencias y sustituirlas por funciones con mandatos precisos desde la base, habilitando mecanismos para corregir r\u00e1pidamente los desv\u00edos y las superposici\u00f3n de intereses personales. Es el camino largo pero sincero, de construcci\u00f3n de poder soberano desde los barrios hacia el poder local, y desde all\u00ed hacia las otras instancias administrativas. El desaf\u00edo es gigante, pero es estimulante para quienes llevan en su coraz\u00f3n el mejor sentimiento de justicia social y de valoraci\u00f3n de la maravillosa diversidad humana. Generar las condiciones para que nazca esa nueva humanidad, es un camino que vale la pena vivir, ser protagonista de las bases que abrir\u00e1n las grandes Alamedas para que las nuevas generaciones superen la sociedad cruel y cretina que hoy nos subyuga.<\/p>\n<p>&nbsp;<\/p>\n<p>Redacci\u00f3n colaborativa de Guillermo Garc\u00e9s Parada y C\u00e9sar Anguita Sanhueza. Comisi\u00f3n de Opini\u00f3n P\u00fablica<\/p>\n","protected":false},"excerpt":{"rendered":"<p>El Frente Amplio desalojado del gobierno por \u201cla Nueva mayor\u00eda\u201d Con la salida de Giorgio Jackson del grupo de ministros de gobierno, se concreta la tendencia del desalojo del Frente Amplio del equipo pol\u00edtico de La Moneda, controlado hoy por&hellip;<\/p>\n","protected":false},"author":386,"featured_media":1760160,"comment_status":"closed","ping_status":"closed","sticky":false,"template":"","format":"standard","meta":{"footnotes":""},"categories":[149,11389,74,67],"tags":[39919,29,696,12265],"class_list":["post-1760158","post","type-post","status-publish","format-standard","has-post-thumbnail","hentry","category-comunicados-de-prensa","category-contenido-original","category-politica-es","category-sudamerica","tag-cambio-de-gabinete","tag-chile","tag-democracia","tag-soberania-popular"],"yoast_head":"<!-- This site is optimized with the Yoast SEO plugin v27.1.1 - https:\/\/yoast.com\/product\/yoast-seo-wordpress\/ -->\n<title>Nuevo cambio de gabinete en el gobierno de Chile<\/title>\n<meta name=\"description\" content=\"El Frente Amplio desalojado del gobierno por \u201cla Nueva mayor\u00eda\u201d Con la salida de Giorgio Jackson del grupo de ministros de gobierno, se concreta la\" \/>\n<meta name=\"robots\" content=\"index, follow, max-snippet:-1, max-image-preview:large, max-video-preview:-1\" \/>\n<link rel=\"canonical\" href=\"https:\/\/www.pressenza.com\/es\/2023\/08\/nuevo-cambio-de-gabinete-en-el-gobierno-de-chile\/\" \/>\n<meta property=\"og:locale\" content=\"es_ES\" \/>\n<meta property=\"og:type\" content=\"article\" \/>\n<meta property=\"og:title\" content=\"Nuevo cambio de gabinete en el gobierno de Chile\" \/>\n<meta property=\"og:description\" content=\"El Frente Amplio desalojado del gobierno por \u201cla Nueva mayor\u00eda\u201d Con la salida de Giorgio Jackson del grupo de ministros de gobierno, se concreta la\" \/>\n<meta property=\"og:url\" content=\"https:\/\/www.pressenza.com\/es\/2023\/08\/nuevo-cambio-de-gabinete-en-el-gobierno-de-chile\/\" \/>\n<meta property=\"og:site_name\" content=\"Pressenza\" \/>\n<meta property=\"article:publisher\" content=\"https:\/\/www.facebook.com\/PressenzaItalia\" \/>\n<meta property=\"article:author\" content=\"https:\/\/www.facebook.com\/PartidoHumanistaChile?fref=ts\" \/>\n<meta property=\"article:published_time\" content=\"2023-08-17T23:11:26+00:00\" \/>\n<meta property=\"og:image\" content=\"https:\/\/www.pressenza.com\/wp-content\/uploads\/2023\/08\/bandera-chilena.jpg\" \/>\n\t<meta property=\"og:image:width\" content=\"800\" \/>\n\t<meta property=\"og:image:height\" content=\"600\" \/>\n\t<meta property=\"og:image:type\" content=\"image\/jpeg\" \/>\n<meta name=\"author\" content=\"Partido Humanista de Chile\" \/>\n<meta name=\"twitter:card\" content=\"summary_large_image\" \/>\n<meta name=\"twitter:creator\" content=\"@phumanista\" \/>\n<meta name=\"twitter:site\" content=\"@PressenzaIPA\" \/>\n<meta name=\"twitter:label1\" content=\"Escrito por\" \/>\n\t<meta name=\"twitter:data1\" content=\"Partido Humanista de Chile\" \/>\n\t<meta name=\"twitter:label2\" content=\"Tiempo de lectura\" \/>\n\t<meta name=\"twitter:data2\" content=\"5 minutos\" \/>\n<script type=\"application\/ld+json\" class=\"yoast-schema-graph\">{\"@context\":\"https:\/\/schema.org\",\"@graph\":[{\"@type\":\"Article\",\"@id\":\"https:\/\/www.pressenza.com\/es\/2023\/08\/nuevo-cambio-de-gabinete-en-el-gobierno-de-chile\/#article\",\"isPartOf\":{\"@id\":\"https:\/\/www.pressenza.com\/es\/2023\/08\/nuevo-cambio-de-gabinete-en-el-gobierno-de-chile\/\"},\"author\":{\"name\":\"Partido Humanista de Chile\",\"@id\":\"https:\/\/www.pressenza.com\/es\/#\/schema\/person\/21472c42980bab786ff5a256b8239bf5\"},\"headline\":\"Nuevo cambio de gabinete en el gobierno de Chile\",\"datePublished\":\"2023-08-17T23:11:26+00:00\",\"mainEntityOfPage\":{\"@id\":\"https:\/\/www.pressenza.com\/es\/2023\/08\/nuevo-cambio-de-gabinete-en-el-gobierno-de-chile\/\"},\"wordCount\":1167,\"publisher\":{\"@id\":\"https:\/\/www.pressenza.com\/es\/#organization\"},\"image\":{\"@id\":\"https:\/\/www.pressenza.com\/es\/2023\/08\/nuevo-cambio-de-gabinete-en-el-gobierno-de-chile\/#primaryimage\"},\"thumbnailUrl\":\"https:\/\/www.pressenza.com\/wp-content\/uploads\/2023\/08\/bandera-chilena.jpg\",\"keywords\":[\"cambio de gabinete\",\"Chile\",\"Democracia\",\"soberan\u00eda popular\"],\"articleSection\":[\"Comunicados de Prensa\",\"Contenido Original\",\"Pol\u00edtica\",\"Sudam\u00e9rica\"],\"inLanguage\":\"es\"},{\"@type\":\"WebPage\",\"@id\":\"https:\/\/www.pressenza.com\/es\/2023\/08\/nuevo-cambio-de-gabinete-en-el-gobierno-de-chile\/\",\"url\":\"https:\/\/www.pressenza.com\/es\/2023\/08\/nuevo-cambio-de-gabinete-en-el-gobierno-de-chile\/\",\"name\":\"Nuevo cambio de gabinete en el gobierno de Chile\",\"isPartOf\":{\"@id\":\"https:\/\/www.pressenza.com\/es\/#website\"},\"primaryImageOfPage\":{\"@id\":\"https:\/\/www.pressenza.com\/es\/2023\/08\/nuevo-cambio-de-gabinete-en-el-gobierno-de-chile\/#primaryimage\"},\"image\":{\"@id\":\"https:\/\/www.pressenza.com\/es\/2023\/08\/nuevo-cambio-de-gabinete-en-el-gobierno-de-chile\/#primaryimage\"},\"thumbnailUrl\":\"https:\/\/www.pressenza.com\/wp-content\/uploads\/2023\/08\/bandera-chilena.jpg\",\"datePublished\":\"2023-08-17T23:11:26+00:00\",\"description\":\"El Frente Amplio desalojado del gobierno por \u201cla Nueva mayor\u00eda\u201d Con la salida de Giorgio Jackson del grupo de ministros de gobierno, se concreta la\",\"breadcrumb\":{\"@id\":\"https:\/\/www.pressenza.com\/es\/2023\/08\/nuevo-cambio-de-gabinete-en-el-gobierno-de-chile\/#breadcrumb\"},\"inLanguage\":\"es\",\"potentialAction\":[{\"@type\":\"ReadAction\",\"target\":[\"https:\/\/www.pressenza.com\/es\/2023\/08\/nuevo-cambio-de-gabinete-en-el-gobierno-de-chile\/\"]}]},{\"@type\":\"ImageObject\",\"inLanguage\":\"es\",\"@id\":\"https:\/\/www.pressenza.com\/es\/2023\/08\/nuevo-cambio-de-gabinete-en-el-gobierno-de-chile\/#primaryimage\",\"url\":\"https:\/\/www.pressenza.com\/wp-content\/uploads\/2023\/08\/bandera-chilena.jpg\",\"contentUrl\":\"https:\/\/www.pressenza.com\/wp-content\/uploads\/2023\/08\/bandera-chilena.jpg\",\"width\":800,\"height\":600},{\"@type\":\"BreadcrumbList\",\"@id\":\"https:\/\/www.pressenza.com\/es\/2023\/08\/nuevo-cambio-de-gabinete-en-el-gobierno-de-chile\/#breadcrumb\",\"itemListElement\":[{\"@type\":\"ListItem\",\"position\":1,\"name\":\"Accueil\",\"item\":\"https:\/\/www.pressenza.com\/es\/\"},{\"@type\":\"ListItem\",\"position\":2,\"name\":\"Nuevo cambio de gabinete en el gobierno de Chile\"}]},{\"@type\":\"WebSite\",\"@id\":\"https:\/\/www.pressenza.com\/es\/#website\",\"url\":\"https:\/\/www.pressenza.com\/es\/\",\"name\":\"Pressenza\",\"description\":\"International Press Agency\",\"publisher\":{\"@id\":\"https:\/\/www.pressenza.com\/es\/#organization\"},\"potentialAction\":[{\"@type\":\"SearchAction\",\"target\":{\"@type\":\"EntryPoint\",\"urlTemplate\":\"https:\/\/www.pressenza.com\/es\/?s={search_term_string}\"},\"query-input\":{\"@type\":\"PropertyValueSpecification\",\"valueRequired\":true,\"valueName\":\"search_term_string\"}}],\"inLanguage\":\"es\"},{\"@type\":\"Organization\",\"@id\":\"https:\/\/www.pressenza.com\/es\/#organization\",\"name\":\"Pressenza\",\"url\":\"https:\/\/www.pressenza.com\/es\/\",\"logo\":{\"@type\":\"ImageObject\",\"inLanguage\":\"es\",\"@id\":\"https:\/\/www.pressenza.com\/es\/#\/schema\/logo\/image\/\",\"url\":\"https:\/\/www.pressenza.com\/wp-content\/uploads\/2022\/10\/pressenza_logo_200x200.jpg\",\"contentUrl\":\"https:\/\/www.pressenza.com\/wp-content\/uploads\/2022\/10\/pressenza_logo_200x200.jpg\",\"width\":200,\"height\":200,\"caption\":\"Pressenza\"},\"image\":{\"@id\":\"https:\/\/www.pressenza.com\/es\/#\/schema\/logo\/image\/\"},\"sameAs\":[\"https:\/\/www.facebook.com\/PressenzaItalia\",\"https:\/\/x.com\/PressenzaIPA\"]},{\"@type\":\"Person\",\"@id\":\"https:\/\/www.pressenza.com\/es\/#\/schema\/person\/21472c42980bab786ff5a256b8239bf5\",\"name\":\"Partido Humanista de Chile\",\"description\":\"www.partidohumanista.cl\",\"sameAs\":[\"https:\/\/www.facebook.com\/PartidoHumanistaChile?fref=ts\",\"https:\/\/x.com\/phumanista\"],\"url\":\"https:\/\/www.pressenza.com\/es\/author\/partido-humanista-de-chile\/\"}]}<\/script>\n<!-- \/ Yoast SEO plugin. -->","yoast_head_json":{"title":"Nuevo cambio de gabinete en el gobierno de Chile","description":"El Frente Amplio desalojado del gobierno por \u201cla Nueva mayor\u00eda\u201d Con la salida de Giorgio Jackson del grupo de ministros de gobierno, se concreta la","robots":{"index":"index","follow":"follow","max-snippet":"max-snippet:-1","max-image-preview":"max-image-preview:large","max-video-preview":"max-video-preview:-1"},"canonical":"https:\/\/www.pressenza.com\/es\/2023\/08\/nuevo-cambio-de-gabinete-en-el-gobierno-de-chile\/","og_locale":"es_ES","og_type":"article","og_title":"Nuevo cambio de gabinete en el gobierno de Chile","og_description":"El Frente Amplio desalojado del gobierno por \u201cla Nueva mayor\u00eda\u201d Con la salida de Giorgio Jackson del grupo de ministros de gobierno, se concreta la","og_url":"https:\/\/www.pressenza.com\/es\/2023\/08\/nuevo-cambio-de-gabinete-en-el-gobierno-de-chile\/","og_site_name":"Pressenza","article_publisher":"https:\/\/www.facebook.com\/PressenzaItalia","article_author":"https:\/\/www.facebook.com\/PartidoHumanistaChile?fref=ts","article_published_time":"2023-08-17T23:11:26+00:00","og_image":[{"width":800,"height":600,"url":"https:\/\/www.pressenza.com\/wp-content\/uploads\/2023\/08\/bandera-chilena.jpg","type":"image\/jpeg"}],"author":"Partido Humanista de Chile","twitter_card":"summary_large_image","twitter_creator":"@phumanista","twitter_site":"@PressenzaIPA","twitter_misc":{"Escrito por":"Partido Humanista de Chile","Tiempo de lectura":"5 minutos"},"schema":{"@context":"https:\/\/schema.org","@graph":[{"@type":"Article","@id":"https:\/\/www.pressenza.com\/es\/2023\/08\/nuevo-cambio-de-gabinete-en-el-gobierno-de-chile\/#article","isPartOf":{"@id":"https:\/\/www.pressenza.com\/es\/2023\/08\/nuevo-cambio-de-gabinete-en-el-gobierno-de-chile\/"},"author":{"name":"Partido Humanista de Chile","@id":"https:\/\/www.pressenza.com\/es\/#\/schema\/person\/21472c42980bab786ff5a256b8239bf5"},"headline":"Nuevo cambio de gabinete en el gobierno de Chile","datePublished":"2023-08-17T23:11:26+00:00","mainEntityOfPage":{"@id":"https:\/\/www.pressenza.com\/es\/2023\/08\/nuevo-cambio-de-gabinete-en-el-gobierno-de-chile\/"},"wordCount":1167,"publisher":{"@id":"https:\/\/www.pressenza.com\/es\/#organization"},"image":{"@id":"https:\/\/www.pressenza.com\/es\/2023\/08\/nuevo-cambio-de-gabinete-en-el-gobierno-de-chile\/#primaryimage"},"thumbnailUrl":"https:\/\/www.pressenza.com\/wp-content\/uploads\/2023\/08\/bandera-chilena.jpg","keywords":["cambio de gabinete","Chile","Democracia","soberan\u00eda popular"],"articleSection":["Comunicados de Prensa","Contenido Original","Pol\u00edtica","Sudam\u00e9rica"],"inLanguage":"es"},{"@type":"WebPage","@id":"https:\/\/www.pressenza.com\/es\/2023\/08\/nuevo-cambio-de-gabinete-en-el-gobierno-de-chile\/","url":"https:\/\/www.pressenza.com\/es\/2023\/08\/nuevo-cambio-de-gabinete-en-el-gobierno-de-chile\/","name":"Nuevo cambio de gabinete en el gobierno de Chile","isPartOf":{"@id":"https:\/\/www.pressenza.com\/es\/#website"},"primaryImageOfPage":{"@id":"https:\/\/www.pressenza.com\/es\/2023\/08\/nuevo-cambio-de-gabinete-en-el-gobierno-de-chile\/#primaryimage"},"image":{"@id":"https:\/\/www.pressenza.com\/es\/2023\/08\/nuevo-cambio-de-gabinete-en-el-gobierno-de-chile\/#primaryimage"},"thumbnailUrl":"https:\/\/www.pressenza.com\/wp-content\/uploads\/2023\/08\/bandera-chilena.jpg","datePublished":"2023-08-17T23:11:26+00:00","description":"El Frente Amplio desalojado del gobierno por \u201cla Nueva mayor\u00eda\u201d Con la salida de Giorgio Jackson del grupo de ministros de gobierno, se concreta la","breadcrumb":{"@id":"https:\/\/www.pressenza.com\/es\/2023\/08\/nuevo-cambio-de-gabinete-en-el-gobierno-de-chile\/#breadcrumb"},"inLanguage":"es","potentialAction":[{"@type":"ReadAction","target":["https:\/\/www.pressenza.com\/es\/2023\/08\/nuevo-cambio-de-gabinete-en-el-gobierno-de-chile\/"]}]},{"@type":"ImageObject","inLanguage":"es","@id":"https:\/\/www.pressenza.com\/es\/2023\/08\/nuevo-cambio-de-gabinete-en-el-gobierno-de-chile\/#primaryimage","url":"https:\/\/www.pressenza.com\/wp-content\/uploads\/2023\/08\/bandera-chilena.jpg","contentUrl":"https:\/\/www.pressenza.com\/wp-content\/uploads\/2023\/08\/bandera-chilena.jpg","width":800,"height":600},{"@type":"BreadcrumbList","@id":"https:\/\/www.pressenza.com\/es\/2023\/08\/nuevo-cambio-de-gabinete-en-el-gobierno-de-chile\/#breadcrumb","itemListElement":[{"@type":"ListItem","position":1,"name":"Accueil","item":"https:\/\/www.pressenza.com\/es\/"},{"@type":"ListItem","position":2,"name":"Nuevo cambio de gabinete en el gobierno de Chile"}]},{"@type":"WebSite","@id":"https:\/\/www.pressenza.com\/es\/#website","url":"https:\/\/www.pressenza.com\/es\/","name":"Pressenza","description":"International Press Agency","publisher":{"@id":"https:\/\/www.pressenza.com\/es\/#organization"},"potentialAction":[{"@type":"SearchAction","target":{"@type":"EntryPoint","urlTemplate":"https:\/\/www.pressenza.com\/es\/?s={search_term_string}"},"query-input":{"@type":"PropertyValueSpecification","valueRequired":true,"valueName":"search_term_string"}}],"inLanguage":"es"},{"@type":"Organization","@id":"https:\/\/www.pressenza.com\/es\/#organization","name":"Pressenza","url":"https:\/\/www.pressenza.com\/es\/","logo":{"@type":"ImageObject","inLanguage":"es","@id":"https:\/\/www.pressenza.com\/es\/#\/schema\/logo\/image\/","url":"https:\/\/www.pressenza.com\/wp-content\/uploads\/2022\/10\/pressenza_logo_200x200.jpg","contentUrl":"https:\/\/www.pressenza.com\/wp-content\/uploads\/2022\/10\/pressenza_logo_200x200.jpg","width":200,"height":200,"caption":"Pressenza"},"image":{"@id":"https:\/\/www.pressenza.com\/es\/#\/schema\/logo\/image\/"},"sameAs":["https:\/\/www.facebook.com\/PressenzaItalia","https:\/\/x.com\/PressenzaIPA"]},{"@type":"Person","@id":"https:\/\/www.pressenza.com\/es\/#\/schema\/person\/21472c42980bab786ff5a256b8239bf5","name":"Partido Humanista de Chile","description":"www.partidohumanista.cl","sameAs":["https:\/\/www.facebook.com\/PartidoHumanistaChile?fref=ts","https:\/\/x.com\/phumanista"],"url":"https:\/\/www.pressenza.com\/es\/author\/partido-humanista-de-chile\/"}]}},"place":"Santiago de Chile","original_article_url":"","_links":{"self":[{"href":"https:\/\/www.pressenza.com\/es\/wp-json\/wp\/v2\/posts\/1760158","targetHints":{"allow":["GET"]}}],"collection":[{"href":"https:\/\/www.pressenza.com\/es\/wp-json\/wp\/v2\/posts"}],"about":[{"href":"https:\/\/www.pressenza.com\/es\/wp-json\/wp\/v2\/types\/post"}],"author":[{"embeddable":true,"href":"https:\/\/www.pressenza.com\/es\/wp-json\/wp\/v2\/users\/386"}],"replies":[{"embeddable":true,"href":"https:\/\/www.pressenza.com\/es\/wp-json\/wp\/v2\/comments?post=1760158"}],"version-history":[{"count":0,"href":"https:\/\/www.pressenza.com\/es\/wp-json\/wp\/v2\/posts\/1760158\/revisions"}],"wp:featuredmedia":[{"embeddable":true,"href":"https:\/\/www.pressenza.com\/es\/wp-json\/wp\/v2\/media\/1760160"}],"wp:attachment":[{"href":"https:\/\/www.pressenza.com\/es\/wp-json\/wp\/v2\/media?parent=1760158"}],"wp:term":[{"taxonomy":"category","embeddable":true,"href":"https:\/\/www.pressenza.com\/es\/wp-json\/wp\/v2\/categories?post=1760158"},{"taxonomy":"post_tag","embeddable":true,"href":"https:\/\/www.pressenza.com\/es\/wp-json\/wp\/v2\/tags?post=1760158"}],"curies":[{"name":"wp","href":"https:\/\/api.w.org\/{rel}","templated":true}]}}