{"id":1760,"date":"2009-10-16T00:00:00","date_gmt":"2009-10-16T00:00:00","guid":{"rendered":""},"modified":"2009-10-16T04:53:41","modified_gmt":"2009-10-16T04:53:41","slug":"en-el-dia-mundial-de-la-alimentacion","status":"publish","type":"post","link":"https:\/\/www.pressenza.com\/es\/2009\/10\/en-el-dia-mundial-de-la-alimentacion\/","title":{"rendered":"En el D\u00eda Mundial de la Alimentaci\u00f3n"},"content":{"rendered":"<p>La finalidad del D\u00eda Mundial de la Alimentaci\u00f3n, proclamado en 1979 por la Conferencia de la Organizaci\u00f3n de las Naciones Unidas para la Agricultura y la Alimentaci\u00f3n (FAO), es concienciar a las poblaciones sobre el problema alimentario mundial y fortalecer la solidaridad en la lucha contra el hambre, la desnutrici\u00f3n y la pobreza. El D\u00eda coincide con la fecha de fundaci\u00f3n de la FAO en 1945. En 1980, la Asamblea General respald\u00f3 la observancia del D\u00eda por considerar que \u00abla alimentaci\u00f3n es un requisito para la supervivencia y el bienestar de la humanidad y una necesidad humana fundamental\u00bb. <\/p>\n<p>Este viernes 16 de octubre se celebra el D\u00eda Mundial de la Alimentaci\u00f3n 2009, en el que el objetivo principal es relacionar el grave problema de la alimentaci\u00f3n mundial con la crisis econ\u00f3mica, con el destino de una parte de la producci\u00f3n agr\u00edcola a la fabricaci\u00f3n de biocombustibles y con el cambio clim\u00e1tico, entre otros factores; por ello el lema este a\u00f1o es \u201cConseguir la seguridad alimentaria en \u00e9pocas de crisis\u201d.<\/p>\n<p>Actualmente una sexta parte de la humanidad, alrededor de 1.020 millones de personas, pasan hambre severa, y si no se ponen medidas para frenar esta lacra, seg\u00fan los expertos, en pocos a\u00f1os pueden incluso triplicarse la cifras. <\/p>\n<p>El incremento de la poblaci\u00f3n mundial y la normalizaci\u00f3n del acceso a la comida de ampl\u00edsimos grupos poblacionales, de centenares de millones de habitantes fundamentalmente en China e India (dos potencias econ\u00f3micas en plena expansi\u00f3n), generan un notable aumento de la producci\u00f3n alimentaria, producci\u00f3n que se encuentra con problemas como el cambio clim\u00e1tico, tanto en el terreno agr\u00edcola como pesquero o ganadero. Otros problemas con lo que se enfrenta la producci\u00f3n alimentaria son las adquisiciones de terrenos agr\u00edcolas, en pa\u00edses subdesarrollados, por parte de las multinacionales de la alimentaci\u00f3n y del sector de las nuevas energ\u00edas provenientes de la agricultura.<br \/>\nLo verdaderamente cierto es que, m\u00e1s all\u00e1 de variables econ\u00f3micas, mercantiles, medioambientales, sociol\u00f3gicas, demogr\u00e1ficas o de otra \u00edndole, solamente con el 10% de lo que se gasta en el mundo anualmente en armamento, podr\u00eda acabarse definitivamente con el hambre. Las cifras son realmente groseras;  seg\u00fan el Instituto de Investigaci\u00f3n para la Paz Internacional de Estocolmo, el gasto en armamento el pasado a\u00f1o 2008 se estima que fue aproximadamente de 464 billones de d\u00f3lares, o lo que es lo mismo, el gasto mundial en armas super\u00f3 190 veces al de la lucha contra el hambre.<\/p>\n","protected":false},"excerpt":{"rendered":"<p>Este viernes, 16 de octubre, se celebra el D\u00eda Mundial de la Alimentaci\u00f3n 2009 a propuesta de Naciones Unidas. Con el lema \u201cConseguir la seguridad alimentaria en \u00e9pocas de crisis\u201d, se busca llamar la atenci\u00f3n sobre el grave problema de la alimentaci\u00f3n mundial y su relaci\u00f3n con la fabricaci\u00f3n de biocombustibles y el cambio clim\u00e1tico. <\/p>\n","protected":false},"author":19,"featured_media":0,"comment_status":"closed","ping_status":"open","sticky":false,"template":"","format":"standard","meta":{"footnotes":""},"categories":[66,39,74],"tags":[],"class_list":["post-1760","post","type-post","status-publish","format-standard","hentry","category-europa-es","category-internacional","category-politica-es"],"yoast_head":"<!-- This site is optimized with the Yoast SEO plugin v27.1.1 - https:\/\/yoast.com\/product\/yoast-seo-wordpress\/ -->\n<title>En el D\u00eda Mundial de la Alimentaci\u00f3n<\/title>\n<meta name=\"description\" content=\"Este viernes, 16 de octubre, se celebra el D\u00eda Mundial de la Alimentaci\u00f3n 2009 a propuesta de Naciones Unidas. Con el lema \u201cConseguir la seguridad alimentaria en \u00e9pocas de crisis\u201d, se busca llamar la atenci\u00f3n sobre el grave problema de la alimentaci\u00f3n mundial y su relaci\u00f3n con la fabricaci\u00f3n de biocombustibles y el cambio clim\u00e1tico.\" \/>\n<meta name=\"robots\" content=\"index, follow, max-snippet:-1, max-image-preview:large, max-video-preview:-1\" \/>\n<link rel=\"canonical\" href=\"https:\/\/www.pressenza.com\/es\/2009\/10\/en-el-dia-mundial-de-la-alimentacion\/\" \/>\n<meta property=\"og:locale\" content=\"es_ES\" \/>\n<meta property=\"og:type\" content=\"article\" \/>\n<meta property=\"og:title\" content=\"En el D\u00eda Mundial de la Alimentaci\u00f3n\" \/>\n<meta property=\"og:description\" content=\"Este viernes, 16 de octubre, se celebra el D\u00eda Mundial de la Alimentaci\u00f3n 2009 a propuesta de Naciones Unidas. Con el lema \u201cConseguir la seguridad alimentaria en \u00e9pocas de crisis\u201d, se busca llamar la atenci\u00f3n sobre el grave problema de la alimentaci\u00f3n mundial y su relaci\u00f3n con la fabricaci\u00f3n de biocombustibles y el cambio clim\u00e1tico.\" \/>\n<meta property=\"og:url\" content=\"https:\/\/www.pressenza.com\/es\/2009\/10\/en-el-dia-mundial-de-la-alimentacion\/\" \/>\n<meta property=\"og:site_name\" content=\"Pressenza\" \/>\n<meta property=\"article:publisher\" content=\"https:\/\/www.facebook.com\/PressenzaItalia\" \/>\n<meta property=\"article:author\" content=\"https:\/\/www.facebook.com\/pressenza\" \/>\n<meta property=\"article:published_time\" content=\"2009-10-16T00:00:00+00:00\" \/>\n<meta property=\"article:modified_time\" content=\"2009-10-16T04:53:41+00:00\" \/>\n<meta name=\"author\" content=\"Pressenza IPA\" \/>\n<meta name=\"twitter:card\" content=\"summary_large_image\" \/>\n<meta name=\"twitter:creator\" content=\"@PressenzaIPA\" \/>\n<meta name=\"twitter:site\" content=\"@PressenzaIPA\" \/>\n<meta name=\"twitter:label1\" content=\"Escrito por\" \/>\n\t<meta name=\"twitter:data1\" content=\"Pressenza IPA\" \/>\n\t<meta name=\"twitter:label2\" content=\"Tiempo de lectura\" \/>\n\t<meta name=\"twitter:data2\" content=\"2 minutos\" \/>\n<script type=\"application\/ld+json\" class=\"yoast-schema-graph\">{\"@context\":\"https:\/\/schema.org\",\"@graph\":[{\"@type\":\"Article\",\"@id\":\"https:\/\/www.pressenza.com\/es\/2009\/10\/en-el-dia-mundial-de-la-alimentacion\/#article\",\"isPartOf\":{\"@id\":\"https:\/\/www.pressenza.com\/es\/2009\/10\/en-el-dia-mundial-de-la-alimentacion\/\"},\"author\":{\"name\":\"Pressenza IPA\",\"@id\":\"https:\/\/www.pressenza.com\/es\/#\/schema\/person\/010e5d02bcf40965427a1289a4cc8d75\"},\"headline\":\"En el D\u00eda Mundial de la Alimentaci\u00f3n\",\"datePublished\":\"2009-10-16T00:00:00+00:00\",\"dateModified\":\"2009-10-16T04:53:41+00:00\",\"mainEntityOfPage\":{\"@id\":\"https:\/\/www.pressenza.com\/es\/2009\/10\/en-el-dia-mundial-de-la-alimentacion\/\"},\"wordCount\":442,\"publisher\":{\"@id\":\"https:\/\/www.pressenza.com\/es\/#organization\"},\"articleSection\":[\"Europa\",\"Internacional\",\"Pol\u00edtica\"],\"inLanguage\":\"es\"},{\"@type\":\"WebPage\",\"@id\":\"https:\/\/www.pressenza.com\/es\/2009\/10\/en-el-dia-mundial-de-la-alimentacion\/\",\"url\":\"https:\/\/www.pressenza.com\/es\/2009\/10\/en-el-dia-mundial-de-la-alimentacion\/\",\"name\":\"En el D\u00eda Mundial de la Alimentaci\u00f3n\",\"isPartOf\":{\"@id\":\"https:\/\/www.pressenza.com\/es\/#website\"},\"datePublished\":\"2009-10-16T00:00:00+00:00\",\"dateModified\":\"2009-10-16T04:53:41+00:00\",\"description\":\"Este viernes, 16 de octubre, se celebra el D\u00eda Mundial de la Alimentaci\u00f3n 2009 a propuesta de Naciones Unidas. Con el lema \u201cConseguir la seguridad alimentaria en \u00e9pocas de crisis\u201d, se busca llamar la atenci\u00f3n sobre el grave problema de la alimentaci\u00f3n mundial y su relaci\u00f3n con la fabricaci\u00f3n de biocombustibles y el cambio clim\u00e1tico.\",\"breadcrumb\":{\"@id\":\"https:\/\/www.pressenza.com\/es\/2009\/10\/en-el-dia-mundial-de-la-alimentacion\/#breadcrumb\"},\"inLanguage\":\"es\",\"potentialAction\":[{\"@type\":\"ReadAction\",\"target\":[\"https:\/\/www.pressenza.com\/es\/2009\/10\/en-el-dia-mundial-de-la-alimentacion\/\"]}]},{\"@type\":\"BreadcrumbList\",\"@id\":\"https:\/\/www.pressenza.com\/es\/2009\/10\/en-el-dia-mundial-de-la-alimentacion\/#breadcrumb\",\"itemListElement\":[{\"@type\":\"ListItem\",\"position\":1,\"name\":\"Accueil\",\"item\":\"https:\/\/www.pressenza.com\/es\/\"},{\"@type\":\"ListItem\",\"position\":2,\"name\":\"En el D\u00eda Mundial de la Alimentaci\u00f3n\"}]},{\"@type\":\"WebSite\",\"@id\":\"https:\/\/www.pressenza.com\/es\/#website\",\"url\":\"https:\/\/www.pressenza.com\/es\/\",\"name\":\"Pressenza\",\"description\":\"International Press Agency\",\"publisher\":{\"@id\":\"https:\/\/www.pressenza.com\/es\/#organization\"},\"potentialAction\":[{\"@type\":\"SearchAction\",\"target\":{\"@type\":\"EntryPoint\",\"urlTemplate\":\"https:\/\/www.pressenza.com\/es\/?s={search_term_string}\"},\"query-input\":{\"@type\":\"PropertyValueSpecification\",\"valueRequired\":true,\"valueName\":\"search_term_string\"}}],\"inLanguage\":\"es\"},{\"@type\":\"Organization\",\"@id\":\"https:\/\/www.pressenza.com\/es\/#organization\",\"name\":\"Pressenza\",\"url\":\"https:\/\/www.pressenza.com\/es\/\",\"logo\":{\"@type\":\"ImageObject\",\"inLanguage\":\"es\",\"@id\":\"https:\/\/www.pressenza.com\/es\/#\/schema\/logo\/image\/\",\"url\":\"https:\/\/www.pressenza.com\/wp-content\/uploads\/2022\/10\/pressenza_logo_200x200.jpg\",\"contentUrl\":\"https:\/\/www.pressenza.com\/wp-content\/uploads\/2022\/10\/pressenza_logo_200x200.jpg\",\"width\":200,\"height\":200,\"caption\":\"Pressenza\"},\"image\":{\"@id\":\"https:\/\/www.pressenza.com\/es\/#\/schema\/logo\/image\/\"},\"sameAs\":[\"https:\/\/www.facebook.com\/PressenzaItalia\",\"https:\/\/x.com\/PressenzaIPA\"]},{\"@type\":\"Person\",\"@id\":\"https:\/\/www.pressenza.com\/es\/#\/schema\/person\/010e5d02bcf40965427a1289a4cc8d75\",\"name\":\"Pressenza IPA\",\"description\":\"News from Pressenza IPA correspondents\",\"sameAs\":[\"https:\/\/www.facebook.com\/pressenza\",\"https:\/\/x.com\/PressenzaIPA\"],\"url\":\"https:\/\/www.pressenza.com\/es\/author\/pressenza-ipa\/\"}]}<\/script>\n<!-- \/ Yoast SEO plugin. -->","yoast_head_json":{"title":"En el D\u00eda Mundial de la Alimentaci\u00f3n","description":"Este viernes, 16 de octubre, se celebra el D\u00eda Mundial de la Alimentaci\u00f3n 2009 a propuesta de Naciones Unidas. Con el lema \u201cConseguir la seguridad alimentaria en \u00e9pocas de crisis\u201d, se busca llamar la atenci\u00f3n sobre el grave problema de la alimentaci\u00f3n mundial y su relaci\u00f3n con la fabricaci\u00f3n de biocombustibles y el cambio clim\u00e1tico.","robots":{"index":"index","follow":"follow","max-snippet":"max-snippet:-1","max-image-preview":"max-image-preview:large","max-video-preview":"max-video-preview:-1"},"canonical":"https:\/\/www.pressenza.com\/es\/2009\/10\/en-el-dia-mundial-de-la-alimentacion\/","og_locale":"es_ES","og_type":"article","og_title":"En el D\u00eda Mundial de la Alimentaci\u00f3n","og_description":"Este viernes, 16 de octubre, se celebra el D\u00eda Mundial de la Alimentaci\u00f3n 2009 a propuesta de Naciones Unidas. Con el lema \u201cConseguir la seguridad alimentaria en \u00e9pocas de crisis\u201d, se busca llamar la atenci\u00f3n sobre el grave problema de la alimentaci\u00f3n mundial y su relaci\u00f3n con la fabricaci\u00f3n de biocombustibles y el cambio clim\u00e1tico.","og_url":"https:\/\/www.pressenza.com\/es\/2009\/10\/en-el-dia-mundial-de-la-alimentacion\/","og_site_name":"Pressenza","article_publisher":"https:\/\/www.facebook.com\/PressenzaItalia","article_author":"https:\/\/www.facebook.com\/pressenza","article_published_time":"2009-10-16T00:00:00+00:00","article_modified_time":"2009-10-16T04:53:41+00:00","author":"Pressenza IPA","twitter_card":"summary_large_image","twitter_creator":"@PressenzaIPA","twitter_site":"@PressenzaIPA","twitter_misc":{"Escrito por":"Pressenza IPA","Tiempo de lectura":"2 minutos"},"schema":{"@context":"https:\/\/schema.org","@graph":[{"@type":"Article","@id":"https:\/\/www.pressenza.com\/es\/2009\/10\/en-el-dia-mundial-de-la-alimentacion\/#article","isPartOf":{"@id":"https:\/\/www.pressenza.com\/es\/2009\/10\/en-el-dia-mundial-de-la-alimentacion\/"},"author":{"name":"Pressenza IPA","@id":"https:\/\/www.pressenza.com\/es\/#\/schema\/person\/010e5d02bcf40965427a1289a4cc8d75"},"headline":"En el D\u00eda Mundial de la Alimentaci\u00f3n","datePublished":"2009-10-16T00:00:00+00:00","dateModified":"2009-10-16T04:53:41+00:00","mainEntityOfPage":{"@id":"https:\/\/www.pressenza.com\/es\/2009\/10\/en-el-dia-mundial-de-la-alimentacion\/"},"wordCount":442,"publisher":{"@id":"https:\/\/www.pressenza.com\/es\/#organization"},"articleSection":["Europa","Internacional","Pol\u00edtica"],"inLanguage":"es"},{"@type":"WebPage","@id":"https:\/\/www.pressenza.com\/es\/2009\/10\/en-el-dia-mundial-de-la-alimentacion\/","url":"https:\/\/www.pressenza.com\/es\/2009\/10\/en-el-dia-mundial-de-la-alimentacion\/","name":"En el D\u00eda Mundial de la Alimentaci\u00f3n","isPartOf":{"@id":"https:\/\/www.pressenza.com\/es\/#website"},"datePublished":"2009-10-16T00:00:00+00:00","dateModified":"2009-10-16T04:53:41+00:00","description":"Este viernes, 16 de octubre, se celebra el D\u00eda Mundial de la Alimentaci\u00f3n 2009 a propuesta de Naciones Unidas. Con el lema \u201cConseguir la seguridad alimentaria en \u00e9pocas de crisis\u201d, se busca llamar la atenci\u00f3n sobre el grave problema de la alimentaci\u00f3n mundial y su relaci\u00f3n con la fabricaci\u00f3n de biocombustibles y el cambio clim\u00e1tico.","breadcrumb":{"@id":"https:\/\/www.pressenza.com\/es\/2009\/10\/en-el-dia-mundial-de-la-alimentacion\/#breadcrumb"},"inLanguage":"es","potentialAction":[{"@type":"ReadAction","target":["https:\/\/www.pressenza.com\/es\/2009\/10\/en-el-dia-mundial-de-la-alimentacion\/"]}]},{"@type":"BreadcrumbList","@id":"https:\/\/www.pressenza.com\/es\/2009\/10\/en-el-dia-mundial-de-la-alimentacion\/#breadcrumb","itemListElement":[{"@type":"ListItem","position":1,"name":"Accueil","item":"https:\/\/www.pressenza.com\/es\/"},{"@type":"ListItem","position":2,"name":"En el D\u00eda Mundial de la Alimentaci\u00f3n"}]},{"@type":"WebSite","@id":"https:\/\/www.pressenza.com\/es\/#website","url":"https:\/\/www.pressenza.com\/es\/","name":"Pressenza","description":"International Press Agency","publisher":{"@id":"https:\/\/www.pressenza.com\/es\/#organization"},"potentialAction":[{"@type":"SearchAction","target":{"@type":"EntryPoint","urlTemplate":"https:\/\/www.pressenza.com\/es\/?s={search_term_string}"},"query-input":{"@type":"PropertyValueSpecification","valueRequired":true,"valueName":"search_term_string"}}],"inLanguage":"es"},{"@type":"Organization","@id":"https:\/\/www.pressenza.com\/es\/#organization","name":"Pressenza","url":"https:\/\/www.pressenza.com\/es\/","logo":{"@type":"ImageObject","inLanguage":"es","@id":"https:\/\/www.pressenza.com\/es\/#\/schema\/logo\/image\/","url":"https:\/\/www.pressenza.com\/wp-content\/uploads\/2022\/10\/pressenza_logo_200x200.jpg","contentUrl":"https:\/\/www.pressenza.com\/wp-content\/uploads\/2022\/10\/pressenza_logo_200x200.jpg","width":200,"height":200,"caption":"Pressenza"},"image":{"@id":"https:\/\/www.pressenza.com\/es\/#\/schema\/logo\/image\/"},"sameAs":["https:\/\/www.facebook.com\/PressenzaItalia","https:\/\/x.com\/PressenzaIPA"]},{"@type":"Person","@id":"https:\/\/www.pressenza.com\/es\/#\/schema\/person\/010e5d02bcf40965427a1289a4cc8d75","name":"Pressenza IPA","description":"News from Pressenza IPA correspondents","sameAs":["https:\/\/www.facebook.com\/pressenza","https:\/\/x.com\/PressenzaIPA"],"url":"https:\/\/www.pressenza.com\/es\/author\/pressenza-ipa\/"}]}},"place":"Madrid","original_article_url":"","_links":{"self":[{"href":"https:\/\/www.pressenza.com\/es\/wp-json\/wp\/v2\/posts\/1760","targetHints":{"allow":["GET"]}}],"collection":[{"href":"https:\/\/www.pressenza.com\/es\/wp-json\/wp\/v2\/posts"}],"about":[{"href":"https:\/\/www.pressenza.com\/es\/wp-json\/wp\/v2\/types\/post"}],"author":[{"embeddable":true,"href":"https:\/\/www.pressenza.com\/es\/wp-json\/wp\/v2\/users\/19"}],"replies":[{"embeddable":true,"href":"https:\/\/www.pressenza.com\/es\/wp-json\/wp\/v2\/comments?post=1760"}],"version-history":[{"count":0,"href":"https:\/\/www.pressenza.com\/es\/wp-json\/wp\/v2\/posts\/1760\/revisions"}],"wp:attachment":[{"href":"https:\/\/www.pressenza.com\/es\/wp-json\/wp\/v2\/media?parent=1760"}],"wp:term":[{"taxonomy":"category","embeddable":true,"href":"https:\/\/www.pressenza.com\/es\/wp-json\/wp\/v2\/categories?post=1760"},{"taxonomy":"post_tag","embeddable":true,"href":"https:\/\/www.pressenza.com\/es\/wp-json\/wp\/v2\/tags?post=1760"}],"curies":[{"name":"wp","href":"https:\/\/api.w.org\/{rel}","templated":true}]}}