{"id":1759423,"date":"2023-08-13T22:40:18","date_gmt":"2023-08-13T21:40:18","guid":{"rendered":"https:\/\/www.pressenza.com\/?p=1759423"},"modified":"2023-08-14T15:45:56","modified_gmt":"2023-08-14T14:45:56","slug":"desde-donde-una-mujer-define-su-proyecto-de-vida","status":"publish","type":"post","link":"https:\/\/www.pressenza.com\/es\/2023\/08\/desde-donde-una-mujer-define-su-proyecto-de-vida\/","title":{"rendered":"\u00bfDesde d\u00f3nde una mujer define su proyecto de vida?"},"content":{"rendered":"<p style=\"padding-left: 40px;\"><em>\u201cUno descubre que su destino mayor tiene que ver con el sentido de la vida, que es de unx hacia otrxs\u201d<br \/>\n<\/em><em>Silo<\/em><\/p>\n<p>El horizonte de la vida se modifica si existe un proyecto vital, un prop\u00f3sito profundo.<\/p>\n<p>\u00bfA qu\u00e9 me refiero con un proyecto vital o un prop\u00f3sito profundo? Un proyecto profundo se puede evidenciar en mujeres que desnaturalizaron sus acciones para convertirse, hoy, en transformadoras de historias de vida.<\/p>\n<p>Cualquier actividad no es un proyecto, este se encuentra en el transcurrir de los acontecimientos vitales.<\/p>\n<p>Cuando no tenemos un proyecto nos volvemos vulnerables y dependientes, entonces se producen situaciones en donde somos amenazadas, extorsionadas, manipuladas, o sentimos un profundo temor por lo que llegar\u00eda a pasarnos si no respondemos del modo que el mundo patriarcal pretende.<\/p>\n<p>El proyecto de vida es una implosi\u00f3n que nace desde lo m\u00e1s profundo del ser, algo que decid\u00eds hacer, independientemente de todo lo que haya alrededor. Este puede ser art\u00edstico, pol\u00edtico, social, religioso, espiritual y\/o cient\u00edfico, etc. No\u00a0tiene que estar relacionado con el \u00e9xito y\/o el dinero, no nos brinda beneficios materiales: no est\u00e1 dise\u00f1ado para eso.<\/p>\n<p>El sistema patriarcal le designa s\u00f3lo un proyecto de vida a las mujeres: ser esposa y madre, o como menciono en art\u00edculos anteriores, se nos convierte en \u201cpolirubros\u201d de tareas de servicios y cuidados. Por debajo y en lo oscuro, atendemos servicios sexuales. Si queremos cambiar el rumbo de la historia, somos bastardeadas por el sistema patriarcal y sus personajes principales: esposos, novios, padres, jefes, compa\u00f1eros, etc.<\/p>\n<p>\u00bfPodemos identificar los modelos patriarcales que configuran nuestras vidas cotidianas? <em>\u201cAprendemos desde ni\u00f1as que, para ser elegidas, amadas, conseguir trabajo y especialmente pareja, tenemos que ser otras, parecernos a ese modelo \u00fanico que se nos muestra una y otra vez al mismo tiempo que se nos invita a consumir toda clase de cosas para dejar de ser nosotras. Mientras nos insegurizan y nos siembran la verg\u00fcenza\u201d.<\/em>\u00b9 La expresi\u00f3n cotidiana de esta maquinaria invisible e hist\u00f3rica se evidencia en el d\u00eda a d\u00eda de las mujeres, se hace carne en las parejas que nos convencen para que realicemos proyectos que solo a ellos les interesan; en las cr\u00edticas a los proyectos de vida de mujeres cercanas; en las degradaciones a las amigas que eligen acompa\u00f1ar proyectos que no les son propios. etc.<\/p>\n<p>Por estas razones, adem\u00e1s de las degradaciones y cr\u00edticas que reciben sistem\u00e1ticamente, las mujeres no realizan sus proyectos de vida. Debido a los mecanismos de adaptaci\u00f3n por los que fuimos criadas y enmascaradas socialmente; nos adaptamos a las demandas del entorno: calladitas, prolijas y sin gritar. Somos funcionales, pero \u201cnormalizadas\u201d dentro de un sistema patriarcal.<\/p>\n<p><em>\u201cEso jam\u00e1s va a resultar, porque se has basado tu proyecto vital en el proyecto del otro, eso es cosificarse y cosificar al otro.\u201d<\/em>\u00b2<\/p>\n<p>En alg\u00fan momento de nuestras vidas, cansadas y hartas de este modelo, algo nos sucede y nos rebelamos contra todo. Desde lo m\u00e1s profundo de nuestro ser, se devela casi de forma m\u00e1gica, eso que siempre quisimos hacer. Puede surgir a ra\u00edz de una crisis personal, desde el reconocimiento de nuestros propios fracasos, reflexionando sobre los pendientes que \u201cla vida\u201d no nos dej\u00f3 realizar o simplemente, porque se nos dio la gana.<\/p>\n<p>\u00bfC\u00f3mo nos fracturamos internamente dejando que el modelo patriarcal dise\u00f1e nuestros proyectos de vida? \u00bfC\u00f3mo buscamos nuevos modelos? \u00bfD\u00f3nde est\u00e1 el foco desde donde puedo transformar mi vida?<\/p>\n<p>Cuando encontramos cu\u00e1l es nuestro proyecto, cambiamos nuestra vida por completo porque, tambi\u00e9n, este encuentro implica que lo podemos compartir con otros\/as, que nuestros pr\u00f3jimo\/as est\u00e1n involucrados\/as en esto. Generando una mirada introspectiva y reflexiva podemos reelaborar formas patriarcales que configuran nuestros v\u00ednculos en la vida cotidiana. Nuestro proyecto se convierte en colectivo, no es un acto individualista.<\/p>\n<p>Adem\u00e1s, los proyectos profundos no tienen edad, no se siente el avance del tiempo cronol\u00f3gico porque realizamos un dise\u00f1o, lo vamos desarrollando y lo compartimos en el mundo.<\/p>\n<p><em>Extasiada, como una tempestad que arrasa, desde una tenacidad cuasi subversiva, as\u00ed como un gui\u00f1o de la vida, casi de ficci\u00f3n, sales al mundo convencida que ya nada te detendr\u00e1.<\/em><\/p>\n<hr \/>\n<p><strong>Fuentes y referencias bibliogr\u00e1ficas<\/strong><\/p>\n<p>\u00b9 <a href=\"https:\/\/mujeresquenofuerontapa.com\/\" target=\"_blank\" rel=\"noopener\">https:\/\/mujeresquenofuerontapa.com\/<\/a>\u00a0 Proyecto artivista y feminista de transformaci\u00f3n social con objetivos de visibilizaci\u00f3n de la forma en la que la cultura masiva reproduce y construye estereotipos de g\u00e9nero y mandatos.<br \/>\n\u00b2 Silo, Obras Completas Vol. I y Vol. II. Publicado 1998 por Editorial Magenta.<\/p>\n","protected":false},"excerpt":{"rendered":"<p>\u201cUno descubre que su destino mayor tiene que ver con el sentido de la vida, que es de unx hacia otrxs\u201d Silo El horizonte de la vida se modifica si existe un proyecto vital, un prop\u00f3sito profundo. \u00bfA qu\u00e9 me&hellip;<\/p>\n","protected":false},"author":1782,"featured_media":1759424,"comment_status":"closed","ping_status":"closed","sticky":false,"template":"","format":"standard","meta":{"footnotes":""},"categories":[11389,54515,161,67],"tags":[44232,503,1025,16309,115283],"class_list":["post-1759423","post","type-post","status-publish","format-standard","has-post-thumbnail","hentry","category-contenido-original","category-genero-y-feminismos","category-opiniones","category-sudamerica","tag-feminismos","tag-genero","tag-mujeres","tag-patriarcado","tag-proyecto-vital"],"yoast_head":"<!-- This site is optimized with the Yoast SEO plugin v27.1.1 - https:\/\/yoast.com\/product\/yoast-seo-wordpress\/ -->\n<title>\u00bfDesde d\u00f3nde una mujer define su proyecto de vida?<\/title>\n<meta name=\"description\" content=\"\u201cUno descubre que su destino mayor tiene que ver con el sentido de la vida, que es de unx hacia otrxs\u201d Silo El horizonte de la vida se modifica si existe\" \/>\n<meta name=\"robots\" content=\"index, follow, max-snippet:-1, max-image-preview:large, max-video-preview:-1\" \/>\n<link rel=\"canonical\" href=\"https:\/\/www.pressenza.com\/es\/2023\/08\/desde-donde-una-mujer-define-su-proyecto-de-vida\/\" \/>\n<meta property=\"og:locale\" content=\"es_ES\" \/>\n<meta property=\"og:type\" content=\"article\" \/>\n<meta property=\"og:title\" content=\"\u00bfDesde d\u00f3nde una mujer define su proyecto de vida?\" \/>\n<meta property=\"og:description\" content=\"\u201cUno descubre que su destino mayor tiene que ver con el sentido de la vida, que es de unx hacia otrxs\u201d Silo El horizonte de la vida se modifica si existe\" \/>\n<meta property=\"og:url\" content=\"https:\/\/www.pressenza.com\/es\/2023\/08\/desde-donde-una-mujer-define-su-proyecto-de-vida\/\" \/>\n<meta property=\"og:site_name\" content=\"Pressenza\" \/>\n<meta property=\"article:publisher\" content=\"https:\/\/www.facebook.com\/PressenzaItalia\" \/>\n<meta property=\"article:published_time\" content=\"2023-08-13T21:40:18+00:00\" \/>\n<meta property=\"article:modified_time\" content=\"2023-08-14T14:45:56+00:00\" \/>\n<meta property=\"og:image\" content=\"https:\/\/www.pressenza.com\/wp-content\/uploads\/2023\/08\/spiral-Kellepics-Pixabay.jpg\" \/>\n\t<meta property=\"og:image:width\" content=\"1024\" \/>\n\t<meta property=\"og:image:height\" content=\"472\" \/>\n\t<meta property=\"og:image:type\" content=\"image\/jpeg\" \/>\n<meta name=\"author\" content=\"Esther Amelia Delvenne\" \/>\n<meta name=\"twitter:card\" content=\"summary_large_image\" \/>\n<meta name=\"twitter:creator\" content=\"@PressenzaIPA\" \/>\n<meta name=\"twitter:site\" content=\"@PressenzaIPA\" \/>\n<meta name=\"twitter:label1\" content=\"Escrito por\" \/>\n\t<meta name=\"twitter:data1\" content=\"Esther Amelia Delvenne\" \/>\n\t<meta name=\"twitter:label2\" content=\"Tiempo de lectura\" \/>\n\t<meta name=\"twitter:data2\" content=\"4 minutos\" \/>\n<script type=\"application\/ld+json\" class=\"yoast-schema-graph\">{\"@context\":\"https:\/\/schema.org\",\"@graph\":[{\"@type\":\"Article\",\"@id\":\"https:\/\/www.pressenza.com\/es\/2023\/08\/desde-donde-una-mujer-define-su-proyecto-de-vida\/#article\",\"isPartOf\":{\"@id\":\"https:\/\/www.pressenza.com\/es\/2023\/08\/desde-donde-una-mujer-define-su-proyecto-de-vida\/\"},\"author\":{\"name\":\"Esther Amelia Delvenne\",\"@id\":\"https:\/\/www.pressenza.com\/es\/#\/schema\/person\/9a744165a2bd1a5de9b92bf6e15e9482\"},\"headline\":\"\u00bfDesde d\u00f3nde una mujer define su proyecto de vida?\",\"datePublished\":\"2023-08-13T21:40:18+00:00\",\"dateModified\":\"2023-08-14T14:45:56+00:00\",\"mainEntityOfPage\":{\"@id\":\"https:\/\/www.pressenza.com\/es\/2023\/08\/desde-donde-una-mujer-define-su-proyecto-de-vida\/\"},\"wordCount\":788,\"publisher\":{\"@id\":\"https:\/\/www.pressenza.com\/es\/#organization\"},\"image\":{\"@id\":\"https:\/\/www.pressenza.com\/es\/2023\/08\/desde-donde-una-mujer-define-su-proyecto-de-vida\/#primaryimage\"},\"thumbnailUrl\":\"https:\/\/www.pressenza.com\/wp-content\/uploads\/2023\/08\/spiral-Kellepics-Pixabay.jpg\",\"keywords\":[\"feminismos\",\"G\u00e9nero\",\"Mujeres\",\"patriarcado\",\"proyecto vital\"],\"articleSection\":[\"Contenido Original\",\"G\u00e9nero y Feminismos\",\"Opiniones\",\"Sudam\u00e9rica\"],\"inLanguage\":\"es\"},{\"@type\":\"WebPage\",\"@id\":\"https:\/\/www.pressenza.com\/es\/2023\/08\/desde-donde-una-mujer-define-su-proyecto-de-vida\/\",\"url\":\"https:\/\/www.pressenza.com\/es\/2023\/08\/desde-donde-una-mujer-define-su-proyecto-de-vida\/\",\"name\":\"\u00bfDesde d\u00f3nde una mujer define su proyecto de vida?\",\"isPartOf\":{\"@id\":\"https:\/\/www.pressenza.com\/es\/#website\"},\"primaryImageOfPage\":{\"@id\":\"https:\/\/www.pressenza.com\/es\/2023\/08\/desde-donde-una-mujer-define-su-proyecto-de-vida\/#primaryimage\"},\"image\":{\"@id\":\"https:\/\/www.pressenza.com\/es\/2023\/08\/desde-donde-una-mujer-define-su-proyecto-de-vida\/#primaryimage\"},\"thumbnailUrl\":\"https:\/\/www.pressenza.com\/wp-content\/uploads\/2023\/08\/spiral-Kellepics-Pixabay.jpg\",\"datePublished\":\"2023-08-13T21:40:18+00:00\",\"dateModified\":\"2023-08-14T14:45:56+00:00\",\"description\":\"\u201cUno descubre que su destino mayor tiene que ver con el sentido de la vida, que es de unx hacia otrxs\u201d Silo El horizonte de la vida se modifica si existe\",\"breadcrumb\":{\"@id\":\"https:\/\/www.pressenza.com\/es\/2023\/08\/desde-donde-una-mujer-define-su-proyecto-de-vida\/#breadcrumb\"},\"inLanguage\":\"es\",\"potentialAction\":[{\"@type\":\"ReadAction\",\"target\":[\"https:\/\/www.pressenza.com\/es\/2023\/08\/desde-donde-una-mujer-define-su-proyecto-de-vida\/\"]}]},{\"@type\":\"ImageObject\",\"inLanguage\":\"es\",\"@id\":\"https:\/\/www.pressenza.com\/es\/2023\/08\/desde-donde-una-mujer-define-su-proyecto-de-vida\/#primaryimage\",\"url\":\"https:\/\/www.pressenza.com\/wp-content\/uploads\/2023\/08\/spiral-Kellepics-Pixabay.jpg\",\"contentUrl\":\"https:\/\/www.pressenza.com\/wp-content\/uploads\/2023\/08\/spiral-Kellepics-Pixabay.jpg\",\"width\":1024,\"height\":472},{\"@type\":\"BreadcrumbList\",\"@id\":\"https:\/\/www.pressenza.com\/es\/2023\/08\/desde-donde-una-mujer-define-su-proyecto-de-vida\/#breadcrumb\",\"itemListElement\":[{\"@type\":\"ListItem\",\"position\":1,\"name\":\"Accueil\",\"item\":\"https:\/\/www.pressenza.com\/es\/\"},{\"@type\":\"ListItem\",\"position\":2,\"name\":\"\u00bfDesde d\u00f3nde una mujer define su proyecto de vida?\"}]},{\"@type\":\"WebSite\",\"@id\":\"https:\/\/www.pressenza.com\/es\/#website\",\"url\":\"https:\/\/www.pressenza.com\/es\/\",\"name\":\"Pressenza\",\"description\":\"International Press Agency\",\"publisher\":{\"@id\":\"https:\/\/www.pressenza.com\/es\/#organization\"},\"potentialAction\":[{\"@type\":\"SearchAction\",\"target\":{\"@type\":\"EntryPoint\",\"urlTemplate\":\"https:\/\/www.pressenza.com\/es\/?s={search_term_string}\"},\"query-input\":{\"@type\":\"PropertyValueSpecification\",\"valueRequired\":true,\"valueName\":\"search_term_string\"}}],\"inLanguage\":\"es\"},{\"@type\":\"Organization\",\"@id\":\"https:\/\/www.pressenza.com\/es\/#organization\",\"name\":\"Pressenza\",\"url\":\"https:\/\/www.pressenza.com\/es\/\",\"logo\":{\"@type\":\"ImageObject\",\"inLanguage\":\"es\",\"@id\":\"https:\/\/www.pressenza.com\/es\/#\/schema\/logo\/image\/\",\"url\":\"https:\/\/www.pressenza.com\/wp-content\/uploads\/2022\/10\/pressenza_logo_200x200.jpg\",\"contentUrl\":\"https:\/\/www.pressenza.com\/wp-content\/uploads\/2022\/10\/pressenza_logo_200x200.jpg\",\"width\":200,\"height\":200,\"caption\":\"Pressenza\"},\"image\":{\"@id\":\"https:\/\/www.pressenza.com\/es\/#\/schema\/logo\/image\/\"},\"sameAs\":[\"https:\/\/www.facebook.com\/PressenzaItalia\",\"https:\/\/x.com\/PressenzaIPA\"]},{\"@type\":\"Person\",\"@id\":\"https:\/\/www.pressenza.com\/es\/#\/schema\/person\/9a744165a2bd1a5de9b92bf6e15e9482\",\"name\":\"Esther Amelia Delvenne\",\"description\":\"Participante del Movimiento Siloista desde 1973, militante en varios pa\u00edses de Latinoam\u00e9rica. Dedicada a investigar y trabajar por el tema de la Mujer. Particip\u00f3 en varios Congresos internacionales, regionales y de Argentina como Miembro del Movimiento Humanista. Naci\u00f3 en 1953), vive en Argentina. estherdelvenne@gmail.com https:\/\/estherdelvenne.blogspot.com\/\",\"url\":\"https:\/\/www.pressenza.com\/es\/author\/esther-delvenne\/\"}]}<\/script>\n<!-- \/ Yoast SEO plugin. -->","yoast_head_json":{"title":"\u00bfDesde d\u00f3nde una mujer define su proyecto de vida?","description":"\u201cUno descubre que su destino mayor tiene que ver con el sentido de la vida, que es de unx hacia otrxs\u201d Silo El horizonte de la vida se modifica si existe","robots":{"index":"index","follow":"follow","max-snippet":"max-snippet:-1","max-image-preview":"max-image-preview:large","max-video-preview":"max-video-preview:-1"},"canonical":"https:\/\/www.pressenza.com\/es\/2023\/08\/desde-donde-una-mujer-define-su-proyecto-de-vida\/","og_locale":"es_ES","og_type":"article","og_title":"\u00bfDesde d\u00f3nde una mujer define su proyecto de vida?","og_description":"\u201cUno descubre que su destino mayor tiene que ver con el sentido de la vida, que es de unx hacia otrxs\u201d Silo El horizonte de la vida se modifica si existe","og_url":"https:\/\/www.pressenza.com\/es\/2023\/08\/desde-donde-una-mujer-define-su-proyecto-de-vida\/","og_site_name":"Pressenza","article_publisher":"https:\/\/www.facebook.com\/PressenzaItalia","article_published_time":"2023-08-13T21:40:18+00:00","article_modified_time":"2023-08-14T14:45:56+00:00","og_image":[{"width":1024,"height":472,"url":"https:\/\/www.pressenza.com\/wp-content\/uploads\/2023\/08\/spiral-Kellepics-Pixabay.jpg","type":"image\/jpeg"}],"author":"Esther Amelia Delvenne","twitter_card":"summary_large_image","twitter_creator":"@PressenzaIPA","twitter_site":"@PressenzaIPA","twitter_misc":{"Escrito por":"Esther Amelia Delvenne","Tiempo de lectura":"4 minutos"},"schema":{"@context":"https:\/\/schema.org","@graph":[{"@type":"Article","@id":"https:\/\/www.pressenza.com\/es\/2023\/08\/desde-donde-una-mujer-define-su-proyecto-de-vida\/#article","isPartOf":{"@id":"https:\/\/www.pressenza.com\/es\/2023\/08\/desde-donde-una-mujer-define-su-proyecto-de-vida\/"},"author":{"name":"Esther Amelia Delvenne","@id":"https:\/\/www.pressenza.com\/es\/#\/schema\/person\/9a744165a2bd1a5de9b92bf6e15e9482"},"headline":"\u00bfDesde d\u00f3nde una mujer define su proyecto de vida?","datePublished":"2023-08-13T21:40:18+00:00","dateModified":"2023-08-14T14:45:56+00:00","mainEntityOfPage":{"@id":"https:\/\/www.pressenza.com\/es\/2023\/08\/desde-donde-una-mujer-define-su-proyecto-de-vida\/"},"wordCount":788,"publisher":{"@id":"https:\/\/www.pressenza.com\/es\/#organization"},"image":{"@id":"https:\/\/www.pressenza.com\/es\/2023\/08\/desde-donde-una-mujer-define-su-proyecto-de-vida\/#primaryimage"},"thumbnailUrl":"https:\/\/www.pressenza.com\/wp-content\/uploads\/2023\/08\/spiral-Kellepics-Pixabay.jpg","keywords":["feminismos","G\u00e9nero","Mujeres","patriarcado","proyecto vital"],"articleSection":["Contenido Original","G\u00e9nero y Feminismos","Opiniones","Sudam\u00e9rica"],"inLanguage":"es"},{"@type":"WebPage","@id":"https:\/\/www.pressenza.com\/es\/2023\/08\/desde-donde-una-mujer-define-su-proyecto-de-vida\/","url":"https:\/\/www.pressenza.com\/es\/2023\/08\/desde-donde-una-mujer-define-su-proyecto-de-vida\/","name":"\u00bfDesde d\u00f3nde una mujer define su proyecto de vida?","isPartOf":{"@id":"https:\/\/www.pressenza.com\/es\/#website"},"primaryImageOfPage":{"@id":"https:\/\/www.pressenza.com\/es\/2023\/08\/desde-donde-una-mujer-define-su-proyecto-de-vida\/#primaryimage"},"image":{"@id":"https:\/\/www.pressenza.com\/es\/2023\/08\/desde-donde-una-mujer-define-su-proyecto-de-vida\/#primaryimage"},"thumbnailUrl":"https:\/\/www.pressenza.com\/wp-content\/uploads\/2023\/08\/spiral-Kellepics-Pixabay.jpg","datePublished":"2023-08-13T21:40:18+00:00","dateModified":"2023-08-14T14:45:56+00:00","description":"\u201cUno descubre que su destino mayor tiene que ver con el sentido de la vida, que es de unx hacia otrxs\u201d Silo El horizonte de la vida se modifica si existe","breadcrumb":{"@id":"https:\/\/www.pressenza.com\/es\/2023\/08\/desde-donde-una-mujer-define-su-proyecto-de-vida\/#breadcrumb"},"inLanguage":"es","potentialAction":[{"@type":"ReadAction","target":["https:\/\/www.pressenza.com\/es\/2023\/08\/desde-donde-una-mujer-define-su-proyecto-de-vida\/"]}]},{"@type":"ImageObject","inLanguage":"es","@id":"https:\/\/www.pressenza.com\/es\/2023\/08\/desde-donde-una-mujer-define-su-proyecto-de-vida\/#primaryimage","url":"https:\/\/www.pressenza.com\/wp-content\/uploads\/2023\/08\/spiral-Kellepics-Pixabay.jpg","contentUrl":"https:\/\/www.pressenza.com\/wp-content\/uploads\/2023\/08\/spiral-Kellepics-Pixabay.jpg","width":1024,"height":472},{"@type":"BreadcrumbList","@id":"https:\/\/www.pressenza.com\/es\/2023\/08\/desde-donde-una-mujer-define-su-proyecto-de-vida\/#breadcrumb","itemListElement":[{"@type":"ListItem","position":1,"name":"Accueil","item":"https:\/\/www.pressenza.com\/es\/"},{"@type":"ListItem","position":2,"name":"\u00bfDesde d\u00f3nde una mujer define su proyecto de vida?"}]},{"@type":"WebSite","@id":"https:\/\/www.pressenza.com\/es\/#website","url":"https:\/\/www.pressenza.com\/es\/","name":"Pressenza","description":"International Press Agency","publisher":{"@id":"https:\/\/www.pressenza.com\/es\/#organization"},"potentialAction":[{"@type":"SearchAction","target":{"@type":"EntryPoint","urlTemplate":"https:\/\/www.pressenza.com\/es\/?s={search_term_string}"},"query-input":{"@type":"PropertyValueSpecification","valueRequired":true,"valueName":"search_term_string"}}],"inLanguage":"es"},{"@type":"Organization","@id":"https:\/\/www.pressenza.com\/es\/#organization","name":"Pressenza","url":"https:\/\/www.pressenza.com\/es\/","logo":{"@type":"ImageObject","inLanguage":"es","@id":"https:\/\/www.pressenza.com\/es\/#\/schema\/logo\/image\/","url":"https:\/\/www.pressenza.com\/wp-content\/uploads\/2022\/10\/pressenza_logo_200x200.jpg","contentUrl":"https:\/\/www.pressenza.com\/wp-content\/uploads\/2022\/10\/pressenza_logo_200x200.jpg","width":200,"height":200,"caption":"Pressenza"},"image":{"@id":"https:\/\/www.pressenza.com\/es\/#\/schema\/logo\/image\/"},"sameAs":["https:\/\/www.facebook.com\/PressenzaItalia","https:\/\/x.com\/PressenzaIPA"]},{"@type":"Person","@id":"https:\/\/www.pressenza.com\/es\/#\/schema\/person\/9a744165a2bd1a5de9b92bf6e15e9482","name":"Esther Amelia Delvenne","description":"Participante del Movimiento Siloista desde 1973, militante en varios pa\u00edses de Latinoam\u00e9rica. Dedicada a investigar y trabajar por el tema de la Mujer. Particip\u00f3 en varios Congresos internacionales, regionales y de Argentina como Miembro del Movimiento Humanista. Naci\u00f3 en 1953), vive en Argentina. estherdelvenne@gmail.com https:\/\/estherdelvenne.blogspot.com\/","url":"https:\/\/www.pressenza.com\/es\/author\/esther-delvenne\/"}]}},"place":"Ciudad de Buenos Aires, Argentina","original_article_url":"","_links":{"self":[{"href":"https:\/\/www.pressenza.com\/es\/wp-json\/wp\/v2\/posts\/1759423","targetHints":{"allow":["GET"]}}],"collection":[{"href":"https:\/\/www.pressenza.com\/es\/wp-json\/wp\/v2\/posts"}],"about":[{"href":"https:\/\/www.pressenza.com\/es\/wp-json\/wp\/v2\/types\/post"}],"author":[{"embeddable":true,"href":"https:\/\/www.pressenza.com\/es\/wp-json\/wp\/v2\/users\/1782"}],"replies":[{"embeddable":true,"href":"https:\/\/www.pressenza.com\/es\/wp-json\/wp\/v2\/comments?post=1759423"}],"version-history":[{"count":0,"href":"https:\/\/www.pressenza.com\/es\/wp-json\/wp\/v2\/posts\/1759423\/revisions"}],"wp:featuredmedia":[{"embeddable":true,"href":"https:\/\/www.pressenza.com\/es\/wp-json\/wp\/v2\/media\/1759424"}],"wp:attachment":[{"href":"https:\/\/www.pressenza.com\/es\/wp-json\/wp\/v2\/media?parent=1759423"}],"wp:term":[{"taxonomy":"category","embeddable":true,"href":"https:\/\/www.pressenza.com\/es\/wp-json\/wp\/v2\/categories?post=1759423"},{"taxonomy":"post_tag","embeddable":true,"href":"https:\/\/www.pressenza.com\/es\/wp-json\/wp\/v2\/tags?post=1759423"}],"curies":[{"name":"wp","href":"https:\/\/api.w.org\/{rel}","templated":true}]}}