{"id":1757035,"date":"2023-08-12T03:38:31","date_gmt":"2023-08-12T02:38:31","guid":{"rendered":"https:\/\/www.pressenza.com\/?p=1757035"},"modified":"2023-08-12T03:38:31","modified_gmt":"2023-08-12T02:38:31","slug":"continentes-y-contenidos-10-08-23-golpe-de-estado-en-niger-y-actualidad-colombiana","status":"publish","type":"post","link":"https:\/\/www.pressenza.com\/es\/2023\/08\/continentes-y-contenidos-10-08-23-golpe-de-estado-en-niger-y-actualidad-colombiana\/","title":{"rendered":"Continentes y Contenidos 10\/08\/23 Golpe de estado en N\u00edger y actualidad colombiana"},"content":{"rendered":"<p>Volvemos a conversar con Alejandro Mantilla sobre el primer a\u00f1o de gobierno de Gustavo Petro en Colombia.<\/p>\n<p>Tambi\u00e9n hablamos con Douna Tongrongou sobre el golpe de estado en N\u00edger desde una mirada africana.<\/p>\n<!--[if lt IE 9]><script>document.createElement('audio');<\/script><![endif]-->\n<audio class=\"wp-audio-shortcode\" id=\"audio-1757035-1\" preload=\"none\" style=\"width: 100%;\" controls=\"controls\"><source type=\"audio\/mpeg\" src=\"https:\/\/www.ivoox.com\/continentes-contenidos-10-08-23-golpe-estado-en_md_114082249_wp_1.mp3?_=1\" \/><a href=\"https:\/\/www.ivoox.com\/continentes-contenidos-10-08-23-golpe-estado-en_md_114082249_wp_1.mp3\">https:\/\/www.ivoox.com\/continentes-contenidos-10-08-23-golpe-estado-en_md_114082249_wp_1.mp3<\/a><\/audio>\n<p><a title=\"Continentes y Contenidos 10\/08\/23 Golpe de estado en N\u00edger y actualidad colombiana\" href=\"https:\/\/go.ivoox.com\/rf\/114082249\">Ir a descargar<\/a><\/p>\n","protected":false},"excerpt":{"rendered":"<p>Volvemos a conversar con Alejandro Mantilla sobre el primer a\u00f1o de gobierno de Gustavo Petro en Colombia. Tambi\u00e9n hablamos con Douna Tongrongou sobre el golpe de estado en N\u00edger desde una mirada africana. Ir a descargar<\/p>\n","protected":false},"author":87,"featured_media":1757038,"comment_status":"closed","ping_status":"closed","sticky":false,"template":"","format":"standard","meta":{"footnotes":""},"categories":[76,11389,75,39,74,22754],"tags":[30,9049,30213,1557,77171,15450,84519,40752,54738],"class_list":["post-1757035","post","type-post","status-publish","format-standard","has-post-thumbnail","hentry","category-relaciones-exteriores","category-contenido-original","category-cultura-es","category-internacional","category-politica-es","category-radio-es","tag-colombia","tag-continentes-y-contenidos","tag-corape","tag-golpe-de-estado-es","tag-gustavo-petro-es","tag-niger-es","tag-panafricanismo","tag-pressenza-internacional","tag-radio-es"],"yoast_head":"<!-- This site is optimized with the Yoast SEO plugin v27.1.1 - https:\/\/yoast.com\/product\/yoast-seo-wordpress\/ -->\n<title>Continentes y Contenidos 10\/08\/23 Golpe de estado en N\u00edger y actualidad colombiana<\/title>\n<meta name=\"description\" content=\"Volvemos a conversar con Alejandro Mantilla sobre el primer a\u00f1o de gobierno de Gustavo Petro en Colombia. Tambi\u00e9n hablamos con Douna Tongrongou sobre el\" \/>\n<meta name=\"robots\" content=\"index, follow, max-snippet:-1, max-image-preview:large, max-video-preview:-1\" \/>\n<link rel=\"canonical\" href=\"https:\/\/www.pressenza.com\/es\/2023\/08\/continentes-y-contenidos-10-08-23-golpe-de-estado-en-niger-y-actualidad-colombiana\/\" \/>\n<meta property=\"og:locale\" content=\"es_ES\" \/>\n<meta property=\"og:type\" content=\"article\" \/>\n<meta property=\"og:title\" content=\"Continentes y Contenidos 10\/08\/23 Golpe de estado en N\u00edger y actualidad colombiana\" \/>\n<meta property=\"og:description\" content=\"Volvemos a conversar con Alejandro Mantilla sobre el primer a\u00f1o de gobierno de Gustavo Petro en Colombia. Tambi\u00e9n hablamos con Douna Tongrongou sobre el\" \/>\n<meta property=\"og:url\" content=\"https:\/\/www.pressenza.com\/es\/2023\/08\/continentes-y-contenidos-10-08-23-golpe-de-estado-en-niger-y-actualidad-colombiana\/\" \/>\n<meta property=\"og:site_name\" content=\"Pressenza\" \/>\n<meta property=\"article:publisher\" content=\"https:\/\/www.facebook.com\/PressenzaItalia\" \/>\n<meta property=\"article:published_time\" content=\"2023-08-12T02:38:31+00:00\" \/>\n<meta property=\"og:image\" content=\"https:\/\/www.pressenza.com\/wp-content\/uploads\/2023\/08\/Programas-CyC2022-15.jpg\" \/>\n\t<meta property=\"og:image:width\" content=\"1920\" \/>\n\t<meta property=\"og:image:height\" content=\"1536\" \/>\n\t<meta property=\"og:image:type\" content=\"image\/jpeg\" \/>\n<meta name=\"author\" content=\"Redacci\u00f3n Argentina\" \/>\n<meta name=\"twitter:card\" content=\"summary_large_image\" \/>\n<meta name=\"twitter:creator\" content=\"@pressenza\" \/>\n<meta name=\"twitter:site\" content=\"@PressenzaIPA\" \/>\n<meta name=\"twitter:label1\" content=\"Escrito por\" \/>\n\t<meta name=\"twitter:data1\" content=\"Redacci\u00f3n Argentina\" \/>\n\t<meta name=\"twitter:label2\" content=\"Tiempo de lectura\" \/>\n\t<meta name=\"twitter:data2\" content=\"1 minuto\" \/>\n<script type=\"application\/ld+json\" class=\"yoast-schema-graph\">{\"@context\":\"https:\/\/schema.org\",\"@graph\":[{\"@type\":\"Article\",\"@id\":\"https:\/\/www.pressenza.com\/es\/2023\/08\/continentes-y-contenidos-10-08-23-golpe-de-estado-en-niger-y-actualidad-colombiana\/#article\",\"isPartOf\":{\"@id\":\"https:\/\/www.pressenza.com\/es\/2023\/08\/continentes-y-contenidos-10-08-23-golpe-de-estado-en-niger-y-actualidad-colombiana\/\"},\"author\":{\"name\":\"Redacci\u00f3n Argentina\",\"@id\":\"https:\/\/www.pressenza.com\/es\/#\/schema\/person\/0dda7d1b68267ad95b1e1d83abc98c89\"},\"headline\":\"Continentes y Contenidos 10\/08\/23 Golpe de estado en N\u00edger y actualidad colombiana\",\"datePublished\":\"2023-08-12T02:38:31+00:00\",\"mainEntityOfPage\":{\"@id\":\"https:\/\/www.pressenza.com\/es\/2023\/08\/continentes-y-contenidos-10-08-23-golpe-de-estado-en-niger-y-actualidad-colombiana\/\"},\"wordCount\":64,\"publisher\":{\"@id\":\"https:\/\/www.pressenza.com\/es\/#organization\"},\"image\":{\"@id\":\"https:\/\/www.pressenza.com\/es\/2023\/08\/continentes-y-contenidos-10-08-23-golpe-de-estado-en-niger-y-actualidad-colombiana\/#primaryimage\"},\"thumbnailUrl\":\"https:\/\/www.pressenza.com\/wp-content\/uploads\/2023\/08\/Programas-CyC2022-15.jpg\",\"keywords\":[\"Colombia\",\"Continentes y Contenidos\",\"Corape\",\"golpe de estado\",\"Gustavo Petro\",\"Niger\",\"panafricanismo\",\"Pressenza Internacional\",\"radio\"],\"articleSection\":[\"Asuntos internacionales\",\"Contenido Original\",\"Cultura y Medios\",\"Internacional\",\"Pol\u00edtica\",\"Radio\"],\"inLanguage\":\"es\"},{\"@type\":\"WebPage\",\"@id\":\"https:\/\/www.pressenza.com\/es\/2023\/08\/continentes-y-contenidos-10-08-23-golpe-de-estado-en-niger-y-actualidad-colombiana\/\",\"url\":\"https:\/\/www.pressenza.com\/es\/2023\/08\/continentes-y-contenidos-10-08-23-golpe-de-estado-en-niger-y-actualidad-colombiana\/\",\"name\":\"Continentes y Contenidos 10\/08\/23 Golpe de estado en N\u00edger y actualidad colombiana\",\"isPartOf\":{\"@id\":\"https:\/\/www.pressenza.com\/es\/#website\"},\"primaryImageOfPage\":{\"@id\":\"https:\/\/www.pressenza.com\/es\/2023\/08\/continentes-y-contenidos-10-08-23-golpe-de-estado-en-niger-y-actualidad-colombiana\/#primaryimage\"},\"image\":{\"@id\":\"https:\/\/www.pressenza.com\/es\/2023\/08\/continentes-y-contenidos-10-08-23-golpe-de-estado-en-niger-y-actualidad-colombiana\/#primaryimage\"},\"thumbnailUrl\":\"https:\/\/www.pressenza.com\/wp-content\/uploads\/2023\/08\/Programas-CyC2022-15.jpg\",\"datePublished\":\"2023-08-12T02:38:31+00:00\",\"description\":\"Volvemos a conversar con Alejandro Mantilla sobre el primer a\u00f1o de gobierno de Gustavo Petro en Colombia. Tambi\u00e9n hablamos con Douna Tongrongou sobre el\",\"breadcrumb\":{\"@id\":\"https:\/\/www.pressenza.com\/es\/2023\/08\/continentes-y-contenidos-10-08-23-golpe-de-estado-en-niger-y-actualidad-colombiana\/#breadcrumb\"},\"inLanguage\":\"es\",\"potentialAction\":[{\"@type\":\"ReadAction\",\"target\":[\"https:\/\/www.pressenza.com\/es\/2023\/08\/continentes-y-contenidos-10-08-23-golpe-de-estado-en-niger-y-actualidad-colombiana\/\"]}]},{\"@type\":\"ImageObject\",\"inLanguage\":\"es\",\"@id\":\"https:\/\/www.pressenza.com\/es\/2023\/08\/continentes-y-contenidos-10-08-23-golpe-de-estado-en-niger-y-actualidad-colombiana\/#primaryimage\",\"url\":\"https:\/\/www.pressenza.com\/wp-content\/uploads\/2023\/08\/Programas-CyC2022-15.jpg\",\"contentUrl\":\"https:\/\/www.pressenza.com\/wp-content\/uploads\/2023\/08\/Programas-CyC2022-15.jpg\",\"width\":1920,\"height\":1536},{\"@type\":\"BreadcrumbList\",\"@id\":\"https:\/\/www.pressenza.com\/es\/2023\/08\/continentes-y-contenidos-10-08-23-golpe-de-estado-en-niger-y-actualidad-colombiana\/#breadcrumb\",\"itemListElement\":[{\"@type\":\"ListItem\",\"position\":1,\"name\":\"Accueil\",\"item\":\"https:\/\/www.pressenza.com\/es\/\"},{\"@type\":\"ListItem\",\"position\":2,\"name\":\"Continentes y Contenidos 10\/08\/23 Golpe de estado en N\u00edger y actualidad colombiana\"}]},{\"@type\":\"WebSite\",\"@id\":\"https:\/\/www.pressenza.com\/es\/#website\",\"url\":\"https:\/\/www.pressenza.com\/es\/\",\"name\":\"Pressenza\",\"description\":\"International Press Agency\",\"publisher\":{\"@id\":\"https:\/\/www.pressenza.com\/es\/#organization\"},\"potentialAction\":[{\"@type\":\"SearchAction\",\"target\":{\"@type\":\"EntryPoint\",\"urlTemplate\":\"https:\/\/www.pressenza.com\/es\/?s={search_term_string}\"},\"query-input\":{\"@type\":\"PropertyValueSpecification\",\"valueRequired\":true,\"valueName\":\"search_term_string\"}}],\"inLanguage\":\"es\"},{\"@type\":\"Organization\",\"@id\":\"https:\/\/www.pressenza.com\/es\/#organization\",\"name\":\"Pressenza\",\"url\":\"https:\/\/www.pressenza.com\/es\/\",\"logo\":{\"@type\":\"ImageObject\",\"inLanguage\":\"es\",\"@id\":\"https:\/\/www.pressenza.com\/es\/#\/schema\/logo\/image\/\",\"url\":\"https:\/\/www.pressenza.com\/wp-content\/uploads\/2022\/10\/pressenza_logo_200x200.jpg\",\"contentUrl\":\"https:\/\/www.pressenza.com\/wp-content\/uploads\/2022\/10\/pressenza_logo_200x200.jpg\",\"width\":200,\"height\":200,\"caption\":\"Pressenza\"},\"image\":{\"@id\":\"https:\/\/www.pressenza.com\/es\/#\/schema\/logo\/image\/\"},\"sameAs\":[\"https:\/\/www.facebook.com\/PressenzaItalia\",\"https:\/\/x.com\/PressenzaIPA\"]},{\"@type\":\"Person\",\"@id\":\"https:\/\/www.pressenza.com\/es\/#\/schema\/person\/0dda7d1b68267ad95b1e1d83abc98c89\",\"name\":\"Redacci\u00f3n Argentina\",\"description\":\"News from the Pressenza Bureau in Argentina.\",\"sameAs\":[\"https:\/\/x.com\/pressenza\"],\"url\":\"https:\/\/www.pressenza.com\/es\/author\/redaccion-argentina\/\"}]}<\/script>\n<!-- \/ Yoast SEO plugin. -->","yoast_head_json":{"title":"Continentes y Contenidos 10\/08\/23 Golpe de estado en N\u00edger y actualidad colombiana","description":"Volvemos a conversar con Alejandro Mantilla sobre el primer a\u00f1o de gobierno de Gustavo Petro en Colombia. Tambi\u00e9n hablamos con Douna Tongrongou sobre el","robots":{"index":"index","follow":"follow","max-snippet":"max-snippet:-1","max-image-preview":"max-image-preview:large","max-video-preview":"max-video-preview:-1"},"canonical":"https:\/\/www.pressenza.com\/es\/2023\/08\/continentes-y-contenidos-10-08-23-golpe-de-estado-en-niger-y-actualidad-colombiana\/","og_locale":"es_ES","og_type":"article","og_title":"Continentes y Contenidos 10\/08\/23 Golpe de estado en N\u00edger y actualidad colombiana","og_description":"Volvemos a conversar con Alejandro Mantilla sobre el primer a\u00f1o de gobierno de Gustavo Petro en Colombia. Tambi\u00e9n hablamos con Douna Tongrongou sobre el","og_url":"https:\/\/www.pressenza.com\/es\/2023\/08\/continentes-y-contenidos-10-08-23-golpe-de-estado-en-niger-y-actualidad-colombiana\/","og_site_name":"Pressenza","article_publisher":"https:\/\/www.facebook.com\/PressenzaItalia","article_published_time":"2023-08-12T02:38:31+00:00","og_image":[{"width":1920,"height":1536,"url":"https:\/\/www.pressenza.com\/wp-content\/uploads\/2023\/08\/Programas-CyC2022-15.jpg","type":"image\/jpeg"}],"author":"Redacci\u00f3n Argentina","twitter_card":"summary_large_image","twitter_creator":"@pressenza","twitter_site":"@PressenzaIPA","twitter_misc":{"Escrito por":"Redacci\u00f3n Argentina","Tiempo de lectura":"1 minuto"},"schema":{"@context":"https:\/\/schema.org","@graph":[{"@type":"Article","@id":"https:\/\/www.pressenza.com\/es\/2023\/08\/continentes-y-contenidos-10-08-23-golpe-de-estado-en-niger-y-actualidad-colombiana\/#article","isPartOf":{"@id":"https:\/\/www.pressenza.com\/es\/2023\/08\/continentes-y-contenidos-10-08-23-golpe-de-estado-en-niger-y-actualidad-colombiana\/"},"author":{"name":"Redacci\u00f3n Argentina","@id":"https:\/\/www.pressenza.com\/es\/#\/schema\/person\/0dda7d1b68267ad95b1e1d83abc98c89"},"headline":"Continentes y Contenidos 10\/08\/23 Golpe de estado en N\u00edger y actualidad colombiana","datePublished":"2023-08-12T02:38:31+00:00","mainEntityOfPage":{"@id":"https:\/\/www.pressenza.com\/es\/2023\/08\/continentes-y-contenidos-10-08-23-golpe-de-estado-en-niger-y-actualidad-colombiana\/"},"wordCount":64,"publisher":{"@id":"https:\/\/www.pressenza.com\/es\/#organization"},"image":{"@id":"https:\/\/www.pressenza.com\/es\/2023\/08\/continentes-y-contenidos-10-08-23-golpe-de-estado-en-niger-y-actualidad-colombiana\/#primaryimage"},"thumbnailUrl":"https:\/\/www.pressenza.com\/wp-content\/uploads\/2023\/08\/Programas-CyC2022-15.jpg","keywords":["Colombia","Continentes y Contenidos","Corape","golpe de estado","Gustavo Petro","Niger","panafricanismo","Pressenza Internacional","radio"],"articleSection":["Asuntos internacionales","Contenido Original","Cultura y Medios","Internacional","Pol\u00edtica","Radio"],"inLanguage":"es"},{"@type":"WebPage","@id":"https:\/\/www.pressenza.com\/es\/2023\/08\/continentes-y-contenidos-10-08-23-golpe-de-estado-en-niger-y-actualidad-colombiana\/","url":"https:\/\/www.pressenza.com\/es\/2023\/08\/continentes-y-contenidos-10-08-23-golpe-de-estado-en-niger-y-actualidad-colombiana\/","name":"Continentes y Contenidos 10\/08\/23 Golpe de estado en N\u00edger y actualidad colombiana","isPartOf":{"@id":"https:\/\/www.pressenza.com\/es\/#website"},"primaryImageOfPage":{"@id":"https:\/\/www.pressenza.com\/es\/2023\/08\/continentes-y-contenidos-10-08-23-golpe-de-estado-en-niger-y-actualidad-colombiana\/#primaryimage"},"image":{"@id":"https:\/\/www.pressenza.com\/es\/2023\/08\/continentes-y-contenidos-10-08-23-golpe-de-estado-en-niger-y-actualidad-colombiana\/#primaryimage"},"thumbnailUrl":"https:\/\/www.pressenza.com\/wp-content\/uploads\/2023\/08\/Programas-CyC2022-15.jpg","datePublished":"2023-08-12T02:38:31+00:00","description":"Volvemos a conversar con Alejandro Mantilla sobre el primer a\u00f1o de gobierno de Gustavo Petro en Colombia. Tambi\u00e9n hablamos con Douna Tongrongou sobre el","breadcrumb":{"@id":"https:\/\/www.pressenza.com\/es\/2023\/08\/continentes-y-contenidos-10-08-23-golpe-de-estado-en-niger-y-actualidad-colombiana\/#breadcrumb"},"inLanguage":"es","potentialAction":[{"@type":"ReadAction","target":["https:\/\/www.pressenza.com\/es\/2023\/08\/continentes-y-contenidos-10-08-23-golpe-de-estado-en-niger-y-actualidad-colombiana\/"]}]},{"@type":"ImageObject","inLanguage":"es","@id":"https:\/\/www.pressenza.com\/es\/2023\/08\/continentes-y-contenidos-10-08-23-golpe-de-estado-en-niger-y-actualidad-colombiana\/#primaryimage","url":"https:\/\/www.pressenza.com\/wp-content\/uploads\/2023\/08\/Programas-CyC2022-15.jpg","contentUrl":"https:\/\/www.pressenza.com\/wp-content\/uploads\/2023\/08\/Programas-CyC2022-15.jpg","width":1920,"height":1536},{"@type":"BreadcrumbList","@id":"https:\/\/www.pressenza.com\/es\/2023\/08\/continentes-y-contenidos-10-08-23-golpe-de-estado-en-niger-y-actualidad-colombiana\/#breadcrumb","itemListElement":[{"@type":"ListItem","position":1,"name":"Accueil","item":"https:\/\/www.pressenza.com\/es\/"},{"@type":"ListItem","position":2,"name":"Continentes y Contenidos 10\/08\/23 Golpe de estado en N\u00edger y actualidad colombiana"}]},{"@type":"WebSite","@id":"https:\/\/www.pressenza.com\/es\/#website","url":"https:\/\/www.pressenza.com\/es\/","name":"Pressenza","description":"International Press Agency","publisher":{"@id":"https:\/\/www.pressenza.com\/es\/#organization"},"potentialAction":[{"@type":"SearchAction","target":{"@type":"EntryPoint","urlTemplate":"https:\/\/www.pressenza.com\/es\/?s={search_term_string}"},"query-input":{"@type":"PropertyValueSpecification","valueRequired":true,"valueName":"search_term_string"}}],"inLanguage":"es"},{"@type":"Organization","@id":"https:\/\/www.pressenza.com\/es\/#organization","name":"Pressenza","url":"https:\/\/www.pressenza.com\/es\/","logo":{"@type":"ImageObject","inLanguage":"es","@id":"https:\/\/www.pressenza.com\/es\/#\/schema\/logo\/image\/","url":"https:\/\/www.pressenza.com\/wp-content\/uploads\/2022\/10\/pressenza_logo_200x200.jpg","contentUrl":"https:\/\/www.pressenza.com\/wp-content\/uploads\/2022\/10\/pressenza_logo_200x200.jpg","width":200,"height":200,"caption":"Pressenza"},"image":{"@id":"https:\/\/www.pressenza.com\/es\/#\/schema\/logo\/image\/"},"sameAs":["https:\/\/www.facebook.com\/PressenzaItalia","https:\/\/x.com\/PressenzaIPA"]},{"@type":"Person","@id":"https:\/\/www.pressenza.com\/es\/#\/schema\/person\/0dda7d1b68267ad95b1e1d83abc98c89","name":"Redacci\u00f3n Argentina","description":"News from the Pressenza Bureau in Argentina.","sameAs":["https:\/\/x.com\/pressenza"],"url":"https:\/\/www.pressenza.com\/es\/author\/redaccion-argentina\/"}]}},"place":"Quito - Buenos Aires - Bogot\u00e1","original_article_url":"","_links":{"self":[{"href":"https:\/\/www.pressenza.com\/es\/wp-json\/wp\/v2\/posts\/1757035","targetHints":{"allow":["GET"]}}],"collection":[{"href":"https:\/\/www.pressenza.com\/es\/wp-json\/wp\/v2\/posts"}],"about":[{"href":"https:\/\/www.pressenza.com\/es\/wp-json\/wp\/v2\/types\/post"}],"author":[{"embeddable":true,"href":"https:\/\/www.pressenza.com\/es\/wp-json\/wp\/v2\/users\/87"}],"replies":[{"embeddable":true,"href":"https:\/\/www.pressenza.com\/es\/wp-json\/wp\/v2\/comments?post=1757035"}],"version-history":[{"count":0,"href":"https:\/\/www.pressenza.com\/es\/wp-json\/wp\/v2\/posts\/1757035\/revisions"}],"wp:featuredmedia":[{"embeddable":true,"href":"https:\/\/www.pressenza.com\/es\/wp-json\/wp\/v2\/media\/1757038"}],"wp:attachment":[{"href":"https:\/\/www.pressenza.com\/es\/wp-json\/wp\/v2\/media?parent=1757035"}],"wp:term":[{"taxonomy":"category","embeddable":true,"href":"https:\/\/www.pressenza.com\/es\/wp-json\/wp\/v2\/categories?post=1757035"},{"taxonomy":"post_tag","embeddable":true,"href":"https:\/\/www.pressenza.com\/es\/wp-json\/wp\/v2\/tags?post=1757035"}],"curies":[{"name":"wp","href":"https:\/\/api.w.org\/{rel}","templated":true}]}}