{"id":1755230,"date":"2023-08-02T03:25:15","date_gmt":"2023-08-02T02:25:15","guid":{"rendered":"https:\/\/www.pressenza.com\/?p=1755230"},"modified":"2023-08-02T03:27:38","modified_gmt":"2023-08-02T02:27:38","slug":"se-conmemoran-184-anos-del-acta-de-abolicion-de-la-esclavitud-en-el-imperio-britanico","status":"publish","type":"post","link":"https:\/\/www.pressenza.com\/es\/2023\/08\/se-conmemoran-184-anos-del-acta-de-abolicion-de-la-esclavitud-en-el-imperio-britanico\/","title":{"rendered":"Se conmemoran 184 a\u00f1os del Acta de Abolici\u00f3n de la Esclavitud en el Imperio Brit\u00e1nico"},"content":{"rendered":"<p><em><br \/>\nPa\u00edses tanto de \u00c1frica como del Caribe, que han sido o siguen siendo colonias brit\u00e1nicas, conmemoran cada 1 de agosto el D\u00eda de la Emancipaci\u00f3n, recordando la aprobaci\u00f3n en 1834 de la Ley de la Abolici\u00f3n de la Esclavitud en el Imperio Brit\u00e1nico y todas sus colonias. <\/em><\/p>\n<p>Aquel documento no trajo consigo la liberaci\u00f3n de los esclavos ni la reparaci\u00f3n de las v\u00edctimas que, de hecho, sigue sin ser una realidad a d\u00eda de hoy. De hecho, el documento compromet\u00eda un pago por 20 millones de libras para indemnizar a los due\u00f1os de esclavos y, por si fuera poco, estableci\u00f3 que los propios esclavos pagaran 27 millones de libras a sus propietarios y, si quer\u00edan emanciparse, a pagar el 50% de su emancipaci\u00f3n. Pagar para ser libres. <\/p>\n<p>El pago era de tales dimensiones que reci\u00e9n en el a\u00f1o 2015 los pueblos caribe\u00f1os lograron concluirlo. A partir de aquel momento y hasta hoy, las colonias inglesas del Caribe demandan la devoluci\u00f3n de ese monto. Una Comisi\u00f3n de Reparaciones, constituida por los pa\u00edses del Caribe, trabaja desde el a\u00f1o 2013 para lograr la retribuci\u00f3n de todo el monto entregado, entre otras acciones de reparaci\u00f3n a la v\u00edctimas.<\/p>\n<p>Las huellas de la esclavitud siguen en el mundo contempor\u00e1neo y una de sus expresiones es el racismo. De acuerdo con declaraciones de la Relatora Especial de Naciones Unidas para el Racismo y la Xenofobia: \u00abel clima hostil se aplica no s\u00f3lo a los inmigrantes irregulares, sino tambi\u00e9n a las minor\u00edas raciales y \u00e9tnicas que est\u00e1n en situaci\u00f3n regular, as\u00ed como a muchos brit\u00e1nicos que tienen reconocida su ciudadan\u00eda desde la \u00e9poca colonial\u00bb. <\/p>\n","protected":false},"excerpt":{"rendered":"<p>Pa\u00edses tanto de \u00c1frica como del Caribe, que han sido o siguen siendo colonias brit\u00e1nicas, conmemoran cada 1 de agosto el D\u00eda de la Emancipaci\u00f3n, recordando la aprobaci\u00f3n en 1834 de la Ley de la Abolici\u00f3n de la Esclavitud en&hellip;<\/p>\n","protected":false},"author":19,"featured_media":1755271,"comment_status":"closed","ping_status":"closed","sticky":false,"template":"","format":"standard","meta":{"footnotes":""},"categories":[79,1242,80,20607],"tags":[55047,3095,1044],"class_list":["post-1755230","post","type-post","status-publish","format-standard","has-post-thumbnail","hentry","category-derechos-humanos","category-noviolencia-tema","category-pueblos-originarios","category-sin-categorizar","tag-caricom-es","tag-colonialismo-es","tag-esclavitud"],"yoast_head":"<!-- This site is optimized with the Yoast SEO plugin v27.1.1 - https:\/\/yoast.com\/product\/yoast-seo-wordpress\/ -->\n<title>Se conmemoran 184 a\u00f1os del Acta de Abolici\u00f3n de la Esclavitud en el Imperio Brit\u00e1nico<\/title>\n<meta name=\"description\" content=\"Pa\u00edses tanto de \u00c1frica como del Caribe, que han sido o siguen siendo colonias brit\u00e1nicas, conmemoran cada 1 de agosto el D\u00eda de la Emancipaci\u00f3n,\" \/>\n<meta name=\"robots\" content=\"index, follow, max-snippet:-1, max-image-preview:large, max-video-preview:-1\" \/>\n<link rel=\"canonical\" href=\"https:\/\/www.pressenza.com\/es\/2023\/08\/se-conmemoran-184-anos-del-acta-de-abolicion-de-la-esclavitud-en-el-imperio-britanico\/\" \/>\n<meta property=\"og:locale\" content=\"es_ES\" \/>\n<meta property=\"og:type\" content=\"article\" \/>\n<meta property=\"og:title\" content=\"Se conmemoran 184 a\u00f1os del Acta de Abolici\u00f3n de la Esclavitud en el Imperio Brit\u00e1nico\" \/>\n<meta property=\"og:description\" content=\"Pa\u00edses tanto de \u00c1frica como del Caribe, que han sido o siguen siendo colonias brit\u00e1nicas, conmemoran cada 1 de agosto el D\u00eda de la Emancipaci\u00f3n,\" \/>\n<meta property=\"og:url\" content=\"https:\/\/www.pressenza.com\/es\/2023\/08\/se-conmemoran-184-anos-del-acta-de-abolicion-de-la-esclavitud-en-el-imperio-britanico\/\" \/>\n<meta property=\"og:site_name\" content=\"Pressenza\" \/>\n<meta property=\"article:publisher\" content=\"https:\/\/www.facebook.com\/PressenzaItalia\" \/>\n<meta property=\"article:author\" content=\"https:\/\/www.facebook.com\/pressenza\" \/>\n<meta property=\"article:published_time\" content=\"2023-08-02T02:25:15+00:00\" \/>\n<meta property=\"article:modified_time\" content=\"2023-08-02T02:27:38+00:00\" \/>\n<meta property=\"og:image\" content=\"https:\/\/www.pressenza.com\/wp-content\/uploads\/2023\/08\/descarga-1.jpg\" \/>\n\t<meta property=\"og:image:width\" content=\"200\" \/>\n\t<meta property=\"og:image:height\" content=\"133\" \/>\n\t<meta property=\"og:image:type\" content=\"image\/jpeg\" \/>\n<meta name=\"author\" content=\"Pressenza IPA\" \/>\n<meta name=\"twitter:card\" content=\"summary_large_image\" \/>\n<meta name=\"twitter:creator\" content=\"@PressenzaIPA\" \/>\n<meta name=\"twitter:site\" content=\"@PressenzaIPA\" \/>\n<meta name=\"twitter:label1\" content=\"Escrito por\" \/>\n\t<meta name=\"twitter:data1\" content=\"Pressenza IPA\" \/>\n\t<meta name=\"twitter:label2\" content=\"Tiempo de lectura\" \/>\n\t<meta name=\"twitter:data2\" content=\"2 minutos\" \/>\n<script type=\"application\/ld+json\" class=\"yoast-schema-graph\">{\"@context\":\"https:\/\/schema.org\",\"@graph\":[{\"@type\":\"Article\",\"@id\":\"https:\/\/www.pressenza.com\/es\/2023\/08\/se-conmemoran-184-anos-del-acta-de-abolicion-de-la-esclavitud-en-el-imperio-britanico\/#article\",\"isPartOf\":{\"@id\":\"https:\/\/www.pressenza.com\/es\/2023\/08\/se-conmemoran-184-anos-del-acta-de-abolicion-de-la-esclavitud-en-el-imperio-britanico\/\"},\"author\":{\"name\":\"Pressenza IPA\",\"@id\":\"https:\/\/www.pressenza.com\/es\/#\/schema\/person\/010e5d02bcf40965427a1289a4cc8d75\"},\"headline\":\"Se conmemoran 184 a\u00f1os del Acta de Abolici\u00f3n de la Esclavitud en el Imperio Brit\u00e1nico\",\"datePublished\":\"2023-08-02T02:25:15+00:00\",\"dateModified\":\"2023-08-02T02:27:38+00:00\",\"mainEntityOfPage\":{\"@id\":\"https:\/\/www.pressenza.com\/es\/2023\/08\/se-conmemoran-184-anos-del-acta-de-abolicion-de-la-esclavitud-en-el-imperio-britanico\/\"},\"wordCount\":311,\"publisher\":{\"@id\":\"https:\/\/www.pressenza.com\/es\/#organization\"},\"image\":{\"@id\":\"https:\/\/www.pressenza.com\/es\/2023\/08\/se-conmemoran-184-anos-del-acta-de-abolicion-de-la-esclavitud-en-el-imperio-britanico\/#primaryimage\"},\"thumbnailUrl\":\"https:\/\/www.pressenza.com\/wp-content\/uploads\/2023\/08\/descarga-1.jpg\",\"keywords\":[\"CARICOM\",\"colonialismo\",\"esclavitud\"],\"articleSection\":[\"Derechos Humanos\",\"Noviolencia\",\"Pueblos Originarios\",\"Sin categorizar\"],\"inLanguage\":\"es\"},{\"@type\":\"WebPage\",\"@id\":\"https:\/\/www.pressenza.com\/es\/2023\/08\/se-conmemoran-184-anos-del-acta-de-abolicion-de-la-esclavitud-en-el-imperio-britanico\/\",\"url\":\"https:\/\/www.pressenza.com\/es\/2023\/08\/se-conmemoran-184-anos-del-acta-de-abolicion-de-la-esclavitud-en-el-imperio-britanico\/\",\"name\":\"Se conmemoran 184 a\u00f1os del Acta de Abolici\u00f3n de la Esclavitud en el Imperio Brit\u00e1nico\",\"isPartOf\":{\"@id\":\"https:\/\/www.pressenza.com\/es\/#website\"},\"primaryImageOfPage\":{\"@id\":\"https:\/\/www.pressenza.com\/es\/2023\/08\/se-conmemoran-184-anos-del-acta-de-abolicion-de-la-esclavitud-en-el-imperio-britanico\/#primaryimage\"},\"image\":{\"@id\":\"https:\/\/www.pressenza.com\/es\/2023\/08\/se-conmemoran-184-anos-del-acta-de-abolicion-de-la-esclavitud-en-el-imperio-britanico\/#primaryimage\"},\"thumbnailUrl\":\"https:\/\/www.pressenza.com\/wp-content\/uploads\/2023\/08\/descarga-1.jpg\",\"datePublished\":\"2023-08-02T02:25:15+00:00\",\"dateModified\":\"2023-08-02T02:27:38+00:00\",\"description\":\"Pa\u00edses tanto de \u00c1frica como del Caribe, que han sido o siguen siendo colonias brit\u00e1nicas, conmemoran cada 1 de agosto el D\u00eda de la Emancipaci\u00f3n,\",\"breadcrumb\":{\"@id\":\"https:\/\/www.pressenza.com\/es\/2023\/08\/se-conmemoran-184-anos-del-acta-de-abolicion-de-la-esclavitud-en-el-imperio-britanico\/#breadcrumb\"},\"inLanguage\":\"es\",\"potentialAction\":[{\"@type\":\"ReadAction\",\"target\":[\"https:\/\/www.pressenza.com\/es\/2023\/08\/se-conmemoran-184-anos-del-acta-de-abolicion-de-la-esclavitud-en-el-imperio-britanico\/\"]}]},{\"@type\":\"ImageObject\",\"inLanguage\":\"es\",\"@id\":\"https:\/\/www.pressenza.com\/es\/2023\/08\/se-conmemoran-184-anos-del-acta-de-abolicion-de-la-esclavitud-en-el-imperio-britanico\/#primaryimage\",\"url\":\"https:\/\/www.pressenza.com\/wp-content\/uploads\/2023\/08\/descarga-1.jpg\",\"contentUrl\":\"https:\/\/www.pressenza.com\/wp-content\/uploads\/2023\/08\/descarga-1.jpg\",\"width\":200,\"height\":133},{\"@type\":\"BreadcrumbList\",\"@id\":\"https:\/\/www.pressenza.com\/es\/2023\/08\/se-conmemoran-184-anos-del-acta-de-abolicion-de-la-esclavitud-en-el-imperio-britanico\/#breadcrumb\",\"itemListElement\":[{\"@type\":\"ListItem\",\"position\":1,\"name\":\"Accueil\",\"item\":\"https:\/\/www.pressenza.com\/es\/\"},{\"@type\":\"ListItem\",\"position\":2,\"name\":\"Se conmemoran 184 a\u00f1os del Acta de Abolici\u00f3n de la Esclavitud en el Imperio Brit\u00e1nico\"}]},{\"@type\":\"WebSite\",\"@id\":\"https:\/\/www.pressenza.com\/es\/#website\",\"url\":\"https:\/\/www.pressenza.com\/es\/\",\"name\":\"Pressenza\",\"description\":\"International Press Agency\",\"publisher\":{\"@id\":\"https:\/\/www.pressenza.com\/es\/#organization\"},\"potentialAction\":[{\"@type\":\"SearchAction\",\"target\":{\"@type\":\"EntryPoint\",\"urlTemplate\":\"https:\/\/www.pressenza.com\/es\/?s={search_term_string}\"},\"query-input\":{\"@type\":\"PropertyValueSpecification\",\"valueRequired\":true,\"valueName\":\"search_term_string\"}}],\"inLanguage\":\"es\"},{\"@type\":\"Organization\",\"@id\":\"https:\/\/www.pressenza.com\/es\/#organization\",\"name\":\"Pressenza\",\"url\":\"https:\/\/www.pressenza.com\/es\/\",\"logo\":{\"@type\":\"ImageObject\",\"inLanguage\":\"es\",\"@id\":\"https:\/\/www.pressenza.com\/es\/#\/schema\/logo\/image\/\",\"url\":\"https:\/\/www.pressenza.com\/wp-content\/uploads\/2022\/10\/pressenza_logo_200x200.jpg\",\"contentUrl\":\"https:\/\/www.pressenza.com\/wp-content\/uploads\/2022\/10\/pressenza_logo_200x200.jpg\",\"width\":200,\"height\":200,\"caption\":\"Pressenza\"},\"image\":{\"@id\":\"https:\/\/www.pressenza.com\/es\/#\/schema\/logo\/image\/\"},\"sameAs\":[\"https:\/\/www.facebook.com\/PressenzaItalia\",\"https:\/\/x.com\/PressenzaIPA\"]},{\"@type\":\"Person\",\"@id\":\"https:\/\/www.pressenza.com\/es\/#\/schema\/person\/010e5d02bcf40965427a1289a4cc8d75\",\"name\":\"Pressenza IPA\",\"description\":\"News from Pressenza IPA correspondents\",\"sameAs\":[\"https:\/\/www.facebook.com\/pressenza\",\"https:\/\/x.com\/PressenzaIPA\"],\"url\":\"https:\/\/www.pressenza.com\/es\/author\/pressenza-ipa\/\"}]}<\/script>\n<!-- \/ Yoast SEO plugin. -->","yoast_head_json":{"title":"Se conmemoran 184 a\u00f1os del Acta de Abolici\u00f3n de la Esclavitud en el Imperio Brit\u00e1nico","description":"Pa\u00edses tanto de \u00c1frica como del Caribe, que han sido o siguen siendo colonias brit\u00e1nicas, conmemoran cada 1 de agosto el D\u00eda de la Emancipaci\u00f3n,","robots":{"index":"index","follow":"follow","max-snippet":"max-snippet:-1","max-image-preview":"max-image-preview:large","max-video-preview":"max-video-preview:-1"},"canonical":"https:\/\/www.pressenza.com\/es\/2023\/08\/se-conmemoran-184-anos-del-acta-de-abolicion-de-la-esclavitud-en-el-imperio-britanico\/","og_locale":"es_ES","og_type":"article","og_title":"Se conmemoran 184 a\u00f1os del Acta de Abolici\u00f3n de la Esclavitud en el Imperio Brit\u00e1nico","og_description":"Pa\u00edses tanto de \u00c1frica como del Caribe, que han sido o siguen siendo colonias brit\u00e1nicas, conmemoran cada 1 de agosto el D\u00eda de la Emancipaci\u00f3n,","og_url":"https:\/\/www.pressenza.com\/es\/2023\/08\/se-conmemoran-184-anos-del-acta-de-abolicion-de-la-esclavitud-en-el-imperio-britanico\/","og_site_name":"Pressenza","article_publisher":"https:\/\/www.facebook.com\/PressenzaItalia","article_author":"https:\/\/www.facebook.com\/pressenza","article_published_time":"2023-08-02T02:25:15+00:00","article_modified_time":"2023-08-02T02:27:38+00:00","og_image":[{"width":200,"height":133,"url":"https:\/\/www.pressenza.com\/wp-content\/uploads\/2023\/08\/descarga-1.jpg","type":"image\/jpeg"}],"author":"Pressenza IPA","twitter_card":"summary_large_image","twitter_creator":"@PressenzaIPA","twitter_site":"@PressenzaIPA","twitter_misc":{"Escrito por":"Pressenza IPA","Tiempo de lectura":"2 minutos"},"schema":{"@context":"https:\/\/schema.org","@graph":[{"@type":"Article","@id":"https:\/\/www.pressenza.com\/es\/2023\/08\/se-conmemoran-184-anos-del-acta-de-abolicion-de-la-esclavitud-en-el-imperio-britanico\/#article","isPartOf":{"@id":"https:\/\/www.pressenza.com\/es\/2023\/08\/se-conmemoran-184-anos-del-acta-de-abolicion-de-la-esclavitud-en-el-imperio-britanico\/"},"author":{"name":"Pressenza IPA","@id":"https:\/\/www.pressenza.com\/es\/#\/schema\/person\/010e5d02bcf40965427a1289a4cc8d75"},"headline":"Se conmemoran 184 a\u00f1os del Acta de Abolici\u00f3n de la Esclavitud en el Imperio Brit\u00e1nico","datePublished":"2023-08-02T02:25:15+00:00","dateModified":"2023-08-02T02:27:38+00:00","mainEntityOfPage":{"@id":"https:\/\/www.pressenza.com\/es\/2023\/08\/se-conmemoran-184-anos-del-acta-de-abolicion-de-la-esclavitud-en-el-imperio-britanico\/"},"wordCount":311,"publisher":{"@id":"https:\/\/www.pressenza.com\/es\/#organization"},"image":{"@id":"https:\/\/www.pressenza.com\/es\/2023\/08\/se-conmemoran-184-anos-del-acta-de-abolicion-de-la-esclavitud-en-el-imperio-britanico\/#primaryimage"},"thumbnailUrl":"https:\/\/www.pressenza.com\/wp-content\/uploads\/2023\/08\/descarga-1.jpg","keywords":["CARICOM","colonialismo","esclavitud"],"articleSection":["Derechos Humanos","Noviolencia","Pueblos Originarios","Sin categorizar"],"inLanguage":"es"},{"@type":"WebPage","@id":"https:\/\/www.pressenza.com\/es\/2023\/08\/se-conmemoran-184-anos-del-acta-de-abolicion-de-la-esclavitud-en-el-imperio-britanico\/","url":"https:\/\/www.pressenza.com\/es\/2023\/08\/se-conmemoran-184-anos-del-acta-de-abolicion-de-la-esclavitud-en-el-imperio-britanico\/","name":"Se conmemoran 184 a\u00f1os del Acta de Abolici\u00f3n de la Esclavitud en el Imperio Brit\u00e1nico","isPartOf":{"@id":"https:\/\/www.pressenza.com\/es\/#website"},"primaryImageOfPage":{"@id":"https:\/\/www.pressenza.com\/es\/2023\/08\/se-conmemoran-184-anos-del-acta-de-abolicion-de-la-esclavitud-en-el-imperio-britanico\/#primaryimage"},"image":{"@id":"https:\/\/www.pressenza.com\/es\/2023\/08\/se-conmemoran-184-anos-del-acta-de-abolicion-de-la-esclavitud-en-el-imperio-britanico\/#primaryimage"},"thumbnailUrl":"https:\/\/www.pressenza.com\/wp-content\/uploads\/2023\/08\/descarga-1.jpg","datePublished":"2023-08-02T02:25:15+00:00","dateModified":"2023-08-02T02:27:38+00:00","description":"Pa\u00edses tanto de \u00c1frica como del Caribe, que han sido o siguen siendo colonias brit\u00e1nicas, conmemoran cada 1 de agosto el D\u00eda de la Emancipaci\u00f3n,","breadcrumb":{"@id":"https:\/\/www.pressenza.com\/es\/2023\/08\/se-conmemoran-184-anos-del-acta-de-abolicion-de-la-esclavitud-en-el-imperio-britanico\/#breadcrumb"},"inLanguage":"es","potentialAction":[{"@type":"ReadAction","target":["https:\/\/www.pressenza.com\/es\/2023\/08\/se-conmemoran-184-anos-del-acta-de-abolicion-de-la-esclavitud-en-el-imperio-britanico\/"]}]},{"@type":"ImageObject","inLanguage":"es","@id":"https:\/\/www.pressenza.com\/es\/2023\/08\/se-conmemoran-184-anos-del-acta-de-abolicion-de-la-esclavitud-en-el-imperio-britanico\/#primaryimage","url":"https:\/\/www.pressenza.com\/wp-content\/uploads\/2023\/08\/descarga-1.jpg","contentUrl":"https:\/\/www.pressenza.com\/wp-content\/uploads\/2023\/08\/descarga-1.jpg","width":200,"height":133},{"@type":"BreadcrumbList","@id":"https:\/\/www.pressenza.com\/es\/2023\/08\/se-conmemoran-184-anos-del-acta-de-abolicion-de-la-esclavitud-en-el-imperio-britanico\/#breadcrumb","itemListElement":[{"@type":"ListItem","position":1,"name":"Accueil","item":"https:\/\/www.pressenza.com\/es\/"},{"@type":"ListItem","position":2,"name":"Se conmemoran 184 a\u00f1os del Acta de Abolici\u00f3n de la Esclavitud en el Imperio Brit\u00e1nico"}]},{"@type":"WebSite","@id":"https:\/\/www.pressenza.com\/es\/#website","url":"https:\/\/www.pressenza.com\/es\/","name":"Pressenza","description":"International Press Agency","publisher":{"@id":"https:\/\/www.pressenza.com\/es\/#organization"},"potentialAction":[{"@type":"SearchAction","target":{"@type":"EntryPoint","urlTemplate":"https:\/\/www.pressenza.com\/es\/?s={search_term_string}"},"query-input":{"@type":"PropertyValueSpecification","valueRequired":true,"valueName":"search_term_string"}}],"inLanguage":"es"},{"@type":"Organization","@id":"https:\/\/www.pressenza.com\/es\/#organization","name":"Pressenza","url":"https:\/\/www.pressenza.com\/es\/","logo":{"@type":"ImageObject","inLanguage":"es","@id":"https:\/\/www.pressenza.com\/es\/#\/schema\/logo\/image\/","url":"https:\/\/www.pressenza.com\/wp-content\/uploads\/2022\/10\/pressenza_logo_200x200.jpg","contentUrl":"https:\/\/www.pressenza.com\/wp-content\/uploads\/2022\/10\/pressenza_logo_200x200.jpg","width":200,"height":200,"caption":"Pressenza"},"image":{"@id":"https:\/\/www.pressenza.com\/es\/#\/schema\/logo\/image\/"},"sameAs":["https:\/\/www.facebook.com\/PressenzaItalia","https:\/\/x.com\/PressenzaIPA"]},{"@type":"Person","@id":"https:\/\/www.pressenza.com\/es\/#\/schema\/person\/010e5d02bcf40965427a1289a4cc8d75","name":"Pressenza IPA","description":"News from Pressenza IPA correspondents","sameAs":["https:\/\/www.facebook.com\/pressenza","https:\/\/x.com\/PressenzaIPA"],"url":"https:\/\/www.pressenza.com\/es\/author\/pressenza-ipa\/"}]}},"place":"Comunidad del Caribe","original_article_url":"","_links":{"self":[{"href":"https:\/\/www.pressenza.com\/es\/wp-json\/wp\/v2\/posts\/1755230","targetHints":{"allow":["GET"]}}],"collection":[{"href":"https:\/\/www.pressenza.com\/es\/wp-json\/wp\/v2\/posts"}],"about":[{"href":"https:\/\/www.pressenza.com\/es\/wp-json\/wp\/v2\/types\/post"}],"author":[{"embeddable":true,"href":"https:\/\/www.pressenza.com\/es\/wp-json\/wp\/v2\/users\/19"}],"replies":[{"embeddable":true,"href":"https:\/\/www.pressenza.com\/es\/wp-json\/wp\/v2\/comments?post=1755230"}],"version-history":[{"count":0,"href":"https:\/\/www.pressenza.com\/es\/wp-json\/wp\/v2\/posts\/1755230\/revisions"}],"wp:featuredmedia":[{"embeddable":true,"href":"https:\/\/www.pressenza.com\/es\/wp-json\/wp\/v2\/media\/1755271"}],"wp:attachment":[{"href":"https:\/\/www.pressenza.com\/es\/wp-json\/wp\/v2\/media?parent=1755230"}],"wp:term":[{"taxonomy":"category","embeddable":true,"href":"https:\/\/www.pressenza.com\/es\/wp-json\/wp\/v2\/categories?post=1755230"},{"taxonomy":"post_tag","embeddable":true,"href":"https:\/\/www.pressenza.com\/es\/wp-json\/wp\/v2\/tags?post=1755230"}],"curies":[{"name":"wp","href":"https:\/\/api.w.org\/{rel}","templated":true}]}}