{"id":1754897,"date":"2023-07-31T14:54:01","date_gmt":"2023-07-31T13:54:01","guid":{"rendered":"https:\/\/www.pressenza.com\/?p=1754897"},"modified":"2023-07-31T14:54:01","modified_gmt":"2023-07-31T13:54:01","slug":"la-superioridad-moral-de-allende","status":"publish","type":"post","link":"https:\/\/www.pressenza.com\/es\/2023\/07\/la-superioridad-moral-de-allende\/","title":{"rendered":"La superioridad moral de Allende"},"content":{"rendered":"<p>La solvencia \u00e9tica de los dirigentes pol\u00edticos se prueba con los a\u00f1os de trayectoria en el servicio p\u00fablico. Sus ingredientes fundamentales son la consecuencia entre sus posiciones y actos, su temple para afrontar las dificultades y una buena dosis de coraje. La historia toma tiempo en reconocer a sus l\u00edderes m\u00e1s notables y probos, m\u00e1s all\u00e1 de todas las contingencias como de la acci\u00f3n de sus enemigos o adversarios. Figuras como las de nuestros libertadores terminaron siendo reconocidas por pr\u00e1cticamente todos los pueblos americanos. Y por m\u00e1s que fueran en su tiempo asesinados, infamados y exiliados todos son hoy nuestros \u201cpadres de la patria\u201d.<\/p>\n<p>El vanguardismo ideol\u00f3gico parece ser siempre una caracter\u00edstica fundamental de tales caracteres, esto es por su compromiso por la justicia social, adem\u00e1s de su vocaci\u00f3n republicana. Cuanto su encomiable lucha por la redenci\u00f3n de los pobres y de los oprimidos. Los gobernantes refractarios, de los cuales tambi\u00e9n se erigen estatuas y monumentos, tarde o temprano son derribadas por sus pueblos, como ocurre sobre todo con las de los tiranos y dictadores. Se requiere siempre ser un verdadero reformista o, francamente, un revolucionario para su tiempo; haber enfrentado a los partidarios del statu quo, a los conservadores y refractarios a los cambios. La democracia, el feminismo y otras m\u00faltiples aspiraciones, tambi\u00e9n exhiben h\u00e9roes y hero\u00ednas que son ampliamente reconocidos en su posteridad, como ocurre, por ejemplo, con las m\u00faltiples escritoras y activistas latinoamericanas que le han se\u00f1alado tantos rumbos al devenir humano y han refrescado la pol\u00edtica.<\/p>\n<p>En el acontecer pol\u00edtico abundan los detractores, ecl\u00e9cticos y oportunistas que siempre se jactan de su ponderaci\u00f3n y superioridad moral, aunque muchas veces su fama sea ef\u00edmera y en poco tiempo manifiesten sus deserciones, apetitos de poder y su pobre idoneidad. Por nuestro continente han desfilado presidentes y jefes de estado que ante el acoso social y el miedo poco o nada demoraron en renunciar, escapar al extranjero o doblegarse ante sus enemigos. El Bolivia hubo uno, como Jaime Paz Zamora, que terminara con el rostro quemado cuando el dictador que combat\u00eda lo mando a matar. Sin embargo, al poco tiempo termin\u00f3 ali\u00e1ndose con Hugo Banzer y renegando de sus ideas izquierdistas, pese a haber sido el fundador del Movimiento de Izquierda Revolucionaria (MIR). En Chile tuvimos a un Gabriel Gonz\u00e1lez Videla que, despu\u00e9s de ser elegido por comunistas y socialistas, terminara persigui\u00e9ndolos y confin\u00e1ndolos en campos de concentraci\u00f3n. Pero la lista, en este sentido, puede ser muy larga tanto aqu\u00ed como en todo el mundo.<\/p>\n<p>Propio de la candidez, de la soberbia o del llamado \u201cinfantilismo revolucionario\u201d es\u00a0 el arrogarse superioridades, como las que en Chile acaban de declarar quienes en apenas un a\u00f1o terminaron poniendo en pr\u00e1ctica las mismas malas pr\u00e1cticas de quienes los antecedieron en La Moneda , los que efectivamente hab\u00edan sido muy h\u00e1biles para defraudar al fisco, dejarse seducir por el legado institucional de Pinochet y presumir ante el mundo en cuanto a que nuestro pa\u00eds no lo afectaba la corrupci\u00f3n que desgraciadamente viven y sufren otros pa\u00edses.<\/p>\n<p>Salvador Allende tuvo, por supuesto, declarados enemigos durante su gobierno, los que llegaron a perpetrar un Golpe de Estado, su cruento derrocamiento y muerte. Sin embargo, su solvencia moral crece con los a\u00f1os en Chile como en el mundo y gana adeptos y no pocos reconocimientos entre quienes, incluso, lo combatieron. Un prestigio muy por encima del que lograron retener sus aliados. Muchos de los cuales perdieron toda credibilidad y terminaron muy desacreditados en las \u00faltimas tres d\u00e9cadas de gobierno. Tal como hab\u00eda sucedido con el PRI en M\u00e9xico, proceso que involucionara hacia la derecha, as\u00ed como otros l\u00edderes latinoamericanos que al arribar a sus gobiernos suelen adoptar las mismas costumbres de los dictadores que los precedieron.<\/p>\n<p>Allende tuvo la posibilidad de renunciar o dejarse acoger por los reg\u00edmenes extranjeros que quisieron brindarle asilo. Pudo tambi\u00e9n abandonar su ideario y contemporizar con sus opositores. Pero opt\u00f3 temerariamente, por supuesto, por mantenerse fiel a las promesas comprometidas con la ciudadan\u00eda que lo eligi\u00f3. Su ocaso fue el de un mandatario democr\u00e1tico a carta cabal, dejando en evidencia la traici\u00f3n y cobard\u00eda de los militares, as\u00ed como la hipocres\u00eda de quienes desde el 11 de septiembre de 1973 salieron a defender ante el mundo la asonada golpista como a justificar las violaciones cometidas contra los Derechos Humanos que hoy dicen defender. Personajes que, por supuesto, el mismo Pinochet les abriera espacio para sucederlo y administrar una bochornosa y fallida transici\u00f3n a la democracia y, finalmente, llagar a un mandatario que abri\u00f3 muchas esperanzas pero que es ahora acogido con honores por la Casa Blanca, el Eliseo y el Fondo Monetario Internacional. Que todos los d\u00edas allega a su gabinete a los mismos pol\u00edticos que deplorara tan \u00e1cidamente esa falange de iluminados que hoy prolifera por La Moneda, el Parlamento y las fundaciones creadas por sus entidades pol\u00edticas para asaltar el erario nacional.<\/p>\n<p>Entendemos que hoy la figura de Allende turbe a quienes fueron sus compa\u00f1eros de ruta y que en poco tiempo fueron cooptados por la social democracia europea, los regaloneos de un Felipe Gonz\u00e1lez que terminara ejecutando en el poder las ideas de la derecha espa\u00f1ola y del Banco Mundial, adem\u00e1s de ejercer los mismos procedimientos criminales del general Franco para combatir a los separatistas vascos y catalanes.<\/p>\n<p>Se ve que Europa y Estados Unidos desde hace mucho son incapaces de destacar a un l\u00edder a la altura de un Gandhi como de un Nelson Mandela, crecientemente valorados por su probada superioridad moral. Como tambi\u00e9n sucede con los grandes libertadores de Am\u00e9rica y de las luchas contra el apartheid que siguen cobrando v\u00edctimas, especialmente ahora entre los millones de emigrantes.<\/p>\n","protected":false},"excerpt":{"rendered":"<p>La solvencia \u00e9tica de los dirigentes pol\u00edticos se prueba con los a\u00f1os de trayectoria en el servicio p\u00fablico. Sus ingredientes fundamentales son la consecuencia entre sus posiciones y actos, su temple para afrontar las dificultades y una buena dosis de&hellip;<\/p>\n","protected":false},"author":1739,"featured_media":1754898,"comment_status":"closed","ping_status":"closed","sticky":false,"template":"","format":"standard","meta":{"footnotes":""},"categories":[11389,161,74,67],"tags":[29,62596],"class_list":["post-1754897","post","type-post","status-publish","format-standard","has-post-thumbnail","hentry","category-contenido-original","category-opiniones","category-politica-es","category-sudamerica","tag-chile","tag-salvador-allende-es"],"yoast_head":"<!-- This site is optimized with the Yoast SEO plugin v27.1.1 - https:\/\/yoast.com\/product\/yoast-seo-wordpress\/ -->\n<title>La superioridad moral de Allende<\/title>\n<meta name=\"description\" content=\"La solvencia \u00e9tica de los dirigentes pol\u00edticos se prueba con los a\u00f1os de trayectoria en el servicio p\u00fablico. Sus ingredientes fundamentales son la\" \/>\n<meta name=\"robots\" content=\"index, follow, max-snippet:-1, max-image-preview:large, max-video-preview:-1\" \/>\n<link rel=\"canonical\" href=\"https:\/\/www.pressenza.com\/es\/2023\/07\/la-superioridad-moral-de-allende\/\" \/>\n<meta property=\"og:locale\" content=\"es_ES\" \/>\n<meta property=\"og:type\" content=\"article\" \/>\n<meta property=\"og:title\" content=\"La superioridad moral de Allende\" \/>\n<meta property=\"og:description\" content=\"La solvencia \u00e9tica de los dirigentes pol\u00edticos se prueba con los a\u00f1os de trayectoria en el servicio p\u00fablico. Sus ingredientes fundamentales son la\" \/>\n<meta property=\"og:url\" content=\"https:\/\/www.pressenza.com\/es\/2023\/07\/la-superioridad-moral-de-allende\/\" \/>\n<meta property=\"og:site_name\" content=\"Pressenza\" \/>\n<meta property=\"article:publisher\" content=\"https:\/\/www.facebook.com\/PressenzaItalia\" \/>\n<meta property=\"article:published_time\" content=\"2023-07-31T13:54:01+00:00\" \/>\n<meta property=\"og:image\" content=\"https:\/\/www.pressenza.com\/wp-content\/uploads\/2023\/07\/Allende.jpeg\" \/>\n\t<meta property=\"og:image:width\" content=\"712\" \/>\n\t<meta property=\"og:image:height\" content=\"430\" \/>\n\t<meta property=\"og:image:type\" content=\"image\/jpeg\" \/>\n<meta name=\"author\" content=\"Juan Pablo C\u00e1rdenas\" \/>\n<meta name=\"twitter:card\" content=\"summary_large_image\" \/>\n<meta name=\"twitter:creator\" content=\"@PressenzaIPA\" \/>\n<meta name=\"twitter:site\" content=\"@PressenzaIPA\" \/>\n<meta name=\"twitter:label1\" content=\"Escrito por\" \/>\n\t<meta name=\"twitter:data1\" content=\"Juan Pablo C\u00e1rdenas\" \/>\n\t<meta name=\"twitter:label2\" content=\"Tiempo de lectura\" \/>\n\t<meta name=\"twitter:data2\" content=\"5 minutos\" \/>\n<script type=\"application\/ld+json\" class=\"yoast-schema-graph\">{\"@context\":\"https:\/\/schema.org\",\"@graph\":[{\"@type\":\"Article\",\"@id\":\"https:\/\/www.pressenza.com\/es\/2023\/07\/la-superioridad-moral-de-allende\/#article\",\"isPartOf\":{\"@id\":\"https:\/\/www.pressenza.com\/es\/2023\/07\/la-superioridad-moral-de-allende\/\"},\"author\":{\"name\":\"Juan Pablo C\u00e1rdenas\",\"@id\":\"https:\/\/www.pressenza.com\/es\/#\/schema\/person\/d72a7c8c014dcbfa2ef9e9976103ea0d\"},\"headline\":\"La superioridad moral de Allende\",\"datePublished\":\"2023-07-31T13:54:01+00:00\",\"mainEntityOfPage\":{\"@id\":\"https:\/\/www.pressenza.com\/es\/2023\/07\/la-superioridad-moral-de-allende\/\"},\"wordCount\":1009,\"publisher\":{\"@id\":\"https:\/\/www.pressenza.com\/es\/#organization\"},\"image\":{\"@id\":\"https:\/\/www.pressenza.com\/es\/2023\/07\/la-superioridad-moral-de-allende\/#primaryimage\"},\"thumbnailUrl\":\"https:\/\/www.pressenza.com\/wp-content\/uploads\/2023\/07\/Allende.jpeg\",\"keywords\":[\"Chile\",\"Salvador Allende\"],\"articleSection\":[\"Contenido Original\",\"Opiniones\",\"Pol\u00edtica\",\"Sudam\u00e9rica\"],\"inLanguage\":\"es\"},{\"@type\":\"WebPage\",\"@id\":\"https:\/\/www.pressenza.com\/es\/2023\/07\/la-superioridad-moral-de-allende\/\",\"url\":\"https:\/\/www.pressenza.com\/es\/2023\/07\/la-superioridad-moral-de-allende\/\",\"name\":\"La superioridad moral de Allende\",\"isPartOf\":{\"@id\":\"https:\/\/www.pressenza.com\/es\/#website\"},\"primaryImageOfPage\":{\"@id\":\"https:\/\/www.pressenza.com\/es\/2023\/07\/la-superioridad-moral-de-allende\/#primaryimage\"},\"image\":{\"@id\":\"https:\/\/www.pressenza.com\/es\/2023\/07\/la-superioridad-moral-de-allende\/#primaryimage\"},\"thumbnailUrl\":\"https:\/\/www.pressenza.com\/wp-content\/uploads\/2023\/07\/Allende.jpeg\",\"datePublished\":\"2023-07-31T13:54:01+00:00\",\"description\":\"La solvencia \u00e9tica de los dirigentes pol\u00edticos se prueba con los a\u00f1os de trayectoria en el servicio p\u00fablico. Sus ingredientes fundamentales son la\",\"breadcrumb\":{\"@id\":\"https:\/\/www.pressenza.com\/es\/2023\/07\/la-superioridad-moral-de-allende\/#breadcrumb\"},\"inLanguage\":\"es\",\"potentialAction\":[{\"@type\":\"ReadAction\",\"target\":[\"https:\/\/www.pressenza.com\/es\/2023\/07\/la-superioridad-moral-de-allende\/\"]}]},{\"@type\":\"ImageObject\",\"inLanguage\":\"es\",\"@id\":\"https:\/\/www.pressenza.com\/es\/2023\/07\/la-superioridad-moral-de-allende\/#primaryimage\",\"url\":\"https:\/\/www.pressenza.com\/wp-content\/uploads\/2023\/07\/Allende.jpeg\",\"contentUrl\":\"https:\/\/www.pressenza.com\/wp-content\/uploads\/2023\/07\/Allende.jpeg\",\"width\":712,\"height\":430},{\"@type\":\"BreadcrumbList\",\"@id\":\"https:\/\/www.pressenza.com\/es\/2023\/07\/la-superioridad-moral-de-allende\/#breadcrumb\",\"itemListElement\":[{\"@type\":\"ListItem\",\"position\":1,\"name\":\"Accueil\",\"item\":\"https:\/\/www.pressenza.com\/es\/\"},{\"@type\":\"ListItem\",\"position\":2,\"name\":\"La superioridad moral de Allende\"}]},{\"@type\":\"WebSite\",\"@id\":\"https:\/\/www.pressenza.com\/es\/#website\",\"url\":\"https:\/\/www.pressenza.com\/es\/\",\"name\":\"Pressenza\",\"description\":\"International Press Agency\",\"publisher\":{\"@id\":\"https:\/\/www.pressenza.com\/es\/#organization\"},\"potentialAction\":[{\"@type\":\"SearchAction\",\"target\":{\"@type\":\"EntryPoint\",\"urlTemplate\":\"https:\/\/www.pressenza.com\/es\/?s={search_term_string}\"},\"query-input\":{\"@type\":\"PropertyValueSpecification\",\"valueRequired\":true,\"valueName\":\"search_term_string\"}}],\"inLanguage\":\"es\"},{\"@type\":\"Organization\",\"@id\":\"https:\/\/www.pressenza.com\/es\/#organization\",\"name\":\"Pressenza\",\"url\":\"https:\/\/www.pressenza.com\/es\/\",\"logo\":{\"@type\":\"ImageObject\",\"inLanguage\":\"es\",\"@id\":\"https:\/\/www.pressenza.com\/es\/#\/schema\/logo\/image\/\",\"url\":\"https:\/\/www.pressenza.com\/wp-content\/uploads\/2022\/10\/pressenza_logo_200x200.jpg\",\"contentUrl\":\"https:\/\/www.pressenza.com\/wp-content\/uploads\/2022\/10\/pressenza_logo_200x200.jpg\",\"width\":200,\"height\":200,\"caption\":\"Pressenza\"},\"image\":{\"@id\":\"https:\/\/www.pressenza.com\/es\/#\/schema\/logo\/image\/\"},\"sameAs\":[\"https:\/\/www.facebook.com\/PressenzaItalia\",\"https:\/\/x.com\/PressenzaIPA\"]},{\"@type\":\"Person\",\"@id\":\"https:\/\/www.pressenza.com\/es\/#\/schema\/person\/d72a7c8c014dcbfa2ef9e9976103ea0d\",\"name\":\"Juan Pablo C\u00e1rdenas\",\"description\":\"Juan Pablo C\u00e1rdenas Squella es un periodista y profesor universitario de vasta trayectoria. En el 2005 recibi\u00f3 en premio nacional de Periodismo y, antes, la Pluma de Oro de la Libertad, otorgada por la Federaci\u00f3n Mundial de la Prensa. Tambi\u00e9n obtuvo el Premio Latinoamericano de Periodismo, la Houten Camara de Holanda (1989) entre otras m\u00faltiples distinciones nacionales y extranjeras. Forma parte de los sesenta periodistas del mundo considerados H\u00e9roes de la Libertad de Expresi\u00f3n, reconocimiento hecho por la Federaci\u00f3n Internacional de Periodistas. Ha sido director y columnista de las revistas Debate Universitario, An\u00e1lisis y Los Tiempos, as\u00ed como del diario electr\u00f3nico primeral\u00ednea.cl. Tambi\u00e9n fue por m\u00e1s 18 a\u00f1os director de la Radio Universidad de Chile y de su diario digital. Se ha desempe\u00f1ado como profesor de varias escuelas de periodismo de Santiago y Valpara\u00edso y en la Universidad de Chile alcanz\u00f3 el grado de profesor titular y senador universitario.\",\"url\":\"https:\/\/www.pressenza.com\/es\/author\/juan-pablo-cardenas\/\"}]}<\/script>\n<!-- \/ Yoast SEO plugin. -->","yoast_head_json":{"title":"La superioridad moral de Allende","description":"La solvencia \u00e9tica de los dirigentes pol\u00edticos se prueba con los a\u00f1os de trayectoria en el servicio p\u00fablico. Sus ingredientes fundamentales son la","robots":{"index":"index","follow":"follow","max-snippet":"max-snippet:-1","max-image-preview":"max-image-preview:large","max-video-preview":"max-video-preview:-1"},"canonical":"https:\/\/www.pressenza.com\/es\/2023\/07\/la-superioridad-moral-de-allende\/","og_locale":"es_ES","og_type":"article","og_title":"La superioridad moral de Allende","og_description":"La solvencia \u00e9tica de los dirigentes pol\u00edticos se prueba con los a\u00f1os de trayectoria en el servicio p\u00fablico. Sus ingredientes fundamentales son la","og_url":"https:\/\/www.pressenza.com\/es\/2023\/07\/la-superioridad-moral-de-allende\/","og_site_name":"Pressenza","article_publisher":"https:\/\/www.facebook.com\/PressenzaItalia","article_published_time":"2023-07-31T13:54:01+00:00","og_image":[{"width":712,"height":430,"url":"https:\/\/www.pressenza.com\/wp-content\/uploads\/2023\/07\/Allende.jpeg","type":"image\/jpeg"}],"author":"Juan Pablo C\u00e1rdenas","twitter_card":"summary_large_image","twitter_creator":"@PressenzaIPA","twitter_site":"@PressenzaIPA","twitter_misc":{"Escrito por":"Juan Pablo C\u00e1rdenas","Tiempo de lectura":"5 minutos"},"schema":{"@context":"https:\/\/schema.org","@graph":[{"@type":"Article","@id":"https:\/\/www.pressenza.com\/es\/2023\/07\/la-superioridad-moral-de-allende\/#article","isPartOf":{"@id":"https:\/\/www.pressenza.com\/es\/2023\/07\/la-superioridad-moral-de-allende\/"},"author":{"name":"Juan Pablo C\u00e1rdenas","@id":"https:\/\/www.pressenza.com\/es\/#\/schema\/person\/d72a7c8c014dcbfa2ef9e9976103ea0d"},"headline":"La superioridad moral de Allende","datePublished":"2023-07-31T13:54:01+00:00","mainEntityOfPage":{"@id":"https:\/\/www.pressenza.com\/es\/2023\/07\/la-superioridad-moral-de-allende\/"},"wordCount":1009,"publisher":{"@id":"https:\/\/www.pressenza.com\/es\/#organization"},"image":{"@id":"https:\/\/www.pressenza.com\/es\/2023\/07\/la-superioridad-moral-de-allende\/#primaryimage"},"thumbnailUrl":"https:\/\/www.pressenza.com\/wp-content\/uploads\/2023\/07\/Allende.jpeg","keywords":["Chile","Salvador Allende"],"articleSection":["Contenido Original","Opiniones","Pol\u00edtica","Sudam\u00e9rica"],"inLanguage":"es"},{"@type":"WebPage","@id":"https:\/\/www.pressenza.com\/es\/2023\/07\/la-superioridad-moral-de-allende\/","url":"https:\/\/www.pressenza.com\/es\/2023\/07\/la-superioridad-moral-de-allende\/","name":"La superioridad moral de Allende","isPartOf":{"@id":"https:\/\/www.pressenza.com\/es\/#website"},"primaryImageOfPage":{"@id":"https:\/\/www.pressenza.com\/es\/2023\/07\/la-superioridad-moral-de-allende\/#primaryimage"},"image":{"@id":"https:\/\/www.pressenza.com\/es\/2023\/07\/la-superioridad-moral-de-allende\/#primaryimage"},"thumbnailUrl":"https:\/\/www.pressenza.com\/wp-content\/uploads\/2023\/07\/Allende.jpeg","datePublished":"2023-07-31T13:54:01+00:00","description":"La solvencia \u00e9tica de los dirigentes pol\u00edticos se prueba con los a\u00f1os de trayectoria en el servicio p\u00fablico. Sus ingredientes fundamentales son la","breadcrumb":{"@id":"https:\/\/www.pressenza.com\/es\/2023\/07\/la-superioridad-moral-de-allende\/#breadcrumb"},"inLanguage":"es","potentialAction":[{"@type":"ReadAction","target":["https:\/\/www.pressenza.com\/es\/2023\/07\/la-superioridad-moral-de-allende\/"]}]},{"@type":"ImageObject","inLanguage":"es","@id":"https:\/\/www.pressenza.com\/es\/2023\/07\/la-superioridad-moral-de-allende\/#primaryimage","url":"https:\/\/www.pressenza.com\/wp-content\/uploads\/2023\/07\/Allende.jpeg","contentUrl":"https:\/\/www.pressenza.com\/wp-content\/uploads\/2023\/07\/Allende.jpeg","width":712,"height":430},{"@type":"BreadcrumbList","@id":"https:\/\/www.pressenza.com\/es\/2023\/07\/la-superioridad-moral-de-allende\/#breadcrumb","itemListElement":[{"@type":"ListItem","position":1,"name":"Accueil","item":"https:\/\/www.pressenza.com\/es\/"},{"@type":"ListItem","position":2,"name":"La superioridad moral de Allende"}]},{"@type":"WebSite","@id":"https:\/\/www.pressenza.com\/es\/#website","url":"https:\/\/www.pressenza.com\/es\/","name":"Pressenza","description":"International Press Agency","publisher":{"@id":"https:\/\/www.pressenza.com\/es\/#organization"},"potentialAction":[{"@type":"SearchAction","target":{"@type":"EntryPoint","urlTemplate":"https:\/\/www.pressenza.com\/es\/?s={search_term_string}"},"query-input":{"@type":"PropertyValueSpecification","valueRequired":true,"valueName":"search_term_string"}}],"inLanguage":"es"},{"@type":"Organization","@id":"https:\/\/www.pressenza.com\/es\/#organization","name":"Pressenza","url":"https:\/\/www.pressenza.com\/es\/","logo":{"@type":"ImageObject","inLanguage":"es","@id":"https:\/\/www.pressenza.com\/es\/#\/schema\/logo\/image\/","url":"https:\/\/www.pressenza.com\/wp-content\/uploads\/2022\/10\/pressenza_logo_200x200.jpg","contentUrl":"https:\/\/www.pressenza.com\/wp-content\/uploads\/2022\/10\/pressenza_logo_200x200.jpg","width":200,"height":200,"caption":"Pressenza"},"image":{"@id":"https:\/\/www.pressenza.com\/es\/#\/schema\/logo\/image\/"},"sameAs":["https:\/\/www.facebook.com\/PressenzaItalia","https:\/\/x.com\/PressenzaIPA"]},{"@type":"Person","@id":"https:\/\/www.pressenza.com\/es\/#\/schema\/person\/d72a7c8c014dcbfa2ef9e9976103ea0d","name":"Juan Pablo C\u00e1rdenas","description":"Juan Pablo C\u00e1rdenas Squella es un periodista y profesor universitario de vasta trayectoria. En el 2005 recibi\u00f3 en premio nacional de Periodismo y, antes, la Pluma de Oro de la Libertad, otorgada por la Federaci\u00f3n Mundial de la Prensa. Tambi\u00e9n obtuvo el Premio Latinoamericano de Periodismo, la Houten Camara de Holanda (1989) entre otras m\u00faltiples distinciones nacionales y extranjeras. Forma parte de los sesenta periodistas del mundo considerados H\u00e9roes de la Libertad de Expresi\u00f3n, reconocimiento hecho por la Federaci\u00f3n Internacional de Periodistas. Ha sido director y columnista de las revistas Debate Universitario, An\u00e1lisis y Los Tiempos, as\u00ed como del diario electr\u00f3nico primeral\u00ednea.cl. Tambi\u00e9n fue por m\u00e1s 18 a\u00f1os director de la Radio Universidad de Chile y de su diario digital. Se ha desempe\u00f1ado como profesor de varias escuelas de periodismo de Santiago y Valpara\u00edso y en la Universidad de Chile alcanz\u00f3 el grado de profesor titular y senador universitario.","url":"https:\/\/www.pressenza.com\/es\/author\/juan-pablo-cardenas\/"}]}},"place":"Santiago de Chile","original_article_url":"","_links":{"self":[{"href":"https:\/\/www.pressenza.com\/es\/wp-json\/wp\/v2\/posts\/1754897","targetHints":{"allow":["GET"]}}],"collection":[{"href":"https:\/\/www.pressenza.com\/es\/wp-json\/wp\/v2\/posts"}],"about":[{"href":"https:\/\/www.pressenza.com\/es\/wp-json\/wp\/v2\/types\/post"}],"author":[{"embeddable":true,"href":"https:\/\/www.pressenza.com\/es\/wp-json\/wp\/v2\/users\/1739"}],"replies":[{"embeddable":true,"href":"https:\/\/www.pressenza.com\/es\/wp-json\/wp\/v2\/comments?post=1754897"}],"version-history":[{"count":0,"href":"https:\/\/www.pressenza.com\/es\/wp-json\/wp\/v2\/posts\/1754897\/revisions"}],"wp:featuredmedia":[{"embeddable":true,"href":"https:\/\/www.pressenza.com\/es\/wp-json\/wp\/v2\/media\/1754898"}],"wp:attachment":[{"href":"https:\/\/www.pressenza.com\/es\/wp-json\/wp\/v2\/media?parent=1754897"}],"wp:term":[{"taxonomy":"category","embeddable":true,"href":"https:\/\/www.pressenza.com\/es\/wp-json\/wp\/v2\/categories?post=1754897"},{"taxonomy":"post_tag","embeddable":true,"href":"https:\/\/www.pressenza.com\/es\/wp-json\/wp\/v2\/tags?post=1754897"}],"curies":[{"name":"wp","href":"https:\/\/api.w.org\/{rel}","templated":true}]}}