{"id":1754668,"date":"2023-07-30T15:51:02","date_gmt":"2023-07-30T14:51:02","guid":{"rendered":"https:\/\/www.pressenza.com\/?p=1754668"},"modified":"2023-07-30T15:51:02","modified_gmt":"2023-07-30T14:51:02","slug":"guatemala-por-que-semilla-no-apuesta-por-la-plurinacionalidad-en-un-pais-multicultural","status":"publish","type":"post","link":"https:\/\/www.pressenza.com\/es\/2023\/07\/guatemala-por-que-semilla-no-apuesta-por-la-plurinacionalidad-en-un-pais-multicultural\/","title":{"rendered":"Guatemala: \u00bfPor qu\u00e9 Semilla no apuesta por la plurinacionalidad en un pa\u00eds multicultural?"},"content":{"rendered":"<div>\n<p class=\"v1MsoNormal\" style=\"text-align: left;\" align=\"right\"><span lang=\"ES\">por <em>Ollantay Itzamn\u00e1<\/em><\/span><\/p>\n<p class=\"v1MsoNormal\"><span lang=\"ES\">El Emperador de Roma, para mantener distra\u00eddos y desmovilizados a ciudadanos romanos y esclavos, aplic\u00f3 por mucho tiempo la pol\u00edtica imperial de: \u00abpan y circo para el pueblo\u00bb.<\/span><\/p>\n<p class=\"v1MsoNormal\"><span lang=\"ES\">Fiestas o circos bacanales que duraban hasta 100 d\u00edas consecutivos, donde leones se bat\u00edan con gladiadores, con la finalidad de impedir \u00abel despertar y los levantamientos populares\u00bb.<\/span><\/p>\n<p class=\"v1MsoNormal\"><span lang=\"ES\">En Guatemala, el Emperador norteamericano y su oligarqu\u00eda guatemalteca fraccionada en m\u00e1s de un bando, aplican esta milenaria pol\u00edtica circense romana, aprovechando la coyuntura electoral. En el circo electoral actual ya no son leones y gladiadores que se enfrentan a muerte (como en Roma), sino son los promotores y benefactores del bicentenario Estado criollo racista que se sacuden a muerte para hacerse del turno por 4 a\u00f1os para su administraci\u00f3n corrupta.<\/span><\/p>\n<p class=\"v1MsoNormal\"><span lang=\"ES\">El objetivo del Imperio, para recrear este circo, reeditado del 2015, es evitar a toda costa que la revuelta plurinacional de los pueblos despojados y hambrientos reviente nada menos que la puerta de ingreso a su patio trasero como es Guatemala. Despu\u00e9s de todo, ya perdi\u00f3 el control de M\u00e9xico, Centroam\u00e9rica (excepto Guatemala), Colombia&#8230; S\u00f3lo le queda Chile y la dictadura de Per\u00fa.<\/span><\/p>\n<p class=\"v1MsoNormal\"><span lang=\"ES\">Si el Imperio pierde Guatemala, el Oso (Rusia) y el Drag\u00f3n (China), sin disparar un solo tiro llegar\u00e1n hasta el ingreso de la Casa Blanca en busca del Halc\u00f3n cada vez m\u00e1s vetusto.<\/span><\/p>\n<p class=\"v1MsoNormal\"><b><span lang=\"ES\">En Guatemala nunca hubo democracia, ni elecciones democr\u00e1ticas<\/span><\/b><\/p>\n<p class=\"v1MsoNormal\"><span lang=\"ES\">Para legitimar su circo en el imaginario de los pueblos hambrientos de Guatemala, el Emperador y sus operadores instalaron dos falacias potentes: \u00abLa democracia corre peligro\u00bb, \u00abel voto popular debe de ser respetado\u00bb.<\/span><\/p>\n<p class=\"v1MsoNormal\"><span lang=\"ES\">Lo cierto es que para las grandes mayor\u00edas despojadas de Guatemala jam\u00e1s hubo democracia. Muestra de ello es que, en un pa\u00eds ind\u00edgena, jam\u00e1s las y los ind\u00edgenas fueron elegibles, ni mucho menos llegaron a ser gobiernos o funcionarios p\u00fablicos en dos siglos de Rep\u00fablica criolla. <\/span><\/p>\n<p class=\"v1MsoNormal\"><span lang=\"ES\">Del respeto del voto, ni que se diga: los patrones llaman y organizan los procesos electorales (mediante sus caporales) cuidando que candidatos o partidos inc\u00f3modos no participen en los procesos electorales. Recuerden el caso del Partido de Trabajadores de Guatemala (siglo pasado) o el caso del MLP (en las recientes elecciones).<\/span><\/p>\n<p class=\"v1MsoNormal\"><span lang=\"ES\">El asunto no es tanto que el Imperio y sus oligarqu\u00edas racistas (corruptas y menos corruptas) ensayen circos o promuevan falacias. La cuesti\u00f3n es que la guatemalticidad progre, indigenista, feminista, campesina o urbana festeja y replica esas y otras premisas falsas.<\/span><\/p>\n<p class=\"v1MsoNormal\"><b><span lang=\"ES\">\u00bfD\u00f3nde est\u00e1n los plurinacionales o las y los mayas que clamaban la frase: \u00abde la resistencia al poder\u00bb?<\/span><\/b><\/p>\n<p class=\"v1MsoNormal\"><span lang=\"ES\">Del teatro o circo de la \u00ablucha anticorrupci\u00f3n\u00bb del 2015, promovido por los EEUU., al circo electoral 2023, las condiciones existenciales de Guatemala, lejos de mejorar, empeoraron para las grandes mayor\u00edas. Seg\u00fan datos oficiales, en 2015, el 59% de guatemaltecos se encontraba en situaci\u00f3n de pobreza, y para el 2022 ese porcentaje subi\u00f3 al 63%.<\/span><\/p>\n<p class=\"v1MsoNormal\"><span lang=\"ES\">En aquella oportunidad, como voz prof\u00e9tica retumb\u00f3 desde las comunidades y pueblos organizados en resistencia de Guatemala: \u00abVamos por un proceso de Asamblea Constituyente Popular y Plurinacional (ACPP)\u00bb. Pero, en esa oportunidad, progresistas e ind\u00edgenas cualificados dijeron: \u00abdebemos avanzar progresivamente\u00bb. \u00abHagamos reformas, luego vamos hacia la plurinacionalidad\u00bb. Y as\u00ed fue c\u00f3mo se neutralizaron los procesos de cambios estructurales en Guatemala. <\/span><\/p>\n<p class=\"v1MsoNormal\"><span lang=\"ES\">Es lo mismo que ocurre ahora, en 2023. Progres e ind\u00edgenas cualificados llamando a que ind\u00edgenas y campesinos plurinacionales se sumen al proyecto del partido Semilla. Sabiendo incluso que dicho proyecto partidista es parte del circo norteamericano, con la finalidad de anular por completo las apuestas genuinas de plurinacionalidad en Guatemala.<\/span><\/p>\n<p class=\"v1MsoNormal\"><span lang=\"ES\">Al parecer, la plurinacionalidad que en los \u00faltimos a\u00f1os hab\u00eda ganado espacio en el relato de algunas ONG o dirigentes ind\u00edgenas, ahora, en el circo electoral made in USA se despinta como barniz superficial, mostrando lo que en esencia es la aspiraci\u00f3n de la \u00absubalternidad cualificada\u00bb: esforzarse por ser como el patr\u00f3n colonial, indolente con la agenda de los pueblos.<\/span><\/p>\n<p class=\"v1MsoNormal\"><b><span lang=\"ES\">\u00bfPor qu\u00e9 Semilla no apuesta por la plurinacionalidad en un pa\u00eds multicultural?<\/span><\/b><\/p>\n<p class=\"v1MsoNormal\"><span lang=\"ES\">Bernardo Ar\u00e9valo (hijo del ex presidente Juan Jos\u00e9 Ar\u00e9valo), no s\u00f3lo conoce la amarga historia del intervencionismo norteamericano en Guatemala que trunc\u00f3 el proyecto pol\u00edtico de su padre, sino tambi\u00e9n por tener t\u00edtulo de antrop\u00f3logo social conoce la realidad del colonialismo interno que padecen los pueblos de su pa\u00eds, y los desaf\u00edos urgentes de la plurinacionalidad.<\/span><\/p>\n<p class=\"v1MsoNormal\"><span lang=\"ES\">Pero, muy a pesar de ello, no s\u00f3lo se apoya en Washington para salir avante en las pr\u00f3ximas elecciones de la segunda vuelta, sino que obvia por completo la realidad y las agendas de los pueblos originarios y campesinos en Guatemala. <\/span><\/p>\n<p class=\"v1MsoNormal\"><span lang=\"ES\">En Guatemala no se necesita hacer estudios doctorales para identificar que una de las principales causas y mecanismos del despojo, empobrecimiento y corrupci\u00f3n p\u00fablica fue y es el proceso de las privatizaciones de bienes y servicios p\u00fablicos. Pero, revisar los contratos de privatizaci\u00f3n no est\u00e1 contemplado en el programa de gobierno de Ar\u00e9valo.<\/span><\/p>\n<p class=\"v1MsoNormal\"><span lang=\"ES\">Semilla, en su programa de gobierno, a lo sumo refiere a derechos individuales con \u00abpertinencia cultural\u00bb. Ning\u00fan derecho colectivo de los pueblos incorporados en el derecho internacional est\u00e1 presente en el ideario de Semilla. Mucho menos los derechos pol\u00edticos colectivos. Ni hablar de los territorios ind\u00edgenas o la propuesta de Estado plurinacional.<\/span><\/p>\n<p class=\"v1MsoNormal\"><span lang=\"ES\">Esta mutilaci\u00f3n de la realidad en el programa de gobierno de un letrado \u00abprogre\u00bb no es gratuita, ni ignorancia. Obedece a un mandato constitutivo y trascendental que viene de sus progenitores: repeler a toda costa la posibilidad de la difusi\u00f3n y materializaci\u00f3n de la idea de la plurinacionalidad post neoliberal en Guatemala. Es decir, Semilla es una condici\u00f3n de posibilidad para la aniquilaci\u00f3n total de las propuestas de plurinacionalidad y de los horizontes del Buen Vivir en Guatemala. Desear\u00eda equivocarme, pero hacia all\u00ed vamos.<\/span><\/p>\n<p class=\"v1MsoNormal\"><i><span lang=\"ES\">\u00a0<\/span><\/i><\/p>\n<\/div>\n<div>\n<div class=\"v1gmail_signature\" dir=\"ltr\">\n<div dir=\"ltr\">\n<div>\n<div dir=\"ltr\">\n<div dir=\"ltr\">Ollantay Itzamn\u00e1 es <i>Defensor de Derechos de la Madre Tierra y Derechos Humanos desde Abya Yala<\/i><\/p>\n<div><a href=\"https:\/\/ollantayitzamna.com\/\" target=\"_blank\" rel=\"noopener noreferrer\">https:\/\/ollantayitzamna.com\/<\/a><\/div>\n<div><i>@JubenalQ<\/i><\/div>\n<\/div>\n<\/div>\n<\/div>\n<\/div>\n<\/div>\n<\/div>\n","protected":false},"excerpt":{"rendered":"<p>por Ollantay Itzamn\u00e1 El Emperador de Roma, para mantener distra\u00eddos y desmovilizados a ciudadanos romanos y esclavos, aplic\u00f3 por mucho tiempo la pol\u00edtica imperial de: \u00abpan y circo para el pueblo\u00bb. Fiestas o circos bacanales que duraban hasta 100 d\u00edas&hellip;<\/p>\n","protected":false},"author":1300,"featured_media":1754672,"comment_status":"closed","ping_status":"closed","sticky":false,"template":"","format":"standard","meta":{"footnotes":""},"categories":[69,161,74,80],"tags":[114070,1828,114928,27685],"class_list":["post-1754668","post","type-post","status-publish","format-standard","has-post-thumbnail","hentry","category-america-central","category-opiniones","category-politica-es","category-pueblos-originarios","tag-bernardo-arevalo","tag-guatemala-es","tag-movimiento-semilla","tag-segunda-vuelta-electoral"],"yoast_head":"<!-- This site is optimized with the Yoast SEO plugin v27.1.1 - https:\/\/yoast.com\/product\/yoast-seo-wordpress\/ -->\n<title>Guatemala: \u00bfPor qu\u00e9 Semilla no apuesta por la plurinacionalidad en un pa\u00eds multicultural?<\/title>\n<meta name=\"description\" content=\"por Ollantay Itzamn\u00e1 El Emperador de Roma, para mantener distra\u00eddos y desmovilizados a ciudadanos romanos y esclavos, aplic\u00f3 por mucho tiempo la pol\u00edtica\" \/>\n<meta name=\"robots\" content=\"index, follow, max-snippet:-1, max-image-preview:large, max-video-preview:-1\" \/>\n<link rel=\"canonical\" href=\"https:\/\/www.pressenza.com\/es\/2023\/07\/guatemala-por-que-semilla-no-apuesta-por-la-plurinacionalidad-en-un-pais-multicultural\/\" \/>\n<meta property=\"og:locale\" content=\"es_ES\" \/>\n<meta property=\"og:type\" content=\"article\" \/>\n<meta property=\"og:title\" content=\"Guatemala: \u00bfPor qu\u00e9 Semilla no apuesta por la plurinacionalidad en un pa\u00eds multicultural?\" \/>\n<meta property=\"og:description\" content=\"por Ollantay Itzamn\u00e1 El Emperador de Roma, para mantener distra\u00eddos y desmovilizados a ciudadanos romanos y esclavos, aplic\u00f3 por mucho tiempo la pol\u00edtica\" \/>\n<meta property=\"og:url\" content=\"https:\/\/www.pressenza.com\/es\/2023\/07\/guatemala-por-que-semilla-no-apuesta-por-la-plurinacionalidad-en-un-pais-multicultural\/\" \/>\n<meta property=\"og:site_name\" content=\"Pressenza\" \/>\n<meta property=\"article:publisher\" content=\"https:\/\/www.facebook.com\/PressenzaItalia\" \/>\n<meta property=\"article:published_time\" content=\"2023-07-30T14:51:02+00:00\" \/>\n<meta property=\"og:image\" content=\"https:\/\/www.pressenza.com\/wp-content\/uploads\/2023\/07\/Cocineras_guatemaltecas.jpg\" \/>\n\t<meta property=\"og:image:width\" content=\"1024\" \/>\n\t<meta property=\"og:image:height\" content=\"685\" \/>\n\t<meta property=\"og:image:type\" content=\"image\/jpeg\" \/>\n<meta name=\"author\" content=\"Redacci\u00f3n M\u00e9xico\" \/>\n<meta name=\"twitter:card\" content=\"summary_large_image\" \/>\n<meta name=\"twitter:creator\" content=\"@PressenzaIPA\" \/>\n<meta name=\"twitter:site\" content=\"@PressenzaIPA\" \/>\n<meta name=\"twitter:label1\" content=\"Escrito por\" \/>\n\t<meta name=\"twitter:data1\" content=\"Redacci\u00f3n M\u00e9xico\" \/>\n\t<meta name=\"twitter:label2\" content=\"Tiempo de lectura\" \/>\n\t<meta name=\"twitter:data2\" content=\"5 minutos\" \/>\n<script type=\"application\/ld+json\" class=\"yoast-schema-graph\">{\"@context\":\"https:\/\/schema.org\",\"@graph\":[{\"@type\":\"Article\",\"@id\":\"https:\/\/www.pressenza.com\/es\/2023\/07\/guatemala-por-que-semilla-no-apuesta-por-la-plurinacionalidad-en-un-pais-multicultural\/#article\",\"isPartOf\":{\"@id\":\"https:\/\/www.pressenza.com\/es\/2023\/07\/guatemala-por-que-semilla-no-apuesta-por-la-plurinacionalidad-en-un-pais-multicultural\/\"},\"author\":{\"name\":\"Redacci\u00f3n M\u00e9xico\",\"@id\":\"https:\/\/www.pressenza.com\/es\/#\/schema\/person\/ea3a5d108f4abbf76bec1ad953cf74f4\"},\"headline\":\"Guatemala: \u00bfPor qu\u00e9 Semilla no apuesta por la plurinacionalidad en un pa\u00eds multicultural?\",\"datePublished\":\"2023-07-30T14:51:02+00:00\",\"mainEntityOfPage\":{\"@id\":\"https:\/\/www.pressenza.com\/es\/2023\/07\/guatemala-por-que-semilla-no-apuesta-por-la-plurinacionalidad-en-un-pais-multicultural\/\"},\"wordCount\":1041,\"publisher\":{\"@id\":\"https:\/\/www.pressenza.com\/es\/#organization\"},\"image\":{\"@id\":\"https:\/\/www.pressenza.com\/es\/2023\/07\/guatemala-por-que-semilla-no-apuesta-por-la-plurinacionalidad-en-un-pais-multicultural\/#primaryimage\"},\"thumbnailUrl\":\"https:\/\/www.pressenza.com\/wp-content\/uploads\/2023\/07\/Cocineras_guatemaltecas.jpg\",\"keywords\":[\"Bernardo Ar\u00e9valo\",\"Guatemala\",\"Movimiento Semilla\",\"segunda vuelta electoral\"],\"articleSection\":[\"Am\u00e9rica Central\",\"Opiniones\",\"Pol\u00edtica\",\"Pueblos Originarios\"],\"inLanguage\":\"es\"},{\"@type\":\"WebPage\",\"@id\":\"https:\/\/www.pressenza.com\/es\/2023\/07\/guatemala-por-que-semilla-no-apuesta-por-la-plurinacionalidad-en-un-pais-multicultural\/\",\"url\":\"https:\/\/www.pressenza.com\/es\/2023\/07\/guatemala-por-que-semilla-no-apuesta-por-la-plurinacionalidad-en-un-pais-multicultural\/\",\"name\":\"Guatemala: \u00bfPor qu\u00e9 Semilla no apuesta por la plurinacionalidad en un pa\u00eds multicultural?\",\"isPartOf\":{\"@id\":\"https:\/\/www.pressenza.com\/es\/#website\"},\"primaryImageOfPage\":{\"@id\":\"https:\/\/www.pressenza.com\/es\/2023\/07\/guatemala-por-que-semilla-no-apuesta-por-la-plurinacionalidad-en-un-pais-multicultural\/#primaryimage\"},\"image\":{\"@id\":\"https:\/\/www.pressenza.com\/es\/2023\/07\/guatemala-por-que-semilla-no-apuesta-por-la-plurinacionalidad-en-un-pais-multicultural\/#primaryimage\"},\"thumbnailUrl\":\"https:\/\/www.pressenza.com\/wp-content\/uploads\/2023\/07\/Cocineras_guatemaltecas.jpg\",\"datePublished\":\"2023-07-30T14:51:02+00:00\",\"description\":\"por Ollantay Itzamn\u00e1 El Emperador de Roma, para mantener distra\u00eddos y desmovilizados a ciudadanos romanos y esclavos, aplic\u00f3 por mucho tiempo la pol\u00edtica\",\"breadcrumb\":{\"@id\":\"https:\/\/www.pressenza.com\/es\/2023\/07\/guatemala-por-que-semilla-no-apuesta-por-la-plurinacionalidad-en-un-pais-multicultural\/#breadcrumb\"},\"inLanguage\":\"es\",\"potentialAction\":[{\"@type\":\"ReadAction\",\"target\":[\"https:\/\/www.pressenza.com\/es\/2023\/07\/guatemala-por-que-semilla-no-apuesta-por-la-plurinacionalidad-en-un-pais-multicultural\/\"]}]},{\"@type\":\"ImageObject\",\"inLanguage\":\"es\",\"@id\":\"https:\/\/www.pressenza.com\/es\/2023\/07\/guatemala-por-que-semilla-no-apuesta-por-la-plurinacionalidad-en-un-pais-multicultural\/#primaryimage\",\"url\":\"https:\/\/www.pressenza.com\/wp-content\/uploads\/2023\/07\/Cocineras_guatemaltecas.jpg\",\"contentUrl\":\"https:\/\/www.pressenza.com\/wp-content\/uploads\/2023\/07\/Cocineras_guatemaltecas.jpg\",\"width\":1024,\"height\":685},{\"@type\":\"BreadcrumbList\",\"@id\":\"https:\/\/www.pressenza.com\/es\/2023\/07\/guatemala-por-que-semilla-no-apuesta-por-la-plurinacionalidad-en-un-pais-multicultural\/#breadcrumb\",\"itemListElement\":[{\"@type\":\"ListItem\",\"position\":1,\"name\":\"Accueil\",\"item\":\"https:\/\/www.pressenza.com\/es\/\"},{\"@type\":\"ListItem\",\"position\":2,\"name\":\"Guatemala: \u00bfPor qu\u00e9 Semilla no apuesta por la plurinacionalidad en un pa\u00eds multicultural?\"}]},{\"@type\":\"WebSite\",\"@id\":\"https:\/\/www.pressenza.com\/es\/#website\",\"url\":\"https:\/\/www.pressenza.com\/es\/\",\"name\":\"Pressenza\",\"description\":\"International Press Agency\",\"publisher\":{\"@id\":\"https:\/\/www.pressenza.com\/es\/#organization\"},\"potentialAction\":[{\"@type\":\"SearchAction\",\"target\":{\"@type\":\"EntryPoint\",\"urlTemplate\":\"https:\/\/www.pressenza.com\/es\/?s={search_term_string}\"},\"query-input\":{\"@type\":\"PropertyValueSpecification\",\"valueRequired\":true,\"valueName\":\"search_term_string\"}}],\"inLanguage\":\"es\"},{\"@type\":\"Organization\",\"@id\":\"https:\/\/www.pressenza.com\/es\/#organization\",\"name\":\"Pressenza\",\"url\":\"https:\/\/www.pressenza.com\/es\/\",\"logo\":{\"@type\":\"ImageObject\",\"inLanguage\":\"es\",\"@id\":\"https:\/\/www.pressenza.com\/es\/#\/schema\/logo\/image\/\",\"url\":\"https:\/\/www.pressenza.com\/wp-content\/uploads\/2022\/10\/pressenza_logo_200x200.jpg\",\"contentUrl\":\"https:\/\/www.pressenza.com\/wp-content\/uploads\/2022\/10\/pressenza_logo_200x200.jpg\",\"width\":200,\"height\":200,\"caption\":\"Pressenza\"},\"image\":{\"@id\":\"https:\/\/www.pressenza.com\/es\/#\/schema\/logo\/image\/\"},\"sameAs\":[\"https:\/\/www.facebook.com\/PressenzaItalia\",\"https:\/\/x.com\/PressenzaIPA\"]},{\"@type\":\"Person\",\"@id\":\"https:\/\/www.pressenza.com\/es\/#\/schema\/person\/ea3a5d108f4abbf76bec1ad953cf74f4\",\"name\":\"Redacci\u00f3n M\u00e9xico\",\"description\":\"News published by the Pressenza Bureau in Mexico\",\"url\":\"https:\/\/www.pressenza.com\/es\/author\/redaccion-mexico\/\"}]}<\/script>\n<!-- \/ Yoast SEO plugin. -->","yoast_head_json":{"title":"Guatemala: \u00bfPor qu\u00e9 Semilla no apuesta por la plurinacionalidad en un pa\u00eds multicultural?","description":"por Ollantay Itzamn\u00e1 El Emperador de Roma, para mantener distra\u00eddos y desmovilizados a ciudadanos romanos y esclavos, aplic\u00f3 por mucho tiempo la pol\u00edtica","robots":{"index":"index","follow":"follow","max-snippet":"max-snippet:-1","max-image-preview":"max-image-preview:large","max-video-preview":"max-video-preview:-1"},"canonical":"https:\/\/www.pressenza.com\/es\/2023\/07\/guatemala-por-que-semilla-no-apuesta-por-la-plurinacionalidad-en-un-pais-multicultural\/","og_locale":"es_ES","og_type":"article","og_title":"Guatemala: \u00bfPor qu\u00e9 Semilla no apuesta por la plurinacionalidad en un pa\u00eds multicultural?","og_description":"por Ollantay Itzamn\u00e1 El Emperador de Roma, para mantener distra\u00eddos y desmovilizados a ciudadanos romanos y esclavos, aplic\u00f3 por mucho tiempo la pol\u00edtica","og_url":"https:\/\/www.pressenza.com\/es\/2023\/07\/guatemala-por-que-semilla-no-apuesta-por-la-plurinacionalidad-en-un-pais-multicultural\/","og_site_name":"Pressenza","article_publisher":"https:\/\/www.facebook.com\/PressenzaItalia","article_published_time":"2023-07-30T14:51:02+00:00","og_image":[{"width":1024,"height":685,"url":"https:\/\/www.pressenza.com\/wp-content\/uploads\/2023\/07\/Cocineras_guatemaltecas.jpg","type":"image\/jpeg"}],"author":"Redacci\u00f3n M\u00e9xico","twitter_card":"summary_large_image","twitter_creator":"@PressenzaIPA","twitter_site":"@PressenzaIPA","twitter_misc":{"Escrito por":"Redacci\u00f3n M\u00e9xico","Tiempo de lectura":"5 minutos"},"schema":{"@context":"https:\/\/schema.org","@graph":[{"@type":"Article","@id":"https:\/\/www.pressenza.com\/es\/2023\/07\/guatemala-por-que-semilla-no-apuesta-por-la-plurinacionalidad-en-un-pais-multicultural\/#article","isPartOf":{"@id":"https:\/\/www.pressenza.com\/es\/2023\/07\/guatemala-por-que-semilla-no-apuesta-por-la-plurinacionalidad-en-un-pais-multicultural\/"},"author":{"name":"Redacci\u00f3n M\u00e9xico","@id":"https:\/\/www.pressenza.com\/es\/#\/schema\/person\/ea3a5d108f4abbf76bec1ad953cf74f4"},"headline":"Guatemala: \u00bfPor qu\u00e9 Semilla no apuesta por la plurinacionalidad en un pa\u00eds multicultural?","datePublished":"2023-07-30T14:51:02+00:00","mainEntityOfPage":{"@id":"https:\/\/www.pressenza.com\/es\/2023\/07\/guatemala-por-que-semilla-no-apuesta-por-la-plurinacionalidad-en-un-pais-multicultural\/"},"wordCount":1041,"publisher":{"@id":"https:\/\/www.pressenza.com\/es\/#organization"},"image":{"@id":"https:\/\/www.pressenza.com\/es\/2023\/07\/guatemala-por-que-semilla-no-apuesta-por-la-plurinacionalidad-en-un-pais-multicultural\/#primaryimage"},"thumbnailUrl":"https:\/\/www.pressenza.com\/wp-content\/uploads\/2023\/07\/Cocineras_guatemaltecas.jpg","keywords":["Bernardo Ar\u00e9valo","Guatemala","Movimiento Semilla","segunda vuelta electoral"],"articleSection":["Am\u00e9rica Central","Opiniones","Pol\u00edtica","Pueblos Originarios"],"inLanguage":"es"},{"@type":"WebPage","@id":"https:\/\/www.pressenza.com\/es\/2023\/07\/guatemala-por-que-semilla-no-apuesta-por-la-plurinacionalidad-en-un-pais-multicultural\/","url":"https:\/\/www.pressenza.com\/es\/2023\/07\/guatemala-por-que-semilla-no-apuesta-por-la-plurinacionalidad-en-un-pais-multicultural\/","name":"Guatemala: \u00bfPor qu\u00e9 Semilla no apuesta por la plurinacionalidad en un pa\u00eds multicultural?","isPartOf":{"@id":"https:\/\/www.pressenza.com\/es\/#website"},"primaryImageOfPage":{"@id":"https:\/\/www.pressenza.com\/es\/2023\/07\/guatemala-por-que-semilla-no-apuesta-por-la-plurinacionalidad-en-un-pais-multicultural\/#primaryimage"},"image":{"@id":"https:\/\/www.pressenza.com\/es\/2023\/07\/guatemala-por-que-semilla-no-apuesta-por-la-plurinacionalidad-en-un-pais-multicultural\/#primaryimage"},"thumbnailUrl":"https:\/\/www.pressenza.com\/wp-content\/uploads\/2023\/07\/Cocineras_guatemaltecas.jpg","datePublished":"2023-07-30T14:51:02+00:00","description":"por Ollantay Itzamn\u00e1 El Emperador de Roma, para mantener distra\u00eddos y desmovilizados a ciudadanos romanos y esclavos, aplic\u00f3 por mucho tiempo la pol\u00edtica","breadcrumb":{"@id":"https:\/\/www.pressenza.com\/es\/2023\/07\/guatemala-por-que-semilla-no-apuesta-por-la-plurinacionalidad-en-un-pais-multicultural\/#breadcrumb"},"inLanguage":"es","potentialAction":[{"@type":"ReadAction","target":["https:\/\/www.pressenza.com\/es\/2023\/07\/guatemala-por-que-semilla-no-apuesta-por-la-plurinacionalidad-en-un-pais-multicultural\/"]}]},{"@type":"ImageObject","inLanguage":"es","@id":"https:\/\/www.pressenza.com\/es\/2023\/07\/guatemala-por-que-semilla-no-apuesta-por-la-plurinacionalidad-en-un-pais-multicultural\/#primaryimage","url":"https:\/\/www.pressenza.com\/wp-content\/uploads\/2023\/07\/Cocineras_guatemaltecas.jpg","contentUrl":"https:\/\/www.pressenza.com\/wp-content\/uploads\/2023\/07\/Cocineras_guatemaltecas.jpg","width":1024,"height":685},{"@type":"BreadcrumbList","@id":"https:\/\/www.pressenza.com\/es\/2023\/07\/guatemala-por-que-semilla-no-apuesta-por-la-plurinacionalidad-en-un-pais-multicultural\/#breadcrumb","itemListElement":[{"@type":"ListItem","position":1,"name":"Accueil","item":"https:\/\/www.pressenza.com\/es\/"},{"@type":"ListItem","position":2,"name":"Guatemala: \u00bfPor qu\u00e9 Semilla no apuesta por la plurinacionalidad en un pa\u00eds multicultural?"}]},{"@type":"WebSite","@id":"https:\/\/www.pressenza.com\/es\/#website","url":"https:\/\/www.pressenza.com\/es\/","name":"Pressenza","description":"International Press Agency","publisher":{"@id":"https:\/\/www.pressenza.com\/es\/#organization"},"potentialAction":[{"@type":"SearchAction","target":{"@type":"EntryPoint","urlTemplate":"https:\/\/www.pressenza.com\/es\/?s={search_term_string}"},"query-input":{"@type":"PropertyValueSpecification","valueRequired":true,"valueName":"search_term_string"}}],"inLanguage":"es"},{"@type":"Organization","@id":"https:\/\/www.pressenza.com\/es\/#organization","name":"Pressenza","url":"https:\/\/www.pressenza.com\/es\/","logo":{"@type":"ImageObject","inLanguage":"es","@id":"https:\/\/www.pressenza.com\/es\/#\/schema\/logo\/image\/","url":"https:\/\/www.pressenza.com\/wp-content\/uploads\/2022\/10\/pressenza_logo_200x200.jpg","contentUrl":"https:\/\/www.pressenza.com\/wp-content\/uploads\/2022\/10\/pressenza_logo_200x200.jpg","width":200,"height":200,"caption":"Pressenza"},"image":{"@id":"https:\/\/www.pressenza.com\/es\/#\/schema\/logo\/image\/"},"sameAs":["https:\/\/www.facebook.com\/PressenzaItalia","https:\/\/x.com\/PressenzaIPA"]},{"@type":"Person","@id":"https:\/\/www.pressenza.com\/es\/#\/schema\/person\/ea3a5d108f4abbf76bec1ad953cf74f4","name":"Redacci\u00f3n M\u00e9xico","description":"News published by the Pressenza Bureau in Mexico","url":"https:\/\/www.pressenza.com\/es\/author\/redaccion-mexico\/"}]}},"place":"Ciudad de Guatemala, Guatemala","original_article_url":"","_links":{"self":[{"href":"https:\/\/www.pressenza.com\/es\/wp-json\/wp\/v2\/posts\/1754668","targetHints":{"allow":["GET"]}}],"collection":[{"href":"https:\/\/www.pressenza.com\/es\/wp-json\/wp\/v2\/posts"}],"about":[{"href":"https:\/\/www.pressenza.com\/es\/wp-json\/wp\/v2\/types\/post"}],"author":[{"embeddable":true,"href":"https:\/\/www.pressenza.com\/es\/wp-json\/wp\/v2\/users\/1300"}],"replies":[{"embeddable":true,"href":"https:\/\/www.pressenza.com\/es\/wp-json\/wp\/v2\/comments?post=1754668"}],"version-history":[{"count":0,"href":"https:\/\/www.pressenza.com\/es\/wp-json\/wp\/v2\/posts\/1754668\/revisions"}],"wp:featuredmedia":[{"embeddable":true,"href":"https:\/\/www.pressenza.com\/es\/wp-json\/wp\/v2\/media\/1754672"}],"wp:attachment":[{"href":"https:\/\/www.pressenza.com\/es\/wp-json\/wp\/v2\/media?parent=1754668"}],"wp:term":[{"taxonomy":"category","embeddable":true,"href":"https:\/\/www.pressenza.com\/es\/wp-json\/wp\/v2\/categories?post=1754668"},{"taxonomy":"post_tag","embeddable":true,"href":"https:\/\/www.pressenza.com\/es\/wp-json\/wp\/v2\/tags?post=1754668"}],"curies":[{"name":"wp","href":"https:\/\/api.w.org\/{rel}","templated":true}]}}