{"id":1754467,"date":"2023-07-29T02:10:54","date_gmt":"2023-07-29T01:10:54","guid":{"rendered":"https:\/\/www.pressenza.com\/?p=1754467"},"modified":"2023-07-29T02:10:54","modified_gmt":"2023-07-29T01:10:54","slug":"las-abuelas-de-plaza-de-mayo-encontraron-al-nieto-133","status":"publish","type":"post","link":"https:\/\/www.pressenza.com\/es\/2023\/07\/las-abuelas-de-plaza-de-mayo-encontraron-al-nieto-133\/","title":{"rendered":"Las Abuelas de Plaza de Mayo encontraron al nieto 133"},"content":{"rendered":"<p>Abuelas de Plaza de Mayo confirm\u00f3 el hallazgo y restituci\u00f3n de la identidad del nieto 133.\u00a0Los detalles de la noticia, que llega a meses nom\u00e1s de cumplirse el 40\u00ba aniversario del retorno de la democracia, ser\u00e1n brindados al mediod\u00eda durante una conferencia en la Casa por la Identidad del Espacio Memoria y Derechos Humanos exESMA.<\/p>\n<p>\u201cCon inmensa felicidad anunciamos el encuentro del nieto 133\u201d, anunci\u00f3 la organizaci\u00f3n de derechos humanos\u00a0esta ma\u00f1ana a trav\u00e9s de su p\u00e1gina web, donde destaca, adem\u00e1s, que \u201ccada restituci\u00f3n reafirma que el pueblo argentino nos acompa\u00f1a y decide no olvidar\u201d.<\/p>\n<blockquote class=\"twitter-tweet\" data-width=\"500\" data-dnt=\"true\">\n<p lang=\"es\" dir=\"ltr\">\ud83d\udce2Encontramos un nuevo nieto\ud83e\udd17 <br \/>Con inmensa felicidad, anunciamos el encuentro del nieto 133 y convocamos a periodistas y\u00a0medios a una conferencia de prensa hoy, viernes 28 de julio, a las 12.30 hs.,\u00a0en Casa por la Identidad, del <a href=\"https:\/\/twitter.com\/espacio_memoria?ref_src=twsrc%5Etfw\">@espacio_memoria<\/a> (Av. Libertador 8151,\u00a0CABA). <a href=\"https:\/\/t.co\/Uft3Pwsfsp\">pic.twitter.com\/Uft3Pwsfsp<\/a><\/p>\n<p>&mdash; Abuelas de Plaza de Mayo (@abuelasdifusion) <a href=\"https:\/\/twitter.com\/abuelasdifusion\/status\/1684906125836115968?ref_src=twsrc%5Etfw\">July 28, 2023<\/a><\/p><\/blockquote>\n<p><script async src=\"https:\/\/platform.twitter.com\/widgets.js\" charset=\"utf-8\"><\/script><\/p>\n<p>Se trata de la primera restituci\u00f3n en lo que va de 2023.\u00a0Las \u00faltimas hab\u00edan sido en diciembre de 2022, cuando ese mismo mes y con solo d\u00edas de diferencia se les devolvi\u00f3 la identidad biol\u00f3gica y de historia a dos hijos nacidos en cautiverio y de familias v\u00edctimas del terrorismo de Estado durante la \u00faltima dictadura c\u00edvico-militar.<\/p>\n<p>Esos hallazgos son producto del trabajo unido de Abuelas junto con la Comisi\u00f3n Nacional por el Derecho a la Identidad (Conadi), el Banco Nacional de Datos Gen\u00e9ticos (BNDG) y la Unidad Especializada para Casos de Apropiaci\u00f3n de Ni\u00f1os durante el terrorismo de Estado (Uficante).<\/p>\n<p><strong>Los nietos 131 y 132<\/strong><\/p>\n<p>Hasta hoy,\u00a0el \u00faltimo nieto recuperado hab\u00eda sido Juan Jos\u00e9, hijo de Mercedes del Valle Morales, de 21 a\u00f1os, desaparecida en Tucum\u00e1n el 20 de mayo de 1976.<\/p>\n<p>Juan hab\u00eda sido secuestrado cuando ten\u00eda 9 meses junto con su madre\u00a0y sus dos abuelos (Toribia Romero de Morales y Jos\u00e9 Ram\u00f3n Morales). Su restituci\u00f3n fue anunciada el 28 de diciembre de 2022.<\/p>\n<p>Menos de una semana antes, el 22 de diciembre, hab\u00eda sido dada a conocer la restituci\u00f3n del nieto 131, hijo var\u00f3n de Luc\u00eda \u00c1ngela Nadin y Aldo Hugo Quevedo, desaparecidos en 1977.<\/p>\n","protected":false},"excerpt":{"rendered":"<p>Abuelas de Plaza de Mayo confirm\u00f3 el hallazgo y restituci\u00f3n de la identidad del nieto 133.\u00a0Los detalles de la noticia, que llega a meses nom\u00e1s de cumplirse el 40\u00ba aniversario del retorno de la democracia, ser\u00e1n brindados al mediod\u00eda durante&hellip;<\/p>\n","protected":false},"author":1075,"featured_media":1754468,"comment_status":"closed","ping_status":"closed","sticky":false,"template":"","format":"standard","meta":{"footnotes":""},"categories":[79,106739,67],"tags":[114894,1028,26,11752],"class_list":["post-1754467","post","type-post","status-publish","format-standard","has-post-thumbnail","hentry","category-derechos-humanos","category-noticia","category-sudamerica","tag-114894","tag-abuelas-de-plaza-de-mayo","tag-argentina","tag-nietos-recuperados"],"yoast_head":"<!-- This site is optimized with the Yoast SEO plugin v27.1.1 - https:\/\/yoast.com\/product\/yoast-seo-wordpress\/ -->\n<title>Las Abuelas de Plaza de Mayo encontraron al nieto 133<\/title>\n<meta name=\"description\" content=\"Abuelas de Plaza de Mayo confirm\u00f3 el hallazgo y restituci\u00f3n de la identidad del nieto 133.\u00a0Los detalles de la noticia, que llega a meses nom\u00e1s de\" \/>\n<meta name=\"robots\" content=\"index, follow, max-snippet:-1, max-image-preview:large, max-video-preview:-1\" \/>\n<link rel=\"canonical\" href=\"https:\/\/www.pressenza.com\/es\/2023\/07\/las-abuelas-de-plaza-de-mayo-encontraron-al-nieto-133\/\" \/>\n<meta property=\"og:locale\" content=\"es_ES\" \/>\n<meta property=\"og:type\" content=\"article\" \/>\n<meta property=\"og:title\" content=\"Las Abuelas de Plaza de Mayo encontraron al nieto 133\" \/>\n<meta property=\"og:description\" content=\"Abuelas de Plaza de Mayo confirm\u00f3 el hallazgo y restituci\u00f3n de la identidad del nieto 133.\u00a0Los detalles de la noticia, que llega a meses nom\u00e1s de\" \/>\n<meta property=\"og:url\" content=\"https:\/\/www.pressenza.com\/es\/2023\/07\/las-abuelas-de-plaza-de-mayo-encontraron-al-nieto-133\/\" \/>\n<meta property=\"og:site_name\" content=\"Pressenza\" \/>\n<meta property=\"article:publisher\" content=\"https:\/\/www.facebook.com\/PressenzaItalia\" \/>\n<meta property=\"article:author\" content=\"https:\/\/www.facebook.com\/pages\/NODAL\/504497112975235\" \/>\n<meta property=\"article:published_time\" content=\"2023-07-29T01:10:54+00:00\" \/>\n<meta property=\"og:image\" content=\"https:\/\/www.pressenza.com\/wp-content\/uploads\/2023\/07\/Nodal.jpeg\" \/>\n\t<meta property=\"og:image:width\" content=\"500\" \/>\n\t<meta property=\"og:image:height\" content=\"261\" \/>\n\t<meta property=\"og:image:type\" content=\"image\/jpeg\" \/>\n<meta name=\"author\" content=\"Noticias de Am\u00e9rica Latina y el Caribe\" \/>\n<meta name=\"twitter:card\" content=\"summary_large_image\" \/>\n<meta name=\"twitter:creator\" content=\"@infoNodal\" \/>\n<meta name=\"twitter:site\" content=\"@PressenzaIPA\" \/>\n<meta name=\"twitter:label1\" content=\"Escrito por\" \/>\n\t<meta name=\"twitter:data1\" content=\"Noticias de Am\u00e9rica Latina y el Caribe\" \/>\n\t<meta name=\"twitter:label2\" content=\"Tiempo de lectura\" \/>\n\t<meta name=\"twitter:data2\" content=\"2 minutos\" \/>\n<script type=\"application\/ld+json\" class=\"yoast-schema-graph\">{\"@context\":\"https:\/\/schema.org\",\"@graph\":[{\"@type\":\"Article\",\"@id\":\"https:\/\/www.pressenza.com\/es\/2023\/07\/las-abuelas-de-plaza-de-mayo-encontraron-al-nieto-133\/#article\",\"isPartOf\":{\"@id\":\"https:\/\/www.pressenza.com\/es\/2023\/07\/las-abuelas-de-plaza-de-mayo-encontraron-al-nieto-133\/\"},\"author\":{\"name\":\"Noticias de Am\u00e9rica Latina y el Caribe\",\"@id\":\"https:\/\/www.pressenza.com\/es\/#\/schema\/person\/2589ceb48064b9d4249652e5d275a2ec\"},\"headline\":\"Las Abuelas de Plaza de Mayo encontraron al nieto 133\",\"datePublished\":\"2023-07-29T01:10:54+00:00\",\"mainEntityOfPage\":{\"@id\":\"https:\/\/www.pressenza.com\/es\/2023\/07\/las-abuelas-de-plaza-de-mayo-encontraron-al-nieto-133\/\"},\"wordCount\":366,\"publisher\":{\"@id\":\"https:\/\/www.pressenza.com\/es\/#organization\"},\"image\":{\"@id\":\"https:\/\/www.pressenza.com\/es\/2023\/07\/las-abuelas-de-plaza-de-mayo-encontraron-al-nieto-133\/#primaryimage\"},\"thumbnailUrl\":\"https:\/\/www.pressenza.com\/wp-content\/uploads\/2023\/07\/Nodal.jpeg\",\"keywords\":[\"133\",\"Abuelas de Plaza de Mayo\",\"Argentina\",\"Nietos recuperados\"],\"articleSection\":[\"Derechos Humanos\",\"Noticia\",\"Sudam\u00e9rica\"],\"inLanguage\":\"es\"},{\"@type\":\"WebPage\",\"@id\":\"https:\/\/www.pressenza.com\/es\/2023\/07\/las-abuelas-de-plaza-de-mayo-encontraron-al-nieto-133\/\",\"url\":\"https:\/\/www.pressenza.com\/es\/2023\/07\/las-abuelas-de-plaza-de-mayo-encontraron-al-nieto-133\/\",\"name\":\"Las Abuelas de Plaza de Mayo encontraron al nieto 133\",\"isPartOf\":{\"@id\":\"https:\/\/www.pressenza.com\/es\/#website\"},\"primaryImageOfPage\":{\"@id\":\"https:\/\/www.pressenza.com\/es\/2023\/07\/las-abuelas-de-plaza-de-mayo-encontraron-al-nieto-133\/#primaryimage\"},\"image\":{\"@id\":\"https:\/\/www.pressenza.com\/es\/2023\/07\/las-abuelas-de-plaza-de-mayo-encontraron-al-nieto-133\/#primaryimage\"},\"thumbnailUrl\":\"https:\/\/www.pressenza.com\/wp-content\/uploads\/2023\/07\/Nodal.jpeg\",\"datePublished\":\"2023-07-29T01:10:54+00:00\",\"description\":\"Abuelas de Plaza de Mayo confirm\u00f3 el hallazgo y restituci\u00f3n de la identidad del nieto 133.\u00a0Los detalles de la noticia, que llega a meses nom\u00e1s de\",\"breadcrumb\":{\"@id\":\"https:\/\/www.pressenza.com\/es\/2023\/07\/las-abuelas-de-plaza-de-mayo-encontraron-al-nieto-133\/#breadcrumb\"},\"inLanguage\":\"es\",\"potentialAction\":[{\"@type\":\"ReadAction\",\"target\":[\"https:\/\/www.pressenza.com\/es\/2023\/07\/las-abuelas-de-plaza-de-mayo-encontraron-al-nieto-133\/\"]}]},{\"@type\":\"ImageObject\",\"inLanguage\":\"es\",\"@id\":\"https:\/\/www.pressenza.com\/es\/2023\/07\/las-abuelas-de-plaza-de-mayo-encontraron-al-nieto-133\/#primaryimage\",\"url\":\"https:\/\/www.pressenza.com\/wp-content\/uploads\/2023\/07\/Nodal.jpeg\",\"contentUrl\":\"https:\/\/www.pressenza.com\/wp-content\/uploads\/2023\/07\/Nodal.jpeg\",\"width\":500,\"height\":261},{\"@type\":\"BreadcrumbList\",\"@id\":\"https:\/\/www.pressenza.com\/es\/2023\/07\/las-abuelas-de-plaza-de-mayo-encontraron-al-nieto-133\/#breadcrumb\",\"itemListElement\":[{\"@type\":\"ListItem\",\"position\":1,\"name\":\"Accueil\",\"item\":\"https:\/\/www.pressenza.com\/es\/\"},{\"@type\":\"ListItem\",\"position\":2,\"name\":\"Las Abuelas de Plaza de Mayo encontraron al nieto 133\"}]},{\"@type\":\"WebSite\",\"@id\":\"https:\/\/www.pressenza.com\/es\/#website\",\"url\":\"https:\/\/www.pressenza.com\/es\/\",\"name\":\"Pressenza\",\"description\":\"International Press Agency\",\"publisher\":{\"@id\":\"https:\/\/www.pressenza.com\/es\/#organization\"},\"potentialAction\":[{\"@type\":\"SearchAction\",\"target\":{\"@type\":\"EntryPoint\",\"urlTemplate\":\"https:\/\/www.pressenza.com\/es\/?s={search_term_string}\"},\"query-input\":{\"@type\":\"PropertyValueSpecification\",\"valueRequired\":true,\"valueName\":\"search_term_string\"}}],\"inLanguage\":\"es\"},{\"@type\":\"Organization\",\"@id\":\"https:\/\/www.pressenza.com\/es\/#organization\",\"name\":\"Pressenza\",\"url\":\"https:\/\/www.pressenza.com\/es\/\",\"logo\":{\"@type\":\"ImageObject\",\"inLanguage\":\"es\",\"@id\":\"https:\/\/www.pressenza.com\/es\/#\/schema\/logo\/image\/\",\"url\":\"https:\/\/www.pressenza.com\/wp-content\/uploads\/2022\/10\/pressenza_logo_200x200.jpg\",\"contentUrl\":\"https:\/\/www.pressenza.com\/wp-content\/uploads\/2022\/10\/pressenza_logo_200x200.jpg\",\"width\":200,\"height\":200,\"caption\":\"Pressenza\"},\"image\":{\"@id\":\"https:\/\/www.pressenza.com\/es\/#\/schema\/logo\/image\/\"},\"sameAs\":[\"https:\/\/www.facebook.com\/PressenzaItalia\",\"https:\/\/x.com\/PressenzaIPA\"]},{\"@type\":\"Person\",\"@id\":\"https:\/\/www.pressenza.com\/es\/#\/schema\/person\/2589ceb48064b9d4249652e5d275a2ec\",\"name\":\"Noticias de Am\u00e9rica Latina y el Caribe\",\"description\":\"Primer portal de noticias de Am\u00e9rica Latina y el Caribe. Director: Pedro Brieger Con el apoyo de la Fundaci\u00f3n para la Integraci\u00f3n Latinoamericana (FILA) www.nodal.am\",\"sameAs\":[\"https:\/\/www.facebook.com\/pages\/NODAL\/504497112975235\",\"https:\/\/x.com\/infoNodal\"],\"url\":\"https:\/\/www.pressenza.com\/es\/author\/nodal\/\"}]}<\/script>\n<!-- \/ Yoast SEO plugin. -->","yoast_head_json":{"title":"Las Abuelas de Plaza de Mayo encontraron al nieto 133","description":"Abuelas de Plaza de Mayo confirm\u00f3 el hallazgo y restituci\u00f3n de la identidad del nieto 133.\u00a0Los detalles de la noticia, que llega a meses nom\u00e1s de","robots":{"index":"index","follow":"follow","max-snippet":"max-snippet:-1","max-image-preview":"max-image-preview:large","max-video-preview":"max-video-preview:-1"},"canonical":"https:\/\/www.pressenza.com\/es\/2023\/07\/las-abuelas-de-plaza-de-mayo-encontraron-al-nieto-133\/","og_locale":"es_ES","og_type":"article","og_title":"Las Abuelas de Plaza de Mayo encontraron al nieto 133","og_description":"Abuelas de Plaza de Mayo confirm\u00f3 el hallazgo y restituci\u00f3n de la identidad del nieto 133.\u00a0Los detalles de la noticia, que llega a meses nom\u00e1s de","og_url":"https:\/\/www.pressenza.com\/es\/2023\/07\/las-abuelas-de-plaza-de-mayo-encontraron-al-nieto-133\/","og_site_name":"Pressenza","article_publisher":"https:\/\/www.facebook.com\/PressenzaItalia","article_author":"https:\/\/www.facebook.com\/pages\/NODAL\/504497112975235","article_published_time":"2023-07-29T01:10:54+00:00","og_image":[{"width":500,"height":261,"url":"https:\/\/www.pressenza.com\/wp-content\/uploads\/2023\/07\/Nodal.jpeg","type":"image\/jpeg"}],"author":"Noticias de Am\u00e9rica Latina y el Caribe","twitter_card":"summary_large_image","twitter_creator":"@infoNodal","twitter_site":"@PressenzaIPA","twitter_misc":{"Escrito por":"Noticias de Am\u00e9rica Latina y el Caribe","Tiempo de lectura":"2 minutos"},"schema":{"@context":"https:\/\/schema.org","@graph":[{"@type":"Article","@id":"https:\/\/www.pressenza.com\/es\/2023\/07\/las-abuelas-de-plaza-de-mayo-encontraron-al-nieto-133\/#article","isPartOf":{"@id":"https:\/\/www.pressenza.com\/es\/2023\/07\/las-abuelas-de-plaza-de-mayo-encontraron-al-nieto-133\/"},"author":{"name":"Noticias de Am\u00e9rica Latina y el Caribe","@id":"https:\/\/www.pressenza.com\/es\/#\/schema\/person\/2589ceb48064b9d4249652e5d275a2ec"},"headline":"Las Abuelas de Plaza de Mayo encontraron al nieto 133","datePublished":"2023-07-29T01:10:54+00:00","mainEntityOfPage":{"@id":"https:\/\/www.pressenza.com\/es\/2023\/07\/las-abuelas-de-plaza-de-mayo-encontraron-al-nieto-133\/"},"wordCount":366,"publisher":{"@id":"https:\/\/www.pressenza.com\/es\/#organization"},"image":{"@id":"https:\/\/www.pressenza.com\/es\/2023\/07\/las-abuelas-de-plaza-de-mayo-encontraron-al-nieto-133\/#primaryimage"},"thumbnailUrl":"https:\/\/www.pressenza.com\/wp-content\/uploads\/2023\/07\/Nodal.jpeg","keywords":["133","Abuelas de Plaza de Mayo","Argentina","Nietos recuperados"],"articleSection":["Derechos Humanos","Noticia","Sudam\u00e9rica"],"inLanguage":"es"},{"@type":"WebPage","@id":"https:\/\/www.pressenza.com\/es\/2023\/07\/las-abuelas-de-plaza-de-mayo-encontraron-al-nieto-133\/","url":"https:\/\/www.pressenza.com\/es\/2023\/07\/las-abuelas-de-plaza-de-mayo-encontraron-al-nieto-133\/","name":"Las Abuelas de Plaza de Mayo encontraron al nieto 133","isPartOf":{"@id":"https:\/\/www.pressenza.com\/es\/#website"},"primaryImageOfPage":{"@id":"https:\/\/www.pressenza.com\/es\/2023\/07\/las-abuelas-de-plaza-de-mayo-encontraron-al-nieto-133\/#primaryimage"},"image":{"@id":"https:\/\/www.pressenza.com\/es\/2023\/07\/las-abuelas-de-plaza-de-mayo-encontraron-al-nieto-133\/#primaryimage"},"thumbnailUrl":"https:\/\/www.pressenza.com\/wp-content\/uploads\/2023\/07\/Nodal.jpeg","datePublished":"2023-07-29T01:10:54+00:00","description":"Abuelas de Plaza de Mayo confirm\u00f3 el hallazgo y restituci\u00f3n de la identidad del nieto 133.\u00a0Los detalles de la noticia, que llega a meses nom\u00e1s de","breadcrumb":{"@id":"https:\/\/www.pressenza.com\/es\/2023\/07\/las-abuelas-de-plaza-de-mayo-encontraron-al-nieto-133\/#breadcrumb"},"inLanguage":"es","potentialAction":[{"@type":"ReadAction","target":["https:\/\/www.pressenza.com\/es\/2023\/07\/las-abuelas-de-plaza-de-mayo-encontraron-al-nieto-133\/"]}]},{"@type":"ImageObject","inLanguage":"es","@id":"https:\/\/www.pressenza.com\/es\/2023\/07\/las-abuelas-de-plaza-de-mayo-encontraron-al-nieto-133\/#primaryimage","url":"https:\/\/www.pressenza.com\/wp-content\/uploads\/2023\/07\/Nodal.jpeg","contentUrl":"https:\/\/www.pressenza.com\/wp-content\/uploads\/2023\/07\/Nodal.jpeg","width":500,"height":261},{"@type":"BreadcrumbList","@id":"https:\/\/www.pressenza.com\/es\/2023\/07\/las-abuelas-de-plaza-de-mayo-encontraron-al-nieto-133\/#breadcrumb","itemListElement":[{"@type":"ListItem","position":1,"name":"Accueil","item":"https:\/\/www.pressenza.com\/es\/"},{"@type":"ListItem","position":2,"name":"Las Abuelas de Plaza de Mayo encontraron al nieto 133"}]},{"@type":"WebSite","@id":"https:\/\/www.pressenza.com\/es\/#website","url":"https:\/\/www.pressenza.com\/es\/","name":"Pressenza","description":"International Press Agency","publisher":{"@id":"https:\/\/www.pressenza.com\/es\/#organization"},"potentialAction":[{"@type":"SearchAction","target":{"@type":"EntryPoint","urlTemplate":"https:\/\/www.pressenza.com\/es\/?s={search_term_string}"},"query-input":{"@type":"PropertyValueSpecification","valueRequired":true,"valueName":"search_term_string"}}],"inLanguage":"es"},{"@type":"Organization","@id":"https:\/\/www.pressenza.com\/es\/#organization","name":"Pressenza","url":"https:\/\/www.pressenza.com\/es\/","logo":{"@type":"ImageObject","inLanguage":"es","@id":"https:\/\/www.pressenza.com\/es\/#\/schema\/logo\/image\/","url":"https:\/\/www.pressenza.com\/wp-content\/uploads\/2022\/10\/pressenza_logo_200x200.jpg","contentUrl":"https:\/\/www.pressenza.com\/wp-content\/uploads\/2022\/10\/pressenza_logo_200x200.jpg","width":200,"height":200,"caption":"Pressenza"},"image":{"@id":"https:\/\/www.pressenza.com\/es\/#\/schema\/logo\/image\/"},"sameAs":["https:\/\/www.facebook.com\/PressenzaItalia","https:\/\/x.com\/PressenzaIPA"]},{"@type":"Person","@id":"https:\/\/www.pressenza.com\/es\/#\/schema\/person\/2589ceb48064b9d4249652e5d275a2ec","name":"Noticias de Am\u00e9rica Latina y el Caribe","description":"Primer portal de noticias de Am\u00e9rica Latina y el Caribe. Director: Pedro Brieger Con el apoyo de la Fundaci\u00f3n para la Integraci\u00f3n Latinoamericana (FILA) www.nodal.am","sameAs":["https:\/\/www.facebook.com\/pages\/NODAL\/504497112975235","https:\/\/x.com\/infoNodal"],"url":"https:\/\/www.pressenza.com\/es\/author\/nodal\/"}]}},"place":"Buenos Aires, Argentina","original_article_url":"https:\/\/www.nodal.am\/2023\/07\/argentina-las-abuelas-de-plaza-de-mayo-encontraron-al-nieto-133-2\/?fbclid=IwAR2H5tGiU03ymjAHrB62ffTP0frv15WB9Qn7oZGuoa070Wpu_2UjA9-du-0","_links":{"self":[{"href":"https:\/\/www.pressenza.com\/es\/wp-json\/wp\/v2\/posts\/1754467","targetHints":{"allow":["GET"]}}],"collection":[{"href":"https:\/\/www.pressenza.com\/es\/wp-json\/wp\/v2\/posts"}],"about":[{"href":"https:\/\/www.pressenza.com\/es\/wp-json\/wp\/v2\/types\/post"}],"author":[{"embeddable":true,"href":"https:\/\/www.pressenza.com\/es\/wp-json\/wp\/v2\/users\/1075"}],"replies":[{"embeddable":true,"href":"https:\/\/www.pressenza.com\/es\/wp-json\/wp\/v2\/comments?post=1754467"}],"version-history":[{"count":0,"href":"https:\/\/www.pressenza.com\/es\/wp-json\/wp\/v2\/posts\/1754467\/revisions"}],"wp:featuredmedia":[{"embeddable":true,"href":"https:\/\/www.pressenza.com\/es\/wp-json\/wp\/v2\/media\/1754468"}],"wp:attachment":[{"href":"https:\/\/www.pressenza.com\/es\/wp-json\/wp\/v2\/media?parent=1754467"}],"wp:term":[{"taxonomy":"category","embeddable":true,"href":"https:\/\/www.pressenza.com\/es\/wp-json\/wp\/v2\/categories?post=1754467"},{"taxonomy":"post_tag","embeddable":true,"href":"https:\/\/www.pressenza.com\/es\/wp-json\/wp\/v2\/tags?post=1754467"}],"curies":[{"name":"wp","href":"https:\/\/api.w.org\/{rel}","templated":true}]}}