{"id":1754416,"date":"2023-07-28T18:48:35","date_gmt":"2023-07-28T17:48:35","guid":{"rendered":"https:\/\/www.pressenza.com\/?p=1754416"},"modified":"2023-07-28T18:48:35","modified_gmt":"2023-07-28T17:48:35","slug":"cumbre-celac-ue-que-quiere-la-union-europea","status":"publish","type":"post","link":"https:\/\/www.pressenza.com\/es\/2023\/07\/cumbre-celac-ue-que-quiere-la-union-europea\/","title":{"rendered":"Cumbre CELAC-UE: \u00bfQu\u00e9 quiere la Uni\u00f3n Europea?"},"content":{"rendered":"<p>Por Pablo Ruiz<\/p>\n<p>Recordemos que durante los d\u00edas 17 y 18 de julio pasado se realiz\u00f3 en Bruselas, B\u00e9lgica, la cumbre entre la Uni\u00f3n Europea y la Comunidad de Estados Latinoamericanos y Caribe\u00f1os (CELAC).\u00a0Entre los acuerdos alcanzados: se comprometi\u00f3 m\u00e1s inversi\u00f3n europea, apoyo al proceso de paz en Colombia, trabajar para mitigar los efectos del cambio clim\u00e1tico y, tambi\u00e9n, los representantes de la Uni\u00f3n Europea tomaron nota \u201cen cuanto a la cuesti\u00f3n de las Malvinas\u201d .<\/p>\n<p>Por otro lado, los representantes de la Uni\u00f3n Europea insistieron, antes y durante la Cumbre, en que hubiera una condena expl\u00edcita a Rusia por el conflicto con Ucrania pero no lo consiguieron. Existe cada vez m\u00e1s conciencia en los l\u00edderes de Am\u00e9rica Latina que Europa es parte del conflicto. Con excepci\u00f3n del presidente chileno Gabriel Boric que, sin hacer un mayor an\u00e1lisis de todas las partes involucradas en la guerra, repite la ret\u00f3rica de Washington. Por lo mismo, en la declaraci\u00f3n final s\u00f3lo se mencion\u00f3 la preocupaci\u00f3n que existe por la guerra en Ucrania donde, como sabemos, est\u00e1 involucrada la Alianza Militar de la OTAN liderada por EEUU y el Reino Unido, entre otros.<\/p>\n<p>Radio Francia Internacional dijo que las presiones por Ucrania no dejaron ver que se invertir\u00e1n 50.000 millones de d\u00f3lares en Am\u00e9rica Latina. Con esto la Uni\u00f3n Europea pretende frenar la creciente influencia comercial de China, se\u00f1ala el medio franc\u00e9s.<\/p>\n<p>Es importante recordar que previo a la Cumbre de la CELAC-UE el secretario de Asuntos Exteriores de Reino Unido, James Cleverly, visit\u00f3 Jamaica, Colombia, Chile y Brasil y que la presidenta de la Comisi\u00f3n Europea, Ursula von der Leyen, estuvo de gira en Brasil, Argentina, Chile y M\u00e9xico. La visita es parte de un intenso lobby donde los brit\u00e1nicos, como la Uni\u00f3n Europea, intensifican sus esfuerzos para asegurarse que podr\u00e1n seguir explotando los recursos naturales de Am\u00e9rica Latina.<\/p>\n<p>Vale la pena recordar el art\u00edculo \u201c<a href=\"https:\/\/desinformemonos.org\/colonialismo-energetico-entre-el-extractivismo-en-latinoamerica-y-la-transicion-energetica-en-europa\/\">Colonialismo energ\u00e9tico: entre el extractivismo en Latinoam\u00e9rica y la transici\u00f3n energ\u00e9tica en Europa<\/a>\u201d de Luc\u00eda Fern\u00e1ndez que se\u00f1ala que \u201cMientras el foco suele ponerse en Estados Unidos, Canad\u00e1 o China, un actor importante en el proceso de inversi\u00f3n y luego fuga masiva de recursos y capitales es Europa. All\u00ed se producen los procesos definitivos de acumulaci\u00f3n de capital, y por tanto, desde donde se toman las decisiones estrat\u00e9gicas del Comercio Internacional\u201d.<\/p>\n<p><strong>La Cumbre de los Pueblos<\/strong><\/p>\n<p>Paralelamente, en los mismos d\u00edas, se realiz\u00f3 en Bruselas, B\u00e9lgica, la Cumbre de los Pueblos que reuni\u00f3 a diversas organizaciones y activistas de toda Am\u00e9rica Latina, de El Caribe como de Europa.<\/p>\n<p>En la Cumbre de los Pueblos participaron los presidentes de Cuba, Miguel D\u00edaz-Canel Berm\u00fadez; de Colombia, Gustavo Petro; y de Bolivia, Luis Arce; as\u00ed como la vicepresidenta de Venezuela, Delcy Rodr\u00edguez.<\/p>\n<p>El presidente boliviano, Luis Arce, dijo en su discurso, ante la Cumbre de los Pueblos, que \u201clos factores que m\u00e1s atentan contra nuestro desarrollo son la injerencia extranjera y el intervencionismo y ese af\u00e1n de algunos de continuar vi\u00e9ndonos como colonias. Am\u00e9rica Latina y El Caribe y muchos pa\u00edses apuestan por el mundo multipolar, multic\u00e9ntrico, y antihegem\u00f3nico y es una decisi\u00f3n soberana de nuestros pueblos que Europa y el resto del mundo deben respetar. Am\u00e9rica Latina necesita de Europa como Europa necesita de Am\u00e9rica Latina y El Caribe; m\u00e1s a\u00fan en un contexto de crisis energ\u00e9tica, crisis alimentaria, que azota al viejo continente, como consecuencia del conflicto b\u00e9lico militar, en el este de Europa, que no es m\u00e1s que una guerra entre la OTAN y Rusia\u201d, y, finalmente, se\u00f1al\u00f3 \u201c\u00bfc\u00f3mo podemos hablar de cooperaci\u00f3n y de hermandad cuando pueblos de nuestra regi\u00f3n sufren las consecuencias de sanciones impuestas por la Uni\u00f3n Europea\u201d.<\/p>\n<p>El Secretario General del Partido del Trabajo de B\u00e9lgica, Peter Mertens, ante la Cumbre de los Pueblos, en el Parlamento Europeo, denunci\u00f3 que \u201cun alto diplom\u00e1tico de la UE declar\u00f3 a Euronews la semana pasada: \u00abParece que los gobiernos latinoamericanos y caribe\u00f1os quieren ser vistos como socios en pie de igualdad\u00bb\u00bb.<\/p>\n<p>\u201c\u00abParece\u00bb\u00a0que quieren ser vistos como \u00absocios iguales\u00bb. Es esta actitud neocolonial la que todav\u00eda ronda las mentes de las viejas potencias. Varios diplom\u00e1ticos, jefes de Estado y fuerzas de Europa no vieron, o no quisieron ver, los cambios en el orden mundial desde el cambio de siglo\u201d, dijo Mertens .<\/p>\n<p>En la declaraci\u00f3n final de la Cumbre de los Pueblos, se llam\u00f3 a defender acuerdos y relaciones comerciales justas y de beneficio mutuo; a la defensa de la Madre Tierra y la erradicaci\u00f3n del colonialismo que tanto da\u00f1o ha causado a nuestros pueblos. En el documento se conden\u00f3 el Bloqueo de EEUU a Cuba como la represi\u00f3n a la protesta social en Per\u00fa. Finalmente, se celebr\u00f3 que Am\u00e9rica Latina y El Caribe sea una Zona de Paz y se convoc\u00f3, para el 21 de septiembre, a movilizarse en defensa de la Paz y la Solidaridad y contra la espiral belicista.<\/p>\n<p><strong>Lea la declaraci\u00f3n final de la Cumbre de\u00a0 los Pueblos en:<\/strong><\/p>\n<p>https:\/\/cumbredelospueblos2023.com\/declaracion-final-cumbre-de-los-pueblos-bruselas-2023-en\/<\/p>\n<p>Lea la declaraci\u00f3n final de la Cumbre de la CELAC-Uni\u00f3n Euroepa en:<\/p>\n<p><a href=\"https:\/\/www.derechoalapaz.com\/wp-content\/uploads\/2023\/07\/declaracionCELAC-UE.pdfDeclarazacionCELAC-UE\">https:\/\/www.derechoalapaz.com\/wp-content\/uploads\/2023\/07\/declaracionCELAC-UE.pdfDeclarazacionCELAC-UE<\/a><\/p>\n<p>&nbsp;<\/p>\n","protected":false},"excerpt":{"rendered":"<p>Por Pablo Ruiz Recordemos que durante los d\u00edas 17 y 18 de julio pasado se realiz\u00f3 en Bruselas, B\u00e9lgica, la cumbre entre la Uni\u00f3n Europea y la Comunidad de Estados Latinoamericanos y Caribe\u00f1os (CELAC).\u00a0Entre los acuerdos alcanzados: se comprometi\u00f3 m\u00e1s&hellip;<\/p>\n","protected":false},"author":43,"featured_media":1754418,"comment_status":"closed","ping_status":"closed","sticky":false,"template":"","format":"standard","meta":{"footnotes":""},"categories":[76,11389,39,161],"tags":[114661,2611],"class_list":["post-1754416","post","type-post","status-publish","format-standard","has-post-thumbnail","hentry","category-relaciones-exteriores","category-contenido-original","category-internacional","category-opiniones","tag-celac-ue","tag-cumbre-de-los-pueblos"],"yoast_head":"<!-- This site is optimized with the Yoast SEO plugin v27.1.1 - https:\/\/yoast.com\/product\/yoast-seo-wordpress\/ -->\n<title>Cumbre CELAC-UE: \u00bfQu\u00e9 quiere la Uni\u00f3n Europea?<\/title>\n<meta name=\"description\" content=\"Por Pablo Ruiz Recordemos que durante los d\u00edas 17 y 18 de julio pasado se realiz\u00f3 en Bruselas, B\u00e9lgica, la cumbre entre la Uni\u00f3n Europea y la Comunidad de\" \/>\n<meta name=\"robots\" content=\"index, follow, max-snippet:-1, max-image-preview:large, max-video-preview:-1\" \/>\n<link rel=\"canonical\" href=\"https:\/\/www.pressenza.com\/es\/2023\/07\/cumbre-celac-ue-que-quiere-la-union-europea\/\" \/>\n<meta property=\"og:locale\" content=\"es_ES\" \/>\n<meta property=\"og:type\" content=\"article\" \/>\n<meta property=\"og:title\" content=\"Cumbre CELAC-UE: \u00bfQu\u00e9 quiere la Uni\u00f3n Europea?\" \/>\n<meta property=\"og:description\" content=\"Por Pablo Ruiz Recordemos que durante los d\u00edas 17 y 18 de julio pasado se realiz\u00f3 en Bruselas, B\u00e9lgica, la cumbre entre la Uni\u00f3n Europea y la Comunidad de\" \/>\n<meta property=\"og:url\" content=\"https:\/\/www.pressenza.com\/es\/2023\/07\/cumbre-celac-ue-que-quiere-la-union-europea\/\" \/>\n<meta property=\"og:site_name\" content=\"Pressenza\" \/>\n<meta property=\"article:publisher\" content=\"https:\/\/www.facebook.com\/PressenzaItalia\" \/>\n<meta property=\"article:author\" content=\"https:\/\/www.facebook.com\/pressenza\" \/>\n<meta property=\"article:published_time\" content=\"2023-07-28T17:48:35+00:00\" \/>\n<meta property=\"og:image\" content=\"https:\/\/www.pressenza.com\/wp-content\/uploads\/2023\/07\/prc6059_653x431.jpg\" \/>\n\t<meta property=\"og:image:width\" content=\"653\" \/>\n\t<meta property=\"og:image:height\" content=\"431\" \/>\n\t<meta property=\"og:image:type\" content=\"image\/jpeg\" \/>\n<meta name=\"author\" content=\"Redacci\u00f3n Chile\" \/>\n<meta name=\"twitter:card\" content=\"summary_large_image\" \/>\n<meta name=\"twitter:creator\" content=\"@pressenza\" \/>\n<meta name=\"twitter:site\" content=\"@PressenzaIPA\" \/>\n<meta name=\"twitter:label1\" content=\"Escrito por\" \/>\n\t<meta name=\"twitter:data1\" content=\"Redacci\u00f3n Chile\" \/>\n\t<meta name=\"twitter:label2\" content=\"Tiempo de lectura\" \/>\n\t<meta name=\"twitter:data2\" content=\"4 minutos\" \/>\n<script type=\"application\/ld+json\" class=\"yoast-schema-graph\">{\"@context\":\"https:\/\/schema.org\",\"@graph\":[{\"@type\":\"Article\",\"@id\":\"https:\/\/www.pressenza.com\/es\/2023\/07\/cumbre-celac-ue-que-quiere-la-union-europea\/#article\",\"isPartOf\":{\"@id\":\"https:\/\/www.pressenza.com\/es\/2023\/07\/cumbre-celac-ue-que-quiere-la-union-europea\/\"},\"author\":{\"name\":\"Redacci\u00f3n Chile\",\"@id\":\"https:\/\/www.pressenza.com\/es\/#\/schema\/person\/d7db40df35d6698ba69ba9ee260944ed\"},\"headline\":\"Cumbre CELAC-UE: \u00bfQu\u00e9 quiere la Uni\u00f3n Europea?\",\"datePublished\":\"2023-07-28T17:48:35+00:00\",\"mainEntityOfPage\":{\"@id\":\"https:\/\/www.pressenza.com\/es\/2023\/07\/cumbre-celac-ue-que-quiere-la-union-europea\/\"},\"wordCount\":929,\"publisher\":{\"@id\":\"https:\/\/www.pressenza.com\/es\/#organization\"},\"image\":{\"@id\":\"https:\/\/www.pressenza.com\/es\/2023\/07\/cumbre-celac-ue-que-quiere-la-union-europea\/#primaryimage\"},\"thumbnailUrl\":\"https:\/\/www.pressenza.com\/wp-content\/uploads\/2023\/07\/prc6059_653x431.jpg\",\"keywords\":[\"CELAC-UE\",\"Cumbre de los Pueblos\"],\"articleSection\":[\"Asuntos internacionales\",\"Contenido Original\",\"Internacional\",\"Opiniones\"],\"inLanguage\":\"es\"},{\"@type\":\"WebPage\",\"@id\":\"https:\/\/www.pressenza.com\/es\/2023\/07\/cumbre-celac-ue-que-quiere-la-union-europea\/\",\"url\":\"https:\/\/www.pressenza.com\/es\/2023\/07\/cumbre-celac-ue-que-quiere-la-union-europea\/\",\"name\":\"Cumbre CELAC-UE: \u00bfQu\u00e9 quiere la Uni\u00f3n Europea?\",\"isPartOf\":{\"@id\":\"https:\/\/www.pressenza.com\/es\/#website\"},\"primaryImageOfPage\":{\"@id\":\"https:\/\/www.pressenza.com\/es\/2023\/07\/cumbre-celac-ue-que-quiere-la-union-europea\/#primaryimage\"},\"image\":{\"@id\":\"https:\/\/www.pressenza.com\/es\/2023\/07\/cumbre-celac-ue-que-quiere-la-union-europea\/#primaryimage\"},\"thumbnailUrl\":\"https:\/\/www.pressenza.com\/wp-content\/uploads\/2023\/07\/prc6059_653x431.jpg\",\"datePublished\":\"2023-07-28T17:48:35+00:00\",\"description\":\"Por Pablo Ruiz Recordemos que durante los d\u00edas 17 y 18 de julio pasado se realiz\u00f3 en Bruselas, B\u00e9lgica, la cumbre entre la Uni\u00f3n Europea y la Comunidad de\",\"breadcrumb\":{\"@id\":\"https:\/\/www.pressenza.com\/es\/2023\/07\/cumbre-celac-ue-que-quiere-la-union-europea\/#breadcrumb\"},\"inLanguage\":\"es\",\"potentialAction\":[{\"@type\":\"ReadAction\",\"target\":[\"https:\/\/www.pressenza.com\/es\/2023\/07\/cumbre-celac-ue-que-quiere-la-union-europea\/\"]}]},{\"@type\":\"ImageObject\",\"inLanguage\":\"es\",\"@id\":\"https:\/\/www.pressenza.com\/es\/2023\/07\/cumbre-celac-ue-que-quiere-la-union-europea\/#primaryimage\",\"url\":\"https:\/\/www.pressenza.com\/wp-content\/uploads\/2023\/07\/prc6059_653x431.jpg\",\"contentUrl\":\"https:\/\/www.pressenza.com\/wp-content\/uploads\/2023\/07\/prc6059_653x431.jpg\",\"width\":653,\"height\":431},{\"@type\":\"BreadcrumbList\",\"@id\":\"https:\/\/www.pressenza.com\/es\/2023\/07\/cumbre-celac-ue-que-quiere-la-union-europea\/#breadcrumb\",\"itemListElement\":[{\"@type\":\"ListItem\",\"position\":1,\"name\":\"Accueil\",\"item\":\"https:\/\/www.pressenza.com\/es\/\"},{\"@type\":\"ListItem\",\"position\":2,\"name\":\"Cumbre CELAC-UE: \u00bfQu\u00e9 quiere la Uni\u00f3n Europea?\"}]},{\"@type\":\"WebSite\",\"@id\":\"https:\/\/www.pressenza.com\/es\/#website\",\"url\":\"https:\/\/www.pressenza.com\/es\/\",\"name\":\"Pressenza\",\"description\":\"International Press Agency\",\"publisher\":{\"@id\":\"https:\/\/www.pressenza.com\/es\/#organization\"},\"potentialAction\":[{\"@type\":\"SearchAction\",\"target\":{\"@type\":\"EntryPoint\",\"urlTemplate\":\"https:\/\/www.pressenza.com\/es\/?s={search_term_string}\"},\"query-input\":{\"@type\":\"PropertyValueSpecification\",\"valueRequired\":true,\"valueName\":\"search_term_string\"}}],\"inLanguage\":\"es\"},{\"@type\":\"Organization\",\"@id\":\"https:\/\/www.pressenza.com\/es\/#organization\",\"name\":\"Pressenza\",\"url\":\"https:\/\/www.pressenza.com\/es\/\",\"logo\":{\"@type\":\"ImageObject\",\"inLanguage\":\"es\",\"@id\":\"https:\/\/www.pressenza.com\/es\/#\/schema\/logo\/image\/\",\"url\":\"https:\/\/www.pressenza.com\/wp-content\/uploads\/2022\/10\/pressenza_logo_200x200.jpg\",\"contentUrl\":\"https:\/\/www.pressenza.com\/wp-content\/uploads\/2022\/10\/pressenza_logo_200x200.jpg\",\"width\":200,\"height\":200,\"caption\":\"Pressenza\"},\"image\":{\"@id\":\"https:\/\/www.pressenza.com\/es\/#\/schema\/logo\/image\/\"},\"sameAs\":[\"https:\/\/www.facebook.com\/PressenzaItalia\",\"https:\/\/x.com\/PressenzaIPA\"]},{\"@type\":\"Person\",\"@id\":\"https:\/\/www.pressenza.com\/es\/#\/schema\/person\/d7db40df35d6698ba69ba9ee260944ed\",\"name\":\"Redacci\u00f3n Chile\",\"description\":\"News from the Pressenza Bureau in Chile\",\"sameAs\":[\"https:\/\/www.facebook.com\/pressenza\",\"https:\/\/x.com\/pressenza\"],\"url\":\"https:\/\/www.pressenza.com\/es\/author\/redaccion-chile\/\"}]}<\/script>\n<!-- \/ Yoast SEO plugin. -->","yoast_head_json":{"title":"Cumbre CELAC-UE: \u00bfQu\u00e9 quiere la Uni\u00f3n Europea?","description":"Por Pablo Ruiz Recordemos que durante los d\u00edas 17 y 18 de julio pasado se realiz\u00f3 en Bruselas, B\u00e9lgica, la cumbre entre la Uni\u00f3n Europea y la Comunidad de","robots":{"index":"index","follow":"follow","max-snippet":"max-snippet:-1","max-image-preview":"max-image-preview:large","max-video-preview":"max-video-preview:-1"},"canonical":"https:\/\/www.pressenza.com\/es\/2023\/07\/cumbre-celac-ue-que-quiere-la-union-europea\/","og_locale":"es_ES","og_type":"article","og_title":"Cumbre CELAC-UE: \u00bfQu\u00e9 quiere la Uni\u00f3n Europea?","og_description":"Por Pablo Ruiz Recordemos que durante los d\u00edas 17 y 18 de julio pasado se realiz\u00f3 en Bruselas, B\u00e9lgica, la cumbre entre la Uni\u00f3n Europea y la Comunidad de","og_url":"https:\/\/www.pressenza.com\/es\/2023\/07\/cumbre-celac-ue-que-quiere-la-union-europea\/","og_site_name":"Pressenza","article_publisher":"https:\/\/www.facebook.com\/PressenzaItalia","article_author":"https:\/\/www.facebook.com\/pressenza","article_published_time":"2023-07-28T17:48:35+00:00","og_image":[{"width":653,"height":431,"url":"https:\/\/www.pressenza.com\/wp-content\/uploads\/2023\/07\/prc6059_653x431.jpg","type":"image\/jpeg"}],"author":"Redacci\u00f3n Chile","twitter_card":"summary_large_image","twitter_creator":"@pressenza","twitter_site":"@PressenzaIPA","twitter_misc":{"Escrito por":"Redacci\u00f3n Chile","Tiempo de lectura":"4 minutos"},"schema":{"@context":"https:\/\/schema.org","@graph":[{"@type":"Article","@id":"https:\/\/www.pressenza.com\/es\/2023\/07\/cumbre-celac-ue-que-quiere-la-union-europea\/#article","isPartOf":{"@id":"https:\/\/www.pressenza.com\/es\/2023\/07\/cumbre-celac-ue-que-quiere-la-union-europea\/"},"author":{"name":"Redacci\u00f3n Chile","@id":"https:\/\/www.pressenza.com\/es\/#\/schema\/person\/d7db40df35d6698ba69ba9ee260944ed"},"headline":"Cumbre CELAC-UE: \u00bfQu\u00e9 quiere la Uni\u00f3n Europea?","datePublished":"2023-07-28T17:48:35+00:00","mainEntityOfPage":{"@id":"https:\/\/www.pressenza.com\/es\/2023\/07\/cumbre-celac-ue-que-quiere-la-union-europea\/"},"wordCount":929,"publisher":{"@id":"https:\/\/www.pressenza.com\/es\/#organization"},"image":{"@id":"https:\/\/www.pressenza.com\/es\/2023\/07\/cumbre-celac-ue-que-quiere-la-union-europea\/#primaryimage"},"thumbnailUrl":"https:\/\/www.pressenza.com\/wp-content\/uploads\/2023\/07\/prc6059_653x431.jpg","keywords":["CELAC-UE","Cumbre de los Pueblos"],"articleSection":["Asuntos internacionales","Contenido Original","Internacional","Opiniones"],"inLanguage":"es"},{"@type":"WebPage","@id":"https:\/\/www.pressenza.com\/es\/2023\/07\/cumbre-celac-ue-que-quiere-la-union-europea\/","url":"https:\/\/www.pressenza.com\/es\/2023\/07\/cumbre-celac-ue-que-quiere-la-union-europea\/","name":"Cumbre CELAC-UE: \u00bfQu\u00e9 quiere la Uni\u00f3n Europea?","isPartOf":{"@id":"https:\/\/www.pressenza.com\/es\/#website"},"primaryImageOfPage":{"@id":"https:\/\/www.pressenza.com\/es\/2023\/07\/cumbre-celac-ue-que-quiere-la-union-europea\/#primaryimage"},"image":{"@id":"https:\/\/www.pressenza.com\/es\/2023\/07\/cumbre-celac-ue-que-quiere-la-union-europea\/#primaryimage"},"thumbnailUrl":"https:\/\/www.pressenza.com\/wp-content\/uploads\/2023\/07\/prc6059_653x431.jpg","datePublished":"2023-07-28T17:48:35+00:00","description":"Por Pablo Ruiz Recordemos que durante los d\u00edas 17 y 18 de julio pasado se realiz\u00f3 en Bruselas, B\u00e9lgica, la cumbre entre la Uni\u00f3n Europea y la Comunidad de","breadcrumb":{"@id":"https:\/\/www.pressenza.com\/es\/2023\/07\/cumbre-celac-ue-que-quiere-la-union-europea\/#breadcrumb"},"inLanguage":"es","potentialAction":[{"@type":"ReadAction","target":["https:\/\/www.pressenza.com\/es\/2023\/07\/cumbre-celac-ue-que-quiere-la-union-europea\/"]}]},{"@type":"ImageObject","inLanguage":"es","@id":"https:\/\/www.pressenza.com\/es\/2023\/07\/cumbre-celac-ue-que-quiere-la-union-europea\/#primaryimage","url":"https:\/\/www.pressenza.com\/wp-content\/uploads\/2023\/07\/prc6059_653x431.jpg","contentUrl":"https:\/\/www.pressenza.com\/wp-content\/uploads\/2023\/07\/prc6059_653x431.jpg","width":653,"height":431},{"@type":"BreadcrumbList","@id":"https:\/\/www.pressenza.com\/es\/2023\/07\/cumbre-celac-ue-que-quiere-la-union-europea\/#breadcrumb","itemListElement":[{"@type":"ListItem","position":1,"name":"Accueil","item":"https:\/\/www.pressenza.com\/es\/"},{"@type":"ListItem","position":2,"name":"Cumbre CELAC-UE: \u00bfQu\u00e9 quiere la Uni\u00f3n Europea?"}]},{"@type":"WebSite","@id":"https:\/\/www.pressenza.com\/es\/#website","url":"https:\/\/www.pressenza.com\/es\/","name":"Pressenza","description":"International Press Agency","publisher":{"@id":"https:\/\/www.pressenza.com\/es\/#organization"},"potentialAction":[{"@type":"SearchAction","target":{"@type":"EntryPoint","urlTemplate":"https:\/\/www.pressenza.com\/es\/?s={search_term_string}"},"query-input":{"@type":"PropertyValueSpecification","valueRequired":true,"valueName":"search_term_string"}}],"inLanguage":"es"},{"@type":"Organization","@id":"https:\/\/www.pressenza.com\/es\/#organization","name":"Pressenza","url":"https:\/\/www.pressenza.com\/es\/","logo":{"@type":"ImageObject","inLanguage":"es","@id":"https:\/\/www.pressenza.com\/es\/#\/schema\/logo\/image\/","url":"https:\/\/www.pressenza.com\/wp-content\/uploads\/2022\/10\/pressenza_logo_200x200.jpg","contentUrl":"https:\/\/www.pressenza.com\/wp-content\/uploads\/2022\/10\/pressenza_logo_200x200.jpg","width":200,"height":200,"caption":"Pressenza"},"image":{"@id":"https:\/\/www.pressenza.com\/es\/#\/schema\/logo\/image\/"},"sameAs":["https:\/\/www.facebook.com\/PressenzaItalia","https:\/\/x.com\/PressenzaIPA"]},{"@type":"Person","@id":"https:\/\/www.pressenza.com\/es\/#\/schema\/person\/d7db40df35d6698ba69ba9ee260944ed","name":"Redacci\u00f3n Chile","description":"News from the Pressenza Bureau in Chile","sameAs":["https:\/\/www.facebook.com\/pressenza","https:\/\/x.com\/pressenza"],"url":"https:\/\/www.pressenza.com\/es\/author\/redaccion-chile\/"}]}},"place":"Santiago de Chile","original_article_url":"","_links":{"self":[{"href":"https:\/\/www.pressenza.com\/es\/wp-json\/wp\/v2\/posts\/1754416","targetHints":{"allow":["GET"]}}],"collection":[{"href":"https:\/\/www.pressenza.com\/es\/wp-json\/wp\/v2\/posts"}],"about":[{"href":"https:\/\/www.pressenza.com\/es\/wp-json\/wp\/v2\/types\/post"}],"author":[{"embeddable":true,"href":"https:\/\/www.pressenza.com\/es\/wp-json\/wp\/v2\/users\/43"}],"replies":[{"embeddable":true,"href":"https:\/\/www.pressenza.com\/es\/wp-json\/wp\/v2\/comments?post=1754416"}],"version-history":[{"count":0,"href":"https:\/\/www.pressenza.com\/es\/wp-json\/wp\/v2\/posts\/1754416\/revisions"}],"wp:featuredmedia":[{"embeddable":true,"href":"https:\/\/www.pressenza.com\/es\/wp-json\/wp\/v2\/media\/1754418"}],"wp:attachment":[{"href":"https:\/\/www.pressenza.com\/es\/wp-json\/wp\/v2\/media?parent=1754416"}],"wp:term":[{"taxonomy":"category","embeddable":true,"href":"https:\/\/www.pressenza.com\/es\/wp-json\/wp\/v2\/categories?post=1754416"},{"taxonomy":"post_tag","embeddable":true,"href":"https:\/\/www.pressenza.com\/es\/wp-json\/wp\/v2\/tags?post=1754416"}],"curies":[{"name":"wp","href":"https:\/\/api.w.org\/{rel}","templated":true}]}}